{"id":21200,"date":"2021-02-02T12:51:30","date_gmt":"2021-02-02T15:51:30","guid":{"rendered":"https:\/\/wpsandbox4.pante.com.br\/?p=21200"},"modified":"2021-02-02T12:51:30","modified_gmt":"2021-02-02T15:51:30","slug":"rodrigo-pacheco-e-o-novo-presidente-senado","status":"publish","type":"post","link":"https:\/\/uvbbrasil.com.br\/rodrigo-pacheco-e-o-novo-presidente-senado\/","title":{"rendered":"Rodrigo Pacheco \u00e9 o novo presidente do Senado"},"content":{"rendered":"<p>O senador Rodrigo Pacheco (DEM-MG) \u00e9 o novo presidente do Senado. Ele comandar\u00e1 o Congresso pelos pr\u00f3ximos dois anos, at\u00e9 fevereiro de 2023. Eleito com 57 votos, 16 a mais que os 41 necess\u00e1rios, Rodrigo Pacheco teve como concorrente a senadora Simone Tebet (MDB-MS), que obteve 21 votos. Os senadores Major Olimpio (PSL-SP), Jorge Kajuru (Cidadania-GO) e Lasier Martins (Podemos-RS) retiraram as candidaturas para apoiar a senadora.<\/p>\n<p>No seu primeiro pronunciamento como presidente, Rodrigo Pacheco refor\u00e7ou o que havia falado no seu discurso como candidato, em que defendeu a &#8220;pacifica\u00e7\u00e3o das rela\u00e7\u00f5es pol\u00edticas e institucionais&#8221;. Ele tamb\u00e9m reafirmou o compromisso com a independ\u00eancia do Senado, mas disse que trabalhar\u00e1 em prol da governabilidade, para que reformas e projetos de interesse da sociedade sejam aprovados.<\/p>\n<p>\u2014 Vamos atuar com vistas no trin\u00f4mio sa\u00fade p\u00fablica, desenvolvimento social e crescimento econ\u00f4mico, com o objetivo de preservar vidas humanas, socorrer os mais vulner\u00e1veis e gerar emprego e renda aos brasileiros. Urge livrar o Brasil dessa avassaladora e tr\u00e1gica pandemia, que j\u00e1 vitimou mais de 225 mil irm\u00e3os brasileiros \u2014 disse o novo presidente, que pediu o apoio dos demais senadores.<\/p>\n<p>Ele prometeu respeitar as opini\u00f5es divergentes e garantir os direitos da minoria, colocando em pauta projeto para a cria\u00e7\u00e3o de uma lideran\u00e7a da oposi\u00e7\u00e3o. Tamb\u00e9m se comprometeu a ouvir o Col\u00e9gio de L\u00edderes para elaborar a pauta do Senado e a ouvir todas as for\u00e7as pol\u00edticas e a trabalhar em conjunto com os demais Poderes.<\/p>\n<p>Ao cumprimentar Pacheco, o ex-presidente do Senado, Davi Alcolumbre(DEM-AP), reproduziu as palavras que ouviu do senador Jos\u00e9 Maranh\u00e3o (MDB-PB) durante a \u00faltima elei\u00e7\u00e3o para a presid\u00eancia do Senado, em 2019.\u00a0 Maranh\u00e3o est\u00e1 internado desde dezembro em raz\u00e3o de complica\u00e7\u00f5es decorrentes da covid-19.<\/p>\n<p>\u2014 Eu quero neste momento congratular-me com o senador Rodrigo Pacheco pela sua elei\u00e7\u00e3o \u00e0 presid\u00eancia do Senado da Rep\u00fablica, desejando-lhe todo o sucesso, todo o \u00eaxito, e lembrando a Vossa Excel\u00eancia que, agora, n\u00e3o existem mais tr\u00eas, quatro, cinco candidaturas. Existe o Senado da Rep\u00fablica e caber\u00e1 ao senador Rodrigo Pacheco conduzir esta Casa com equil\u00edbrio, altivez e independ\u00eancia em favor do Brasil \u2014 afirmou Davi.<\/p>\n<h3><b>Apoio<\/b><\/h3>\n<p>Rodrigo Pacheco recebeu o apoio formal de dez partidos: DEM, PT, PP, PL, PSD, PSC, PDT, Pros, Rede e Republicanos. Al\u00e9m disso, foi apoiado por parte do MDB, partido da senadora Simone Tebet. Ap\u00f3s ter anunciado o nome dela como candidata, o partido, que tem a maior bancada do Senado, retirou o compromisso e a senadora se lan\u00e7ou como candidata independente.<\/p>\n<p>Ao fazer seu pronunciamento e pedir os votos dos colegas, Simone Tebet (MDB-MS) defendeu a retomada da agenda de reformas estruturantes, especialmente a tribut\u00e1ria, para que haja crescimento com distribui\u00e7\u00e3o de renda. Ela tamb\u00e9m ressaltou o fato de ser a primeira mulher a disputar a presid\u00eancia da Casa e citou uma frase do seu pai, o ex-presidente do Senado Ramez Tebet, que morreu em 2006.<\/p>\n<p>\u2014 Vi e aprendi que uma disputa n\u00e3o se ganha elevando-se o tom, mais ou menos como o som de um berrante, mas com a for\u00e7a do argumento. O Congresso Nacional n\u00e3o \u00e9 a Casa do radicalismo. O Congresso Nacional \u00e9 a Casa dos grandes debates, do entendimento.<\/p>\n<p>Antes de anunciarem a desist\u00eancia das candidaturas para apoiar Simone Tebet, os senadores Jorge Kajuru, Lasier Martins e Major Ol\u00edmpio tamb\u00e9m se pronunciaram. Os pronunciamentos dos tr\u00eas foram marcados por cr\u00edticas \u00e0 condu\u00e7\u00e3o do Congresso por Davi Alcolumbre e \u00e0 interfer\u00eancia no processo de elei\u00e7\u00e3o do novo presidente.<\/p>\n<h3><b>Vota\u00e7\u00e3o<\/b><\/h3>\n<p>A elei\u00e7\u00e3o foi feita com voto secreto e presencial, com os votos de 78 senadores, j\u00e1 que tr\u00eas parlamentares estavam impossibilitados de comparecer. A vota\u00e7\u00e3o se deu por meio de c\u00e9dulas de papel inseridas em envelopes. Al\u00e9m das duas urnas dentro do Plen\u00e1rio, foram instaladas mais duas, uma no Sal\u00e3o Azul e uma na Chapelaria, destinadas aos senadores considerados do grupo de risco da covid-19 e aos que n\u00e3o se sentissem \u00e0 vontade para votar em plen\u00e1rio.<\/p>\n<p>A elei\u00e7\u00e3o dos novos membros da Mesa do Senado ser\u00e1 feita na ter\u00e7a-feira (2). No dia seguinte, ser\u00e1 a vez da sess\u00e3o solene de abertura do ano legislativo. A cerim\u00f4nia, conduzida pelas novas Mesas das duas Casas, marca a retomada das atividades do Poder Legislativo ap\u00f3s o recesso parlamentar. J\u00e1 para quinta-feira (4) Rodrigo Pacheco anunciou sess\u00e3o deliberativa para votar medidas provis\u00f3rias.<\/p>\n<h3><b>Perfil<\/b><\/h3>\n<p>O novo presidente do Senado tem 44 anos. Nascido em Porto Velho (RO), Pacheco cresceu em Passos (MG) junto \u00e0 m\u00e3e, Maria Imaculada Soares, que era professora estadual, e aos irm\u00e3os. Aos 15, mudou-se para Belo Horizonte (MG), onde concluiu a faculdade de direito pela Pontif\u00edcia Universidade Cat\u00f3lica de Minas Gerais (PUC Minas) e iniciou a carreira.<\/p>\n<p>Especialista em direito penal, ele foi o mais jovem conselheiro federal da Ordem dos Advogados do Brasil, entre 2013 e 2015.\u00a0Al\u00e9m disso, Pacheco foi auditor do Tribunal de Justi\u00e7a Desportiva do Estado de Minas Gerais e membro do Conselho de Criminologia e Pol\u00edtica Criminal do Estado de Minas Gerais.<\/p>\n<p>Em 2014, foi eleito deputado federal. Na C\u00e2mara dos Deputados, Pacheco presidiu a Comiss\u00e3o de Constitui\u00e7\u00e3o e Justi\u00e7a (CCJ). Em 2018, ele foi eleito senador, com 20,49% dos votos de seu estado, Minas Gerais.\u00a0No Senado, Pacheco foi vice-presidente da\u00a0Comiss\u00e3o de Transpar\u00eancia, Governan\u00e7a, Fiscaliza\u00e7\u00e3o e Controle e Defesa do Consumidor (CTFC) no\u00a0bi\u00eanio 2019-2020.\u00a0<a href=\"https:\/\/uvbbrasil.com.br\/?attachment_id=21201\" rel=\"attachment wp-att-21201\"><img fetchpriority=\"high\" decoding=\"async\" class=\"aligncenter size-full wp-image-21201\" src=\"https:\/\/uvbbrasil.com.br\/wp-content\/uploads\/2021\/02\/imagem_materia-3.jpg\" alt=\"\" width=\"860\" height=\"570\" srcset=\"https:\/\/uvbbrasil.com.br\/wp-content\/uploads\/2021\/02\/imagem_materia-3.jpg 860w, https:\/\/uvbbrasil.com.br\/wp-content\/uploads\/2021\/02\/imagem_materia-3-300x199.jpg 300w, https:\/\/uvbbrasil.com.br\/wp-content\/uploads\/2021\/02\/imagem_materia-3-768x509.jpg 768w\" sizes=\"(max-width: 860px) 100vw, 860px\" \/><\/a><\/p>\n<p><em>fonte:<\/em>\u00a0https:\/\/www12.senado.leg.br\/noticias\/materias<\/p>\n","protected":false},"excerpt":{"rendered":"<p>O senador Rodrigo Pacheco (DEM-MG) \u00e9 o novo presidente do Senado. Ele comandar\u00e1 o Congresso pelos pr\u00f3ximos dois anos, at\u00e9&#8230;<\/p>\n","protected":false},"author":1,"featured_media":21201,"comment_status":"open","ping_status":"open","sticky":false,"template":"","format":"standard","meta":{"footnotes":""},"categories":[3],"tags":[],"class_list":["post-21200","post","type-post","status-publish","format-standard","has-post-thumbnail","hentry","category-noticias"],"yoast_head":"<!-- This site is optimized with the Yoast SEO plugin v26.7 - https:\/\/yoast.com\/wordpress\/plugins\/seo\/ -->\n<title>Rodrigo Pacheco \u00e9 o novo presidente do Senado - UVB Brasil<\/title>\n<meta name=\"robots\" content=\"index, follow, max-snippet:-1, max-image-preview:large, max-video-preview:-1\" \/>\n<link rel=\"canonical\" href=\"https:\/\/uvbbrasil.com.br\/rodrigo-pacheco-e-o-novo-presidente-senado\/\" \/>\n<meta property=\"og:locale\" content=\"pt_BR\" \/>\n<meta property=\"og:type\" content=\"article\" \/>\n<meta property=\"og:title\" content=\"Rodrigo Pacheco \u00e9 o novo presidente do Senado - UVB Brasil\" \/>\n<meta property=\"og:description\" content=\"O senador Rodrigo Pacheco (DEM-MG) \u00e9 o novo presidente do Senado. Ele comandar\u00e1 o Congresso pelos pr\u00f3ximos dois anos, at\u00e9...\" \/>\n<meta property=\"og:url\" content=\"https:\/\/uvbbrasil.com.br\/rodrigo-pacheco-e-o-novo-presidente-senado\/\" \/>\n<meta property=\"og:site_name\" content=\"UVB Brasil\" \/>\n<meta property=\"article:publisher\" content=\"https:\/\/www.facebook.com\/uvb.vereadoresbrasil\" \/>\n<meta property=\"article:published_time\" content=\"2021-02-02T15:51:30+00:00\" \/>\n<meta property=\"og:image\" content=\"https:\/\/uvbbrasil.com.br\/wp-content\/uploads\/2021\/02\/imagem_materia-3.jpg\" \/>\n\t<meta property=\"og:image:width\" content=\"860\" \/>\n\t<meta property=\"og:image:height\" content=\"570\" \/>\n\t<meta property=\"og:image:type\" content=\"image\/jpeg\" \/>\n<meta name=\"author\" content=\"adminuvb\" \/>\n<meta name=\"twitter:card\" content=\"summary_large_image\" \/>\n<meta name=\"twitter:label1\" content=\"Escrito por\" \/>\n\t<meta name=\"twitter:data1\" content=\"adminuvb\" \/>\n\t<meta name=\"twitter:label2\" content=\"Est. tempo de leitura\" \/>\n\t<meta name=\"twitter:data2\" content=\"5 minutos\" \/>\n<script type=\"application\/ld+json\" class=\"yoast-schema-graph\">{\"@context\":\"https:\/\/schema.org\",\"@graph\":[{\"@type\":\"Article\",\"@id\":\"https:\/\/uvbbrasil.com.br\/rodrigo-pacheco-e-o-novo-presidente-senado\/#article\",\"isPartOf\":{\"@id\":\"https:\/\/uvbbrasil.com.br\/rodrigo-pacheco-e-o-novo-presidente-senado\/\"},\"author\":{\"name\":\"adminuvb\",\"@id\":\"https:\/\/uvbbrasil.com.br\/#\/schema\/person\/17990098446c098f52effddff4f1b272\"},\"headline\":\"Rodrigo Pacheco \u00e9 o novo presidente do Senado\",\"datePublished\":\"2021-02-02T15:51:30+00:00\",\"mainEntityOfPage\":{\"@id\":\"https:\/\/uvbbrasil.com.br\/rodrigo-pacheco-e-o-novo-presidente-senado\/\"},\"wordCount\":951,\"commentCount\":0,\"publisher\":{\"@id\":\"https:\/\/uvbbrasil.com.br\/#organization\"},\"image\":{\"@id\":\"https:\/\/uvbbrasil.com.br\/rodrigo-pacheco-e-o-novo-presidente-senado\/#primaryimage\"},\"thumbnailUrl\":\"https:\/\/uvbbrasil.com.br\/wp-content\/uploads\/2021\/02\/imagem_materia-3.jpg\",\"articleSection\":[\"NOT\u00cdCIAS\"],\"inLanguage\":\"pt-BR\",\"potentialAction\":[{\"@type\":\"CommentAction\",\"name\":\"Comment\",\"target\":[\"https:\/\/uvbbrasil.com.br\/rodrigo-pacheco-e-o-novo-presidente-senado\/#respond\"]}]},{\"@type\":\"WebPage\",\"@id\":\"https:\/\/uvbbrasil.com.br\/rodrigo-pacheco-e-o-novo-presidente-senado\/\",\"url\":\"https:\/\/uvbbrasil.com.br\/rodrigo-pacheco-e-o-novo-presidente-senado\/\",\"name\":\"Rodrigo Pacheco \u00e9 o novo presidente do Senado - UVB Brasil\",\"isPartOf\":{\"@id\":\"https:\/\/uvbbrasil.com.br\/#website\"},\"primaryImageOfPage\":{\"@id\":\"https:\/\/uvbbrasil.com.br\/rodrigo-pacheco-e-o-novo-presidente-senado\/#primaryimage\"},\"image\":{\"@id\":\"https:\/\/uvbbrasil.com.br\/rodrigo-pacheco-e-o-novo-presidente-senado\/#primaryimage\"},\"thumbnailUrl\":\"https:\/\/uvbbrasil.com.br\/wp-content\/uploads\/2021\/02\/imagem_materia-3.jpg\",\"datePublished\":\"2021-02-02T15:51:30+00:00\",\"breadcrumb\":{\"@id\":\"https:\/\/uvbbrasil.com.br\/rodrigo-pacheco-e-o-novo-presidente-senado\/#breadcrumb\"},\"inLanguage\":\"pt-BR\",\"potentialAction\":[{\"@type\":\"ReadAction\",\"target\":[\"https:\/\/uvbbrasil.com.br\/rodrigo-pacheco-e-o-novo-presidente-senado\/\"]}]},{\"@type\":\"ImageObject\",\"inLanguage\":\"pt-BR\",\"@id\":\"https:\/\/uvbbrasil.com.br\/rodrigo-pacheco-e-o-novo-presidente-senado\/#primaryimage\",\"url\":\"https:\/\/uvbbrasil.com.br\/wp-content\/uploads\/2021\/02\/imagem_materia-3.jpg\",\"contentUrl\":\"https:\/\/uvbbrasil.com.br\/wp-content\/uploads\/2021\/02\/imagem_materia-3.jpg\",\"width\":860,\"height\":570},{\"@type\":\"BreadcrumbList\",\"@id\":\"https:\/\/uvbbrasil.com.br\/rodrigo-pacheco-e-o-novo-presidente-senado\/#breadcrumb\",\"itemListElement\":[{\"@type\":\"ListItem\",\"position\":1,\"name\":\"In\u00edcio\",\"item\":\"https:\/\/uvbbrasil.com.br\/\"},{\"@type\":\"ListItem\",\"position\":2,\"name\":\"Rodrigo Pacheco \u00e9 o novo presidente do Senado\"}]},{\"@type\":\"WebSite\",\"@id\":\"https:\/\/uvbbrasil.com.br\/#website\",\"url\":\"https:\/\/uvbbrasil.com.br\/\",\"name\":\"UVB Brasil\",\"description\":\"Uni\u00e3o dos Vereadores do Brasil\",\"publisher\":{\"@id\":\"https:\/\/uvbbrasil.com.br\/#organization\"},\"potentialAction\":[{\"@type\":\"SearchAction\",\"target\":{\"@type\":\"EntryPoint\",\"urlTemplate\":\"https:\/\/uvbbrasil.com.br\/?s={search_term_string}\"},\"query-input\":{\"@type\":\"PropertyValueSpecification\",\"valueRequired\":true,\"valueName\":\"search_term_string\"}}],\"inLanguage\":\"pt-BR\"},{\"@type\":\"Organization\",\"@id\":\"https:\/\/uvbbrasil.com.br\/#organization\",\"name\":\"UVB Brasil\",\"url\":\"https:\/\/uvbbrasil.com.br\/\",\"logo\":{\"@type\":\"ImageObject\",\"inLanguage\":\"pt-BR\",\"@id\":\"https:\/\/uvbbrasil.com.br\/#\/schema\/logo\/image\/\",\"url\":\"https:\/\/uvbbrasil.com.br\/wp-content\/uploads\/2025\/01\/LOGO-UVB-2024-azul-1.jpg\",\"contentUrl\":\"https:\/\/uvbbrasil.com.br\/wp-content\/uploads\/2025\/01\/LOGO-UVB-2024-azul-1.jpg\",\"width\":600,\"height\":211,\"caption\":\"UVB Brasil\"},\"image\":{\"@id\":\"https:\/\/uvbbrasil.com.br\/#\/schema\/logo\/image\/\"},\"sameAs\":[\"https:\/\/www.facebook.com\/uvb.vereadoresbrasil\",\"https:\/\/www.instagram.com\/uvbbrasil\/\",\"https:\/\/www.youtube.com\/channel\/UCIlPQ8Xzw5GHNzosQIg9S5A\"]},{\"@type\":\"Person\",\"@id\":\"https:\/\/uvbbrasil.com.br\/#\/schema\/person\/17990098446c098f52effddff4f1b272\",\"name\":\"adminuvb\",\"image\":{\"@type\":\"ImageObject\",\"inLanguage\":\"pt-BR\",\"@id\":\"https:\/\/uvbbrasil.com.br\/#\/schema\/person\/image\/\",\"url\":\"https:\/\/secure.gravatar.com\/avatar\/1a494ea6f8e2dd1ae526e55b0e9497efdba542491e0620d704cccf63c6f77c45?s=96&d=mm&r=g\",\"contentUrl\":\"https:\/\/secure.gravatar.com\/avatar\/1a494ea6f8e2dd1ae526e55b0e9497efdba542491e0620d704cccf63c6f77c45?s=96&d=mm&r=g\",\"caption\":\"adminuvb\"},\"sameAs\":[\"https:\/\/uvbbrasil.com.br\"],\"url\":\"https:\/\/uvbbrasil.com.br\/author\/adminuvb\/\"}]}<\/script>\n<!-- \/ Yoast SEO plugin. -->","yoast_head_json":{"title":"Rodrigo Pacheco \u00e9 o novo presidente do Senado - UVB Brasil","robots":{"index":"index","follow":"follow","max-snippet":"max-snippet:-1","max-image-preview":"max-image-preview:large","max-video-preview":"max-video-preview:-1"},"canonical":"https:\/\/uvbbrasil.com.br\/rodrigo-pacheco-e-o-novo-presidente-senado\/","og_locale":"pt_BR","og_type":"article","og_title":"Rodrigo Pacheco \u00e9 o novo presidente do Senado - UVB Brasil","og_description":"O senador Rodrigo Pacheco (DEM-MG) \u00e9 o novo presidente do Senado. Ele comandar\u00e1 o Congresso pelos pr\u00f3ximos dois anos, at\u00e9...","og_url":"https:\/\/uvbbrasil.com.br\/rodrigo-pacheco-e-o-novo-presidente-senado\/","og_site_name":"UVB Brasil","article_publisher":"https:\/\/www.facebook.com\/uvb.vereadoresbrasil","article_published_time":"2021-02-02T15:51:30+00:00","og_image":[{"width":860,"height":570,"url":"https:\/\/uvbbrasil.com.br\/wp-content\/uploads\/2021\/02\/imagem_materia-3.jpg","type":"image\/jpeg"}],"author":"adminuvb","twitter_card":"summary_large_image","twitter_misc":{"Escrito por":"adminuvb","Est. tempo de leitura":"5 minutos"},"schema":{"@context":"https:\/\/schema.org","@graph":[{"@type":"Article","@id":"https:\/\/uvbbrasil.com.br\/rodrigo-pacheco-e-o-novo-presidente-senado\/#article","isPartOf":{"@id":"https:\/\/uvbbrasil.com.br\/rodrigo-pacheco-e-o-novo-presidente-senado\/"},"author":{"name":"adminuvb","@id":"https:\/\/uvbbrasil.com.br\/#\/schema\/person\/17990098446c098f52effddff4f1b272"},"headline":"Rodrigo Pacheco \u00e9 o novo presidente do Senado","datePublished":"2021-02-02T15:51:30+00:00","mainEntityOfPage":{"@id":"https:\/\/uvbbrasil.com.br\/rodrigo-pacheco-e-o-novo-presidente-senado\/"},"wordCount":951,"commentCount":0,"publisher":{"@id":"https:\/\/uvbbrasil.com.br\/#organization"},"image":{"@id":"https:\/\/uvbbrasil.com.br\/rodrigo-pacheco-e-o-novo-presidente-senado\/#primaryimage"},"thumbnailUrl":"https:\/\/uvbbrasil.com.br\/wp-content\/uploads\/2021\/02\/imagem_materia-3.jpg","articleSection":["NOT\u00cdCIAS"],"inLanguage":"pt-BR","potentialAction":[{"@type":"CommentAction","name":"Comment","target":["https:\/\/uvbbrasil.com.br\/rodrigo-pacheco-e-o-novo-presidente-senado\/#respond"]}]},{"@type":"WebPage","@id":"https:\/\/uvbbrasil.com.br\/rodrigo-pacheco-e-o-novo-presidente-senado\/","url":"https:\/\/uvbbrasil.com.br\/rodrigo-pacheco-e-o-novo-presidente-senado\/","name":"Rodrigo Pacheco \u00e9 o novo presidente do Senado - UVB Brasil","isPartOf":{"@id":"https:\/\/uvbbrasil.com.br\/#website"},"primaryImageOfPage":{"@id":"https:\/\/uvbbrasil.com.br\/rodrigo-pacheco-e-o-novo-presidente-senado\/#primaryimage"},"image":{"@id":"https:\/\/uvbbrasil.com.br\/rodrigo-pacheco-e-o-novo-presidente-senado\/#primaryimage"},"thumbnailUrl":"https:\/\/uvbbrasil.com.br\/wp-content\/uploads\/2021\/02\/imagem_materia-3.jpg","datePublished":"2021-02-02T15:51:30+00:00","breadcrumb":{"@id":"https:\/\/uvbbrasil.com.br\/rodrigo-pacheco-e-o-novo-presidente-senado\/#breadcrumb"},"inLanguage":"pt-BR","potentialAction":[{"@type":"ReadAction","target":["https:\/\/uvbbrasil.com.br\/rodrigo-pacheco-e-o-novo-presidente-senado\/"]}]},{"@type":"ImageObject","inLanguage":"pt-BR","@id":"https:\/\/uvbbrasil.com.br\/rodrigo-pacheco-e-o-novo-presidente-senado\/#primaryimage","url":"https:\/\/uvbbrasil.com.br\/wp-content\/uploads\/2021\/02\/imagem_materia-3.jpg","contentUrl":"https:\/\/uvbbrasil.com.br\/wp-content\/uploads\/2021\/02\/imagem_materia-3.jpg","width":860,"height":570},{"@type":"BreadcrumbList","@id":"https:\/\/uvbbrasil.com.br\/rodrigo-pacheco-e-o-novo-presidente-senado\/#breadcrumb","itemListElement":[{"@type":"ListItem","position":1,"name":"In\u00edcio","item":"https:\/\/uvbbrasil.com.br\/"},{"@type":"ListItem","position":2,"name":"Rodrigo Pacheco \u00e9 o novo presidente do Senado"}]},{"@type":"WebSite","@id":"https:\/\/uvbbrasil.com.br\/#website","url":"https:\/\/uvbbrasil.com.br\/","name":"UVB Brasil","description":"Uni\u00e3o dos Vereadores do Brasil","publisher":{"@id":"https:\/\/uvbbrasil.com.br\/#organization"},"potentialAction":[{"@type":"SearchAction","target":{"@type":"EntryPoint","urlTemplate":"https:\/\/uvbbrasil.com.br\/?s={search_term_string}"},"query-input":{"@type":"PropertyValueSpecification","valueRequired":true,"valueName":"search_term_string"}}],"inLanguage":"pt-BR"},{"@type":"Organization","@id":"https:\/\/uvbbrasil.com.br\/#organization","name":"UVB Brasil","url":"https:\/\/uvbbrasil.com.br\/","logo":{"@type":"ImageObject","inLanguage":"pt-BR","@id":"https:\/\/uvbbrasil.com.br\/#\/schema\/logo\/image\/","url":"https:\/\/uvbbrasil.com.br\/wp-content\/uploads\/2025\/01\/LOGO-UVB-2024-azul-1.jpg","contentUrl":"https:\/\/uvbbrasil.com.br\/wp-content\/uploads\/2025\/01\/LOGO-UVB-2024-azul-1.jpg","width":600,"height":211,"caption":"UVB Brasil"},"image":{"@id":"https:\/\/uvbbrasil.com.br\/#\/schema\/logo\/image\/"},"sameAs":["https:\/\/www.facebook.com\/uvb.vereadoresbrasil","https:\/\/www.instagram.com\/uvbbrasil\/","https:\/\/www.youtube.com\/channel\/UCIlPQ8Xzw5GHNzosQIg9S5A"]},{"@type":"Person","@id":"https:\/\/uvbbrasil.com.br\/#\/schema\/person\/17990098446c098f52effddff4f1b272","name":"adminuvb","image":{"@type":"ImageObject","inLanguage":"pt-BR","@id":"https:\/\/uvbbrasil.com.br\/#\/schema\/person\/image\/","url":"https:\/\/secure.gravatar.com\/avatar\/1a494ea6f8e2dd1ae526e55b0e9497efdba542491e0620d704cccf63c6f77c45?s=96&d=mm&r=g","contentUrl":"https:\/\/secure.gravatar.com\/avatar\/1a494ea6f8e2dd1ae526e55b0e9497efdba542491e0620d704cccf63c6f77c45?s=96&d=mm&r=g","caption":"adminuvb"},"sameAs":["https:\/\/uvbbrasil.com.br"],"url":"https:\/\/uvbbrasil.com.br\/author\/adminuvb\/"}]}},"_links":{"self":[{"href":"https:\/\/uvbbrasil.com.br\/uvb-json\/wp\/v2\/posts\/21200","targetHints":{"allow":["GET"]}}],"collection":[{"href":"https:\/\/uvbbrasil.com.br\/uvb-json\/wp\/v2\/posts"}],"about":[{"href":"https:\/\/uvbbrasil.com.br\/uvb-json\/wp\/v2\/types\/post"}],"author":[{"embeddable":true,"href":"https:\/\/uvbbrasil.com.br\/uvb-json\/wp\/v2\/users\/1"}],"replies":[{"embeddable":true,"href":"https:\/\/uvbbrasil.com.br\/uvb-json\/wp\/v2\/comments?post=21200"}],"version-history":[{"count":0,"href":"https:\/\/uvbbrasil.com.br\/uvb-json\/wp\/v2\/posts\/21200\/revisions"}],"wp:featuredmedia":[{"embeddable":true,"href":"https:\/\/uvbbrasil.com.br\/uvb-json\/wp\/v2\/media\/21201"}],"wp:attachment":[{"href":"https:\/\/uvbbrasil.com.br\/uvb-json\/wp\/v2\/media?parent=21200"}],"wp:term":[{"taxonomy":"category","embeddable":true,"href":"https:\/\/uvbbrasil.com.br\/uvb-json\/wp\/v2\/categories?post=21200"},{"taxonomy":"post_tag","embeddable":true,"href":"https:\/\/uvbbrasil.com.br\/uvb-json\/wp\/v2\/tags?post=21200"}],"curies":[{"name":"wp","href":"https:\/\/api.w.org\/{rel}","templated":true}]}}