{"id":21127,"date":"2021-01-23T14:27:06","date_gmt":"2021-01-23T17:27:06","guid":{"rendered":"https:\/\/wpsandbox4.pante.com.br\/?p=21127"},"modified":"2021-01-23T14:27:06","modified_gmt":"2021-01-23T17:27:06","slug":"morre-carlos-manhanelli-presidente-da-associacao-brasileira-de-consultores-politicos","status":"publish","type":"post","link":"https:\/\/uvbbrasil.com.br\/morre-carlos-manhanelli-presidente-da-associacao-brasileira-de-consultores-politicos\/","title":{"rendered":"Morre Carlos Manhanelli presidente da Associa\u00e7\u00e3o Brasileira de Consultores Pol\u00edticos"},"content":{"rendered":"<p>O jornalista Carlos Augusto Manhanelli foi mais uma v\u00edtima da Covid-19 no Brasil. Ele faleceu neste s\u00e1bado, em S\u00e3o Paulo, ap\u00f3s complica\u00e7\u00f5es da doen\u00e7a. Carlos Manhanelli foi ex-diretor da TV Timon na d\u00e9cada de 80 e in\u00edcio dos anos 90.<\/p>\n<p>Manhaneli era publicit\u00e1rio, jornalista, radialista, administrador de empresas com especializa\u00e7\u00e3o em Propaganda e Marketing pela ESPM, MBA em Marketing pela USP, p\u00f3s-graduado em Ci\u00eancia Pol\u00edtica pela Funda\u00e7\u00e3o Escola de Sociologia e Pol\u00edtica de S\u00e3o Paulo e Mestre em Comunica\u00e7\u00e3o Social pela Universidade Metodista de S\u00e3o Paulo.<\/p>\n<p>Atualmente era diretor da Manhanelli &amp; Associados e coordenava campanhas eleitorais em todo o pa\u00eds. \u00c9 autor dos livros Estrat\u00e9gias Eleitorais \u2013 Marketing pol\u00edtico, Elei\u00e7\u00e3o \u00e9 Guerra \u2013 Marketing para campanhas eleitorais e Marketing P\u00f3s-eleitoral.<\/p>\n<p>Ele tamb\u00e9m j\u00e1 foi eleito pelos leitores da revista americana \u201cCampaigns &amp; Elections\u201d, como um dos melhores consultores pol\u00edticos da Ibero &#8211; Am\u00e9rica, fazendo parte do seu &#8220;Hall da Fama&#8221;.<\/p>\n<p>Professor no curso &#8220;Gerenciamiento de Campa\u00f1as Electorales&#8221; do Instituto Ortega y Gasset e do &#8220;M\u00e1ster en Asesoramiento de Imagen y Consultor\u00eda Pol\u00edtica (MAICOP)&#8221; da Universidad Camilo Jos\u00e9 Cella, ambas em Madrid &#8211; Espanha.<\/p>\n<p>A Uni\u00e3o dos Vereadores do Brasil &#8211; UVB, lamenta profundamente a morte de Manhanelli que era um dos\u00a0palestrantes da UVB, tendo participado de diversos Encontros Nacionais de Legislativos por v\u00e1rios estados do pa\u00eds\u00a0e no Distrito Federal.<\/p>\n<p>Em dezembro de 2019, Carlos Manhanelli foi homenageado pela Uni\u00e3o dos Vereadores do Brasil, com a Medalha Top Legislativo. O presidente da UVB, Gilson Conzatti, manifestou sua homenagem nas suas redes sociais: <em>&#8220;Perdemos muito mais do que um mestre, perdemos um amigo e um irm\u00e3o conselheiro fraterno, que ir\u00e1 fazer muita falta deixando um vazio em nossos cora\u00e7\u00f5es. Saudades professor.&#8221; Que Deus conforte a fam\u00edlia e amigos.<a href=\"https:\/\/uvbbrasil.com.br\/?attachment_id=17123\" rel=\"attachment wp-att-17123\"><img fetchpriority=\"high\" decoding=\"async\" class=\"aligncenter size-full wp-image-17123\" src=\"https:\/\/uvbbrasil.com.br\/wp-content\/uploads\/2019\/12\/gil.jpeg\" alt=\"\" width=\"1280\" height=\"872\" srcset=\"https:\/\/uvbbrasil.com.br\/wp-content\/uploads\/2019\/12\/gil.jpeg 1280w, https:\/\/uvbbrasil.com.br\/wp-content\/uploads\/2019\/12\/gil-300x204.jpeg 300w, https:\/\/uvbbrasil.com.br\/wp-content\/uploads\/2019\/12\/gil-1024x698.jpeg 1024w, https:\/\/uvbbrasil.com.br\/wp-content\/uploads\/2019\/12\/gil-768x523.jpeg 768w\" sizes=\"(max-width: 1280px) 100vw, 1280px\" \/><\/a> <a href=\"https:\/\/uvbbrasil.com.br\/?attachment_id=21128\" rel=\"attachment wp-att-21128\"><img decoding=\"async\" class=\"aligncenter size-full wp-image-21128\" src=\"https:\/\/uvbbrasil.com.br\/wp-content\/uploads\/2021\/01\/manhanelli-2.jpg\" alt=\"\" width=\"719\" height=\"1280\" srcset=\"https:\/\/uvbbrasil.com.br\/wp-content\/uploads\/2021\/01\/manhanelli-2.jpg 719w, https:\/\/uvbbrasil.com.br\/wp-content\/uploads\/2021\/01\/manhanelli-2-169x300.jpg 169w, https:\/\/uvbbrasil.com.br\/wp-content\/uploads\/2021\/01\/manhanelli-2-575x1024.jpg 575w\" sizes=\"(max-width: 719px) 100vw, 719px\" \/><\/a><a href=\"https:\/\/uvbbrasil.com.br\/?attachment_id=21129\" rel=\"attachment wp-att-21129\"><img decoding=\"async\" class=\"aligncenter size-full wp-image-21129\" src=\"https:\/\/uvbbrasil.com.br\/wp-content\/uploads\/2021\/01\/manhanelli-3.jpg\" alt=\"\" width=\"1050\" height=\"1280\" srcset=\"https:\/\/uvbbrasil.com.br\/wp-content\/uploads\/2021\/01\/manhanelli-3.jpg 1050w, https:\/\/uvbbrasil.com.br\/wp-content\/uploads\/2021\/01\/manhanelli-3-246x300.jpg 246w, https:\/\/uvbbrasil.com.br\/wp-content\/uploads\/2021\/01\/manhanelli-3-840x1024.jpg 840w, https:\/\/uvbbrasil.com.br\/wp-content\/uploads\/2021\/01\/manhanelli-3-768x936.jpg 768w\" sizes=\"(max-width: 1050px) 100vw, 1050px\" \/><\/a><a href=\"https:\/\/uvbbrasil.com.br\/?attachment_id=21130\" rel=\"attachment wp-att-21130\"><img loading=\"lazy\" decoding=\"async\" class=\"aligncenter size-full wp-image-21130\" src=\"https:\/\/uvbbrasil.com.br\/wp-content\/uploads\/2021\/01\/manhanelli.jpg\" alt=\"\" width=\"1080\" height=\"796\" srcset=\"https:\/\/uvbbrasil.com.br\/wp-content\/uploads\/2021\/01\/manhanelli.jpg 1080w, https:\/\/uvbbrasil.com.br\/wp-content\/uploads\/2021\/01\/manhanelli-300x221.jpg 300w, https:\/\/uvbbrasil.com.br\/wp-content\/uploads\/2021\/01\/manhanelli-1024x755.jpg 1024w, https:\/\/uvbbrasil.com.br\/wp-content\/uploads\/2021\/01\/manhanelli-768x566.jpg 768w\" sizes=\"(max-width: 1080px) 100vw, 1080px\" \/><\/a><\/em><\/p>\n<p>&nbsp;<\/p>\n<p>&nbsp;<\/p>\n<p>&nbsp;<\/p>\n","protected":false},"excerpt":{"rendered":"<p>O jornalista Carlos Augusto Manhanelli foi mais uma v\u00edtima da Covid-19 no Brasil. Ele faleceu neste s\u00e1bado, em S\u00e3o Paulo,&#8230;<\/p>\n","protected":false},"author":1,"featured_media":17139,"comment_status":"open","ping_status":"open","sticky":false,"template":"","format":"standard","meta":{"footnotes":""},"categories":[3],"tags":[],"class_list":["post-21127","post","type-post","status-publish","format-standard","has-post-thumbnail","hentry","category-noticias"],"yoast_head":"<!-- This site is optimized with the Yoast SEO plugin v26.7 - https:\/\/yoast.com\/wordpress\/plugins\/seo\/ -->\n<title>Morre Carlos Manhanelli presidente da Associa\u00e7\u00e3o Brasileira de Consultores Pol\u00edticos - UVB Brasil<\/title>\n<meta name=\"robots\" content=\"index, follow, max-snippet:-1, max-image-preview:large, max-video-preview:-1\" \/>\n<link rel=\"canonical\" href=\"https:\/\/uvbbrasil.com.br\/morre-carlos-manhanelli-presidente-da-associacao-brasileira-de-consultores-politicos\/\" \/>\n<meta property=\"og:locale\" content=\"pt_BR\" \/>\n<meta property=\"og:type\" content=\"article\" \/>\n<meta property=\"og:title\" content=\"Morre Carlos Manhanelli presidente da Associa\u00e7\u00e3o Brasileira de Consultores Pol\u00edticos - UVB Brasil\" \/>\n<meta property=\"og:description\" content=\"O jornalista Carlos Augusto Manhanelli foi mais uma v\u00edtima da Covid-19 no Brasil. Ele faleceu neste s\u00e1bado, em S\u00e3o Paulo,...\" \/>\n<meta property=\"og:url\" content=\"https:\/\/uvbbrasil.com.br\/morre-carlos-manhanelli-presidente-da-associacao-brasileira-de-consultores-politicos\/\" \/>\n<meta property=\"og:site_name\" content=\"UVB Brasil\" \/>\n<meta property=\"article:publisher\" content=\"https:\/\/www.facebook.com\/uvb.vereadoresbrasil\" \/>\n<meta property=\"article:published_time\" content=\"2021-01-23T17:27:06+00:00\" \/>\n<meta property=\"og:image\" content=\"https:\/\/uvbbrasil.com.br\/wp-content\/uploads\/2019\/12\/carlos2.jpeg\" \/>\n\t<meta property=\"og:image:width\" content=\"605\" \/>\n\t<meta property=\"og:image:height\" content=\"1280\" \/>\n\t<meta property=\"og:image:type\" content=\"image\/jpeg\" \/>\n<meta name=\"author\" content=\"adminuvb\" \/>\n<meta name=\"twitter:card\" content=\"summary_large_image\" \/>\n<meta name=\"twitter:label1\" content=\"Escrito por\" \/>\n\t<meta name=\"twitter:data1\" content=\"adminuvb\" \/>\n\t<meta name=\"twitter:label2\" content=\"Est. tempo de leitura\" \/>\n\t<meta name=\"twitter:data2\" content=\"2 minutos\" \/>\n<script type=\"application\/ld+json\" class=\"yoast-schema-graph\">{\"@context\":\"https:\/\/schema.org\",\"@graph\":[{\"@type\":\"Article\",\"@id\":\"https:\/\/uvbbrasil.com.br\/morre-carlos-manhanelli-presidente-da-associacao-brasileira-de-consultores-politicos\/#article\",\"isPartOf\":{\"@id\":\"https:\/\/uvbbrasil.com.br\/morre-carlos-manhanelli-presidente-da-associacao-brasileira-de-consultores-politicos\/\"},\"author\":{\"name\":\"adminuvb\",\"@id\":\"https:\/\/uvbbrasil.com.br\/#\/schema\/person\/17990098446c098f52effddff4f1b272\"},\"headline\":\"Morre Carlos Manhanelli presidente da Associa\u00e7\u00e3o Brasileira de Consultores Pol\u00edticos\",\"datePublished\":\"2021-01-23T17:27:06+00:00\",\"mainEntityOfPage\":{\"@id\":\"https:\/\/uvbbrasil.com.br\/morre-carlos-manhanelli-presidente-da-associacao-brasileira-de-consultores-politicos\/\"},\"wordCount\":334,\"commentCount\":0,\"publisher\":{\"@id\":\"https:\/\/uvbbrasil.com.br\/#organization\"},\"image\":{\"@id\":\"https:\/\/uvbbrasil.com.br\/morre-carlos-manhanelli-presidente-da-associacao-brasileira-de-consultores-politicos\/#primaryimage\"},\"thumbnailUrl\":\"https:\/\/uvbbrasil.com.br\/wp-content\/uploads\/2019\/12\/carlos2.jpeg\",\"articleSection\":[\"NOT\u00cdCIAS\"],\"inLanguage\":\"pt-BR\",\"potentialAction\":[{\"@type\":\"CommentAction\",\"name\":\"Comment\",\"target\":[\"https:\/\/uvbbrasil.com.br\/morre-carlos-manhanelli-presidente-da-associacao-brasileira-de-consultores-politicos\/#respond\"]}]},{\"@type\":\"WebPage\",\"@id\":\"https:\/\/uvbbrasil.com.br\/morre-carlos-manhanelli-presidente-da-associacao-brasileira-de-consultores-politicos\/\",\"url\":\"https:\/\/uvbbrasil.com.br\/morre-carlos-manhanelli-presidente-da-associacao-brasileira-de-consultores-politicos\/\",\"name\":\"Morre Carlos Manhanelli presidente da Associa\u00e7\u00e3o Brasileira de Consultores Pol\u00edticos - UVB Brasil\",\"isPartOf\":{\"@id\":\"https:\/\/uvbbrasil.com.br\/#website\"},\"primaryImageOfPage\":{\"@id\":\"https:\/\/uvbbrasil.com.br\/morre-carlos-manhanelli-presidente-da-associacao-brasileira-de-consultores-politicos\/#primaryimage\"},\"image\":{\"@id\":\"https:\/\/uvbbrasil.com.br\/morre-carlos-manhanelli-presidente-da-associacao-brasileira-de-consultores-politicos\/#primaryimage\"},\"thumbnailUrl\":\"https:\/\/uvbbrasil.com.br\/wp-content\/uploads\/2019\/12\/carlos2.jpeg\",\"datePublished\":\"2021-01-23T17:27:06+00:00\",\"breadcrumb\":{\"@id\":\"https:\/\/uvbbrasil.com.br\/morre-carlos-manhanelli-presidente-da-associacao-brasileira-de-consultores-politicos\/#breadcrumb\"},\"inLanguage\":\"pt-BR\",\"potentialAction\":[{\"@type\":\"ReadAction\",\"target\":[\"https:\/\/uvbbrasil.com.br\/morre-carlos-manhanelli-presidente-da-associacao-brasileira-de-consultores-politicos\/\"]}]},{\"@type\":\"ImageObject\",\"inLanguage\":\"pt-BR\",\"@id\":\"https:\/\/uvbbrasil.com.br\/morre-carlos-manhanelli-presidente-da-associacao-brasileira-de-consultores-politicos\/#primaryimage\",\"url\":\"https:\/\/uvbbrasil.com.br\/wp-content\/uploads\/2019\/12\/carlos2.jpeg\",\"contentUrl\":\"https:\/\/uvbbrasil.com.br\/wp-content\/uploads\/2019\/12\/carlos2.jpeg\",\"width\":605,\"height\":1280},{\"@type\":\"BreadcrumbList\",\"@id\":\"https:\/\/uvbbrasil.com.br\/morre-carlos-manhanelli-presidente-da-associacao-brasileira-de-consultores-politicos\/#breadcrumb\",\"itemListElement\":[{\"@type\":\"ListItem\",\"position\":1,\"name\":\"In\u00edcio\",\"item\":\"https:\/\/uvbbrasil.com.br\/\"},{\"@type\":\"ListItem\",\"position\":2,\"name\":\"Morre Carlos Manhanelli presidente da Associa\u00e7\u00e3o Brasileira de Consultores Pol\u00edticos\"}]},{\"@type\":\"WebSite\",\"@id\":\"https:\/\/uvbbrasil.com.br\/#website\",\"url\":\"https:\/\/uvbbrasil.com.br\/\",\"name\":\"UVB Brasil\",\"description\":\"Uni\u00e3o dos Vereadores do Brasil\",\"publisher\":{\"@id\":\"https:\/\/uvbbrasil.com.br\/#organization\"},\"potentialAction\":[{\"@type\":\"SearchAction\",\"target\":{\"@type\":\"EntryPoint\",\"urlTemplate\":\"https:\/\/uvbbrasil.com.br\/?s={search_term_string}\"},\"query-input\":{\"@type\":\"PropertyValueSpecification\",\"valueRequired\":true,\"valueName\":\"search_term_string\"}}],\"inLanguage\":\"pt-BR\"},{\"@type\":\"Organization\",\"@id\":\"https:\/\/uvbbrasil.com.br\/#organization\",\"name\":\"UVB Brasil\",\"url\":\"https:\/\/uvbbrasil.com.br\/\",\"logo\":{\"@type\":\"ImageObject\",\"inLanguage\":\"pt-BR\",\"@id\":\"https:\/\/uvbbrasil.com.br\/#\/schema\/logo\/image\/\",\"url\":\"https:\/\/uvbbrasil.com.br\/wp-content\/uploads\/2025\/01\/LOGO-UVB-2024-azul-1.jpg\",\"contentUrl\":\"https:\/\/uvbbrasil.com.br\/wp-content\/uploads\/2025\/01\/LOGO-UVB-2024-azul-1.jpg\",\"width\":600,\"height\":211,\"caption\":\"UVB Brasil\"},\"image\":{\"@id\":\"https:\/\/uvbbrasil.com.br\/#\/schema\/logo\/image\/\"},\"sameAs\":[\"https:\/\/www.facebook.com\/uvb.vereadoresbrasil\",\"https:\/\/www.instagram.com\/uvbbrasil\/\",\"https:\/\/www.youtube.com\/channel\/UCIlPQ8Xzw5GHNzosQIg9S5A\"]},{\"@type\":\"Person\",\"@id\":\"https:\/\/uvbbrasil.com.br\/#\/schema\/person\/17990098446c098f52effddff4f1b272\",\"name\":\"adminuvb\",\"image\":{\"@type\":\"ImageObject\",\"inLanguage\":\"pt-BR\",\"@id\":\"https:\/\/uvbbrasil.com.br\/#\/schema\/person\/image\/\",\"url\":\"https:\/\/secure.gravatar.com\/avatar\/1a494ea6f8e2dd1ae526e55b0e9497efdba542491e0620d704cccf63c6f77c45?s=96&d=mm&r=g\",\"contentUrl\":\"https:\/\/secure.gravatar.com\/avatar\/1a494ea6f8e2dd1ae526e55b0e9497efdba542491e0620d704cccf63c6f77c45?s=96&d=mm&r=g\",\"caption\":\"adminuvb\"},\"sameAs\":[\"https:\/\/uvbbrasil.com.br\"],\"url\":\"https:\/\/uvbbrasil.com.br\/author\/adminuvb\/\"}]}<\/script>\n<!-- \/ Yoast SEO plugin. -->","yoast_head_json":{"title":"Morre Carlos Manhanelli presidente da Associa\u00e7\u00e3o Brasileira de Consultores Pol\u00edticos - UVB Brasil","robots":{"index":"index","follow":"follow","max-snippet":"max-snippet:-1","max-image-preview":"max-image-preview:large","max-video-preview":"max-video-preview:-1"},"canonical":"https:\/\/uvbbrasil.com.br\/morre-carlos-manhanelli-presidente-da-associacao-brasileira-de-consultores-politicos\/","og_locale":"pt_BR","og_type":"article","og_title":"Morre Carlos Manhanelli presidente da Associa\u00e7\u00e3o Brasileira de Consultores Pol\u00edticos - UVB Brasil","og_description":"O jornalista Carlos Augusto Manhanelli foi mais uma v\u00edtima da Covid-19 no Brasil. Ele faleceu neste s\u00e1bado, em S\u00e3o Paulo,...","og_url":"https:\/\/uvbbrasil.com.br\/morre-carlos-manhanelli-presidente-da-associacao-brasileira-de-consultores-politicos\/","og_site_name":"UVB Brasil","article_publisher":"https:\/\/www.facebook.com\/uvb.vereadoresbrasil","article_published_time":"2021-01-23T17:27:06+00:00","og_image":[{"width":605,"height":1280,"url":"https:\/\/uvbbrasil.com.br\/wp-content\/uploads\/2019\/12\/carlos2.jpeg","type":"image\/jpeg"}],"author":"adminuvb","twitter_card":"summary_large_image","twitter_misc":{"Escrito por":"adminuvb","Est. tempo de leitura":"2 minutos"},"schema":{"@context":"https:\/\/schema.org","@graph":[{"@type":"Article","@id":"https:\/\/uvbbrasil.com.br\/morre-carlos-manhanelli-presidente-da-associacao-brasileira-de-consultores-politicos\/#article","isPartOf":{"@id":"https:\/\/uvbbrasil.com.br\/morre-carlos-manhanelli-presidente-da-associacao-brasileira-de-consultores-politicos\/"},"author":{"name":"adminuvb","@id":"https:\/\/uvbbrasil.com.br\/#\/schema\/person\/17990098446c098f52effddff4f1b272"},"headline":"Morre Carlos Manhanelli presidente da Associa\u00e7\u00e3o Brasileira de Consultores Pol\u00edticos","datePublished":"2021-01-23T17:27:06+00:00","mainEntityOfPage":{"@id":"https:\/\/uvbbrasil.com.br\/morre-carlos-manhanelli-presidente-da-associacao-brasileira-de-consultores-politicos\/"},"wordCount":334,"commentCount":0,"publisher":{"@id":"https:\/\/uvbbrasil.com.br\/#organization"},"image":{"@id":"https:\/\/uvbbrasil.com.br\/morre-carlos-manhanelli-presidente-da-associacao-brasileira-de-consultores-politicos\/#primaryimage"},"thumbnailUrl":"https:\/\/uvbbrasil.com.br\/wp-content\/uploads\/2019\/12\/carlos2.jpeg","articleSection":["NOT\u00cdCIAS"],"inLanguage":"pt-BR","potentialAction":[{"@type":"CommentAction","name":"Comment","target":["https:\/\/uvbbrasil.com.br\/morre-carlos-manhanelli-presidente-da-associacao-brasileira-de-consultores-politicos\/#respond"]}]},{"@type":"WebPage","@id":"https:\/\/uvbbrasil.com.br\/morre-carlos-manhanelli-presidente-da-associacao-brasileira-de-consultores-politicos\/","url":"https:\/\/uvbbrasil.com.br\/morre-carlos-manhanelli-presidente-da-associacao-brasileira-de-consultores-politicos\/","name":"Morre Carlos Manhanelli presidente da Associa\u00e7\u00e3o Brasileira de Consultores Pol\u00edticos - UVB Brasil","isPartOf":{"@id":"https:\/\/uvbbrasil.com.br\/#website"},"primaryImageOfPage":{"@id":"https:\/\/uvbbrasil.com.br\/morre-carlos-manhanelli-presidente-da-associacao-brasileira-de-consultores-politicos\/#primaryimage"},"image":{"@id":"https:\/\/uvbbrasil.com.br\/morre-carlos-manhanelli-presidente-da-associacao-brasileira-de-consultores-politicos\/#primaryimage"},"thumbnailUrl":"https:\/\/uvbbrasil.com.br\/wp-content\/uploads\/2019\/12\/carlos2.jpeg","datePublished":"2021-01-23T17:27:06+00:00","breadcrumb":{"@id":"https:\/\/uvbbrasil.com.br\/morre-carlos-manhanelli-presidente-da-associacao-brasileira-de-consultores-politicos\/#breadcrumb"},"inLanguage":"pt-BR","potentialAction":[{"@type":"ReadAction","target":["https:\/\/uvbbrasil.com.br\/morre-carlos-manhanelli-presidente-da-associacao-brasileira-de-consultores-politicos\/"]}]},{"@type":"ImageObject","inLanguage":"pt-BR","@id":"https:\/\/uvbbrasil.com.br\/morre-carlos-manhanelli-presidente-da-associacao-brasileira-de-consultores-politicos\/#primaryimage","url":"https:\/\/uvbbrasil.com.br\/wp-content\/uploads\/2019\/12\/carlos2.jpeg","contentUrl":"https:\/\/uvbbrasil.com.br\/wp-content\/uploads\/2019\/12\/carlos2.jpeg","width":605,"height":1280},{"@type":"BreadcrumbList","@id":"https:\/\/uvbbrasil.com.br\/morre-carlos-manhanelli-presidente-da-associacao-brasileira-de-consultores-politicos\/#breadcrumb","itemListElement":[{"@type":"ListItem","position":1,"name":"In\u00edcio","item":"https:\/\/uvbbrasil.com.br\/"},{"@type":"ListItem","position":2,"name":"Morre Carlos Manhanelli presidente da Associa\u00e7\u00e3o Brasileira de Consultores Pol\u00edticos"}]},{"@type":"WebSite","@id":"https:\/\/uvbbrasil.com.br\/#website","url":"https:\/\/uvbbrasil.com.br\/","name":"UVB Brasil","description":"Uni\u00e3o dos Vereadores do Brasil","publisher":{"@id":"https:\/\/uvbbrasil.com.br\/#organization"},"potentialAction":[{"@type":"SearchAction","target":{"@type":"EntryPoint","urlTemplate":"https:\/\/uvbbrasil.com.br\/?s={search_term_string}"},"query-input":{"@type":"PropertyValueSpecification","valueRequired":true,"valueName":"search_term_string"}}],"inLanguage":"pt-BR"},{"@type":"Organization","@id":"https:\/\/uvbbrasil.com.br\/#organization","name":"UVB Brasil","url":"https:\/\/uvbbrasil.com.br\/","logo":{"@type":"ImageObject","inLanguage":"pt-BR","@id":"https:\/\/uvbbrasil.com.br\/#\/schema\/logo\/image\/","url":"https:\/\/uvbbrasil.com.br\/wp-content\/uploads\/2025\/01\/LOGO-UVB-2024-azul-1.jpg","contentUrl":"https:\/\/uvbbrasil.com.br\/wp-content\/uploads\/2025\/01\/LOGO-UVB-2024-azul-1.jpg","width":600,"height":211,"caption":"UVB Brasil"},"image":{"@id":"https:\/\/uvbbrasil.com.br\/#\/schema\/logo\/image\/"},"sameAs":["https:\/\/www.facebook.com\/uvb.vereadoresbrasil","https:\/\/www.instagram.com\/uvbbrasil\/","https:\/\/www.youtube.com\/channel\/UCIlPQ8Xzw5GHNzosQIg9S5A"]},{"@type":"Person","@id":"https:\/\/uvbbrasil.com.br\/#\/schema\/person\/17990098446c098f52effddff4f1b272","name":"adminuvb","image":{"@type":"ImageObject","inLanguage":"pt-BR","@id":"https:\/\/uvbbrasil.com.br\/#\/schema\/person\/image\/","url":"https:\/\/secure.gravatar.com\/avatar\/1a494ea6f8e2dd1ae526e55b0e9497efdba542491e0620d704cccf63c6f77c45?s=96&d=mm&r=g","contentUrl":"https:\/\/secure.gravatar.com\/avatar\/1a494ea6f8e2dd1ae526e55b0e9497efdba542491e0620d704cccf63c6f77c45?s=96&d=mm&r=g","caption":"adminuvb"},"sameAs":["https:\/\/uvbbrasil.com.br"],"url":"https:\/\/uvbbrasil.com.br\/author\/adminuvb\/"}]}},"_links":{"self":[{"href":"https:\/\/uvbbrasil.com.br\/uvb-json\/wp\/v2\/posts\/21127","targetHints":{"allow":["GET"]}}],"collection":[{"href":"https:\/\/uvbbrasil.com.br\/uvb-json\/wp\/v2\/posts"}],"about":[{"href":"https:\/\/uvbbrasil.com.br\/uvb-json\/wp\/v2\/types\/post"}],"author":[{"embeddable":true,"href":"https:\/\/uvbbrasil.com.br\/uvb-json\/wp\/v2\/users\/1"}],"replies":[{"embeddable":true,"href":"https:\/\/uvbbrasil.com.br\/uvb-json\/wp\/v2\/comments?post=21127"}],"version-history":[{"count":0,"href":"https:\/\/uvbbrasil.com.br\/uvb-json\/wp\/v2\/posts\/21127\/revisions"}],"wp:featuredmedia":[{"embeddable":true,"href":"https:\/\/uvbbrasil.com.br\/uvb-json\/wp\/v2\/media\/17139"}],"wp:attachment":[{"href":"https:\/\/uvbbrasil.com.br\/uvb-json\/wp\/v2\/media?parent=21127"}],"wp:term":[{"taxonomy":"category","embeddable":true,"href":"https:\/\/uvbbrasil.com.br\/uvb-json\/wp\/v2\/categories?post=21127"},{"taxonomy":"post_tag","embeddable":true,"href":"https:\/\/uvbbrasil.com.br\/uvb-json\/wp\/v2\/tags?post=21127"}],"curies":[{"name":"wp","href":"https:\/\/api.w.org\/{rel}","templated":true}]}}