{"id":20972,"date":"2021-01-06T07:11:58","date_gmt":"2021-01-06T10:11:58","guid":{"rendered":"https:\/\/wpsandbox4.pante.com.br\/?p=20972"},"modified":"2021-01-06T07:11:58","modified_gmt":"2021-01-06T10:11:58","slug":"presidente-da-uvb-visita-camara-municipal-de-palmitos-sc","status":"publish","type":"post","link":"https:\/\/uvbbrasil.com.br\/presidente-da-uvb-visita-camara-municipal-de-palmitos-sc\/","title":{"rendered":"Presidente da UVB visita C\u00e2mara municipal de Palmitos-SC"},"content":{"rendered":"<p>O presidente da Uni\u00e3o dos Vereadores do Brasil -UVB, vereador Gilson Conzatti, visitou a C\u00e2mara Municipal de Palmitos\/SC na tarde desta ter\u00e7a- feira (05).<\/p>\n<p>Na oportunidade\u00a0 Gilson Conzatti acompanhado com o Presidente da C\u00e2mara Municipal de Palmitos, Caciano Sartori, conheceu as obras do novo plen\u00e1rio que dever\u00e1 ser inaugurado neste ano de 2021, al\u00e9m de\u00a0 tratar de assuntos de interesse do poder legislativo municipal.<a href=\"https:\/\/uvbbrasil.com.br\/?attachment_id=20975\" rel=\"attachment wp-att-20975\"><img fetchpriority=\"high\" decoding=\"async\" class=\"aligncenter size-full wp-image-20975\" src=\"https:\/\/uvbbrasil.com.br\/wp-content\/uploads\/2021\/01\/WhatsApp-Image-2021-01-05-at-16.11.33-2.jpeg\" alt=\"\" width=\"1280\" height=\"605\" srcset=\"https:\/\/uvbbrasil.com.br\/wp-content\/uploads\/2021\/01\/WhatsApp-Image-2021-01-05-at-16.11.33-2.jpeg 1280w, https:\/\/uvbbrasil.com.br\/wp-content\/uploads\/2021\/01\/WhatsApp-Image-2021-01-05-at-16.11.33-2-300x142.jpeg 300w, https:\/\/uvbbrasil.com.br\/wp-content\/uploads\/2021\/01\/WhatsApp-Image-2021-01-05-at-16.11.33-2-1024x484.jpeg 1024w, https:\/\/uvbbrasil.com.br\/wp-content\/uploads\/2021\/01\/WhatsApp-Image-2021-01-05-at-16.11.33-2-768x363.jpeg 768w\" sizes=\"(max-width: 1280px) 100vw, 1280px\" \/><\/a><\/p>\n<p>O\u00a0presidente do legislativo palmitense, Caciano Sartori destacou que \u00e9 um momento de muita responsabilidade. \u201cNa \u00faltima legislatura foi muito atuante, e tenho certeza que nesse mandato com esses vereadores o trabalho n\u00e3o ser\u00e1 diferente.<\/p>\n<p>A popula\u00e7\u00e3o e o executivo podem contar com essa C\u00e2mara e tudo q vier em prol ao crescimento, seremos parceiros. Agrade\u00e7o o apoio de todos que confiaram seu voto em mim\u201d, frisou.<\/p>\n<p>A composi\u00e7\u00e3o da\u00a0 mesa diretora da C\u00e2mara de Vereadores ficou assim formada:<\/p>\n<p>Presidente: Caciano Sartori;<\/p>\n<p>Vice-presidente: Moacir Delazere;<\/p>\n<p>1\u00b0 Secret\u00e1rio &#8211; Cl\u00e1udio El Salvador;<\/p>\n<p>2\u00b0 Secretaria &#8211; Ana Trevisol.<\/p>\n<p>&nbsp;<\/p>\n<p>&nbsp;<\/p>\n<p>&nbsp;<\/p>\n","protected":false},"excerpt":{"rendered":"<p>O presidente da Uni\u00e3o dos Vereadores do Brasil -UVB, vereador Gilson Conzatti, visitou a C\u00e2mara Municipal de Palmitos\/SC na tarde&#8230;<\/p>\n","protected":false},"author":1,"featured_media":20973,"comment_status":"open","ping_status":"open","sticky":false,"template":"","format":"standard","meta":{"footnotes":""},"categories":[3,4],"tags":[],"class_list":["post-20972","post","type-post","status-publish","format-standard","has-post-thumbnail","hentry","category-noticias","category-home"],"yoast_head":"<!-- This site is optimized with the Yoast SEO plugin v26.7 - https:\/\/yoast.com\/wordpress\/plugins\/seo\/ -->\n<title>Presidente da UVB visita C\u00e2mara municipal de Palmitos-SC - UVB Brasil<\/title>\n<meta name=\"robots\" content=\"index, follow, max-snippet:-1, max-image-preview:large, max-video-preview:-1\" \/>\n<link rel=\"canonical\" href=\"https:\/\/uvbbrasil.com.br\/presidente-da-uvb-visita-camara-municipal-de-palmitos-sc\/\" \/>\n<meta property=\"og:locale\" content=\"pt_BR\" \/>\n<meta property=\"og:type\" content=\"article\" \/>\n<meta property=\"og:title\" content=\"Presidente da UVB visita C\u00e2mara municipal de Palmitos-SC - UVB Brasil\" \/>\n<meta property=\"og:description\" content=\"O presidente da Uni\u00e3o dos Vereadores do Brasil -UVB, vereador Gilson Conzatti, visitou a C\u00e2mara Municipal de Palmitos\/SC na tarde...\" \/>\n<meta property=\"og:url\" content=\"https:\/\/uvbbrasil.com.br\/presidente-da-uvb-visita-camara-municipal-de-palmitos-sc\/\" \/>\n<meta property=\"og:site_name\" content=\"UVB Brasil\" \/>\n<meta property=\"article:publisher\" content=\"https:\/\/www.facebook.com\/uvb.vereadoresbrasil\" \/>\n<meta property=\"article:published_time\" content=\"2021-01-06T10:11:58+00:00\" \/>\n<meta property=\"og:image\" content=\"https:\/\/uvbbrasil.com.br\/wp-content\/uploads\/2021\/01\/WhatsApp-Image-2021-01-05-at-16.11.33.jpeg\" \/>\n\t<meta property=\"og:image:width\" content=\"1280\" \/>\n\t<meta property=\"og:image:height\" content=\"605\" \/>\n\t<meta property=\"og:image:type\" content=\"image\/jpeg\" \/>\n<meta name=\"author\" content=\"adminuvb\" \/>\n<meta name=\"twitter:card\" content=\"summary_large_image\" \/>\n<meta name=\"twitter:label1\" content=\"Escrito por\" \/>\n\t<meta name=\"twitter:data1\" content=\"adminuvb\" \/>\n\t<meta name=\"twitter:label2\" content=\"Est. tempo de leitura\" \/>\n\t<meta name=\"twitter:data2\" content=\"1 minuto\" \/>\n<script type=\"application\/ld+json\" class=\"yoast-schema-graph\">{\"@context\":\"https:\/\/schema.org\",\"@graph\":[{\"@type\":\"Article\",\"@id\":\"https:\/\/uvbbrasil.com.br\/presidente-da-uvb-visita-camara-municipal-de-palmitos-sc\/#article\",\"isPartOf\":{\"@id\":\"https:\/\/uvbbrasil.com.br\/presidente-da-uvb-visita-camara-municipal-de-palmitos-sc\/\"},\"author\":{\"name\":\"adminuvb\",\"@id\":\"https:\/\/uvbbrasil.com.br\/#\/schema\/person\/17990098446c098f52effddff4f1b272\"},\"headline\":\"Presidente da UVB visita C\u00e2mara municipal de Palmitos-SC\",\"datePublished\":\"2021-01-06T10:11:58+00:00\",\"mainEntityOfPage\":{\"@id\":\"https:\/\/uvbbrasil.com.br\/presidente-da-uvb-visita-camara-municipal-de-palmitos-sc\/\"},\"wordCount\":182,\"commentCount\":0,\"publisher\":{\"@id\":\"https:\/\/uvbbrasil.com.br\/#organization\"},\"image\":{\"@id\":\"https:\/\/uvbbrasil.com.br\/presidente-da-uvb-visita-camara-municipal-de-palmitos-sc\/#primaryimage\"},\"thumbnailUrl\":\"https:\/\/uvbbrasil.com.br\/wp-content\/uploads\/2021\/01\/WhatsApp-Image-2021-01-05-at-16.11.33.jpeg\",\"articleSection\":[\"NOT\u00cdCIAS\",\"UVB\"],\"inLanguage\":\"pt-BR\",\"potentialAction\":[{\"@type\":\"CommentAction\",\"name\":\"Comment\",\"target\":[\"https:\/\/uvbbrasil.com.br\/presidente-da-uvb-visita-camara-municipal-de-palmitos-sc\/#respond\"]}]},{\"@type\":\"WebPage\",\"@id\":\"https:\/\/uvbbrasil.com.br\/presidente-da-uvb-visita-camara-municipal-de-palmitos-sc\/\",\"url\":\"https:\/\/uvbbrasil.com.br\/presidente-da-uvb-visita-camara-municipal-de-palmitos-sc\/\",\"name\":\"Presidente da UVB visita C\u00e2mara municipal de Palmitos-SC - UVB Brasil\",\"isPartOf\":{\"@id\":\"https:\/\/uvbbrasil.com.br\/#website\"},\"primaryImageOfPage\":{\"@id\":\"https:\/\/uvbbrasil.com.br\/presidente-da-uvb-visita-camara-municipal-de-palmitos-sc\/#primaryimage\"},\"image\":{\"@id\":\"https:\/\/uvbbrasil.com.br\/presidente-da-uvb-visita-camara-municipal-de-palmitos-sc\/#primaryimage\"},\"thumbnailUrl\":\"https:\/\/uvbbrasil.com.br\/wp-content\/uploads\/2021\/01\/WhatsApp-Image-2021-01-05-at-16.11.33.jpeg\",\"datePublished\":\"2021-01-06T10:11:58+00:00\",\"breadcrumb\":{\"@id\":\"https:\/\/uvbbrasil.com.br\/presidente-da-uvb-visita-camara-municipal-de-palmitos-sc\/#breadcrumb\"},\"inLanguage\":\"pt-BR\",\"potentialAction\":[{\"@type\":\"ReadAction\",\"target\":[\"https:\/\/uvbbrasil.com.br\/presidente-da-uvb-visita-camara-municipal-de-palmitos-sc\/\"]}]},{\"@type\":\"ImageObject\",\"inLanguage\":\"pt-BR\",\"@id\":\"https:\/\/uvbbrasil.com.br\/presidente-da-uvb-visita-camara-municipal-de-palmitos-sc\/#primaryimage\",\"url\":\"https:\/\/uvbbrasil.com.br\/wp-content\/uploads\/2021\/01\/WhatsApp-Image-2021-01-05-at-16.11.33.jpeg\",\"contentUrl\":\"https:\/\/uvbbrasil.com.br\/wp-content\/uploads\/2021\/01\/WhatsApp-Image-2021-01-05-at-16.11.33.jpeg\",\"width\":1280,\"height\":605},{\"@type\":\"BreadcrumbList\",\"@id\":\"https:\/\/uvbbrasil.com.br\/presidente-da-uvb-visita-camara-municipal-de-palmitos-sc\/#breadcrumb\",\"itemListElement\":[{\"@type\":\"ListItem\",\"position\":1,\"name\":\"In\u00edcio\",\"item\":\"https:\/\/uvbbrasil.com.br\/\"},{\"@type\":\"ListItem\",\"position\":2,\"name\":\"Presidente da UVB visita C\u00e2mara municipal de Palmitos-SC\"}]},{\"@type\":\"WebSite\",\"@id\":\"https:\/\/uvbbrasil.com.br\/#website\",\"url\":\"https:\/\/uvbbrasil.com.br\/\",\"name\":\"UVB Brasil\",\"description\":\"Uni\u00e3o dos Vereadores do Brasil\",\"publisher\":{\"@id\":\"https:\/\/uvbbrasil.com.br\/#organization\"},\"potentialAction\":[{\"@type\":\"SearchAction\",\"target\":{\"@type\":\"EntryPoint\",\"urlTemplate\":\"https:\/\/uvbbrasil.com.br\/?s={search_term_string}\"},\"query-input\":{\"@type\":\"PropertyValueSpecification\",\"valueRequired\":true,\"valueName\":\"search_term_string\"}}],\"inLanguage\":\"pt-BR\"},{\"@type\":\"Organization\",\"@id\":\"https:\/\/uvbbrasil.com.br\/#organization\",\"name\":\"UVB Brasil\",\"url\":\"https:\/\/uvbbrasil.com.br\/\",\"logo\":{\"@type\":\"ImageObject\",\"inLanguage\":\"pt-BR\",\"@id\":\"https:\/\/uvbbrasil.com.br\/#\/schema\/logo\/image\/\",\"url\":\"https:\/\/uvbbrasil.com.br\/wp-content\/uploads\/2025\/01\/LOGO-UVB-2024-azul-1.jpg\",\"contentUrl\":\"https:\/\/uvbbrasil.com.br\/wp-content\/uploads\/2025\/01\/LOGO-UVB-2024-azul-1.jpg\",\"width\":600,\"height\":211,\"caption\":\"UVB Brasil\"},\"image\":{\"@id\":\"https:\/\/uvbbrasil.com.br\/#\/schema\/logo\/image\/\"},\"sameAs\":[\"https:\/\/www.facebook.com\/uvb.vereadoresbrasil\",\"https:\/\/www.instagram.com\/uvbbrasil\/\",\"https:\/\/www.youtube.com\/channel\/UCIlPQ8Xzw5GHNzosQIg9S5A\"]},{\"@type\":\"Person\",\"@id\":\"https:\/\/uvbbrasil.com.br\/#\/schema\/person\/17990098446c098f52effddff4f1b272\",\"name\":\"adminuvb\",\"image\":{\"@type\":\"ImageObject\",\"inLanguage\":\"pt-BR\",\"@id\":\"https:\/\/uvbbrasil.com.br\/#\/schema\/person\/image\/\",\"url\":\"https:\/\/secure.gravatar.com\/avatar\/1a494ea6f8e2dd1ae526e55b0e9497efdba542491e0620d704cccf63c6f77c45?s=96&d=mm&r=g\",\"contentUrl\":\"https:\/\/secure.gravatar.com\/avatar\/1a494ea6f8e2dd1ae526e55b0e9497efdba542491e0620d704cccf63c6f77c45?s=96&d=mm&r=g\",\"caption\":\"adminuvb\"},\"sameAs\":[\"https:\/\/uvbbrasil.com.br\"],\"url\":\"https:\/\/uvbbrasil.com.br\/author\/adminuvb\/\"}]}<\/script>\n<!-- \/ Yoast SEO plugin. -->","yoast_head_json":{"title":"Presidente da UVB visita C\u00e2mara municipal de Palmitos-SC - UVB Brasil","robots":{"index":"index","follow":"follow","max-snippet":"max-snippet:-1","max-image-preview":"max-image-preview:large","max-video-preview":"max-video-preview:-1"},"canonical":"https:\/\/uvbbrasil.com.br\/presidente-da-uvb-visita-camara-municipal-de-palmitos-sc\/","og_locale":"pt_BR","og_type":"article","og_title":"Presidente da UVB visita C\u00e2mara municipal de Palmitos-SC - UVB Brasil","og_description":"O presidente da Uni\u00e3o dos Vereadores do Brasil -UVB, vereador Gilson Conzatti, visitou a C\u00e2mara Municipal de Palmitos\/SC na tarde...","og_url":"https:\/\/uvbbrasil.com.br\/presidente-da-uvb-visita-camara-municipal-de-palmitos-sc\/","og_site_name":"UVB Brasil","article_publisher":"https:\/\/www.facebook.com\/uvb.vereadoresbrasil","article_published_time":"2021-01-06T10:11:58+00:00","og_image":[{"width":1280,"height":605,"url":"https:\/\/uvbbrasil.com.br\/wp-content\/uploads\/2021\/01\/WhatsApp-Image-2021-01-05-at-16.11.33.jpeg","type":"image\/jpeg"}],"author":"adminuvb","twitter_card":"summary_large_image","twitter_misc":{"Escrito por":"adminuvb","Est. tempo de leitura":"1 minuto"},"schema":{"@context":"https:\/\/schema.org","@graph":[{"@type":"Article","@id":"https:\/\/uvbbrasil.com.br\/presidente-da-uvb-visita-camara-municipal-de-palmitos-sc\/#article","isPartOf":{"@id":"https:\/\/uvbbrasil.com.br\/presidente-da-uvb-visita-camara-municipal-de-palmitos-sc\/"},"author":{"name":"adminuvb","@id":"https:\/\/uvbbrasil.com.br\/#\/schema\/person\/17990098446c098f52effddff4f1b272"},"headline":"Presidente da UVB visita C\u00e2mara municipal de Palmitos-SC","datePublished":"2021-01-06T10:11:58+00:00","mainEntityOfPage":{"@id":"https:\/\/uvbbrasil.com.br\/presidente-da-uvb-visita-camara-municipal-de-palmitos-sc\/"},"wordCount":182,"commentCount":0,"publisher":{"@id":"https:\/\/uvbbrasil.com.br\/#organization"},"image":{"@id":"https:\/\/uvbbrasil.com.br\/presidente-da-uvb-visita-camara-municipal-de-palmitos-sc\/#primaryimage"},"thumbnailUrl":"https:\/\/uvbbrasil.com.br\/wp-content\/uploads\/2021\/01\/WhatsApp-Image-2021-01-05-at-16.11.33.jpeg","articleSection":["NOT\u00cdCIAS","UVB"],"inLanguage":"pt-BR","potentialAction":[{"@type":"CommentAction","name":"Comment","target":["https:\/\/uvbbrasil.com.br\/presidente-da-uvb-visita-camara-municipal-de-palmitos-sc\/#respond"]}]},{"@type":"WebPage","@id":"https:\/\/uvbbrasil.com.br\/presidente-da-uvb-visita-camara-municipal-de-palmitos-sc\/","url":"https:\/\/uvbbrasil.com.br\/presidente-da-uvb-visita-camara-municipal-de-palmitos-sc\/","name":"Presidente da UVB visita C\u00e2mara municipal de Palmitos-SC - UVB Brasil","isPartOf":{"@id":"https:\/\/uvbbrasil.com.br\/#website"},"primaryImageOfPage":{"@id":"https:\/\/uvbbrasil.com.br\/presidente-da-uvb-visita-camara-municipal-de-palmitos-sc\/#primaryimage"},"image":{"@id":"https:\/\/uvbbrasil.com.br\/presidente-da-uvb-visita-camara-municipal-de-palmitos-sc\/#primaryimage"},"thumbnailUrl":"https:\/\/uvbbrasil.com.br\/wp-content\/uploads\/2021\/01\/WhatsApp-Image-2021-01-05-at-16.11.33.jpeg","datePublished":"2021-01-06T10:11:58+00:00","breadcrumb":{"@id":"https:\/\/uvbbrasil.com.br\/presidente-da-uvb-visita-camara-municipal-de-palmitos-sc\/#breadcrumb"},"inLanguage":"pt-BR","potentialAction":[{"@type":"ReadAction","target":["https:\/\/uvbbrasil.com.br\/presidente-da-uvb-visita-camara-municipal-de-palmitos-sc\/"]}]},{"@type":"ImageObject","inLanguage":"pt-BR","@id":"https:\/\/uvbbrasil.com.br\/presidente-da-uvb-visita-camara-municipal-de-palmitos-sc\/#primaryimage","url":"https:\/\/uvbbrasil.com.br\/wp-content\/uploads\/2021\/01\/WhatsApp-Image-2021-01-05-at-16.11.33.jpeg","contentUrl":"https:\/\/uvbbrasil.com.br\/wp-content\/uploads\/2021\/01\/WhatsApp-Image-2021-01-05-at-16.11.33.jpeg","width":1280,"height":605},{"@type":"BreadcrumbList","@id":"https:\/\/uvbbrasil.com.br\/presidente-da-uvb-visita-camara-municipal-de-palmitos-sc\/#breadcrumb","itemListElement":[{"@type":"ListItem","position":1,"name":"In\u00edcio","item":"https:\/\/uvbbrasil.com.br\/"},{"@type":"ListItem","position":2,"name":"Presidente da UVB visita C\u00e2mara municipal de Palmitos-SC"}]},{"@type":"WebSite","@id":"https:\/\/uvbbrasil.com.br\/#website","url":"https:\/\/uvbbrasil.com.br\/","name":"UVB Brasil","description":"Uni\u00e3o dos Vereadores do Brasil","publisher":{"@id":"https:\/\/uvbbrasil.com.br\/#organization"},"potentialAction":[{"@type":"SearchAction","target":{"@type":"EntryPoint","urlTemplate":"https:\/\/uvbbrasil.com.br\/?s={search_term_string}"},"query-input":{"@type":"PropertyValueSpecification","valueRequired":true,"valueName":"search_term_string"}}],"inLanguage":"pt-BR"},{"@type":"Organization","@id":"https:\/\/uvbbrasil.com.br\/#organization","name":"UVB Brasil","url":"https:\/\/uvbbrasil.com.br\/","logo":{"@type":"ImageObject","inLanguage":"pt-BR","@id":"https:\/\/uvbbrasil.com.br\/#\/schema\/logo\/image\/","url":"https:\/\/uvbbrasil.com.br\/wp-content\/uploads\/2025\/01\/LOGO-UVB-2024-azul-1.jpg","contentUrl":"https:\/\/uvbbrasil.com.br\/wp-content\/uploads\/2025\/01\/LOGO-UVB-2024-azul-1.jpg","width":600,"height":211,"caption":"UVB Brasil"},"image":{"@id":"https:\/\/uvbbrasil.com.br\/#\/schema\/logo\/image\/"},"sameAs":["https:\/\/www.facebook.com\/uvb.vereadoresbrasil","https:\/\/www.instagram.com\/uvbbrasil\/","https:\/\/www.youtube.com\/channel\/UCIlPQ8Xzw5GHNzosQIg9S5A"]},{"@type":"Person","@id":"https:\/\/uvbbrasil.com.br\/#\/schema\/person\/17990098446c098f52effddff4f1b272","name":"adminuvb","image":{"@type":"ImageObject","inLanguage":"pt-BR","@id":"https:\/\/uvbbrasil.com.br\/#\/schema\/person\/image\/","url":"https:\/\/secure.gravatar.com\/avatar\/1a494ea6f8e2dd1ae526e55b0e9497efdba542491e0620d704cccf63c6f77c45?s=96&d=mm&r=g","contentUrl":"https:\/\/secure.gravatar.com\/avatar\/1a494ea6f8e2dd1ae526e55b0e9497efdba542491e0620d704cccf63c6f77c45?s=96&d=mm&r=g","caption":"adminuvb"},"sameAs":["https:\/\/uvbbrasil.com.br"],"url":"https:\/\/uvbbrasil.com.br\/author\/adminuvb\/"}]}},"_links":{"self":[{"href":"https:\/\/uvbbrasil.com.br\/uvb-json\/wp\/v2\/posts\/20972","targetHints":{"allow":["GET"]}}],"collection":[{"href":"https:\/\/uvbbrasil.com.br\/uvb-json\/wp\/v2\/posts"}],"about":[{"href":"https:\/\/uvbbrasil.com.br\/uvb-json\/wp\/v2\/types\/post"}],"author":[{"embeddable":true,"href":"https:\/\/uvbbrasil.com.br\/uvb-json\/wp\/v2\/users\/1"}],"replies":[{"embeddable":true,"href":"https:\/\/uvbbrasil.com.br\/uvb-json\/wp\/v2\/comments?post=20972"}],"version-history":[{"count":0,"href":"https:\/\/uvbbrasil.com.br\/uvb-json\/wp\/v2\/posts\/20972\/revisions"}],"wp:featuredmedia":[{"embeddable":true,"href":"https:\/\/uvbbrasil.com.br\/uvb-json\/wp\/v2\/media\/20973"}],"wp:attachment":[{"href":"https:\/\/uvbbrasil.com.br\/uvb-json\/wp\/v2\/media?parent=20972"}],"wp:term":[{"taxonomy":"category","embeddable":true,"href":"https:\/\/uvbbrasil.com.br\/uvb-json\/wp\/v2\/categories?post=20972"},{"taxonomy":"post_tag","embeddable":true,"href":"https:\/\/uvbbrasil.com.br\/uvb-json\/wp\/v2\/tags?post=20972"}],"curies":[{"name":"wp","href":"https:\/\/api.w.org\/{rel}","templated":true}]}}