{"id":2003,"date":"2015-11-14T00:36:55","date_gmt":"2015-11-14T00:36:55","guid":{"rendered":"https:\/\/wpsandbox4.pante.com.br\/?p=2003"},"modified":"2015-11-14T00:36:55","modified_gmt":"2015-11-14T00:36:55","slug":"51-congresso-de-vereadores-joceval-abordara-o-novo-pacto-federativo","status":"publish","type":"post","link":"https:\/\/uvbbrasil.com.br\/51-congresso-de-vereadores-joceval-abordara-o-novo-pacto-federativo\/","title":{"rendered":"Joceval Rodrigues abordar\u00e1 o Novo Pacto Federativo no Congresso da UVB"},"content":{"rendered":"<p>O vereador presidente da Uni\u00e3o dos Vereadores da Bahia e l\u00edder do governo de ACM Neto na C\u00e2mara de Salvador, Joceval Rodrigues ir\u00e1 abordar o tema Novo Pacto Federativo durante o 51\u00b0 Congresso Brasileiro de Vereadores, que acontece de 25 a 27 de novembro na capital baiana. Joceval \u00e9 o primeiro suplente de deputado federal pela coliga\u00e7\u00e3o Juntos Somos Fortes.<br \/>\nJoceval Rodrigues nasceu em Salvador-Ba em 1970. Filho de D. C\u00e9lia e Sr. Jailton, casou-se com C\u00e1tia Rodrigues e \u00e9 pai de seis filhos. Joceval \u00e9 membro da Renova\u00e7\u00e3o Carism\u00e1tica Cat\u00f3lica (RCC) e atua na evangeliza\u00e7\u00e3o h\u00e1 quase 20 anos junto aos movimentos cat\u00f3licos, trabalhando intensamente em defesa da vida e da dignidade humana. Tudo isto teve inicio cedo na vida de\u202fJoceval\u202fRodrigues, quando adolescente na Igreja do seu bairro, S\u00e3o Caetano. Ali descobriu a import\u00e2ncia do trabalho e da vida em comunidade. Depois foi militar no gr\u00eamio estudantil. Em seguida, como l\u00edder sindical e na associa\u00e7\u00e3o de moradores do seu bairro. E n\u00e3o parou mais, movido pela vontade de implantar a civiliza\u00e7\u00e3o do amor a partir da realidade do seu pa\u00eds. Sens\u00edvel \u00e0 necessidade da sociedade de que mais pessoas precisam dialogar sobre f\u00e9 e pol\u00edtica, fundou o grupo \u201cMission\u00e1rio da F\u00e9 Pol\u00edtica\u201d. Fazer o poss\u00edvel para que toda atividade no campo do bem comum transcorra em sintonia e coer\u00eancia com as diretrizes e exig\u00eancias de uma \u00e9tica humana e crist\u00e3 \u00e9 o objetivo deste grupo cat\u00f3lico. A pr\u00e1tica de vida e a participa\u00e7\u00e3o nas diversas inst\u00e2ncias pol\u00edticas s\u00e3o formas de praticar as diretrizes do grupo. Em 2004, o Minist\u00e9rio de F\u00e9 e Pol\u00edtica percebeu a necessidade de fazer uma experi\u00eancia eleitoral e lan\u00e7ou o nome de\u202fJoceval\u202fRodrigues para vereador. Apesar do pouco tempo de planejamento para a candidatura,\u202fJoceval\u202fRodrigues chegou a conquistar 2.197 votos de confian\u00e7a. Esta experi\u00eancia reafirmou ainda mais nele: o quanto era importante um crist\u00e3o se dedicar diretamente \u00e0 pol\u00edtica. Como desenvolvia um trabalho voluntario com pessoas em situa\u00e7\u00e3o de rua, foi convidado pela Secretaria de Desenvolvimento Social para coordenar este trabalho na cidade de Salvador. Em seguida foi coordenador do senso previdenci\u00e1rio do Instituto de Previd\u00eancia Social do Salvador (IPS). Hoje Joceval \u00e9 vereador e l\u00edder do governo de ACM Neto na C\u00e2mara Municipal de Salvador.<br \/>\nO 51\u00b0 Congresso acontece de 25 a 27 de novembro de 2015, no Hotel BahiaMar em Salvador-BA.<\/p>\n","protected":false},"excerpt":{"rendered":"<p>O vereador presidente da Uni\u00e3o dos Vereadores da Bahia e l\u00edder do governo de ACM Neto na C\u00e2mara de Salvador,&#8230;<\/p>\n","protected":false},"author":1,"featured_media":2004,"comment_status":"open","ping_status":"open","sticky":false,"template":"","format":"standard","meta":{"footnotes":""},"categories":[4],"tags":[],"class_list":["post-2003","post","type-post","status-publish","format-standard","has-post-thumbnail","hentry","category-home"],"yoast_head":"<!-- This site is optimized with the Yoast SEO plugin v26.7 - https:\/\/yoast.com\/wordpress\/plugins\/seo\/ -->\n<title>Joceval Rodrigues abordar\u00e1 o Novo Pacto Federativo no Congresso da UVB - UVB Brasil<\/title>\n<meta name=\"robots\" content=\"index, follow, max-snippet:-1, max-image-preview:large, max-video-preview:-1\" \/>\n<link rel=\"canonical\" href=\"https:\/\/uvbbrasil.com.br\/51-congresso-de-vereadores-joceval-abordara-o-novo-pacto-federativo\/\" \/>\n<meta property=\"og:locale\" content=\"pt_BR\" \/>\n<meta property=\"og:type\" content=\"article\" \/>\n<meta property=\"og:title\" content=\"Joceval Rodrigues abordar\u00e1 o Novo Pacto Federativo no Congresso da UVB - UVB Brasil\" \/>\n<meta property=\"og:description\" content=\"O vereador presidente da Uni\u00e3o dos Vereadores da Bahia e l\u00edder do governo de ACM Neto na C\u00e2mara de Salvador,...\" \/>\n<meta property=\"og:url\" content=\"https:\/\/uvbbrasil.com.br\/51-congresso-de-vereadores-joceval-abordara-o-novo-pacto-federativo\/\" \/>\n<meta property=\"og:site_name\" content=\"UVB Brasil\" \/>\n<meta property=\"article:publisher\" content=\"https:\/\/www.facebook.com\/uvb.vereadoresbrasil\" \/>\n<meta property=\"article:published_time\" content=\"2015-11-14T00:36:55+00:00\" \/>\n<meta property=\"og:image\" content=\"https:\/\/uvbbrasil.com.br\/wp-content\/uploads\/2015\/11\/joceval-1.jpg\" \/>\n\t<meta property=\"og:image:width\" content=\"287\" \/>\n\t<meta property=\"og:image:height\" content=\"176\" \/>\n\t<meta property=\"og:image:type\" content=\"image\/jpeg\" \/>\n<meta name=\"author\" content=\"adminuvb\" \/>\n<meta name=\"twitter:card\" content=\"summary_large_image\" \/>\n<meta name=\"twitter:label1\" content=\"Escrito por\" \/>\n\t<meta name=\"twitter:data1\" content=\"adminuvb\" \/>\n\t<meta name=\"twitter:label2\" content=\"Est. tempo de leitura\" \/>\n\t<meta name=\"twitter:data2\" content=\"2 minutos\" \/>\n<script type=\"application\/ld+json\" class=\"yoast-schema-graph\">{\"@context\":\"https:\/\/schema.org\",\"@graph\":[{\"@type\":\"Article\",\"@id\":\"https:\/\/uvbbrasil.com.br\/51-congresso-de-vereadores-joceval-abordara-o-novo-pacto-federativo\/#article\",\"isPartOf\":{\"@id\":\"https:\/\/uvbbrasil.com.br\/51-congresso-de-vereadores-joceval-abordara-o-novo-pacto-federativo\/\"},\"author\":{\"name\":\"adminuvb\",\"@id\":\"https:\/\/uvbbrasil.com.br\/#\/schema\/person\/17990098446c098f52effddff4f1b272\"},\"headline\":\"Joceval Rodrigues abordar\u00e1 o Novo Pacto Federativo no Congresso da UVB\",\"datePublished\":\"2015-11-14T00:36:55+00:00\",\"mainEntityOfPage\":{\"@id\":\"https:\/\/uvbbrasil.com.br\/51-congresso-de-vereadores-joceval-abordara-o-novo-pacto-federativo\/\"},\"wordCount\":430,\"commentCount\":0,\"publisher\":{\"@id\":\"https:\/\/uvbbrasil.com.br\/#organization\"},\"image\":{\"@id\":\"https:\/\/uvbbrasil.com.br\/51-congresso-de-vereadores-joceval-abordara-o-novo-pacto-federativo\/#primaryimage\"},\"thumbnailUrl\":\"https:\/\/uvbbrasil.com.br\/wp-content\/uploads\/2015\/11\/joceval-1.jpg\",\"articleSection\":[\"UVB\"],\"inLanguage\":\"pt-BR\",\"potentialAction\":[{\"@type\":\"CommentAction\",\"name\":\"Comment\",\"target\":[\"https:\/\/uvbbrasil.com.br\/51-congresso-de-vereadores-joceval-abordara-o-novo-pacto-federativo\/#respond\"]}]},{\"@type\":\"WebPage\",\"@id\":\"https:\/\/uvbbrasil.com.br\/51-congresso-de-vereadores-joceval-abordara-o-novo-pacto-federativo\/\",\"url\":\"https:\/\/uvbbrasil.com.br\/51-congresso-de-vereadores-joceval-abordara-o-novo-pacto-federativo\/\",\"name\":\"Joceval Rodrigues abordar\u00e1 o Novo Pacto Federativo no Congresso da UVB - UVB Brasil\",\"isPartOf\":{\"@id\":\"https:\/\/uvbbrasil.com.br\/#website\"},\"primaryImageOfPage\":{\"@id\":\"https:\/\/uvbbrasil.com.br\/51-congresso-de-vereadores-joceval-abordara-o-novo-pacto-federativo\/#primaryimage\"},\"image\":{\"@id\":\"https:\/\/uvbbrasil.com.br\/51-congresso-de-vereadores-joceval-abordara-o-novo-pacto-federativo\/#primaryimage\"},\"thumbnailUrl\":\"https:\/\/uvbbrasil.com.br\/wp-content\/uploads\/2015\/11\/joceval-1.jpg\",\"datePublished\":\"2015-11-14T00:36:55+00:00\",\"breadcrumb\":{\"@id\":\"https:\/\/uvbbrasil.com.br\/51-congresso-de-vereadores-joceval-abordara-o-novo-pacto-federativo\/#breadcrumb\"},\"inLanguage\":\"pt-BR\",\"potentialAction\":[{\"@type\":\"ReadAction\",\"target\":[\"https:\/\/uvbbrasil.com.br\/51-congresso-de-vereadores-joceval-abordara-o-novo-pacto-federativo\/\"]}]},{\"@type\":\"ImageObject\",\"inLanguage\":\"pt-BR\",\"@id\":\"https:\/\/uvbbrasil.com.br\/51-congresso-de-vereadores-joceval-abordara-o-novo-pacto-federativo\/#primaryimage\",\"url\":\"https:\/\/uvbbrasil.com.br\/wp-content\/uploads\/2015\/11\/joceval-1.jpg\",\"contentUrl\":\"https:\/\/uvbbrasil.com.br\/wp-content\/uploads\/2015\/11\/joceval-1.jpg\",\"width\":287,\"height\":176},{\"@type\":\"BreadcrumbList\",\"@id\":\"https:\/\/uvbbrasil.com.br\/51-congresso-de-vereadores-joceval-abordara-o-novo-pacto-federativo\/#breadcrumb\",\"itemListElement\":[{\"@type\":\"ListItem\",\"position\":1,\"name\":\"In\u00edcio\",\"item\":\"https:\/\/uvbbrasil.com.br\/\"},{\"@type\":\"ListItem\",\"position\":2,\"name\":\"Joceval Rodrigues abordar\u00e1 o Novo Pacto Federativo no Congresso da UVB\"}]},{\"@type\":\"WebSite\",\"@id\":\"https:\/\/uvbbrasil.com.br\/#website\",\"url\":\"https:\/\/uvbbrasil.com.br\/\",\"name\":\"UVB Brasil\",\"description\":\"Uni\u00e3o dos Vereadores do Brasil\",\"publisher\":{\"@id\":\"https:\/\/uvbbrasil.com.br\/#organization\"},\"potentialAction\":[{\"@type\":\"SearchAction\",\"target\":{\"@type\":\"EntryPoint\",\"urlTemplate\":\"https:\/\/uvbbrasil.com.br\/?s={search_term_string}\"},\"query-input\":{\"@type\":\"PropertyValueSpecification\",\"valueRequired\":true,\"valueName\":\"search_term_string\"}}],\"inLanguage\":\"pt-BR\"},{\"@type\":\"Organization\",\"@id\":\"https:\/\/uvbbrasil.com.br\/#organization\",\"name\":\"UVB Brasil\",\"url\":\"https:\/\/uvbbrasil.com.br\/\",\"logo\":{\"@type\":\"ImageObject\",\"inLanguage\":\"pt-BR\",\"@id\":\"https:\/\/uvbbrasil.com.br\/#\/schema\/logo\/image\/\",\"url\":\"https:\/\/uvbbrasil.com.br\/wp-content\/uploads\/2025\/01\/LOGO-UVB-2024-azul-1.jpg\",\"contentUrl\":\"https:\/\/uvbbrasil.com.br\/wp-content\/uploads\/2025\/01\/LOGO-UVB-2024-azul-1.jpg\",\"width\":600,\"height\":211,\"caption\":\"UVB Brasil\"},\"image\":{\"@id\":\"https:\/\/uvbbrasil.com.br\/#\/schema\/logo\/image\/\"},\"sameAs\":[\"https:\/\/www.facebook.com\/uvb.vereadoresbrasil\",\"https:\/\/www.instagram.com\/uvbbrasil\/\",\"https:\/\/www.youtube.com\/channel\/UCIlPQ8Xzw5GHNzosQIg9S5A\"]},{\"@type\":\"Person\",\"@id\":\"https:\/\/uvbbrasil.com.br\/#\/schema\/person\/17990098446c098f52effddff4f1b272\",\"name\":\"adminuvb\",\"image\":{\"@type\":\"ImageObject\",\"inLanguage\":\"pt-BR\",\"@id\":\"https:\/\/uvbbrasil.com.br\/#\/schema\/person\/image\/\",\"url\":\"https:\/\/secure.gravatar.com\/avatar\/1a494ea6f8e2dd1ae526e55b0e9497efdba542491e0620d704cccf63c6f77c45?s=96&d=mm&r=g\",\"contentUrl\":\"https:\/\/secure.gravatar.com\/avatar\/1a494ea6f8e2dd1ae526e55b0e9497efdba542491e0620d704cccf63c6f77c45?s=96&d=mm&r=g\",\"caption\":\"adminuvb\"},\"sameAs\":[\"https:\/\/uvbbrasil.com.br\"],\"url\":\"https:\/\/uvbbrasil.com.br\/author\/adminuvb\/\"}]}<\/script>\n<!-- \/ Yoast SEO plugin. -->","yoast_head_json":{"title":"Joceval Rodrigues abordar\u00e1 o Novo Pacto Federativo no Congresso da UVB - UVB Brasil","robots":{"index":"index","follow":"follow","max-snippet":"max-snippet:-1","max-image-preview":"max-image-preview:large","max-video-preview":"max-video-preview:-1"},"canonical":"https:\/\/uvbbrasil.com.br\/51-congresso-de-vereadores-joceval-abordara-o-novo-pacto-federativo\/","og_locale":"pt_BR","og_type":"article","og_title":"Joceval Rodrigues abordar\u00e1 o Novo Pacto Federativo no Congresso da UVB - UVB Brasil","og_description":"O vereador presidente da Uni\u00e3o dos Vereadores da Bahia e l\u00edder do governo de ACM Neto na C\u00e2mara de Salvador,...","og_url":"https:\/\/uvbbrasil.com.br\/51-congresso-de-vereadores-joceval-abordara-o-novo-pacto-federativo\/","og_site_name":"UVB Brasil","article_publisher":"https:\/\/www.facebook.com\/uvb.vereadoresbrasil","article_published_time":"2015-11-14T00:36:55+00:00","og_image":[{"width":287,"height":176,"url":"https:\/\/uvbbrasil.com.br\/wp-content\/uploads\/2015\/11\/joceval-1.jpg","type":"image\/jpeg"}],"author":"adminuvb","twitter_card":"summary_large_image","twitter_misc":{"Escrito por":"adminuvb","Est. tempo de leitura":"2 minutos"},"schema":{"@context":"https:\/\/schema.org","@graph":[{"@type":"Article","@id":"https:\/\/uvbbrasil.com.br\/51-congresso-de-vereadores-joceval-abordara-o-novo-pacto-federativo\/#article","isPartOf":{"@id":"https:\/\/uvbbrasil.com.br\/51-congresso-de-vereadores-joceval-abordara-o-novo-pacto-federativo\/"},"author":{"name":"adminuvb","@id":"https:\/\/uvbbrasil.com.br\/#\/schema\/person\/17990098446c098f52effddff4f1b272"},"headline":"Joceval Rodrigues abordar\u00e1 o Novo Pacto Federativo no Congresso da UVB","datePublished":"2015-11-14T00:36:55+00:00","mainEntityOfPage":{"@id":"https:\/\/uvbbrasil.com.br\/51-congresso-de-vereadores-joceval-abordara-o-novo-pacto-federativo\/"},"wordCount":430,"commentCount":0,"publisher":{"@id":"https:\/\/uvbbrasil.com.br\/#organization"},"image":{"@id":"https:\/\/uvbbrasil.com.br\/51-congresso-de-vereadores-joceval-abordara-o-novo-pacto-federativo\/#primaryimage"},"thumbnailUrl":"https:\/\/uvbbrasil.com.br\/wp-content\/uploads\/2015\/11\/joceval-1.jpg","articleSection":["UVB"],"inLanguage":"pt-BR","potentialAction":[{"@type":"CommentAction","name":"Comment","target":["https:\/\/uvbbrasil.com.br\/51-congresso-de-vereadores-joceval-abordara-o-novo-pacto-federativo\/#respond"]}]},{"@type":"WebPage","@id":"https:\/\/uvbbrasil.com.br\/51-congresso-de-vereadores-joceval-abordara-o-novo-pacto-federativo\/","url":"https:\/\/uvbbrasil.com.br\/51-congresso-de-vereadores-joceval-abordara-o-novo-pacto-federativo\/","name":"Joceval Rodrigues abordar\u00e1 o Novo Pacto Federativo no Congresso da UVB - UVB Brasil","isPartOf":{"@id":"https:\/\/uvbbrasil.com.br\/#website"},"primaryImageOfPage":{"@id":"https:\/\/uvbbrasil.com.br\/51-congresso-de-vereadores-joceval-abordara-o-novo-pacto-federativo\/#primaryimage"},"image":{"@id":"https:\/\/uvbbrasil.com.br\/51-congresso-de-vereadores-joceval-abordara-o-novo-pacto-federativo\/#primaryimage"},"thumbnailUrl":"https:\/\/uvbbrasil.com.br\/wp-content\/uploads\/2015\/11\/joceval-1.jpg","datePublished":"2015-11-14T00:36:55+00:00","breadcrumb":{"@id":"https:\/\/uvbbrasil.com.br\/51-congresso-de-vereadores-joceval-abordara-o-novo-pacto-federativo\/#breadcrumb"},"inLanguage":"pt-BR","potentialAction":[{"@type":"ReadAction","target":["https:\/\/uvbbrasil.com.br\/51-congresso-de-vereadores-joceval-abordara-o-novo-pacto-federativo\/"]}]},{"@type":"ImageObject","inLanguage":"pt-BR","@id":"https:\/\/uvbbrasil.com.br\/51-congresso-de-vereadores-joceval-abordara-o-novo-pacto-federativo\/#primaryimage","url":"https:\/\/uvbbrasil.com.br\/wp-content\/uploads\/2015\/11\/joceval-1.jpg","contentUrl":"https:\/\/uvbbrasil.com.br\/wp-content\/uploads\/2015\/11\/joceval-1.jpg","width":287,"height":176},{"@type":"BreadcrumbList","@id":"https:\/\/uvbbrasil.com.br\/51-congresso-de-vereadores-joceval-abordara-o-novo-pacto-federativo\/#breadcrumb","itemListElement":[{"@type":"ListItem","position":1,"name":"In\u00edcio","item":"https:\/\/uvbbrasil.com.br\/"},{"@type":"ListItem","position":2,"name":"Joceval Rodrigues abordar\u00e1 o Novo Pacto Federativo no Congresso da UVB"}]},{"@type":"WebSite","@id":"https:\/\/uvbbrasil.com.br\/#website","url":"https:\/\/uvbbrasil.com.br\/","name":"UVB Brasil","description":"Uni\u00e3o dos Vereadores do Brasil","publisher":{"@id":"https:\/\/uvbbrasil.com.br\/#organization"},"potentialAction":[{"@type":"SearchAction","target":{"@type":"EntryPoint","urlTemplate":"https:\/\/uvbbrasil.com.br\/?s={search_term_string}"},"query-input":{"@type":"PropertyValueSpecification","valueRequired":true,"valueName":"search_term_string"}}],"inLanguage":"pt-BR"},{"@type":"Organization","@id":"https:\/\/uvbbrasil.com.br\/#organization","name":"UVB Brasil","url":"https:\/\/uvbbrasil.com.br\/","logo":{"@type":"ImageObject","inLanguage":"pt-BR","@id":"https:\/\/uvbbrasil.com.br\/#\/schema\/logo\/image\/","url":"https:\/\/uvbbrasil.com.br\/wp-content\/uploads\/2025\/01\/LOGO-UVB-2024-azul-1.jpg","contentUrl":"https:\/\/uvbbrasil.com.br\/wp-content\/uploads\/2025\/01\/LOGO-UVB-2024-azul-1.jpg","width":600,"height":211,"caption":"UVB Brasil"},"image":{"@id":"https:\/\/uvbbrasil.com.br\/#\/schema\/logo\/image\/"},"sameAs":["https:\/\/www.facebook.com\/uvb.vereadoresbrasil","https:\/\/www.instagram.com\/uvbbrasil\/","https:\/\/www.youtube.com\/channel\/UCIlPQ8Xzw5GHNzosQIg9S5A"]},{"@type":"Person","@id":"https:\/\/uvbbrasil.com.br\/#\/schema\/person\/17990098446c098f52effddff4f1b272","name":"adminuvb","image":{"@type":"ImageObject","inLanguage":"pt-BR","@id":"https:\/\/uvbbrasil.com.br\/#\/schema\/person\/image\/","url":"https:\/\/secure.gravatar.com\/avatar\/1a494ea6f8e2dd1ae526e55b0e9497efdba542491e0620d704cccf63c6f77c45?s=96&d=mm&r=g","contentUrl":"https:\/\/secure.gravatar.com\/avatar\/1a494ea6f8e2dd1ae526e55b0e9497efdba542491e0620d704cccf63c6f77c45?s=96&d=mm&r=g","caption":"adminuvb"},"sameAs":["https:\/\/uvbbrasil.com.br"],"url":"https:\/\/uvbbrasil.com.br\/author\/adminuvb\/"}]}},"_links":{"self":[{"href":"https:\/\/uvbbrasil.com.br\/uvb-json\/wp\/v2\/posts\/2003","targetHints":{"allow":["GET"]}}],"collection":[{"href":"https:\/\/uvbbrasil.com.br\/uvb-json\/wp\/v2\/posts"}],"about":[{"href":"https:\/\/uvbbrasil.com.br\/uvb-json\/wp\/v2\/types\/post"}],"author":[{"embeddable":true,"href":"https:\/\/uvbbrasil.com.br\/uvb-json\/wp\/v2\/users\/1"}],"replies":[{"embeddable":true,"href":"https:\/\/uvbbrasil.com.br\/uvb-json\/wp\/v2\/comments?post=2003"}],"version-history":[{"count":0,"href":"https:\/\/uvbbrasil.com.br\/uvb-json\/wp\/v2\/posts\/2003\/revisions"}],"wp:featuredmedia":[{"embeddable":true,"href":"https:\/\/uvbbrasil.com.br\/uvb-json\/wp\/v2\/media\/2004"}],"wp:attachment":[{"href":"https:\/\/uvbbrasil.com.br\/uvb-json\/wp\/v2\/media?parent=2003"}],"wp:term":[{"taxonomy":"category","embeddable":true,"href":"https:\/\/uvbbrasil.com.br\/uvb-json\/wp\/v2\/categories?post=2003"},{"taxonomy":"post_tag","embeddable":true,"href":"https:\/\/uvbbrasil.com.br\/uvb-json\/wp\/v2\/tags?post=2003"}],"curies":[{"name":"wp","href":"https:\/\/api.w.org\/{rel}","templated":true}]}}