{"id":19280,"date":"2020-07-10T09:54:59","date_gmt":"2020-07-10T12:54:59","guid":{"rendered":"https:\/\/wpsandbox4.pante.com.br\/?p=19280"},"modified":"2020-07-10T09:54:59","modified_gmt":"2020-07-10T12:54:59","slug":"eleicoes-2020-conheca-funcoes-vereador","status":"publish","type":"post","link":"https:\/\/uvbbrasil.com.br\/eleicoes-2020-conheca-funcoes-vereador\/","title":{"rendered":"Elei\u00e7\u00f5es 2020: conhe\u00e7a as fun\u00e7\u00f5es do vereador"},"content":{"rendered":"<p class=\"noticia-titulo\">Candidatos ao cargo ser\u00e3o eleitos em 5.568 munic\u00edpios espalhados pelos 26 estados do pa\u00eds<\/p>\n<p>Nas Elei\u00e7\u00f5es Municipais deste ano, os eleitores brasileiros ir\u00e3o \u00e0s urnas para eleger representantes p\u00fablicos para dois cargos: prefeito e vereador. O pleito est\u00e1 marcado para o dia 15 de novembro em 5.568 munic\u00edpios espalhados pelos 26 estados do pa\u00eds. O n\u00famero atual de aptos a votar \u00e9 de mais de 148 milh\u00f5es de eleitores.<\/p>\n<p>Mas voc\u00ea sabe qual o papel do vereador em cada cidade? De acordo com a Constitui\u00e7\u00e3o Federal, cabe ao vereador elaborar as leis municipais e fiscalizar a atua\u00e7\u00e3o do Executivo \u2013 no caso, o prefeito. S\u00e3o os vereadores que prop\u00f5em, discutem e aprovam as normas a serem aplicadas no munic\u00edpio, principalmente sobre mat\u00e9rias que envolvam impostos municipais, educa\u00e7\u00e3o municipal, linhas de \u00f4nibus e saneamento, entre outros temas da cidade. Entre essas leis, tamb\u00e9m est\u00e1 a Lei Or\u00e7ament\u00e1ria Anual, que define como dever\u00e3o ser aplicados os recursos provenientes dos impostos pagos pelos cidad\u00e3os. Tamb\u00e9m \u00e9 dever do vereador acompanhar as a\u00e7\u00f5es do Executivo, verificando se est\u00e3o sendo cumpridas as metas de governo e se est\u00e3o sendo atendidas as normas legais.<\/p>\n<p>A palavra \u201cvereador\u201d \u00e9 do voc\u00e1bulo \u201cverea\u201d, forma arcaica portuguesa de vereda ou caminho. Sendo assim, o vereador \u00e9 aquele que vereia ou orienta o caminho, ou seja, ele \u00e9 a liga\u00e7\u00e3o entre o povo e seu governo. Uma das miss\u00f5es do vereador \u00e9 ouvir o que os eleitores querem para, ent\u00e3o, propor e aprovar esses pedidos na respectiva C\u00e2mara Municipal, al\u00e9m de fiscalizar se o prefeito e seus secret\u00e1rios est\u00e3o colocando essas demandas em pr\u00e1tica. Por isso, \u00e9 importante que o eleitor acompanhe a atua\u00e7\u00e3o do vereador ao longo do mandato para verificar se o trabalho est\u00e1 sendo bem desenvolvido.<\/p>\n<p>Para tanto, os cidad\u00e3os podem ir \u00e0s sess\u00f5es legislativas ou mesmo conversar com os vereadores em seus gabinetes, que devem manter um canal aberto para seus eleitores. Eventuais irregularidades podem ser denunciadas ao Minist\u00e9rio P\u00fablico, a quem cabe fiscalizar o poder p\u00fablico.<\/p>\n<p>Falando em fiscaliza\u00e7\u00e3o, essa tamb\u00e9m \u00e9 uma das atribui\u00e7\u00f5es do vereador, que tem o poder e o dever de fiscalizar a administra\u00e7\u00e3o do prefeito, cuidando da aplica\u00e7\u00e3o dos recursos e observando o or\u00e7amento e a boa aplica\u00e7\u00e3o e gest\u00e3o do dinheiro p\u00fablico.<\/p>\n<p><strong>Quem pode se candidatar?<\/strong><\/p>\n<p>Para se candidatar a vereador, o cidad\u00e3o precisa ter o domic\u00edlio eleitoral na cidade em que pretende concorrer at\u00e9 seis meses antes da elei\u00e7\u00e3o, al\u00e9m de estar filiado a um partido pol\u00edtico. Precisa ainda ter nacionalidade brasileira, ser alfabetizado, estar em dia com a Justi\u00e7a Eleitoral, ser maior de 18 anos e, no caso dos homens, ter certificado de reservista.<\/p>\n<p>O total de vagas para a C\u00e2mara de Vereadores depende do tamanho da popula\u00e7\u00e3o de cada cidade. O sal\u00e1rio dos vereadores segue a mesma l\u00f3gica, ou seja, em cidades pequenas, de at\u00e9 10 mil pessoas, os sal\u00e1rios devem ser no m\u00e1ximo 20% do sal\u00e1rio de um deputado estadual daquele estado. O percentual aumenta de acordo com o n\u00famero de habitantes, at\u00e9 chegar a 75%, no caso das cidades com mais de 500 mil habitantes. As regras est\u00e3o dispostas no artigo 29, inciso VI, da Constitui\u00e7\u00e3o Federal, que estabelece tamb\u00e9m o m\u00ednimo de nove e o m\u00e1ximo de 55 vereadores numa C\u00e2mara Municipal, obedecendo ao crit\u00e9rio de proporcionalidade em rela\u00e7\u00e3o ao n\u00famero de habitantes.<\/p>\n<p><a href=\"https:\/\/uvbbrasil.com.br\/?attachment_id=19281\" rel=\"attachment wp-att-19281\"><img fetchpriority=\"high\" decoding=\"async\" class=\"aligncenter size-full wp-image-19281\" src=\"https:\/\/uvbbrasil.com.br\/wp-content\/uploads\/2020\/07\/2020.jpeg\" alt=\"\" width=\"543\" height=\"263\" srcset=\"https:\/\/uvbbrasil.com.br\/wp-content\/uploads\/2020\/07\/2020.jpeg 543w, https:\/\/uvbbrasil.com.br\/wp-content\/uploads\/2020\/07\/2020-300x145.jpeg 300w\" sizes=\"(max-width: 543px) 100vw, 543px\" \/><\/a><\/p>\n<p><em>fonte<\/em>:http:\/\/www.tse.jus.br\/imprensa\/noticias-tse<\/p>\n","protected":false},"excerpt":{"rendered":"<p>Candidatos ao cargo ser\u00e3o eleitos em 5.568 munic\u00edpios espalhados pelos 26 estados do pa\u00eds Nas Elei\u00e7\u00f5es Municipais deste ano, os&#8230;<\/p>\n","protected":false},"author":1,"featured_media":19281,"comment_status":"open","ping_status":"open","sticky":false,"template":"","format":"standard","meta":{"footnotes":""},"categories":[3,4],"tags":[],"class_list":["post-19280","post","type-post","status-publish","format-standard","has-post-thumbnail","hentry","category-noticias","category-home"],"yoast_head":"<!-- This site is optimized with the Yoast SEO plugin v26.7 - https:\/\/yoast.com\/wordpress\/plugins\/seo\/ -->\n<title>Elei\u00e7\u00f5es 2020: conhe\u00e7a as fun\u00e7\u00f5es do vereador - UVB Brasil<\/title>\n<meta name=\"robots\" content=\"index, follow, max-snippet:-1, max-image-preview:large, max-video-preview:-1\" \/>\n<link rel=\"canonical\" href=\"https:\/\/uvbbrasil.com.br\/eleicoes-2020-conheca-funcoes-vereador\/\" \/>\n<meta property=\"og:locale\" content=\"pt_BR\" \/>\n<meta property=\"og:type\" content=\"article\" \/>\n<meta property=\"og:title\" content=\"Elei\u00e7\u00f5es 2020: conhe\u00e7a as fun\u00e7\u00f5es do vereador - UVB Brasil\" \/>\n<meta property=\"og:description\" content=\"Candidatos ao cargo ser\u00e3o eleitos em 5.568 munic\u00edpios espalhados pelos 26 estados do pa\u00eds Nas Elei\u00e7\u00f5es Municipais deste ano, os...\" \/>\n<meta property=\"og:url\" content=\"https:\/\/uvbbrasil.com.br\/eleicoes-2020-conheca-funcoes-vereador\/\" \/>\n<meta property=\"og:site_name\" content=\"UVB Brasil\" \/>\n<meta property=\"article:publisher\" content=\"https:\/\/www.facebook.com\/uvb.vereadoresbrasil\" \/>\n<meta property=\"article:published_time\" content=\"2020-07-10T12:54:59+00:00\" \/>\n<meta property=\"og:image\" content=\"https:\/\/uvbbrasil.com.br\/wp-content\/uploads\/2020\/07\/2020.jpeg\" \/>\n\t<meta property=\"og:image:width\" content=\"543\" \/>\n\t<meta property=\"og:image:height\" content=\"263\" \/>\n\t<meta property=\"og:image:type\" content=\"image\/jpeg\" \/>\n<meta name=\"author\" content=\"adminuvb\" \/>\n<meta name=\"twitter:card\" content=\"summary_large_image\" \/>\n<meta name=\"twitter:label1\" content=\"Escrito por\" \/>\n\t<meta name=\"twitter:data1\" content=\"adminuvb\" \/>\n\t<meta name=\"twitter:label2\" content=\"Est. tempo de leitura\" \/>\n\t<meta name=\"twitter:data2\" content=\"3 minutos\" \/>\n<script type=\"application\/ld+json\" class=\"yoast-schema-graph\">{\"@context\":\"https:\/\/schema.org\",\"@graph\":[{\"@type\":\"Article\",\"@id\":\"https:\/\/uvbbrasil.com.br\/eleicoes-2020-conheca-funcoes-vereador\/#article\",\"isPartOf\":{\"@id\":\"https:\/\/uvbbrasil.com.br\/eleicoes-2020-conheca-funcoes-vereador\/\"},\"author\":{\"name\":\"adminuvb\",\"@id\":\"https:\/\/uvbbrasil.com.br\/#\/schema\/person\/17990098446c098f52effddff4f1b272\"},\"headline\":\"Elei\u00e7\u00f5es 2020: conhe\u00e7a as fun\u00e7\u00f5es do vereador\",\"datePublished\":\"2020-07-10T12:54:59+00:00\",\"mainEntityOfPage\":{\"@id\":\"https:\/\/uvbbrasil.com.br\/eleicoes-2020-conheca-funcoes-vereador\/\"},\"wordCount\":618,\"commentCount\":0,\"publisher\":{\"@id\":\"https:\/\/uvbbrasil.com.br\/#organization\"},\"image\":{\"@id\":\"https:\/\/uvbbrasil.com.br\/eleicoes-2020-conheca-funcoes-vereador\/#primaryimage\"},\"thumbnailUrl\":\"https:\/\/uvbbrasil.com.br\/wp-content\/uploads\/2020\/07\/2020.jpeg\",\"articleSection\":[\"NOT\u00cdCIAS\",\"UVB\"],\"inLanguage\":\"pt-BR\",\"potentialAction\":[{\"@type\":\"CommentAction\",\"name\":\"Comment\",\"target\":[\"https:\/\/uvbbrasil.com.br\/eleicoes-2020-conheca-funcoes-vereador\/#respond\"]}]},{\"@type\":\"WebPage\",\"@id\":\"https:\/\/uvbbrasil.com.br\/eleicoes-2020-conheca-funcoes-vereador\/\",\"url\":\"https:\/\/uvbbrasil.com.br\/eleicoes-2020-conheca-funcoes-vereador\/\",\"name\":\"Elei\u00e7\u00f5es 2020: conhe\u00e7a as fun\u00e7\u00f5es do vereador - UVB Brasil\",\"isPartOf\":{\"@id\":\"https:\/\/uvbbrasil.com.br\/#website\"},\"primaryImageOfPage\":{\"@id\":\"https:\/\/uvbbrasil.com.br\/eleicoes-2020-conheca-funcoes-vereador\/#primaryimage\"},\"image\":{\"@id\":\"https:\/\/uvbbrasil.com.br\/eleicoes-2020-conheca-funcoes-vereador\/#primaryimage\"},\"thumbnailUrl\":\"https:\/\/uvbbrasil.com.br\/wp-content\/uploads\/2020\/07\/2020.jpeg\",\"datePublished\":\"2020-07-10T12:54:59+00:00\",\"breadcrumb\":{\"@id\":\"https:\/\/uvbbrasil.com.br\/eleicoes-2020-conheca-funcoes-vereador\/#breadcrumb\"},\"inLanguage\":\"pt-BR\",\"potentialAction\":[{\"@type\":\"ReadAction\",\"target\":[\"https:\/\/uvbbrasil.com.br\/eleicoes-2020-conheca-funcoes-vereador\/\"]}]},{\"@type\":\"ImageObject\",\"inLanguage\":\"pt-BR\",\"@id\":\"https:\/\/uvbbrasil.com.br\/eleicoes-2020-conheca-funcoes-vereador\/#primaryimage\",\"url\":\"https:\/\/uvbbrasil.com.br\/wp-content\/uploads\/2020\/07\/2020.jpeg\",\"contentUrl\":\"https:\/\/uvbbrasil.com.br\/wp-content\/uploads\/2020\/07\/2020.jpeg\",\"width\":543,\"height\":263},{\"@type\":\"BreadcrumbList\",\"@id\":\"https:\/\/uvbbrasil.com.br\/eleicoes-2020-conheca-funcoes-vereador\/#breadcrumb\",\"itemListElement\":[{\"@type\":\"ListItem\",\"position\":1,\"name\":\"In\u00edcio\",\"item\":\"https:\/\/uvbbrasil.com.br\/\"},{\"@type\":\"ListItem\",\"position\":2,\"name\":\"Elei\u00e7\u00f5es 2020: conhe\u00e7a as fun\u00e7\u00f5es do vereador\"}]},{\"@type\":\"WebSite\",\"@id\":\"https:\/\/uvbbrasil.com.br\/#website\",\"url\":\"https:\/\/uvbbrasil.com.br\/\",\"name\":\"UVB Brasil\",\"description\":\"Uni\u00e3o dos Vereadores do Brasil\",\"publisher\":{\"@id\":\"https:\/\/uvbbrasil.com.br\/#organization\"},\"potentialAction\":[{\"@type\":\"SearchAction\",\"target\":{\"@type\":\"EntryPoint\",\"urlTemplate\":\"https:\/\/uvbbrasil.com.br\/?s={search_term_string}\"},\"query-input\":{\"@type\":\"PropertyValueSpecification\",\"valueRequired\":true,\"valueName\":\"search_term_string\"}}],\"inLanguage\":\"pt-BR\"},{\"@type\":\"Organization\",\"@id\":\"https:\/\/uvbbrasil.com.br\/#organization\",\"name\":\"UVB Brasil\",\"url\":\"https:\/\/uvbbrasil.com.br\/\",\"logo\":{\"@type\":\"ImageObject\",\"inLanguage\":\"pt-BR\",\"@id\":\"https:\/\/uvbbrasil.com.br\/#\/schema\/logo\/image\/\",\"url\":\"https:\/\/uvbbrasil.com.br\/wp-content\/uploads\/2025\/01\/LOGO-UVB-2024-azul-1.jpg\",\"contentUrl\":\"https:\/\/uvbbrasil.com.br\/wp-content\/uploads\/2025\/01\/LOGO-UVB-2024-azul-1.jpg\",\"width\":600,\"height\":211,\"caption\":\"UVB Brasil\"},\"image\":{\"@id\":\"https:\/\/uvbbrasil.com.br\/#\/schema\/logo\/image\/\"},\"sameAs\":[\"https:\/\/www.facebook.com\/uvb.vereadoresbrasil\",\"https:\/\/www.instagram.com\/uvbbrasil\/\",\"https:\/\/www.youtube.com\/channel\/UCIlPQ8Xzw5GHNzosQIg9S5A\"]},{\"@type\":\"Person\",\"@id\":\"https:\/\/uvbbrasil.com.br\/#\/schema\/person\/17990098446c098f52effddff4f1b272\",\"name\":\"adminuvb\",\"image\":{\"@type\":\"ImageObject\",\"inLanguage\":\"pt-BR\",\"@id\":\"https:\/\/uvbbrasil.com.br\/#\/schema\/person\/image\/\",\"url\":\"https:\/\/secure.gravatar.com\/avatar\/1a494ea6f8e2dd1ae526e55b0e9497efdba542491e0620d704cccf63c6f77c45?s=96&d=mm&r=g\",\"contentUrl\":\"https:\/\/secure.gravatar.com\/avatar\/1a494ea6f8e2dd1ae526e55b0e9497efdba542491e0620d704cccf63c6f77c45?s=96&d=mm&r=g\",\"caption\":\"adminuvb\"},\"sameAs\":[\"https:\/\/uvbbrasil.com.br\"],\"url\":\"https:\/\/uvbbrasil.com.br\/author\/adminuvb\/\"}]}<\/script>\n<!-- \/ Yoast SEO plugin. -->","yoast_head_json":{"title":"Elei\u00e7\u00f5es 2020: conhe\u00e7a as fun\u00e7\u00f5es do vereador - UVB Brasil","robots":{"index":"index","follow":"follow","max-snippet":"max-snippet:-1","max-image-preview":"max-image-preview:large","max-video-preview":"max-video-preview:-1"},"canonical":"https:\/\/uvbbrasil.com.br\/eleicoes-2020-conheca-funcoes-vereador\/","og_locale":"pt_BR","og_type":"article","og_title":"Elei\u00e7\u00f5es 2020: conhe\u00e7a as fun\u00e7\u00f5es do vereador - UVB Brasil","og_description":"Candidatos ao cargo ser\u00e3o eleitos em 5.568 munic\u00edpios espalhados pelos 26 estados do pa\u00eds Nas Elei\u00e7\u00f5es Municipais deste ano, os...","og_url":"https:\/\/uvbbrasil.com.br\/eleicoes-2020-conheca-funcoes-vereador\/","og_site_name":"UVB Brasil","article_publisher":"https:\/\/www.facebook.com\/uvb.vereadoresbrasil","article_published_time":"2020-07-10T12:54:59+00:00","og_image":[{"width":543,"height":263,"url":"https:\/\/uvbbrasil.com.br\/wp-content\/uploads\/2020\/07\/2020.jpeg","type":"image\/jpeg"}],"author":"adminuvb","twitter_card":"summary_large_image","twitter_misc":{"Escrito por":"adminuvb","Est. tempo de leitura":"3 minutos"},"schema":{"@context":"https:\/\/schema.org","@graph":[{"@type":"Article","@id":"https:\/\/uvbbrasil.com.br\/eleicoes-2020-conheca-funcoes-vereador\/#article","isPartOf":{"@id":"https:\/\/uvbbrasil.com.br\/eleicoes-2020-conheca-funcoes-vereador\/"},"author":{"name":"adminuvb","@id":"https:\/\/uvbbrasil.com.br\/#\/schema\/person\/17990098446c098f52effddff4f1b272"},"headline":"Elei\u00e7\u00f5es 2020: conhe\u00e7a as fun\u00e7\u00f5es do vereador","datePublished":"2020-07-10T12:54:59+00:00","mainEntityOfPage":{"@id":"https:\/\/uvbbrasil.com.br\/eleicoes-2020-conheca-funcoes-vereador\/"},"wordCount":618,"commentCount":0,"publisher":{"@id":"https:\/\/uvbbrasil.com.br\/#organization"},"image":{"@id":"https:\/\/uvbbrasil.com.br\/eleicoes-2020-conheca-funcoes-vereador\/#primaryimage"},"thumbnailUrl":"https:\/\/uvbbrasil.com.br\/wp-content\/uploads\/2020\/07\/2020.jpeg","articleSection":["NOT\u00cdCIAS","UVB"],"inLanguage":"pt-BR","potentialAction":[{"@type":"CommentAction","name":"Comment","target":["https:\/\/uvbbrasil.com.br\/eleicoes-2020-conheca-funcoes-vereador\/#respond"]}]},{"@type":"WebPage","@id":"https:\/\/uvbbrasil.com.br\/eleicoes-2020-conheca-funcoes-vereador\/","url":"https:\/\/uvbbrasil.com.br\/eleicoes-2020-conheca-funcoes-vereador\/","name":"Elei\u00e7\u00f5es 2020: conhe\u00e7a as fun\u00e7\u00f5es do vereador - UVB Brasil","isPartOf":{"@id":"https:\/\/uvbbrasil.com.br\/#website"},"primaryImageOfPage":{"@id":"https:\/\/uvbbrasil.com.br\/eleicoes-2020-conheca-funcoes-vereador\/#primaryimage"},"image":{"@id":"https:\/\/uvbbrasil.com.br\/eleicoes-2020-conheca-funcoes-vereador\/#primaryimage"},"thumbnailUrl":"https:\/\/uvbbrasil.com.br\/wp-content\/uploads\/2020\/07\/2020.jpeg","datePublished":"2020-07-10T12:54:59+00:00","breadcrumb":{"@id":"https:\/\/uvbbrasil.com.br\/eleicoes-2020-conheca-funcoes-vereador\/#breadcrumb"},"inLanguage":"pt-BR","potentialAction":[{"@type":"ReadAction","target":["https:\/\/uvbbrasil.com.br\/eleicoes-2020-conheca-funcoes-vereador\/"]}]},{"@type":"ImageObject","inLanguage":"pt-BR","@id":"https:\/\/uvbbrasil.com.br\/eleicoes-2020-conheca-funcoes-vereador\/#primaryimage","url":"https:\/\/uvbbrasil.com.br\/wp-content\/uploads\/2020\/07\/2020.jpeg","contentUrl":"https:\/\/uvbbrasil.com.br\/wp-content\/uploads\/2020\/07\/2020.jpeg","width":543,"height":263},{"@type":"BreadcrumbList","@id":"https:\/\/uvbbrasil.com.br\/eleicoes-2020-conheca-funcoes-vereador\/#breadcrumb","itemListElement":[{"@type":"ListItem","position":1,"name":"In\u00edcio","item":"https:\/\/uvbbrasil.com.br\/"},{"@type":"ListItem","position":2,"name":"Elei\u00e7\u00f5es 2020: conhe\u00e7a as fun\u00e7\u00f5es do vereador"}]},{"@type":"WebSite","@id":"https:\/\/uvbbrasil.com.br\/#website","url":"https:\/\/uvbbrasil.com.br\/","name":"UVB Brasil","description":"Uni\u00e3o dos Vereadores do Brasil","publisher":{"@id":"https:\/\/uvbbrasil.com.br\/#organization"},"potentialAction":[{"@type":"SearchAction","target":{"@type":"EntryPoint","urlTemplate":"https:\/\/uvbbrasil.com.br\/?s={search_term_string}"},"query-input":{"@type":"PropertyValueSpecification","valueRequired":true,"valueName":"search_term_string"}}],"inLanguage":"pt-BR"},{"@type":"Organization","@id":"https:\/\/uvbbrasil.com.br\/#organization","name":"UVB Brasil","url":"https:\/\/uvbbrasil.com.br\/","logo":{"@type":"ImageObject","inLanguage":"pt-BR","@id":"https:\/\/uvbbrasil.com.br\/#\/schema\/logo\/image\/","url":"https:\/\/uvbbrasil.com.br\/wp-content\/uploads\/2025\/01\/LOGO-UVB-2024-azul-1.jpg","contentUrl":"https:\/\/uvbbrasil.com.br\/wp-content\/uploads\/2025\/01\/LOGO-UVB-2024-azul-1.jpg","width":600,"height":211,"caption":"UVB Brasil"},"image":{"@id":"https:\/\/uvbbrasil.com.br\/#\/schema\/logo\/image\/"},"sameAs":["https:\/\/www.facebook.com\/uvb.vereadoresbrasil","https:\/\/www.instagram.com\/uvbbrasil\/","https:\/\/www.youtube.com\/channel\/UCIlPQ8Xzw5GHNzosQIg9S5A"]},{"@type":"Person","@id":"https:\/\/uvbbrasil.com.br\/#\/schema\/person\/17990098446c098f52effddff4f1b272","name":"adminuvb","image":{"@type":"ImageObject","inLanguage":"pt-BR","@id":"https:\/\/uvbbrasil.com.br\/#\/schema\/person\/image\/","url":"https:\/\/secure.gravatar.com\/avatar\/1a494ea6f8e2dd1ae526e55b0e9497efdba542491e0620d704cccf63c6f77c45?s=96&d=mm&r=g","contentUrl":"https:\/\/secure.gravatar.com\/avatar\/1a494ea6f8e2dd1ae526e55b0e9497efdba542491e0620d704cccf63c6f77c45?s=96&d=mm&r=g","caption":"adminuvb"},"sameAs":["https:\/\/uvbbrasil.com.br"],"url":"https:\/\/uvbbrasil.com.br\/author\/adminuvb\/"}]}},"_links":{"self":[{"href":"https:\/\/uvbbrasil.com.br\/uvb-json\/wp\/v2\/posts\/19280","targetHints":{"allow":["GET"]}}],"collection":[{"href":"https:\/\/uvbbrasil.com.br\/uvb-json\/wp\/v2\/posts"}],"about":[{"href":"https:\/\/uvbbrasil.com.br\/uvb-json\/wp\/v2\/types\/post"}],"author":[{"embeddable":true,"href":"https:\/\/uvbbrasil.com.br\/uvb-json\/wp\/v2\/users\/1"}],"replies":[{"embeddable":true,"href":"https:\/\/uvbbrasil.com.br\/uvb-json\/wp\/v2\/comments?post=19280"}],"version-history":[{"count":0,"href":"https:\/\/uvbbrasil.com.br\/uvb-json\/wp\/v2\/posts\/19280\/revisions"}],"wp:featuredmedia":[{"embeddable":true,"href":"https:\/\/uvbbrasil.com.br\/uvb-json\/wp\/v2\/media\/19281"}],"wp:attachment":[{"href":"https:\/\/uvbbrasil.com.br\/uvb-json\/wp\/v2\/media?parent=19280"}],"wp:term":[{"taxonomy":"category","embeddable":true,"href":"https:\/\/uvbbrasil.com.br\/uvb-json\/wp\/v2\/categories?post=19280"},{"taxonomy":"post_tag","embeddable":true,"href":"https:\/\/uvbbrasil.com.br\/uvb-json\/wp\/v2\/tags?post=19280"}],"curies":[{"name":"wp","href":"https:\/\/api.w.org\/{rel}","templated":true}]}}