{"id":19274,"date":"2020-07-10T09:47:09","date_gmt":"2020-07-10T12:47:09","guid":{"rendered":"https:\/\/wpsandbox4.pante.com.br\/?p=19274"},"modified":"2020-07-10T09:47:09","modified_gmt":"2020-07-10T12:47:09","slug":"medida-provisoria-libera-r-3-bilhoes-para-trabalhadores-da-cultura","status":"publish","type":"post","link":"https:\/\/uvbbrasil.com.br\/medida-provisoria-libera-r-3-bilhoes-para-trabalhadores-da-cultura\/","title":{"rendered":"Medida provis\u00f3ria libera R$ 3 bilh\u00f5es para trabalhadores da cultura"},"content":{"rendered":"<p class=\"western\">O presidente Jair Bolsonaro editou nesta quinta-feira (9) uma medida provis\u00f3ria que libera R$ 3 bilh\u00f5es em aux\u00edlio financeiro a artistas e estabelecimentos culturais durante a pandemia da covid-19. O dinheiro ser\u00e1 repassado a estados, Distrito Federal e munic\u00edpios, que v\u00e3o aplic\u00e1-lo em renda emergencial para os trabalhadores do setor. A <a class=\"external-link\" title=\"\" href=\"http:\/\/www.planalto.gov.br\/ccivil_03\/_ato2019-2022\/2020\/Mpv\/mpv990.htm\" target=\"_self\">MP 990\/2020<\/a> est\u00e1 publicada na edi\u00e7\u00e3o desta sexta-feira (10) do <em>Di\u00e1rio Oficial da Uni\u00e3o<\/em> (DOU).<\/p>\n<p class=\"western\">O cr\u00e9dito extraordin\u00e1rio aberto com a MP atende \u00e0 Lei Aldir Blanc (<a class=\"external-link\" title=\"\" href=\"http:\/\/www.in.gov.br\/en\/web\/dou\/-\/lei-n-14.017-de-29-de-junho-de-2020-264166628\" target=\"_self\">Lei 14.017, de 2020<\/a>, sancionada em 29 de junho), que criou o aux\u00edlio de R$ 600 para trabalhadores do setor. A norma foi batizada em homenagem ao ao compositor e escritor que morreu em maio, v\u00edtima do coronav\u00edrus.\u00a0O projeto que deu origem \u00e0 Lei Aldir Blanc foi <a class=\"external-link\" title=\"\" href=\"http:\/\/www12.senado.leg.br\/noticias\/materias\/2020\/06\/04\/senado-aprova-auxilio-financeiro-para-a-cultura-durante-pandemia-texto-vai-a-sancao\" target=\"_self\">aprovado pelo Senado no in\u00edcio de junho<\/a>.<\/p>\n<p class=\"western\">O texto prev\u00ea o pagamento de tr\u00eas parcelas de R$ 600 para os artistas informais, a exemplo do aux\u00edlio emergencial pago a trabalhadores informais. Al\u00e9m da renda para trabalhadores da cultura, os recursos poder\u00e3o ser usados como subs\u00eddio para manuten\u00e7\u00e3o de espa\u00e7os culturais, fomento a projetos e linhas de cr\u00e9dito.<a href=\"https:\/\/uvbbrasil.com.br\/?attachment_id=19275\" rel=\"attachment wp-att-19275\"><img fetchpriority=\"high\" decoding=\"async\" class=\"aligncenter size-full wp-image-19275\" src=\"https:\/\/uvbbrasil.com.br\/wp-content\/uploads\/2020\/07\/imagem_materia-3.jpg\" alt=\"\" width=\"860\" height=\"570\" srcset=\"https:\/\/uvbbrasil.com.br\/wp-content\/uploads\/2020\/07\/imagem_materia-3.jpg 860w, https:\/\/uvbbrasil.com.br\/wp-content\/uploads\/2020\/07\/imagem_materia-3-300x199.jpg 300w, https:\/\/uvbbrasil.com.br\/wp-content\/uploads\/2020\/07\/imagem_materia-3-768x509.jpg 768w\" sizes=\"(max-width: 860px) 100vw, 860px\" \/><\/a><\/p>\n<p>Fonte: Ag\u00eancia Senado<\/p>\n","protected":false},"excerpt":{"rendered":"<p>O presidente Jair Bolsonaro editou nesta quinta-feira (9) uma medida provis\u00f3ria que libera R$ 3 bilh\u00f5es em aux\u00edlio financeiro a&#8230;<\/p>\n","protected":false},"author":1,"featured_media":19275,"comment_status":"open","ping_status":"open","sticky":false,"template":"","format":"standard","meta":{"footnotes":""},"categories":[3],"tags":[],"class_list":["post-19274","post","type-post","status-publish","format-standard","has-post-thumbnail","hentry","category-noticias"],"yoast_head":"<!-- This site is optimized with the Yoast SEO plugin v26.7 - https:\/\/yoast.com\/wordpress\/plugins\/seo\/ -->\n<title>Medida provis\u00f3ria libera R$ 3 bilh\u00f5es para trabalhadores da cultura - UVB Brasil<\/title>\n<meta name=\"robots\" content=\"index, follow, max-snippet:-1, max-image-preview:large, max-video-preview:-1\" \/>\n<link rel=\"canonical\" href=\"https:\/\/uvbbrasil.com.br\/medida-provisoria-libera-r-3-bilhoes-para-trabalhadores-da-cultura\/\" \/>\n<meta property=\"og:locale\" content=\"pt_BR\" \/>\n<meta property=\"og:type\" content=\"article\" \/>\n<meta property=\"og:title\" content=\"Medida provis\u00f3ria libera R$ 3 bilh\u00f5es para trabalhadores da cultura - UVB Brasil\" \/>\n<meta property=\"og:description\" content=\"O presidente Jair Bolsonaro editou nesta quinta-feira (9) uma medida provis\u00f3ria que libera R$ 3 bilh\u00f5es em aux\u00edlio financeiro a...\" \/>\n<meta property=\"og:url\" content=\"https:\/\/uvbbrasil.com.br\/medida-provisoria-libera-r-3-bilhoes-para-trabalhadores-da-cultura\/\" \/>\n<meta property=\"og:site_name\" content=\"UVB Brasil\" \/>\n<meta property=\"article:publisher\" content=\"https:\/\/www.facebook.com\/uvb.vereadoresbrasil\" \/>\n<meta property=\"article:published_time\" content=\"2020-07-10T12:47:09+00:00\" \/>\n<meta property=\"og:image\" content=\"https:\/\/uvbbrasil.com.br\/wp-content\/uploads\/2020\/07\/imagem_materia-3.jpg\" \/>\n\t<meta property=\"og:image:width\" content=\"860\" \/>\n\t<meta property=\"og:image:height\" content=\"570\" \/>\n\t<meta property=\"og:image:type\" content=\"image\/jpeg\" \/>\n<meta name=\"author\" content=\"adminuvb\" \/>\n<meta name=\"twitter:card\" content=\"summary_large_image\" \/>\n<meta name=\"twitter:label1\" content=\"Escrito por\" \/>\n\t<meta name=\"twitter:data1\" content=\"adminuvb\" \/>\n\t<meta name=\"twitter:label2\" content=\"Est. tempo de leitura\" \/>\n\t<meta name=\"twitter:data2\" content=\"1 minuto\" \/>\n<script type=\"application\/ld+json\" class=\"yoast-schema-graph\">{\"@context\":\"https:\/\/schema.org\",\"@graph\":[{\"@type\":\"Article\",\"@id\":\"https:\/\/uvbbrasil.com.br\/medida-provisoria-libera-r-3-bilhoes-para-trabalhadores-da-cultura\/#article\",\"isPartOf\":{\"@id\":\"https:\/\/uvbbrasil.com.br\/medida-provisoria-libera-r-3-bilhoes-para-trabalhadores-da-cultura\/\"},\"author\":{\"name\":\"adminuvb\",\"@id\":\"https:\/\/uvbbrasil.com.br\/#\/schema\/person\/17990098446c098f52effddff4f1b272\"},\"headline\":\"Medida provis\u00f3ria libera R$ 3 bilh\u00f5es para trabalhadores da cultura\",\"datePublished\":\"2020-07-10T12:47:09+00:00\",\"mainEntityOfPage\":{\"@id\":\"https:\/\/uvbbrasil.com.br\/medida-provisoria-libera-r-3-bilhoes-para-trabalhadores-da-cultura\/\"},\"wordCount\":210,\"commentCount\":0,\"publisher\":{\"@id\":\"https:\/\/uvbbrasil.com.br\/#organization\"},\"image\":{\"@id\":\"https:\/\/uvbbrasil.com.br\/medida-provisoria-libera-r-3-bilhoes-para-trabalhadores-da-cultura\/#primaryimage\"},\"thumbnailUrl\":\"https:\/\/uvbbrasil.com.br\/wp-content\/uploads\/2020\/07\/imagem_materia-3.jpg\",\"articleSection\":[\"NOT\u00cdCIAS\"],\"inLanguage\":\"pt-BR\",\"potentialAction\":[{\"@type\":\"CommentAction\",\"name\":\"Comment\",\"target\":[\"https:\/\/uvbbrasil.com.br\/medida-provisoria-libera-r-3-bilhoes-para-trabalhadores-da-cultura\/#respond\"]}]},{\"@type\":\"WebPage\",\"@id\":\"https:\/\/uvbbrasil.com.br\/medida-provisoria-libera-r-3-bilhoes-para-trabalhadores-da-cultura\/\",\"url\":\"https:\/\/uvbbrasil.com.br\/medida-provisoria-libera-r-3-bilhoes-para-trabalhadores-da-cultura\/\",\"name\":\"Medida provis\u00f3ria libera R$ 3 bilh\u00f5es para trabalhadores da cultura - UVB Brasil\",\"isPartOf\":{\"@id\":\"https:\/\/uvbbrasil.com.br\/#website\"},\"primaryImageOfPage\":{\"@id\":\"https:\/\/uvbbrasil.com.br\/medida-provisoria-libera-r-3-bilhoes-para-trabalhadores-da-cultura\/#primaryimage\"},\"image\":{\"@id\":\"https:\/\/uvbbrasil.com.br\/medida-provisoria-libera-r-3-bilhoes-para-trabalhadores-da-cultura\/#primaryimage\"},\"thumbnailUrl\":\"https:\/\/uvbbrasil.com.br\/wp-content\/uploads\/2020\/07\/imagem_materia-3.jpg\",\"datePublished\":\"2020-07-10T12:47:09+00:00\",\"breadcrumb\":{\"@id\":\"https:\/\/uvbbrasil.com.br\/medida-provisoria-libera-r-3-bilhoes-para-trabalhadores-da-cultura\/#breadcrumb\"},\"inLanguage\":\"pt-BR\",\"potentialAction\":[{\"@type\":\"ReadAction\",\"target\":[\"https:\/\/uvbbrasil.com.br\/medida-provisoria-libera-r-3-bilhoes-para-trabalhadores-da-cultura\/\"]}]},{\"@type\":\"ImageObject\",\"inLanguage\":\"pt-BR\",\"@id\":\"https:\/\/uvbbrasil.com.br\/medida-provisoria-libera-r-3-bilhoes-para-trabalhadores-da-cultura\/#primaryimage\",\"url\":\"https:\/\/uvbbrasil.com.br\/wp-content\/uploads\/2020\/07\/imagem_materia-3.jpg\",\"contentUrl\":\"https:\/\/uvbbrasil.com.br\/wp-content\/uploads\/2020\/07\/imagem_materia-3.jpg\",\"width\":860,\"height\":570},{\"@type\":\"BreadcrumbList\",\"@id\":\"https:\/\/uvbbrasil.com.br\/medida-provisoria-libera-r-3-bilhoes-para-trabalhadores-da-cultura\/#breadcrumb\",\"itemListElement\":[{\"@type\":\"ListItem\",\"position\":1,\"name\":\"In\u00edcio\",\"item\":\"https:\/\/uvbbrasil.com.br\/\"},{\"@type\":\"ListItem\",\"position\":2,\"name\":\"Medida provis\u00f3ria libera R$ 3 bilh\u00f5es para trabalhadores da cultura\"}]},{\"@type\":\"WebSite\",\"@id\":\"https:\/\/uvbbrasil.com.br\/#website\",\"url\":\"https:\/\/uvbbrasil.com.br\/\",\"name\":\"UVB Brasil\",\"description\":\"Uni\u00e3o dos Vereadores do Brasil\",\"publisher\":{\"@id\":\"https:\/\/uvbbrasil.com.br\/#organization\"},\"potentialAction\":[{\"@type\":\"SearchAction\",\"target\":{\"@type\":\"EntryPoint\",\"urlTemplate\":\"https:\/\/uvbbrasil.com.br\/?s={search_term_string}\"},\"query-input\":{\"@type\":\"PropertyValueSpecification\",\"valueRequired\":true,\"valueName\":\"search_term_string\"}}],\"inLanguage\":\"pt-BR\"},{\"@type\":\"Organization\",\"@id\":\"https:\/\/uvbbrasil.com.br\/#organization\",\"name\":\"UVB Brasil\",\"url\":\"https:\/\/uvbbrasil.com.br\/\",\"logo\":{\"@type\":\"ImageObject\",\"inLanguage\":\"pt-BR\",\"@id\":\"https:\/\/uvbbrasil.com.br\/#\/schema\/logo\/image\/\",\"url\":\"https:\/\/uvbbrasil.com.br\/wp-content\/uploads\/2025\/01\/LOGO-UVB-2024-azul-1.jpg\",\"contentUrl\":\"https:\/\/uvbbrasil.com.br\/wp-content\/uploads\/2025\/01\/LOGO-UVB-2024-azul-1.jpg\",\"width\":600,\"height\":211,\"caption\":\"UVB Brasil\"},\"image\":{\"@id\":\"https:\/\/uvbbrasil.com.br\/#\/schema\/logo\/image\/\"},\"sameAs\":[\"https:\/\/www.facebook.com\/uvb.vereadoresbrasil\",\"https:\/\/www.instagram.com\/uvbbrasil\/\",\"https:\/\/www.youtube.com\/channel\/UCIlPQ8Xzw5GHNzosQIg9S5A\"]},{\"@type\":\"Person\",\"@id\":\"https:\/\/uvbbrasil.com.br\/#\/schema\/person\/17990098446c098f52effddff4f1b272\",\"name\":\"adminuvb\",\"image\":{\"@type\":\"ImageObject\",\"inLanguage\":\"pt-BR\",\"@id\":\"https:\/\/uvbbrasil.com.br\/#\/schema\/person\/image\/\",\"url\":\"https:\/\/secure.gravatar.com\/avatar\/1a494ea6f8e2dd1ae526e55b0e9497efdba542491e0620d704cccf63c6f77c45?s=96&d=mm&r=g\",\"contentUrl\":\"https:\/\/secure.gravatar.com\/avatar\/1a494ea6f8e2dd1ae526e55b0e9497efdba542491e0620d704cccf63c6f77c45?s=96&d=mm&r=g\",\"caption\":\"adminuvb\"},\"sameAs\":[\"https:\/\/uvbbrasil.com.br\"],\"url\":\"https:\/\/uvbbrasil.com.br\/author\/adminuvb\/\"}]}<\/script>\n<!-- \/ Yoast SEO plugin. -->","yoast_head_json":{"title":"Medida provis\u00f3ria libera R$ 3 bilh\u00f5es para trabalhadores da cultura - UVB Brasil","robots":{"index":"index","follow":"follow","max-snippet":"max-snippet:-1","max-image-preview":"max-image-preview:large","max-video-preview":"max-video-preview:-1"},"canonical":"https:\/\/uvbbrasil.com.br\/medida-provisoria-libera-r-3-bilhoes-para-trabalhadores-da-cultura\/","og_locale":"pt_BR","og_type":"article","og_title":"Medida provis\u00f3ria libera R$ 3 bilh\u00f5es para trabalhadores da cultura - UVB Brasil","og_description":"O presidente Jair Bolsonaro editou nesta quinta-feira (9) uma medida provis\u00f3ria que libera R$ 3 bilh\u00f5es em aux\u00edlio financeiro a...","og_url":"https:\/\/uvbbrasil.com.br\/medida-provisoria-libera-r-3-bilhoes-para-trabalhadores-da-cultura\/","og_site_name":"UVB Brasil","article_publisher":"https:\/\/www.facebook.com\/uvb.vereadoresbrasil","article_published_time":"2020-07-10T12:47:09+00:00","og_image":[{"width":860,"height":570,"url":"https:\/\/uvbbrasil.com.br\/wp-content\/uploads\/2020\/07\/imagem_materia-3.jpg","type":"image\/jpeg"}],"author":"adminuvb","twitter_card":"summary_large_image","twitter_misc":{"Escrito por":"adminuvb","Est. tempo de leitura":"1 minuto"},"schema":{"@context":"https:\/\/schema.org","@graph":[{"@type":"Article","@id":"https:\/\/uvbbrasil.com.br\/medida-provisoria-libera-r-3-bilhoes-para-trabalhadores-da-cultura\/#article","isPartOf":{"@id":"https:\/\/uvbbrasil.com.br\/medida-provisoria-libera-r-3-bilhoes-para-trabalhadores-da-cultura\/"},"author":{"name":"adminuvb","@id":"https:\/\/uvbbrasil.com.br\/#\/schema\/person\/17990098446c098f52effddff4f1b272"},"headline":"Medida provis\u00f3ria libera R$ 3 bilh\u00f5es para trabalhadores da cultura","datePublished":"2020-07-10T12:47:09+00:00","mainEntityOfPage":{"@id":"https:\/\/uvbbrasil.com.br\/medida-provisoria-libera-r-3-bilhoes-para-trabalhadores-da-cultura\/"},"wordCount":210,"commentCount":0,"publisher":{"@id":"https:\/\/uvbbrasil.com.br\/#organization"},"image":{"@id":"https:\/\/uvbbrasil.com.br\/medida-provisoria-libera-r-3-bilhoes-para-trabalhadores-da-cultura\/#primaryimage"},"thumbnailUrl":"https:\/\/uvbbrasil.com.br\/wp-content\/uploads\/2020\/07\/imagem_materia-3.jpg","articleSection":["NOT\u00cdCIAS"],"inLanguage":"pt-BR","potentialAction":[{"@type":"CommentAction","name":"Comment","target":["https:\/\/uvbbrasil.com.br\/medida-provisoria-libera-r-3-bilhoes-para-trabalhadores-da-cultura\/#respond"]}]},{"@type":"WebPage","@id":"https:\/\/uvbbrasil.com.br\/medida-provisoria-libera-r-3-bilhoes-para-trabalhadores-da-cultura\/","url":"https:\/\/uvbbrasil.com.br\/medida-provisoria-libera-r-3-bilhoes-para-trabalhadores-da-cultura\/","name":"Medida provis\u00f3ria libera R$ 3 bilh\u00f5es para trabalhadores da cultura - UVB Brasil","isPartOf":{"@id":"https:\/\/uvbbrasil.com.br\/#website"},"primaryImageOfPage":{"@id":"https:\/\/uvbbrasil.com.br\/medida-provisoria-libera-r-3-bilhoes-para-trabalhadores-da-cultura\/#primaryimage"},"image":{"@id":"https:\/\/uvbbrasil.com.br\/medida-provisoria-libera-r-3-bilhoes-para-trabalhadores-da-cultura\/#primaryimage"},"thumbnailUrl":"https:\/\/uvbbrasil.com.br\/wp-content\/uploads\/2020\/07\/imagem_materia-3.jpg","datePublished":"2020-07-10T12:47:09+00:00","breadcrumb":{"@id":"https:\/\/uvbbrasil.com.br\/medida-provisoria-libera-r-3-bilhoes-para-trabalhadores-da-cultura\/#breadcrumb"},"inLanguage":"pt-BR","potentialAction":[{"@type":"ReadAction","target":["https:\/\/uvbbrasil.com.br\/medida-provisoria-libera-r-3-bilhoes-para-trabalhadores-da-cultura\/"]}]},{"@type":"ImageObject","inLanguage":"pt-BR","@id":"https:\/\/uvbbrasil.com.br\/medida-provisoria-libera-r-3-bilhoes-para-trabalhadores-da-cultura\/#primaryimage","url":"https:\/\/uvbbrasil.com.br\/wp-content\/uploads\/2020\/07\/imagem_materia-3.jpg","contentUrl":"https:\/\/uvbbrasil.com.br\/wp-content\/uploads\/2020\/07\/imagem_materia-3.jpg","width":860,"height":570},{"@type":"BreadcrumbList","@id":"https:\/\/uvbbrasil.com.br\/medida-provisoria-libera-r-3-bilhoes-para-trabalhadores-da-cultura\/#breadcrumb","itemListElement":[{"@type":"ListItem","position":1,"name":"In\u00edcio","item":"https:\/\/uvbbrasil.com.br\/"},{"@type":"ListItem","position":2,"name":"Medida provis\u00f3ria libera R$ 3 bilh\u00f5es para trabalhadores da cultura"}]},{"@type":"WebSite","@id":"https:\/\/uvbbrasil.com.br\/#website","url":"https:\/\/uvbbrasil.com.br\/","name":"UVB Brasil","description":"Uni\u00e3o dos Vereadores do Brasil","publisher":{"@id":"https:\/\/uvbbrasil.com.br\/#organization"},"potentialAction":[{"@type":"SearchAction","target":{"@type":"EntryPoint","urlTemplate":"https:\/\/uvbbrasil.com.br\/?s={search_term_string}"},"query-input":{"@type":"PropertyValueSpecification","valueRequired":true,"valueName":"search_term_string"}}],"inLanguage":"pt-BR"},{"@type":"Organization","@id":"https:\/\/uvbbrasil.com.br\/#organization","name":"UVB Brasil","url":"https:\/\/uvbbrasil.com.br\/","logo":{"@type":"ImageObject","inLanguage":"pt-BR","@id":"https:\/\/uvbbrasil.com.br\/#\/schema\/logo\/image\/","url":"https:\/\/uvbbrasil.com.br\/wp-content\/uploads\/2025\/01\/LOGO-UVB-2024-azul-1.jpg","contentUrl":"https:\/\/uvbbrasil.com.br\/wp-content\/uploads\/2025\/01\/LOGO-UVB-2024-azul-1.jpg","width":600,"height":211,"caption":"UVB Brasil"},"image":{"@id":"https:\/\/uvbbrasil.com.br\/#\/schema\/logo\/image\/"},"sameAs":["https:\/\/www.facebook.com\/uvb.vereadoresbrasil","https:\/\/www.instagram.com\/uvbbrasil\/","https:\/\/www.youtube.com\/channel\/UCIlPQ8Xzw5GHNzosQIg9S5A"]},{"@type":"Person","@id":"https:\/\/uvbbrasil.com.br\/#\/schema\/person\/17990098446c098f52effddff4f1b272","name":"adminuvb","image":{"@type":"ImageObject","inLanguage":"pt-BR","@id":"https:\/\/uvbbrasil.com.br\/#\/schema\/person\/image\/","url":"https:\/\/secure.gravatar.com\/avatar\/1a494ea6f8e2dd1ae526e55b0e9497efdba542491e0620d704cccf63c6f77c45?s=96&d=mm&r=g","contentUrl":"https:\/\/secure.gravatar.com\/avatar\/1a494ea6f8e2dd1ae526e55b0e9497efdba542491e0620d704cccf63c6f77c45?s=96&d=mm&r=g","caption":"adminuvb"},"sameAs":["https:\/\/uvbbrasil.com.br"],"url":"https:\/\/uvbbrasil.com.br\/author\/adminuvb\/"}]}},"_links":{"self":[{"href":"https:\/\/uvbbrasil.com.br\/uvb-json\/wp\/v2\/posts\/19274","targetHints":{"allow":["GET"]}}],"collection":[{"href":"https:\/\/uvbbrasil.com.br\/uvb-json\/wp\/v2\/posts"}],"about":[{"href":"https:\/\/uvbbrasil.com.br\/uvb-json\/wp\/v2\/types\/post"}],"author":[{"embeddable":true,"href":"https:\/\/uvbbrasil.com.br\/uvb-json\/wp\/v2\/users\/1"}],"replies":[{"embeddable":true,"href":"https:\/\/uvbbrasil.com.br\/uvb-json\/wp\/v2\/comments?post=19274"}],"version-history":[{"count":0,"href":"https:\/\/uvbbrasil.com.br\/uvb-json\/wp\/v2\/posts\/19274\/revisions"}],"wp:featuredmedia":[{"embeddable":true,"href":"https:\/\/uvbbrasil.com.br\/uvb-json\/wp\/v2\/media\/19275"}],"wp:attachment":[{"href":"https:\/\/uvbbrasil.com.br\/uvb-json\/wp\/v2\/media?parent=19274"}],"wp:term":[{"taxonomy":"category","embeddable":true,"href":"https:\/\/uvbbrasil.com.br\/uvb-json\/wp\/v2\/categories?post=19274"},{"taxonomy":"post_tag","embeddable":true,"href":"https:\/\/uvbbrasil.com.br\/uvb-json\/wp\/v2\/tags?post=19274"}],"curies":[{"name":"wp","href":"https:\/\/api.w.org\/{rel}","templated":true}]}}