{"id":19213,"date":"2020-07-04T07:29:48","date_gmt":"2020-07-04T10:29:48","guid":{"rendered":"https:\/\/wpsandbox4.pante.com.br\/?p=19213"},"modified":"2020-07-04T07:29:48","modified_gmt":"2020-07-04T10:29:48","slug":"para-davi-alcolumbre-adiamento-das-eleicoes-vai-salvar-vidas","status":"publish","type":"post","link":"https:\/\/uvbbrasil.com.br\/para-davi-alcolumbre-adiamento-das-eleicoes-vai-salvar-vidas\/","title":{"rendered":"Para Davi Alcolumbre, adiamento das elei\u00e7\u00f5es vai salvar vidas"},"content":{"rendered":"<p>Ap\u00f3s promulgar a Emenda Constitucional 107, que adia as elei\u00e7\u00f5es municipais de outubro para novembro, o presidente do Senado, Davi Alcolumbre, afirmou que a decis\u00e3o tomada pelo Congresso foi baseada na ci\u00eancia e na medicina e ajuda a proteger os brasileiros da covid-19. A solenidade de promulga\u00e7\u00e3o aconteceu nesta nesta quinta-feira (2) no Plen\u00e1rio do Senado.<\/p>\n<div class=\"SocialBar SocialBar--right\">\n<p class=\" \">\u2014\u00a0Deputados e senadores compreenderam essa manifesta\u00e7\u00e3o dos profissionais de sa\u00fade e da ci\u00eancia que, preocupados com a pandemia do coronav\u00edrus, viam as elei\u00e7\u00f5es no dia 4 de outubro como um risco para a vida dos brasileiros. Acho que essa decis\u00e3o ficar\u00e1 para a hist\u00f3ria deste pa\u00eds como uma decis\u00e3o com base na responsabilidade \u2014 disse o presidente.<\/p>\n<p class=\" \">Segundo Davi, a decis\u00e3o de postergar o pleito municipal por 42 dias vai permitir que o TSE tenha mais tempo para se adaptar a uma vota\u00e7\u00e3o em tempos de pandemia.<\/p>\n<p class=\" \">\u2014\u00a0Organizar o dia da elei\u00e7\u00e3o em uma crise hist\u00f3rica de sa\u00fade p\u00fablica n\u00e3o \u00e9 tarefa f\u00e1cil. Os 42 dias de adiamento dessas elei\u00e7\u00f5es municipais ser\u00e3o fundamentais para que o Tribunal Superior Eleitoral, a iniciativa privada, o governo e o Congresso possam organizar os procedimentos para o dia das elei\u00e7\u00f5es.\u00a0J\u00e1 estamos em contato com o governo, j\u00e1 estamos em contato com a iniciativa privada, sob a lideran\u00e7a de vossa excel\u00eancia no Tribunal Superior Eleitoral, que tamb\u00e9m busca o apoio da iniciativa provada, para a doa\u00e7\u00e3o dos EPIs [equipamentos de prote\u00e7\u00e3o individual] para os brasileiros, para os servidores que v\u00e3o, no dia das elei\u00e7\u00f5es, servir a p\u00e1tria como convocados pelo nosso Estado, os mes\u00e1rios e todos aqueles que ajudam nesse evento de fortalecimento da democracia \u2014 apontou Davi.<\/p>\n<p><strong>Di\u00e1logo institucional<\/strong><\/p>\n<p class=\" \">Ao promulgar a nova emenda constitucional, que teve origem na <a class=\"external-link\" title=\"\" href=\"http:\/\/www25.senado.leg.br\/web\/atividade\/materias\/-\/materia\/142016\" target=\"_self\">PEC 18\/2020<\/a>, Davi Alcolumbre tamb\u00e9m destacou o di\u00e1logo entre Senado, C\u00e2mara e Tribunal Superior Eleitoral (TSE) para viabilizar a aprova\u00e7\u00e3o da proposta e destacou a atua\u00e7\u00e3o do presidente do TSE, ministro Luis Roberto Barroso. Ele tamb\u00e9m agradeceu o apoio de deputados em nome do presidente da C\u00e2mara, Rodrigo Maia.<\/p>\n<p class=\" \">\u2014 Que bom que conseguimos construir [essa concilia\u00e7\u00e3o] juntos. Com independ\u00eancia, mas com harmonia \u2014 assinalou.<\/p>\n<p class=\" \">O presidente do Senado afirmou ainda que \u201cvida e democracia saem fortalecidos na sess\u00e3o de hoje\u201d e defendeu a busca de solu\u00e7\u00f5es por meio do entendimento.<\/p>\n<p class=\" \">\u2014 S\u00f3 o dialogo, o entendimento e a concilia\u00e7\u00e3o far\u00e3o do nosso pa\u00eds uma grande na\u00e7\u00e3o \u2014 finalizou.<\/p>\n<table class=\"plain\" style=\"height: 1289px;\" width=\"455\">\n<thead>\n<tr>\n<td><strong>Veja como fica o calend\u00e1rio, de acordo com a EC 107<\/strong><\/td>\n<\/tr>\n<\/thead>\n<tbody>\n<tr>\n<td><strong>A PARTIR DE 11 DE AGOSTO<\/strong><\/p>\n<p>\u2022\u00a0Veda\u00e7\u00e3o de propaganda partid\u00e1ria.<\/td>\n<\/tr>\n<tr>\n<td><strong>31 DE AGOSTO A 16 DE SETEMBRO<\/strong><\/p>\n<p>\u2022\u00a0Escolha dos candidatos pelos partidos e delibera\u00e7\u00e3o sobre coliga\u00e7\u00f5es.<\/td>\n<\/tr>\n<tr>\n<td><strong>AT\u00c9 26 DE SETEMBRO<\/strong><\/p>\n<p>\u2022\u00a0Prazo para os partidos e coliga\u00e7\u00f5es solicitarem \u00e0 Justi\u00e7a Eleitoral o registro de seus candidatos.<\/td>\n<\/tr>\n<tr>\n<td><strong>A PARTIR DE 26 DE SETEMBRO<\/strong><\/p>\n<p>\u2022\u00a0Convoca\u00e7\u00e3o, pela Justi\u00e7a Eleitoral, dos partidos e dos representantes das emissoras de televis\u00e3o para elaborar plano de m\u00eddia.<\/td>\n<\/tr>\n<tr>\n<td><strong>27 DE SETEMBRO<\/strong><\/p>\n<p>\u2022\u00a0In\u00edcio da propaganda eleitoral, inclusive na internet.<\/td>\n<\/tr>\n<tr>\n<td><strong>9 DE OUTUBRO<\/strong><\/p>\n<p>\u2022\u00a0In\u00edcio da propaganda eleitoral gratuita no r\u00e1dio e na televis\u00e3o relativa ao primeiro turno.<\/td>\n<\/tr>\n<tr>\n<td><strong>27 DE OUTUBRO<\/strong><\/p>\n<p>\u2022\u00a0Divulga\u00e7\u00e3o, pelos partidos pol\u00edticos, coliga\u00e7\u00f5es e candidatos, de relat\u00f3rio discriminando as transfer\u00eancias do Fundo Partid\u00e1rio, os recursos recebidos e os gastos realizados.<\/td>\n<\/tr>\n<tr>\n<td><strong>15 DE NOVEMBRO<\/strong><\/p>\n<p><strong>Elei\u00e7\u00f5es: 1\u00ba turno <\/strong><\/td>\n<\/tr>\n<tr>\n<td><strong>20 DE NOVEMBRO<\/strong><\/p>\n<p>\u2022\u00a0In\u00edcio da propaganda no r\u00e1dio e televis\u00e3o para o segundo turno<\/td>\n<\/tr>\n<tr>\n<td><strong>29 DE NOVEMBRO<\/strong><\/p>\n<p><strong>Elei\u00e7\u00f5es: 2\u00ba turno<\/strong><\/td>\n<\/tr>\n<tr>\n<td><strong>AT\u00c9 15 DE DEZEMBRO<\/strong><\/p>\n<p>\u2022\u00a0Encaminhamento \u00e0 Justi\u00e7a Eleitoral das presta\u00e7\u00f5es de contas dos candidatos e dos partidos pol\u00edticos.<\/td>\n<\/tr>\n<tr>\n<td><strong>AT\u00c9 18 DE DEZEMBRO <\/strong><\/p>\n<p>\u2022\u00a0Diploma\u00e7\u00e3o dos candidatos eleitos.<\/td>\n<\/tr>\n<tr>\n<td><strong>NOVAS DATAS<\/strong><\/p>\n<p>\u2022\u00a0No caso de as condi\u00e7\u00f5es sanit\u00e1rias n\u00e3o permitirem a realiza\u00e7\u00e3o das elei\u00e7\u00f5es municipais nas datas previstas, ser\u00e3o estabelecidas novas datas pelo Congresso.<a href=\"https:\/\/uvbbrasil.com.br\/?attachment_id=19214\" rel=\"attachment wp-att-19214\"><img fetchpriority=\"high\" decoding=\"async\" class=\"aligncenter size-full wp-image-19214\" src=\"https:\/\/uvbbrasil.com.br\/wp-content\/uploads\/2020\/07\/davi.jpg\" alt=\"\" width=\"860\" height=\"570\" srcset=\"https:\/\/uvbbrasil.com.br\/wp-content\/uploads\/2020\/07\/davi.jpg 860w, https:\/\/uvbbrasil.com.br\/wp-content\/uploads\/2020\/07\/davi-300x199.jpg 300w, https:\/\/uvbbrasil.com.br\/wp-content\/uploads\/2020\/07\/davi-768x509.jpg 768w\" sizes=\"(max-width: 860px) 100vw, 860px\" \/><\/a><\/td>\n<\/tr>\n<\/tbody>\n<\/table>\n<p>Fonte: Ag\u00eancia Senado<\/p>\n<\/div>\n<p>&nbsp;<\/p>\n","protected":false},"excerpt":{"rendered":"<p>Ap\u00f3s promulgar a Emenda Constitucional 107, que adia as elei\u00e7\u00f5es municipais de outubro para novembro, o presidente do Senado, Davi&#8230;<\/p>\n","protected":false},"author":1,"featured_media":19214,"comment_status":"open","ping_status":"open","sticky":false,"template":"","format":"standard","meta":{"footnotes":""},"categories":[3],"tags":[],"class_list":["post-19213","post","type-post","status-publish","format-standard","has-post-thumbnail","hentry","category-noticias"],"yoast_head":"<!-- This site is optimized with the Yoast SEO plugin v26.7 - https:\/\/yoast.com\/wordpress\/plugins\/seo\/ -->\n<title>Para Davi Alcolumbre, adiamento das elei\u00e7\u00f5es vai salvar vidas - UVB Brasil<\/title>\n<meta name=\"robots\" content=\"index, follow, max-snippet:-1, max-image-preview:large, max-video-preview:-1\" \/>\n<link rel=\"canonical\" href=\"https:\/\/uvbbrasil.com.br\/para-davi-alcolumbre-adiamento-das-eleicoes-vai-salvar-vidas\/\" \/>\n<meta property=\"og:locale\" content=\"pt_BR\" \/>\n<meta property=\"og:type\" content=\"article\" \/>\n<meta property=\"og:title\" content=\"Para Davi Alcolumbre, adiamento das elei\u00e7\u00f5es vai salvar vidas - UVB Brasil\" \/>\n<meta property=\"og:description\" content=\"Ap\u00f3s promulgar a Emenda Constitucional 107, que adia as elei\u00e7\u00f5es municipais de outubro para novembro, o presidente do Senado, Davi...\" \/>\n<meta property=\"og:url\" content=\"https:\/\/uvbbrasil.com.br\/para-davi-alcolumbre-adiamento-das-eleicoes-vai-salvar-vidas\/\" \/>\n<meta property=\"og:site_name\" content=\"UVB Brasil\" \/>\n<meta property=\"article:publisher\" content=\"https:\/\/www.facebook.com\/uvb.vereadoresbrasil\" \/>\n<meta property=\"article:published_time\" content=\"2020-07-04T10:29:48+00:00\" \/>\n<meta property=\"og:image\" content=\"https:\/\/uvbbrasil.com.br\/wp-content\/uploads\/2020\/07\/davi.jpg\" \/>\n\t<meta property=\"og:image:width\" content=\"860\" \/>\n\t<meta property=\"og:image:height\" content=\"570\" \/>\n\t<meta property=\"og:image:type\" content=\"image\/jpeg\" \/>\n<meta name=\"author\" content=\"adminuvb\" \/>\n<meta name=\"twitter:card\" content=\"summary_large_image\" \/>\n<meta name=\"twitter:label1\" content=\"Escrito por\" \/>\n\t<meta name=\"twitter:data1\" content=\"adminuvb\" \/>\n\t<meta name=\"twitter:label2\" content=\"Est. tempo de leitura\" \/>\n\t<meta name=\"twitter:data2\" content=\"3 minutos\" \/>\n<script type=\"application\/ld+json\" class=\"yoast-schema-graph\">{\"@context\":\"https:\/\/schema.org\",\"@graph\":[{\"@type\":\"Article\",\"@id\":\"https:\/\/uvbbrasil.com.br\/para-davi-alcolumbre-adiamento-das-eleicoes-vai-salvar-vidas\/#article\",\"isPartOf\":{\"@id\":\"https:\/\/uvbbrasil.com.br\/para-davi-alcolumbre-adiamento-das-eleicoes-vai-salvar-vidas\/\"},\"author\":{\"name\":\"adminuvb\",\"@id\":\"https:\/\/uvbbrasil.com.br\/#\/schema\/person\/17990098446c098f52effddff4f1b272\"},\"headline\":\"Para Davi Alcolumbre, adiamento das elei\u00e7\u00f5es vai salvar vidas\",\"datePublished\":\"2020-07-04T10:29:48+00:00\",\"mainEntityOfPage\":{\"@id\":\"https:\/\/uvbbrasil.com.br\/para-davi-alcolumbre-adiamento-das-eleicoes-vai-salvar-vidas\/\"},\"wordCount\":670,\"commentCount\":0,\"publisher\":{\"@id\":\"https:\/\/uvbbrasil.com.br\/#organization\"},\"image\":{\"@id\":\"https:\/\/uvbbrasil.com.br\/para-davi-alcolumbre-adiamento-das-eleicoes-vai-salvar-vidas\/#primaryimage\"},\"thumbnailUrl\":\"https:\/\/uvbbrasil.com.br\/wp-content\/uploads\/2020\/07\/davi.jpg\",\"articleSection\":[\"NOT\u00cdCIAS\"],\"inLanguage\":\"pt-BR\",\"potentialAction\":[{\"@type\":\"CommentAction\",\"name\":\"Comment\",\"target\":[\"https:\/\/uvbbrasil.com.br\/para-davi-alcolumbre-adiamento-das-eleicoes-vai-salvar-vidas\/#respond\"]}]},{\"@type\":\"WebPage\",\"@id\":\"https:\/\/uvbbrasil.com.br\/para-davi-alcolumbre-adiamento-das-eleicoes-vai-salvar-vidas\/\",\"url\":\"https:\/\/uvbbrasil.com.br\/para-davi-alcolumbre-adiamento-das-eleicoes-vai-salvar-vidas\/\",\"name\":\"Para Davi Alcolumbre, adiamento das elei\u00e7\u00f5es vai salvar vidas - UVB Brasil\",\"isPartOf\":{\"@id\":\"https:\/\/uvbbrasil.com.br\/#website\"},\"primaryImageOfPage\":{\"@id\":\"https:\/\/uvbbrasil.com.br\/para-davi-alcolumbre-adiamento-das-eleicoes-vai-salvar-vidas\/#primaryimage\"},\"image\":{\"@id\":\"https:\/\/uvbbrasil.com.br\/para-davi-alcolumbre-adiamento-das-eleicoes-vai-salvar-vidas\/#primaryimage\"},\"thumbnailUrl\":\"https:\/\/uvbbrasil.com.br\/wp-content\/uploads\/2020\/07\/davi.jpg\",\"datePublished\":\"2020-07-04T10:29:48+00:00\",\"breadcrumb\":{\"@id\":\"https:\/\/uvbbrasil.com.br\/para-davi-alcolumbre-adiamento-das-eleicoes-vai-salvar-vidas\/#breadcrumb\"},\"inLanguage\":\"pt-BR\",\"potentialAction\":[{\"@type\":\"ReadAction\",\"target\":[\"https:\/\/uvbbrasil.com.br\/para-davi-alcolumbre-adiamento-das-eleicoes-vai-salvar-vidas\/\"]}]},{\"@type\":\"ImageObject\",\"inLanguage\":\"pt-BR\",\"@id\":\"https:\/\/uvbbrasil.com.br\/para-davi-alcolumbre-adiamento-das-eleicoes-vai-salvar-vidas\/#primaryimage\",\"url\":\"https:\/\/uvbbrasil.com.br\/wp-content\/uploads\/2020\/07\/davi.jpg\",\"contentUrl\":\"https:\/\/uvbbrasil.com.br\/wp-content\/uploads\/2020\/07\/davi.jpg\",\"width\":860,\"height\":570},{\"@type\":\"BreadcrumbList\",\"@id\":\"https:\/\/uvbbrasil.com.br\/para-davi-alcolumbre-adiamento-das-eleicoes-vai-salvar-vidas\/#breadcrumb\",\"itemListElement\":[{\"@type\":\"ListItem\",\"position\":1,\"name\":\"In\u00edcio\",\"item\":\"https:\/\/uvbbrasil.com.br\/\"},{\"@type\":\"ListItem\",\"position\":2,\"name\":\"Para Davi Alcolumbre, adiamento das elei\u00e7\u00f5es vai salvar vidas\"}]},{\"@type\":\"WebSite\",\"@id\":\"https:\/\/uvbbrasil.com.br\/#website\",\"url\":\"https:\/\/uvbbrasil.com.br\/\",\"name\":\"UVB Brasil\",\"description\":\"Uni\u00e3o dos Vereadores do Brasil\",\"publisher\":{\"@id\":\"https:\/\/uvbbrasil.com.br\/#organization\"},\"potentialAction\":[{\"@type\":\"SearchAction\",\"target\":{\"@type\":\"EntryPoint\",\"urlTemplate\":\"https:\/\/uvbbrasil.com.br\/?s={search_term_string}\"},\"query-input\":{\"@type\":\"PropertyValueSpecification\",\"valueRequired\":true,\"valueName\":\"search_term_string\"}}],\"inLanguage\":\"pt-BR\"},{\"@type\":\"Organization\",\"@id\":\"https:\/\/uvbbrasil.com.br\/#organization\",\"name\":\"UVB Brasil\",\"url\":\"https:\/\/uvbbrasil.com.br\/\",\"logo\":{\"@type\":\"ImageObject\",\"inLanguage\":\"pt-BR\",\"@id\":\"https:\/\/uvbbrasil.com.br\/#\/schema\/logo\/image\/\",\"url\":\"https:\/\/uvbbrasil.com.br\/wp-content\/uploads\/2025\/01\/LOGO-UVB-2024-azul-1.jpg\",\"contentUrl\":\"https:\/\/uvbbrasil.com.br\/wp-content\/uploads\/2025\/01\/LOGO-UVB-2024-azul-1.jpg\",\"width\":600,\"height\":211,\"caption\":\"UVB Brasil\"},\"image\":{\"@id\":\"https:\/\/uvbbrasil.com.br\/#\/schema\/logo\/image\/\"},\"sameAs\":[\"https:\/\/www.facebook.com\/uvb.vereadoresbrasil\",\"https:\/\/www.instagram.com\/uvbbrasil\/\",\"https:\/\/www.youtube.com\/channel\/UCIlPQ8Xzw5GHNzosQIg9S5A\"]},{\"@type\":\"Person\",\"@id\":\"https:\/\/uvbbrasil.com.br\/#\/schema\/person\/17990098446c098f52effddff4f1b272\",\"name\":\"adminuvb\",\"image\":{\"@type\":\"ImageObject\",\"inLanguage\":\"pt-BR\",\"@id\":\"https:\/\/uvbbrasil.com.br\/#\/schema\/person\/image\/\",\"url\":\"https:\/\/secure.gravatar.com\/avatar\/1a494ea6f8e2dd1ae526e55b0e9497efdba542491e0620d704cccf63c6f77c45?s=96&d=mm&r=g\",\"contentUrl\":\"https:\/\/secure.gravatar.com\/avatar\/1a494ea6f8e2dd1ae526e55b0e9497efdba542491e0620d704cccf63c6f77c45?s=96&d=mm&r=g\",\"caption\":\"adminuvb\"},\"sameAs\":[\"https:\/\/uvbbrasil.com.br\"],\"url\":\"https:\/\/uvbbrasil.com.br\/author\/adminuvb\/\"}]}<\/script>\n<!-- \/ Yoast SEO plugin. -->","yoast_head_json":{"title":"Para Davi Alcolumbre, adiamento das elei\u00e7\u00f5es vai salvar vidas - UVB Brasil","robots":{"index":"index","follow":"follow","max-snippet":"max-snippet:-1","max-image-preview":"max-image-preview:large","max-video-preview":"max-video-preview:-1"},"canonical":"https:\/\/uvbbrasil.com.br\/para-davi-alcolumbre-adiamento-das-eleicoes-vai-salvar-vidas\/","og_locale":"pt_BR","og_type":"article","og_title":"Para Davi Alcolumbre, adiamento das elei\u00e7\u00f5es vai salvar vidas - UVB Brasil","og_description":"Ap\u00f3s promulgar a Emenda Constitucional 107, que adia as elei\u00e7\u00f5es municipais de outubro para novembro, o presidente do Senado, Davi...","og_url":"https:\/\/uvbbrasil.com.br\/para-davi-alcolumbre-adiamento-das-eleicoes-vai-salvar-vidas\/","og_site_name":"UVB Brasil","article_publisher":"https:\/\/www.facebook.com\/uvb.vereadoresbrasil","article_published_time":"2020-07-04T10:29:48+00:00","og_image":[{"width":860,"height":570,"url":"https:\/\/uvbbrasil.com.br\/wp-content\/uploads\/2020\/07\/davi.jpg","type":"image\/jpeg"}],"author":"adminuvb","twitter_card":"summary_large_image","twitter_misc":{"Escrito por":"adminuvb","Est. tempo de leitura":"3 minutos"},"schema":{"@context":"https:\/\/schema.org","@graph":[{"@type":"Article","@id":"https:\/\/uvbbrasil.com.br\/para-davi-alcolumbre-adiamento-das-eleicoes-vai-salvar-vidas\/#article","isPartOf":{"@id":"https:\/\/uvbbrasil.com.br\/para-davi-alcolumbre-adiamento-das-eleicoes-vai-salvar-vidas\/"},"author":{"name":"adminuvb","@id":"https:\/\/uvbbrasil.com.br\/#\/schema\/person\/17990098446c098f52effddff4f1b272"},"headline":"Para Davi Alcolumbre, adiamento das elei\u00e7\u00f5es vai salvar vidas","datePublished":"2020-07-04T10:29:48+00:00","mainEntityOfPage":{"@id":"https:\/\/uvbbrasil.com.br\/para-davi-alcolumbre-adiamento-das-eleicoes-vai-salvar-vidas\/"},"wordCount":670,"commentCount":0,"publisher":{"@id":"https:\/\/uvbbrasil.com.br\/#organization"},"image":{"@id":"https:\/\/uvbbrasil.com.br\/para-davi-alcolumbre-adiamento-das-eleicoes-vai-salvar-vidas\/#primaryimage"},"thumbnailUrl":"https:\/\/uvbbrasil.com.br\/wp-content\/uploads\/2020\/07\/davi.jpg","articleSection":["NOT\u00cdCIAS"],"inLanguage":"pt-BR","potentialAction":[{"@type":"CommentAction","name":"Comment","target":["https:\/\/uvbbrasil.com.br\/para-davi-alcolumbre-adiamento-das-eleicoes-vai-salvar-vidas\/#respond"]}]},{"@type":"WebPage","@id":"https:\/\/uvbbrasil.com.br\/para-davi-alcolumbre-adiamento-das-eleicoes-vai-salvar-vidas\/","url":"https:\/\/uvbbrasil.com.br\/para-davi-alcolumbre-adiamento-das-eleicoes-vai-salvar-vidas\/","name":"Para Davi Alcolumbre, adiamento das elei\u00e7\u00f5es vai salvar vidas - UVB Brasil","isPartOf":{"@id":"https:\/\/uvbbrasil.com.br\/#website"},"primaryImageOfPage":{"@id":"https:\/\/uvbbrasil.com.br\/para-davi-alcolumbre-adiamento-das-eleicoes-vai-salvar-vidas\/#primaryimage"},"image":{"@id":"https:\/\/uvbbrasil.com.br\/para-davi-alcolumbre-adiamento-das-eleicoes-vai-salvar-vidas\/#primaryimage"},"thumbnailUrl":"https:\/\/uvbbrasil.com.br\/wp-content\/uploads\/2020\/07\/davi.jpg","datePublished":"2020-07-04T10:29:48+00:00","breadcrumb":{"@id":"https:\/\/uvbbrasil.com.br\/para-davi-alcolumbre-adiamento-das-eleicoes-vai-salvar-vidas\/#breadcrumb"},"inLanguage":"pt-BR","potentialAction":[{"@type":"ReadAction","target":["https:\/\/uvbbrasil.com.br\/para-davi-alcolumbre-adiamento-das-eleicoes-vai-salvar-vidas\/"]}]},{"@type":"ImageObject","inLanguage":"pt-BR","@id":"https:\/\/uvbbrasil.com.br\/para-davi-alcolumbre-adiamento-das-eleicoes-vai-salvar-vidas\/#primaryimage","url":"https:\/\/uvbbrasil.com.br\/wp-content\/uploads\/2020\/07\/davi.jpg","contentUrl":"https:\/\/uvbbrasil.com.br\/wp-content\/uploads\/2020\/07\/davi.jpg","width":860,"height":570},{"@type":"BreadcrumbList","@id":"https:\/\/uvbbrasil.com.br\/para-davi-alcolumbre-adiamento-das-eleicoes-vai-salvar-vidas\/#breadcrumb","itemListElement":[{"@type":"ListItem","position":1,"name":"In\u00edcio","item":"https:\/\/uvbbrasil.com.br\/"},{"@type":"ListItem","position":2,"name":"Para Davi Alcolumbre, adiamento das elei\u00e7\u00f5es vai salvar vidas"}]},{"@type":"WebSite","@id":"https:\/\/uvbbrasil.com.br\/#website","url":"https:\/\/uvbbrasil.com.br\/","name":"UVB Brasil","description":"Uni\u00e3o dos Vereadores do Brasil","publisher":{"@id":"https:\/\/uvbbrasil.com.br\/#organization"},"potentialAction":[{"@type":"SearchAction","target":{"@type":"EntryPoint","urlTemplate":"https:\/\/uvbbrasil.com.br\/?s={search_term_string}"},"query-input":{"@type":"PropertyValueSpecification","valueRequired":true,"valueName":"search_term_string"}}],"inLanguage":"pt-BR"},{"@type":"Organization","@id":"https:\/\/uvbbrasil.com.br\/#organization","name":"UVB Brasil","url":"https:\/\/uvbbrasil.com.br\/","logo":{"@type":"ImageObject","inLanguage":"pt-BR","@id":"https:\/\/uvbbrasil.com.br\/#\/schema\/logo\/image\/","url":"https:\/\/uvbbrasil.com.br\/wp-content\/uploads\/2025\/01\/LOGO-UVB-2024-azul-1.jpg","contentUrl":"https:\/\/uvbbrasil.com.br\/wp-content\/uploads\/2025\/01\/LOGO-UVB-2024-azul-1.jpg","width":600,"height":211,"caption":"UVB Brasil"},"image":{"@id":"https:\/\/uvbbrasil.com.br\/#\/schema\/logo\/image\/"},"sameAs":["https:\/\/www.facebook.com\/uvb.vereadoresbrasil","https:\/\/www.instagram.com\/uvbbrasil\/","https:\/\/www.youtube.com\/channel\/UCIlPQ8Xzw5GHNzosQIg9S5A"]},{"@type":"Person","@id":"https:\/\/uvbbrasil.com.br\/#\/schema\/person\/17990098446c098f52effddff4f1b272","name":"adminuvb","image":{"@type":"ImageObject","inLanguage":"pt-BR","@id":"https:\/\/uvbbrasil.com.br\/#\/schema\/person\/image\/","url":"https:\/\/secure.gravatar.com\/avatar\/1a494ea6f8e2dd1ae526e55b0e9497efdba542491e0620d704cccf63c6f77c45?s=96&d=mm&r=g","contentUrl":"https:\/\/secure.gravatar.com\/avatar\/1a494ea6f8e2dd1ae526e55b0e9497efdba542491e0620d704cccf63c6f77c45?s=96&d=mm&r=g","caption":"adminuvb"},"sameAs":["https:\/\/uvbbrasil.com.br"],"url":"https:\/\/uvbbrasil.com.br\/author\/adminuvb\/"}]}},"_links":{"self":[{"href":"https:\/\/uvbbrasil.com.br\/uvb-json\/wp\/v2\/posts\/19213","targetHints":{"allow":["GET"]}}],"collection":[{"href":"https:\/\/uvbbrasil.com.br\/uvb-json\/wp\/v2\/posts"}],"about":[{"href":"https:\/\/uvbbrasil.com.br\/uvb-json\/wp\/v2\/types\/post"}],"author":[{"embeddable":true,"href":"https:\/\/uvbbrasil.com.br\/uvb-json\/wp\/v2\/users\/1"}],"replies":[{"embeddable":true,"href":"https:\/\/uvbbrasil.com.br\/uvb-json\/wp\/v2\/comments?post=19213"}],"version-history":[{"count":0,"href":"https:\/\/uvbbrasil.com.br\/uvb-json\/wp\/v2\/posts\/19213\/revisions"}],"wp:featuredmedia":[{"embeddable":true,"href":"https:\/\/uvbbrasil.com.br\/uvb-json\/wp\/v2\/media\/19214"}],"wp:attachment":[{"href":"https:\/\/uvbbrasil.com.br\/uvb-json\/wp\/v2\/media?parent=19213"}],"wp:term":[{"taxonomy":"category","embeddable":true,"href":"https:\/\/uvbbrasil.com.br\/uvb-json\/wp\/v2\/categories?post=19213"},{"taxonomy":"post_tag","embeddable":true,"href":"https:\/\/uvbbrasil.com.br\/uvb-json\/wp\/v2\/tags?post=19213"}],"curies":[{"name":"wp","href":"https:\/\/api.w.org\/{rel}","templated":true}]}}