{"id":18927,"date":"2020-06-10T09:23:35","date_gmt":"2020-06-10T12:23:35","guid":{"rendered":"https:\/\/wpsandbox4.pante.com.br\/?p=18927"},"modified":"2020-06-10T09:23:35","modified_gmt":"2020-06-10T12:23:35","slug":"parlamentares-da-oposicao-assinam-manifesto-em-defesa-judiciario","status":"publish","type":"post","link":"https:\/\/uvbbrasil.com.br\/parlamentares-da-oposicao-assinam-manifesto-em-defesa-judiciario\/","title":{"rendered":"Parlamentares da oposi\u00e7\u00e3o assinam manifesto em defesa do Judici\u00e1rio"},"content":{"rendered":"<p>Bras\u00edlia\/DF-Senadores e deputados de partidos de oposi\u00e7\u00e3o divulgaram nesta ter\u00e7a-feira (9) um manifesto em defesa do Poder Judici\u00e1rio. O texto repudia ataques, do governo federal e de seus apoiadores, aos ministros do Supremo Tribunal Federal (STF).<\/p>\n<p>O manifesto condena os \u201cflertes autorit\u00e1rios do Executivo&#8221; e a \u201cpressuposi\u00e7\u00e3o de superioridade\u201d adotada na cr\u00edtica aos outros Poderes. Tamb\u00e9m ressalta que a ideia de uma autoridade individual acima de todas as outras, agindo como um \u201cmoderador\u201d, deve ser rejeitada.<\/p>\n<p>\u201cA concentra\u00e7\u00e3o de todos os poderes nas m\u00e3os de uma s\u00f3 pessoa felizmente foi vencida h\u00e1 s\u00e9culos, superando-se a fase em que algu\u00e9m podia dizer \u2018O Estado sou eu\u2019. S\u00e3o tempos dos quais n\u00e3o se deve ter saudades\u201d, diz o texto.<\/p>\n<p>Os signat\u00e1rios alertam que o pa\u00eds vive a sua \u201cmais grave crise\u201d em d\u00e9cadas, alertam para a diferen\u00e7a entre livre manifesta\u00e7\u00e3o e \u201cdiscursos de \u00f3dio\u201d e reiteram seus compromissos com a Constitui\u00e7\u00e3o Federal e a garantia das liberdades democr\u00e1ticas<\/p>\n<p>Os senadores signat\u00e1rios do manifesto s\u00e3o os l\u00edderes Randolfe Rodrigues (Rede-AP), Rog\u00e9rio Carvalho (PT-SE), Weverton (PDT-MA), Eliziane Gama (Cidadania-MA), Veneziano Vita do R\u00eago (PSB-PB) e Otto Alencar (PSD-BA). Entre os deputados, participam os l\u00edderes da oposi\u00e7\u00e3o e da minoria e das legendas PT, PSB, PDT, PSOL, PCdoB, PV e Rede.<\/p>\n<p>Veja a \u00edntegra:<\/p>\n<p><b><i>Carta de solidariedade ao STF perante os ataques que vem sofrendo do governo Bolsonaro.<\/i><\/b><i><\/i><\/p>\n<p><i>Senadores e deputados federais, eleitos pelo voto popular, na forma constitucional, representantes dos entes federados e do povo brasileiro, l\u00edderes partid\u00e1rios nas casas legislativas, v\u00eam atrav\u00e9s desta demonstrar solidariedade ao Poder Judici\u00e1rio perante os ataques que este tem sofrido por parte do Presidente da Rep\u00fablica, seus ministros, filhos e parcela de seus apoiadores.<\/i><\/p>\n<p><i>A concentra\u00e7\u00e3o do poder estatal na figura de apenas uma pessoa foi ideia rejeitada n\u00e3o apenas pelos nossos constituintes recentes, mas desde 1889\u00a0\u2014 com o fim do poder moderador que perdurou no Brasil por 65 anos. Infelizmente, estas seis d\u00e9cadas de pr\u00e1tica pol\u00edtica podem ter deixado como heran\u00e7a a pressuposi\u00e7\u00e3o de superioridade, em alguns momentos, por parte de alguns que ocuparam o executivo da na\u00e7\u00e3o: ora tentando concentrar poderes, ora escolhendo novos ocupantes para o cargo de moderador.<\/i><\/p>\n<p><i>Quanto a tudo isso, conquistamos a constitui\u00e7\u00e3o de 1988, garantindo liberdade democr\u00e1ticas ap\u00f3s a derrota da ditadura civil militar. A concentra\u00e7\u00e3o de todos os poderes nas m\u00e3os de uma s\u00f3 pessoa felizmente foi vencida h\u00e1 s\u00e9culos, superando-se a fase em que algu\u00e9m podia dizer &#8220;o Estado sou eu&#8221;. S\u00e3o tempos dos quais n\u00e3o se deve ter saudades.<\/i><\/p>\n<p><i>Reiteramos nosso compromisso com a defesa da Constitui\u00e7\u00e3o, que juramos defender quando tomamos posse de nossos mandatos parlamentares, nosso zelo pela manuten\u00e7\u00e3o liberdades democr\u00e1ticas previstas na Constitui\u00e7\u00e3o de 88, no qual a liberdade de express\u00e3o e manifesta\u00e7\u00e3o n\u00e3o contemplam discursos de \u00f3dio e flertes autorit\u00e1rios, e nosso entrega total \u00e0 luta pelos direitos fundamentais de todos os brasileiros.\u00a0 Queremos mais liberdades democr\u00e1ticas para o povo e n\u00e3o menos.<\/i><\/p>\n<p><i>Estamos diante da mais grave crise das \u00faltimas d\u00e9cadas, desde a redemocratiza\u00e7\u00e3o, e temos a convic\u00e7\u00e3o de que temos todas as de supera\u00e7\u00e3o desse desafio, em prol de um povo que espera isso de n\u00f3s e anseia por a\u00e7\u00f5es capazes de salvar vidas brasileiras, o que do Brasil \u00e9 seu maior patrim\u00f4nio.<\/i><\/p>\n<p><i>9 de Junho de 2020; 199\u00ba da Independ\u00eancia e 132\u00ba da Rep\u00fablica.<\/i><\/p>\n<p><i>\u00a0<\/i><\/p>\n<p><i>*Assinam os membros do poder legislativo, e l\u00edderes partid\u00e1rios.<\/i><\/p>\n<p><i>\u00a0<\/i><\/p>\n<p><i>Senador Randolfe Rodrigues-Oposi\u00e7\u00e3o Senado\/REDE<\/i><\/p>\n<p><i>Senador Rog\u00e9rio Carvalho-PT<\/i><\/p>\n<p><i>Senador Weverton Rocha-PDT<\/i><\/p>\n<p><i>Senadora Eliziane Gama-Cidadania<\/i><\/p>\n<p><i>Senador Veneziano Vital do Rego-PSB<\/i><\/p>\n<p><i>Senador Otto Alencar-PSD<\/i><\/p>\n<p><i>\u00a0<\/i><\/p>\n<p><i>Deputado Federal Andr\u00e9 Figueiredo-Oposi\u00e7\u00e3o C\u00e2mara\/PDT<\/i><\/p>\n<p><i>Deputado Federal Jos\u00e9 Guimar\u00e3es-Minoria C\u00e2mara\/PT<\/i><\/p>\n<p><i>Deputado Carlos Zarattini &#8211; Oposi\u00e7\u00e3o Congresso\/PT<\/i><\/p>\n<p><i>Deputado Federal \u00canio Verri-PT<\/i><\/p>\n<p><i>Deputado Alessandro Molon-PSB<\/i><\/p>\n<p><i>Deputado Federal Wolney Queiroz-PDT<\/i><\/p>\n<p><i>Deputada Federal Fernanda Melchionna-PSOL<\/i><\/p>\n<p><i>Deputada Federal Perp\u00e9tua Almeida- PC do B<\/i><\/p>\n<p><i>Deputado Federal Prof. Israel-PV<\/i><\/p>\n<p><i>Deputada Federal Jo\u00eania Wapichana-REDE<\/i><\/p>\n<p>Fonte: Ag\u00eancia Senado<a href=\"https:\/\/uvbbrasil.com.br\/?attachment_id=18928\" rel=\"attachment wp-att-18928\"><img fetchpriority=\"high\" decoding=\"async\" class=\"aligncenter size-full wp-image-18928\" src=\"https:\/\/uvbbrasil.com.br\/wp-content\/uploads\/2020\/06\/imagem_materia-1.jpeg\" alt=\"\" width=\"860\" height=\"570\" srcset=\"https:\/\/uvbbrasil.com.br\/wp-content\/uploads\/2020\/06\/imagem_materia-1.jpeg 860w, https:\/\/uvbbrasil.com.br\/wp-content\/uploads\/2020\/06\/imagem_materia-1-300x199.jpeg 300w, https:\/\/uvbbrasil.com.br\/wp-content\/uploads\/2020\/06\/imagem_materia-1-768x509.jpeg 768w\" sizes=\"(max-width: 860px) 100vw, 860px\" \/><\/a><\/p>\n<p>fonte<a href=\"https:\/\/www12.senado.leg.br\/noticias\/materias\/2020\/06\/09\/parlamentares-da-oposicao-assinam-manifesto-em-defesa-do-judiciario\">:<\/a><a tabindex=\"-1\" href=\"https:\/\/www12.senado.leg.br\/noticias\/materias\/2020\/06\/09\/parlamentares-da-oposicao-assinam-manifesto-em-defesa-do-judiciario\" target=\"_blank\" rel=\"noopener noreferrer\">www12.senado.leg.br<\/a><\/p>\n","protected":false},"excerpt":{"rendered":"<p>Bras\u00edlia\/DF-Senadores e deputados de partidos de oposi\u00e7\u00e3o divulgaram nesta ter\u00e7a-feira (9) um manifesto em defesa do Poder Judici\u00e1rio. O texto&#8230;<\/p>\n","protected":false},"author":1,"featured_media":18928,"comment_status":"open","ping_status":"open","sticky":false,"template":"","format":"standard","meta":{"footnotes":""},"categories":[3],"tags":[],"class_list":["post-18927","post","type-post","status-publish","format-standard","has-post-thumbnail","hentry","category-noticias"],"yoast_head":"<!-- This site is optimized with the Yoast SEO plugin v26.7 - https:\/\/yoast.com\/wordpress\/plugins\/seo\/ -->\n<title>Parlamentares da oposi\u00e7\u00e3o assinam manifesto em defesa do Judici\u00e1rio - UVB Brasil<\/title>\n<meta name=\"robots\" content=\"index, follow, max-snippet:-1, max-image-preview:large, max-video-preview:-1\" \/>\n<link rel=\"canonical\" href=\"https:\/\/uvbbrasil.com.br\/parlamentares-da-oposicao-assinam-manifesto-em-defesa-judiciario\/\" \/>\n<meta property=\"og:locale\" content=\"pt_BR\" \/>\n<meta property=\"og:type\" content=\"article\" \/>\n<meta property=\"og:title\" content=\"Parlamentares da oposi\u00e7\u00e3o assinam manifesto em defesa do Judici\u00e1rio - UVB Brasil\" \/>\n<meta property=\"og:description\" content=\"Bras\u00edlia\/DF-Senadores e deputados de partidos de oposi\u00e7\u00e3o divulgaram nesta ter\u00e7a-feira (9) um manifesto em defesa do Poder Judici\u00e1rio. O texto...\" \/>\n<meta property=\"og:url\" content=\"https:\/\/uvbbrasil.com.br\/parlamentares-da-oposicao-assinam-manifesto-em-defesa-judiciario\/\" \/>\n<meta property=\"og:site_name\" content=\"UVB Brasil\" \/>\n<meta property=\"article:publisher\" content=\"https:\/\/www.facebook.com\/uvb.vereadoresbrasil\" \/>\n<meta property=\"article:published_time\" content=\"2020-06-10T12:23:35+00:00\" \/>\n<meta property=\"og:image\" content=\"https:\/\/uvbbrasil.com.br\/wp-content\/uploads\/2020\/06\/imagem_materia-1.jpeg\" \/>\n\t<meta property=\"og:image:width\" content=\"860\" \/>\n\t<meta property=\"og:image:height\" content=\"570\" \/>\n\t<meta property=\"og:image:type\" content=\"image\/jpeg\" \/>\n<meta name=\"author\" content=\"adminuvb\" \/>\n<meta name=\"twitter:card\" content=\"summary_large_image\" \/>\n<meta name=\"twitter:label1\" content=\"Escrito por\" \/>\n\t<meta name=\"twitter:data1\" content=\"adminuvb\" \/>\n\t<meta name=\"twitter:label2\" content=\"Est. tempo de leitura\" \/>\n\t<meta name=\"twitter:data2\" content=\"4 minutos\" \/>\n<script type=\"application\/ld+json\" class=\"yoast-schema-graph\">{\"@context\":\"https:\/\/schema.org\",\"@graph\":[{\"@type\":\"Article\",\"@id\":\"https:\/\/uvbbrasil.com.br\/parlamentares-da-oposicao-assinam-manifesto-em-defesa-judiciario\/#article\",\"isPartOf\":{\"@id\":\"https:\/\/uvbbrasil.com.br\/parlamentares-da-oposicao-assinam-manifesto-em-defesa-judiciario\/\"},\"author\":{\"name\":\"adminuvb\",\"@id\":\"https:\/\/uvbbrasil.com.br\/#\/schema\/person\/17990098446c098f52effddff4f1b272\"},\"headline\":\"Parlamentares da oposi\u00e7\u00e3o assinam manifesto em defesa do Judici\u00e1rio\",\"datePublished\":\"2020-06-10T12:23:35+00:00\",\"mainEntityOfPage\":{\"@id\":\"https:\/\/uvbbrasil.com.br\/parlamentares-da-oposicao-assinam-manifesto-em-defesa-judiciario\/\"},\"wordCount\":714,\"commentCount\":0,\"publisher\":{\"@id\":\"https:\/\/uvbbrasil.com.br\/#organization\"},\"image\":{\"@id\":\"https:\/\/uvbbrasil.com.br\/parlamentares-da-oposicao-assinam-manifesto-em-defesa-judiciario\/#primaryimage\"},\"thumbnailUrl\":\"https:\/\/uvbbrasil.com.br\/wp-content\/uploads\/2020\/06\/imagem_materia-1.jpeg\",\"articleSection\":[\"NOT\u00cdCIAS\"],\"inLanguage\":\"pt-BR\",\"potentialAction\":[{\"@type\":\"CommentAction\",\"name\":\"Comment\",\"target\":[\"https:\/\/uvbbrasil.com.br\/parlamentares-da-oposicao-assinam-manifesto-em-defesa-judiciario\/#respond\"]}]},{\"@type\":\"WebPage\",\"@id\":\"https:\/\/uvbbrasil.com.br\/parlamentares-da-oposicao-assinam-manifesto-em-defesa-judiciario\/\",\"url\":\"https:\/\/uvbbrasil.com.br\/parlamentares-da-oposicao-assinam-manifesto-em-defesa-judiciario\/\",\"name\":\"Parlamentares da oposi\u00e7\u00e3o assinam manifesto em defesa do Judici\u00e1rio - UVB Brasil\",\"isPartOf\":{\"@id\":\"https:\/\/uvbbrasil.com.br\/#website\"},\"primaryImageOfPage\":{\"@id\":\"https:\/\/uvbbrasil.com.br\/parlamentares-da-oposicao-assinam-manifesto-em-defesa-judiciario\/#primaryimage\"},\"image\":{\"@id\":\"https:\/\/uvbbrasil.com.br\/parlamentares-da-oposicao-assinam-manifesto-em-defesa-judiciario\/#primaryimage\"},\"thumbnailUrl\":\"https:\/\/uvbbrasil.com.br\/wp-content\/uploads\/2020\/06\/imagem_materia-1.jpeg\",\"datePublished\":\"2020-06-10T12:23:35+00:00\",\"breadcrumb\":{\"@id\":\"https:\/\/uvbbrasil.com.br\/parlamentares-da-oposicao-assinam-manifesto-em-defesa-judiciario\/#breadcrumb\"},\"inLanguage\":\"pt-BR\",\"potentialAction\":[{\"@type\":\"ReadAction\",\"target\":[\"https:\/\/uvbbrasil.com.br\/parlamentares-da-oposicao-assinam-manifesto-em-defesa-judiciario\/\"]}]},{\"@type\":\"ImageObject\",\"inLanguage\":\"pt-BR\",\"@id\":\"https:\/\/uvbbrasil.com.br\/parlamentares-da-oposicao-assinam-manifesto-em-defesa-judiciario\/#primaryimage\",\"url\":\"https:\/\/uvbbrasil.com.br\/wp-content\/uploads\/2020\/06\/imagem_materia-1.jpeg\",\"contentUrl\":\"https:\/\/uvbbrasil.com.br\/wp-content\/uploads\/2020\/06\/imagem_materia-1.jpeg\",\"width\":860,\"height\":570},{\"@type\":\"BreadcrumbList\",\"@id\":\"https:\/\/uvbbrasil.com.br\/parlamentares-da-oposicao-assinam-manifesto-em-defesa-judiciario\/#breadcrumb\",\"itemListElement\":[{\"@type\":\"ListItem\",\"position\":1,\"name\":\"In\u00edcio\",\"item\":\"https:\/\/uvbbrasil.com.br\/\"},{\"@type\":\"ListItem\",\"position\":2,\"name\":\"Parlamentares da oposi\u00e7\u00e3o assinam manifesto em defesa do Judici\u00e1rio\"}]},{\"@type\":\"WebSite\",\"@id\":\"https:\/\/uvbbrasil.com.br\/#website\",\"url\":\"https:\/\/uvbbrasil.com.br\/\",\"name\":\"UVB Brasil\",\"description\":\"Uni\u00e3o dos Vereadores do Brasil\",\"publisher\":{\"@id\":\"https:\/\/uvbbrasil.com.br\/#organization\"},\"potentialAction\":[{\"@type\":\"SearchAction\",\"target\":{\"@type\":\"EntryPoint\",\"urlTemplate\":\"https:\/\/uvbbrasil.com.br\/?s={search_term_string}\"},\"query-input\":{\"@type\":\"PropertyValueSpecification\",\"valueRequired\":true,\"valueName\":\"search_term_string\"}}],\"inLanguage\":\"pt-BR\"},{\"@type\":\"Organization\",\"@id\":\"https:\/\/uvbbrasil.com.br\/#organization\",\"name\":\"UVB Brasil\",\"url\":\"https:\/\/uvbbrasil.com.br\/\",\"logo\":{\"@type\":\"ImageObject\",\"inLanguage\":\"pt-BR\",\"@id\":\"https:\/\/uvbbrasil.com.br\/#\/schema\/logo\/image\/\",\"url\":\"https:\/\/uvbbrasil.com.br\/wp-content\/uploads\/2025\/01\/LOGO-UVB-2024-azul-1.jpg\",\"contentUrl\":\"https:\/\/uvbbrasil.com.br\/wp-content\/uploads\/2025\/01\/LOGO-UVB-2024-azul-1.jpg\",\"width\":600,\"height\":211,\"caption\":\"UVB Brasil\"},\"image\":{\"@id\":\"https:\/\/uvbbrasil.com.br\/#\/schema\/logo\/image\/\"},\"sameAs\":[\"https:\/\/www.facebook.com\/uvb.vereadoresbrasil\",\"https:\/\/www.instagram.com\/uvbbrasil\/\",\"https:\/\/www.youtube.com\/channel\/UCIlPQ8Xzw5GHNzosQIg9S5A\"]},{\"@type\":\"Person\",\"@id\":\"https:\/\/uvbbrasil.com.br\/#\/schema\/person\/17990098446c098f52effddff4f1b272\",\"name\":\"adminuvb\",\"image\":{\"@type\":\"ImageObject\",\"inLanguage\":\"pt-BR\",\"@id\":\"https:\/\/uvbbrasil.com.br\/#\/schema\/person\/image\/\",\"url\":\"https:\/\/secure.gravatar.com\/avatar\/1a494ea6f8e2dd1ae526e55b0e9497efdba542491e0620d704cccf63c6f77c45?s=96&d=mm&r=g\",\"contentUrl\":\"https:\/\/secure.gravatar.com\/avatar\/1a494ea6f8e2dd1ae526e55b0e9497efdba542491e0620d704cccf63c6f77c45?s=96&d=mm&r=g\",\"caption\":\"adminuvb\"},\"sameAs\":[\"https:\/\/uvbbrasil.com.br\"],\"url\":\"https:\/\/uvbbrasil.com.br\/author\/adminuvb\/\"}]}<\/script>\n<!-- \/ Yoast SEO plugin. -->","yoast_head_json":{"title":"Parlamentares da oposi\u00e7\u00e3o assinam manifesto em defesa do Judici\u00e1rio - UVB Brasil","robots":{"index":"index","follow":"follow","max-snippet":"max-snippet:-1","max-image-preview":"max-image-preview:large","max-video-preview":"max-video-preview:-1"},"canonical":"https:\/\/uvbbrasil.com.br\/parlamentares-da-oposicao-assinam-manifesto-em-defesa-judiciario\/","og_locale":"pt_BR","og_type":"article","og_title":"Parlamentares da oposi\u00e7\u00e3o assinam manifesto em defesa do Judici\u00e1rio - UVB Brasil","og_description":"Bras\u00edlia\/DF-Senadores e deputados de partidos de oposi\u00e7\u00e3o divulgaram nesta ter\u00e7a-feira (9) um manifesto em defesa do Poder Judici\u00e1rio. O texto...","og_url":"https:\/\/uvbbrasil.com.br\/parlamentares-da-oposicao-assinam-manifesto-em-defesa-judiciario\/","og_site_name":"UVB Brasil","article_publisher":"https:\/\/www.facebook.com\/uvb.vereadoresbrasil","article_published_time":"2020-06-10T12:23:35+00:00","og_image":[{"width":860,"height":570,"url":"https:\/\/uvbbrasil.com.br\/wp-content\/uploads\/2020\/06\/imagem_materia-1.jpeg","type":"image\/jpeg"}],"author":"adminuvb","twitter_card":"summary_large_image","twitter_misc":{"Escrito por":"adminuvb","Est. tempo de leitura":"4 minutos"},"schema":{"@context":"https:\/\/schema.org","@graph":[{"@type":"Article","@id":"https:\/\/uvbbrasil.com.br\/parlamentares-da-oposicao-assinam-manifesto-em-defesa-judiciario\/#article","isPartOf":{"@id":"https:\/\/uvbbrasil.com.br\/parlamentares-da-oposicao-assinam-manifesto-em-defesa-judiciario\/"},"author":{"name":"adminuvb","@id":"https:\/\/uvbbrasil.com.br\/#\/schema\/person\/17990098446c098f52effddff4f1b272"},"headline":"Parlamentares da oposi\u00e7\u00e3o assinam manifesto em defesa do Judici\u00e1rio","datePublished":"2020-06-10T12:23:35+00:00","mainEntityOfPage":{"@id":"https:\/\/uvbbrasil.com.br\/parlamentares-da-oposicao-assinam-manifesto-em-defesa-judiciario\/"},"wordCount":714,"commentCount":0,"publisher":{"@id":"https:\/\/uvbbrasil.com.br\/#organization"},"image":{"@id":"https:\/\/uvbbrasil.com.br\/parlamentares-da-oposicao-assinam-manifesto-em-defesa-judiciario\/#primaryimage"},"thumbnailUrl":"https:\/\/uvbbrasil.com.br\/wp-content\/uploads\/2020\/06\/imagem_materia-1.jpeg","articleSection":["NOT\u00cdCIAS"],"inLanguage":"pt-BR","potentialAction":[{"@type":"CommentAction","name":"Comment","target":["https:\/\/uvbbrasil.com.br\/parlamentares-da-oposicao-assinam-manifesto-em-defesa-judiciario\/#respond"]}]},{"@type":"WebPage","@id":"https:\/\/uvbbrasil.com.br\/parlamentares-da-oposicao-assinam-manifesto-em-defesa-judiciario\/","url":"https:\/\/uvbbrasil.com.br\/parlamentares-da-oposicao-assinam-manifesto-em-defesa-judiciario\/","name":"Parlamentares da oposi\u00e7\u00e3o assinam manifesto em defesa do Judici\u00e1rio - UVB Brasil","isPartOf":{"@id":"https:\/\/uvbbrasil.com.br\/#website"},"primaryImageOfPage":{"@id":"https:\/\/uvbbrasil.com.br\/parlamentares-da-oposicao-assinam-manifesto-em-defesa-judiciario\/#primaryimage"},"image":{"@id":"https:\/\/uvbbrasil.com.br\/parlamentares-da-oposicao-assinam-manifesto-em-defesa-judiciario\/#primaryimage"},"thumbnailUrl":"https:\/\/uvbbrasil.com.br\/wp-content\/uploads\/2020\/06\/imagem_materia-1.jpeg","datePublished":"2020-06-10T12:23:35+00:00","breadcrumb":{"@id":"https:\/\/uvbbrasil.com.br\/parlamentares-da-oposicao-assinam-manifesto-em-defesa-judiciario\/#breadcrumb"},"inLanguage":"pt-BR","potentialAction":[{"@type":"ReadAction","target":["https:\/\/uvbbrasil.com.br\/parlamentares-da-oposicao-assinam-manifesto-em-defesa-judiciario\/"]}]},{"@type":"ImageObject","inLanguage":"pt-BR","@id":"https:\/\/uvbbrasil.com.br\/parlamentares-da-oposicao-assinam-manifesto-em-defesa-judiciario\/#primaryimage","url":"https:\/\/uvbbrasil.com.br\/wp-content\/uploads\/2020\/06\/imagem_materia-1.jpeg","contentUrl":"https:\/\/uvbbrasil.com.br\/wp-content\/uploads\/2020\/06\/imagem_materia-1.jpeg","width":860,"height":570},{"@type":"BreadcrumbList","@id":"https:\/\/uvbbrasil.com.br\/parlamentares-da-oposicao-assinam-manifesto-em-defesa-judiciario\/#breadcrumb","itemListElement":[{"@type":"ListItem","position":1,"name":"In\u00edcio","item":"https:\/\/uvbbrasil.com.br\/"},{"@type":"ListItem","position":2,"name":"Parlamentares da oposi\u00e7\u00e3o assinam manifesto em defesa do Judici\u00e1rio"}]},{"@type":"WebSite","@id":"https:\/\/uvbbrasil.com.br\/#website","url":"https:\/\/uvbbrasil.com.br\/","name":"UVB Brasil","description":"Uni\u00e3o dos Vereadores do Brasil","publisher":{"@id":"https:\/\/uvbbrasil.com.br\/#organization"},"potentialAction":[{"@type":"SearchAction","target":{"@type":"EntryPoint","urlTemplate":"https:\/\/uvbbrasil.com.br\/?s={search_term_string}"},"query-input":{"@type":"PropertyValueSpecification","valueRequired":true,"valueName":"search_term_string"}}],"inLanguage":"pt-BR"},{"@type":"Organization","@id":"https:\/\/uvbbrasil.com.br\/#organization","name":"UVB Brasil","url":"https:\/\/uvbbrasil.com.br\/","logo":{"@type":"ImageObject","inLanguage":"pt-BR","@id":"https:\/\/uvbbrasil.com.br\/#\/schema\/logo\/image\/","url":"https:\/\/uvbbrasil.com.br\/wp-content\/uploads\/2025\/01\/LOGO-UVB-2024-azul-1.jpg","contentUrl":"https:\/\/uvbbrasil.com.br\/wp-content\/uploads\/2025\/01\/LOGO-UVB-2024-azul-1.jpg","width":600,"height":211,"caption":"UVB Brasil"},"image":{"@id":"https:\/\/uvbbrasil.com.br\/#\/schema\/logo\/image\/"},"sameAs":["https:\/\/www.facebook.com\/uvb.vereadoresbrasil","https:\/\/www.instagram.com\/uvbbrasil\/","https:\/\/www.youtube.com\/channel\/UCIlPQ8Xzw5GHNzosQIg9S5A"]},{"@type":"Person","@id":"https:\/\/uvbbrasil.com.br\/#\/schema\/person\/17990098446c098f52effddff4f1b272","name":"adminuvb","image":{"@type":"ImageObject","inLanguage":"pt-BR","@id":"https:\/\/uvbbrasil.com.br\/#\/schema\/person\/image\/","url":"https:\/\/secure.gravatar.com\/avatar\/1a494ea6f8e2dd1ae526e55b0e9497efdba542491e0620d704cccf63c6f77c45?s=96&d=mm&r=g","contentUrl":"https:\/\/secure.gravatar.com\/avatar\/1a494ea6f8e2dd1ae526e55b0e9497efdba542491e0620d704cccf63c6f77c45?s=96&d=mm&r=g","caption":"adminuvb"},"sameAs":["https:\/\/uvbbrasil.com.br"],"url":"https:\/\/uvbbrasil.com.br\/author\/adminuvb\/"}]}},"_links":{"self":[{"href":"https:\/\/uvbbrasil.com.br\/uvb-json\/wp\/v2\/posts\/18927","targetHints":{"allow":["GET"]}}],"collection":[{"href":"https:\/\/uvbbrasil.com.br\/uvb-json\/wp\/v2\/posts"}],"about":[{"href":"https:\/\/uvbbrasil.com.br\/uvb-json\/wp\/v2\/types\/post"}],"author":[{"embeddable":true,"href":"https:\/\/uvbbrasil.com.br\/uvb-json\/wp\/v2\/users\/1"}],"replies":[{"embeddable":true,"href":"https:\/\/uvbbrasil.com.br\/uvb-json\/wp\/v2\/comments?post=18927"}],"version-history":[{"count":0,"href":"https:\/\/uvbbrasil.com.br\/uvb-json\/wp\/v2\/posts\/18927\/revisions"}],"wp:featuredmedia":[{"embeddable":true,"href":"https:\/\/uvbbrasil.com.br\/uvb-json\/wp\/v2\/media\/18928"}],"wp:attachment":[{"href":"https:\/\/uvbbrasil.com.br\/uvb-json\/wp\/v2\/media?parent=18927"}],"wp:term":[{"taxonomy":"category","embeddable":true,"href":"https:\/\/uvbbrasil.com.br\/uvb-json\/wp\/v2\/categories?post=18927"},{"taxonomy":"post_tag","embeddable":true,"href":"https:\/\/uvbbrasil.com.br\/uvb-json\/wp\/v2\/tags?post=18927"}],"curies":[{"name":"wp","href":"https:\/\/api.w.org\/{rel}","templated":true}]}}