{"id":18924,"date":"2020-06-10T08:43:43","date_gmt":"2020-06-10T11:43:43","guid":{"rendered":"https:\/\/wpsandbox4.pante.com.br\/?p=18924"},"modified":"2020-06-10T08:43:43","modified_gmt":"2020-06-10T11:43:43","slug":"uvb-promove-live-com-os-parlamentares-representantes-dos-estados-norte","status":"publish","type":"post","link":"https:\/\/uvbbrasil.com.br\/uvb-promove-live-com-os-parlamentares-representantes-dos-estados-norte\/","title":{"rendered":"UVB promove live com os parlamentares representantes dos Estados do Norte"},"content":{"rendered":"<p>A Uni\u00e3o dos Vereadores do Brasil-UVB, promover\u00e1 nesta quarta feira (10) as 19 horas live com a participa\u00e7\u00e3o dos parlamentares representantes dos estados do Norte. O tema a ser discutido \u00e9 \u2018\u2019Elei\u00e7\u00f5es em tempos de COVID-19\u2019\u2019.<\/p>\n<p>Em tempos de pandemia e isolamento \u00a0e a proibi\u00e7\u00e3o de aglomera\u00e7\u00f5es de pessoas a faz com que a UVB \u00a0se reinvente e apresente uma nova oportunidade de esta cada vez mais pr\u00f3ximo dos parlamentares por meio das redes sociais, dentre as a\u00e7\u00f5es que vem promovendo \u00a0Circuito Web de Capacita\u00e7\u00e3o Legislativa, live com os Presidentes das Entidades Estaduais, live com as representantes do F\u00f3rum Nacional da Mulher-UVB.<\/p>\n<p>A transmiss\u00e3o ser\u00e1 ao vivo nas redes s\u00f3cias oficiais da Uni\u00e3o dos Vereadores do Brasil-UVB<\/p>\n<p>Acompanhe a baixo a sequencias dos representantes:<\/p>\n<p>&nbsp;<\/p>\n<p><strong>Mamed Dankar Neto<\/strong><\/p>\n<p>Vereador Dankar &#8211; PROS<\/p>\n<p>Munic\u00edpio &#8211; Rio Branco\/AC &#8211; Primeiro mandato<\/p>\n<p>Servidor p\u00fablico do estado do Acre desde 1986.<\/p>\n<p>&nbsp;<\/p>\n<p><strong>Pedro Rabelo<\/strong><\/p>\n<p>Vereador de primeiro mandato, Pedro Rabelo \u00e9 formado em pedagogia, tem 29 anos e suas principais atividades como vereador est\u00e3o voltadas \u00e0 educa\u00e7\u00e3o, juventude, cultura e acessibilidade. Pedro foi vice presidente da c\u00e2mara de Cacoal no primeiro bi\u00eanio e atualmente est\u00e1 filiado ao partido PSD.<\/p>\n<p>&nbsp;<\/p>\n<p><strong>Whisllan Maciel<\/strong><\/p>\n<p>Vereador pelo PSDB, em Para\u00edso do Tocantins \u2013 TO<\/p>\n<p>Diretor da UVET- Uni\u00e3o dos Vereadores do Tocantins para a Regi\u00e3o do Vale do Araguaia (17 munic\u00edpios)<\/p>\n<p>&nbsp;<\/p>\n<p><strong>Mauro Teixeira,<\/strong> Manaus-AP, vereador de primeiro mandato (Presidente da Comiss\u00e3o\u00a0 dos direitos da crian\u00e7a, adolescente e do idoso na c\u00e2mara municipal de Manaus .<\/p>\n<p>&nbsp;<\/p>\n<p><strong>Wagner Feitosa<\/strong>, Boa Vista-RR, vereador de primeiro mandato filiado no partido Solidariedade.<\/p>\n<p>&nbsp;<\/p>\n<p><strong>Marcelo Alves<\/strong>, Marab\u00e1 \u2013PA, filiado no PT-partido dos Trabalhadores<\/p>\n<p>&nbsp;<\/p>\n<p><strong>Davickson Amoras<\/strong><\/p>\n<p>Ferreira Gomes-AP , filiado no PSD &#8211; Partido Social Democr\u00e1tico<\/p>\n<p>servidor P\u00fablico Municipal.<\/p>\n<p>&nbsp;<\/p>\n<p><strong>Alzivan Alves Sarmento<\/strong><\/p>\n<p>Ferreira Gomes-AP<\/p>\n<p>Partido-DEM<\/p>\n<p>Forma\u00e7\u00e3o professor<\/p>\n<p>Vereador segundo mandato<\/p>\n<p>Vice presidente da c\u00e2mara<\/p>\n<p>Presidente da Uni\u00e3o dos Vereadores do Estado do Amap\u00e1<\/p>\n<p>&nbsp;<\/p>\n<p><a href=\"https:\/\/uvbbrasil.com.br\/?attachment_id=18925\" rel=\"attachment wp-att-18925\"><img fetchpriority=\"high\" decoding=\"async\" class=\"aligncenter size-full wp-image-18925\" src=\"https:\/\/uvbbrasil.com.br\/wp-content\/uploads\/2020\/06\/WhatsApp-Image-2020-06-09-at-20.31.25.jpeg\" alt=\"\" width=\"1080\" height=\"1080\" srcset=\"https:\/\/uvbbrasil.com.br\/wp-content\/uploads\/2020\/06\/WhatsApp-Image-2020-06-09-at-20.31.25.jpeg 1080w, https:\/\/uvbbrasil.com.br\/wp-content\/uploads\/2020\/06\/WhatsApp-Image-2020-06-09-at-20.31.25-300x300.jpeg 300w, https:\/\/uvbbrasil.com.br\/wp-content\/uploads\/2020\/06\/WhatsApp-Image-2020-06-09-at-20.31.25-1024x1024.jpeg 1024w, https:\/\/uvbbrasil.com.br\/wp-content\/uploads\/2020\/06\/WhatsApp-Image-2020-06-09-at-20.31.25-150x150.jpeg 150w, https:\/\/uvbbrasil.com.br\/wp-content\/uploads\/2020\/06\/WhatsApp-Image-2020-06-09-at-20.31.25-768x768.jpeg 768w\" sizes=\"(max-width: 1080px) 100vw, 1080px\" \/><\/a><\/p>\n","protected":false},"excerpt":{"rendered":"<p>A Uni\u00e3o dos Vereadores do Brasil-UVB, promover\u00e1 nesta quarta feira (10) as 19 horas live com a participa\u00e7\u00e3o dos parlamentares&#8230;<\/p>\n","protected":false},"author":1,"featured_media":18925,"comment_status":"open","ping_status":"open","sticky":false,"template":"","format":"standard","meta":{"footnotes":""},"categories":[3],"tags":[],"class_list":["post-18924","post","type-post","status-publish","format-standard","has-post-thumbnail","hentry","category-noticias"],"yoast_head":"<!-- This site is optimized with the Yoast SEO plugin v26.7 - https:\/\/yoast.com\/wordpress\/plugins\/seo\/ -->\n<title>UVB promove live com os parlamentares representantes dos Estados do Norte - UVB Brasil<\/title>\n<meta name=\"robots\" content=\"index, follow, max-snippet:-1, max-image-preview:large, max-video-preview:-1\" \/>\n<link rel=\"canonical\" href=\"https:\/\/uvbbrasil.com.br\/uvb-promove-live-com-os-parlamentares-representantes-dos-estados-norte\/\" \/>\n<meta property=\"og:locale\" content=\"pt_BR\" \/>\n<meta property=\"og:type\" content=\"article\" \/>\n<meta property=\"og:title\" content=\"UVB promove live com os parlamentares representantes dos Estados do Norte - UVB Brasil\" \/>\n<meta property=\"og:description\" content=\"A Uni\u00e3o dos Vereadores do Brasil-UVB, promover\u00e1 nesta quarta feira (10) as 19 horas live com a participa\u00e7\u00e3o dos parlamentares...\" \/>\n<meta property=\"og:url\" content=\"https:\/\/uvbbrasil.com.br\/uvb-promove-live-com-os-parlamentares-representantes-dos-estados-norte\/\" \/>\n<meta property=\"og:site_name\" content=\"UVB Brasil\" \/>\n<meta property=\"article:publisher\" content=\"https:\/\/www.facebook.com\/uvb.vereadoresbrasil\" \/>\n<meta property=\"article:published_time\" content=\"2020-06-10T11:43:43+00:00\" \/>\n<meta property=\"og:image\" content=\"https:\/\/uvbbrasil.com.br\/wp-content\/uploads\/2020\/06\/WhatsApp-Image-2020-06-09-at-20.31.25.jpeg\" \/>\n\t<meta property=\"og:image:width\" content=\"1080\" \/>\n\t<meta property=\"og:image:height\" content=\"1080\" \/>\n\t<meta property=\"og:image:type\" content=\"image\/jpeg\" \/>\n<meta name=\"author\" content=\"adminuvb\" \/>\n<meta name=\"twitter:card\" content=\"summary_large_image\" \/>\n<meta name=\"twitter:label1\" content=\"Escrito por\" \/>\n\t<meta name=\"twitter:data1\" content=\"adminuvb\" \/>\n\t<meta name=\"twitter:label2\" content=\"Est. tempo de leitura\" \/>\n\t<meta name=\"twitter:data2\" content=\"2 minutos\" \/>\n<script type=\"application\/ld+json\" class=\"yoast-schema-graph\">{\"@context\":\"https:\/\/schema.org\",\"@graph\":[{\"@type\":\"Article\",\"@id\":\"https:\/\/uvbbrasil.com.br\/uvb-promove-live-com-os-parlamentares-representantes-dos-estados-norte\/#article\",\"isPartOf\":{\"@id\":\"https:\/\/uvbbrasil.com.br\/uvb-promove-live-com-os-parlamentares-representantes-dos-estados-norte\/\"},\"author\":{\"name\":\"adminuvb\",\"@id\":\"https:\/\/uvbbrasil.com.br\/#\/schema\/person\/17990098446c098f52effddff4f1b272\"},\"headline\":\"UVB promove live com os parlamentares representantes dos Estados do Norte\",\"datePublished\":\"2020-06-10T11:43:43+00:00\",\"mainEntityOfPage\":{\"@id\":\"https:\/\/uvbbrasil.com.br\/uvb-promove-live-com-os-parlamentares-representantes-dos-estados-norte\/\"},\"wordCount\":345,\"commentCount\":0,\"publisher\":{\"@id\":\"https:\/\/uvbbrasil.com.br\/#organization\"},\"image\":{\"@id\":\"https:\/\/uvbbrasil.com.br\/uvb-promove-live-com-os-parlamentares-representantes-dos-estados-norte\/#primaryimage\"},\"thumbnailUrl\":\"https:\/\/uvbbrasil.com.br\/wp-content\/uploads\/2020\/06\/WhatsApp-Image-2020-06-09-at-20.31.25.jpeg\",\"articleSection\":[\"NOT\u00cdCIAS\"],\"inLanguage\":\"pt-BR\",\"potentialAction\":[{\"@type\":\"CommentAction\",\"name\":\"Comment\",\"target\":[\"https:\/\/uvbbrasil.com.br\/uvb-promove-live-com-os-parlamentares-representantes-dos-estados-norte\/#respond\"]}]},{\"@type\":\"WebPage\",\"@id\":\"https:\/\/uvbbrasil.com.br\/uvb-promove-live-com-os-parlamentares-representantes-dos-estados-norte\/\",\"url\":\"https:\/\/uvbbrasil.com.br\/uvb-promove-live-com-os-parlamentares-representantes-dos-estados-norte\/\",\"name\":\"UVB promove live com os parlamentares representantes dos Estados do Norte - UVB Brasil\",\"isPartOf\":{\"@id\":\"https:\/\/uvbbrasil.com.br\/#website\"},\"primaryImageOfPage\":{\"@id\":\"https:\/\/uvbbrasil.com.br\/uvb-promove-live-com-os-parlamentares-representantes-dos-estados-norte\/#primaryimage\"},\"image\":{\"@id\":\"https:\/\/uvbbrasil.com.br\/uvb-promove-live-com-os-parlamentares-representantes-dos-estados-norte\/#primaryimage\"},\"thumbnailUrl\":\"https:\/\/uvbbrasil.com.br\/wp-content\/uploads\/2020\/06\/WhatsApp-Image-2020-06-09-at-20.31.25.jpeg\",\"datePublished\":\"2020-06-10T11:43:43+00:00\",\"breadcrumb\":{\"@id\":\"https:\/\/uvbbrasil.com.br\/uvb-promove-live-com-os-parlamentares-representantes-dos-estados-norte\/#breadcrumb\"},\"inLanguage\":\"pt-BR\",\"potentialAction\":[{\"@type\":\"ReadAction\",\"target\":[\"https:\/\/uvbbrasil.com.br\/uvb-promove-live-com-os-parlamentares-representantes-dos-estados-norte\/\"]}]},{\"@type\":\"ImageObject\",\"inLanguage\":\"pt-BR\",\"@id\":\"https:\/\/uvbbrasil.com.br\/uvb-promove-live-com-os-parlamentares-representantes-dos-estados-norte\/#primaryimage\",\"url\":\"https:\/\/uvbbrasil.com.br\/wp-content\/uploads\/2020\/06\/WhatsApp-Image-2020-06-09-at-20.31.25.jpeg\",\"contentUrl\":\"https:\/\/uvbbrasil.com.br\/wp-content\/uploads\/2020\/06\/WhatsApp-Image-2020-06-09-at-20.31.25.jpeg\",\"width\":1080,\"height\":1080},{\"@type\":\"BreadcrumbList\",\"@id\":\"https:\/\/uvbbrasil.com.br\/uvb-promove-live-com-os-parlamentares-representantes-dos-estados-norte\/#breadcrumb\",\"itemListElement\":[{\"@type\":\"ListItem\",\"position\":1,\"name\":\"In\u00edcio\",\"item\":\"https:\/\/uvbbrasil.com.br\/\"},{\"@type\":\"ListItem\",\"position\":2,\"name\":\"UVB promove live com os parlamentares representantes dos Estados do Norte\"}]},{\"@type\":\"WebSite\",\"@id\":\"https:\/\/uvbbrasil.com.br\/#website\",\"url\":\"https:\/\/uvbbrasil.com.br\/\",\"name\":\"UVB Brasil\",\"description\":\"Uni\u00e3o dos Vereadores do Brasil\",\"publisher\":{\"@id\":\"https:\/\/uvbbrasil.com.br\/#organization\"},\"potentialAction\":[{\"@type\":\"SearchAction\",\"target\":{\"@type\":\"EntryPoint\",\"urlTemplate\":\"https:\/\/uvbbrasil.com.br\/?s={search_term_string}\"},\"query-input\":{\"@type\":\"PropertyValueSpecification\",\"valueRequired\":true,\"valueName\":\"search_term_string\"}}],\"inLanguage\":\"pt-BR\"},{\"@type\":\"Organization\",\"@id\":\"https:\/\/uvbbrasil.com.br\/#organization\",\"name\":\"UVB Brasil\",\"url\":\"https:\/\/uvbbrasil.com.br\/\",\"logo\":{\"@type\":\"ImageObject\",\"inLanguage\":\"pt-BR\",\"@id\":\"https:\/\/uvbbrasil.com.br\/#\/schema\/logo\/image\/\",\"url\":\"https:\/\/uvbbrasil.com.br\/wp-content\/uploads\/2025\/01\/LOGO-UVB-2024-azul-1.jpg\",\"contentUrl\":\"https:\/\/uvbbrasil.com.br\/wp-content\/uploads\/2025\/01\/LOGO-UVB-2024-azul-1.jpg\",\"width\":600,\"height\":211,\"caption\":\"UVB Brasil\"},\"image\":{\"@id\":\"https:\/\/uvbbrasil.com.br\/#\/schema\/logo\/image\/\"},\"sameAs\":[\"https:\/\/www.facebook.com\/uvb.vereadoresbrasil\",\"https:\/\/www.instagram.com\/uvbbrasil\/\",\"https:\/\/www.youtube.com\/channel\/UCIlPQ8Xzw5GHNzosQIg9S5A\"]},{\"@type\":\"Person\",\"@id\":\"https:\/\/uvbbrasil.com.br\/#\/schema\/person\/17990098446c098f52effddff4f1b272\",\"name\":\"adminuvb\",\"image\":{\"@type\":\"ImageObject\",\"inLanguage\":\"pt-BR\",\"@id\":\"https:\/\/uvbbrasil.com.br\/#\/schema\/person\/image\/\",\"url\":\"https:\/\/secure.gravatar.com\/avatar\/1a494ea6f8e2dd1ae526e55b0e9497efdba542491e0620d704cccf63c6f77c45?s=96&d=mm&r=g\",\"contentUrl\":\"https:\/\/secure.gravatar.com\/avatar\/1a494ea6f8e2dd1ae526e55b0e9497efdba542491e0620d704cccf63c6f77c45?s=96&d=mm&r=g\",\"caption\":\"adminuvb\"},\"sameAs\":[\"https:\/\/uvbbrasil.com.br\"],\"url\":\"https:\/\/uvbbrasil.com.br\/author\/adminuvb\/\"}]}<\/script>\n<!-- \/ Yoast SEO plugin. -->","yoast_head_json":{"title":"UVB promove live com os parlamentares representantes dos Estados do Norte - UVB Brasil","robots":{"index":"index","follow":"follow","max-snippet":"max-snippet:-1","max-image-preview":"max-image-preview:large","max-video-preview":"max-video-preview:-1"},"canonical":"https:\/\/uvbbrasil.com.br\/uvb-promove-live-com-os-parlamentares-representantes-dos-estados-norte\/","og_locale":"pt_BR","og_type":"article","og_title":"UVB promove live com os parlamentares representantes dos Estados do Norte - UVB Brasil","og_description":"A Uni\u00e3o dos Vereadores do Brasil-UVB, promover\u00e1 nesta quarta feira (10) as 19 horas live com a participa\u00e7\u00e3o dos parlamentares...","og_url":"https:\/\/uvbbrasil.com.br\/uvb-promove-live-com-os-parlamentares-representantes-dos-estados-norte\/","og_site_name":"UVB Brasil","article_publisher":"https:\/\/www.facebook.com\/uvb.vereadoresbrasil","article_published_time":"2020-06-10T11:43:43+00:00","og_image":[{"width":1080,"height":1080,"url":"https:\/\/uvbbrasil.com.br\/wp-content\/uploads\/2020\/06\/WhatsApp-Image-2020-06-09-at-20.31.25.jpeg","type":"image\/jpeg"}],"author":"adminuvb","twitter_card":"summary_large_image","twitter_misc":{"Escrito por":"adminuvb","Est. tempo de leitura":"2 minutos"},"schema":{"@context":"https:\/\/schema.org","@graph":[{"@type":"Article","@id":"https:\/\/uvbbrasil.com.br\/uvb-promove-live-com-os-parlamentares-representantes-dos-estados-norte\/#article","isPartOf":{"@id":"https:\/\/uvbbrasil.com.br\/uvb-promove-live-com-os-parlamentares-representantes-dos-estados-norte\/"},"author":{"name":"adminuvb","@id":"https:\/\/uvbbrasil.com.br\/#\/schema\/person\/17990098446c098f52effddff4f1b272"},"headline":"UVB promove live com os parlamentares representantes dos Estados do Norte","datePublished":"2020-06-10T11:43:43+00:00","mainEntityOfPage":{"@id":"https:\/\/uvbbrasil.com.br\/uvb-promove-live-com-os-parlamentares-representantes-dos-estados-norte\/"},"wordCount":345,"commentCount":0,"publisher":{"@id":"https:\/\/uvbbrasil.com.br\/#organization"},"image":{"@id":"https:\/\/uvbbrasil.com.br\/uvb-promove-live-com-os-parlamentares-representantes-dos-estados-norte\/#primaryimage"},"thumbnailUrl":"https:\/\/uvbbrasil.com.br\/wp-content\/uploads\/2020\/06\/WhatsApp-Image-2020-06-09-at-20.31.25.jpeg","articleSection":["NOT\u00cdCIAS"],"inLanguage":"pt-BR","potentialAction":[{"@type":"CommentAction","name":"Comment","target":["https:\/\/uvbbrasil.com.br\/uvb-promove-live-com-os-parlamentares-representantes-dos-estados-norte\/#respond"]}]},{"@type":"WebPage","@id":"https:\/\/uvbbrasil.com.br\/uvb-promove-live-com-os-parlamentares-representantes-dos-estados-norte\/","url":"https:\/\/uvbbrasil.com.br\/uvb-promove-live-com-os-parlamentares-representantes-dos-estados-norte\/","name":"UVB promove live com os parlamentares representantes dos Estados do Norte - UVB Brasil","isPartOf":{"@id":"https:\/\/uvbbrasil.com.br\/#website"},"primaryImageOfPage":{"@id":"https:\/\/uvbbrasil.com.br\/uvb-promove-live-com-os-parlamentares-representantes-dos-estados-norte\/#primaryimage"},"image":{"@id":"https:\/\/uvbbrasil.com.br\/uvb-promove-live-com-os-parlamentares-representantes-dos-estados-norte\/#primaryimage"},"thumbnailUrl":"https:\/\/uvbbrasil.com.br\/wp-content\/uploads\/2020\/06\/WhatsApp-Image-2020-06-09-at-20.31.25.jpeg","datePublished":"2020-06-10T11:43:43+00:00","breadcrumb":{"@id":"https:\/\/uvbbrasil.com.br\/uvb-promove-live-com-os-parlamentares-representantes-dos-estados-norte\/#breadcrumb"},"inLanguage":"pt-BR","potentialAction":[{"@type":"ReadAction","target":["https:\/\/uvbbrasil.com.br\/uvb-promove-live-com-os-parlamentares-representantes-dos-estados-norte\/"]}]},{"@type":"ImageObject","inLanguage":"pt-BR","@id":"https:\/\/uvbbrasil.com.br\/uvb-promove-live-com-os-parlamentares-representantes-dos-estados-norte\/#primaryimage","url":"https:\/\/uvbbrasil.com.br\/wp-content\/uploads\/2020\/06\/WhatsApp-Image-2020-06-09-at-20.31.25.jpeg","contentUrl":"https:\/\/uvbbrasil.com.br\/wp-content\/uploads\/2020\/06\/WhatsApp-Image-2020-06-09-at-20.31.25.jpeg","width":1080,"height":1080},{"@type":"BreadcrumbList","@id":"https:\/\/uvbbrasil.com.br\/uvb-promove-live-com-os-parlamentares-representantes-dos-estados-norte\/#breadcrumb","itemListElement":[{"@type":"ListItem","position":1,"name":"In\u00edcio","item":"https:\/\/uvbbrasil.com.br\/"},{"@type":"ListItem","position":2,"name":"UVB promove live com os parlamentares representantes dos Estados do Norte"}]},{"@type":"WebSite","@id":"https:\/\/uvbbrasil.com.br\/#website","url":"https:\/\/uvbbrasil.com.br\/","name":"UVB Brasil","description":"Uni\u00e3o dos Vereadores do Brasil","publisher":{"@id":"https:\/\/uvbbrasil.com.br\/#organization"},"potentialAction":[{"@type":"SearchAction","target":{"@type":"EntryPoint","urlTemplate":"https:\/\/uvbbrasil.com.br\/?s={search_term_string}"},"query-input":{"@type":"PropertyValueSpecification","valueRequired":true,"valueName":"search_term_string"}}],"inLanguage":"pt-BR"},{"@type":"Organization","@id":"https:\/\/uvbbrasil.com.br\/#organization","name":"UVB Brasil","url":"https:\/\/uvbbrasil.com.br\/","logo":{"@type":"ImageObject","inLanguage":"pt-BR","@id":"https:\/\/uvbbrasil.com.br\/#\/schema\/logo\/image\/","url":"https:\/\/uvbbrasil.com.br\/wp-content\/uploads\/2025\/01\/LOGO-UVB-2024-azul-1.jpg","contentUrl":"https:\/\/uvbbrasil.com.br\/wp-content\/uploads\/2025\/01\/LOGO-UVB-2024-azul-1.jpg","width":600,"height":211,"caption":"UVB Brasil"},"image":{"@id":"https:\/\/uvbbrasil.com.br\/#\/schema\/logo\/image\/"},"sameAs":["https:\/\/www.facebook.com\/uvb.vereadoresbrasil","https:\/\/www.instagram.com\/uvbbrasil\/","https:\/\/www.youtube.com\/channel\/UCIlPQ8Xzw5GHNzosQIg9S5A"]},{"@type":"Person","@id":"https:\/\/uvbbrasil.com.br\/#\/schema\/person\/17990098446c098f52effddff4f1b272","name":"adminuvb","image":{"@type":"ImageObject","inLanguage":"pt-BR","@id":"https:\/\/uvbbrasil.com.br\/#\/schema\/person\/image\/","url":"https:\/\/secure.gravatar.com\/avatar\/1a494ea6f8e2dd1ae526e55b0e9497efdba542491e0620d704cccf63c6f77c45?s=96&d=mm&r=g","contentUrl":"https:\/\/secure.gravatar.com\/avatar\/1a494ea6f8e2dd1ae526e55b0e9497efdba542491e0620d704cccf63c6f77c45?s=96&d=mm&r=g","caption":"adminuvb"},"sameAs":["https:\/\/uvbbrasil.com.br"],"url":"https:\/\/uvbbrasil.com.br\/author\/adminuvb\/"}]}},"_links":{"self":[{"href":"https:\/\/uvbbrasil.com.br\/uvb-json\/wp\/v2\/posts\/18924","targetHints":{"allow":["GET"]}}],"collection":[{"href":"https:\/\/uvbbrasil.com.br\/uvb-json\/wp\/v2\/posts"}],"about":[{"href":"https:\/\/uvbbrasil.com.br\/uvb-json\/wp\/v2\/types\/post"}],"author":[{"embeddable":true,"href":"https:\/\/uvbbrasil.com.br\/uvb-json\/wp\/v2\/users\/1"}],"replies":[{"embeddable":true,"href":"https:\/\/uvbbrasil.com.br\/uvb-json\/wp\/v2\/comments?post=18924"}],"version-history":[{"count":0,"href":"https:\/\/uvbbrasil.com.br\/uvb-json\/wp\/v2\/posts\/18924\/revisions"}],"wp:featuredmedia":[{"embeddable":true,"href":"https:\/\/uvbbrasil.com.br\/uvb-json\/wp\/v2\/media\/18925"}],"wp:attachment":[{"href":"https:\/\/uvbbrasil.com.br\/uvb-json\/wp\/v2\/media?parent=18924"}],"wp:term":[{"taxonomy":"category","embeddable":true,"href":"https:\/\/uvbbrasil.com.br\/uvb-json\/wp\/v2\/categories?post=18924"},{"taxonomy":"post_tag","embeddable":true,"href":"https:\/\/uvbbrasil.com.br\/uvb-json\/wp\/v2\/tags?post=18924"}],"curies":[{"name":"wp","href":"https:\/\/api.w.org\/{rel}","templated":true}]}}