{"id":18744,"date":"2020-05-21T13:29:39","date_gmt":"2020-05-21T16:29:39","guid":{"rendered":"https:\/\/wpsandbox4.pante.com.br\/?p=18744"},"modified":"2020-05-21T13:29:39","modified_gmt":"2020-05-21T16:29:39","slug":"juiz-herval-sampaio-estara-ao-vivo-nesta-quinta-feira21-no-circuito-uvb-web","status":"publish","type":"post","link":"https:\/\/uvbbrasil.com.br\/juiz-herval-sampaio-estara-ao-vivo-nesta-quinta-feira21-no-circuito-uvb-web\/","title":{"rendered":"Juiz Herval Sampaio estar\u00e1 ao vivo nesta quinta feira(21) no Circuito UVB WEB"},"content":{"rendered":"<p>O Juiz, presidente da AMARN e vice presidente da AMB, Dr Herval Sampaio estar\u00e1 ao vivo nesta quinta feira(21) as 20 horas\u00a0 participando da programa\u00e7\u00e3o do Circuito UVB WEB que est\u00e1 sendo transmitido nas redes sociais da Uni\u00e3o dos Vereadores do Brasil-UVB.<\/p>\n<p>O tema a ser apresentado pelo juiz de direito ser\u00e1 &#8220;Pr\u00e9 campanha elei\u00e7\u00f5es 2020: oque pode e o que n\u00e3o pode&#8221;.<\/p>\n<p>Acompanhem e mantenham-se informados.<a href=\"https:\/\/uvbbrasil.com.br\/?attachment_id=18746\" rel=\"attachment wp-att-18746\"><img fetchpriority=\"high\" decoding=\"async\" class=\"aligncenter size-full wp-image-18746\" src=\"https:\/\/uvbbrasil.com.br\/wp-content\/uploads\/2020\/05\/WhatsApp-Image-2020-05-21-at-13.12.13.jpeg\" alt=\"\" width=\"1080\" height=\"1080\" srcset=\"https:\/\/uvbbrasil.com.br\/wp-content\/uploads\/2020\/05\/WhatsApp-Image-2020-05-21-at-13.12.13.jpeg 1080w, https:\/\/uvbbrasil.com.br\/wp-content\/uploads\/2020\/05\/WhatsApp-Image-2020-05-21-at-13.12.13-300x300.jpeg 300w, https:\/\/uvbbrasil.com.br\/wp-content\/uploads\/2020\/05\/WhatsApp-Image-2020-05-21-at-13.12.13-1024x1024.jpeg 1024w, https:\/\/uvbbrasil.com.br\/wp-content\/uploads\/2020\/05\/WhatsApp-Image-2020-05-21-at-13.12.13-150x150.jpeg 150w, https:\/\/uvbbrasil.com.br\/wp-content\/uploads\/2020\/05\/WhatsApp-Image-2020-05-21-at-13.12.13-768x768.jpeg 768w\" sizes=\"(max-width: 1080px) 100vw, 1080px\" \/><\/a><\/p>\n<p>&nbsp;<\/p>\n","protected":false},"excerpt":{"rendered":"<p>O Juiz, presidente da AMARN e vice presidente da AMB, Dr Herval Sampaio estar\u00e1 ao vivo nesta quinta feira(21) as&#8230;<\/p>\n","protected":false},"author":1,"featured_media":18746,"comment_status":"open","ping_status":"open","sticky":false,"template":"","format":"standard","meta":{"footnotes":""},"categories":[3,4],"tags":[],"class_list":["post-18744","post","type-post","status-publish","format-standard","has-post-thumbnail","hentry","category-noticias","category-home"],"yoast_head":"<!-- This site is optimized with the Yoast SEO plugin v26.7 - https:\/\/yoast.com\/wordpress\/plugins\/seo\/ -->\n<title>Juiz Herval Sampaio estar\u00e1 ao vivo nesta quinta feira(21) no Circuito UVB WEB - UVB Brasil<\/title>\n<meta name=\"robots\" content=\"index, follow, max-snippet:-1, max-image-preview:large, max-video-preview:-1\" \/>\n<link rel=\"canonical\" href=\"https:\/\/uvbbrasil.com.br\/juiz-herval-sampaio-estara-ao-vivo-nesta-quinta-feira21-no-circuito-uvb-web\/\" \/>\n<meta property=\"og:locale\" content=\"pt_BR\" \/>\n<meta property=\"og:type\" content=\"article\" \/>\n<meta property=\"og:title\" content=\"Juiz Herval Sampaio estar\u00e1 ao vivo nesta quinta feira(21) no Circuito UVB WEB - UVB Brasil\" \/>\n<meta property=\"og:description\" content=\"O Juiz, presidente da AMARN e vice presidente da AMB, Dr Herval Sampaio estar\u00e1 ao vivo nesta quinta feira(21) as...\" \/>\n<meta property=\"og:url\" content=\"https:\/\/uvbbrasil.com.br\/juiz-herval-sampaio-estara-ao-vivo-nesta-quinta-feira21-no-circuito-uvb-web\/\" \/>\n<meta property=\"og:site_name\" content=\"UVB Brasil\" \/>\n<meta property=\"article:publisher\" content=\"https:\/\/www.facebook.com\/uvb.vereadoresbrasil\" \/>\n<meta property=\"article:published_time\" content=\"2020-05-21T16:29:39+00:00\" \/>\n<meta property=\"og:image\" content=\"https:\/\/uvbbrasil.com.br\/wp-content\/uploads\/2020\/05\/WhatsApp-Image-2020-05-21-at-13.12.13.jpeg\" \/>\n\t<meta property=\"og:image:width\" content=\"1080\" \/>\n\t<meta property=\"og:image:height\" content=\"1080\" \/>\n\t<meta property=\"og:image:type\" content=\"image\/jpeg\" \/>\n<meta name=\"author\" content=\"adminuvb\" \/>\n<meta name=\"twitter:card\" content=\"summary_large_image\" \/>\n<meta name=\"twitter:label1\" content=\"Escrito por\" \/>\n\t<meta name=\"twitter:data1\" content=\"adminuvb\" \/>\n<script type=\"application\/ld+json\" class=\"yoast-schema-graph\">{\"@context\":\"https:\/\/schema.org\",\"@graph\":[{\"@type\":\"Article\",\"@id\":\"https:\/\/uvbbrasil.com.br\/juiz-herval-sampaio-estara-ao-vivo-nesta-quinta-feira21-no-circuito-uvb-web\/#article\",\"isPartOf\":{\"@id\":\"https:\/\/uvbbrasil.com.br\/juiz-herval-sampaio-estara-ao-vivo-nesta-quinta-feira21-no-circuito-uvb-web\/\"},\"author\":{\"name\":\"adminuvb\",\"@id\":\"https:\/\/uvbbrasil.com.br\/#\/schema\/person\/17990098446c098f52effddff4f1b272\"},\"headline\":\"Juiz Herval Sampaio estar\u00e1 ao vivo nesta quinta feira(21) no Circuito UVB WEB\",\"datePublished\":\"2020-05-21T16:29:39+00:00\",\"mainEntityOfPage\":{\"@id\":\"https:\/\/uvbbrasil.com.br\/juiz-herval-sampaio-estara-ao-vivo-nesta-quinta-feira21-no-circuito-uvb-web\/\"},\"wordCount\":83,\"commentCount\":0,\"publisher\":{\"@id\":\"https:\/\/uvbbrasil.com.br\/#organization\"},\"image\":{\"@id\":\"https:\/\/uvbbrasil.com.br\/juiz-herval-sampaio-estara-ao-vivo-nesta-quinta-feira21-no-circuito-uvb-web\/#primaryimage\"},\"thumbnailUrl\":\"https:\/\/uvbbrasil.com.br\/wp-content\/uploads\/2020\/05\/WhatsApp-Image-2020-05-21-at-13.12.13.jpeg\",\"articleSection\":[\"NOT\u00cdCIAS\",\"UVB\"],\"inLanguage\":\"pt-BR\",\"potentialAction\":[{\"@type\":\"CommentAction\",\"name\":\"Comment\",\"target\":[\"https:\/\/uvbbrasil.com.br\/juiz-herval-sampaio-estara-ao-vivo-nesta-quinta-feira21-no-circuito-uvb-web\/#respond\"]}]},{\"@type\":\"WebPage\",\"@id\":\"https:\/\/uvbbrasil.com.br\/juiz-herval-sampaio-estara-ao-vivo-nesta-quinta-feira21-no-circuito-uvb-web\/\",\"url\":\"https:\/\/uvbbrasil.com.br\/juiz-herval-sampaio-estara-ao-vivo-nesta-quinta-feira21-no-circuito-uvb-web\/\",\"name\":\"Juiz Herval Sampaio estar\u00e1 ao vivo nesta quinta feira(21) no Circuito UVB WEB - UVB Brasil\",\"isPartOf\":{\"@id\":\"https:\/\/uvbbrasil.com.br\/#website\"},\"primaryImageOfPage\":{\"@id\":\"https:\/\/uvbbrasil.com.br\/juiz-herval-sampaio-estara-ao-vivo-nesta-quinta-feira21-no-circuito-uvb-web\/#primaryimage\"},\"image\":{\"@id\":\"https:\/\/uvbbrasil.com.br\/juiz-herval-sampaio-estara-ao-vivo-nesta-quinta-feira21-no-circuito-uvb-web\/#primaryimage\"},\"thumbnailUrl\":\"https:\/\/uvbbrasil.com.br\/wp-content\/uploads\/2020\/05\/WhatsApp-Image-2020-05-21-at-13.12.13.jpeg\",\"datePublished\":\"2020-05-21T16:29:39+00:00\",\"breadcrumb\":{\"@id\":\"https:\/\/uvbbrasil.com.br\/juiz-herval-sampaio-estara-ao-vivo-nesta-quinta-feira21-no-circuito-uvb-web\/#breadcrumb\"},\"inLanguage\":\"pt-BR\",\"potentialAction\":[{\"@type\":\"ReadAction\",\"target\":[\"https:\/\/uvbbrasil.com.br\/juiz-herval-sampaio-estara-ao-vivo-nesta-quinta-feira21-no-circuito-uvb-web\/\"]}]},{\"@type\":\"ImageObject\",\"inLanguage\":\"pt-BR\",\"@id\":\"https:\/\/uvbbrasil.com.br\/juiz-herval-sampaio-estara-ao-vivo-nesta-quinta-feira21-no-circuito-uvb-web\/#primaryimage\",\"url\":\"https:\/\/uvbbrasil.com.br\/wp-content\/uploads\/2020\/05\/WhatsApp-Image-2020-05-21-at-13.12.13.jpeg\",\"contentUrl\":\"https:\/\/uvbbrasil.com.br\/wp-content\/uploads\/2020\/05\/WhatsApp-Image-2020-05-21-at-13.12.13.jpeg\",\"width\":1080,\"height\":1080},{\"@type\":\"BreadcrumbList\",\"@id\":\"https:\/\/uvbbrasil.com.br\/juiz-herval-sampaio-estara-ao-vivo-nesta-quinta-feira21-no-circuito-uvb-web\/#breadcrumb\",\"itemListElement\":[{\"@type\":\"ListItem\",\"position\":1,\"name\":\"In\u00edcio\",\"item\":\"https:\/\/uvbbrasil.com.br\/\"},{\"@type\":\"ListItem\",\"position\":2,\"name\":\"Juiz Herval Sampaio estar\u00e1 ao vivo nesta quinta feira(21) no Circuito UVB WEB\"}]},{\"@type\":\"WebSite\",\"@id\":\"https:\/\/uvbbrasil.com.br\/#website\",\"url\":\"https:\/\/uvbbrasil.com.br\/\",\"name\":\"UVB Brasil\",\"description\":\"Uni\u00e3o dos Vereadores do Brasil\",\"publisher\":{\"@id\":\"https:\/\/uvbbrasil.com.br\/#organization\"},\"potentialAction\":[{\"@type\":\"SearchAction\",\"target\":{\"@type\":\"EntryPoint\",\"urlTemplate\":\"https:\/\/uvbbrasil.com.br\/?s={search_term_string}\"},\"query-input\":{\"@type\":\"PropertyValueSpecification\",\"valueRequired\":true,\"valueName\":\"search_term_string\"}}],\"inLanguage\":\"pt-BR\"},{\"@type\":\"Organization\",\"@id\":\"https:\/\/uvbbrasil.com.br\/#organization\",\"name\":\"UVB Brasil\",\"url\":\"https:\/\/uvbbrasil.com.br\/\",\"logo\":{\"@type\":\"ImageObject\",\"inLanguage\":\"pt-BR\",\"@id\":\"https:\/\/uvbbrasil.com.br\/#\/schema\/logo\/image\/\",\"url\":\"https:\/\/uvbbrasil.com.br\/wp-content\/uploads\/2025\/01\/LOGO-UVB-2024-azul-1.jpg\",\"contentUrl\":\"https:\/\/uvbbrasil.com.br\/wp-content\/uploads\/2025\/01\/LOGO-UVB-2024-azul-1.jpg\",\"width\":600,\"height\":211,\"caption\":\"UVB Brasil\"},\"image\":{\"@id\":\"https:\/\/uvbbrasil.com.br\/#\/schema\/logo\/image\/\"},\"sameAs\":[\"https:\/\/www.facebook.com\/uvb.vereadoresbrasil\",\"https:\/\/www.instagram.com\/uvbbrasil\/\",\"https:\/\/www.youtube.com\/channel\/UCIlPQ8Xzw5GHNzosQIg9S5A\"]},{\"@type\":\"Person\",\"@id\":\"https:\/\/uvbbrasil.com.br\/#\/schema\/person\/17990098446c098f52effddff4f1b272\",\"name\":\"adminuvb\",\"image\":{\"@type\":\"ImageObject\",\"inLanguage\":\"pt-BR\",\"@id\":\"https:\/\/uvbbrasil.com.br\/#\/schema\/person\/image\/\",\"url\":\"https:\/\/secure.gravatar.com\/avatar\/1a494ea6f8e2dd1ae526e55b0e9497efdba542491e0620d704cccf63c6f77c45?s=96&d=mm&r=g\",\"contentUrl\":\"https:\/\/secure.gravatar.com\/avatar\/1a494ea6f8e2dd1ae526e55b0e9497efdba542491e0620d704cccf63c6f77c45?s=96&d=mm&r=g\",\"caption\":\"adminuvb\"},\"sameAs\":[\"https:\/\/uvbbrasil.com.br\"],\"url\":\"https:\/\/uvbbrasil.com.br\/author\/adminuvb\/\"}]}<\/script>\n<!-- \/ Yoast SEO plugin. -->","yoast_head_json":{"title":"Juiz Herval Sampaio estar\u00e1 ao vivo nesta quinta feira(21) no Circuito UVB WEB - UVB Brasil","robots":{"index":"index","follow":"follow","max-snippet":"max-snippet:-1","max-image-preview":"max-image-preview:large","max-video-preview":"max-video-preview:-1"},"canonical":"https:\/\/uvbbrasil.com.br\/juiz-herval-sampaio-estara-ao-vivo-nesta-quinta-feira21-no-circuito-uvb-web\/","og_locale":"pt_BR","og_type":"article","og_title":"Juiz Herval Sampaio estar\u00e1 ao vivo nesta quinta feira(21) no Circuito UVB WEB - UVB Brasil","og_description":"O Juiz, presidente da AMARN e vice presidente da AMB, Dr Herval Sampaio estar\u00e1 ao vivo nesta quinta feira(21) as...","og_url":"https:\/\/uvbbrasil.com.br\/juiz-herval-sampaio-estara-ao-vivo-nesta-quinta-feira21-no-circuito-uvb-web\/","og_site_name":"UVB Brasil","article_publisher":"https:\/\/www.facebook.com\/uvb.vereadoresbrasil","article_published_time":"2020-05-21T16:29:39+00:00","og_image":[{"width":1080,"height":1080,"url":"https:\/\/uvbbrasil.com.br\/wp-content\/uploads\/2020\/05\/WhatsApp-Image-2020-05-21-at-13.12.13.jpeg","type":"image\/jpeg"}],"author":"adminuvb","twitter_card":"summary_large_image","twitter_misc":{"Escrito por":"adminuvb"},"schema":{"@context":"https:\/\/schema.org","@graph":[{"@type":"Article","@id":"https:\/\/uvbbrasil.com.br\/juiz-herval-sampaio-estara-ao-vivo-nesta-quinta-feira21-no-circuito-uvb-web\/#article","isPartOf":{"@id":"https:\/\/uvbbrasil.com.br\/juiz-herval-sampaio-estara-ao-vivo-nesta-quinta-feira21-no-circuito-uvb-web\/"},"author":{"name":"adminuvb","@id":"https:\/\/uvbbrasil.com.br\/#\/schema\/person\/17990098446c098f52effddff4f1b272"},"headline":"Juiz Herval Sampaio estar\u00e1 ao vivo nesta quinta feira(21) no Circuito UVB WEB","datePublished":"2020-05-21T16:29:39+00:00","mainEntityOfPage":{"@id":"https:\/\/uvbbrasil.com.br\/juiz-herval-sampaio-estara-ao-vivo-nesta-quinta-feira21-no-circuito-uvb-web\/"},"wordCount":83,"commentCount":0,"publisher":{"@id":"https:\/\/uvbbrasil.com.br\/#organization"},"image":{"@id":"https:\/\/uvbbrasil.com.br\/juiz-herval-sampaio-estara-ao-vivo-nesta-quinta-feira21-no-circuito-uvb-web\/#primaryimage"},"thumbnailUrl":"https:\/\/uvbbrasil.com.br\/wp-content\/uploads\/2020\/05\/WhatsApp-Image-2020-05-21-at-13.12.13.jpeg","articleSection":["NOT\u00cdCIAS","UVB"],"inLanguage":"pt-BR","potentialAction":[{"@type":"CommentAction","name":"Comment","target":["https:\/\/uvbbrasil.com.br\/juiz-herval-sampaio-estara-ao-vivo-nesta-quinta-feira21-no-circuito-uvb-web\/#respond"]}]},{"@type":"WebPage","@id":"https:\/\/uvbbrasil.com.br\/juiz-herval-sampaio-estara-ao-vivo-nesta-quinta-feira21-no-circuito-uvb-web\/","url":"https:\/\/uvbbrasil.com.br\/juiz-herval-sampaio-estara-ao-vivo-nesta-quinta-feira21-no-circuito-uvb-web\/","name":"Juiz Herval Sampaio estar\u00e1 ao vivo nesta quinta feira(21) no Circuito UVB WEB - UVB Brasil","isPartOf":{"@id":"https:\/\/uvbbrasil.com.br\/#website"},"primaryImageOfPage":{"@id":"https:\/\/uvbbrasil.com.br\/juiz-herval-sampaio-estara-ao-vivo-nesta-quinta-feira21-no-circuito-uvb-web\/#primaryimage"},"image":{"@id":"https:\/\/uvbbrasil.com.br\/juiz-herval-sampaio-estara-ao-vivo-nesta-quinta-feira21-no-circuito-uvb-web\/#primaryimage"},"thumbnailUrl":"https:\/\/uvbbrasil.com.br\/wp-content\/uploads\/2020\/05\/WhatsApp-Image-2020-05-21-at-13.12.13.jpeg","datePublished":"2020-05-21T16:29:39+00:00","breadcrumb":{"@id":"https:\/\/uvbbrasil.com.br\/juiz-herval-sampaio-estara-ao-vivo-nesta-quinta-feira21-no-circuito-uvb-web\/#breadcrumb"},"inLanguage":"pt-BR","potentialAction":[{"@type":"ReadAction","target":["https:\/\/uvbbrasil.com.br\/juiz-herval-sampaio-estara-ao-vivo-nesta-quinta-feira21-no-circuito-uvb-web\/"]}]},{"@type":"ImageObject","inLanguage":"pt-BR","@id":"https:\/\/uvbbrasil.com.br\/juiz-herval-sampaio-estara-ao-vivo-nesta-quinta-feira21-no-circuito-uvb-web\/#primaryimage","url":"https:\/\/uvbbrasil.com.br\/wp-content\/uploads\/2020\/05\/WhatsApp-Image-2020-05-21-at-13.12.13.jpeg","contentUrl":"https:\/\/uvbbrasil.com.br\/wp-content\/uploads\/2020\/05\/WhatsApp-Image-2020-05-21-at-13.12.13.jpeg","width":1080,"height":1080},{"@type":"BreadcrumbList","@id":"https:\/\/uvbbrasil.com.br\/juiz-herval-sampaio-estara-ao-vivo-nesta-quinta-feira21-no-circuito-uvb-web\/#breadcrumb","itemListElement":[{"@type":"ListItem","position":1,"name":"In\u00edcio","item":"https:\/\/uvbbrasil.com.br\/"},{"@type":"ListItem","position":2,"name":"Juiz Herval Sampaio estar\u00e1 ao vivo nesta quinta feira(21) no Circuito UVB WEB"}]},{"@type":"WebSite","@id":"https:\/\/uvbbrasil.com.br\/#website","url":"https:\/\/uvbbrasil.com.br\/","name":"UVB Brasil","description":"Uni\u00e3o dos Vereadores do Brasil","publisher":{"@id":"https:\/\/uvbbrasil.com.br\/#organization"},"potentialAction":[{"@type":"SearchAction","target":{"@type":"EntryPoint","urlTemplate":"https:\/\/uvbbrasil.com.br\/?s={search_term_string}"},"query-input":{"@type":"PropertyValueSpecification","valueRequired":true,"valueName":"search_term_string"}}],"inLanguage":"pt-BR"},{"@type":"Organization","@id":"https:\/\/uvbbrasil.com.br\/#organization","name":"UVB Brasil","url":"https:\/\/uvbbrasil.com.br\/","logo":{"@type":"ImageObject","inLanguage":"pt-BR","@id":"https:\/\/uvbbrasil.com.br\/#\/schema\/logo\/image\/","url":"https:\/\/uvbbrasil.com.br\/wp-content\/uploads\/2025\/01\/LOGO-UVB-2024-azul-1.jpg","contentUrl":"https:\/\/uvbbrasil.com.br\/wp-content\/uploads\/2025\/01\/LOGO-UVB-2024-azul-1.jpg","width":600,"height":211,"caption":"UVB Brasil"},"image":{"@id":"https:\/\/uvbbrasil.com.br\/#\/schema\/logo\/image\/"},"sameAs":["https:\/\/www.facebook.com\/uvb.vereadoresbrasil","https:\/\/www.instagram.com\/uvbbrasil\/","https:\/\/www.youtube.com\/channel\/UCIlPQ8Xzw5GHNzosQIg9S5A"]},{"@type":"Person","@id":"https:\/\/uvbbrasil.com.br\/#\/schema\/person\/17990098446c098f52effddff4f1b272","name":"adminuvb","image":{"@type":"ImageObject","inLanguage":"pt-BR","@id":"https:\/\/uvbbrasil.com.br\/#\/schema\/person\/image\/","url":"https:\/\/secure.gravatar.com\/avatar\/1a494ea6f8e2dd1ae526e55b0e9497efdba542491e0620d704cccf63c6f77c45?s=96&d=mm&r=g","contentUrl":"https:\/\/secure.gravatar.com\/avatar\/1a494ea6f8e2dd1ae526e55b0e9497efdba542491e0620d704cccf63c6f77c45?s=96&d=mm&r=g","caption":"adminuvb"},"sameAs":["https:\/\/uvbbrasil.com.br"],"url":"https:\/\/uvbbrasil.com.br\/author\/adminuvb\/"}]}},"_links":{"self":[{"href":"https:\/\/uvbbrasil.com.br\/uvb-json\/wp\/v2\/posts\/18744","targetHints":{"allow":["GET"]}}],"collection":[{"href":"https:\/\/uvbbrasil.com.br\/uvb-json\/wp\/v2\/posts"}],"about":[{"href":"https:\/\/uvbbrasil.com.br\/uvb-json\/wp\/v2\/types\/post"}],"author":[{"embeddable":true,"href":"https:\/\/uvbbrasil.com.br\/uvb-json\/wp\/v2\/users\/1"}],"replies":[{"embeddable":true,"href":"https:\/\/uvbbrasil.com.br\/uvb-json\/wp\/v2\/comments?post=18744"}],"version-history":[{"count":0,"href":"https:\/\/uvbbrasil.com.br\/uvb-json\/wp\/v2\/posts\/18744\/revisions"}],"wp:featuredmedia":[{"embeddable":true,"href":"https:\/\/uvbbrasil.com.br\/uvb-json\/wp\/v2\/media\/18746"}],"wp:attachment":[{"href":"https:\/\/uvbbrasil.com.br\/uvb-json\/wp\/v2\/media?parent=18744"}],"wp:term":[{"taxonomy":"category","embeddable":true,"href":"https:\/\/uvbbrasil.com.br\/uvb-json\/wp\/v2\/categories?post=18744"},{"taxonomy":"post_tag","embeddable":true,"href":"https:\/\/uvbbrasil.com.br\/uvb-json\/wp\/v2\/tags?post=18744"}],"curies":[{"name":"wp","href":"https:\/\/api.w.org\/{rel}","templated":true}]}}