{"id":18741,"date":"2020-05-21T10:43:41","date_gmt":"2020-05-21T13:43:41","guid":{"rendered":"https:\/\/wpsandbox4.pante.com.br\/?p=18741"},"modified":"2020-05-21T10:43:41","modified_gmt":"2020-05-21T13:43:41","slug":"tse-entende-ser-aplicavel-reserva-de-genero-para-mulheres-nas-eleicoes-para-orgaos-partidarios","status":"publish","type":"post","link":"https:\/\/uvbbrasil.com.br\/tse-entende-ser-aplicavel-reserva-de-genero-para-mulheres-nas-eleicoes-para-orgaos-partidarios\/","title":{"rendered":"TSE entende ser aplic\u00e1vel reserva de g\u00eanero para mulheres nas elei\u00e7\u00f5es para \u00f3rg\u00e3os partid\u00e1rios"},"content":{"rendered":"<p class=\" \">Na sess\u00e3o administrativa desta ter\u00e7a-feira (19), o Plen\u00e1rio do Tribunal Superior Eleitoral (TSE) analisou uma consulta elaborada pela senadora L\u00eddice da Mata (PSB-BA) sobre a possibilidade de que a regra de reserva de g\u00eanero de 30% para mulheres nas candidaturas proporcionais tamb\u00e9m incida sobre a constitui\u00e7\u00e3o dos \u00f3rg\u00e3os partid\u00e1rios, como comiss\u00f5es executivas e diret\u00f3rios nacionais, estaduais e municipais. Os ministros da Corte Eleitoral entenderam ser poss\u00edvel a aplica\u00e7\u00e3o da regra tamb\u00e9m para as disputas internas dos partidos, embora esse entendimento n\u00e3o deva ter efeito vinculativo para a an\u00e1lise e a aprova\u00e7\u00e3o, por parte da Justi\u00e7a Eleitoral, das anota\u00e7\u00f5es de \u00f3rg\u00e3os partid\u00e1rios.<\/p>\n<p>Em seu voto, a relatora da mat\u00e9ria e presidente do TSE, ministra Rosa Weber, argumentou que, se aos partidos pol\u00edticos cabe observar um percentual m\u00ednimo de candidaturas por g\u00eanero para as disputas nas elei\u00e7\u00f5es proporcionais, a mesma orienta\u00e7\u00e3o deve se aplicar aos pleitos para a composi\u00e7\u00e3o de seus \u00f3rg\u00e3os internos. Segundo a ministra, a n\u00e3o aplica\u00e7\u00e3o da regra dos 30% da cota de g\u00eanero simultaneamente nos \u00e2mbitos externo e interno das agremia\u00e7\u00f5es constituiria \u201cum verdadeiro paradoxo democr\u00e1tico, n\u00e3o sendo cr\u00edvel que a democracia interna dos partidos pol\u00edticos n\u00e3o reflita a democracia que se busca vivenciar, em \u00faltima inst\u00e2ncia, nas pr\u00f3prias bases estatais\u201d.<\/p>\n<p>Assim, a relatora respondeu afirmativamente ao primeiro questionamento da consulta, afirmando que deve ser observada a reserva de vagas para candidaturas proporcionais prevista no par\u00e1grafo 3\u00ba do artigo 10 da Lei n\u00ba 9.504\/1997 (Lei das Elei\u00e7\u00f5es) tamb\u00e9m para as disputas que tenham a finalidade de compor os \u00f3rg\u00e3os internos dos partidos pol\u00edticos.<\/p>\n<p>Ao votar, o vice-presidente do TSE, ministro Lu\u00eds Roberto Barroso, prop\u00f4s que fosse encaminhado um apelo ao Congresso Nacional para que essa obrigatoriedade do cumprimento da reserva de g\u00eanero de 30% nas candidaturas dos \u00f3rg\u00e3os internos de partidos seja inclu\u00edda na legisla\u00e7\u00e3o, com a previs\u00e3o de san\u00e7\u00f5es \u00e0s legendas que n\u00e3o a cumprirem. Para o ministro, as san\u00e7\u00f5es deveriam passar a ser aplicadas ap\u00f3s a declara\u00e7\u00e3o de omiss\u00e3o legislativa nessa mat\u00e9ria. A proposta do ministro Barroso foi acolhida pela maioria dos ministros.<\/p>\n<p><b>Segundo quesito<\/b><\/p>\n<p>Quanto ao segundo questionamento, acerca do indeferimento dos pedidos de anota\u00e7\u00e3o dos \u00f3rg\u00e3os de dire\u00e7\u00e3o partid\u00e1ria que n\u00e3o tenham observado o percentual de 30%, a ministra Rosa Weber respondeu negativamente. Em seu entendimento, a afirma\u00e7\u00e3o do primeiro quesito da consulta ocorre \u201csem vinculatividade normativa, em car\u00e1ter abstrato e sem natureza sancionat\u00f3ria\u201d. Dessa forma, os pedidos de anota\u00e7\u00e3o dos \u00f3rg\u00e3os de dire\u00e7\u00e3o partid\u00e1ria de legendas que n\u00e3o tenham aplicado a reserva de 30% ser\u00e3o analisados, caso a caso, pela Justi\u00e7a Eleitoral.<\/p>\n<p>Em seu voto, o ministro Edson Fachin abriu diverg\u00eancia quanto \u00e0 resposta ao segundo quesito, propondo que tamb\u00e9m ele fosse respondido afirmativamente. De acordo com o magistrado, n\u00e3o deveriam ser promovidas as anota\u00e7\u00f5es de \u00f3rg\u00e3os de dire\u00e7\u00e3o partid\u00e1ria cujas legendas n\u00e3o comprovem a observ\u00e2ncia da reserva de g\u00eanero na escolha de seus membros.<\/p>\n<p>Os ministros Lu\u00eds Roberto Barroso, Og Fernandes e Tarcisio Vieira de Carvalho Neto seguiram o voto da relatora. Acompanharam a diverg\u00eancia aberta pelo ministro Edson Fachin os ministros Luis Felipe Salom\u00e3o e S\u00e9rgio Banhos.<a href=\"https:\/\/uvbbrasil.com.br\/?attachment_id=18742\" rel=\"attachment wp-att-18742\"><img fetchpriority=\"high\" decoding=\"async\" class=\"aligncenter size-full wp-image-18742\" src=\"https:\/\/uvbbrasil.com.br\/wp-content\/uploads\/2020\/05\/21-.jpeg\" alt=\"\" width=\"481\" height=\"263\" srcset=\"https:\/\/uvbbrasil.com.br\/wp-content\/uploads\/2020\/05\/21-.jpeg 481w, https:\/\/uvbbrasil.com.br\/wp-content\/uploads\/2020\/05\/21--300x164.jpeg 300w\" sizes=\"(max-width: 481px) 100vw, 481px\" \/><\/a><\/p>\n<p>&nbsp;<\/p>\n<p><em>fonte<\/em>:http:\/\/www.tse.jus.br\/imprensa\/noticias-tse<\/p>\n<p>&nbsp;<\/p>\n","protected":false},"excerpt":{"rendered":"<p>Na sess\u00e3o administrativa desta ter\u00e7a-feira (19), o Plen\u00e1rio do Tribunal Superior Eleitoral (TSE) analisou uma consulta elaborada pela senadora L\u00eddice&#8230;<\/p>\n","protected":false},"author":1,"featured_media":18742,"comment_status":"open","ping_status":"open","sticky":false,"template":"","format":"standard","meta":{"footnotes":""},"categories":[3],"tags":[],"class_list":["post-18741","post","type-post","status-publish","format-standard","has-post-thumbnail","hentry","category-noticias"],"yoast_head":"<!-- This site is optimized with the Yoast SEO plugin v26.7 - https:\/\/yoast.com\/wordpress\/plugins\/seo\/ -->\n<title>TSE entende ser aplic\u00e1vel reserva de g\u00eanero para mulheres nas elei\u00e7\u00f5es para \u00f3rg\u00e3os partid\u00e1rios - UVB Brasil<\/title>\n<meta name=\"robots\" content=\"index, follow, max-snippet:-1, max-image-preview:large, max-video-preview:-1\" \/>\n<link rel=\"canonical\" href=\"https:\/\/uvbbrasil.com.br\/tse-entende-ser-aplicavel-reserva-de-genero-para-mulheres-nas-eleicoes-para-orgaos-partidarios\/\" \/>\n<meta property=\"og:locale\" content=\"pt_BR\" \/>\n<meta property=\"og:type\" content=\"article\" \/>\n<meta property=\"og:title\" content=\"TSE entende ser aplic\u00e1vel reserva de g\u00eanero para mulheres nas elei\u00e7\u00f5es para \u00f3rg\u00e3os partid\u00e1rios - UVB Brasil\" \/>\n<meta property=\"og:description\" content=\"Na sess\u00e3o administrativa desta ter\u00e7a-feira (19), o Plen\u00e1rio do Tribunal Superior Eleitoral (TSE) analisou uma consulta elaborada pela senadora L\u00eddice...\" \/>\n<meta property=\"og:url\" content=\"https:\/\/uvbbrasil.com.br\/tse-entende-ser-aplicavel-reserva-de-genero-para-mulheres-nas-eleicoes-para-orgaos-partidarios\/\" \/>\n<meta property=\"og:site_name\" content=\"UVB Brasil\" \/>\n<meta property=\"article:publisher\" content=\"https:\/\/www.facebook.com\/uvb.vereadoresbrasil\" \/>\n<meta property=\"article:published_time\" content=\"2020-05-21T13:43:41+00:00\" \/>\n<meta property=\"og:image\" content=\"https:\/\/uvbbrasil.com.br\/wp-content\/uploads\/2020\/05\/21-.jpeg\" \/>\n\t<meta property=\"og:image:width\" content=\"481\" \/>\n\t<meta property=\"og:image:height\" content=\"263\" \/>\n\t<meta property=\"og:image:type\" content=\"image\/jpeg\" \/>\n<meta name=\"author\" content=\"adminuvb\" \/>\n<meta name=\"twitter:card\" content=\"summary_large_image\" \/>\n<meta name=\"twitter:label1\" content=\"Escrito por\" \/>\n\t<meta name=\"twitter:data1\" content=\"adminuvb\" \/>\n\t<meta name=\"twitter:label2\" content=\"Est. tempo de leitura\" \/>\n\t<meta name=\"twitter:data2\" content=\"3 minutos\" \/>\n<script type=\"application\/ld+json\" class=\"yoast-schema-graph\">{\"@context\":\"https:\/\/schema.org\",\"@graph\":[{\"@type\":\"Article\",\"@id\":\"https:\/\/uvbbrasil.com.br\/tse-entende-ser-aplicavel-reserva-de-genero-para-mulheres-nas-eleicoes-para-orgaos-partidarios\/#article\",\"isPartOf\":{\"@id\":\"https:\/\/uvbbrasil.com.br\/tse-entende-ser-aplicavel-reserva-de-genero-para-mulheres-nas-eleicoes-para-orgaos-partidarios\/\"},\"author\":{\"name\":\"adminuvb\",\"@id\":\"https:\/\/uvbbrasil.com.br\/#\/schema\/person\/17990098446c098f52effddff4f1b272\"},\"headline\":\"TSE entende ser aplic\u00e1vel reserva de g\u00eanero para mulheres nas elei\u00e7\u00f5es para \u00f3rg\u00e3os partid\u00e1rios\",\"datePublished\":\"2020-05-21T13:43:41+00:00\",\"mainEntityOfPage\":{\"@id\":\"https:\/\/uvbbrasil.com.br\/tse-entende-ser-aplicavel-reserva-de-genero-para-mulheres-nas-eleicoes-para-orgaos-partidarios\/\"},\"wordCount\":613,\"commentCount\":0,\"publisher\":{\"@id\":\"https:\/\/uvbbrasil.com.br\/#organization\"},\"image\":{\"@id\":\"https:\/\/uvbbrasil.com.br\/tse-entende-ser-aplicavel-reserva-de-genero-para-mulheres-nas-eleicoes-para-orgaos-partidarios\/#primaryimage\"},\"thumbnailUrl\":\"https:\/\/uvbbrasil.com.br\/wp-content\/uploads\/2020\/05\/21-.jpeg\",\"articleSection\":[\"NOT\u00cdCIAS\"],\"inLanguage\":\"pt-BR\",\"potentialAction\":[{\"@type\":\"CommentAction\",\"name\":\"Comment\",\"target\":[\"https:\/\/uvbbrasil.com.br\/tse-entende-ser-aplicavel-reserva-de-genero-para-mulheres-nas-eleicoes-para-orgaos-partidarios\/#respond\"]}]},{\"@type\":\"WebPage\",\"@id\":\"https:\/\/uvbbrasil.com.br\/tse-entende-ser-aplicavel-reserva-de-genero-para-mulheres-nas-eleicoes-para-orgaos-partidarios\/\",\"url\":\"https:\/\/uvbbrasil.com.br\/tse-entende-ser-aplicavel-reserva-de-genero-para-mulheres-nas-eleicoes-para-orgaos-partidarios\/\",\"name\":\"TSE entende ser aplic\u00e1vel reserva de g\u00eanero para mulheres nas elei\u00e7\u00f5es para \u00f3rg\u00e3os partid\u00e1rios - UVB Brasil\",\"isPartOf\":{\"@id\":\"https:\/\/uvbbrasil.com.br\/#website\"},\"primaryImageOfPage\":{\"@id\":\"https:\/\/uvbbrasil.com.br\/tse-entende-ser-aplicavel-reserva-de-genero-para-mulheres-nas-eleicoes-para-orgaos-partidarios\/#primaryimage\"},\"image\":{\"@id\":\"https:\/\/uvbbrasil.com.br\/tse-entende-ser-aplicavel-reserva-de-genero-para-mulheres-nas-eleicoes-para-orgaos-partidarios\/#primaryimage\"},\"thumbnailUrl\":\"https:\/\/uvbbrasil.com.br\/wp-content\/uploads\/2020\/05\/21-.jpeg\",\"datePublished\":\"2020-05-21T13:43:41+00:00\",\"breadcrumb\":{\"@id\":\"https:\/\/uvbbrasil.com.br\/tse-entende-ser-aplicavel-reserva-de-genero-para-mulheres-nas-eleicoes-para-orgaos-partidarios\/#breadcrumb\"},\"inLanguage\":\"pt-BR\",\"potentialAction\":[{\"@type\":\"ReadAction\",\"target\":[\"https:\/\/uvbbrasil.com.br\/tse-entende-ser-aplicavel-reserva-de-genero-para-mulheres-nas-eleicoes-para-orgaos-partidarios\/\"]}]},{\"@type\":\"ImageObject\",\"inLanguage\":\"pt-BR\",\"@id\":\"https:\/\/uvbbrasil.com.br\/tse-entende-ser-aplicavel-reserva-de-genero-para-mulheres-nas-eleicoes-para-orgaos-partidarios\/#primaryimage\",\"url\":\"https:\/\/uvbbrasil.com.br\/wp-content\/uploads\/2020\/05\/21-.jpeg\",\"contentUrl\":\"https:\/\/uvbbrasil.com.br\/wp-content\/uploads\/2020\/05\/21-.jpeg\",\"width\":481,\"height\":263},{\"@type\":\"BreadcrumbList\",\"@id\":\"https:\/\/uvbbrasil.com.br\/tse-entende-ser-aplicavel-reserva-de-genero-para-mulheres-nas-eleicoes-para-orgaos-partidarios\/#breadcrumb\",\"itemListElement\":[{\"@type\":\"ListItem\",\"position\":1,\"name\":\"In\u00edcio\",\"item\":\"https:\/\/uvbbrasil.com.br\/\"},{\"@type\":\"ListItem\",\"position\":2,\"name\":\"TSE entende ser aplic\u00e1vel reserva de g\u00eanero para mulheres nas elei\u00e7\u00f5es para \u00f3rg\u00e3os partid\u00e1rios\"}]},{\"@type\":\"WebSite\",\"@id\":\"https:\/\/uvbbrasil.com.br\/#website\",\"url\":\"https:\/\/uvbbrasil.com.br\/\",\"name\":\"UVB Brasil\",\"description\":\"Uni\u00e3o dos Vereadores do Brasil\",\"publisher\":{\"@id\":\"https:\/\/uvbbrasil.com.br\/#organization\"},\"potentialAction\":[{\"@type\":\"SearchAction\",\"target\":{\"@type\":\"EntryPoint\",\"urlTemplate\":\"https:\/\/uvbbrasil.com.br\/?s={search_term_string}\"},\"query-input\":{\"@type\":\"PropertyValueSpecification\",\"valueRequired\":true,\"valueName\":\"search_term_string\"}}],\"inLanguage\":\"pt-BR\"},{\"@type\":\"Organization\",\"@id\":\"https:\/\/uvbbrasil.com.br\/#organization\",\"name\":\"UVB Brasil\",\"url\":\"https:\/\/uvbbrasil.com.br\/\",\"logo\":{\"@type\":\"ImageObject\",\"inLanguage\":\"pt-BR\",\"@id\":\"https:\/\/uvbbrasil.com.br\/#\/schema\/logo\/image\/\",\"url\":\"https:\/\/uvbbrasil.com.br\/wp-content\/uploads\/2025\/01\/LOGO-UVB-2024-azul-1.jpg\",\"contentUrl\":\"https:\/\/uvbbrasil.com.br\/wp-content\/uploads\/2025\/01\/LOGO-UVB-2024-azul-1.jpg\",\"width\":600,\"height\":211,\"caption\":\"UVB Brasil\"},\"image\":{\"@id\":\"https:\/\/uvbbrasil.com.br\/#\/schema\/logo\/image\/\"},\"sameAs\":[\"https:\/\/www.facebook.com\/uvb.vereadoresbrasil\",\"https:\/\/www.instagram.com\/uvbbrasil\/\",\"https:\/\/www.youtube.com\/channel\/UCIlPQ8Xzw5GHNzosQIg9S5A\"]},{\"@type\":\"Person\",\"@id\":\"https:\/\/uvbbrasil.com.br\/#\/schema\/person\/17990098446c098f52effddff4f1b272\",\"name\":\"adminuvb\",\"image\":{\"@type\":\"ImageObject\",\"inLanguage\":\"pt-BR\",\"@id\":\"https:\/\/uvbbrasil.com.br\/#\/schema\/person\/image\/\",\"url\":\"https:\/\/secure.gravatar.com\/avatar\/1a494ea6f8e2dd1ae526e55b0e9497efdba542491e0620d704cccf63c6f77c45?s=96&d=mm&r=g\",\"contentUrl\":\"https:\/\/secure.gravatar.com\/avatar\/1a494ea6f8e2dd1ae526e55b0e9497efdba542491e0620d704cccf63c6f77c45?s=96&d=mm&r=g\",\"caption\":\"adminuvb\"},\"sameAs\":[\"https:\/\/uvbbrasil.com.br\"],\"url\":\"https:\/\/uvbbrasil.com.br\/author\/adminuvb\/\"}]}<\/script>\n<!-- \/ Yoast SEO plugin. -->","yoast_head_json":{"title":"TSE entende ser aplic\u00e1vel reserva de g\u00eanero para mulheres nas elei\u00e7\u00f5es para \u00f3rg\u00e3os partid\u00e1rios - UVB Brasil","robots":{"index":"index","follow":"follow","max-snippet":"max-snippet:-1","max-image-preview":"max-image-preview:large","max-video-preview":"max-video-preview:-1"},"canonical":"https:\/\/uvbbrasil.com.br\/tse-entende-ser-aplicavel-reserva-de-genero-para-mulheres-nas-eleicoes-para-orgaos-partidarios\/","og_locale":"pt_BR","og_type":"article","og_title":"TSE entende ser aplic\u00e1vel reserva de g\u00eanero para mulheres nas elei\u00e7\u00f5es para \u00f3rg\u00e3os partid\u00e1rios - UVB Brasil","og_description":"Na sess\u00e3o administrativa desta ter\u00e7a-feira (19), o Plen\u00e1rio do Tribunal Superior Eleitoral (TSE) analisou uma consulta elaborada pela senadora L\u00eddice...","og_url":"https:\/\/uvbbrasil.com.br\/tse-entende-ser-aplicavel-reserva-de-genero-para-mulheres-nas-eleicoes-para-orgaos-partidarios\/","og_site_name":"UVB Brasil","article_publisher":"https:\/\/www.facebook.com\/uvb.vereadoresbrasil","article_published_time":"2020-05-21T13:43:41+00:00","og_image":[{"width":481,"height":263,"url":"https:\/\/uvbbrasil.com.br\/wp-content\/uploads\/2020\/05\/21-.jpeg","type":"image\/jpeg"}],"author":"adminuvb","twitter_card":"summary_large_image","twitter_misc":{"Escrito por":"adminuvb","Est. tempo de leitura":"3 minutos"},"schema":{"@context":"https:\/\/schema.org","@graph":[{"@type":"Article","@id":"https:\/\/uvbbrasil.com.br\/tse-entende-ser-aplicavel-reserva-de-genero-para-mulheres-nas-eleicoes-para-orgaos-partidarios\/#article","isPartOf":{"@id":"https:\/\/uvbbrasil.com.br\/tse-entende-ser-aplicavel-reserva-de-genero-para-mulheres-nas-eleicoes-para-orgaos-partidarios\/"},"author":{"name":"adminuvb","@id":"https:\/\/uvbbrasil.com.br\/#\/schema\/person\/17990098446c098f52effddff4f1b272"},"headline":"TSE entende ser aplic\u00e1vel reserva de g\u00eanero para mulheres nas elei\u00e7\u00f5es para \u00f3rg\u00e3os partid\u00e1rios","datePublished":"2020-05-21T13:43:41+00:00","mainEntityOfPage":{"@id":"https:\/\/uvbbrasil.com.br\/tse-entende-ser-aplicavel-reserva-de-genero-para-mulheres-nas-eleicoes-para-orgaos-partidarios\/"},"wordCount":613,"commentCount":0,"publisher":{"@id":"https:\/\/uvbbrasil.com.br\/#organization"},"image":{"@id":"https:\/\/uvbbrasil.com.br\/tse-entende-ser-aplicavel-reserva-de-genero-para-mulheres-nas-eleicoes-para-orgaos-partidarios\/#primaryimage"},"thumbnailUrl":"https:\/\/uvbbrasil.com.br\/wp-content\/uploads\/2020\/05\/21-.jpeg","articleSection":["NOT\u00cdCIAS"],"inLanguage":"pt-BR","potentialAction":[{"@type":"CommentAction","name":"Comment","target":["https:\/\/uvbbrasil.com.br\/tse-entende-ser-aplicavel-reserva-de-genero-para-mulheres-nas-eleicoes-para-orgaos-partidarios\/#respond"]}]},{"@type":"WebPage","@id":"https:\/\/uvbbrasil.com.br\/tse-entende-ser-aplicavel-reserva-de-genero-para-mulheres-nas-eleicoes-para-orgaos-partidarios\/","url":"https:\/\/uvbbrasil.com.br\/tse-entende-ser-aplicavel-reserva-de-genero-para-mulheres-nas-eleicoes-para-orgaos-partidarios\/","name":"TSE entende ser aplic\u00e1vel reserva de g\u00eanero para mulheres nas elei\u00e7\u00f5es para \u00f3rg\u00e3os partid\u00e1rios - UVB Brasil","isPartOf":{"@id":"https:\/\/uvbbrasil.com.br\/#website"},"primaryImageOfPage":{"@id":"https:\/\/uvbbrasil.com.br\/tse-entende-ser-aplicavel-reserva-de-genero-para-mulheres-nas-eleicoes-para-orgaos-partidarios\/#primaryimage"},"image":{"@id":"https:\/\/uvbbrasil.com.br\/tse-entende-ser-aplicavel-reserva-de-genero-para-mulheres-nas-eleicoes-para-orgaos-partidarios\/#primaryimage"},"thumbnailUrl":"https:\/\/uvbbrasil.com.br\/wp-content\/uploads\/2020\/05\/21-.jpeg","datePublished":"2020-05-21T13:43:41+00:00","breadcrumb":{"@id":"https:\/\/uvbbrasil.com.br\/tse-entende-ser-aplicavel-reserva-de-genero-para-mulheres-nas-eleicoes-para-orgaos-partidarios\/#breadcrumb"},"inLanguage":"pt-BR","potentialAction":[{"@type":"ReadAction","target":["https:\/\/uvbbrasil.com.br\/tse-entende-ser-aplicavel-reserva-de-genero-para-mulheres-nas-eleicoes-para-orgaos-partidarios\/"]}]},{"@type":"ImageObject","inLanguage":"pt-BR","@id":"https:\/\/uvbbrasil.com.br\/tse-entende-ser-aplicavel-reserva-de-genero-para-mulheres-nas-eleicoes-para-orgaos-partidarios\/#primaryimage","url":"https:\/\/uvbbrasil.com.br\/wp-content\/uploads\/2020\/05\/21-.jpeg","contentUrl":"https:\/\/uvbbrasil.com.br\/wp-content\/uploads\/2020\/05\/21-.jpeg","width":481,"height":263},{"@type":"BreadcrumbList","@id":"https:\/\/uvbbrasil.com.br\/tse-entende-ser-aplicavel-reserva-de-genero-para-mulheres-nas-eleicoes-para-orgaos-partidarios\/#breadcrumb","itemListElement":[{"@type":"ListItem","position":1,"name":"In\u00edcio","item":"https:\/\/uvbbrasil.com.br\/"},{"@type":"ListItem","position":2,"name":"TSE entende ser aplic\u00e1vel reserva de g\u00eanero para mulheres nas elei\u00e7\u00f5es para \u00f3rg\u00e3os partid\u00e1rios"}]},{"@type":"WebSite","@id":"https:\/\/uvbbrasil.com.br\/#website","url":"https:\/\/uvbbrasil.com.br\/","name":"UVB Brasil","description":"Uni\u00e3o dos Vereadores do Brasil","publisher":{"@id":"https:\/\/uvbbrasil.com.br\/#organization"},"potentialAction":[{"@type":"SearchAction","target":{"@type":"EntryPoint","urlTemplate":"https:\/\/uvbbrasil.com.br\/?s={search_term_string}"},"query-input":{"@type":"PropertyValueSpecification","valueRequired":true,"valueName":"search_term_string"}}],"inLanguage":"pt-BR"},{"@type":"Organization","@id":"https:\/\/uvbbrasil.com.br\/#organization","name":"UVB Brasil","url":"https:\/\/uvbbrasil.com.br\/","logo":{"@type":"ImageObject","inLanguage":"pt-BR","@id":"https:\/\/uvbbrasil.com.br\/#\/schema\/logo\/image\/","url":"https:\/\/uvbbrasil.com.br\/wp-content\/uploads\/2025\/01\/LOGO-UVB-2024-azul-1.jpg","contentUrl":"https:\/\/uvbbrasil.com.br\/wp-content\/uploads\/2025\/01\/LOGO-UVB-2024-azul-1.jpg","width":600,"height":211,"caption":"UVB Brasil"},"image":{"@id":"https:\/\/uvbbrasil.com.br\/#\/schema\/logo\/image\/"},"sameAs":["https:\/\/www.facebook.com\/uvb.vereadoresbrasil","https:\/\/www.instagram.com\/uvbbrasil\/","https:\/\/www.youtube.com\/channel\/UCIlPQ8Xzw5GHNzosQIg9S5A"]},{"@type":"Person","@id":"https:\/\/uvbbrasil.com.br\/#\/schema\/person\/17990098446c098f52effddff4f1b272","name":"adminuvb","image":{"@type":"ImageObject","inLanguage":"pt-BR","@id":"https:\/\/uvbbrasil.com.br\/#\/schema\/person\/image\/","url":"https:\/\/secure.gravatar.com\/avatar\/1a494ea6f8e2dd1ae526e55b0e9497efdba542491e0620d704cccf63c6f77c45?s=96&d=mm&r=g","contentUrl":"https:\/\/secure.gravatar.com\/avatar\/1a494ea6f8e2dd1ae526e55b0e9497efdba542491e0620d704cccf63c6f77c45?s=96&d=mm&r=g","caption":"adminuvb"},"sameAs":["https:\/\/uvbbrasil.com.br"],"url":"https:\/\/uvbbrasil.com.br\/author\/adminuvb\/"}]}},"_links":{"self":[{"href":"https:\/\/uvbbrasil.com.br\/uvb-json\/wp\/v2\/posts\/18741","targetHints":{"allow":["GET"]}}],"collection":[{"href":"https:\/\/uvbbrasil.com.br\/uvb-json\/wp\/v2\/posts"}],"about":[{"href":"https:\/\/uvbbrasil.com.br\/uvb-json\/wp\/v2\/types\/post"}],"author":[{"embeddable":true,"href":"https:\/\/uvbbrasil.com.br\/uvb-json\/wp\/v2\/users\/1"}],"replies":[{"embeddable":true,"href":"https:\/\/uvbbrasil.com.br\/uvb-json\/wp\/v2\/comments?post=18741"}],"version-history":[{"count":0,"href":"https:\/\/uvbbrasil.com.br\/uvb-json\/wp\/v2\/posts\/18741\/revisions"}],"wp:featuredmedia":[{"embeddable":true,"href":"https:\/\/uvbbrasil.com.br\/uvb-json\/wp\/v2\/media\/18742"}],"wp:attachment":[{"href":"https:\/\/uvbbrasil.com.br\/uvb-json\/wp\/v2\/media?parent=18741"}],"wp:term":[{"taxonomy":"category","embeddable":true,"href":"https:\/\/uvbbrasil.com.br\/uvb-json\/wp\/v2\/categories?post=18741"},{"taxonomy":"post_tag","embeddable":true,"href":"https:\/\/uvbbrasil.com.br\/uvb-json\/wp\/v2\/tags?post=18741"}],"curies":[{"name":"wp","href":"https:\/\/api.w.org\/{rel}","templated":true}]}}