{"id":18711,"date":"2020-05-19T09:13:06","date_gmt":"2020-05-19T12:13:06","guid":{"rendered":"https:\/\/wpsandbox4.pante.com.br\/?p=18711"},"modified":"2020-05-19T09:13:06","modified_gmt":"2020-05-19T12:13:06","slug":"sessao-ordinaria-da-camara-de-arvorezinha-rs-acontecera-nesta-terca-feira-e-sera-transmitida-ao-vivo-no-facebook","status":"publish","type":"post","link":"https:\/\/uvbbrasil.com.br\/sessao-ordinaria-da-camara-de-arvorezinha-rs-acontecera-nesta-terca-feira-e-sera-transmitida-ao-vivo-no-facebook\/","title":{"rendered":"Sess\u00e3o ordin\u00e1ria da c\u00e2mara de Arvorezinha-RS acontecer\u00e1 nesta ter\u00e7a feira e sera transmitida ao vivo no facebook"},"content":{"rendered":"<p>A\u00a0 Sess\u00e3o Ordin\u00e1ria acontecer\u00e1 nesta ter\u00e7a feira\u00a0<strong>19\/05,<\/strong>\u00a0\u00a0\u00e0s\u00a0<strong>16:30 horas<\/strong>\u00a0<strong>no Plen\u00e1rio da C\u00e2mara Municipal de Vereadores<\/strong>,\u00a0<strong>retornando novamente \u00e0s sess\u00f5es presencias no Legislativo Municipal.<\/strong><\/p>\n<p>Em atendimento aos decretos municipais e estaduais de preven\u00e7\u00e3o ao Covid-19, ter\u00e1 acesso \u00e0 sess\u00e3o somente os vereadores, servidores do legislativo, imprensa, e a popula\u00e7\u00e3o em geral que quiser participar poder\u00e1 se inscrever para participar da sess\u00e3o, sendo restrito o acesso \u00e0s depend\u00eancias do plen\u00e1rio a 20% de sua capacidade total, evitando assim a aglomera\u00e7\u00e3o de pessoas, e sendo atendidas todas as medidas de preven\u00e7\u00e3o ao cont\u00e1gio do Coronav\u00edrus para a realiza\u00e7\u00e3o da sess\u00e3o.<\/p>\n<p>Devido ao acesso restrito da popula\u00e7\u00e3o \u00e0s depend\u00eancias do plen\u00e1rio em 20% de sua capacidade total, a Sess\u00e3o Ordin\u00e1ria ser\u00e1 transmitida ao vivo atrav\u00e9s do Facebook para que a popula\u00e7\u00e3o que desejar possa acompanhar atrav\u00e9s das redes sociais, garantindo desta forma o acesso \u00e0 informa\u00e7\u00e3o.<\/p>\n<p>Protocolados na casa para pautarem na ordem do dia para a Sess\u00e3o est\u00e3o 09 (nove) Projetos de Lei de origem Executiva, conforme segue:<\/p>\n<p><strong>PROJETOS DE LEI:<\/strong><\/p>\n<p><strong>Projeto de Lei N\u00ba 052\/2020<\/strong>\u00a0\u2013 Autoriza a abertura de cr\u00e9dito especial no or\u00e7amento municipal vigente, no valor de R$ 554.731,10, e d\u00e1 outras provid\u00eancias;<\/p>\n<p><strong>Projeto de Lei N\u00ba 053\/2020<\/strong>\u00a0\u2013 Autoriza o Poder Executivo Municipal a renovar contrato por tempo determinado de 01 (uma) dom\u00e9stica, e d\u00e1 outras provid\u00eancias;<\/p>\n<p><strong>Projeto de Lei N\u00b0 054\/2020<\/strong>\u00a0\u2013 Autoriza o Poder Executivo Municipal a renovar contratos por tempo determinado de 02 (dois) Psic\u00f3logos, e d\u00e1 outras provid\u00eancias.<\/p>\n<p><strong>Projeto de Lei N\u00b0 055\/2020<\/strong>\u00a0\u2013 Autoriza o Poder Executivo Municipal a renovar contratos por tempo determinado de 02 (dois) T\u00e9cnicos de Enfermagem, e d\u00e1 outras provid\u00eancias.<\/p>\n<p><strong>Projeto de Lei N\u00b0 056\/2020<\/strong>\u00a0\u2013 Autoriza o Poder Executivo Municipal a celebrar contratos por tempo determinado 02 (dois) Agentes Comunit\u00e1rio de Sa\u00fade para o ESF 02, e d\u00e1 outras provid\u00eancias.<\/p>\n<p><strong>Projeto de Lei N\u00b0 057\/2020<\/strong>\u00a0\u2013 Autoriza a abertura de cr\u00e9dito suplementar no or\u00e7amento municipal vigente, no valor de R$ 750.000,00, e d\u00e1 outras provid\u00eancias.<\/p>\n<p><strong>Projeto de Lei N\u00b0 058\/2020<\/strong>\u00a0\u2013 Autoriza o Poder Executivo Municipal a celebrar contrato de cess\u00e3o de uso de im\u00f3veis localizados no Perau do Fac\u00e3o, e d\u00e1 outras provid\u00eancias.<\/p>\n<p><strong>Projeto de Lei N\u00b0 059\/2020<\/strong>\u00a0\u2013 Autoriza a abertura de cr\u00e9dito especial no or\u00e7amento municipal vigente, no valor de R$ 50.000,00, e d\u00e1 outras provid\u00eancias.<\/p>\n<p><strong>Projeto de Lei N\u00b0 060\/2020<\/strong>\u00a0\u2013 Autoriza o Poder Executivo Municipal a celebrar contrato por tempo determinado de 01 (um) Agente Comunit\u00e1rio de Sa\u00fade para o ESF 03, e d\u00e1 outras provid\u00eancias.<\/p>\n<p>Protocolados na casa est\u00e3o mais 04 (quatro) Projetos de Lei que j\u00e1 foram divulgados anteriormente, que poder\u00e3o entrar em pauta na pr\u00f3xima sess\u00e3o.<a href=\"https:\/\/uvbbrasil.com.br\/?attachment_id=18712\" rel=\"attachment wp-att-18712\"><img fetchpriority=\"high\" decoding=\"async\" class=\"aligncenter size-full wp-image-18712\" src=\"https:\/\/uvbbrasil.com.br\/wp-content\/uploads\/2020\/05\/arvorezinha.jpg\" alt=\"\" width=\"553\" height=\"400\" srcset=\"https:\/\/uvbbrasil.com.br\/wp-content\/uploads\/2020\/05\/arvorezinha.jpg 553w, https:\/\/uvbbrasil.com.br\/wp-content\/uploads\/2020\/05\/arvorezinha-300x217.jpg 300w\" sizes=\"(max-width: 553px) 100vw, 553px\" \/><\/a><\/p>\n<p><em>fonte<\/em>: http:\/\/www.camaraarvorezinha.com.br\/imprensa\/noticias\/<\/p>\n","protected":false},"excerpt":{"rendered":"<p>A\u00a0 Sess\u00e3o Ordin\u00e1ria acontecer\u00e1 nesta ter\u00e7a feira\u00a019\/05,\u00a0\u00a0\u00e0s\u00a016:30 horas\u00a0no Plen\u00e1rio da C\u00e2mara Municipal de Vereadores,\u00a0retornando novamente \u00e0s sess\u00f5es presencias no Legislativo&#8230;<\/p>\n","protected":false},"author":1,"featured_media":18712,"comment_status":"open","ping_status":"open","sticky":false,"template":"","format":"standard","meta":{"footnotes":""},"categories":[3],"tags":[],"class_list":["post-18711","post","type-post","status-publish","format-standard","has-post-thumbnail","hentry","category-noticias"],"yoast_head":"<!-- This site is optimized with the Yoast SEO plugin v26.7 - https:\/\/yoast.com\/wordpress\/plugins\/seo\/ -->\n<title>Sess\u00e3o ordin\u00e1ria da c\u00e2mara de Arvorezinha-RS acontecer\u00e1 nesta ter\u00e7a feira e sera transmitida ao vivo no facebook - UVB Brasil<\/title>\n<meta name=\"robots\" content=\"index, follow, max-snippet:-1, max-image-preview:large, max-video-preview:-1\" \/>\n<link rel=\"canonical\" href=\"https:\/\/uvbbrasil.com.br\/sessao-ordinaria-da-camara-de-arvorezinha-rs-acontecera-nesta-terca-feira-e-sera-transmitida-ao-vivo-no-facebook\/\" \/>\n<meta property=\"og:locale\" content=\"pt_BR\" \/>\n<meta property=\"og:type\" content=\"article\" \/>\n<meta property=\"og:title\" content=\"Sess\u00e3o ordin\u00e1ria da c\u00e2mara de Arvorezinha-RS acontecer\u00e1 nesta ter\u00e7a feira e sera transmitida ao vivo no facebook - UVB Brasil\" \/>\n<meta property=\"og:description\" content=\"A\u00a0 Sess\u00e3o Ordin\u00e1ria acontecer\u00e1 nesta ter\u00e7a feira\u00a019\/05,\u00a0\u00a0\u00e0s\u00a016:30 horas\u00a0no Plen\u00e1rio da C\u00e2mara Municipal de Vereadores,\u00a0retornando novamente \u00e0s sess\u00f5es presencias no Legislativo...\" \/>\n<meta property=\"og:url\" content=\"https:\/\/uvbbrasil.com.br\/sessao-ordinaria-da-camara-de-arvorezinha-rs-acontecera-nesta-terca-feira-e-sera-transmitida-ao-vivo-no-facebook\/\" \/>\n<meta property=\"og:site_name\" content=\"UVB Brasil\" \/>\n<meta property=\"article:publisher\" content=\"https:\/\/www.facebook.com\/uvb.vereadoresbrasil\" \/>\n<meta property=\"article:published_time\" content=\"2020-05-19T12:13:06+00:00\" \/>\n<meta property=\"og:image\" content=\"https:\/\/uvbbrasil.com.br\/wp-content\/uploads\/2020\/05\/arvorezinha.jpg\" \/>\n\t<meta property=\"og:image:width\" content=\"553\" \/>\n\t<meta property=\"og:image:height\" content=\"400\" \/>\n\t<meta property=\"og:image:type\" content=\"image\/jpeg\" \/>\n<meta name=\"author\" content=\"adminuvb\" \/>\n<meta name=\"twitter:card\" content=\"summary_large_image\" \/>\n<meta name=\"twitter:label1\" content=\"Escrito por\" \/>\n\t<meta name=\"twitter:data1\" content=\"adminuvb\" \/>\n\t<meta name=\"twitter:label2\" content=\"Est. tempo de leitura\" \/>\n\t<meta name=\"twitter:data2\" content=\"2 minutos\" \/>\n<script type=\"application\/ld+json\" class=\"yoast-schema-graph\">{\"@context\":\"https:\/\/schema.org\",\"@graph\":[{\"@type\":\"Article\",\"@id\":\"https:\/\/uvbbrasil.com.br\/sessao-ordinaria-da-camara-de-arvorezinha-rs-acontecera-nesta-terca-feira-e-sera-transmitida-ao-vivo-no-facebook\/#article\",\"isPartOf\":{\"@id\":\"https:\/\/uvbbrasil.com.br\/sessao-ordinaria-da-camara-de-arvorezinha-rs-acontecera-nesta-terca-feira-e-sera-transmitida-ao-vivo-no-facebook\/\"},\"author\":{\"name\":\"adminuvb\",\"@id\":\"https:\/\/uvbbrasil.com.br\/#\/schema\/person\/17990098446c098f52effddff4f1b272\"},\"headline\":\"Sess\u00e3o ordin\u00e1ria da c\u00e2mara de Arvorezinha-RS acontecer\u00e1 nesta ter\u00e7a feira e sera transmitida ao vivo no facebook\",\"datePublished\":\"2020-05-19T12:13:06+00:00\",\"mainEntityOfPage\":{\"@id\":\"https:\/\/uvbbrasil.com.br\/sessao-ordinaria-da-camara-de-arvorezinha-rs-acontecera-nesta-terca-feira-e-sera-transmitida-ao-vivo-no-facebook\/\"},\"wordCount\":489,\"commentCount\":0,\"publisher\":{\"@id\":\"https:\/\/uvbbrasil.com.br\/#organization\"},\"image\":{\"@id\":\"https:\/\/uvbbrasil.com.br\/sessao-ordinaria-da-camara-de-arvorezinha-rs-acontecera-nesta-terca-feira-e-sera-transmitida-ao-vivo-no-facebook\/#primaryimage\"},\"thumbnailUrl\":\"https:\/\/uvbbrasil.com.br\/wp-content\/uploads\/2020\/05\/arvorezinha.jpg\",\"articleSection\":[\"NOT\u00cdCIAS\"],\"inLanguage\":\"pt-BR\",\"potentialAction\":[{\"@type\":\"CommentAction\",\"name\":\"Comment\",\"target\":[\"https:\/\/uvbbrasil.com.br\/sessao-ordinaria-da-camara-de-arvorezinha-rs-acontecera-nesta-terca-feira-e-sera-transmitida-ao-vivo-no-facebook\/#respond\"]}]},{\"@type\":\"WebPage\",\"@id\":\"https:\/\/uvbbrasil.com.br\/sessao-ordinaria-da-camara-de-arvorezinha-rs-acontecera-nesta-terca-feira-e-sera-transmitida-ao-vivo-no-facebook\/\",\"url\":\"https:\/\/uvbbrasil.com.br\/sessao-ordinaria-da-camara-de-arvorezinha-rs-acontecera-nesta-terca-feira-e-sera-transmitida-ao-vivo-no-facebook\/\",\"name\":\"Sess\u00e3o ordin\u00e1ria da c\u00e2mara de Arvorezinha-RS acontecer\u00e1 nesta ter\u00e7a feira e sera transmitida ao vivo no facebook - UVB Brasil\",\"isPartOf\":{\"@id\":\"https:\/\/uvbbrasil.com.br\/#website\"},\"primaryImageOfPage\":{\"@id\":\"https:\/\/uvbbrasil.com.br\/sessao-ordinaria-da-camara-de-arvorezinha-rs-acontecera-nesta-terca-feira-e-sera-transmitida-ao-vivo-no-facebook\/#primaryimage\"},\"image\":{\"@id\":\"https:\/\/uvbbrasil.com.br\/sessao-ordinaria-da-camara-de-arvorezinha-rs-acontecera-nesta-terca-feira-e-sera-transmitida-ao-vivo-no-facebook\/#primaryimage\"},\"thumbnailUrl\":\"https:\/\/uvbbrasil.com.br\/wp-content\/uploads\/2020\/05\/arvorezinha.jpg\",\"datePublished\":\"2020-05-19T12:13:06+00:00\",\"breadcrumb\":{\"@id\":\"https:\/\/uvbbrasil.com.br\/sessao-ordinaria-da-camara-de-arvorezinha-rs-acontecera-nesta-terca-feira-e-sera-transmitida-ao-vivo-no-facebook\/#breadcrumb\"},\"inLanguage\":\"pt-BR\",\"potentialAction\":[{\"@type\":\"ReadAction\",\"target\":[\"https:\/\/uvbbrasil.com.br\/sessao-ordinaria-da-camara-de-arvorezinha-rs-acontecera-nesta-terca-feira-e-sera-transmitida-ao-vivo-no-facebook\/\"]}]},{\"@type\":\"ImageObject\",\"inLanguage\":\"pt-BR\",\"@id\":\"https:\/\/uvbbrasil.com.br\/sessao-ordinaria-da-camara-de-arvorezinha-rs-acontecera-nesta-terca-feira-e-sera-transmitida-ao-vivo-no-facebook\/#primaryimage\",\"url\":\"https:\/\/uvbbrasil.com.br\/wp-content\/uploads\/2020\/05\/arvorezinha.jpg\",\"contentUrl\":\"https:\/\/uvbbrasil.com.br\/wp-content\/uploads\/2020\/05\/arvorezinha.jpg\",\"width\":553,\"height\":400},{\"@type\":\"BreadcrumbList\",\"@id\":\"https:\/\/uvbbrasil.com.br\/sessao-ordinaria-da-camara-de-arvorezinha-rs-acontecera-nesta-terca-feira-e-sera-transmitida-ao-vivo-no-facebook\/#breadcrumb\",\"itemListElement\":[{\"@type\":\"ListItem\",\"position\":1,\"name\":\"In\u00edcio\",\"item\":\"https:\/\/uvbbrasil.com.br\/\"},{\"@type\":\"ListItem\",\"position\":2,\"name\":\"Sess\u00e3o ordin\u00e1ria da c\u00e2mara de Arvorezinha-RS acontecer\u00e1 nesta ter\u00e7a feira e sera transmitida ao vivo no facebook\"}]},{\"@type\":\"WebSite\",\"@id\":\"https:\/\/uvbbrasil.com.br\/#website\",\"url\":\"https:\/\/uvbbrasil.com.br\/\",\"name\":\"UVB Brasil\",\"description\":\"Uni\u00e3o dos Vereadores do Brasil\",\"publisher\":{\"@id\":\"https:\/\/uvbbrasil.com.br\/#organization\"},\"potentialAction\":[{\"@type\":\"SearchAction\",\"target\":{\"@type\":\"EntryPoint\",\"urlTemplate\":\"https:\/\/uvbbrasil.com.br\/?s={search_term_string}\"},\"query-input\":{\"@type\":\"PropertyValueSpecification\",\"valueRequired\":true,\"valueName\":\"search_term_string\"}}],\"inLanguage\":\"pt-BR\"},{\"@type\":\"Organization\",\"@id\":\"https:\/\/uvbbrasil.com.br\/#organization\",\"name\":\"UVB Brasil\",\"url\":\"https:\/\/uvbbrasil.com.br\/\",\"logo\":{\"@type\":\"ImageObject\",\"inLanguage\":\"pt-BR\",\"@id\":\"https:\/\/uvbbrasil.com.br\/#\/schema\/logo\/image\/\",\"url\":\"https:\/\/uvbbrasil.com.br\/wp-content\/uploads\/2025\/01\/LOGO-UVB-2024-azul-1.jpg\",\"contentUrl\":\"https:\/\/uvbbrasil.com.br\/wp-content\/uploads\/2025\/01\/LOGO-UVB-2024-azul-1.jpg\",\"width\":600,\"height\":211,\"caption\":\"UVB Brasil\"},\"image\":{\"@id\":\"https:\/\/uvbbrasil.com.br\/#\/schema\/logo\/image\/\"},\"sameAs\":[\"https:\/\/www.facebook.com\/uvb.vereadoresbrasil\",\"https:\/\/www.instagram.com\/uvbbrasil\/\",\"https:\/\/www.youtube.com\/channel\/UCIlPQ8Xzw5GHNzosQIg9S5A\"]},{\"@type\":\"Person\",\"@id\":\"https:\/\/uvbbrasil.com.br\/#\/schema\/person\/17990098446c098f52effddff4f1b272\",\"name\":\"adminuvb\",\"image\":{\"@type\":\"ImageObject\",\"inLanguage\":\"pt-BR\",\"@id\":\"https:\/\/uvbbrasil.com.br\/#\/schema\/person\/image\/\",\"url\":\"https:\/\/secure.gravatar.com\/avatar\/1a494ea6f8e2dd1ae526e55b0e9497efdba542491e0620d704cccf63c6f77c45?s=96&d=mm&r=g\",\"contentUrl\":\"https:\/\/secure.gravatar.com\/avatar\/1a494ea6f8e2dd1ae526e55b0e9497efdba542491e0620d704cccf63c6f77c45?s=96&d=mm&r=g\",\"caption\":\"adminuvb\"},\"sameAs\":[\"https:\/\/uvbbrasil.com.br\"],\"url\":\"https:\/\/uvbbrasil.com.br\/author\/adminuvb\/\"}]}<\/script>\n<!-- \/ Yoast SEO plugin. -->","yoast_head_json":{"title":"Sess\u00e3o ordin\u00e1ria da c\u00e2mara de Arvorezinha-RS acontecer\u00e1 nesta ter\u00e7a feira e sera transmitida ao vivo no facebook - UVB Brasil","robots":{"index":"index","follow":"follow","max-snippet":"max-snippet:-1","max-image-preview":"max-image-preview:large","max-video-preview":"max-video-preview:-1"},"canonical":"https:\/\/uvbbrasil.com.br\/sessao-ordinaria-da-camara-de-arvorezinha-rs-acontecera-nesta-terca-feira-e-sera-transmitida-ao-vivo-no-facebook\/","og_locale":"pt_BR","og_type":"article","og_title":"Sess\u00e3o ordin\u00e1ria da c\u00e2mara de Arvorezinha-RS acontecer\u00e1 nesta ter\u00e7a feira e sera transmitida ao vivo no facebook - UVB Brasil","og_description":"A\u00a0 Sess\u00e3o Ordin\u00e1ria acontecer\u00e1 nesta ter\u00e7a feira\u00a019\/05,\u00a0\u00a0\u00e0s\u00a016:30 horas\u00a0no Plen\u00e1rio da C\u00e2mara Municipal de Vereadores,\u00a0retornando novamente \u00e0s sess\u00f5es presencias no Legislativo...","og_url":"https:\/\/uvbbrasil.com.br\/sessao-ordinaria-da-camara-de-arvorezinha-rs-acontecera-nesta-terca-feira-e-sera-transmitida-ao-vivo-no-facebook\/","og_site_name":"UVB Brasil","article_publisher":"https:\/\/www.facebook.com\/uvb.vereadoresbrasil","article_published_time":"2020-05-19T12:13:06+00:00","og_image":[{"width":553,"height":400,"url":"https:\/\/uvbbrasil.com.br\/wp-content\/uploads\/2020\/05\/arvorezinha.jpg","type":"image\/jpeg"}],"author":"adminuvb","twitter_card":"summary_large_image","twitter_misc":{"Escrito por":"adminuvb","Est. tempo de leitura":"2 minutos"},"schema":{"@context":"https:\/\/schema.org","@graph":[{"@type":"Article","@id":"https:\/\/uvbbrasil.com.br\/sessao-ordinaria-da-camara-de-arvorezinha-rs-acontecera-nesta-terca-feira-e-sera-transmitida-ao-vivo-no-facebook\/#article","isPartOf":{"@id":"https:\/\/uvbbrasil.com.br\/sessao-ordinaria-da-camara-de-arvorezinha-rs-acontecera-nesta-terca-feira-e-sera-transmitida-ao-vivo-no-facebook\/"},"author":{"name":"adminuvb","@id":"https:\/\/uvbbrasil.com.br\/#\/schema\/person\/17990098446c098f52effddff4f1b272"},"headline":"Sess\u00e3o ordin\u00e1ria da c\u00e2mara de Arvorezinha-RS acontecer\u00e1 nesta ter\u00e7a feira e sera transmitida ao vivo no facebook","datePublished":"2020-05-19T12:13:06+00:00","mainEntityOfPage":{"@id":"https:\/\/uvbbrasil.com.br\/sessao-ordinaria-da-camara-de-arvorezinha-rs-acontecera-nesta-terca-feira-e-sera-transmitida-ao-vivo-no-facebook\/"},"wordCount":489,"commentCount":0,"publisher":{"@id":"https:\/\/uvbbrasil.com.br\/#organization"},"image":{"@id":"https:\/\/uvbbrasil.com.br\/sessao-ordinaria-da-camara-de-arvorezinha-rs-acontecera-nesta-terca-feira-e-sera-transmitida-ao-vivo-no-facebook\/#primaryimage"},"thumbnailUrl":"https:\/\/uvbbrasil.com.br\/wp-content\/uploads\/2020\/05\/arvorezinha.jpg","articleSection":["NOT\u00cdCIAS"],"inLanguage":"pt-BR","potentialAction":[{"@type":"CommentAction","name":"Comment","target":["https:\/\/uvbbrasil.com.br\/sessao-ordinaria-da-camara-de-arvorezinha-rs-acontecera-nesta-terca-feira-e-sera-transmitida-ao-vivo-no-facebook\/#respond"]}]},{"@type":"WebPage","@id":"https:\/\/uvbbrasil.com.br\/sessao-ordinaria-da-camara-de-arvorezinha-rs-acontecera-nesta-terca-feira-e-sera-transmitida-ao-vivo-no-facebook\/","url":"https:\/\/uvbbrasil.com.br\/sessao-ordinaria-da-camara-de-arvorezinha-rs-acontecera-nesta-terca-feira-e-sera-transmitida-ao-vivo-no-facebook\/","name":"Sess\u00e3o ordin\u00e1ria da c\u00e2mara de Arvorezinha-RS acontecer\u00e1 nesta ter\u00e7a feira e sera transmitida ao vivo no facebook - UVB Brasil","isPartOf":{"@id":"https:\/\/uvbbrasil.com.br\/#website"},"primaryImageOfPage":{"@id":"https:\/\/uvbbrasil.com.br\/sessao-ordinaria-da-camara-de-arvorezinha-rs-acontecera-nesta-terca-feira-e-sera-transmitida-ao-vivo-no-facebook\/#primaryimage"},"image":{"@id":"https:\/\/uvbbrasil.com.br\/sessao-ordinaria-da-camara-de-arvorezinha-rs-acontecera-nesta-terca-feira-e-sera-transmitida-ao-vivo-no-facebook\/#primaryimage"},"thumbnailUrl":"https:\/\/uvbbrasil.com.br\/wp-content\/uploads\/2020\/05\/arvorezinha.jpg","datePublished":"2020-05-19T12:13:06+00:00","breadcrumb":{"@id":"https:\/\/uvbbrasil.com.br\/sessao-ordinaria-da-camara-de-arvorezinha-rs-acontecera-nesta-terca-feira-e-sera-transmitida-ao-vivo-no-facebook\/#breadcrumb"},"inLanguage":"pt-BR","potentialAction":[{"@type":"ReadAction","target":["https:\/\/uvbbrasil.com.br\/sessao-ordinaria-da-camara-de-arvorezinha-rs-acontecera-nesta-terca-feira-e-sera-transmitida-ao-vivo-no-facebook\/"]}]},{"@type":"ImageObject","inLanguage":"pt-BR","@id":"https:\/\/uvbbrasil.com.br\/sessao-ordinaria-da-camara-de-arvorezinha-rs-acontecera-nesta-terca-feira-e-sera-transmitida-ao-vivo-no-facebook\/#primaryimage","url":"https:\/\/uvbbrasil.com.br\/wp-content\/uploads\/2020\/05\/arvorezinha.jpg","contentUrl":"https:\/\/uvbbrasil.com.br\/wp-content\/uploads\/2020\/05\/arvorezinha.jpg","width":553,"height":400},{"@type":"BreadcrumbList","@id":"https:\/\/uvbbrasil.com.br\/sessao-ordinaria-da-camara-de-arvorezinha-rs-acontecera-nesta-terca-feira-e-sera-transmitida-ao-vivo-no-facebook\/#breadcrumb","itemListElement":[{"@type":"ListItem","position":1,"name":"In\u00edcio","item":"https:\/\/uvbbrasil.com.br\/"},{"@type":"ListItem","position":2,"name":"Sess\u00e3o ordin\u00e1ria da c\u00e2mara de Arvorezinha-RS acontecer\u00e1 nesta ter\u00e7a feira e sera transmitida ao vivo no facebook"}]},{"@type":"WebSite","@id":"https:\/\/uvbbrasil.com.br\/#website","url":"https:\/\/uvbbrasil.com.br\/","name":"UVB Brasil","description":"Uni\u00e3o dos Vereadores do Brasil","publisher":{"@id":"https:\/\/uvbbrasil.com.br\/#organization"},"potentialAction":[{"@type":"SearchAction","target":{"@type":"EntryPoint","urlTemplate":"https:\/\/uvbbrasil.com.br\/?s={search_term_string}"},"query-input":{"@type":"PropertyValueSpecification","valueRequired":true,"valueName":"search_term_string"}}],"inLanguage":"pt-BR"},{"@type":"Organization","@id":"https:\/\/uvbbrasil.com.br\/#organization","name":"UVB Brasil","url":"https:\/\/uvbbrasil.com.br\/","logo":{"@type":"ImageObject","inLanguage":"pt-BR","@id":"https:\/\/uvbbrasil.com.br\/#\/schema\/logo\/image\/","url":"https:\/\/uvbbrasil.com.br\/wp-content\/uploads\/2025\/01\/LOGO-UVB-2024-azul-1.jpg","contentUrl":"https:\/\/uvbbrasil.com.br\/wp-content\/uploads\/2025\/01\/LOGO-UVB-2024-azul-1.jpg","width":600,"height":211,"caption":"UVB Brasil"},"image":{"@id":"https:\/\/uvbbrasil.com.br\/#\/schema\/logo\/image\/"},"sameAs":["https:\/\/www.facebook.com\/uvb.vereadoresbrasil","https:\/\/www.instagram.com\/uvbbrasil\/","https:\/\/www.youtube.com\/channel\/UCIlPQ8Xzw5GHNzosQIg9S5A"]},{"@type":"Person","@id":"https:\/\/uvbbrasil.com.br\/#\/schema\/person\/17990098446c098f52effddff4f1b272","name":"adminuvb","image":{"@type":"ImageObject","inLanguage":"pt-BR","@id":"https:\/\/uvbbrasil.com.br\/#\/schema\/person\/image\/","url":"https:\/\/secure.gravatar.com\/avatar\/1a494ea6f8e2dd1ae526e55b0e9497efdba542491e0620d704cccf63c6f77c45?s=96&d=mm&r=g","contentUrl":"https:\/\/secure.gravatar.com\/avatar\/1a494ea6f8e2dd1ae526e55b0e9497efdba542491e0620d704cccf63c6f77c45?s=96&d=mm&r=g","caption":"adminuvb"},"sameAs":["https:\/\/uvbbrasil.com.br"],"url":"https:\/\/uvbbrasil.com.br\/author\/adminuvb\/"}]}},"_links":{"self":[{"href":"https:\/\/uvbbrasil.com.br\/uvb-json\/wp\/v2\/posts\/18711","targetHints":{"allow":["GET"]}}],"collection":[{"href":"https:\/\/uvbbrasil.com.br\/uvb-json\/wp\/v2\/posts"}],"about":[{"href":"https:\/\/uvbbrasil.com.br\/uvb-json\/wp\/v2\/types\/post"}],"author":[{"embeddable":true,"href":"https:\/\/uvbbrasil.com.br\/uvb-json\/wp\/v2\/users\/1"}],"replies":[{"embeddable":true,"href":"https:\/\/uvbbrasil.com.br\/uvb-json\/wp\/v2\/comments?post=18711"}],"version-history":[{"count":0,"href":"https:\/\/uvbbrasil.com.br\/uvb-json\/wp\/v2\/posts\/18711\/revisions"}],"wp:featuredmedia":[{"embeddable":true,"href":"https:\/\/uvbbrasil.com.br\/uvb-json\/wp\/v2\/media\/18712"}],"wp:attachment":[{"href":"https:\/\/uvbbrasil.com.br\/uvb-json\/wp\/v2\/media?parent=18711"}],"wp:term":[{"taxonomy":"category","embeddable":true,"href":"https:\/\/uvbbrasil.com.br\/uvb-json\/wp\/v2\/categories?post=18711"},{"taxonomy":"post_tag","embeddable":true,"href":"https:\/\/uvbbrasil.com.br\/uvb-json\/wp\/v2\/tags?post=18711"}],"curies":[{"name":"wp","href":"https:\/\/api.w.org\/{rel}","templated":true}]}}