{"id":18708,"date":"2020-05-19T09:05:27","date_gmt":"2020-05-19T12:05:27","guid":{"rendered":"https:\/\/wpsandbox4.pante.com.br\/?p=18708"},"modified":"2020-05-19T09:05:27","modified_gmt":"2020-05-19T12:05:27","slug":"coronavirus-decreto-autoriza-reabertura-da-camara-de-vereadores-para-receber-publico-em-cascavel","status":"publish","type":"post","link":"https:\/\/uvbbrasil.com.br\/coronavirus-decreto-autoriza-reabertura-da-camara-de-vereadores-para-receber-publico-em-cascavel\/","title":{"rendered":"Coronav\u00edrus: Decreto autoriza reabertura da c\u00e2mara de vereadores para receber p\u00fablico, em Cascavel"},"content":{"rendered":"<p class=\"content-head__subtitle\">Segundo a determina\u00e7\u00e3o, plen\u00e1rio poder\u00e1 receber at\u00e9 30% da capacidade total; medida \u00e9 v\u00e1lida para audi\u00eancias p\u00fablicas, sess\u00f5es plen\u00e1rias e reuni\u00f5es convocadas pela c\u00e2mara.<\/p>\n<div class=\"mc-column content-text active-extra-styles \" data-block-type=\"unstyled\" data-block-weight=\"30\" data-block-id=\"2\">\n<p class=\"content-text__container \" data-track-category=\"Link no Texto\" data-track-links=\"\">A C\u00e2mara de Vereadores de Cascavel, no oeste do Paran\u00e1, decretou a reabertura do plen\u00e1rio para a popula\u00e7\u00e3o em audi\u00eancias p\u00fablicas, sess\u00f5es plen\u00e1rias e reuni\u00f5es convocadas e realizadas pela c\u00e2mara.<\/p>\n<\/div>\n<div class=\"wall protected-content\">\n<div class=\"mc-column content-text active-extra-styles \" data-block-type=\"unstyled\" data-block-weight=\"37\" data-block-id=\"3\">\n<p class=\"content-text__container \" data-track-category=\"Link no Texto\" data-track-links=\"\">A determina\u00e7\u00e3o permite que o plen\u00e1rio receba at\u00e9 30% da capacidade total do espa\u00e7o, ou seja, 39 pessoas. A c\u00e2mara estava fechada para a popula\u00e7\u00e3o desde mar\u00e7o de 2020 por causa da\u00a0<a href=\"https:\/\/g1.globo.com\/pr\/parana\/noticia\/2020\/04\/06\/coronavirus-confira-perguntas-e-respostas-sobre-o-assunto.ghtml\">pandemia do novo coronav\u00edrus.<\/a><\/p>\n<\/div>\n<div class=\"mc-column content-text active-extra-styles\" data-block-type=\"raw\" data-block-weight=\"18\" data-block-id=\"4\">\n<ul class=\"content-unordered-list\">\n<li><a href=\"https:\/\/g1.globo.com\/pr\/parana\/noticia\/2020\/05\/18\/coronavirus-parana-tem-2360-casos-confirmados-e-127-mortes-indica-boletim.ghtml\">Conronav\u00edrus: Paran\u00e1 registra 127 mortes e 2.360 casos confirmados<\/a><\/li>\n<li><a href=\"https:\/\/g1.globo.com\/pr\/parana\/ao-vivo\/coronavirus-no-parana-veja-as-principais-noticias-sobre-a-pandemia.ghtml\">Acompanhe as principais not\u00edcias do estado sobre a pandemia<\/a><\/li>\n<\/ul>\n<\/div>\n<div class=\"mc-column content-text active-extra-styles \" data-block-type=\"unstyled\" data-block-weight=\"29\" data-block-id=\"5\">\n<p class=\"content-text__container \" data-track-category=\"Link no Texto\" data-track-links=\"\">De acordo com o decreto, que foi publicado no s\u00e1bado (16), os moradores dever\u00e3o usar m\u00e1scaras ao utilizar o espa\u00e7o p\u00fablico e sentar deixando o intervalo de duas cadeiras.<\/p>\n<\/div>\n<div class=\"mc-column content-text active-extra-styles \" data-block-type=\"unstyled\" data-block-weight=\"13\" data-block-id=\"6\">\n<p class=\"content-text__container \" data-track-category=\"Link no Texto\" data-track-links=\"\">Conforme a determina\u00e7\u00e3o ainda, cada vereador deve ter apenas um assessor no plen\u00e1rio.<\/p>\n<\/div>\n<div class=\"mc-column content-text active-extra-styles \" data-block-type=\"unstyled\" data-block-weight=\"15\" data-block-id=\"8\">\n<p class=\"content-text__container \" data-track-category=\"Link no Texto\" data-track-links=\"\">As sess\u00f5es solenes, homenagens e outros eventos p\u00fablicos permanecem suspensos na c\u00e2mara, segundo o decreto.<\/p>\n<\/div>\n<div class=\"mc-column content-text active-extra-styles \" data-block-type=\"unstyled\" data-block-weight=\"16\" data-block-id=\"9\">\n<p class=\"content-text__container \" data-track-category=\"Link no Texto\" data-track-links=\"\">A fiscaliza\u00e7\u00e3o das medidas sanit\u00e1rias no local ser\u00e1 realizada por guardas patrimoniais e agentes de seguran\u00e7a.<\/p>\n<\/div>\n<div class=\"mc-column content-text active-extra-styles \" data-block-type=\"unstyled\" data-block-weight=\"30\" data-block-id=\"10\">\n<p class=\"content-text__container \" data-track-category=\"Link no Texto\" data-track-links=\"\">Segundo o boletim da Secretaria de Estado da Sa\u00fade (Sesa), desta segunda-feira (18),\u00a0<a href=\"https:\/\/g1.globo.com\/pr\/parana\/noticia\/2020\/05\/18\/coronavirus-parana-tem-2360-casos-confirmados-e-127-mortes-indica-boletim.ghtml\">Cascavel tem 139 casos confirmados do novo coronav\u00edrus e cinco pessoas morreram v\u00edtimas da doen\u00e7a na cidade.<\/a><\/p>\n<p class=\"content-text__container \" data-track-category=\"Link no Texto\" data-track-links=\"\"><a href=\"https:\/\/uvbbrasil.com.br\/?attachment_id=18709\" rel=\"attachment wp-att-18709\"><img fetchpriority=\"high\" decoding=\"async\" class=\"aligncenter size-full wp-image-18709\" src=\"https:\/\/uvbbrasil.com.br\/wp-content\/uploads\/2020\/05\/cascavel.jpg\" alt=\"\" width=\"984\" height=\"615\" srcset=\"https:\/\/uvbbrasil.com.br\/wp-content\/uploads\/2020\/05\/cascavel.jpg 984w, https:\/\/uvbbrasil.com.br\/wp-content\/uploads\/2020\/05\/cascavel-300x188.jpg 300w, https:\/\/uvbbrasil.com.br\/wp-content\/uploads\/2020\/05\/cascavel-768x480.jpg 768w\" sizes=\"(max-width: 984px) 100vw, 984px\" \/><\/a><\/p>\n<p class=\"content-text__container \" data-track-category=\"Link no Texto\" data-track-links=\"\"><em>fonte<\/em>:https:\/\/g1.globo.com\/pr\/oeste-sudoeste\/noticia<\/p>\n<\/div>\n<\/div>\n","protected":false},"excerpt":{"rendered":"<p>Segundo a determina\u00e7\u00e3o, plen\u00e1rio poder\u00e1 receber at\u00e9 30% da capacidade total; medida \u00e9 v\u00e1lida para audi\u00eancias p\u00fablicas, sess\u00f5es plen\u00e1rias e&#8230;<\/p>\n","protected":false},"author":1,"featured_media":18709,"comment_status":"open","ping_status":"open","sticky":false,"template":"","format":"standard","meta":{"footnotes":""},"categories":[3],"tags":[],"class_list":["post-18708","post","type-post","status-publish","format-standard","has-post-thumbnail","hentry","category-noticias"],"yoast_head":"<!-- This site is optimized with the Yoast SEO plugin v26.7 - https:\/\/yoast.com\/wordpress\/plugins\/seo\/ -->\n<title>Coronav\u00edrus: Decreto autoriza reabertura da c\u00e2mara de vereadores para receber p\u00fablico, em Cascavel - UVB Brasil<\/title>\n<meta name=\"robots\" content=\"index, follow, max-snippet:-1, max-image-preview:large, max-video-preview:-1\" \/>\n<link rel=\"canonical\" href=\"https:\/\/uvbbrasil.com.br\/coronavirus-decreto-autoriza-reabertura-da-camara-de-vereadores-para-receber-publico-em-cascavel\/\" \/>\n<meta property=\"og:locale\" content=\"pt_BR\" \/>\n<meta property=\"og:type\" content=\"article\" \/>\n<meta property=\"og:title\" content=\"Coronav\u00edrus: Decreto autoriza reabertura da c\u00e2mara de vereadores para receber p\u00fablico, em Cascavel - UVB Brasil\" \/>\n<meta property=\"og:description\" content=\"Segundo a determina\u00e7\u00e3o, plen\u00e1rio poder\u00e1 receber at\u00e9 30% da capacidade total; medida \u00e9 v\u00e1lida para audi\u00eancias p\u00fablicas, sess\u00f5es plen\u00e1rias e...\" \/>\n<meta property=\"og:url\" content=\"https:\/\/uvbbrasil.com.br\/coronavirus-decreto-autoriza-reabertura-da-camara-de-vereadores-para-receber-publico-em-cascavel\/\" \/>\n<meta property=\"og:site_name\" content=\"UVB Brasil\" \/>\n<meta property=\"article:publisher\" content=\"https:\/\/www.facebook.com\/uvb.vereadoresbrasil\" \/>\n<meta property=\"article:published_time\" content=\"2020-05-19T12:05:27+00:00\" \/>\n<meta property=\"og:image\" content=\"https:\/\/uvbbrasil.com.br\/wp-content\/uploads\/2020\/05\/cascavel.jpg\" \/>\n\t<meta property=\"og:image:width\" content=\"984\" \/>\n\t<meta property=\"og:image:height\" content=\"615\" \/>\n\t<meta property=\"og:image:type\" content=\"image\/jpeg\" \/>\n<meta name=\"author\" content=\"adminuvb\" \/>\n<meta name=\"twitter:card\" content=\"summary_large_image\" \/>\n<meta name=\"twitter:label1\" content=\"Escrito por\" \/>\n\t<meta name=\"twitter:data1\" content=\"adminuvb\" \/>\n\t<meta name=\"twitter:label2\" content=\"Est. tempo de leitura\" \/>\n\t<meta name=\"twitter:data2\" content=\"1 minuto\" \/>\n<script type=\"application\/ld+json\" class=\"yoast-schema-graph\">{\"@context\":\"https:\/\/schema.org\",\"@graph\":[{\"@type\":\"Article\",\"@id\":\"https:\/\/uvbbrasil.com.br\/coronavirus-decreto-autoriza-reabertura-da-camara-de-vereadores-para-receber-publico-em-cascavel\/#article\",\"isPartOf\":{\"@id\":\"https:\/\/uvbbrasil.com.br\/coronavirus-decreto-autoriza-reabertura-da-camara-de-vereadores-para-receber-publico-em-cascavel\/\"},\"author\":{\"name\":\"adminuvb\",\"@id\":\"https:\/\/uvbbrasil.com.br\/#\/schema\/person\/17990098446c098f52effddff4f1b272\"},\"headline\":\"Coronav\u00edrus: Decreto autoriza reabertura da c\u00e2mara de vereadores para receber p\u00fablico, em Cascavel\",\"datePublished\":\"2020-05-19T12:05:27+00:00\",\"mainEntityOfPage\":{\"@id\":\"https:\/\/uvbbrasil.com.br\/coronavirus-decreto-autoriza-reabertura-da-camara-de-vereadores-para-receber-publico-em-cascavel\/\"},\"wordCount\":269,\"commentCount\":0,\"publisher\":{\"@id\":\"https:\/\/uvbbrasil.com.br\/#organization\"},\"image\":{\"@id\":\"https:\/\/uvbbrasil.com.br\/coronavirus-decreto-autoriza-reabertura-da-camara-de-vereadores-para-receber-publico-em-cascavel\/#primaryimage\"},\"thumbnailUrl\":\"https:\/\/uvbbrasil.com.br\/wp-content\/uploads\/2020\/05\/cascavel.jpg\",\"articleSection\":[\"NOT\u00cdCIAS\"],\"inLanguage\":\"pt-BR\",\"potentialAction\":[{\"@type\":\"CommentAction\",\"name\":\"Comment\",\"target\":[\"https:\/\/uvbbrasil.com.br\/coronavirus-decreto-autoriza-reabertura-da-camara-de-vereadores-para-receber-publico-em-cascavel\/#respond\"]}]},{\"@type\":\"WebPage\",\"@id\":\"https:\/\/uvbbrasil.com.br\/coronavirus-decreto-autoriza-reabertura-da-camara-de-vereadores-para-receber-publico-em-cascavel\/\",\"url\":\"https:\/\/uvbbrasil.com.br\/coronavirus-decreto-autoriza-reabertura-da-camara-de-vereadores-para-receber-publico-em-cascavel\/\",\"name\":\"Coronav\u00edrus: Decreto autoriza reabertura da c\u00e2mara de vereadores para receber p\u00fablico, em Cascavel - UVB Brasil\",\"isPartOf\":{\"@id\":\"https:\/\/uvbbrasil.com.br\/#website\"},\"primaryImageOfPage\":{\"@id\":\"https:\/\/uvbbrasil.com.br\/coronavirus-decreto-autoriza-reabertura-da-camara-de-vereadores-para-receber-publico-em-cascavel\/#primaryimage\"},\"image\":{\"@id\":\"https:\/\/uvbbrasil.com.br\/coronavirus-decreto-autoriza-reabertura-da-camara-de-vereadores-para-receber-publico-em-cascavel\/#primaryimage\"},\"thumbnailUrl\":\"https:\/\/uvbbrasil.com.br\/wp-content\/uploads\/2020\/05\/cascavel.jpg\",\"datePublished\":\"2020-05-19T12:05:27+00:00\",\"breadcrumb\":{\"@id\":\"https:\/\/uvbbrasil.com.br\/coronavirus-decreto-autoriza-reabertura-da-camara-de-vereadores-para-receber-publico-em-cascavel\/#breadcrumb\"},\"inLanguage\":\"pt-BR\",\"potentialAction\":[{\"@type\":\"ReadAction\",\"target\":[\"https:\/\/uvbbrasil.com.br\/coronavirus-decreto-autoriza-reabertura-da-camara-de-vereadores-para-receber-publico-em-cascavel\/\"]}]},{\"@type\":\"ImageObject\",\"inLanguage\":\"pt-BR\",\"@id\":\"https:\/\/uvbbrasil.com.br\/coronavirus-decreto-autoriza-reabertura-da-camara-de-vereadores-para-receber-publico-em-cascavel\/#primaryimage\",\"url\":\"https:\/\/uvbbrasil.com.br\/wp-content\/uploads\/2020\/05\/cascavel.jpg\",\"contentUrl\":\"https:\/\/uvbbrasil.com.br\/wp-content\/uploads\/2020\/05\/cascavel.jpg\",\"width\":984,\"height\":615},{\"@type\":\"BreadcrumbList\",\"@id\":\"https:\/\/uvbbrasil.com.br\/coronavirus-decreto-autoriza-reabertura-da-camara-de-vereadores-para-receber-publico-em-cascavel\/#breadcrumb\",\"itemListElement\":[{\"@type\":\"ListItem\",\"position\":1,\"name\":\"In\u00edcio\",\"item\":\"https:\/\/uvbbrasil.com.br\/\"},{\"@type\":\"ListItem\",\"position\":2,\"name\":\"Coronav\u00edrus: Decreto autoriza reabertura da c\u00e2mara de vereadores para receber p\u00fablico, em Cascavel\"}]},{\"@type\":\"WebSite\",\"@id\":\"https:\/\/uvbbrasil.com.br\/#website\",\"url\":\"https:\/\/uvbbrasil.com.br\/\",\"name\":\"UVB Brasil\",\"description\":\"Uni\u00e3o dos Vereadores do Brasil\",\"publisher\":{\"@id\":\"https:\/\/uvbbrasil.com.br\/#organization\"},\"potentialAction\":[{\"@type\":\"SearchAction\",\"target\":{\"@type\":\"EntryPoint\",\"urlTemplate\":\"https:\/\/uvbbrasil.com.br\/?s={search_term_string}\"},\"query-input\":{\"@type\":\"PropertyValueSpecification\",\"valueRequired\":true,\"valueName\":\"search_term_string\"}}],\"inLanguage\":\"pt-BR\"},{\"@type\":\"Organization\",\"@id\":\"https:\/\/uvbbrasil.com.br\/#organization\",\"name\":\"UVB Brasil\",\"url\":\"https:\/\/uvbbrasil.com.br\/\",\"logo\":{\"@type\":\"ImageObject\",\"inLanguage\":\"pt-BR\",\"@id\":\"https:\/\/uvbbrasil.com.br\/#\/schema\/logo\/image\/\",\"url\":\"https:\/\/uvbbrasil.com.br\/wp-content\/uploads\/2025\/01\/LOGO-UVB-2024-azul-1.jpg\",\"contentUrl\":\"https:\/\/uvbbrasil.com.br\/wp-content\/uploads\/2025\/01\/LOGO-UVB-2024-azul-1.jpg\",\"width\":600,\"height\":211,\"caption\":\"UVB Brasil\"},\"image\":{\"@id\":\"https:\/\/uvbbrasil.com.br\/#\/schema\/logo\/image\/\"},\"sameAs\":[\"https:\/\/www.facebook.com\/uvb.vereadoresbrasil\",\"https:\/\/www.instagram.com\/uvbbrasil\/\",\"https:\/\/www.youtube.com\/channel\/UCIlPQ8Xzw5GHNzosQIg9S5A\"]},{\"@type\":\"Person\",\"@id\":\"https:\/\/uvbbrasil.com.br\/#\/schema\/person\/17990098446c098f52effddff4f1b272\",\"name\":\"adminuvb\",\"image\":{\"@type\":\"ImageObject\",\"inLanguage\":\"pt-BR\",\"@id\":\"https:\/\/uvbbrasil.com.br\/#\/schema\/person\/image\/\",\"url\":\"https:\/\/secure.gravatar.com\/avatar\/1a494ea6f8e2dd1ae526e55b0e9497efdba542491e0620d704cccf63c6f77c45?s=96&d=mm&r=g\",\"contentUrl\":\"https:\/\/secure.gravatar.com\/avatar\/1a494ea6f8e2dd1ae526e55b0e9497efdba542491e0620d704cccf63c6f77c45?s=96&d=mm&r=g\",\"caption\":\"adminuvb\"},\"sameAs\":[\"https:\/\/uvbbrasil.com.br\"],\"url\":\"https:\/\/uvbbrasil.com.br\/author\/adminuvb\/\"}]}<\/script>\n<!-- \/ Yoast SEO plugin. -->","yoast_head_json":{"title":"Coronav\u00edrus: Decreto autoriza reabertura da c\u00e2mara de vereadores para receber p\u00fablico, em Cascavel - UVB Brasil","robots":{"index":"index","follow":"follow","max-snippet":"max-snippet:-1","max-image-preview":"max-image-preview:large","max-video-preview":"max-video-preview:-1"},"canonical":"https:\/\/uvbbrasil.com.br\/coronavirus-decreto-autoriza-reabertura-da-camara-de-vereadores-para-receber-publico-em-cascavel\/","og_locale":"pt_BR","og_type":"article","og_title":"Coronav\u00edrus: Decreto autoriza reabertura da c\u00e2mara de vereadores para receber p\u00fablico, em Cascavel - UVB Brasil","og_description":"Segundo a determina\u00e7\u00e3o, plen\u00e1rio poder\u00e1 receber at\u00e9 30% da capacidade total; medida \u00e9 v\u00e1lida para audi\u00eancias p\u00fablicas, sess\u00f5es plen\u00e1rias e...","og_url":"https:\/\/uvbbrasil.com.br\/coronavirus-decreto-autoriza-reabertura-da-camara-de-vereadores-para-receber-publico-em-cascavel\/","og_site_name":"UVB Brasil","article_publisher":"https:\/\/www.facebook.com\/uvb.vereadoresbrasil","article_published_time":"2020-05-19T12:05:27+00:00","og_image":[{"width":984,"height":615,"url":"https:\/\/uvbbrasil.com.br\/wp-content\/uploads\/2020\/05\/cascavel.jpg","type":"image\/jpeg"}],"author":"adminuvb","twitter_card":"summary_large_image","twitter_misc":{"Escrito por":"adminuvb","Est. tempo de leitura":"1 minuto"},"schema":{"@context":"https:\/\/schema.org","@graph":[{"@type":"Article","@id":"https:\/\/uvbbrasil.com.br\/coronavirus-decreto-autoriza-reabertura-da-camara-de-vereadores-para-receber-publico-em-cascavel\/#article","isPartOf":{"@id":"https:\/\/uvbbrasil.com.br\/coronavirus-decreto-autoriza-reabertura-da-camara-de-vereadores-para-receber-publico-em-cascavel\/"},"author":{"name":"adminuvb","@id":"https:\/\/uvbbrasil.com.br\/#\/schema\/person\/17990098446c098f52effddff4f1b272"},"headline":"Coronav\u00edrus: Decreto autoriza reabertura da c\u00e2mara de vereadores para receber p\u00fablico, em Cascavel","datePublished":"2020-05-19T12:05:27+00:00","mainEntityOfPage":{"@id":"https:\/\/uvbbrasil.com.br\/coronavirus-decreto-autoriza-reabertura-da-camara-de-vereadores-para-receber-publico-em-cascavel\/"},"wordCount":269,"commentCount":0,"publisher":{"@id":"https:\/\/uvbbrasil.com.br\/#organization"},"image":{"@id":"https:\/\/uvbbrasil.com.br\/coronavirus-decreto-autoriza-reabertura-da-camara-de-vereadores-para-receber-publico-em-cascavel\/#primaryimage"},"thumbnailUrl":"https:\/\/uvbbrasil.com.br\/wp-content\/uploads\/2020\/05\/cascavel.jpg","articleSection":["NOT\u00cdCIAS"],"inLanguage":"pt-BR","potentialAction":[{"@type":"CommentAction","name":"Comment","target":["https:\/\/uvbbrasil.com.br\/coronavirus-decreto-autoriza-reabertura-da-camara-de-vereadores-para-receber-publico-em-cascavel\/#respond"]}]},{"@type":"WebPage","@id":"https:\/\/uvbbrasil.com.br\/coronavirus-decreto-autoriza-reabertura-da-camara-de-vereadores-para-receber-publico-em-cascavel\/","url":"https:\/\/uvbbrasil.com.br\/coronavirus-decreto-autoriza-reabertura-da-camara-de-vereadores-para-receber-publico-em-cascavel\/","name":"Coronav\u00edrus: Decreto autoriza reabertura da c\u00e2mara de vereadores para receber p\u00fablico, em Cascavel - UVB Brasil","isPartOf":{"@id":"https:\/\/uvbbrasil.com.br\/#website"},"primaryImageOfPage":{"@id":"https:\/\/uvbbrasil.com.br\/coronavirus-decreto-autoriza-reabertura-da-camara-de-vereadores-para-receber-publico-em-cascavel\/#primaryimage"},"image":{"@id":"https:\/\/uvbbrasil.com.br\/coronavirus-decreto-autoriza-reabertura-da-camara-de-vereadores-para-receber-publico-em-cascavel\/#primaryimage"},"thumbnailUrl":"https:\/\/uvbbrasil.com.br\/wp-content\/uploads\/2020\/05\/cascavel.jpg","datePublished":"2020-05-19T12:05:27+00:00","breadcrumb":{"@id":"https:\/\/uvbbrasil.com.br\/coronavirus-decreto-autoriza-reabertura-da-camara-de-vereadores-para-receber-publico-em-cascavel\/#breadcrumb"},"inLanguage":"pt-BR","potentialAction":[{"@type":"ReadAction","target":["https:\/\/uvbbrasil.com.br\/coronavirus-decreto-autoriza-reabertura-da-camara-de-vereadores-para-receber-publico-em-cascavel\/"]}]},{"@type":"ImageObject","inLanguage":"pt-BR","@id":"https:\/\/uvbbrasil.com.br\/coronavirus-decreto-autoriza-reabertura-da-camara-de-vereadores-para-receber-publico-em-cascavel\/#primaryimage","url":"https:\/\/uvbbrasil.com.br\/wp-content\/uploads\/2020\/05\/cascavel.jpg","contentUrl":"https:\/\/uvbbrasil.com.br\/wp-content\/uploads\/2020\/05\/cascavel.jpg","width":984,"height":615},{"@type":"BreadcrumbList","@id":"https:\/\/uvbbrasil.com.br\/coronavirus-decreto-autoriza-reabertura-da-camara-de-vereadores-para-receber-publico-em-cascavel\/#breadcrumb","itemListElement":[{"@type":"ListItem","position":1,"name":"In\u00edcio","item":"https:\/\/uvbbrasil.com.br\/"},{"@type":"ListItem","position":2,"name":"Coronav\u00edrus: Decreto autoriza reabertura da c\u00e2mara de vereadores para receber p\u00fablico, em Cascavel"}]},{"@type":"WebSite","@id":"https:\/\/uvbbrasil.com.br\/#website","url":"https:\/\/uvbbrasil.com.br\/","name":"UVB Brasil","description":"Uni\u00e3o dos Vereadores do Brasil","publisher":{"@id":"https:\/\/uvbbrasil.com.br\/#organization"},"potentialAction":[{"@type":"SearchAction","target":{"@type":"EntryPoint","urlTemplate":"https:\/\/uvbbrasil.com.br\/?s={search_term_string}"},"query-input":{"@type":"PropertyValueSpecification","valueRequired":true,"valueName":"search_term_string"}}],"inLanguage":"pt-BR"},{"@type":"Organization","@id":"https:\/\/uvbbrasil.com.br\/#organization","name":"UVB Brasil","url":"https:\/\/uvbbrasil.com.br\/","logo":{"@type":"ImageObject","inLanguage":"pt-BR","@id":"https:\/\/uvbbrasil.com.br\/#\/schema\/logo\/image\/","url":"https:\/\/uvbbrasil.com.br\/wp-content\/uploads\/2025\/01\/LOGO-UVB-2024-azul-1.jpg","contentUrl":"https:\/\/uvbbrasil.com.br\/wp-content\/uploads\/2025\/01\/LOGO-UVB-2024-azul-1.jpg","width":600,"height":211,"caption":"UVB Brasil"},"image":{"@id":"https:\/\/uvbbrasil.com.br\/#\/schema\/logo\/image\/"},"sameAs":["https:\/\/www.facebook.com\/uvb.vereadoresbrasil","https:\/\/www.instagram.com\/uvbbrasil\/","https:\/\/www.youtube.com\/channel\/UCIlPQ8Xzw5GHNzosQIg9S5A"]},{"@type":"Person","@id":"https:\/\/uvbbrasil.com.br\/#\/schema\/person\/17990098446c098f52effddff4f1b272","name":"adminuvb","image":{"@type":"ImageObject","inLanguage":"pt-BR","@id":"https:\/\/uvbbrasil.com.br\/#\/schema\/person\/image\/","url":"https:\/\/secure.gravatar.com\/avatar\/1a494ea6f8e2dd1ae526e55b0e9497efdba542491e0620d704cccf63c6f77c45?s=96&d=mm&r=g","contentUrl":"https:\/\/secure.gravatar.com\/avatar\/1a494ea6f8e2dd1ae526e55b0e9497efdba542491e0620d704cccf63c6f77c45?s=96&d=mm&r=g","caption":"adminuvb"},"sameAs":["https:\/\/uvbbrasil.com.br"],"url":"https:\/\/uvbbrasil.com.br\/author\/adminuvb\/"}]}},"_links":{"self":[{"href":"https:\/\/uvbbrasil.com.br\/uvb-json\/wp\/v2\/posts\/18708","targetHints":{"allow":["GET"]}}],"collection":[{"href":"https:\/\/uvbbrasil.com.br\/uvb-json\/wp\/v2\/posts"}],"about":[{"href":"https:\/\/uvbbrasil.com.br\/uvb-json\/wp\/v2\/types\/post"}],"author":[{"embeddable":true,"href":"https:\/\/uvbbrasil.com.br\/uvb-json\/wp\/v2\/users\/1"}],"replies":[{"embeddable":true,"href":"https:\/\/uvbbrasil.com.br\/uvb-json\/wp\/v2\/comments?post=18708"}],"version-history":[{"count":0,"href":"https:\/\/uvbbrasil.com.br\/uvb-json\/wp\/v2\/posts\/18708\/revisions"}],"wp:featuredmedia":[{"embeddable":true,"href":"https:\/\/uvbbrasil.com.br\/uvb-json\/wp\/v2\/media\/18709"}],"wp:attachment":[{"href":"https:\/\/uvbbrasil.com.br\/uvb-json\/wp\/v2\/media?parent=18708"}],"wp:term":[{"taxonomy":"category","embeddable":true,"href":"https:\/\/uvbbrasil.com.br\/uvb-json\/wp\/v2\/categories?post=18708"},{"taxonomy":"post_tag","embeddable":true,"href":"https:\/\/uvbbrasil.com.br\/uvb-json\/wp\/v2\/tags?post=18708"}],"curies":[{"name":"wp","href":"https:\/\/api.w.org\/{rel}","templated":true}]}}