{"id":18704,"date":"2020-05-19T09:00:29","date_gmt":"2020-05-19T12:00:29","guid":{"rendered":"https:\/\/wpsandbox4.pante.com.br\/?p=18704"},"modified":"2020-05-19T09:00:29","modified_gmt":"2020-05-19T12:00:29","slug":"camara-de-vereadores-aprova-antecipacao-de-feriados-em-sp","status":"publish","type":"post","link":"https:\/\/uvbbrasil.com.br\/camara-de-vereadores-aprova-antecipacao-de-feriados-em-sp\/","title":{"rendered":"C\u00e2mara de Vereadores aprova a antecipa\u00e7\u00e3o de feriados em SP"},"content":{"rendered":"<p class=\"subtitle\">Projeto antecipa os pr\u00f3ximos dois feriados\u00a0 na capital paulista (Corpus Christi e Dia da Consci\u00eancia Negra) para quarta (20) e quinta-feira (21)<\/p>\n<p>A C\u00e2mara Municipal de S\u00e3o Paulo aprovou em sess\u00e3o plen\u00e1ria virtual, realizada nesta segunda-feira (18), o projeto de lei enviado pelo Executivo que prev\u00ea a antecipa\u00e7\u00e3o dos dois \u00faltimos feriados municipais de 2020 (Corpus Christi e Consci\u00eancia Negra) para aumentar o \u00edndice de isolamento social na capital durante a quarentena que combate a\u00a0<a href=\"https:\/\/noticias.r7.com\/saude\/novo-coronavirus\" target=\"_blank\" rel=\"noopener noreferrer\"><strong>pandemia do novo coronav\u00edrus<\/strong><\/a>. A medida obteve 37 votos favor\u00e1veis e outros 14 contr\u00e1rios &#8211; o n\u00famero m\u00ednimo para a aprova\u00e7\u00e3o de um projeto na Casa \u00e9 de 28<\/p>\n<p>&#8220;\u00c9 mais uma forma que a Prefeitura e o Estado encontraram para ampliar o isolamento e n\u00e3o deixar que todo mundo fique doente ao mesmo tempo&#8221;, argumentou, mais cedo, o prefeito Bruno Covas (PSDB), durante uma entrevista coletiva das autoridades paulistas.<\/p>\n<div class=\"media_box embed intertitle_box\">\n<p class=\"content\">Mini lockdown<\/p>\n<\/div>\n<p>O vereador Police Neto (PSD) viu na inclus\u00e3o do projeto que antecipa os feriados como um substitutivo do PL 424\/2018 e, por isso, uma &#8220;condu\u00e7\u00e3o perigosa da presid\u00eancia da C\u00e2mara Municipal no momento em que precisamos de estabilidade e responsabilidade, ap\u00f3s dois erros anunciados, bloqueio de vias e megarrodizio [medidas j\u00e1 revogadas]&#8221;.<\/p>\n<p>&#8220;Agora, a gest\u00e3o municipal apresenta o &#8216;mini lockdown&#8217;. Contradit\u00f3ria decis\u00e3o. Todas as orienta\u00e7\u00f5es do doutor Dimas Covas [diretor do Instituto Butantan] apontam para regras de isolamento social permanente. O feriad\u00e3o nada tem de permanente e sempre foi desestimulado. Soma-se a isso que a MP\/927, do come\u00e7o do m\u00eas passado, j\u00e1 disciplinava\u00a0 a antecipa\u00e7\u00e3o dos feriados e foi durante mais de 40 dias ignorado pela prefeitura. Suspeito da efic\u00e1cia da nova medida, e mais grave a desorienta\u00e7\u00e3o que pode provocar em nossa cidade&#8221;, declarou.<\/p>\n<p>J\u00e1 o parlamentar Cl\u00e1udio Fonseca (Cidadania) foi favor\u00e1vel \u00e0 antecipa\u00e7\u00e3o dos feriados municipais pelo seu car\u00e1ter emergencial e por ser necess\u00e1rio na tentativa de proporcionar mais f\u00f4lego ao sistema de sa\u00fade p\u00fablica, al\u00e9m de importante para estimular o distanciamento social. No entanto, o vereador ponderou que tal medida \u00e9 pass\u00edvel de cr\u00edticas e de sugest\u00f5es.<\/p>\n<p>&#8220;Ningu\u00e9m gostaria de antecipar feriados, ainda mais com datas t\u00e3o emblem\u00e1ticas. Estamos poupando vidas. Vejo essa medida como uma busca de alternativa. Cinco dias podem n\u00e3o representar tudo, ser um per\u00edodo curto, mas n\u00e3o podemos deixar de aproveitar esses dias para aumentar o isolamento. Chegando na [pr\u00f3xima] segunda-feira, outras medidas ser\u00e3o necess\u00e1rias e o poder p\u00fablico ter\u00e1 mais tempo para pensar&#8221;, concluiu o vereador.<a href=\"https:\/\/uvbbrasil.com.br\/?attachment_id=18705\" rel=\"attachment wp-att-18705\"><img fetchpriority=\"high\" decoding=\"async\" class=\"aligncenter size-full wp-image-18705\" src=\"https:\/\/uvbbrasil.com.br\/wp-content\/uploads\/2020\/05\/sp-19.jpg\" alt=\"\" width=\"660\" height=\"360\" srcset=\"https:\/\/uvbbrasil.com.br\/wp-content\/uploads\/2020\/05\/sp-19.jpg 660w, https:\/\/uvbbrasil.com.br\/wp-content\/uploads\/2020\/05\/sp-19-300x164.jpg 300w\" sizes=\"(max-width: 660px) 100vw, 660px\" \/><\/a><\/p>\n<p>&nbsp;<\/p>\n<p><em>fonte<\/em>:https:\/\/noticias.r7.com\/<\/p>\n","protected":false},"excerpt":{"rendered":"<p>Projeto antecipa os pr\u00f3ximos dois feriados\u00a0 na capital paulista (Corpus Christi e Dia da Consci\u00eancia Negra) para quarta (20) e&#8230;<\/p>\n","protected":false},"author":1,"featured_media":18705,"comment_status":"open","ping_status":"open","sticky":false,"template":"","format":"standard","meta":{"footnotes":""},"categories":[3],"tags":[],"class_list":["post-18704","post","type-post","status-publish","format-standard","has-post-thumbnail","hentry","category-noticias"],"yoast_head":"<!-- This site is optimized with the Yoast SEO plugin v26.7 - https:\/\/yoast.com\/wordpress\/plugins\/seo\/ -->\n<title>C\u00e2mara de Vereadores aprova a antecipa\u00e7\u00e3o de feriados em SP - UVB Brasil<\/title>\n<meta name=\"robots\" content=\"index, follow, max-snippet:-1, max-image-preview:large, max-video-preview:-1\" \/>\n<link rel=\"canonical\" href=\"https:\/\/uvbbrasil.com.br\/camara-de-vereadores-aprova-antecipacao-de-feriados-em-sp\/\" \/>\n<meta property=\"og:locale\" content=\"pt_BR\" \/>\n<meta property=\"og:type\" content=\"article\" \/>\n<meta property=\"og:title\" content=\"C\u00e2mara de Vereadores aprova a antecipa\u00e7\u00e3o de feriados em SP - UVB Brasil\" \/>\n<meta property=\"og:description\" content=\"Projeto antecipa os pr\u00f3ximos dois feriados\u00a0 na capital paulista (Corpus Christi e Dia da Consci\u00eancia Negra) para quarta (20) e...\" \/>\n<meta property=\"og:url\" content=\"https:\/\/uvbbrasil.com.br\/camara-de-vereadores-aprova-antecipacao-de-feriados-em-sp\/\" \/>\n<meta property=\"og:site_name\" content=\"UVB Brasil\" \/>\n<meta property=\"article:publisher\" content=\"https:\/\/www.facebook.com\/uvb.vereadoresbrasil\" \/>\n<meta property=\"article:published_time\" content=\"2020-05-19T12:00:29+00:00\" \/>\n<meta property=\"og:image\" content=\"https:\/\/uvbbrasil.com.br\/wp-content\/uploads\/2020\/05\/sp-19.jpg\" \/>\n\t<meta property=\"og:image:width\" content=\"660\" \/>\n\t<meta property=\"og:image:height\" content=\"360\" \/>\n\t<meta property=\"og:image:type\" content=\"image\/jpeg\" \/>\n<meta name=\"author\" content=\"adminuvb\" \/>\n<meta name=\"twitter:card\" content=\"summary_large_image\" \/>\n<meta name=\"twitter:label1\" content=\"Escrito por\" \/>\n\t<meta name=\"twitter:data1\" content=\"adminuvb\" \/>\n\t<meta name=\"twitter:label2\" content=\"Est. tempo de leitura\" \/>\n\t<meta name=\"twitter:data2\" content=\"2 minutos\" \/>\n<script type=\"application\/ld+json\" class=\"yoast-schema-graph\">{\"@context\":\"https:\/\/schema.org\",\"@graph\":[{\"@type\":\"Article\",\"@id\":\"https:\/\/uvbbrasil.com.br\/camara-de-vereadores-aprova-antecipacao-de-feriados-em-sp\/#article\",\"isPartOf\":{\"@id\":\"https:\/\/uvbbrasil.com.br\/camara-de-vereadores-aprova-antecipacao-de-feriados-em-sp\/\"},\"author\":{\"name\":\"adminuvb\",\"@id\":\"https:\/\/uvbbrasil.com.br\/#\/schema\/person\/17990098446c098f52effddff4f1b272\"},\"headline\":\"C\u00e2mara de Vereadores aprova a antecipa\u00e7\u00e3o de feriados em SP\",\"datePublished\":\"2020-05-19T12:00:29+00:00\",\"mainEntityOfPage\":{\"@id\":\"https:\/\/uvbbrasil.com.br\/camara-de-vereadores-aprova-antecipacao-de-feriados-em-sp\/\"},\"wordCount\":458,\"commentCount\":0,\"publisher\":{\"@id\":\"https:\/\/uvbbrasil.com.br\/#organization\"},\"image\":{\"@id\":\"https:\/\/uvbbrasil.com.br\/camara-de-vereadores-aprova-antecipacao-de-feriados-em-sp\/#primaryimage\"},\"thumbnailUrl\":\"https:\/\/uvbbrasil.com.br\/wp-content\/uploads\/2020\/05\/sp-19.jpg\",\"articleSection\":[\"NOT\u00cdCIAS\"],\"inLanguage\":\"pt-BR\",\"potentialAction\":[{\"@type\":\"CommentAction\",\"name\":\"Comment\",\"target\":[\"https:\/\/uvbbrasil.com.br\/camara-de-vereadores-aprova-antecipacao-de-feriados-em-sp\/#respond\"]}]},{\"@type\":\"WebPage\",\"@id\":\"https:\/\/uvbbrasil.com.br\/camara-de-vereadores-aprova-antecipacao-de-feriados-em-sp\/\",\"url\":\"https:\/\/uvbbrasil.com.br\/camara-de-vereadores-aprova-antecipacao-de-feriados-em-sp\/\",\"name\":\"C\u00e2mara de Vereadores aprova a antecipa\u00e7\u00e3o de feriados em SP - UVB Brasil\",\"isPartOf\":{\"@id\":\"https:\/\/uvbbrasil.com.br\/#website\"},\"primaryImageOfPage\":{\"@id\":\"https:\/\/uvbbrasil.com.br\/camara-de-vereadores-aprova-antecipacao-de-feriados-em-sp\/#primaryimage\"},\"image\":{\"@id\":\"https:\/\/uvbbrasil.com.br\/camara-de-vereadores-aprova-antecipacao-de-feriados-em-sp\/#primaryimage\"},\"thumbnailUrl\":\"https:\/\/uvbbrasil.com.br\/wp-content\/uploads\/2020\/05\/sp-19.jpg\",\"datePublished\":\"2020-05-19T12:00:29+00:00\",\"breadcrumb\":{\"@id\":\"https:\/\/uvbbrasil.com.br\/camara-de-vereadores-aprova-antecipacao-de-feriados-em-sp\/#breadcrumb\"},\"inLanguage\":\"pt-BR\",\"potentialAction\":[{\"@type\":\"ReadAction\",\"target\":[\"https:\/\/uvbbrasil.com.br\/camara-de-vereadores-aprova-antecipacao-de-feriados-em-sp\/\"]}]},{\"@type\":\"ImageObject\",\"inLanguage\":\"pt-BR\",\"@id\":\"https:\/\/uvbbrasil.com.br\/camara-de-vereadores-aprova-antecipacao-de-feriados-em-sp\/#primaryimage\",\"url\":\"https:\/\/uvbbrasil.com.br\/wp-content\/uploads\/2020\/05\/sp-19.jpg\",\"contentUrl\":\"https:\/\/uvbbrasil.com.br\/wp-content\/uploads\/2020\/05\/sp-19.jpg\",\"width\":660,\"height\":360},{\"@type\":\"BreadcrumbList\",\"@id\":\"https:\/\/uvbbrasil.com.br\/camara-de-vereadores-aprova-antecipacao-de-feriados-em-sp\/#breadcrumb\",\"itemListElement\":[{\"@type\":\"ListItem\",\"position\":1,\"name\":\"In\u00edcio\",\"item\":\"https:\/\/uvbbrasil.com.br\/\"},{\"@type\":\"ListItem\",\"position\":2,\"name\":\"C\u00e2mara de Vereadores aprova a antecipa\u00e7\u00e3o de feriados em SP\"}]},{\"@type\":\"WebSite\",\"@id\":\"https:\/\/uvbbrasil.com.br\/#website\",\"url\":\"https:\/\/uvbbrasil.com.br\/\",\"name\":\"UVB Brasil\",\"description\":\"Uni\u00e3o dos Vereadores do Brasil\",\"publisher\":{\"@id\":\"https:\/\/uvbbrasil.com.br\/#organization\"},\"potentialAction\":[{\"@type\":\"SearchAction\",\"target\":{\"@type\":\"EntryPoint\",\"urlTemplate\":\"https:\/\/uvbbrasil.com.br\/?s={search_term_string}\"},\"query-input\":{\"@type\":\"PropertyValueSpecification\",\"valueRequired\":true,\"valueName\":\"search_term_string\"}}],\"inLanguage\":\"pt-BR\"},{\"@type\":\"Organization\",\"@id\":\"https:\/\/uvbbrasil.com.br\/#organization\",\"name\":\"UVB Brasil\",\"url\":\"https:\/\/uvbbrasil.com.br\/\",\"logo\":{\"@type\":\"ImageObject\",\"inLanguage\":\"pt-BR\",\"@id\":\"https:\/\/uvbbrasil.com.br\/#\/schema\/logo\/image\/\",\"url\":\"https:\/\/uvbbrasil.com.br\/wp-content\/uploads\/2025\/01\/LOGO-UVB-2024-azul-1.jpg\",\"contentUrl\":\"https:\/\/uvbbrasil.com.br\/wp-content\/uploads\/2025\/01\/LOGO-UVB-2024-azul-1.jpg\",\"width\":600,\"height\":211,\"caption\":\"UVB Brasil\"},\"image\":{\"@id\":\"https:\/\/uvbbrasil.com.br\/#\/schema\/logo\/image\/\"},\"sameAs\":[\"https:\/\/www.facebook.com\/uvb.vereadoresbrasil\",\"https:\/\/www.instagram.com\/uvbbrasil\/\",\"https:\/\/www.youtube.com\/channel\/UCIlPQ8Xzw5GHNzosQIg9S5A\"]},{\"@type\":\"Person\",\"@id\":\"https:\/\/uvbbrasil.com.br\/#\/schema\/person\/17990098446c098f52effddff4f1b272\",\"name\":\"adminuvb\",\"image\":{\"@type\":\"ImageObject\",\"inLanguage\":\"pt-BR\",\"@id\":\"https:\/\/uvbbrasil.com.br\/#\/schema\/person\/image\/\",\"url\":\"https:\/\/secure.gravatar.com\/avatar\/1a494ea6f8e2dd1ae526e55b0e9497efdba542491e0620d704cccf63c6f77c45?s=96&d=mm&r=g\",\"contentUrl\":\"https:\/\/secure.gravatar.com\/avatar\/1a494ea6f8e2dd1ae526e55b0e9497efdba542491e0620d704cccf63c6f77c45?s=96&d=mm&r=g\",\"caption\":\"adminuvb\"},\"sameAs\":[\"https:\/\/uvbbrasil.com.br\"],\"url\":\"https:\/\/uvbbrasil.com.br\/author\/adminuvb\/\"}]}<\/script>\n<!-- \/ Yoast SEO plugin. -->","yoast_head_json":{"title":"C\u00e2mara de Vereadores aprova a antecipa\u00e7\u00e3o de feriados em SP - UVB Brasil","robots":{"index":"index","follow":"follow","max-snippet":"max-snippet:-1","max-image-preview":"max-image-preview:large","max-video-preview":"max-video-preview:-1"},"canonical":"https:\/\/uvbbrasil.com.br\/camara-de-vereadores-aprova-antecipacao-de-feriados-em-sp\/","og_locale":"pt_BR","og_type":"article","og_title":"C\u00e2mara de Vereadores aprova a antecipa\u00e7\u00e3o de feriados em SP - UVB Brasil","og_description":"Projeto antecipa os pr\u00f3ximos dois feriados\u00a0 na capital paulista (Corpus Christi e Dia da Consci\u00eancia Negra) para quarta (20) e...","og_url":"https:\/\/uvbbrasil.com.br\/camara-de-vereadores-aprova-antecipacao-de-feriados-em-sp\/","og_site_name":"UVB Brasil","article_publisher":"https:\/\/www.facebook.com\/uvb.vereadoresbrasil","article_published_time":"2020-05-19T12:00:29+00:00","og_image":[{"width":660,"height":360,"url":"https:\/\/uvbbrasil.com.br\/wp-content\/uploads\/2020\/05\/sp-19.jpg","type":"image\/jpeg"}],"author":"adminuvb","twitter_card":"summary_large_image","twitter_misc":{"Escrito por":"adminuvb","Est. tempo de leitura":"2 minutos"},"schema":{"@context":"https:\/\/schema.org","@graph":[{"@type":"Article","@id":"https:\/\/uvbbrasil.com.br\/camara-de-vereadores-aprova-antecipacao-de-feriados-em-sp\/#article","isPartOf":{"@id":"https:\/\/uvbbrasil.com.br\/camara-de-vereadores-aprova-antecipacao-de-feriados-em-sp\/"},"author":{"name":"adminuvb","@id":"https:\/\/uvbbrasil.com.br\/#\/schema\/person\/17990098446c098f52effddff4f1b272"},"headline":"C\u00e2mara de Vereadores aprova a antecipa\u00e7\u00e3o de feriados em SP","datePublished":"2020-05-19T12:00:29+00:00","mainEntityOfPage":{"@id":"https:\/\/uvbbrasil.com.br\/camara-de-vereadores-aprova-antecipacao-de-feriados-em-sp\/"},"wordCount":458,"commentCount":0,"publisher":{"@id":"https:\/\/uvbbrasil.com.br\/#organization"},"image":{"@id":"https:\/\/uvbbrasil.com.br\/camara-de-vereadores-aprova-antecipacao-de-feriados-em-sp\/#primaryimage"},"thumbnailUrl":"https:\/\/uvbbrasil.com.br\/wp-content\/uploads\/2020\/05\/sp-19.jpg","articleSection":["NOT\u00cdCIAS"],"inLanguage":"pt-BR","potentialAction":[{"@type":"CommentAction","name":"Comment","target":["https:\/\/uvbbrasil.com.br\/camara-de-vereadores-aprova-antecipacao-de-feriados-em-sp\/#respond"]}]},{"@type":"WebPage","@id":"https:\/\/uvbbrasil.com.br\/camara-de-vereadores-aprova-antecipacao-de-feriados-em-sp\/","url":"https:\/\/uvbbrasil.com.br\/camara-de-vereadores-aprova-antecipacao-de-feriados-em-sp\/","name":"C\u00e2mara de Vereadores aprova a antecipa\u00e7\u00e3o de feriados em SP - UVB Brasil","isPartOf":{"@id":"https:\/\/uvbbrasil.com.br\/#website"},"primaryImageOfPage":{"@id":"https:\/\/uvbbrasil.com.br\/camara-de-vereadores-aprova-antecipacao-de-feriados-em-sp\/#primaryimage"},"image":{"@id":"https:\/\/uvbbrasil.com.br\/camara-de-vereadores-aprova-antecipacao-de-feriados-em-sp\/#primaryimage"},"thumbnailUrl":"https:\/\/uvbbrasil.com.br\/wp-content\/uploads\/2020\/05\/sp-19.jpg","datePublished":"2020-05-19T12:00:29+00:00","breadcrumb":{"@id":"https:\/\/uvbbrasil.com.br\/camara-de-vereadores-aprova-antecipacao-de-feriados-em-sp\/#breadcrumb"},"inLanguage":"pt-BR","potentialAction":[{"@type":"ReadAction","target":["https:\/\/uvbbrasil.com.br\/camara-de-vereadores-aprova-antecipacao-de-feriados-em-sp\/"]}]},{"@type":"ImageObject","inLanguage":"pt-BR","@id":"https:\/\/uvbbrasil.com.br\/camara-de-vereadores-aprova-antecipacao-de-feriados-em-sp\/#primaryimage","url":"https:\/\/uvbbrasil.com.br\/wp-content\/uploads\/2020\/05\/sp-19.jpg","contentUrl":"https:\/\/uvbbrasil.com.br\/wp-content\/uploads\/2020\/05\/sp-19.jpg","width":660,"height":360},{"@type":"BreadcrumbList","@id":"https:\/\/uvbbrasil.com.br\/camara-de-vereadores-aprova-antecipacao-de-feriados-em-sp\/#breadcrumb","itemListElement":[{"@type":"ListItem","position":1,"name":"In\u00edcio","item":"https:\/\/uvbbrasil.com.br\/"},{"@type":"ListItem","position":2,"name":"C\u00e2mara de Vereadores aprova a antecipa\u00e7\u00e3o de feriados em SP"}]},{"@type":"WebSite","@id":"https:\/\/uvbbrasil.com.br\/#website","url":"https:\/\/uvbbrasil.com.br\/","name":"UVB Brasil","description":"Uni\u00e3o dos Vereadores do Brasil","publisher":{"@id":"https:\/\/uvbbrasil.com.br\/#organization"},"potentialAction":[{"@type":"SearchAction","target":{"@type":"EntryPoint","urlTemplate":"https:\/\/uvbbrasil.com.br\/?s={search_term_string}"},"query-input":{"@type":"PropertyValueSpecification","valueRequired":true,"valueName":"search_term_string"}}],"inLanguage":"pt-BR"},{"@type":"Organization","@id":"https:\/\/uvbbrasil.com.br\/#organization","name":"UVB Brasil","url":"https:\/\/uvbbrasil.com.br\/","logo":{"@type":"ImageObject","inLanguage":"pt-BR","@id":"https:\/\/uvbbrasil.com.br\/#\/schema\/logo\/image\/","url":"https:\/\/uvbbrasil.com.br\/wp-content\/uploads\/2025\/01\/LOGO-UVB-2024-azul-1.jpg","contentUrl":"https:\/\/uvbbrasil.com.br\/wp-content\/uploads\/2025\/01\/LOGO-UVB-2024-azul-1.jpg","width":600,"height":211,"caption":"UVB Brasil"},"image":{"@id":"https:\/\/uvbbrasil.com.br\/#\/schema\/logo\/image\/"},"sameAs":["https:\/\/www.facebook.com\/uvb.vereadoresbrasil","https:\/\/www.instagram.com\/uvbbrasil\/","https:\/\/www.youtube.com\/channel\/UCIlPQ8Xzw5GHNzosQIg9S5A"]},{"@type":"Person","@id":"https:\/\/uvbbrasil.com.br\/#\/schema\/person\/17990098446c098f52effddff4f1b272","name":"adminuvb","image":{"@type":"ImageObject","inLanguage":"pt-BR","@id":"https:\/\/uvbbrasil.com.br\/#\/schema\/person\/image\/","url":"https:\/\/secure.gravatar.com\/avatar\/1a494ea6f8e2dd1ae526e55b0e9497efdba542491e0620d704cccf63c6f77c45?s=96&d=mm&r=g","contentUrl":"https:\/\/secure.gravatar.com\/avatar\/1a494ea6f8e2dd1ae526e55b0e9497efdba542491e0620d704cccf63c6f77c45?s=96&d=mm&r=g","caption":"adminuvb"},"sameAs":["https:\/\/uvbbrasil.com.br"],"url":"https:\/\/uvbbrasil.com.br\/author\/adminuvb\/"}]}},"_links":{"self":[{"href":"https:\/\/uvbbrasil.com.br\/uvb-json\/wp\/v2\/posts\/18704","targetHints":{"allow":["GET"]}}],"collection":[{"href":"https:\/\/uvbbrasil.com.br\/uvb-json\/wp\/v2\/posts"}],"about":[{"href":"https:\/\/uvbbrasil.com.br\/uvb-json\/wp\/v2\/types\/post"}],"author":[{"embeddable":true,"href":"https:\/\/uvbbrasil.com.br\/uvb-json\/wp\/v2\/users\/1"}],"replies":[{"embeddable":true,"href":"https:\/\/uvbbrasil.com.br\/uvb-json\/wp\/v2\/comments?post=18704"}],"version-history":[{"count":0,"href":"https:\/\/uvbbrasil.com.br\/uvb-json\/wp\/v2\/posts\/18704\/revisions"}],"wp:featuredmedia":[{"embeddable":true,"href":"https:\/\/uvbbrasil.com.br\/uvb-json\/wp\/v2\/media\/18705"}],"wp:attachment":[{"href":"https:\/\/uvbbrasil.com.br\/uvb-json\/wp\/v2\/media?parent=18704"}],"wp:term":[{"taxonomy":"category","embeddable":true,"href":"https:\/\/uvbbrasil.com.br\/uvb-json\/wp\/v2\/categories?post=18704"},{"taxonomy":"post_tag","embeddable":true,"href":"https:\/\/uvbbrasil.com.br\/uvb-json\/wp\/v2\/tags?post=18704"}],"curies":[{"name":"wp","href":"https:\/\/api.w.org\/{rel}","templated":true}]}}