{"id":18569,"date":"2020-05-07T17:20:58","date_gmt":"2020-05-07T20:20:58","guid":{"rendered":"https:\/\/wpsandbox4.pante.com.br\/?p=18569"},"modified":"2020-05-07T17:20:58","modified_gmt":"2020-05-07T20:20:58","slug":"uvb-reune-15-estados-para-debater-processo-eleitoral","status":"publish","type":"post","link":"https:\/\/uvbbrasil.com.br\/uvb-reune-15-estados-para-debater-processo-eleitoral\/","title":{"rendered":"UVB RE\u00daNE  15 ESTADOS PARA DEBATER PROCESSO ELEITORAL"},"content":{"rendered":"<p>A Uni\u00e3o dos Vereadores do Brasil (UVB) marcou posi\u00e7\u00e3o para discutir elei\u00e7\u00f5es. Reuniu \u00a0em LIVE aberta para todo o pa\u00eds, representantes de 15 estados para ouvir os presidentes\u00a0 no mandato e os licenciados, sobre o processo eleitoral.<\/p>\n<p>O munic\u00edpio \u00e9 o terreno onde se assenta o Edif\u00edcio \u00a0da Cidadania e onde est\u00e3o os pol\u00edticos mais pr\u00f3ximos das pessoas, mas suas vidas eleitorais s\u00e3o discutidas no \u201cterceiro andar da Federa\u00e7\u00e3o\u201d.<\/p>\n<p>Sob a lideran\u00e7a do presidente da Gilson Conzatti (Rio Grande do Sul) e a presen\u00e7a do presidente do Forum de Presidentes Estaduais de Vereadores, Sebasti\u00e3o Misiara (SP), lideran\u00e7as respeitadas dos estados , que representam a for\u00e7a da politica nacional lamentaram\u00a0 as discuss\u00f5es sobre adiamento das elei\u00e7\u00f5es, sem contudo ouvir os \u00a0atores do processo que s\u00e3o os vereadores e os prefeitos.<\/p>\n<p>A politica local e o fortalecimento das institui\u00e7\u00f5es democr\u00e1ticas, base do Estado Democr\u00e1tico de Direito, n\u00e3o podem ser atropelados \u2013 an\u00e1lise dos presidentes estaduais \u2013 por elei\u00e7\u00f5es no meio de uma pandemia , cuja a\u00e7\u00e3o ainda \u00e9 desconhecida da Ci\u00eancia de todo o mundo.<\/p>\n<p>\u201cQue campanha ser\u00e1 feita? Como saber\u00e3o as propostas dos candidatos? Como ser\u00e3o as conven\u00e7\u00f5es?, perguntou o presidente Gilson Conzatti, diante da incerteza do que vem acontecendo.<\/p>\n<p>Associado \u00e0 isso, todos os presidentes falaram que, antes de se pensar em elei\u00e7\u00f5es, cujos gastos ultrapassam a mais de 7 bilh\u00f5es de reais, deve-se pensar na sa\u00fade do povo brasileiro, na recupera\u00e7\u00e3o da economia e no atendimento \u00e0queles que est\u00e3o abaixo e na linha da pobreza.<\/p>\n<p>Documento \u00a0ser\u00e1 extra\u00eddo da posi\u00e7\u00e3o de cada Estado e \u00a0entregue\u00a0 aos presidentes das duas Casas do\u00a0 \u00a0Congresso Nacional , base da decis\u00e3o de unifica\u00e7\u00e3o das elei\u00e7\u00f5es, como j\u00e1 aconteceu \u00a0no pa\u00eds nas d\u00e9cadas de 70 e 80 e ao presidente do Superior Tribunal Eleitoral.<\/p>\n<p>Gilson entende que mais importante que elei\u00e7\u00f5es nesse momento \u00e9\u00a0 pensar em inclus\u00e3o social, promover a qualidade de vida, alcan\u00e7ar metas de melhoria social, recuperar os danos.<\/p>\n<p>\u201cA import\u00e2ncia da elei\u00e7\u00e3o para o Brasil \u00e9 tamanha que n\u00e3o se pode pensar em realiza-la sem a m\u00ednima possibilidade de levar propostas ao cidad\u00e3o\u201d, afirmou o presidente da UVB.<\/p>\n<p>Todos unanimemente defendem\u00a0\u00a0 a recupera\u00e7\u00e3o do pa\u00eds e estimulam seus deputados federais a tratar a unifica\u00e7\u00e3o das elei\u00e7\u00f5es para que as aten\u00e7\u00f5es se voltem \u00e0 retomada do crescimento.<\/p>\n<p>Participaram representantes dos estados de S\u00e3o Paulo(Sebasti\u00e3o Misiara), Bahia(Edylene Ferreira), Tocantins(Terciliano Gomes), Mato Grosso(Edyclei Coelho), Mato Grosso do Sul(Jeovane Vieira), Alagoas (Eduardo Ten\u00f3rio), Pernambuco(Marcos Silva), Minas Gerais (Evandro Loff), Rio Grande do Sul(Silomara Garcia), Rio Grande do Norte (Bruno Melo), Sergipe(Maria Idevania-Ledinha), Cear\u00e1( Guto Mota), Maranh\u00e3o (Asaf Sobrinho), Paran\u00e1 (j\u00falio Makcuch) e Santa Catarina (Ilmar Dalla).<\/p>\n<p>Por Silvia Melo<\/p>\n<p>&nbsp;<\/p>\n<p><a href=\"https:\/\/uvbbrasil.com.br\/?attachment_id=18570\" rel=\"attachment wp-att-18570\"><img fetchpriority=\"high\" decoding=\"async\" class=\"aligncenter size-full wp-image-18570\" src=\"https:\/\/uvbbrasil.com.br\/wp-content\/uploads\/2020\/05\/WhatsApp-Image-2020-05-07-at-16.12.04.jpeg\" alt=\"\" width=\"1242\" height=\"987\" srcset=\"https:\/\/uvbbrasil.com.br\/wp-content\/uploads\/2020\/05\/WhatsApp-Image-2020-05-07-at-16.12.04.jpeg 1242w, https:\/\/uvbbrasil.com.br\/wp-content\/uploads\/2020\/05\/WhatsApp-Image-2020-05-07-at-16.12.04-300x238.jpeg 300w, https:\/\/uvbbrasil.com.br\/wp-content\/uploads\/2020\/05\/WhatsApp-Image-2020-05-07-at-16.12.04-1024x814.jpeg 1024w, https:\/\/uvbbrasil.com.br\/wp-content\/uploads\/2020\/05\/WhatsApp-Image-2020-05-07-at-16.12.04-768x610.jpeg 768w\" sizes=\"(max-width: 1242px) 100vw, 1242px\" \/><\/a><\/p>\n","protected":false},"excerpt":{"rendered":"<p>A Uni\u00e3o dos Vereadores do Brasil (UVB) marcou posi\u00e7\u00e3o para discutir elei\u00e7\u00f5es. Reuniu \u00a0em LIVE aberta para todo o pa\u00eds,&#8230;<\/p>\n","protected":false},"author":1,"featured_media":18570,"comment_status":"open","ping_status":"open","sticky":false,"template":"","format":"standard","meta":{"footnotes":""},"categories":[3,4],"tags":[],"class_list":["post-18569","post","type-post","status-publish","format-standard","has-post-thumbnail","hentry","category-noticias","category-home"],"yoast_head":"<!-- This site is optimized with the Yoast SEO plugin v26.7 - https:\/\/yoast.com\/wordpress\/plugins\/seo\/ -->\n<title>UVB RE\u00daNE 15 ESTADOS PARA DEBATER PROCESSO ELEITORAL - UVB Brasil<\/title>\n<meta name=\"robots\" content=\"index, follow, max-snippet:-1, max-image-preview:large, max-video-preview:-1\" \/>\n<link rel=\"canonical\" href=\"https:\/\/uvbbrasil.com.br\/uvb-reune-15-estados-para-debater-processo-eleitoral\/\" \/>\n<meta property=\"og:locale\" content=\"pt_BR\" \/>\n<meta property=\"og:type\" content=\"article\" \/>\n<meta property=\"og:title\" content=\"UVB RE\u00daNE 15 ESTADOS PARA DEBATER PROCESSO ELEITORAL - UVB Brasil\" \/>\n<meta property=\"og:description\" content=\"A Uni\u00e3o dos Vereadores do Brasil (UVB) marcou posi\u00e7\u00e3o para discutir elei\u00e7\u00f5es. Reuniu \u00a0em LIVE aberta para todo o pa\u00eds,...\" \/>\n<meta property=\"og:url\" content=\"https:\/\/uvbbrasil.com.br\/uvb-reune-15-estados-para-debater-processo-eleitoral\/\" \/>\n<meta property=\"og:site_name\" content=\"UVB Brasil\" \/>\n<meta property=\"article:publisher\" content=\"https:\/\/www.facebook.com\/uvb.vereadoresbrasil\" \/>\n<meta property=\"article:published_time\" content=\"2020-05-07T20:20:58+00:00\" \/>\n<meta property=\"og:image\" content=\"https:\/\/uvbbrasil.com.br\/wp-content\/uploads\/2020\/05\/WhatsApp-Image-2020-05-07-at-16.12.04.jpeg\" \/>\n\t<meta property=\"og:image:width\" content=\"1242\" \/>\n\t<meta property=\"og:image:height\" content=\"987\" \/>\n\t<meta property=\"og:image:type\" content=\"image\/jpeg\" \/>\n<meta name=\"author\" content=\"adminuvb\" \/>\n<meta name=\"twitter:card\" content=\"summary_large_image\" \/>\n<meta name=\"twitter:label1\" content=\"Escrito por\" \/>\n\t<meta name=\"twitter:data1\" content=\"adminuvb\" \/>\n\t<meta name=\"twitter:label2\" content=\"Est. tempo de leitura\" \/>\n\t<meta name=\"twitter:data2\" content=\"2 minutos\" \/>\n<script type=\"application\/ld+json\" class=\"yoast-schema-graph\">{\"@context\":\"https:\/\/schema.org\",\"@graph\":[{\"@type\":\"Article\",\"@id\":\"https:\/\/uvbbrasil.com.br\/uvb-reune-15-estados-para-debater-processo-eleitoral\/#article\",\"isPartOf\":{\"@id\":\"https:\/\/uvbbrasil.com.br\/uvb-reune-15-estados-para-debater-processo-eleitoral\/\"},\"author\":{\"name\":\"adminuvb\",\"@id\":\"https:\/\/uvbbrasil.com.br\/#\/schema\/person\/17990098446c098f52effddff4f1b272\"},\"headline\":\"UVB RE\u00daNE 15 ESTADOS PARA DEBATER PROCESSO ELEITORAL\",\"datePublished\":\"2020-05-07T20:20:58+00:00\",\"mainEntityOfPage\":{\"@id\":\"https:\/\/uvbbrasil.com.br\/uvb-reune-15-estados-para-debater-processo-eleitoral\/\"},\"wordCount\":496,\"commentCount\":0,\"publisher\":{\"@id\":\"https:\/\/uvbbrasil.com.br\/#organization\"},\"image\":{\"@id\":\"https:\/\/uvbbrasil.com.br\/uvb-reune-15-estados-para-debater-processo-eleitoral\/#primaryimage\"},\"thumbnailUrl\":\"https:\/\/uvbbrasil.com.br\/wp-content\/uploads\/2020\/05\/WhatsApp-Image-2020-05-07-at-16.12.04.jpeg\",\"articleSection\":[\"NOT\u00cdCIAS\",\"UVB\"],\"inLanguage\":\"pt-BR\",\"potentialAction\":[{\"@type\":\"CommentAction\",\"name\":\"Comment\",\"target\":[\"https:\/\/uvbbrasil.com.br\/uvb-reune-15-estados-para-debater-processo-eleitoral\/#respond\"]}]},{\"@type\":\"WebPage\",\"@id\":\"https:\/\/uvbbrasil.com.br\/uvb-reune-15-estados-para-debater-processo-eleitoral\/\",\"url\":\"https:\/\/uvbbrasil.com.br\/uvb-reune-15-estados-para-debater-processo-eleitoral\/\",\"name\":\"UVB RE\u00daNE 15 ESTADOS PARA DEBATER PROCESSO ELEITORAL - UVB Brasil\",\"isPartOf\":{\"@id\":\"https:\/\/uvbbrasil.com.br\/#website\"},\"primaryImageOfPage\":{\"@id\":\"https:\/\/uvbbrasil.com.br\/uvb-reune-15-estados-para-debater-processo-eleitoral\/#primaryimage\"},\"image\":{\"@id\":\"https:\/\/uvbbrasil.com.br\/uvb-reune-15-estados-para-debater-processo-eleitoral\/#primaryimage\"},\"thumbnailUrl\":\"https:\/\/uvbbrasil.com.br\/wp-content\/uploads\/2020\/05\/WhatsApp-Image-2020-05-07-at-16.12.04.jpeg\",\"datePublished\":\"2020-05-07T20:20:58+00:00\",\"breadcrumb\":{\"@id\":\"https:\/\/uvbbrasil.com.br\/uvb-reune-15-estados-para-debater-processo-eleitoral\/#breadcrumb\"},\"inLanguage\":\"pt-BR\",\"potentialAction\":[{\"@type\":\"ReadAction\",\"target\":[\"https:\/\/uvbbrasil.com.br\/uvb-reune-15-estados-para-debater-processo-eleitoral\/\"]}]},{\"@type\":\"ImageObject\",\"inLanguage\":\"pt-BR\",\"@id\":\"https:\/\/uvbbrasil.com.br\/uvb-reune-15-estados-para-debater-processo-eleitoral\/#primaryimage\",\"url\":\"https:\/\/uvbbrasil.com.br\/wp-content\/uploads\/2020\/05\/WhatsApp-Image-2020-05-07-at-16.12.04.jpeg\",\"contentUrl\":\"https:\/\/uvbbrasil.com.br\/wp-content\/uploads\/2020\/05\/WhatsApp-Image-2020-05-07-at-16.12.04.jpeg\",\"width\":1242,\"height\":987},{\"@type\":\"BreadcrumbList\",\"@id\":\"https:\/\/uvbbrasil.com.br\/uvb-reune-15-estados-para-debater-processo-eleitoral\/#breadcrumb\",\"itemListElement\":[{\"@type\":\"ListItem\",\"position\":1,\"name\":\"In\u00edcio\",\"item\":\"https:\/\/uvbbrasil.com.br\/\"},{\"@type\":\"ListItem\",\"position\":2,\"name\":\"UVB RE\u00daNE 15 ESTADOS PARA DEBATER PROCESSO ELEITORAL\"}]},{\"@type\":\"WebSite\",\"@id\":\"https:\/\/uvbbrasil.com.br\/#website\",\"url\":\"https:\/\/uvbbrasil.com.br\/\",\"name\":\"UVB Brasil\",\"description\":\"Uni\u00e3o dos Vereadores do Brasil\",\"publisher\":{\"@id\":\"https:\/\/uvbbrasil.com.br\/#organization\"},\"potentialAction\":[{\"@type\":\"SearchAction\",\"target\":{\"@type\":\"EntryPoint\",\"urlTemplate\":\"https:\/\/uvbbrasil.com.br\/?s={search_term_string}\"},\"query-input\":{\"@type\":\"PropertyValueSpecification\",\"valueRequired\":true,\"valueName\":\"search_term_string\"}}],\"inLanguage\":\"pt-BR\"},{\"@type\":\"Organization\",\"@id\":\"https:\/\/uvbbrasil.com.br\/#organization\",\"name\":\"UVB Brasil\",\"url\":\"https:\/\/uvbbrasil.com.br\/\",\"logo\":{\"@type\":\"ImageObject\",\"inLanguage\":\"pt-BR\",\"@id\":\"https:\/\/uvbbrasil.com.br\/#\/schema\/logo\/image\/\",\"url\":\"https:\/\/uvbbrasil.com.br\/wp-content\/uploads\/2025\/01\/LOGO-UVB-2024-azul-1.jpg\",\"contentUrl\":\"https:\/\/uvbbrasil.com.br\/wp-content\/uploads\/2025\/01\/LOGO-UVB-2024-azul-1.jpg\",\"width\":600,\"height\":211,\"caption\":\"UVB Brasil\"},\"image\":{\"@id\":\"https:\/\/uvbbrasil.com.br\/#\/schema\/logo\/image\/\"},\"sameAs\":[\"https:\/\/www.facebook.com\/uvb.vereadoresbrasil\",\"https:\/\/www.instagram.com\/uvbbrasil\/\",\"https:\/\/www.youtube.com\/channel\/UCIlPQ8Xzw5GHNzosQIg9S5A\"]},{\"@type\":\"Person\",\"@id\":\"https:\/\/uvbbrasil.com.br\/#\/schema\/person\/17990098446c098f52effddff4f1b272\",\"name\":\"adminuvb\",\"image\":{\"@type\":\"ImageObject\",\"inLanguage\":\"pt-BR\",\"@id\":\"https:\/\/uvbbrasil.com.br\/#\/schema\/person\/image\/\",\"url\":\"https:\/\/secure.gravatar.com\/avatar\/1a494ea6f8e2dd1ae526e55b0e9497efdba542491e0620d704cccf63c6f77c45?s=96&d=mm&r=g\",\"contentUrl\":\"https:\/\/secure.gravatar.com\/avatar\/1a494ea6f8e2dd1ae526e55b0e9497efdba542491e0620d704cccf63c6f77c45?s=96&d=mm&r=g\",\"caption\":\"adminuvb\"},\"sameAs\":[\"https:\/\/uvbbrasil.com.br\"],\"url\":\"https:\/\/uvbbrasil.com.br\/author\/adminuvb\/\"}]}<\/script>\n<!-- \/ Yoast SEO plugin. -->","yoast_head_json":{"title":"UVB RE\u00daNE 15 ESTADOS PARA DEBATER PROCESSO ELEITORAL - UVB Brasil","robots":{"index":"index","follow":"follow","max-snippet":"max-snippet:-1","max-image-preview":"max-image-preview:large","max-video-preview":"max-video-preview:-1"},"canonical":"https:\/\/uvbbrasil.com.br\/uvb-reune-15-estados-para-debater-processo-eleitoral\/","og_locale":"pt_BR","og_type":"article","og_title":"UVB RE\u00daNE 15 ESTADOS PARA DEBATER PROCESSO ELEITORAL - UVB Brasil","og_description":"A Uni\u00e3o dos Vereadores do Brasil (UVB) marcou posi\u00e7\u00e3o para discutir elei\u00e7\u00f5es. Reuniu \u00a0em LIVE aberta para todo o pa\u00eds,...","og_url":"https:\/\/uvbbrasil.com.br\/uvb-reune-15-estados-para-debater-processo-eleitoral\/","og_site_name":"UVB Brasil","article_publisher":"https:\/\/www.facebook.com\/uvb.vereadoresbrasil","article_published_time":"2020-05-07T20:20:58+00:00","og_image":[{"width":1242,"height":987,"url":"https:\/\/uvbbrasil.com.br\/wp-content\/uploads\/2020\/05\/WhatsApp-Image-2020-05-07-at-16.12.04.jpeg","type":"image\/jpeg"}],"author":"adminuvb","twitter_card":"summary_large_image","twitter_misc":{"Escrito por":"adminuvb","Est. tempo de leitura":"2 minutos"},"schema":{"@context":"https:\/\/schema.org","@graph":[{"@type":"Article","@id":"https:\/\/uvbbrasil.com.br\/uvb-reune-15-estados-para-debater-processo-eleitoral\/#article","isPartOf":{"@id":"https:\/\/uvbbrasil.com.br\/uvb-reune-15-estados-para-debater-processo-eleitoral\/"},"author":{"name":"adminuvb","@id":"https:\/\/uvbbrasil.com.br\/#\/schema\/person\/17990098446c098f52effddff4f1b272"},"headline":"UVB RE\u00daNE 15 ESTADOS PARA DEBATER PROCESSO ELEITORAL","datePublished":"2020-05-07T20:20:58+00:00","mainEntityOfPage":{"@id":"https:\/\/uvbbrasil.com.br\/uvb-reune-15-estados-para-debater-processo-eleitoral\/"},"wordCount":496,"commentCount":0,"publisher":{"@id":"https:\/\/uvbbrasil.com.br\/#organization"},"image":{"@id":"https:\/\/uvbbrasil.com.br\/uvb-reune-15-estados-para-debater-processo-eleitoral\/#primaryimage"},"thumbnailUrl":"https:\/\/uvbbrasil.com.br\/wp-content\/uploads\/2020\/05\/WhatsApp-Image-2020-05-07-at-16.12.04.jpeg","articleSection":["NOT\u00cdCIAS","UVB"],"inLanguage":"pt-BR","potentialAction":[{"@type":"CommentAction","name":"Comment","target":["https:\/\/uvbbrasil.com.br\/uvb-reune-15-estados-para-debater-processo-eleitoral\/#respond"]}]},{"@type":"WebPage","@id":"https:\/\/uvbbrasil.com.br\/uvb-reune-15-estados-para-debater-processo-eleitoral\/","url":"https:\/\/uvbbrasil.com.br\/uvb-reune-15-estados-para-debater-processo-eleitoral\/","name":"UVB RE\u00daNE 15 ESTADOS PARA DEBATER PROCESSO ELEITORAL - UVB Brasil","isPartOf":{"@id":"https:\/\/uvbbrasil.com.br\/#website"},"primaryImageOfPage":{"@id":"https:\/\/uvbbrasil.com.br\/uvb-reune-15-estados-para-debater-processo-eleitoral\/#primaryimage"},"image":{"@id":"https:\/\/uvbbrasil.com.br\/uvb-reune-15-estados-para-debater-processo-eleitoral\/#primaryimage"},"thumbnailUrl":"https:\/\/uvbbrasil.com.br\/wp-content\/uploads\/2020\/05\/WhatsApp-Image-2020-05-07-at-16.12.04.jpeg","datePublished":"2020-05-07T20:20:58+00:00","breadcrumb":{"@id":"https:\/\/uvbbrasil.com.br\/uvb-reune-15-estados-para-debater-processo-eleitoral\/#breadcrumb"},"inLanguage":"pt-BR","potentialAction":[{"@type":"ReadAction","target":["https:\/\/uvbbrasil.com.br\/uvb-reune-15-estados-para-debater-processo-eleitoral\/"]}]},{"@type":"ImageObject","inLanguage":"pt-BR","@id":"https:\/\/uvbbrasil.com.br\/uvb-reune-15-estados-para-debater-processo-eleitoral\/#primaryimage","url":"https:\/\/uvbbrasil.com.br\/wp-content\/uploads\/2020\/05\/WhatsApp-Image-2020-05-07-at-16.12.04.jpeg","contentUrl":"https:\/\/uvbbrasil.com.br\/wp-content\/uploads\/2020\/05\/WhatsApp-Image-2020-05-07-at-16.12.04.jpeg","width":1242,"height":987},{"@type":"BreadcrumbList","@id":"https:\/\/uvbbrasil.com.br\/uvb-reune-15-estados-para-debater-processo-eleitoral\/#breadcrumb","itemListElement":[{"@type":"ListItem","position":1,"name":"In\u00edcio","item":"https:\/\/uvbbrasil.com.br\/"},{"@type":"ListItem","position":2,"name":"UVB RE\u00daNE 15 ESTADOS PARA DEBATER PROCESSO ELEITORAL"}]},{"@type":"WebSite","@id":"https:\/\/uvbbrasil.com.br\/#website","url":"https:\/\/uvbbrasil.com.br\/","name":"UVB Brasil","description":"Uni\u00e3o dos Vereadores do Brasil","publisher":{"@id":"https:\/\/uvbbrasil.com.br\/#organization"},"potentialAction":[{"@type":"SearchAction","target":{"@type":"EntryPoint","urlTemplate":"https:\/\/uvbbrasil.com.br\/?s={search_term_string}"},"query-input":{"@type":"PropertyValueSpecification","valueRequired":true,"valueName":"search_term_string"}}],"inLanguage":"pt-BR"},{"@type":"Organization","@id":"https:\/\/uvbbrasil.com.br\/#organization","name":"UVB Brasil","url":"https:\/\/uvbbrasil.com.br\/","logo":{"@type":"ImageObject","inLanguage":"pt-BR","@id":"https:\/\/uvbbrasil.com.br\/#\/schema\/logo\/image\/","url":"https:\/\/uvbbrasil.com.br\/wp-content\/uploads\/2025\/01\/LOGO-UVB-2024-azul-1.jpg","contentUrl":"https:\/\/uvbbrasil.com.br\/wp-content\/uploads\/2025\/01\/LOGO-UVB-2024-azul-1.jpg","width":600,"height":211,"caption":"UVB Brasil"},"image":{"@id":"https:\/\/uvbbrasil.com.br\/#\/schema\/logo\/image\/"},"sameAs":["https:\/\/www.facebook.com\/uvb.vereadoresbrasil","https:\/\/www.instagram.com\/uvbbrasil\/","https:\/\/www.youtube.com\/channel\/UCIlPQ8Xzw5GHNzosQIg9S5A"]},{"@type":"Person","@id":"https:\/\/uvbbrasil.com.br\/#\/schema\/person\/17990098446c098f52effddff4f1b272","name":"adminuvb","image":{"@type":"ImageObject","inLanguage":"pt-BR","@id":"https:\/\/uvbbrasil.com.br\/#\/schema\/person\/image\/","url":"https:\/\/secure.gravatar.com\/avatar\/1a494ea6f8e2dd1ae526e55b0e9497efdba542491e0620d704cccf63c6f77c45?s=96&d=mm&r=g","contentUrl":"https:\/\/secure.gravatar.com\/avatar\/1a494ea6f8e2dd1ae526e55b0e9497efdba542491e0620d704cccf63c6f77c45?s=96&d=mm&r=g","caption":"adminuvb"},"sameAs":["https:\/\/uvbbrasil.com.br"],"url":"https:\/\/uvbbrasil.com.br\/author\/adminuvb\/"}]}},"_links":{"self":[{"href":"https:\/\/uvbbrasil.com.br\/uvb-json\/wp\/v2\/posts\/18569","targetHints":{"allow":["GET"]}}],"collection":[{"href":"https:\/\/uvbbrasil.com.br\/uvb-json\/wp\/v2\/posts"}],"about":[{"href":"https:\/\/uvbbrasil.com.br\/uvb-json\/wp\/v2\/types\/post"}],"author":[{"embeddable":true,"href":"https:\/\/uvbbrasil.com.br\/uvb-json\/wp\/v2\/users\/1"}],"replies":[{"embeddable":true,"href":"https:\/\/uvbbrasil.com.br\/uvb-json\/wp\/v2\/comments?post=18569"}],"version-history":[{"count":0,"href":"https:\/\/uvbbrasil.com.br\/uvb-json\/wp\/v2\/posts\/18569\/revisions"}],"wp:featuredmedia":[{"embeddable":true,"href":"https:\/\/uvbbrasil.com.br\/uvb-json\/wp\/v2\/media\/18570"}],"wp:attachment":[{"href":"https:\/\/uvbbrasil.com.br\/uvb-json\/wp\/v2\/media?parent=18569"}],"wp:term":[{"taxonomy":"category","embeddable":true,"href":"https:\/\/uvbbrasil.com.br\/uvb-json\/wp\/v2\/categories?post=18569"},{"taxonomy":"post_tag","embeddable":true,"href":"https:\/\/uvbbrasil.com.br\/uvb-json\/wp\/v2\/tags?post=18569"}],"curies":[{"name":"wp","href":"https:\/\/api.w.org\/{rel}","templated":true}]}}