{"id":18565,"date":"2020-05-07T13:40:34","date_gmt":"2020-05-07T16:40:34","guid":{"rendered":"https:\/\/wpsandbox4.pante.com.br\/?p=18565"},"modified":"2020-05-07T13:40:34","modified_gmt":"2020-05-07T16:40:34","slug":"tse-responde-consulta-sobre-candidaturas-nas-eleicoes-municipais-2020","status":"publish","type":"post","link":"https:\/\/uvbbrasil.com.br\/tse-responde-consulta-sobre-candidaturas-nas-eleicoes-municipais-2020\/","title":{"rendered":"TSE responde consulta sobre candidaturas nas elei\u00e7\u00f5es municipais 2020"},"content":{"rendered":"<p>Ao responder consulta apresentada pelo partido Avante, durante a sess\u00e3o administrativa desta quinta-feira (7), realizada por videoconfer\u00eancia, o Plen\u00e1rio do Tribunal Superior Eleitoral (TSE) afirmou que os partidos n\u00e3o poder\u00e3o lan\u00e7ar o dobro de candidatos em rela\u00e7\u00e3o \u00e0s cadeiras dispon\u00edveis para as c\u00e2maras municipais nas Elei\u00e7\u00f5es 2020. A regra prevista no inciso II do artigo 10 da\u00a0<a href=\"http:\/\/www.tse.jus.br\/legislacao\/codigo-eleitoral\/lei-das-eleicoes\/lei-das-eleicoes-lei-nb0-9.504-de-30-de-setembro-de-1997\" target=\"_self\"><b>Lei n\u00ba 9.504\/1997<\/b><\/a>\u00a0previa que cada coliga\u00e7\u00e3o poderia registrar at\u00e9 200% do n\u00famero de lugares a preencher naqueles munic\u00edpios com at\u00e9 100 mil eleitores.<\/p>\n<p>Na consulta, o Avante questionou se, diante da extin\u00e7\u00e3o das coliga\u00e7\u00f5es, a mesma regra poderia ser aplicada aos partidos no pr\u00f3ximo pleito que vai eleger vereadores em todo o pa\u00eds.<\/p>\n<p>O relator, ministro Edson Fachin, respondeu negativamente \u00e0 consulta, sendo seguido pelos membros do Colegiado. Em seu voto, o magistrado considerou as altera\u00e7\u00f5es promovidas pela\u00a0<a title=\"\" href=\"http:\/\/www.planalto.gov.br\/ccivil_03\/constituicao\/Emendas\/Emc\/emc97.htm\" target=\"_self\"><b>Emenda Constitucional (EC) n\u00ba 97\/2017<\/b><\/a>, que extinguiu as coliga\u00e7\u00f5es das elei\u00e7\u00f5es proporcionais. Segundo ele, como o dispositivo tratava especificamente de coliga\u00e7\u00e3o, n\u00e3o h\u00e1 possibilidade de transportar a aplica\u00e7\u00e3o da mesma regra aos partidos.<a href=\"https:\/\/uvbbrasil.com.br\/?attachment_id=18566\" rel=\"attachment wp-att-18566\"><img fetchpriority=\"high\" decoding=\"async\" class=\"aligncenter size-full wp-image-18566\" src=\"https:\/\/uvbbrasil.com.br\/wp-content\/uploads\/2020\/05\/reponde.jpeg\" alt=\"\" width=\"543\" height=\"263\" srcset=\"https:\/\/uvbbrasil.com.br\/wp-content\/uploads\/2020\/05\/reponde.jpeg 543w, https:\/\/uvbbrasil.com.br\/wp-content\/uploads\/2020\/05\/reponde-300x145.jpeg 300w\" sizes=\"(max-width: 543px) 100vw, 543px\" \/><\/a><\/p>\n<p>&nbsp;<\/p>\n<p>fonte: http:\/\/www.tse.jus.br\/imprensa\/noticias-tse\/<\/p>\n","protected":false},"excerpt":{"rendered":"<p>Ao responder consulta apresentada pelo partido Avante, durante a sess\u00e3o administrativa desta quinta-feira (7), realizada por videoconfer\u00eancia, o Plen\u00e1rio do&#8230;<\/p>\n","protected":false},"author":1,"featured_media":18566,"comment_status":"open","ping_status":"open","sticky":false,"template":"","format":"standard","meta":{"footnotes":""},"categories":[3],"tags":[],"class_list":["post-18565","post","type-post","status-publish","format-standard","has-post-thumbnail","hentry","category-noticias"],"yoast_head":"<!-- This site is optimized with the Yoast SEO plugin v26.7 - https:\/\/yoast.com\/wordpress\/plugins\/seo\/ -->\n<title>TSE responde consulta sobre candidaturas nas elei\u00e7\u00f5es municipais 2020 - UVB Brasil<\/title>\n<meta name=\"robots\" content=\"index, follow, max-snippet:-1, max-image-preview:large, max-video-preview:-1\" \/>\n<link rel=\"canonical\" href=\"https:\/\/uvbbrasil.com.br\/tse-responde-consulta-sobre-candidaturas-nas-eleicoes-municipais-2020\/\" \/>\n<meta property=\"og:locale\" content=\"pt_BR\" \/>\n<meta property=\"og:type\" content=\"article\" \/>\n<meta property=\"og:title\" content=\"TSE responde consulta sobre candidaturas nas elei\u00e7\u00f5es municipais 2020 - UVB Brasil\" \/>\n<meta property=\"og:description\" content=\"Ao responder consulta apresentada pelo partido Avante, durante a sess\u00e3o administrativa desta quinta-feira (7), realizada por videoconfer\u00eancia, o Plen\u00e1rio do...\" \/>\n<meta property=\"og:url\" content=\"https:\/\/uvbbrasil.com.br\/tse-responde-consulta-sobre-candidaturas-nas-eleicoes-municipais-2020\/\" \/>\n<meta property=\"og:site_name\" content=\"UVB Brasil\" \/>\n<meta property=\"article:publisher\" content=\"https:\/\/www.facebook.com\/uvb.vereadoresbrasil\" \/>\n<meta property=\"article:published_time\" content=\"2020-05-07T16:40:34+00:00\" \/>\n<meta property=\"og:image\" content=\"https:\/\/uvbbrasil.com.br\/wp-content\/uploads\/2020\/05\/reponde.jpeg\" \/>\n\t<meta property=\"og:image:width\" content=\"543\" \/>\n\t<meta property=\"og:image:height\" content=\"263\" \/>\n\t<meta property=\"og:image:type\" content=\"image\/jpeg\" \/>\n<meta name=\"author\" content=\"adminuvb\" \/>\n<meta name=\"twitter:card\" content=\"summary_large_image\" \/>\n<meta name=\"twitter:label1\" content=\"Escrito por\" \/>\n\t<meta name=\"twitter:data1\" content=\"adminuvb\" \/>\n\t<meta name=\"twitter:label2\" content=\"Est. tempo de leitura\" \/>\n\t<meta name=\"twitter:data2\" content=\"1 minuto\" \/>\n<script type=\"application\/ld+json\" class=\"yoast-schema-graph\">{\"@context\":\"https:\/\/schema.org\",\"@graph\":[{\"@type\":\"Article\",\"@id\":\"https:\/\/uvbbrasil.com.br\/tse-responde-consulta-sobre-candidaturas-nas-eleicoes-municipais-2020\/#article\",\"isPartOf\":{\"@id\":\"https:\/\/uvbbrasil.com.br\/tse-responde-consulta-sobre-candidaturas-nas-eleicoes-municipais-2020\/\"},\"author\":{\"name\":\"adminuvb\",\"@id\":\"https:\/\/uvbbrasil.com.br\/#\/schema\/person\/17990098446c098f52effddff4f1b272\"},\"headline\":\"TSE responde consulta sobre candidaturas nas elei\u00e7\u00f5es municipais 2020\",\"datePublished\":\"2020-05-07T16:40:34+00:00\",\"mainEntityOfPage\":{\"@id\":\"https:\/\/uvbbrasil.com.br\/tse-responde-consulta-sobre-candidaturas-nas-eleicoes-municipais-2020\/\"},\"wordCount\":202,\"commentCount\":0,\"publisher\":{\"@id\":\"https:\/\/uvbbrasil.com.br\/#organization\"},\"image\":{\"@id\":\"https:\/\/uvbbrasil.com.br\/tse-responde-consulta-sobre-candidaturas-nas-eleicoes-municipais-2020\/#primaryimage\"},\"thumbnailUrl\":\"https:\/\/uvbbrasil.com.br\/wp-content\/uploads\/2020\/05\/reponde.jpeg\",\"articleSection\":[\"NOT\u00cdCIAS\"],\"inLanguage\":\"pt-BR\",\"potentialAction\":[{\"@type\":\"CommentAction\",\"name\":\"Comment\",\"target\":[\"https:\/\/uvbbrasil.com.br\/tse-responde-consulta-sobre-candidaturas-nas-eleicoes-municipais-2020\/#respond\"]}]},{\"@type\":\"WebPage\",\"@id\":\"https:\/\/uvbbrasil.com.br\/tse-responde-consulta-sobre-candidaturas-nas-eleicoes-municipais-2020\/\",\"url\":\"https:\/\/uvbbrasil.com.br\/tse-responde-consulta-sobre-candidaturas-nas-eleicoes-municipais-2020\/\",\"name\":\"TSE responde consulta sobre candidaturas nas elei\u00e7\u00f5es municipais 2020 - UVB Brasil\",\"isPartOf\":{\"@id\":\"https:\/\/uvbbrasil.com.br\/#website\"},\"primaryImageOfPage\":{\"@id\":\"https:\/\/uvbbrasil.com.br\/tse-responde-consulta-sobre-candidaturas-nas-eleicoes-municipais-2020\/#primaryimage\"},\"image\":{\"@id\":\"https:\/\/uvbbrasil.com.br\/tse-responde-consulta-sobre-candidaturas-nas-eleicoes-municipais-2020\/#primaryimage\"},\"thumbnailUrl\":\"https:\/\/uvbbrasil.com.br\/wp-content\/uploads\/2020\/05\/reponde.jpeg\",\"datePublished\":\"2020-05-07T16:40:34+00:00\",\"breadcrumb\":{\"@id\":\"https:\/\/uvbbrasil.com.br\/tse-responde-consulta-sobre-candidaturas-nas-eleicoes-municipais-2020\/#breadcrumb\"},\"inLanguage\":\"pt-BR\",\"potentialAction\":[{\"@type\":\"ReadAction\",\"target\":[\"https:\/\/uvbbrasil.com.br\/tse-responde-consulta-sobre-candidaturas-nas-eleicoes-municipais-2020\/\"]}]},{\"@type\":\"ImageObject\",\"inLanguage\":\"pt-BR\",\"@id\":\"https:\/\/uvbbrasil.com.br\/tse-responde-consulta-sobre-candidaturas-nas-eleicoes-municipais-2020\/#primaryimage\",\"url\":\"https:\/\/uvbbrasil.com.br\/wp-content\/uploads\/2020\/05\/reponde.jpeg\",\"contentUrl\":\"https:\/\/uvbbrasil.com.br\/wp-content\/uploads\/2020\/05\/reponde.jpeg\",\"width\":543,\"height\":263},{\"@type\":\"BreadcrumbList\",\"@id\":\"https:\/\/uvbbrasil.com.br\/tse-responde-consulta-sobre-candidaturas-nas-eleicoes-municipais-2020\/#breadcrumb\",\"itemListElement\":[{\"@type\":\"ListItem\",\"position\":1,\"name\":\"In\u00edcio\",\"item\":\"https:\/\/uvbbrasil.com.br\/\"},{\"@type\":\"ListItem\",\"position\":2,\"name\":\"TSE responde consulta sobre candidaturas nas elei\u00e7\u00f5es municipais 2020\"}]},{\"@type\":\"WebSite\",\"@id\":\"https:\/\/uvbbrasil.com.br\/#website\",\"url\":\"https:\/\/uvbbrasil.com.br\/\",\"name\":\"UVB Brasil\",\"description\":\"Uni\u00e3o dos Vereadores do Brasil\",\"publisher\":{\"@id\":\"https:\/\/uvbbrasil.com.br\/#organization\"},\"potentialAction\":[{\"@type\":\"SearchAction\",\"target\":{\"@type\":\"EntryPoint\",\"urlTemplate\":\"https:\/\/uvbbrasil.com.br\/?s={search_term_string}\"},\"query-input\":{\"@type\":\"PropertyValueSpecification\",\"valueRequired\":true,\"valueName\":\"search_term_string\"}}],\"inLanguage\":\"pt-BR\"},{\"@type\":\"Organization\",\"@id\":\"https:\/\/uvbbrasil.com.br\/#organization\",\"name\":\"UVB Brasil\",\"url\":\"https:\/\/uvbbrasil.com.br\/\",\"logo\":{\"@type\":\"ImageObject\",\"inLanguage\":\"pt-BR\",\"@id\":\"https:\/\/uvbbrasil.com.br\/#\/schema\/logo\/image\/\",\"url\":\"https:\/\/uvbbrasil.com.br\/wp-content\/uploads\/2025\/01\/LOGO-UVB-2024-azul-1.jpg\",\"contentUrl\":\"https:\/\/uvbbrasil.com.br\/wp-content\/uploads\/2025\/01\/LOGO-UVB-2024-azul-1.jpg\",\"width\":600,\"height\":211,\"caption\":\"UVB Brasil\"},\"image\":{\"@id\":\"https:\/\/uvbbrasil.com.br\/#\/schema\/logo\/image\/\"},\"sameAs\":[\"https:\/\/www.facebook.com\/uvb.vereadoresbrasil\",\"https:\/\/www.instagram.com\/uvbbrasil\/\",\"https:\/\/www.youtube.com\/channel\/UCIlPQ8Xzw5GHNzosQIg9S5A\"]},{\"@type\":\"Person\",\"@id\":\"https:\/\/uvbbrasil.com.br\/#\/schema\/person\/17990098446c098f52effddff4f1b272\",\"name\":\"adminuvb\",\"image\":{\"@type\":\"ImageObject\",\"inLanguage\":\"pt-BR\",\"@id\":\"https:\/\/uvbbrasil.com.br\/#\/schema\/person\/image\/\",\"url\":\"https:\/\/secure.gravatar.com\/avatar\/1a494ea6f8e2dd1ae526e55b0e9497efdba542491e0620d704cccf63c6f77c45?s=96&d=mm&r=g\",\"contentUrl\":\"https:\/\/secure.gravatar.com\/avatar\/1a494ea6f8e2dd1ae526e55b0e9497efdba542491e0620d704cccf63c6f77c45?s=96&d=mm&r=g\",\"caption\":\"adminuvb\"},\"sameAs\":[\"https:\/\/uvbbrasil.com.br\"],\"url\":\"https:\/\/uvbbrasil.com.br\/author\/adminuvb\/\"}]}<\/script>\n<!-- \/ Yoast SEO plugin. -->","yoast_head_json":{"title":"TSE responde consulta sobre candidaturas nas elei\u00e7\u00f5es municipais 2020 - UVB Brasil","robots":{"index":"index","follow":"follow","max-snippet":"max-snippet:-1","max-image-preview":"max-image-preview:large","max-video-preview":"max-video-preview:-1"},"canonical":"https:\/\/uvbbrasil.com.br\/tse-responde-consulta-sobre-candidaturas-nas-eleicoes-municipais-2020\/","og_locale":"pt_BR","og_type":"article","og_title":"TSE responde consulta sobre candidaturas nas elei\u00e7\u00f5es municipais 2020 - UVB Brasil","og_description":"Ao responder consulta apresentada pelo partido Avante, durante a sess\u00e3o administrativa desta quinta-feira (7), realizada por videoconfer\u00eancia, o Plen\u00e1rio do...","og_url":"https:\/\/uvbbrasil.com.br\/tse-responde-consulta-sobre-candidaturas-nas-eleicoes-municipais-2020\/","og_site_name":"UVB Brasil","article_publisher":"https:\/\/www.facebook.com\/uvb.vereadoresbrasil","article_published_time":"2020-05-07T16:40:34+00:00","og_image":[{"width":543,"height":263,"url":"https:\/\/uvbbrasil.com.br\/wp-content\/uploads\/2020\/05\/reponde.jpeg","type":"image\/jpeg"}],"author":"adminuvb","twitter_card":"summary_large_image","twitter_misc":{"Escrito por":"adminuvb","Est. tempo de leitura":"1 minuto"},"schema":{"@context":"https:\/\/schema.org","@graph":[{"@type":"Article","@id":"https:\/\/uvbbrasil.com.br\/tse-responde-consulta-sobre-candidaturas-nas-eleicoes-municipais-2020\/#article","isPartOf":{"@id":"https:\/\/uvbbrasil.com.br\/tse-responde-consulta-sobre-candidaturas-nas-eleicoes-municipais-2020\/"},"author":{"name":"adminuvb","@id":"https:\/\/uvbbrasil.com.br\/#\/schema\/person\/17990098446c098f52effddff4f1b272"},"headline":"TSE responde consulta sobre candidaturas nas elei\u00e7\u00f5es municipais 2020","datePublished":"2020-05-07T16:40:34+00:00","mainEntityOfPage":{"@id":"https:\/\/uvbbrasil.com.br\/tse-responde-consulta-sobre-candidaturas-nas-eleicoes-municipais-2020\/"},"wordCount":202,"commentCount":0,"publisher":{"@id":"https:\/\/uvbbrasil.com.br\/#organization"},"image":{"@id":"https:\/\/uvbbrasil.com.br\/tse-responde-consulta-sobre-candidaturas-nas-eleicoes-municipais-2020\/#primaryimage"},"thumbnailUrl":"https:\/\/uvbbrasil.com.br\/wp-content\/uploads\/2020\/05\/reponde.jpeg","articleSection":["NOT\u00cdCIAS"],"inLanguage":"pt-BR","potentialAction":[{"@type":"CommentAction","name":"Comment","target":["https:\/\/uvbbrasil.com.br\/tse-responde-consulta-sobre-candidaturas-nas-eleicoes-municipais-2020\/#respond"]}]},{"@type":"WebPage","@id":"https:\/\/uvbbrasil.com.br\/tse-responde-consulta-sobre-candidaturas-nas-eleicoes-municipais-2020\/","url":"https:\/\/uvbbrasil.com.br\/tse-responde-consulta-sobre-candidaturas-nas-eleicoes-municipais-2020\/","name":"TSE responde consulta sobre candidaturas nas elei\u00e7\u00f5es municipais 2020 - UVB Brasil","isPartOf":{"@id":"https:\/\/uvbbrasil.com.br\/#website"},"primaryImageOfPage":{"@id":"https:\/\/uvbbrasil.com.br\/tse-responde-consulta-sobre-candidaturas-nas-eleicoes-municipais-2020\/#primaryimage"},"image":{"@id":"https:\/\/uvbbrasil.com.br\/tse-responde-consulta-sobre-candidaturas-nas-eleicoes-municipais-2020\/#primaryimage"},"thumbnailUrl":"https:\/\/uvbbrasil.com.br\/wp-content\/uploads\/2020\/05\/reponde.jpeg","datePublished":"2020-05-07T16:40:34+00:00","breadcrumb":{"@id":"https:\/\/uvbbrasil.com.br\/tse-responde-consulta-sobre-candidaturas-nas-eleicoes-municipais-2020\/#breadcrumb"},"inLanguage":"pt-BR","potentialAction":[{"@type":"ReadAction","target":["https:\/\/uvbbrasil.com.br\/tse-responde-consulta-sobre-candidaturas-nas-eleicoes-municipais-2020\/"]}]},{"@type":"ImageObject","inLanguage":"pt-BR","@id":"https:\/\/uvbbrasil.com.br\/tse-responde-consulta-sobre-candidaturas-nas-eleicoes-municipais-2020\/#primaryimage","url":"https:\/\/uvbbrasil.com.br\/wp-content\/uploads\/2020\/05\/reponde.jpeg","contentUrl":"https:\/\/uvbbrasil.com.br\/wp-content\/uploads\/2020\/05\/reponde.jpeg","width":543,"height":263},{"@type":"BreadcrumbList","@id":"https:\/\/uvbbrasil.com.br\/tse-responde-consulta-sobre-candidaturas-nas-eleicoes-municipais-2020\/#breadcrumb","itemListElement":[{"@type":"ListItem","position":1,"name":"In\u00edcio","item":"https:\/\/uvbbrasil.com.br\/"},{"@type":"ListItem","position":2,"name":"TSE responde consulta sobre candidaturas nas elei\u00e7\u00f5es municipais 2020"}]},{"@type":"WebSite","@id":"https:\/\/uvbbrasil.com.br\/#website","url":"https:\/\/uvbbrasil.com.br\/","name":"UVB Brasil","description":"Uni\u00e3o dos Vereadores do Brasil","publisher":{"@id":"https:\/\/uvbbrasil.com.br\/#organization"},"potentialAction":[{"@type":"SearchAction","target":{"@type":"EntryPoint","urlTemplate":"https:\/\/uvbbrasil.com.br\/?s={search_term_string}"},"query-input":{"@type":"PropertyValueSpecification","valueRequired":true,"valueName":"search_term_string"}}],"inLanguage":"pt-BR"},{"@type":"Organization","@id":"https:\/\/uvbbrasil.com.br\/#organization","name":"UVB Brasil","url":"https:\/\/uvbbrasil.com.br\/","logo":{"@type":"ImageObject","inLanguage":"pt-BR","@id":"https:\/\/uvbbrasil.com.br\/#\/schema\/logo\/image\/","url":"https:\/\/uvbbrasil.com.br\/wp-content\/uploads\/2025\/01\/LOGO-UVB-2024-azul-1.jpg","contentUrl":"https:\/\/uvbbrasil.com.br\/wp-content\/uploads\/2025\/01\/LOGO-UVB-2024-azul-1.jpg","width":600,"height":211,"caption":"UVB Brasil"},"image":{"@id":"https:\/\/uvbbrasil.com.br\/#\/schema\/logo\/image\/"},"sameAs":["https:\/\/www.facebook.com\/uvb.vereadoresbrasil","https:\/\/www.instagram.com\/uvbbrasil\/","https:\/\/www.youtube.com\/channel\/UCIlPQ8Xzw5GHNzosQIg9S5A"]},{"@type":"Person","@id":"https:\/\/uvbbrasil.com.br\/#\/schema\/person\/17990098446c098f52effddff4f1b272","name":"adminuvb","image":{"@type":"ImageObject","inLanguage":"pt-BR","@id":"https:\/\/uvbbrasil.com.br\/#\/schema\/person\/image\/","url":"https:\/\/secure.gravatar.com\/avatar\/1a494ea6f8e2dd1ae526e55b0e9497efdba542491e0620d704cccf63c6f77c45?s=96&d=mm&r=g","contentUrl":"https:\/\/secure.gravatar.com\/avatar\/1a494ea6f8e2dd1ae526e55b0e9497efdba542491e0620d704cccf63c6f77c45?s=96&d=mm&r=g","caption":"adminuvb"},"sameAs":["https:\/\/uvbbrasil.com.br"],"url":"https:\/\/uvbbrasil.com.br\/author\/adminuvb\/"}]}},"_links":{"self":[{"href":"https:\/\/uvbbrasil.com.br\/uvb-json\/wp\/v2\/posts\/18565","targetHints":{"allow":["GET"]}}],"collection":[{"href":"https:\/\/uvbbrasil.com.br\/uvb-json\/wp\/v2\/posts"}],"about":[{"href":"https:\/\/uvbbrasil.com.br\/uvb-json\/wp\/v2\/types\/post"}],"author":[{"embeddable":true,"href":"https:\/\/uvbbrasil.com.br\/uvb-json\/wp\/v2\/users\/1"}],"replies":[{"embeddable":true,"href":"https:\/\/uvbbrasil.com.br\/uvb-json\/wp\/v2\/comments?post=18565"}],"version-history":[{"count":0,"href":"https:\/\/uvbbrasil.com.br\/uvb-json\/wp\/v2\/posts\/18565\/revisions"}],"wp:featuredmedia":[{"embeddable":true,"href":"https:\/\/uvbbrasil.com.br\/uvb-json\/wp\/v2\/media\/18566"}],"wp:attachment":[{"href":"https:\/\/uvbbrasil.com.br\/uvb-json\/wp\/v2\/media?parent=18565"}],"wp:term":[{"taxonomy":"category","embeddable":true,"href":"https:\/\/uvbbrasil.com.br\/uvb-json\/wp\/v2\/categories?post=18565"},{"taxonomy":"post_tag","embeddable":true,"href":"https:\/\/uvbbrasil.com.br\/uvb-json\/wp\/v2\/tags?post=18565"}],"curies":[{"name":"wp","href":"https:\/\/api.w.org\/{rel}","templated":true}]}}