{"id":18526,"date":"2020-04-23T09:12:14","date_gmt":"2020-04-23T12:12:14","guid":{"rendered":"https:\/\/wpsandbox4.pante.com.br\/?p=18526"},"modified":"2020-04-23T09:12:14","modified_gmt":"2020-04-23T12:12:14","slug":"presidente-da-uvb-realiza-live-com-os-temas-fundo-eleitoral-partidario-e-eleicoes-de-2020","status":"publish","type":"post","link":"https:\/\/uvbbrasil.com.br\/presidente-da-uvb-realiza-live-com-os-temas-fundo-eleitoral-partidario-e-eleicoes-de-2020\/","title":{"rendered":"Presidente da UVB realizou live com os temas fundo eleitoral e elei\u00e7\u00f5es de 2020"},"content":{"rendered":"<p>O presidente da Uni\u00e3o dos Vereadores do Brasil-UVB, Gilson Conzatti , realizou\u00a0 na quarta feira (22) a segunda live ao vivo no perfil da entidade no facebook, a \u00a0transmiss\u00e3o aconteceu no cen\u00e1rio do hotel Ira\u00ed, na cidade de Ira\u00ed-RS.<\/p>\n<p>Gilson Conzatti,\u00a0 iniciou a live com o tema fundo eleitoral, onde apresentou o posicionamento da entidade, uma quest\u00e3o que a UVB \u00e9 totalmente contra, sendo que tomou posi\u00e7\u00e3o em novembro de 2018, ap\u00f3s as elei\u00e7\u00f5es estaduais e federal. Na oportunidade a UVB reuniu em Bras\u00edlia, os vereadores candidatos a elei\u00e7\u00e3o de deputado, tanto estaduais e como federais, onde foi constatado que a distribui\u00e7\u00e3o dos recursos do Fundo Eleitoral, s\u00e3o desproporcionais e a crit\u00e9rio das executivas partid\u00e1rias, uma vez que poucos viram esta verba fundo partid\u00e1rio criado em 2017. Conzatti manifestou que em\u00a0abril de 2019, durante a macha dos vereadores, foi recebido, acompanhado dos representantes das entidades estaduais, pelo presidente da C\u00e2mara dos Deputados, Rodrigo Maia, onde trataram do funcionamento do fundo, que na avalia\u00e7\u00e3o dos vereadores, precisava ter um equil\u00edbrio e uma igualdade entre as campanhas. Maia foi enf\u00e1tico ao dizer que quem define o crit\u00e9rio de distribui\u00e7\u00e3o do fundo Eleitoral \u00e9 a dire\u00e7\u00e3o de\u00a0cada partido.\u00a0Para Conzatti, o\u00a0financiamento \u00a0p\u00fablico das campanhas que foi uma engana\u00e7\u00e3o para a popula\u00e7\u00e3o que paga a conta, porque esse \u00a0dinheiro do Fundo\u00a0eleitoral\u00a0\u00e9 direcionado para os presidentes de partidos a n\u00edvel nacional que definem quem vai receber e o valor, ou seja, n\u00e3o existe um equil\u00edbrio, alguns ganham mais e outro muito menos, ent\u00e3o a ideia que se formou o Fundo\u00a0Eleitoral, eliminando a doa\u00e7\u00e3o de dinheiro da\u00a0iniciativa privada nas campanhas seria para igualar as elei\u00e7\u00f5es e n\u00e3o foi o que aconteceu, al\u00e9m de ajudar os poucos com muito dinheiro,\u00a0 a popula\u00e7\u00e3o acha que todo mundo ganhou igual e equilibrou as elei\u00e7\u00f5es, o que n\u00e3o \u00e9 verdade, concluiu.<\/p>\n<p>Por este motivo a Uni\u00e3o dos Vereadores do Brasil\u00a0 -UVB \u00e9 totalmente contra o Fundo\u00a0 Eleitoral, a UVB j\u00e1 brigou e tentou inverter esse quadro e n\u00e3o conseguiu e agora sabe que a decis\u00e3o \u00e9 dos presidentes dos partidos, ou seja os dirigentes partid\u00e1rios que administram esse dinheiro, por isso\u00a0 se torna complicado e agora para as elei\u00e7\u00f5es de 2020 mais de 2 bilh\u00f5es de reais, Conzatti\u00a0 questiona os vereadores e vereadoras se este dinheiro ir\u00e1 chegar aos munic\u00edpios\u00a0abaixo de 50 mil habitantes, dinheiro este que a popula\u00e7\u00e3o esta pagando e vai continuar saindo do or\u00e7amento da uni\u00e3o, e neste momento de pandemia da COVID-19 no pais\u00a0 com o governo distribuindo dinheiro de varias formas para muitas pessoas, \u00a0o com\u00e9rcio paralisado, a ind\u00fastria paralisada, a economia paralisada e para irmos para uma elei\u00e7\u00e3o, e tirar o dinheiro que poderia ser destinado para a sa\u00fade, educa\u00e7\u00e3o e \u00a0para o desenvolvimento.<\/p>\n<p>A UVB \u00e9 contraria ao Fundo Eleitoral, pois acredita que nesse momento em que o pais passa, a verba teria que ser destinada para a sa\u00fade, para as a\u00e7\u00f5es de monitoramento do COVID-19 e para as a\u00e7\u00f5es dos munic\u00edpios para buscar desenvolvimento, pois com a crise\u00a0 ir\u00e3o perde muita receita, essa \u00e9 a \u00a0vis\u00e3o da Uni\u00e3o dos vereadores do Brasil-UVB, encerrar o Fundo Eleitoral.<\/p>\n<p>Em rela\u00e7\u00e3o as elei\u00e7\u00f5es de 2020, Conzatti, questionou a posi\u00e7\u00e3o do Tribunal Superior Eleitoral(TSE)\u00a0 sobre a realiza\u00e7\u00e3o de uma elei\u00e7\u00e3o virtual de como\u00a0 os candidatos ir\u00e3o apresentar\u00a0 as conven\u00e7\u00f5es e manifesta\u00e7\u00f5es \u00a0devido as recomenda\u00e7\u00e3o para que n\u00e3o haja \u00a0aglomera\u00e7\u00f5es , somente campanha\u00a0 virtual? Como o candidato vai levar as proposta e ideias para os eleitores. N\u00e3o queremos ganhar dois anos de mandato, queremos \u00e9 salvar nossos munic\u00edpios, pois a crise vai se espalhar por alguns meses a dificuldade que ser\u00e1 as elei\u00e7\u00f5es de 2020 afirmou Conzatti.<\/p>\n<p>A posi\u00e7\u00e3o da UVB \u00e9 para n\u00e3o ter as elei\u00e7\u00f5es em outubro e questionar\u00a0 a justi\u00e7a eleitoral brasileira e o Congresso Nacional,\u00a0 que quem vai colocar o p\u00e9 na estrada \u00e9 o candidato a vereador, candidato a prefeito, candidato a vice prefeito\u00a0 e para isso \u00e9 preciso de tempo para levar as propostas que \u00e9 a ess\u00eancia da democracia representativa, sem esse tempo o candidato ser\u00e1 prejudicado e muito prejudicado ser\u00e1 o eleitor, que poder\u00e1 n\u00e3o ter acesso total em quem estaria nesta disputa. Conzatti colocou ainda um desafio ao poder legislativo, que ao apresentar uma proposta para as elei\u00e7\u00f5es de 2022, que as c\u00e2maras diminuissem seus or\u00e7amentos entre 15%\u00a0a 25%, com isso dar\u00edamos a nossa contribui\u00e7\u00e3o para com o pa\u00eds. Isso \u00e9 praticar a boa pol\u00edtica, pois muito se fala em mudar a politica, Conzatti n\u00e3o concorda com o termo nova ou velha politica e sim em avan\u00e7ar e mudar com atitudes, independente de n\u00famero de mandatos os de idade do pol\u00edtico. na avalia\u00e7\u00e3o de Conzatti, temos que mudar a politica com atitude colocando em pr\u00e1tica a\u00e7\u00f5es positivas e levando-as para discutir com \u00a0a popula\u00e7\u00e3o.\u00a0<a href=\"https:\/\/uvbbrasil.com.br\/?attachment_id=18527\" rel=\"attachment wp-att-18527\"><img fetchpriority=\"high\" decoding=\"async\" class=\"aligncenter size-full wp-image-18527\" src=\"https:\/\/uvbbrasil.com.br\/wp-content\/uploads\/2020\/05\/WhatsApp-Image-2020-05-03-at-22.12.02-1.jpeg\" alt=\"\" width=\"720\" height=\"411\" srcset=\"https:\/\/uvbbrasil.com.br\/wp-content\/uploads\/2020\/05\/WhatsApp-Image-2020-05-03-at-22.12.02-1.jpeg 720w, https:\/\/uvbbrasil.com.br\/wp-content\/uploads\/2020\/05\/WhatsApp-Image-2020-05-03-at-22.12.02-1-300x171.jpeg 300w\" sizes=\"(max-width: 720px) 100vw, 720px\" \/><\/a><\/p>\n","protected":false},"excerpt":{"rendered":"<p>O presidente da Uni\u00e3o dos Vereadores do Brasil-UVB, Gilson Conzatti , realizou\u00a0 na quarta feira (22) a segunda live ao&#8230;<\/p>\n","protected":false},"author":1,"featured_media":18527,"comment_status":"open","ping_status":"open","sticky":false,"template":"","format":"standard","meta":{"footnotes":""},"categories":[3,4],"tags":[],"class_list":["post-18526","post","type-post","status-publish","format-standard","has-post-thumbnail","hentry","category-noticias","category-home"],"yoast_head":"<!-- This site is optimized with the Yoast SEO plugin v26.7 - https:\/\/yoast.com\/wordpress\/plugins\/seo\/ -->\n<title>Presidente da UVB realizou live com os temas fundo eleitoral e elei\u00e7\u00f5es de 2020 - UVB Brasil<\/title>\n<meta name=\"robots\" content=\"index, follow, max-snippet:-1, max-image-preview:large, max-video-preview:-1\" \/>\n<link rel=\"canonical\" href=\"https:\/\/uvbbrasil.com.br\/presidente-da-uvb-realiza-live-com-os-temas-fundo-eleitoral-partidario-e-eleicoes-de-2020\/\" \/>\n<meta property=\"og:locale\" content=\"pt_BR\" \/>\n<meta property=\"og:type\" content=\"article\" \/>\n<meta property=\"og:title\" content=\"Presidente da UVB realizou live com os temas fundo eleitoral e elei\u00e7\u00f5es de 2020 - UVB Brasil\" \/>\n<meta property=\"og:description\" content=\"O presidente da Uni\u00e3o dos Vereadores do Brasil-UVB, Gilson Conzatti , realizou\u00a0 na quarta feira (22) a segunda live ao...\" \/>\n<meta property=\"og:url\" content=\"https:\/\/uvbbrasil.com.br\/presidente-da-uvb-realiza-live-com-os-temas-fundo-eleitoral-partidario-e-eleicoes-de-2020\/\" \/>\n<meta property=\"og:site_name\" content=\"UVB Brasil\" \/>\n<meta property=\"article:publisher\" content=\"https:\/\/www.facebook.com\/uvb.vereadoresbrasil\" \/>\n<meta property=\"article:published_time\" content=\"2020-04-23T12:12:14+00:00\" \/>\n<meta property=\"og:image\" content=\"https:\/\/uvbbrasil.com.br\/wp-content\/uploads\/2020\/05\/WhatsApp-Image-2020-05-03-at-22.12.02-1.jpeg\" \/>\n\t<meta property=\"og:image:width\" content=\"720\" \/>\n\t<meta property=\"og:image:height\" content=\"411\" \/>\n\t<meta property=\"og:image:type\" content=\"image\/jpeg\" \/>\n<meta name=\"author\" content=\"adminuvb\" \/>\n<meta name=\"twitter:card\" content=\"summary_large_image\" \/>\n<meta name=\"twitter:label1\" content=\"Escrito por\" \/>\n\t<meta name=\"twitter:data1\" content=\"adminuvb\" \/>\n\t<meta name=\"twitter:label2\" content=\"Est. tempo de leitura\" \/>\n\t<meta name=\"twitter:data2\" content=\"4 minutos\" \/>\n<script type=\"application\/ld+json\" class=\"yoast-schema-graph\">{\"@context\":\"https:\/\/schema.org\",\"@graph\":[{\"@type\":\"Article\",\"@id\":\"https:\/\/uvbbrasil.com.br\/presidente-da-uvb-realiza-live-com-os-temas-fundo-eleitoral-partidario-e-eleicoes-de-2020\/#article\",\"isPartOf\":{\"@id\":\"https:\/\/uvbbrasil.com.br\/presidente-da-uvb-realiza-live-com-os-temas-fundo-eleitoral-partidario-e-eleicoes-de-2020\/\"},\"author\":{\"name\":\"adminuvb\",\"@id\":\"https:\/\/uvbbrasil.com.br\/#\/schema\/person\/17990098446c098f52effddff4f1b272\"},\"headline\":\"Presidente da UVB realizou live com os temas fundo eleitoral e elei\u00e7\u00f5es de 2020\",\"datePublished\":\"2020-04-23T12:12:14+00:00\",\"mainEntityOfPage\":{\"@id\":\"https:\/\/uvbbrasil.com.br\/presidente-da-uvb-realiza-live-com-os-temas-fundo-eleitoral-partidario-e-eleicoes-de-2020\/\"},\"wordCount\":875,\"commentCount\":0,\"publisher\":{\"@id\":\"https:\/\/uvbbrasil.com.br\/#organization\"},\"image\":{\"@id\":\"https:\/\/uvbbrasil.com.br\/presidente-da-uvb-realiza-live-com-os-temas-fundo-eleitoral-partidario-e-eleicoes-de-2020\/#primaryimage\"},\"thumbnailUrl\":\"https:\/\/uvbbrasil.com.br\/wp-content\/uploads\/2020\/05\/WhatsApp-Image-2020-05-03-at-22.12.02-1.jpeg\",\"articleSection\":[\"NOT\u00cdCIAS\",\"UVB\"],\"inLanguage\":\"pt-BR\",\"potentialAction\":[{\"@type\":\"CommentAction\",\"name\":\"Comment\",\"target\":[\"https:\/\/uvbbrasil.com.br\/presidente-da-uvb-realiza-live-com-os-temas-fundo-eleitoral-partidario-e-eleicoes-de-2020\/#respond\"]}]},{\"@type\":\"WebPage\",\"@id\":\"https:\/\/uvbbrasil.com.br\/presidente-da-uvb-realiza-live-com-os-temas-fundo-eleitoral-partidario-e-eleicoes-de-2020\/\",\"url\":\"https:\/\/uvbbrasil.com.br\/presidente-da-uvb-realiza-live-com-os-temas-fundo-eleitoral-partidario-e-eleicoes-de-2020\/\",\"name\":\"Presidente da UVB realizou live com os temas fundo eleitoral e elei\u00e7\u00f5es de 2020 - UVB Brasil\",\"isPartOf\":{\"@id\":\"https:\/\/uvbbrasil.com.br\/#website\"},\"primaryImageOfPage\":{\"@id\":\"https:\/\/uvbbrasil.com.br\/presidente-da-uvb-realiza-live-com-os-temas-fundo-eleitoral-partidario-e-eleicoes-de-2020\/#primaryimage\"},\"image\":{\"@id\":\"https:\/\/uvbbrasil.com.br\/presidente-da-uvb-realiza-live-com-os-temas-fundo-eleitoral-partidario-e-eleicoes-de-2020\/#primaryimage\"},\"thumbnailUrl\":\"https:\/\/uvbbrasil.com.br\/wp-content\/uploads\/2020\/05\/WhatsApp-Image-2020-05-03-at-22.12.02-1.jpeg\",\"datePublished\":\"2020-04-23T12:12:14+00:00\",\"breadcrumb\":{\"@id\":\"https:\/\/uvbbrasil.com.br\/presidente-da-uvb-realiza-live-com-os-temas-fundo-eleitoral-partidario-e-eleicoes-de-2020\/#breadcrumb\"},\"inLanguage\":\"pt-BR\",\"potentialAction\":[{\"@type\":\"ReadAction\",\"target\":[\"https:\/\/uvbbrasil.com.br\/presidente-da-uvb-realiza-live-com-os-temas-fundo-eleitoral-partidario-e-eleicoes-de-2020\/\"]}]},{\"@type\":\"ImageObject\",\"inLanguage\":\"pt-BR\",\"@id\":\"https:\/\/uvbbrasil.com.br\/presidente-da-uvb-realiza-live-com-os-temas-fundo-eleitoral-partidario-e-eleicoes-de-2020\/#primaryimage\",\"url\":\"https:\/\/uvbbrasil.com.br\/wp-content\/uploads\/2020\/05\/WhatsApp-Image-2020-05-03-at-22.12.02-1.jpeg\",\"contentUrl\":\"https:\/\/uvbbrasil.com.br\/wp-content\/uploads\/2020\/05\/WhatsApp-Image-2020-05-03-at-22.12.02-1.jpeg\",\"width\":720,\"height\":411},{\"@type\":\"BreadcrumbList\",\"@id\":\"https:\/\/uvbbrasil.com.br\/presidente-da-uvb-realiza-live-com-os-temas-fundo-eleitoral-partidario-e-eleicoes-de-2020\/#breadcrumb\",\"itemListElement\":[{\"@type\":\"ListItem\",\"position\":1,\"name\":\"In\u00edcio\",\"item\":\"https:\/\/uvbbrasil.com.br\/\"},{\"@type\":\"ListItem\",\"position\":2,\"name\":\"Presidente da UVB realizou live com os temas fundo eleitoral e elei\u00e7\u00f5es de 2020\"}]},{\"@type\":\"WebSite\",\"@id\":\"https:\/\/uvbbrasil.com.br\/#website\",\"url\":\"https:\/\/uvbbrasil.com.br\/\",\"name\":\"UVB Brasil\",\"description\":\"Uni\u00e3o dos Vereadores do Brasil\",\"publisher\":{\"@id\":\"https:\/\/uvbbrasil.com.br\/#organization\"},\"potentialAction\":[{\"@type\":\"SearchAction\",\"target\":{\"@type\":\"EntryPoint\",\"urlTemplate\":\"https:\/\/uvbbrasil.com.br\/?s={search_term_string}\"},\"query-input\":{\"@type\":\"PropertyValueSpecification\",\"valueRequired\":true,\"valueName\":\"search_term_string\"}}],\"inLanguage\":\"pt-BR\"},{\"@type\":\"Organization\",\"@id\":\"https:\/\/uvbbrasil.com.br\/#organization\",\"name\":\"UVB Brasil\",\"url\":\"https:\/\/uvbbrasil.com.br\/\",\"logo\":{\"@type\":\"ImageObject\",\"inLanguage\":\"pt-BR\",\"@id\":\"https:\/\/uvbbrasil.com.br\/#\/schema\/logo\/image\/\",\"url\":\"https:\/\/uvbbrasil.com.br\/wp-content\/uploads\/2025\/01\/LOGO-UVB-2024-azul-1.jpg\",\"contentUrl\":\"https:\/\/uvbbrasil.com.br\/wp-content\/uploads\/2025\/01\/LOGO-UVB-2024-azul-1.jpg\",\"width\":600,\"height\":211,\"caption\":\"UVB Brasil\"},\"image\":{\"@id\":\"https:\/\/uvbbrasil.com.br\/#\/schema\/logo\/image\/\"},\"sameAs\":[\"https:\/\/www.facebook.com\/uvb.vereadoresbrasil\",\"https:\/\/www.instagram.com\/uvbbrasil\/\",\"https:\/\/www.youtube.com\/channel\/UCIlPQ8Xzw5GHNzosQIg9S5A\"]},{\"@type\":\"Person\",\"@id\":\"https:\/\/uvbbrasil.com.br\/#\/schema\/person\/17990098446c098f52effddff4f1b272\",\"name\":\"adminuvb\",\"image\":{\"@type\":\"ImageObject\",\"inLanguage\":\"pt-BR\",\"@id\":\"https:\/\/uvbbrasil.com.br\/#\/schema\/person\/image\/\",\"url\":\"https:\/\/secure.gravatar.com\/avatar\/1a494ea6f8e2dd1ae526e55b0e9497efdba542491e0620d704cccf63c6f77c45?s=96&d=mm&r=g\",\"contentUrl\":\"https:\/\/secure.gravatar.com\/avatar\/1a494ea6f8e2dd1ae526e55b0e9497efdba542491e0620d704cccf63c6f77c45?s=96&d=mm&r=g\",\"caption\":\"adminuvb\"},\"sameAs\":[\"https:\/\/uvbbrasil.com.br\"],\"url\":\"https:\/\/uvbbrasil.com.br\/author\/adminuvb\/\"}]}<\/script>\n<!-- \/ Yoast SEO plugin. -->","yoast_head_json":{"title":"Presidente da UVB realizou live com os temas fundo eleitoral e elei\u00e7\u00f5es de 2020 - UVB Brasil","robots":{"index":"index","follow":"follow","max-snippet":"max-snippet:-1","max-image-preview":"max-image-preview:large","max-video-preview":"max-video-preview:-1"},"canonical":"https:\/\/uvbbrasil.com.br\/presidente-da-uvb-realiza-live-com-os-temas-fundo-eleitoral-partidario-e-eleicoes-de-2020\/","og_locale":"pt_BR","og_type":"article","og_title":"Presidente da UVB realizou live com os temas fundo eleitoral e elei\u00e7\u00f5es de 2020 - UVB Brasil","og_description":"O presidente da Uni\u00e3o dos Vereadores do Brasil-UVB, Gilson Conzatti , realizou\u00a0 na quarta feira (22) a segunda live ao...","og_url":"https:\/\/uvbbrasil.com.br\/presidente-da-uvb-realiza-live-com-os-temas-fundo-eleitoral-partidario-e-eleicoes-de-2020\/","og_site_name":"UVB Brasil","article_publisher":"https:\/\/www.facebook.com\/uvb.vereadoresbrasil","article_published_time":"2020-04-23T12:12:14+00:00","og_image":[{"width":720,"height":411,"url":"https:\/\/uvbbrasil.com.br\/wp-content\/uploads\/2020\/05\/WhatsApp-Image-2020-05-03-at-22.12.02-1.jpeg","type":"image\/jpeg"}],"author":"adminuvb","twitter_card":"summary_large_image","twitter_misc":{"Escrito por":"adminuvb","Est. tempo de leitura":"4 minutos"},"schema":{"@context":"https:\/\/schema.org","@graph":[{"@type":"Article","@id":"https:\/\/uvbbrasil.com.br\/presidente-da-uvb-realiza-live-com-os-temas-fundo-eleitoral-partidario-e-eleicoes-de-2020\/#article","isPartOf":{"@id":"https:\/\/uvbbrasil.com.br\/presidente-da-uvb-realiza-live-com-os-temas-fundo-eleitoral-partidario-e-eleicoes-de-2020\/"},"author":{"name":"adminuvb","@id":"https:\/\/uvbbrasil.com.br\/#\/schema\/person\/17990098446c098f52effddff4f1b272"},"headline":"Presidente da UVB realizou live com os temas fundo eleitoral e elei\u00e7\u00f5es de 2020","datePublished":"2020-04-23T12:12:14+00:00","mainEntityOfPage":{"@id":"https:\/\/uvbbrasil.com.br\/presidente-da-uvb-realiza-live-com-os-temas-fundo-eleitoral-partidario-e-eleicoes-de-2020\/"},"wordCount":875,"commentCount":0,"publisher":{"@id":"https:\/\/uvbbrasil.com.br\/#organization"},"image":{"@id":"https:\/\/uvbbrasil.com.br\/presidente-da-uvb-realiza-live-com-os-temas-fundo-eleitoral-partidario-e-eleicoes-de-2020\/#primaryimage"},"thumbnailUrl":"https:\/\/uvbbrasil.com.br\/wp-content\/uploads\/2020\/05\/WhatsApp-Image-2020-05-03-at-22.12.02-1.jpeg","articleSection":["NOT\u00cdCIAS","UVB"],"inLanguage":"pt-BR","potentialAction":[{"@type":"CommentAction","name":"Comment","target":["https:\/\/uvbbrasil.com.br\/presidente-da-uvb-realiza-live-com-os-temas-fundo-eleitoral-partidario-e-eleicoes-de-2020\/#respond"]}]},{"@type":"WebPage","@id":"https:\/\/uvbbrasil.com.br\/presidente-da-uvb-realiza-live-com-os-temas-fundo-eleitoral-partidario-e-eleicoes-de-2020\/","url":"https:\/\/uvbbrasil.com.br\/presidente-da-uvb-realiza-live-com-os-temas-fundo-eleitoral-partidario-e-eleicoes-de-2020\/","name":"Presidente da UVB realizou live com os temas fundo eleitoral e elei\u00e7\u00f5es de 2020 - UVB Brasil","isPartOf":{"@id":"https:\/\/uvbbrasil.com.br\/#website"},"primaryImageOfPage":{"@id":"https:\/\/uvbbrasil.com.br\/presidente-da-uvb-realiza-live-com-os-temas-fundo-eleitoral-partidario-e-eleicoes-de-2020\/#primaryimage"},"image":{"@id":"https:\/\/uvbbrasil.com.br\/presidente-da-uvb-realiza-live-com-os-temas-fundo-eleitoral-partidario-e-eleicoes-de-2020\/#primaryimage"},"thumbnailUrl":"https:\/\/uvbbrasil.com.br\/wp-content\/uploads\/2020\/05\/WhatsApp-Image-2020-05-03-at-22.12.02-1.jpeg","datePublished":"2020-04-23T12:12:14+00:00","breadcrumb":{"@id":"https:\/\/uvbbrasil.com.br\/presidente-da-uvb-realiza-live-com-os-temas-fundo-eleitoral-partidario-e-eleicoes-de-2020\/#breadcrumb"},"inLanguage":"pt-BR","potentialAction":[{"@type":"ReadAction","target":["https:\/\/uvbbrasil.com.br\/presidente-da-uvb-realiza-live-com-os-temas-fundo-eleitoral-partidario-e-eleicoes-de-2020\/"]}]},{"@type":"ImageObject","inLanguage":"pt-BR","@id":"https:\/\/uvbbrasil.com.br\/presidente-da-uvb-realiza-live-com-os-temas-fundo-eleitoral-partidario-e-eleicoes-de-2020\/#primaryimage","url":"https:\/\/uvbbrasil.com.br\/wp-content\/uploads\/2020\/05\/WhatsApp-Image-2020-05-03-at-22.12.02-1.jpeg","contentUrl":"https:\/\/uvbbrasil.com.br\/wp-content\/uploads\/2020\/05\/WhatsApp-Image-2020-05-03-at-22.12.02-1.jpeg","width":720,"height":411},{"@type":"BreadcrumbList","@id":"https:\/\/uvbbrasil.com.br\/presidente-da-uvb-realiza-live-com-os-temas-fundo-eleitoral-partidario-e-eleicoes-de-2020\/#breadcrumb","itemListElement":[{"@type":"ListItem","position":1,"name":"In\u00edcio","item":"https:\/\/uvbbrasil.com.br\/"},{"@type":"ListItem","position":2,"name":"Presidente da UVB realizou live com os temas fundo eleitoral e elei\u00e7\u00f5es de 2020"}]},{"@type":"WebSite","@id":"https:\/\/uvbbrasil.com.br\/#website","url":"https:\/\/uvbbrasil.com.br\/","name":"UVB Brasil","description":"Uni\u00e3o dos Vereadores do Brasil","publisher":{"@id":"https:\/\/uvbbrasil.com.br\/#organization"},"potentialAction":[{"@type":"SearchAction","target":{"@type":"EntryPoint","urlTemplate":"https:\/\/uvbbrasil.com.br\/?s={search_term_string}"},"query-input":{"@type":"PropertyValueSpecification","valueRequired":true,"valueName":"search_term_string"}}],"inLanguage":"pt-BR"},{"@type":"Organization","@id":"https:\/\/uvbbrasil.com.br\/#organization","name":"UVB Brasil","url":"https:\/\/uvbbrasil.com.br\/","logo":{"@type":"ImageObject","inLanguage":"pt-BR","@id":"https:\/\/uvbbrasil.com.br\/#\/schema\/logo\/image\/","url":"https:\/\/uvbbrasil.com.br\/wp-content\/uploads\/2025\/01\/LOGO-UVB-2024-azul-1.jpg","contentUrl":"https:\/\/uvbbrasil.com.br\/wp-content\/uploads\/2025\/01\/LOGO-UVB-2024-azul-1.jpg","width":600,"height":211,"caption":"UVB Brasil"},"image":{"@id":"https:\/\/uvbbrasil.com.br\/#\/schema\/logo\/image\/"},"sameAs":["https:\/\/www.facebook.com\/uvb.vereadoresbrasil","https:\/\/www.instagram.com\/uvbbrasil\/","https:\/\/www.youtube.com\/channel\/UCIlPQ8Xzw5GHNzosQIg9S5A"]},{"@type":"Person","@id":"https:\/\/uvbbrasil.com.br\/#\/schema\/person\/17990098446c098f52effddff4f1b272","name":"adminuvb","image":{"@type":"ImageObject","inLanguage":"pt-BR","@id":"https:\/\/uvbbrasil.com.br\/#\/schema\/person\/image\/","url":"https:\/\/secure.gravatar.com\/avatar\/1a494ea6f8e2dd1ae526e55b0e9497efdba542491e0620d704cccf63c6f77c45?s=96&d=mm&r=g","contentUrl":"https:\/\/secure.gravatar.com\/avatar\/1a494ea6f8e2dd1ae526e55b0e9497efdba542491e0620d704cccf63c6f77c45?s=96&d=mm&r=g","caption":"adminuvb"},"sameAs":["https:\/\/uvbbrasil.com.br"],"url":"https:\/\/uvbbrasil.com.br\/author\/adminuvb\/"}]}},"_links":{"self":[{"href":"https:\/\/uvbbrasil.com.br\/uvb-json\/wp\/v2\/posts\/18526","targetHints":{"allow":["GET"]}}],"collection":[{"href":"https:\/\/uvbbrasil.com.br\/uvb-json\/wp\/v2\/posts"}],"about":[{"href":"https:\/\/uvbbrasil.com.br\/uvb-json\/wp\/v2\/types\/post"}],"author":[{"embeddable":true,"href":"https:\/\/uvbbrasil.com.br\/uvb-json\/wp\/v2\/users\/1"}],"replies":[{"embeddable":true,"href":"https:\/\/uvbbrasil.com.br\/uvb-json\/wp\/v2\/comments?post=18526"}],"version-history":[{"count":0,"href":"https:\/\/uvbbrasil.com.br\/uvb-json\/wp\/v2\/posts\/18526\/revisions"}],"wp:featuredmedia":[{"embeddable":true,"href":"https:\/\/uvbbrasil.com.br\/uvb-json\/wp\/v2\/media\/18527"}],"wp:attachment":[{"href":"https:\/\/uvbbrasil.com.br\/uvb-json\/wp\/v2\/media?parent=18526"}],"wp:term":[{"taxonomy":"category","embeddable":true,"href":"https:\/\/uvbbrasil.com.br\/uvb-json\/wp\/v2\/categories?post=18526"},{"taxonomy":"post_tag","embeddable":true,"href":"https:\/\/uvbbrasil.com.br\/uvb-json\/wp\/v2\/tags?post=18526"}],"curies":[{"name":"wp","href":"https:\/\/api.w.org\/{rel}","templated":true}]}}