{"id":18513,"date":"2020-05-01T08:00:56","date_gmt":"2020-05-01T11:00:56","guid":{"rendered":"https:\/\/wpsandbox4.pante.com.br\/?p=18513"},"modified":"2020-05-01T08:00:56","modified_gmt":"2020-05-01T11:00:56","slug":"davi-apresenta-relatorio-preliminar-sobre-auxilio-estados-e-municipios","status":"publish","type":"post","link":"https:\/\/uvbbrasil.com.br\/davi-apresenta-relatorio-preliminar-sobre-auxilio-estados-e-municipios\/","title":{"rendered":"Davi apresenta relat\u00f3rio preliminar sobre aux\u00edlio a estados e munic\u00edpios"},"content":{"rendered":"<p>O presidente do Senado, Davi Alcolumbre, apresentou nesta quinta-feira (30) a primeira vers\u00e3o do seu relat\u00f3rio ao <a class=\"external-link\" title=\"\" href=\"http:\/\/www25.senado.leg.br\/web\/atividade\/materias\/-\/materia\/141571\" target=\"_self\">PLP 149\/2019<\/a>, projeto de lei que prev\u00ea compensa\u00e7\u00e3o a estados e munic\u00edpios pela perda de arrecada\u00e7\u00e3o provocada pela pandemia de coronav\u00edrus. O texto, um substitutivo \u00e0 proposta j\u00e1 aprovada na C\u00e2mara dos Deputados, ser\u00e1 votado neste s\u00e1bado (2), a partir das 16h, em sess\u00e3o extraordin\u00e1ria deliberativa remota. Esse projeto ser\u00e1 o \u00fanico item da pauta.<\/p>\n<p>Davi afirmou que os senadores poder\u00e3o apresentar emendas \u00e0 sua primeira vers\u00e3o do relat\u00f3rio at\u00e9 as 10h de s\u00e1bado. Nas cinco horas seguintes, essas emendas ser\u00e3o analisadas, para que seja poss\u00edvel chegar a um texto de consenso at\u00e9 as 15h.<\/p>\n<p><b>Arrecada\u00e7\u00e3o<\/b><\/p>\n<p>De acordo com dados preliminares do Conselho Nacional de Pol\u00edtica Fazend\u00e1ria (Confaz), em mar\u00e7o a arrecada\u00e7\u00e3o de ICMS \u2014 imposto de compet\u00eancia dos estados \u2014 caiu mais de 30% em rela\u00e7\u00e3o ao ano passado.<\/p>\n<p>Conhecida em sua vers\u00e3o original como Plano Mansueto, o PLP 149\/2019 visa repassar recursos a estados e munic\u00edpios para auxili\u00e1-los nas despesas relativas ao enfrentamento da pandemia de covid-19.<\/p>\n<p>Davi Alcolumbre declarou que pretende chegar a um texto que concilie os interesses regionais, do governo federal e do Congresso. Para isso, participou de reuni\u00f5es nesta semana com o ministro da Economia, Paulo Guedes, e com o presidente da C\u00e2mara dos Deputados, Rodrigo Maia.<\/p>\n<p><b>Congelamento<\/b><\/p>\n<p>Uma das medidas propostas pelo presidente do Senado em seu relat\u00f3rio \u00e9 o congelamento dos sal\u00e1rios de servidores p\u00fablicos municipais, estaduais e federais at\u00e9 o fim do pr\u00f3ximo ano, como contrapartida aos repasses da Uni\u00e3o a estados e munic\u00edpios. A estimativa \u00e9 que o congelamento resultaria em uma economia de cerca de R$ 130 bilh\u00f5es.<\/p>\n<p>O texto tamb\u00e9m prev\u00ea a atenua\u00e7\u00e3o de algumas exig\u00eancias previstas na Lei de Responsabilidade Fiscal (LRF) para a contrata\u00e7\u00e3o de opera\u00e7\u00f5es de cr\u00e9dito e aumento de despesas.<\/p>\n<p>\u201cTenho perfeita compreens\u00e3o de que per\u00edodos de calamidade como o atual requerem aumentos de gastos p\u00fablicos, tanto os destinados a a\u00e7\u00f5es na \u00e1rea da sa\u00fade como os destinados a \u00e1reas relativas \u00e0 assist\u00eancia social e \u00e0 preserva\u00e7\u00e3o da atividade econ\u00f4mica. Por outro lado, \u00e9 necess\u00e1rio pensar no Brasil p\u00f3s-pandemia. O aumento dos gastos hoje implicar\u00e1 maior conta a ser paga no futuro. A situa\u00e7\u00e3o \u00e9 ainda mais delicada porque j\u00e1 estamos com elevado grau de endividamento. Dessa forma, para minimizar o impacto futuro sobre as finan\u00e7as p\u00fablicas, proponho limitar o crescimento de gastos com pessoal, bem como a cria\u00e7\u00e3o de despesas obrigat\u00f3rias at\u00e9 31 de dezembro de 2021\u201d, justifica o senador.<\/p>\n<p>O substitutivo cria o Programa Federativo de Enfrentamento ao Coronav\u00edrus SARS-CoV-2 para permitir, al\u00e9m da suspens\u00e3o dos sal\u00e1rios, a suspens\u00e3o dos pagamentos das d\u00edvidas contratadas entre a Uni\u00e3o, os estados e o Distrito Federal.<\/p>\n<p>Outro ponto importante do projeto \u00e9 a reestrutura\u00e7\u00e3o das opera\u00e7\u00f5es de cr\u00e9dito internas e externas: contratos de empr\u00e9stimo j\u00e1 firmados com bancos privados e organismos multilaterais poder\u00e3o ser negociados diretamente com o credor, mantido o aval da Uni\u00e3o.<\/p>\n<p><b>R$ 60 bilh\u00f5es em repasses<br \/>\n<\/b><\/p>\n<p>De acordo com o texto, a Uni\u00e3o repassar\u00e1 R$ 60 billh\u00f5es a estados, Distrito Federal e munic\u00edpios em quatro parcelas mensais e iguais, durante o exerc\u00edcio de 2020. Essa verba dever\u00e1 ser aplicado pelos poderes executivos locais em a\u00e7\u00f5es de enfrentamento \u00e0 covid-19 e na mitiga\u00e7\u00e3o dos efeitos financeiros da pandemia. Parte desses recursos tamb\u00e9m ser\u00e3o utilizados para o pagamento de profissionais que atuam no Sistema \u00danico de Sa\u00fade (SUS) e no Sistema \u00danico de Assist\u00eancia Social (SUAS). As verbas ser\u00e3o transferidas de acordo com a popula\u00e7\u00e3o de cada ente federado, calculada a partir dos dados mais recentes do Instituto Brasileiro de Geografia e Estat\u00edstica (IBGE).<\/p>\n<p>O montante dever\u00e1 ser distribu\u00eddo da seguinte forma:<\/p>\n<ul>\n<li>R$ 10 bilh\u00f5es para a\u00e7\u00f5es de sa\u00fade e assist\u00eancia social, divididos entre estados e Distrito Federal (R$ 7 bilh\u00f5es), e munic\u00edpios (R$ 3 bilh\u00f5es);<\/li>\n<li>R$ 50 bilh\u00f5es, sendo a metade (R$ 25 bilh\u00f5es) para estados e Distrito Federal, e a outra metade (R$ 25 bilh\u00f5es) para munic\u00edpios.<\/li>\n<\/ul>\n<p><strong>Repasses da Uni\u00e3o a estados e DF (R$ 25 bilh\u00f5es)<\/strong><\/p>\n<div align=\"center\">\n<table class=\"plain\">\n<thead>\n<tr>\n<td><strong>UF<\/strong><\/td>\n<td><strong>Transfer\u00eancia<br \/>\nde programa<br \/>\nfederativo<\/strong><\/p>\n<p><strong>(repasses da Uni\u00e3o)<\/strong><\/td>\n<td><strong>Economia com<br \/>\nsuspens\u00e3o<br \/>\nde d\u00edvida<\/strong><\/td>\n<td><strong>TOTAL<\/strong><\/td>\n<\/tr>\n<\/thead>\n<tbody>\n<tr>\n<td><strong>AC<\/strong><\/td>\n<td>165.297.338,05<\/td>\n<td>198.398.708,36<\/td>\n<td><strong>363.696.046,41<\/strong><\/td>\n<\/tr>\n<tr>\n<td><strong>AL<\/strong><\/td>\n<td>343.640.407,66<\/td>\n<td>301.720.000,00<\/td>\n<td><strong>645.360.407,66<\/strong><\/td>\n<\/tr>\n<tr>\n<td><strong>AP<\/strong><\/td>\n<td>133.829.571,56<\/td>\n<td>259.491.685,22<\/td>\n<td><strong>393.321.256,78<\/strong><\/td>\n<\/tr>\n<tr>\n<td><strong>AM<\/strong><\/td>\n<td>521.928.489,91<\/td>\n<td>174.566.839,13<\/td>\n<td><strong>696.495.329,04<\/strong><\/td>\n<\/tr>\n<tr>\n<td><strong>BA<\/strong><\/td>\n<td>1.390.411.064,02<\/td>\n<td>374.159.091,19<\/td>\n<td><strong>1.764.570.155,21<\/strong><\/td>\n<\/tr>\n<tr>\n<td><strong>CE<\/strong><\/td>\n<td>765.684.452,39<\/td>\n<td>464.222.805,51<\/td>\n<td><strong>1.229.907.257,90<\/strong><\/td>\n<\/tr>\n<tr>\n<td><strong>DF<\/strong><\/td>\n<td>388.848.130,68<\/td>\n<td>316.689.131,79<\/td>\n<td><strong>705.537.262,47<\/strong><\/td>\n<\/tr>\n<tr>\n<td><strong>ES<\/strong><\/td>\n<td>593.651.101,46<\/td>\n<td>480.270.880,75<\/td>\n<td><strong>1.073.921.982,21<\/strong><\/td>\n<\/tr>\n<tr>\n<td><strong>GO<\/strong><\/td>\n<td>952.147.992,94<\/td>\n<td>2.370.205.419,57<\/td>\n<td><strong>3.322.353.412,51<\/strong><\/td>\n<\/tr>\n<tr>\n<td><strong>MA<\/strong><\/td>\n<td>609.975.915,74<\/td>\n<td>233.334.568,57<\/td>\n<td><strong>843.310.484,31<\/strong><\/td>\n<\/tr>\n<tr>\n<td><strong>MT<\/strong><\/td>\n<td>1.121.700.508,51<\/td>\n<td>436.700.929,77<\/td>\n<td><strong>1.558.401.438,28<\/strong><\/td>\n<\/tr>\n<tr>\n<td><strong>MS<\/strong><\/td>\n<td>518.091.984,18<\/td>\n<td>310.480.000,00<\/td>\n<td><strong>828.571.984,18<\/strong><\/td>\n<\/tr>\n<tr>\n<td><strong>MG<\/strong><\/td>\n<td>2.495.326.775,59<\/td>\n<td>6.060.427.655,92<\/td>\n<td><strong>8.555.754.431,51<\/strong><\/td>\n<\/tr>\n<tr>\n<td><strong>PA<\/strong><\/td>\n<td>913.403.172,54<\/td>\n<td>279.106.769,78<\/td>\n<td><strong>1.192.509.942,32<\/strong><\/td>\n<\/tr>\n<tr>\n<td><strong>PB<\/strong><\/td>\n<td>373.420.425,55<\/td>\n<td>262.822.152,39<\/td>\n<td><strong>636.242.577,94<\/strong><\/td>\n<\/tr>\n<tr>\n<td><strong>PR<\/strong><\/td>\n<td>1.430.878.884,20<\/td>\n<td>563.141.298,43<\/td>\n<td><strong>1.994.020.182,63<\/strong><\/td>\n<\/tr>\n<tr>\n<td><strong>PE<\/strong><\/td>\n<td>897.981.470,25<\/td>\n<td>568.204.557,35<\/td>\n<td><strong>1.466.186.027,60<\/strong><\/td>\n<\/tr>\n<tr>\n<td><strong>PI<\/strong><\/td>\n<td>334.006.694,61<\/td>\n<td>188.843.092,90<\/td>\n<td><strong>522.849.787,51<\/strong><\/td>\n<\/tr>\n<tr>\n<td><strong>RJ<\/strong><\/td>\n<td>1.673.519.769,80<\/td>\n<td>10.897.275.040,04<\/td>\n<td><strong>12.570.794.809,84<\/strong><\/td>\n<\/tr>\n<tr>\n<td><strong>RN<\/strong><\/td>\n<td>368.546.659,12<\/td>\n<td>582.996.482,11<\/td>\n<td><strong>951.543.141,23<\/strong><\/td>\n<\/tr>\n<tr>\n<td><strong>RS<\/strong><\/td>\n<td>1.621.147.551,82<\/td>\n<td>3.681.184.998,94<\/td>\n<td><strong>5.302.332.550,76<\/strong><\/td>\n<\/tr>\n<tr>\n<td><strong>RO<\/strong><\/td>\n<td>279.335.655,45<\/td>\n<td>230.253.706,06<\/td>\n<td><strong>509.589.361,51<\/strong><\/td>\n<\/tr>\n<tr>\n<td><strong>RR<\/strong><\/td>\n<td>122.669.208,65<\/td>\n<td>210.449.362,57<\/td>\n<td><strong>333.118.571,22<\/strong><\/td>\n<\/tr>\n<tr>\n<td><strong>SC<\/strong><\/td>\n<td>959.242.069,89<\/td>\n<td>498.011.799,09<\/td>\n<td><strong>1.457.253.868,98<\/strong><\/td>\n<\/tr>\n<tr>\n<td><strong>SP<\/strong><\/td>\n<td>5.513.592.514,91<\/td>\n<td>13.208.511.668,67<\/td>\n<td><strong>18.722.104.183,58<\/strong><\/td>\n<\/tr>\n<tr>\n<td><strong>SE<\/strong><\/td>\n<td>261.291.459,97<\/td>\n<td>136.254.594,78<\/td>\n<td><strong>397.546.054,75<\/strong><\/td>\n<\/tr>\n<tr>\n<td><strong>TO<\/strong><\/td>\n<td>250.430.730,55<\/td>\n<td>14.691.321,04<\/td>\n<td><strong>265.122.051,59<\/strong><\/td>\n<\/tr>\n<\/tbody>\n<\/table>\n<\/div>\n<p><a href=\"https:\/\/uvbbrasil.com.br\/?attachment_id=18514\" rel=\"attachment wp-att-18514\"><img fetchpriority=\"high\" decoding=\"async\" class=\"aligncenter size-full wp-image-18514\" src=\"https:\/\/uvbbrasil.com.br\/wp-content\/uploads\/2020\/04\/davi-30.jpg\" alt=\"\" width=\"860\" height=\"570\" srcset=\"https:\/\/uvbbrasil.com.br\/wp-content\/uploads\/2020\/04\/davi-30.jpg 860w, https:\/\/uvbbrasil.com.br\/wp-content\/uploads\/2020\/04\/davi-30-300x199.jpg 300w, https:\/\/uvbbrasil.com.br\/wp-content\/uploads\/2020\/04\/davi-30-768x509.jpg 768w\" sizes=\"(max-width: 860px) 100vw, 860px\" \/><\/a>Fonte: Ag\u00eancia Senado<\/p>\n","protected":false},"excerpt":{"rendered":"<p>O presidente do Senado, Davi Alcolumbre, apresentou nesta quinta-feira (30) a primeira vers\u00e3o do seu relat\u00f3rio ao PLP 149\/2019, projeto&#8230;<\/p>\n","protected":false},"author":1,"featured_media":18514,"comment_status":"open","ping_status":"open","sticky":false,"template":"","format":"standard","meta":{"footnotes":""},"categories":[3],"tags":[],"class_list":["post-18513","post","type-post","status-publish","format-standard","has-post-thumbnail","hentry","category-noticias"],"yoast_head":"<!-- This site is optimized with the Yoast SEO plugin v26.7 - https:\/\/yoast.com\/wordpress\/plugins\/seo\/ -->\n<title>Davi apresenta relat\u00f3rio preliminar sobre aux\u00edlio a estados e munic\u00edpios - UVB Brasil<\/title>\n<meta name=\"robots\" content=\"index, follow, max-snippet:-1, max-image-preview:large, max-video-preview:-1\" \/>\n<link rel=\"canonical\" href=\"https:\/\/uvbbrasil.com.br\/davi-apresenta-relatorio-preliminar-sobre-auxilio-estados-e-municipios\/\" \/>\n<meta property=\"og:locale\" content=\"pt_BR\" \/>\n<meta property=\"og:type\" content=\"article\" \/>\n<meta property=\"og:title\" content=\"Davi apresenta relat\u00f3rio preliminar sobre aux\u00edlio a estados e munic\u00edpios - UVB Brasil\" \/>\n<meta property=\"og:description\" content=\"O presidente do Senado, Davi Alcolumbre, apresentou nesta quinta-feira (30) a primeira vers\u00e3o do seu relat\u00f3rio ao PLP 149\/2019, projeto...\" \/>\n<meta property=\"og:url\" content=\"https:\/\/uvbbrasil.com.br\/davi-apresenta-relatorio-preliminar-sobre-auxilio-estados-e-municipios\/\" \/>\n<meta property=\"og:site_name\" content=\"UVB Brasil\" \/>\n<meta property=\"article:publisher\" content=\"https:\/\/www.facebook.com\/uvb.vereadoresbrasil\" \/>\n<meta property=\"article:published_time\" content=\"2020-05-01T11:00:56+00:00\" \/>\n<meta property=\"og:image\" content=\"https:\/\/uvbbrasil.com.br\/wp-content\/uploads\/2020\/04\/davi-30.jpg\" \/>\n\t<meta property=\"og:image:width\" content=\"860\" \/>\n\t<meta property=\"og:image:height\" content=\"570\" \/>\n\t<meta property=\"og:image:type\" content=\"image\/jpeg\" \/>\n<meta name=\"author\" content=\"adminuvb\" \/>\n<meta name=\"twitter:card\" content=\"summary_large_image\" \/>\n<meta name=\"twitter:label1\" content=\"Escrito por\" \/>\n\t<meta name=\"twitter:data1\" content=\"adminuvb\" \/>\n\t<meta name=\"twitter:label2\" content=\"Est. tempo de leitura\" \/>\n\t<meta name=\"twitter:data2\" content=\"4 minutos\" \/>\n<script type=\"application\/ld+json\" class=\"yoast-schema-graph\">{\"@context\":\"https:\/\/schema.org\",\"@graph\":[{\"@type\":\"Article\",\"@id\":\"https:\/\/uvbbrasil.com.br\/davi-apresenta-relatorio-preliminar-sobre-auxilio-estados-e-municipios\/#article\",\"isPartOf\":{\"@id\":\"https:\/\/uvbbrasil.com.br\/davi-apresenta-relatorio-preliminar-sobre-auxilio-estados-e-municipios\/\"},\"author\":{\"name\":\"adminuvb\",\"@id\":\"https:\/\/uvbbrasil.com.br\/#\/schema\/person\/17990098446c098f52effddff4f1b272\"},\"headline\":\"Davi apresenta relat\u00f3rio preliminar sobre aux\u00edlio a estados e munic\u00edpios\",\"datePublished\":\"2020-05-01T11:00:56+00:00\",\"mainEntityOfPage\":{\"@id\":\"https:\/\/uvbbrasil.com.br\/davi-apresenta-relatorio-preliminar-sobre-auxilio-estados-e-municipios\/\"},\"wordCount\":791,\"commentCount\":0,\"publisher\":{\"@id\":\"https:\/\/uvbbrasil.com.br\/#organization\"},\"image\":{\"@id\":\"https:\/\/uvbbrasil.com.br\/davi-apresenta-relatorio-preliminar-sobre-auxilio-estados-e-municipios\/#primaryimage\"},\"thumbnailUrl\":\"https:\/\/uvbbrasil.com.br\/wp-content\/uploads\/2020\/04\/davi-30.jpg\",\"articleSection\":[\"NOT\u00cdCIAS\"],\"inLanguage\":\"pt-BR\",\"potentialAction\":[{\"@type\":\"CommentAction\",\"name\":\"Comment\",\"target\":[\"https:\/\/uvbbrasil.com.br\/davi-apresenta-relatorio-preliminar-sobre-auxilio-estados-e-municipios\/#respond\"]}]},{\"@type\":\"WebPage\",\"@id\":\"https:\/\/uvbbrasil.com.br\/davi-apresenta-relatorio-preliminar-sobre-auxilio-estados-e-municipios\/\",\"url\":\"https:\/\/uvbbrasil.com.br\/davi-apresenta-relatorio-preliminar-sobre-auxilio-estados-e-municipios\/\",\"name\":\"Davi apresenta relat\u00f3rio preliminar sobre aux\u00edlio a estados e munic\u00edpios - UVB Brasil\",\"isPartOf\":{\"@id\":\"https:\/\/uvbbrasil.com.br\/#website\"},\"primaryImageOfPage\":{\"@id\":\"https:\/\/uvbbrasil.com.br\/davi-apresenta-relatorio-preliminar-sobre-auxilio-estados-e-municipios\/#primaryimage\"},\"image\":{\"@id\":\"https:\/\/uvbbrasil.com.br\/davi-apresenta-relatorio-preliminar-sobre-auxilio-estados-e-municipios\/#primaryimage\"},\"thumbnailUrl\":\"https:\/\/uvbbrasil.com.br\/wp-content\/uploads\/2020\/04\/davi-30.jpg\",\"datePublished\":\"2020-05-01T11:00:56+00:00\",\"breadcrumb\":{\"@id\":\"https:\/\/uvbbrasil.com.br\/davi-apresenta-relatorio-preliminar-sobre-auxilio-estados-e-municipios\/#breadcrumb\"},\"inLanguage\":\"pt-BR\",\"potentialAction\":[{\"@type\":\"ReadAction\",\"target\":[\"https:\/\/uvbbrasil.com.br\/davi-apresenta-relatorio-preliminar-sobre-auxilio-estados-e-municipios\/\"]}]},{\"@type\":\"ImageObject\",\"inLanguage\":\"pt-BR\",\"@id\":\"https:\/\/uvbbrasil.com.br\/davi-apresenta-relatorio-preliminar-sobre-auxilio-estados-e-municipios\/#primaryimage\",\"url\":\"https:\/\/uvbbrasil.com.br\/wp-content\/uploads\/2020\/04\/davi-30.jpg\",\"contentUrl\":\"https:\/\/uvbbrasil.com.br\/wp-content\/uploads\/2020\/04\/davi-30.jpg\",\"width\":860,\"height\":570},{\"@type\":\"BreadcrumbList\",\"@id\":\"https:\/\/uvbbrasil.com.br\/davi-apresenta-relatorio-preliminar-sobre-auxilio-estados-e-municipios\/#breadcrumb\",\"itemListElement\":[{\"@type\":\"ListItem\",\"position\":1,\"name\":\"In\u00edcio\",\"item\":\"https:\/\/uvbbrasil.com.br\/\"},{\"@type\":\"ListItem\",\"position\":2,\"name\":\"Davi apresenta relat\u00f3rio preliminar sobre aux\u00edlio a estados e munic\u00edpios\"}]},{\"@type\":\"WebSite\",\"@id\":\"https:\/\/uvbbrasil.com.br\/#website\",\"url\":\"https:\/\/uvbbrasil.com.br\/\",\"name\":\"UVB Brasil\",\"description\":\"Uni\u00e3o dos Vereadores do Brasil\",\"publisher\":{\"@id\":\"https:\/\/uvbbrasil.com.br\/#organization\"},\"potentialAction\":[{\"@type\":\"SearchAction\",\"target\":{\"@type\":\"EntryPoint\",\"urlTemplate\":\"https:\/\/uvbbrasil.com.br\/?s={search_term_string}\"},\"query-input\":{\"@type\":\"PropertyValueSpecification\",\"valueRequired\":true,\"valueName\":\"search_term_string\"}}],\"inLanguage\":\"pt-BR\"},{\"@type\":\"Organization\",\"@id\":\"https:\/\/uvbbrasil.com.br\/#organization\",\"name\":\"UVB Brasil\",\"url\":\"https:\/\/uvbbrasil.com.br\/\",\"logo\":{\"@type\":\"ImageObject\",\"inLanguage\":\"pt-BR\",\"@id\":\"https:\/\/uvbbrasil.com.br\/#\/schema\/logo\/image\/\",\"url\":\"https:\/\/uvbbrasil.com.br\/wp-content\/uploads\/2025\/01\/LOGO-UVB-2024-azul-1.jpg\",\"contentUrl\":\"https:\/\/uvbbrasil.com.br\/wp-content\/uploads\/2025\/01\/LOGO-UVB-2024-azul-1.jpg\",\"width\":600,\"height\":211,\"caption\":\"UVB Brasil\"},\"image\":{\"@id\":\"https:\/\/uvbbrasil.com.br\/#\/schema\/logo\/image\/\"},\"sameAs\":[\"https:\/\/www.facebook.com\/uvb.vereadoresbrasil\",\"https:\/\/www.instagram.com\/uvbbrasil\/\",\"https:\/\/www.youtube.com\/channel\/UCIlPQ8Xzw5GHNzosQIg9S5A\"]},{\"@type\":\"Person\",\"@id\":\"https:\/\/uvbbrasil.com.br\/#\/schema\/person\/17990098446c098f52effddff4f1b272\",\"name\":\"adminuvb\",\"image\":{\"@type\":\"ImageObject\",\"inLanguage\":\"pt-BR\",\"@id\":\"https:\/\/uvbbrasil.com.br\/#\/schema\/person\/image\/\",\"url\":\"https:\/\/secure.gravatar.com\/avatar\/1a494ea6f8e2dd1ae526e55b0e9497efdba542491e0620d704cccf63c6f77c45?s=96&d=mm&r=g\",\"contentUrl\":\"https:\/\/secure.gravatar.com\/avatar\/1a494ea6f8e2dd1ae526e55b0e9497efdba542491e0620d704cccf63c6f77c45?s=96&d=mm&r=g\",\"caption\":\"adminuvb\"},\"sameAs\":[\"https:\/\/uvbbrasil.com.br\"],\"url\":\"https:\/\/uvbbrasil.com.br\/author\/adminuvb\/\"}]}<\/script>\n<!-- \/ Yoast SEO plugin. -->","yoast_head_json":{"title":"Davi apresenta relat\u00f3rio preliminar sobre aux\u00edlio a estados e munic\u00edpios - UVB Brasil","robots":{"index":"index","follow":"follow","max-snippet":"max-snippet:-1","max-image-preview":"max-image-preview:large","max-video-preview":"max-video-preview:-1"},"canonical":"https:\/\/uvbbrasil.com.br\/davi-apresenta-relatorio-preliminar-sobre-auxilio-estados-e-municipios\/","og_locale":"pt_BR","og_type":"article","og_title":"Davi apresenta relat\u00f3rio preliminar sobre aux\u00edlio a estados e munic\u00edpios - UVB Brasil","og_description":"O presidente do Senado, Davi Alcolumbre, apresentou nesta quinta-feira (30) a primeira vers\u00e3o do seu relat\u00f3rio ao PLP 149\/2019, projeto...","og_url":"https:\/\/uvbbrasil.com.br\/davi-apresenta-relatorio-preliminar-sobre-auxilio-estados-e-municipios\/","og_site_name":"UVB Brasil","article_publisher":"https:\/\/www.facebook.com\/uvb.vereadoresbrasil","article_published_time":"2020-05-01T11:00:56+00:00","og_image":[{"width":860,"height":570,"url":"https:\/\/uvbbrasil.com.br\/wp-content\/uploads\/2020\/04\/davi-30.jpg","type":"image\/jpeg"}],"author":"adminuvb","twitter_card":"summary_large_image","twitter_misc":{"Escrito por":"adminuvb","Est. tempo de leitura":"4 minutos"},"schema":{"@context":"https:\/\/schema.org","@graph":[{"@type":"Article","@id":"https:\/\/uvbbrasil.com.br\/davi-apresenta-relatorio-preliminar-sobre-auxilio-estados-e-municipios\/#article","isPartOf":{"@id":"https:\/\/uvbbrasil.com.br\/davi-apresenta-relatorio-preliminar-sobre-auxilio-estados-e-municipios\/"},"author":{"name":"adminuvb","@id":"https:\/\/uvbbrasil.com.br\/#\/schema\/person\/17990098446c098f52effddff4f1b272"},"headline":"Davi apresenta relat\u00f3rio preliminar sobre aux\u00edlio a estados e munic\u00edpios","datePublished":"2020-05-01T11:00:56+00:00","mainEntityOfPage":{"@id":"https:\/\/uvbbrasil.com.br\/davi-apresenta-relatorio-preliminar-sobre-auxilio-estados-e-municipios\/"},"wordCount":791,"commentCount":0,"publisher":{"@id":"https:\/\/uvbbrasil.com.br\/#organization"},"image":{"@id":"https:\/\/uvbbrasil.com.br\/davi-apresenta-relatorio-preliminar-sobre-auxilio-estados-e-municipios\/#primaryimage"},"thumbnailUrl":"https:\/\/uvbbrasil.com.br\/wp-content\/uploads\/2020\/04\/davi-30.jpg","articleSection":["NOT\u00cdCIAS"],"inLanguage":"pt-BR","potentialAction":[{"@type":"CommentAction","name":"Comment","target":["https:\/\/uvbbrasil.com.br\/davi-apresenta-relatorio-preliminar-sobre-auxilio-estados-e-municipios\/#respond"]}]},{"@type":"WebPage","@id":"https:\/\/uvbbrasil.com.br\/davi-apresenta-relatorio-preliminar-sobre-auxilio-estados-e-municipios\/","url":"https:\/\/uvbbrasil.com.br\/davi-apresenta-relatorio-preliminar-sobre-auxilio-estados-e-municipios\/","name":"Davi apresenta relat\u00f3rio preliminar sobre aux\u00edlio a estados e munic\u00edpios - UVB Brasil","isPartOf":{"@id":"https:\/\/uvbbrasil.com.br\/#website"},"primaryImageOfPage":{"@id":"https:\/\/uvbbrasil.com.br\/davi-apresenta-relatorio-preliminar-sobre-auxilio-estados-e-municipios\/#primaryimage"},"image":{"@id":"https:\/\/uvbbrasil.com.br\/davi-apresenta-relatorio-preliminar-sobre-auxilio-estados-e-municipios\/#primaryimage"},"thumbnailUrl":"https:\/\/uvbbrasil.com.br\/wp-content\/uploads\/2020\/04\/davi-30.jpg","datePublished":"2020-05-01T11:00:56+00:00","breadcrumb":{"@id":"https:\/\/uvbbrasil.com.br\/davi-apresenta-relatorio-preliminar-sobre-auxilio-estados-e-municipios\/#breadcrumb"},"inLanguage":"pt-BR","potentialAction":[{"@type":"ReadAction","target":["https:\/\/uvbbrasil.com.br\/davi-apresenta-relatorio-preliminar-sobre-auxilio-estados-e-municipios\/"]}]},{"@type":"ImageObject","inLanguage":"pt-BR","@id":"https:\/\/uvbbrasil.com.br\/davi-apresenta-relatorio-preliminar-sobre-auxilio-estados-e-municipios\/#primaryimage","url":"https:\/\/uvbbrasil.com.br\/wp-content\/uploads\/2020\/04\/davi-30.jpg","contentUrl":"https:\/\/uvbbrasil.com.br\/wp-content\/uploads\/2020\/04\/davi-30.jpg","width":860,"height":570},{"@type":"BreadcrumbList","@id":"https:\/\/uvbbrasil.com.br\/davi-apresenta-relatorio-preliminar-sobre-auxilio-estados-e-municipios\/#breadcrumb","itemListElement":[{"@type":"ListItem","position":1,"name":"In\u00edcio","item":"https:\/\/uvbbrasil.com.br\/"},{"@type":"ListItem","position":2,"name":"Davi apresenta relat\u00f3rio preliminar sobre aux\u00edlio a estados e munic\u00edpios"}]},{"@type":"WebSite","@id":"https:\/\/uvbbrasil.com.br\/#website","url":"https:\/\/uvbbrasil.com.br\/","name":"UVB Brasil","description":"Uni\u00e3o dos Vereadores do Brasil","publisher":{"@id":"https:\/\/uvbbrasil.com.br\/#organization"},"potentialAction":[{"@type":"SearchAction","target":{"@type":"EntryPoint","urlTemplate":"https:\/\/uvbbrasil.com.br\/?s={search_term_string}"},"query-input":{"@type":"PropertyValueSpecification","valueRequired":true,"valueName":"search_term_string"}}],"inLanguage":"pt-BR"},{"@type":"Organization","@id":"https:\/\/uvbbrasil.com.br\/#organization","name":"UVB Brasil","url":"https:\/\/uvbbrasil.com.br\/","logo":{"@type":"ImageObject","inLanguage":"pt-BR","@id":"https:\/\/uvbbrasil.com.br\/#\/schema\/logo\/image\/","url":"https:\/\/uvbbrasil.com.br\/wp-content\/uploads\/2025\/01\/LOGO-UVB-2024-azul-1.jpg","contentUrl":"https:\/\/uvbbrasil.com.br\/wp-content\/uploads\/2025\/01\/LOGO-UVB-2024-azul-1.jpg","width":600,"height":211,"caption":"UVB Brasil"},"image":{"@id":"https:\/\/uvbbrasil.com.br\/#\/schema\/logo\/image\/"},"sameAs":["https:\/\/www.facebook.com\/uvb.vereadoresbrasil","https:\/\/www.instagram.com\/uvbbrasil\/","https:\/\/www.youtube.com\/channel\/UCIlPQ8Xzw5GHNzosQIg9S5A"]},{"@type":"Person","@id":"https:\/\/uvbbrasil.com.br\/#\/schema\/person\/17990098446c098f52effddff4f1b272","name":"adminuvb","image":{"@type":"ImageObject","inLanguage":"pt-BR","@id":"https:\/\/uvbbrasil.com.br\/#\/schema\/person\/image\/","url":"https:\/\/secure.gravatar.com\/avatar\/1a494ea6f8e2dd1ae526e55b0e9497efdba542491e0620d704cccf63c6f77c45?s=96&d=mm&r=g","contentUrl":"https:\/\/secure.gravatar.com\/avatar\/1a494ea6f8e2dd1ae526e55b0e9497efdba542491e0620d704cccf63c6f77c45?s=96&d=mm&r=g","caption":"adminuvb"},"sameAs":["https:\/\/uvbbrasil.com.br"],"url":"https:\/\/uvbbrasil.com.br\/author\/adminuvb\/"}]}},"_links":{"self":[{"href":"https:\/\/uvbbrasil.com.br\/uvb-json\/wp\/v2\/posts\/18513","targetHints":{"allow":["GET"]}}],"collection":[{"href":"https:\/\/uvbbrasil.com.br\/uvb-json\/wp\/v2\/posts"}],"about":[{"href":"https:\/\/uvbbrasil.com.br\/uvb-json\/wp\/v2\/types\/post"}],"author":[{"embeddable":true,"href":"https:\/\/uvbbrasil.com.br\/uvb-json\/wp\/v2\/users\/1"}],"replies":[{"embeddable":true,"href":"https:\/\/uvbbrasil.com.br\/uvb-json\/wp\/v2\/comments?post=18513"}],"version-history":[{"count":0,"href":"https:\/\/uvbbrasil.com.br\/uvb-json\/wp\/v2\/posts\/18513\/revisions"}],"wp:featuredmedia":[{"embeddable":true,"href":"https:\/\/uvbbrasil.com.br\/uvb-json\/wp\/v2\/media\/18514"}],"wp:attachment":[{"href":"https:\/\/uvbbrasil.com.br\/uvb-json\/wp\/v2\/media?parent=18513"}],"wp:term":[{"taxonomy":"category","embeddable":true,"href":"https:\/\/uvbbrasil.com.br\/uvb-json\/wp\/v2\/categories?post=18513"},{"taxonomy":"post_tag","embeddable":true,"href":"https:\/\/uvbbrasil.com.br\/uvb-json\/wp\/v2\/tags?post=18513"}],"curies":[{"name":"wp","href":"https:\/\/api.w.org\/{rel}","templated":true}]}}