{"id":18510,"date":"2020-05-01T07:45:13","date_gmt":"2020-05-01T10:45:13","guid":{"rendered":"https:\/\/wpsandbox4.pante.com.br\/?p=18510"},"modified":"2020-05-01T07:45:13","modified_gmt":"2020-05-01T10:45:13","slug":"vereadores-de-fortaleza-doam-parte-dos-salarios-para-acoes-de-combate-ao-coronavirus-r-82-mil-foram-destinados-saude","status":"publish","type":"post","link":"https:\/\/uvbbrasil.com.br\/vereadores-de-fortaleza-doam-parte-dos-salarios-para-acoes-de-combate-ao-coronavirus-r-82-mil-foram-destinados-saude\/","title":{"rendered":"Vereadores de Fortaleza doam parte dos sal\u00e1rios para a\u00e7\u00f5es de combate ao coronav\u00edrus; R$ 82 mil foram destinados \u00e0 Sa\u00fade"},"content":{"rendered":"<div class=\"title\">\n<div class=\"mc-column content-text active-extra-styles active-capital-letter\" data-block-type=\"unstyled\" data-block-weight=\"34\" data-block-id=\"1\">\n<p class=\"content-text__container theme-color-primary-first-letter\" data-track-category=\"Link no Texto\" data-track-links=\"\">Vereadores de Fortaleza doaram parte dos seus sal\u00e1rios para medidas de preven\u00e7\u00e3o e tratamento da Covid-19. Somente na folha de abril, foram repassados cerca de R$ 82 mil ao Fundo Municipal de Sa\u00fade.<\/p>\n<\/div>\n<div class=\"wall protected-content\">\n<div class=\"mc-column content-text active-extra-styles \" data-block-type=\"unstyled\" data-block-weight=\"47\" data-block-id=\"2\">\n<p class=\"content-text__container \" data-track-category=\"Link no Texto\" data-track-links=\"\">A autoriza\u00e7\u00e3o que permite aos parlamentares a destina\u00e7\u00e3o de parte dos seus sal\u00e1rios foi regulamentada pela C\u00e2mara Municipal de Fortaleza, por meio do Ato da Mesa Diretora publicado no \u00faltimo dia 13 de abril. Na ocasi\u00e3o, cada vereador apresentou voluntariamente a porcentagem que foi descontada.<\/p>\n<\/div>\n<div class=\"mc-column content-text active-extra-styles \" data-block-type=\"unstyled\" data-block-weight=\"33\" data-block-id=\"3\">\n<p class=\"content-text__container \" data-track-category=\"Link no Texto\" data-track-links=\"\">O valor dever\u00e1 ser destinado para a compra de Equipamentos de Prote\u00e7\u00e3o Individual (EPIs) para os profissionais da rede p\u00fablica de sa\u00fade, que atuam no enfrentamento ao coronav\u00edrus, seguindo a orienta\u00e7\u00e3o dos parlamentares.<\/p>\n<\/div>\n<div class=\"mc-column content-text active-extra-styles \" data-block-type=\"unstyled\" data-block-weight=\"54\" data-block-id=\"4\">\n<p class=\"content-text__container \" data-track-category=\"Link no Texto\" data-track-links=\"\">&#8220;N\u00f3s, vereadores, estamos refor\u00e7ando nossa atividade legislativa, propondo e votando projetos para apoiar os fortalezenses neste momento. Mas n\u00e3o \u00e9 s\u00f3 isso. Com esse repasse, estamos refor\u00e7ando tamb\u00e9m nosso papel como cidad\u00e3os, preocupados com essa situa\u00e7\u00e3o que Fortaleza e o mundo todo vive&#8221;, declarou o presidente da C\u00e2mara Municipal de Fortaleza, Ant\u00f4nio Henrique (PDT).<\/p>\n<\/div>\n<div class=\"mc-column content-text active-extra-styles \" data-block-type=\"unstyled\" data-block-weight=\"61\" data-block-id=\"5\">\n<p class=\"content-text__container \" data-track-category=\"Link no Texto\" data-track-links=\"\">Esse foi o segundo m\u00eas consecutivo que a C\u00e2mara Municipal de Fortaleza recolheu doa\u00e7\u00f5es provenientes dos sal\u00e1rios do vereadores. Em mar\u00e7o, os parlamentares destinaram parte dos seus sal\u00e1rios para a compra de cestas b\u00e1sicas que foram repassadas para o movimento Supera Fortaleza, com foco no apoio a profissionais aut\u00f4nomos que estavam impedidos de trabalhar em raz\u00e3o das medidas de isolamento social.<\/p>\n<\/div>\n<div class=\"mc-column content-text active-extra-styles \" data-block-type=\"unstyled\" data-block-weight=\"82\" data-block-id=\"6\">\n<p class=\"content-text__container \" data-track-category=\"Link no Texto\" data-track-links=\"\">De acordo com Ant\u00f4nio Henrique, a proposta de encaminhar o valor para o Fundo Municipal da Sa\u00fade pode vir a se repetir, se necess\u00e1rio. &#8220;Caso a crise se prolongue, temos o compromisso de reunir novamente os l\u00edderes partid\u00e1rios da Casa e debater o destino da verba para o m\u00eas seguinte. Essa ser\u00e1 uma pr\u00e1tica nossa at\u00e9 o fim dessa situa\u00e7\u00e3o, porque entendemos o nosso compromisso com o povo e com aqueles que est\u00e3o na linha de frente no enfrentamento dessa pandemia&#8221;, afirmou.<\/p>\n<\/div>\n<div class=\"content-ads content-ads--reveal\" data-block-type=\"ads\" data-block-id=\"7\">\n<div class=\"mc-column content-text active-extra-styles\" data-block-type=\"raw\" data-block-weight=\"7\" data-block-id=\"8\">\n<div class=\"content-intertitle\">\n<p>Pre\u00e7os abusivos vetados em projeto de lei<\/p>\n<\/div>\n<\/div>\n<div class=\"mc-column content-text active-extra-styles \" data-block-type=\"unstyled\" data-block-weight=\"51\" data-block-id=\"9\">\n<p class=\"content-text__container \" data-track-category=\"Link no Texto\" data-track-links=\"\">Come\u00e7ou a tramitar na Assembleia Legislativa do Cear\u00e1 um projeto de lei que pro\u00edbe o aumento abusivo de pre\u00e7os de produtos ou servi\u00e7os durante a vig\u00eancia do Plano de Conting\u00eancia Estadual de Enfrentamento ao novo coronav\u00edrus (Covid-19). Caso seja aprovada, a lei dever\u00e1 entrar em vigor na sua data de publica\u00e7\u00e3o.<\/p>\n<\/div>\n<div class=\"mc-column content-text active-extra-styles \" data-block-type=\"unstyled\" data-block-weight=\"51\" data-block-id=\"10\">\n<p class=\"content-text__container \" data-track-category=\"Link no Texto\" data-track-links=\"\">O projeto de n\u00ba 66\/2020, de autoria do deputado Guilherme Landim (PDT), prev\u00ea que os fornecedores de todo o Estado que vierem a majorar os pre\u00e7os sem justa causa v\u00e3o sofrer &#8220;san\u00e7\u00f5es administrativas aplicadas pelo Procon Estadual bem como por Procon Municipal, nos termos do C\u00f3digo de Defesa do Consumidor&#8221;.<\/p>\n<\/div>\n<div class=\"mc-column content-text active-extra-styles\" data-block-type=\"raw\" data-block-weight=\"3\" data-block-id=\"11\">\n<div class=\"content-intertitle\">\n<p>Covid-19 no Cear\u00e1<\/p>\n<\/div>\n<\/div>\n<div class=\"mc-column content-text active-extra-styles \" data-block-type=\"unstyled\" data-block-weight=\"55\" data-block-id=\"12\">\n<p class=\"content-text__container \" data-track-category=\"Link no Texto\" data-track-links=\"\">A Secretaria da Sa\u00fade do Cear\u00e1 registrou\u00a0<a href=\"https:\/\/g1.globo.com\/ce\/ceara\/noticia\/2020\/04\/30\/ceara-chega-a-7532-casos-por-covid-19-458-mortes-sao-confirmadas.ghtml\">7.606 casos confirmados do novo coronav\u00edrus (Sars-Cov-2) e j\u00e1 soma 482 \u00f3bitos\u00a0<\/a>em decorr\u00eancia da doen\u00e7a, conforme a plataforma IntegraSUS, atualizada \u00e0s 14h desta quinta-feira (30). Fortaleza, epicentro da contamina\u00e7\u00e3o pelo v\u00edrus no estado, registra 5.875 casos confirmados de infec\u00e7\u00e3o e 373 mortes em decorr\u00eancia da Covid-19.<\/p>\n<\/div>\n<\/div>\n<\/div>\n<\/div>\n<div class=\"medium-centered subtitle\">\n<div class=\"mc-column content-text active-extra-styles\" data-block-type=\"raw\" data-block-weight=\"7\" data-block-id=\"14\">\n<div class=\"content-intertitle\">\n<p>Mais de 60 beb\u00eas infectados no Estado<\/p>\n<\/div>\n<\/div>\n<div class=\"mc-column content-text active-extra-styles \" data-block-type=\"unstyled\" data-block-weight=\"51\" data-block-id=\"15\">\n<p class=\"content-text__container \" data-track-category=\"Link no Texto\" data-track-links=\"\">Nesta quarta, a Sesa divulgou um boletim epidemiol\u00f3gico, apontando que\u00a0<a href=\"https:\/\/g1.globo.com\/ce\/ceara\/noticia\/2020\/04\/29\/novo-coronavirus-infecta-65-bebes-no-ceara.ghtml\">65 crian\u00e7as com at\u00e9 um ano de idade foram infectadas pelo novo coronav\u00edrus no Cear\u00e1<\/a>. Os dados se referem at\u00e9 as 16 h da ter\u00e7a-feira (28). Das 65 crian\u00e7as afetadas, 28 s\u00e3o do sexo masculino, enquanto 37 s\u00e3o do sexo feminino.<\/p>\n<\/div>\n<div class=\"content-ads content-ads--reveal\" data-block-type=\"ads\" data-block-id=\"16\"><\/div>\n<div class=\"mc-column content-text active-extra-styles \" data-block-type=\"unstyled\" data-block-weight=\"41\" data-block-id=\"17\">\n<p class=\"content-text__container \" data-track-category=\"Link no Texto\" data-track-links=\"\">Nove delas, cinco meninas e quatro meninos, precisaram ser hospitalizadas e uma beb\u00ea acabou falecendo. Ela\u00a0<a href=\"https:\/\/g1.globo.com\/ce\/ceara\/noticia\/2020\/04\/06\/bebe-de-3-meses-diagnosticada-com-covid-19-morre-no-interior-do-ceara-por-complicacoes-respiratorias.ghtml\">tinha tr\u00eas meses de idade e morreu em Iguatu<\/a>, no dia 6 de abril, sendo a v\u00edtima mais jovem da Covid-19 no pa\u00eds at\u00e9 ent\u00e3o.<a href=\"https:\/\/uvbbrasil.com.br\/?attachment_id=18511\" rel=\"attachment wp-att-18511\"><img fetchpriority=\"high\" decoding=\"async\" class=\"aligncenter size-full wp-image-18511\" src=\"https:\/\/uvbbrasil.com.br\/wp-content\/uploads\/2020\/04\/CEARA.jpg\" alt=\"\" width=\"300\" height=\"168\" \/><\/a><\/p>\n<\/div>\n<p class=\"content-text__container \" data-track-category=\"Link no Texto\" data-track-links=\"\"><em>fonte<\/em>:https:\/\/g1.globo.com\/ce\/ceara\/noticia<\/p>\n<\/div>\n","protected":false},"excerpt":{"rendered":"<p>Vereadores de Fortaleza doaram parte dos seus sal\u00e1rios para medidas de preven\u00e7\u00e3o e tratamento da Covid-19. Somente na folha de&#8230;<\/p>\n","protected":false},"author":1,"featured_media":18511,"comment_status":"open","ping_status":"open","sticky":false,"template":"","format":"standard","meta":{"footnotes":""},"categories":[3],"tags":[],"class_list":["post-18510","post","type-post","status-publish","format-standard","has-post-thumbnail","hentry","category-noticias"],"yoast_head":"<!-- This site is optimized with the Yoast SEO plugin v26.7 - https:\/\/yoast.com\/wordpress\/plugins\/seo\/ -->\n<title>Vereadores de Fortaleza doam parte dos sal\u00e1rios para a\u00e7\u00f5es de combate ao coronav\u00edrus; R$ 82 mil foram destinados \u00e0 Sa\u00fade - UVB Brasil<\/title>\n<meta name=\"robots\" content=\"index, follow, max-snippet:-1, max-image-preview:large, max-video-preview:-1\" \/>\n<link rel=\"canonical\" href=\"https:\/\/uvbbrasil.com.br\/vereadores-de-fortaleza-doam-parte-dos-salarios-para-acoes-de-combate-ao-coronavirus-r-82-mil-foram-destinados-saude\/\" \/>\n<meta property=\"og:locale\" content=\"pt_BR\" \/>\n<meta property=\"og:type\" content=\"article\" \/>\n<meta property=\"og:title\" content=\"Vereadores de Fortaleza doam parte dos sal\u00e1rios para a\u00e7\u00f5es de combate ao coronav\u00edrus; R$ 82 mil foram destinados \u00e0 Sa\u00fade - UVB Brasil\" \/>\n<meta property=\"og:description\" content=\"Vereadores de Fortaleza doaram parte dos seus sal\u00e1rios para medidas de preven\u00e7\u00e3o e tratamento da Covid-19. Somente na folha de...\" \/>\n<meta property=\"og:url\" content=\"https:\/\/uvbbrasil.com.br\/vereadores-de-fortaleza-doam-parte-dos-salarios-para-acoes-de-combate-ao-coronavirus-r-82-mil-foram-destinados-saude\/\" \/>\n<meta property=\"og:site_name\" content=\"UVB Brasil\" \/>\n<meta property=\"article:publisher\" content=\"https:\/\/www.facebook.com\/uvb.vereadoresbrasil\" \/>\n<meta property=\"article:published_time\" content=\"2020-05-01T10:45:13+00:00\" \/>\n<meta property=\"og:image\" content=\"https:\/\/uvbbrasil.com.br\/wp-content\/uploads\/2020\/04\/CEARA.jpg\" \/>\n\t<meta property=\"og:image:width\" content=\"300\" \/>\n\t<meta property=\"og:image:height\" content=\"168\" \/>\n\t<meta property=\"og:image:type\" content=\"image\/jpeg\" \/>\n<meta name=\"author\" content=\"adminuvb\" \/>\n<meta name=\"twitter:card\" content=\"summary_large_image\" \/>\n<meta name=\"twitter:label1\" content=\"Escrito por\" \/>\n\t<meta name=\"twitter:data1\" content=\"adminuvb\" \/>\n\t<meta name=\"twitter:label2\" content=\"Est. tempo de leitura\" \/>\n\t<meta name=\"twitter:data2\" content=\"3 minutos\" \/>\n<script type=\"application\/ld+json\" class=\"yoast-schema-graph\">{\"@context\":\"https:\/\/schema.org\",\"@graph\":[{\"@type\":\"Article\",\"@id\":\"https:\/\/uvbbrasil.com.br\/vereadores-de-fortaleza-doam-parte-dos-salarios-para-acoes-de-combate-ao-coronavirus-r-82-mil-foram-destinados-saude\/#article\",\"isPartOf\":{\"@id\":\"https:\/\/uvbbrasil.com.br\/vereadores-de-fortaleza-doam-parte-dos-salarios-para-acoes-de-combate-ao-coronavirus-r-82-mil-foram-destinados-saude\/\"},\"author\":{\"name\":\"adminuvb\",\"@id\":\"https:\/\/uvbbrasil.com.br\/#\/schema\/person\/17990098446c098f52effddff4f1b272\"},\"headline\":\"Vereadores de Fortaleza doam parte dos sal\u00e1rios para a\u00e7\u00f5es de combate ao coronav\u00edrus; R$ 82 mil foram destinados \u00e0 Sa\u00fade\",\"datePublished\":\"2020-05-01T10:45:13+00:00\",\"mainEntityOfPage\":{\"@id\":\"https:\/\/uvbbrasil.com.br\/vereadores-de-fortaleza-doam-parte-dos-salarios-para-acoes-de-combate-ao-coronavirus-r-82-mil-foram-destinados-saude\/\"},\"wordCount\":658,\"commentCount\":0,\"publisher\":{\"@id\":\"https:\/\/uvbbrasil.com.br\/#organization\"},\"image\":{\"@id\":\"https:\/\/uvbbrasil.com.br\/vereadores-de-fortaleza-doam-parte-dos-salarios-para-acoes-de-combate-ao-coronavirus-r-82-mil-foram-destinados-saude\/#primaryimage\"},\"thumbnailUrl\":\"https:\/\/uvbbrasil.com.br\/wp-content\/uploads\/2020\/04\/CEARA.jpg\",\"articleSection\":[\"NOT\u00cdCIAS\"],\"inLanguage\":\"pt-BR\",\"potentialAction\":[{\"@type\":\"CommentAction\",\"name\":\"Comment\",\"target\":[\"https:\/\/uvbbrasil.com.br\/vereadores-de-fortaleza-doam-parte-dos-salarios-para-acoes-de-combate-ao-coronavirus-r-82-mil-foram-destinados-saude\/#respond\"]}]},{\"@type\":\"WebPage\",\"@id\":\"https:\/\/uvbbrasil.com.br\/vereadores-de-fortaleza-doam-parte-dos-salarios-para-acoes-de-combate-ao-coronavirus-r-82-mil-foram-destinados-saude\/\",\"url\":\"https:\/\/uvbbrasil.com.br\/vereadores-de-fortaleza-doam-parte-dos-salarios-para-acoes-de-combate-ao-coronavirus-r-82-mil-foram-destinados-saude\/\",\"name\":\"Vereadores de Fortaleza doam parte dos sal\u00e1rios para a\u00e7\u00f5es de combate ao coronav\u00edrus; R$ 82 mil foram destinados \u00e0 Sa\u00fade - UVB Brasil\",\"isPartOf\":{\"@id\":\"https:\/\/uvbbrasil.com.br\/#website\"},\"primaryImageOfPage\":{\"@id\":\"https:\/\/uvbbrasil.com.br\/vereadores-de-fortaleza-doam-parte-dos-salarios-para-acoes-de-combate-ao-coronavirus-r-82-mil-foram-destinados-saude\/#primaryimage\"},\"image\":{\"@id\":\"https:\/\/uvbbrasil.com.br\/vereadores-de-fortaleza-doam-parte-dos-salarios-para-acoes-de-combate-ao-coronavirus-r-82-mil-foram-destinados-saude\/#primaryimage\"},\"thumbnailUrl\":\"https:\/\/uvbbrasil.com.br\/wp-content\/uploads\/2020\/04\/CEARA.jpg\",\"datePublished\":\"2020-05-01T10:45:13+00:00\",\"breadcrumb\":{\"@id\":\"https:\/\/uvbbrasil.com.br\/vereadores-de-fortaleza-doam-parte-dos-salarios-para-acoes-de-combate-ao-coronavirus-r-82-mil-foram-destinados-saude\/#breadcrumb\"},\"inLanguage\":\"pt-BR\",\"potentialAction\":[{\"@type\":\"ReadAction\",\"target\":[\"https:\/\/uvbbrasil.com.br\/vereadores-de-fortaleza-doam-parte-dos-salarios-para-acoes-de-combate-ao-coronavirus-r-82-mil-foram-destinados-saude\/\"]}]},{\"@type\":\"ImageObject\",\"inLanguage\":\"pt-BR\",\"@id\":\"https:\/\/uvbbrasil.com.br\/vereadores-de-fortaleza-doam-parte-dos-salarios-para-acoes-de-combate-ao-coronavirus-r-82-mil-foram-destinados-saude\/#primaryimage\",\"url\":\"https:\/\/uvbbrasil.com.br\/wp-content\/uploads\/2020\/04\/CEARA.jpg\",\"contentUrl\":\"https:\/\/uvbbrasil.com.br\/wp-content\/uploads\/2020\/04\/CEARA.jpg\",\"width\":300,\"height\":168},{\"@type\":\"BreadcrumbList\",\"@id\":\"https:\/\/uvbbrasil.com.br\/vereadores-de-fortaleza-doam-parte-dos-salarios-para-acoes-de-combate-ao-coronavirus-r-82-mil-foram-destinados-saude\/#breadcrumb\",\"itemListElement\":[{\"@type\":\"ListItem\",\"position\":1,\"name\":\"In\u00edcio\",\"item\":\"https:\/\/uvbbrasil.com.br\/\"},{\"@type\":\"ListItem\",\"position\":2,\"name\":\"Vereadores de Fortaleza doam parte dos sal\u00e1rios para a\u00e7\u00f5es de combate ao coronav\u00edrus; R$ 82 mil foram destinados \u00e0 Sa\u00fade\"}]},{\"@type\":\"WebSite\",\"@id\":\"https:\/\/uvbbrasil.com.br\/#website\",\"url\":\"https:\/\/uvbbrasil.com.br\/\",\"name\":\"UVB Brasil\",\"description\":\"Uni\u00e3o dos Vereadores do Brasil\",\"publisher\":{\"@id\":\"https:\/\/uvbbrasil.com.br\/#organization\"},\"potentialAction\":[{\"@type\":\"SearchAction\",\"target\":{\"@type\":\"EntryPoint\",\"urlTemplate\":\"https:\/\/uvbbrasil.com.br\/?s={search_term_string}\"},\"query-input\":{\"@type\":\"PropertyValueSpecification\",\"valueRequired\":true,\"valueName\":\"search_term_string\"}}],\"inLanguage\":\"pt-BR\"},{\"@type\":\"Organization\",\"@id\":\"https:\/\/uvbbrasil.com.br\/#organization\",\"name\":\"UVB Brasil\",\"url\":\"https:\/\/uvbbrasil.com.br\/\",\"logo\":{\"@type\":\"ImageObject\",\"inLanguage\":\"pt-BR\",\"@id\":\"https:\/\/uvbbrasil.com.br\/#\/schema\/logo\/image\/\",\"url\":\"https:\/\/uvbbrasil.com.br\/wp-content\/uploads\/2025\/01\/LOGO-UVB-2024-azul-1.jpg\",\"contentUrl\":\"https:\/\/uvbbrasil.com.br\/wp-content\/uploads\/2025\/01\/LOGO-UVB-2024-azul-1.jpg\",\"width\":600,\"height\":211,\"caption\":\"UVB Brasil\"},\"image\":{\"@id\":\"https:\/\/uvbbrasil.com.br\/#\/schema\/logo\/image\/\"},\"sameAs\":[\"https:\/\/www.facebook.com\/uvb.vereadoresbrasil\",\"https:\/\/www.instagram.com\/uvbbrasil\/\",\"https:\/\/www.youtube.com\/channel\/UCIlPQ8Xzw5GHNzosQIg9S5A\"]},{\"@type\":\"Person\",\"@id\":\"https:\/\/uvbbrasil.com.br\/#\/schema\/person\/17990098446c098f52effddff4f1b272\",\"name\":\"adminuvb\",\"image\":{\"@type\":\"ImageObject\",\"inLanguage\":\"pt-BR\",\"@id\":\"https:\/\/uvbbrasil.com.br\/#\/schema\/person\/image\/\",\"url\":\"https:\/\/secure.gravatar.com\/avatar\/1a494ea6f8e2dd1ae526e55b0e9497efdba542491e0620d704cccf63c6f77c45?s=96&d=mm&r=g\",\"contentUrl\":\"https:\/\/secure.gravatar.com\/avatar\/1a494ea6f8e2dd1ae526e55b0e9497efdba542491e0620d704cccf63c6f77c45?s=96&d=mm&r=g\",\"caption\":\"adminuvb\"},\"sameAs\":[\"https:\/\/uvbbrasil.com.br\"],\"url\":\"https:\/\/uvbbrasil.com.br\/author\/adminuvb\/\"}]}<\/script>\n<!-- \/ Yoast SEO plugin. -->","yoast_head_json":{"title":"Vereadores de Fortaleza doam parte dos sal\u00e1rios para a\u00e7\u00f5es de combate ao coronav\u00edrus; R$ 82 mil foram destinados \u00e0 Sa\u00fade - UVB Brasil","robots":{"index":"index","follow":"follow","max-snippet":"max-snippet:-1","max-image-preview":"max-image-preview:large","max-video-preview":"max-video-preview:-1"},"canonical":"https:\/\/uvbbrasil.com.br\/vereadores-de-fortaleza-doam-parte-dos-salarios-para-acoes-de-combate-ao-coronavirus-r-82-mil-foram-destinados-saude\/","og_locale":"pt_BR","og_type":"article","og_title":"Vereadores de Fortaleza doam parte dos sal\u00e1rios para a\u00e7\u00f5es de combate ao coronav\u00edrus; R$ 82 mil foram destinados \u00e0 Sa\u00fade - UVB Brasil","og_description":"Vereadores de Fortaleza doaram parte dos seus sal\u00e1rios para medidas de preven\u00e7\u00e3o e tratamento da Covid-19. Somente na folha de...","og_url":"https:\/\/uvbbrasil.com.br\/vereadores-de-fortaleza-doam-parte-dos-salarios-para-acoes-de-combate-ao-coronavirus-r-82-mil-foram-destinados-saude\/","og_site_name":"UVB Brasil","article_publisher":"https:\/\/www.facebook.com\/uvb.vereadoresbrasil","article_published_time":"2020-05-01T10:45:13+00:00","og_image":[{"width":300,"height":168,"url":"https:\/\/uvbbrasil.com.br\/wp-content\/uploads\/2020\/04\/CEARA.jpg","type":"image\/jpeg"}],"author":"adminuvb","twitter_card":"summary_large_image","twitter_misc":{"Escrito por":"adminuvb","Est. tempo de leitura":"3 minutos"},"schema":{"@context":"https:\/\/schema.org","@graph":[{"@type":"Article","@id":"https:\/\/uvbbrasil.com.br\/vereadores-de-fortaleza-doam-parte-dos-salarios-para-acoes-de-combate-ao-coronavirus-r-82-mil-foram-destinados-saude\/#article","isPartOf":{"@id":"https:\/\/uvbbrasil.com.br\/vereadores-de-fortaleza-doam-parte-dos-salarios-para-acoes-de-combate-ao-coronavirus-r-82-mil-foram-destinados-saude\/"},"author":{"name":"adminuvb","@id":"https:\/\/uvbbrasil.com.br\/#\/schema\/person\/17990098446c098f52effddff4f1b272"},"headline":"Vereadores de Fortaleza doam parte dos sal\u00e1rios para a\u00e7\u00f5es de combate ao coronav\u00edrus; R$ 82 mil foram destinados \u00e0 Sa\u00fade","datePublished":"2020-05-01T10:45:13+00:00","mainEntityOfPage":{"@id":"https:\/\/uvbbrasil.com.br\/vereadores-de-fortaleza-doam-parte-dos-salarios-para-acoes-de-combate-ao-coronavirus-r-82-mil-foram-destinados-saude\/"},"wordCount":658,"commentCount":0,"publisher":{"@id":"https:\/\/uvbbrasil.com.br\/#organization"},"image":{"@id":"https:\/\/uvbbrasil.com.br\/vereadores-de-fortaleza-doam-parte-dos-salarios-para-acoes-de-combate-ao-coronavirus-r-82-mil-foram-destinados-saude\/#primaryimage"},"thumbnailUrl":"https:\/\/uvbbrasil.com.br\/wp-content\/uploads\/2020\/04\/CEARA.jpg","articleSection":["NOT\u00cdCIAS"],"inLanguage":"pt-BR","potentialAction":[{"@type":"CommentAction","name":"Comment","target":["https:\/\/uvbbrasil.com.br\/vereadores-de-fortaleza-doam-parte-dos-salarios-para-acoes-de-combate-ao-coronavirus-r-82-mil-foram-destinados-saude\/#respond"]}]},{"@type":"WebPage","@id":"https:\/\/uvbbrasil.com.br\/vereadores-de-fortaleza-doam-parte-dos-salarios-para-acoes-de-combate-ao-coronavirus-r-82-mil-foram-destinados-saude\/","url":"https:\/\/uvbbrasil.com.br\/vereadores-de-fortaleza-doam-parte-dos-salarios-para-acoes-de-combate-ao-coronavirus-r-82-mil-foram-destinados-saude\/","name":"Vereadores de Fortaleza doam parte dos sal\u00e1rios para a\u00e7\u00f5es de combate ao coronav\u00edrus; R$ 82 mil foram destinados \u00e0 Sa\u00fade - UVB Brasil","isPartOf":{"@id":"https:\/\/uvbbrasil.com.br\/#website"},"primaryImageOfPage":{"@id":"https:\/\/uvbbrasil.com.br\/vereadores-de-fortaleza-doam-parte-dos-salarios-para-acoes-de-combate-ao-coronavirus-r-82-mil-foram-destinados-saude\/#primaryimage"},"image":{"@id":"https:\/\/uvbbrasil.com.br\/vereadores-de-fortaleza-doam-parte-dos-salarios-para-acoes-de-combate-ao-coronavirus-r-82-mil-foram-destinados-saude\/#primaryimage"},"thumbnailUrl":"https:\/\/uvbbrasil.com.br\/wp-content\/uploads\/2020\/04\/CEARA.jpg","datePublished":"2020-05-01T10:45:13+00:00","breadcrumb":{"@id":"https:\/\/uvbbrasil.com.br\/vereadores-de-fortaleza-doam-parte-dos-salarios-para-acoes-de-combate-ao-coronavirus-r-82-mil-foram-destinados-saude\/#breadcrumb"},"inLanguage":"pt-BR","potentialAction":[{"@type":"ReadAction","target":["https:\/\/uvbbrasil.com.br\/vereadores-de-fortaleza-doam-parte-dos-salarios-para-acoes-de-combate-ao-coronavirus-r-82-mil-foram-destinados-saude\/"]}]},{"@type":"ImageObject","inLanguage":"pt-BR","@id":"https:\/\/uvbbrasil.com.br\/vereadores-de-fortaleza-doam-parte-dos-salarios-para-acoes-de-combate-ao-coronavirus-r-82-mil-foram-destinados-saude\/#primaryimage","url":"https:\/\/uvbbrasil.com.br\/wp-content\/uploads\/2020\/04\/CEARA.jpg","contentUrl":"https:\/\/uvbbrasil.com.br\/wp-content\/uploads\/2020\/04\/CEARA.jpg","width":300,"height":168},{"@type":"BreadcrumbList","@id":"https:\/\/uvbbrasil.com.br\/vereadores-de-fortaleza-doam-parte-dos-salarios-para-acoes-de-combate-ao-coronavirus-r-82-mil-foram-destinados-saude\/#breadcrumb","itemListElement":[{"@type":"ListItem","position":1,"name":"In\u00edcio","item":"https:\/\/uvbbrasil.com.br\/"},{"@type":"ListItem","position":2,"name":"Vereadores de Fortaleza doam parte dos sal\u00e1rios para a\u00e7\u00f5es de combate ao coronav\u00edrus; R$ 82 mil foram destinados \u00e0 Sa\u00fade"}]},{"@type":"WebSite","@id":"https:\/\/uvbbrasil.com.br\/#website","url":"https:\/\/uvbbrasil.com.br\/","name":"UVB Brasil","description":"Uni\u00e3o dos Vereadores do Brasil","publisher":{"@id":"https:\/\/uvbbrasil.com.br\/#organization"},"potentialAction":[{"@type":"SearchAction","target":{"@type":"EntryPoint","urlTemplate":"https:\/\/uvbbrasil.com.br\/?s={search_term_string}"},"query-input":{"@type":"PropertyValueSpecification","valueRequired":true,"valueName":"search_term_string"}}],"inLanguage":"pt-BR"},{"@type":"Organization","@id":"https:\/\/uvbbrasil.com.br\/#organization","name":"UVB Brasil","url":"https:\/\/uvbbrasil.com.br\/","logo":{"@type":"ImageObject","inLanguage":"pt-BR","@id":"https:\/\/uvbbrasil.com.br\/#\/schema\/logo\/image\/","url":"https:\/\/uvbbrasil.com.br\/wp-content\/uploads\/2025\/01\/LOGO-UVB-2024-azul-1.jpg","contentUrl":"https:\/\/uvbbrasil.com.br\/wp-content\/uploads\/2025\/01\/LOGO-UVB-2024-azul-1.jpg","width":600,"height":211,"caption":"UVB Brasil"},"image":{"@id":"https:\/\/uvbbrasil.com.br\/#\/schema\/logo\/image\/"},"sameAs":["https:\/\/www.facebook.com\/uvb.vereadoresbrasil","https:\/\/www.instagram.com\/uvbbrasil\/","https:\/\/www.youtube.com\/channel\/UCIlPQ8Xzw5GHNzosQIg9S5A"]},{"@type":"Person","@id":"https:\/\/uvbbrasil.com.br\/#\/schema\/person\/17990098446c098f52effddff4f1b272","name":"adminuvb","image":{"@type":"ImageObject","inLanguage":"pt-BR","@id":"https:\/\/uvbbrasil.com.br\/#\/schema\/person\/image\/","url":"https:\/\/secure.gravatar.com\/avatar\/1a494ea6f8e2dd1ae526e55b0e9497efdba542491e0620d704cccf63c6f77c45?s=96&d=mm&r=g","contentUrl":"https:\/\/secure.gravatar.com\/avatar\/1a494ea6f8e2dd1ae526e55b0e9497efdba542491e0620d704cccf63c6f77c45?s=96&d=mm&r=g","caption":"adminuvb"},"sameAs":["https:\/\/uvbbrasil.com.br"],"url":"https:\/\/uvbbrasil.com.br\/author\/adminuvb\/"}]}},"_links":{"self":[{"href":"https:\/\/uvbbrasil.com.br\/uvb-json\/wp\/v2\/posts\/18510","targetHints":{"allow":["GET"]}}],"collection":[{"href":"https:\/\/uvbbrasil.com.br\/uvb-json\/wp\/v2\/posts"}],"about":[{"href":"https:\/\/uvbbrasil.com.br\/uvb-json\/wp\/v2\/types\/post"}],"author":[{"embeddable":true,"href":"https:\/\/uvbbrasil.com.br\/uvb-json\/wp\/v2\/users\/1"}],"replies":[{"embeddable":true,"href":"https:\/\/uvbbrasil.com.br\/uvb-json\/wp\/v2\/comments?post=18510"}],"version-history":[{"count":0,"href":"https:\/\/uvbbrasil.com.br\/uvb-json\/wp\/v2\/posts\/18510\/revisions"}],"wp:featuredmedia":[{"embeddable":true,"href":"https:\/\/uvbbrasil.com.br\/uvb-json\/wp\/v2\/media\/18511"}],"wp:attachment":[{"href":"https:\/\/uvbbrasil.com.br\/uvb-json\/wp\/v2\/media?parent=18510"}],"wp:term":[{"taxonomy":"category","embeddable":true,"href":"https:\/\/uvbbrasil.com.br\/uvb-json\/wp\/v2\/categories?post=18510"},{"taxonomy":"post_tag","embeddable":true,"href":"https:\/\/uvbbrasil.com.br\/uvb-json\/wp\/v2\/tags?post=18510"}],"curies":[{"name":"wp","href":"https:\/\/api.w.org\/{rel}","templated":true}]}}