{"id":18437,"date":"2020-04-21T09:37:43","date_gmt":"2020-04-21T12:37:43","guid":{"rendered":"https:\/\/wpsandbox4.pante.com.br\/?p=18437"},"modified":"2020-04-21T09:37:43","modified_gmt":"2020-04-21T12:37:43","slug":"doze-vereadores-trocam-de-partido-em-juiz-de-fora","status":"publish","type":"post","link":"https:\/\/uvbbrasil.com.br\/doze-vereadores-trocam-de-partido-em-juiz-de-fora\/","title":{"rendered":"Doze vereadores trocam de partido em Juiz de Fora"},"content":{"rendered":"<div class=\"mc-column content-text active-extra-styles \" data-block-type=\"unstyled\" data-block-weight=\"51\" data-block-id=\"2\">\n<p class=\"content-text__container \" data-track-category=\"Link no Texto\" data-track-links=\"\">Doze vereadores da C\u00e2mara Municipal de Juiz de Fora trocaram de partido durante a &#8220;janela partid\u00e1ria&#8221;.\u00a0<strong>Veja abaixo a tabela<\/strong>. O per\u00edodo permite que os legisladores que pretendem concorrer \u00e0 reelei\u00e7\u00e3o mudem de coliga\u00e7\u00e3o, sem o risco de perder o mandato eletivo. O prazo terminou no dia 3 de abril.<\/p>\n<\/div>\n<div class=\"wall protected-content\">\n<div class=\"mc-column content-text active-extra-styles \" data-block-type=\"unstyled\" data-block-weight=\"18\" data-block-id=\"3\">\n<p class=\"content-text__container \" data-track-category=\"Link no Texto\" data-track-links=\"\">Segundo o levantamento realizado pelo\u00a0<strong>G1<\/strong>, apenas sete dos 19 legisladores n\u00e3o fizeram a troca. S\u00e3o eles:<\/p>\n<\/div>\n<div class=\"mc-column content-text active-extra-styles\" data-block-type=\"raw\" data-block-weight=\"22\" data-block-id=\"4\">\n<ul class=\"content-unordered-list\">\n<li>Cido Reis: PSB<\/li>\n<li>Carlos Alberto Mello: PTB<\/li>\n<li>Jo\u00e3o Coteca: PL<\/li>\n<li>Jos\u00e9 M\u00e1rcio: PV<\/li>\n<li>J\u00falio Obama: Podemos<\/li>\n<li>Juraci Schefer: PT<\/li>\n<li>Wanderson Castelar: PT<\/li>\n<\/ul>\n<\/div>\n<div class=\"mc-column content-text active-extra-styles \" data-block-type=\"unstyled\" data-block-weight=\"40\" data-block-id=\"5\">\n<p class=\"content-text__container \" data-track-category=\"Link no Texto\" data-track-links=\"\">J\u00e1 doze deles, trocaram de partido. A vereadora Ana Rossignoli, por exemplo, deixou o MDB e migrou para o Patriotas. Adriano Miranda, por sua vez, foi para o PRTB. J\u00e1 Andr\u00e9 Mariano e Luis Ot\u00e1vio Coelho, para o PSL.<\/p>\n<\/div>\n<div class=\"mc-column content-text active-extra-styles \" data-block-type=\"unstyled\" data-block-weight=\"5\" data-block-id=\"6\">\n<p class=\"content-text__container \" data-track-category=\"Link no Texto\" data-track-links=\"\"><strong>Confira abaixo todas as mudan\u00e7as:<\/strong><\/p>\n<\/div>\n<div class=\"row medium-uncollapsed content-text\" data-block-type=\"table-plugin\" data-block-id=\"7\">\n<div class=\"column medium-centered medium-22 large-20\">\n<div class=\"show-table content-media content-media--normal\">\n<p class=\"mc-column show-table__title\">Mudan\u00e7as de partido dos vereadores de Juiz de Fora<\/p>\n<div class=\"show-table__centralized\">\n<div class=\"show-table__container\">\n<table class=\"show-table__content\n        \"><\/p>\n<tbody>\n<tr>\n<td>Vereador<\/td>\n<td>Antigo partido<\/td>\n<td>Atual partido<\/td>\n<\/tr>\n<tr>\n<td>Ana Rossignoli<\/td>\n<td>MDB<\/td>\n<td>Patriotas<\/td>\n<\/tr>\n<tr>\n<td>Adriano Miranda<\/td>\n<td>PHS<\/td>\n<td>PRTB<\/td>\n<\/tr>\n<tr>\n<td>Andr\u00e9 Mariano<\/td>\n<td>PSC<\/td>\n<td>PSL<\/td>\n<\/tr>\n<tr>\n<td>Luis Ot\u00e1vio Coelho (Pardal)<\/td>\n<td>PTC<\/td>\n<td>PSL<\/td>\n<\/tr>\n<tr>\n<td>Ant\u00f4nio Aguiar<\/td>\n<td>MDB<\/td>\n<td>DEM<\/td>\n<\/tr>\n<tr>\n<td>Vagner de Oliveira<\/td>\n<td>PSC<\/td>\n<td>PSB<\/td>\n<\/tr>\n<tr>\n<td>Kennedy Ribeiro<\/td>\n<td>MDB<\/td>\n<td>PV<\/td>\n<\/tr>\n<tr>\n<td>Jos\u00e9 Fiorilo<\/td>\n<td>PTC<\/td>\n<td>PL<\/td>\n<\/tr>\n<tr>\n<td>Marlon Siqueira<\/td>\n<td>MDB<\/td>\n<td>Progressistas<\/td>\n<\/tr>\n<tr>\n<td>Nilton Milit\u00e3o<\/td>\n<td>PTC<\/td>\n<td>PSD<\/td>\n<\/tr>\n<tr>\n<td>Rodrigo Mattos<\/td>\n<td>PHS<\/td>\n<td>Cidadania<\/td>\n<\/tr>\n<tr>\n<td>Wagner Fran\u00e7a<\/td>\n<td>PTB<\/td>\n<td>Cidadania<\/td>\n<\/tr>\n<\/tbody>\n<\/table>\n<\/div>\n<\/div>\n<\/div>\n<p><a href=\"https:\/\/uvbbrasil.com.br\/?attachment_id=18438\" rel=\"attachment wp-att-18438\"><img fetchpriority=\"high\" decoding=\"async\" class=\"aligncenter size-full wp-image-18438\" src=\"https:\/\/uvbbrasil.com.br\/wp-content\/uploads\/2020\/04\/21.jpg\" alt=\"\" width=\"1000\" height=\"604\" srcset=\"https:\/\/uvbbrasil.com.br\/wp-content\/uploads\/2020\/04\/21.jpg 1000w, https:\/\/uvbbrasil.com.br\/wp-content\/uploads\/2020\/04\/21-300x181.jpg 300w, https:\/\/uvbbrasil.com.br\/wp-content\/uploads\/2020\/04\/21-768x464.jpg 768w\" sizes=\"(max-width: 1000px) 100vw, 1000px\" \/><\/a><\/p>\n<\/div>\n<p>fonte:https:\/\/g1.globo.com\/<\/p>\n<\/div>\n<\/div>\n","protected":false},"excerpt":{"rendered":"<p>Doze vereadores da C\u00e2mara Municipal de Juiz de Fora trocaram de partido durante a &#8220;janela partid\u00e1ria&#8221;.\u00a0Veja abaixo a tabela. O&#8230;<\/p>\n","protected":false},"author":1,"featured_media":18438,"comment_status":"open","ping_status":"open","sticky":false,"template":"","format":"standard","meta":{"footnotes":""},"categories":[3],"tags":[],"class_list":["post-18437","post","type-post","status-publish","format-standard","has-post-thumbnail","hentry","category-noticias"],"yoast_head":"<!-- This site is optimized with the Yoast SEO plugin v26.7 - https:\/\/yoast.com\/wordpress\/plugins\/seo\/ -->\n<title>Doze vereadores trocam de partido em Juiz de Fora - UVB Brasil<\/title>\n<meta name=\"robots\" content=\"index, follow, max-snippet:-1, max-image-preview:large, max-video-preview:-1\" \/>\n<link rel=\"canonical\" href=\"https:\/\/uvbbrasil.com.br\/doze-vereadores-trocam-de-partido-em-juiz-de-fora\/\" \/>\n<meta property=\"og:locale\" content=\"pt_BR\" \/>\n<meta property=\"og:type\" content=\"article\" \/>\n<meta property=\"og:title\" content=\"Doze vereadores trocam de partido em Juiz de Fora - UVB Brasil\" \/>\n<meta property=\"og:description\" content=\"Doze vereadores da C\u00e2mara Municipal de Juiz de Fora trocaram de partido durante a &#8220;janela partid\u00e1ria&#8221;.\u00a0Veja abaixo a tabela. O...\" \/>\n<meta property=\"og:url\" content=\"https:\/\/uvbbrasil.com.br\/doze-vereadores-trocam-de-partido-em-juiz-de-fora\/\" \/>\n<meta property=\"og:site_name\" content=\"UVB Brasil\" \/>\n<meta property=\"article:publisher\" content=\"https:\/\/www.facebook.com\/uvb.vereadoresbrasil\" \/>\n<meta property=\"article:published_time\" content=\"2020-04-21T12:37:43+00:00\" \/>\n<meta property=\"og:image\" content=\"https:\/\/uvbbrasil.com.br\/wp-content\/uploads\/2020\/04\/21.jpg\" \/>\n\t<meta property=\"og:image:width\" content=\"1000\" \/>\n\t<meta property=\"og:image:height\" content=\"604\" \/>\n\t<meta property=\"og:image:type\" content=\"image\/jpeg\" \/>\n<meta name=\"author\" content=\"adminuvb\" \/>\n<meta name=\"twitter:card\" content=\"summary_large_image\" \/>\n<meta name=\"twitter:label1\" content=\"Escrito por\" \/>\n\t<meta name=\"twitter:data1\" content=\"adminuvb\" \/>\n\t<meta name=\"twitter:label2\" content=\"Est. tempo de leitura\" \/>\n\t<meta name=\"twitter:data2\" content=\"1 minuto\" \/>\n<script type=\"application\/ld+json\" class=\"yoast-schema-graph\">{\"@context\":\"https:\/\/schema.org\",\"@graph\":[{\"@type\":\"Article\",\"@id\":\"https:\/\/uvbbrasil.com.br\/doze-vereadores-trocam-de-partido-em-juiz-de-fora\/#article\",\"isPartOf\":{\"@id\":\"https:\/\/uvbbrasil.com.br\/doze-vereadores-trocam-de-partido-em-juiz-de-fora\/\"},\"author\":{\"name\":\"adminuvb\",\"@id\":\"https:\/\/uvbbrasil.com.br\/#\/schema\/person\/17990098446c098f52effddff4f1b272\"},\"headline\":\"Doze vereadores trocam de partido em Juiz de Fora\",\"datePublished\":\"2020-04-21T12:37:43+00:00\",\"mainEntityOfPage\":{\"@id\":\"https:\/\/uvbbrasil.com.br\/doze-vereadores-trocam-de-partido-em-juiz-de-fora\/\"},\"wordCount\":226,\"commentCount\":0,\"publisher\":{\"@id\":\"https:\/\/uvbbrasil.com.br\/#organization\"},\"image\":{\"@id\":\"https:\/\/uvbbrasil.com.br\/doze-vereadores-trocam-de-partido-em-juiz-de-fora\/#primaryimage\"},\"thumbnailUrl\":\"https:\/\/uvbbrasil.com.br\/wp-content\/uploads\/2020\/04\/21.jpg\",\"articleSection\":[\"NOT\u00cdCIAS\"],\"inLanguage\":\"pt-BR\",\"potentialAction\":[{\"@type\":\"CommentAction\",\"name\":\"Comment\",\"target\":[\"https:\/\/uvbbrasil.com.br\/doze-vereadores-trocam-de-partido-em-juiz-de-fora\/#respond\"]}]},{\"@type\":\"WebPage\",\"@id\":\"https:\/\/uvbbrasil.com.br\/doze-vereadores-trocam-de-partido-em-juiz-de-fora\/\",\"url\":\"https:\/\/uvbbrasil.com.br\/doze-vereadores-trocam-de-partido-em-juiz-de-fora\/\",\"name\":\"Doze vereadores trocam de partido em Juiz de Fora - UVB Brasil\",\"isPartOf\":{\"@id\":\"https:\/\/uvbbrasil.com.br\/#website\"},\"primaryImageOfPage\":{\"@id\":\"https:\/\/uvbbrasil.com.br\/doze-vereadores-trocam-de-partido-em-juiz-de-fora\/#primaryimage\"},\"image\":{\"@id\":\"https:\/\/uvbbrasil.com.br\/doze-vereadores-trocam-de-partido-em-juiz-de-fora\/#primaryimage\"},\"thumbnailUrl\":\"https:\/\/uvbbrasil.com.br\/wp-content\/uploads\/2020\/04\/21.jpg\",\"datePublished\":\"2020-04-21T12:37:43+00:00\",\"breadcrumb\":{\"@id\":\"https:\/\/uvbbrasil.com.br\/doze-vereadores-trocam-de-partido-em-juiz-de-fora\/#breadcrumb\"},\"inLanguage\":\"pt-BR\",\"potentialAction\":[{\"@type\":\"ReadAction\",\"target\":[\"https:\/\/uvbbrasil.com.br\/doze-vereadores-trocam-de-partido-em-juiz-de-fora\/\"]}]},{\"@type\":\"ImageObject\",\"inLanguage\":\"pt-BR\",\"@id\":\"https:\/\/uvbbrasil.com.br\/doze-vereadores-trocam-de-partido-em-juiz-de-fora\/#primaryimage\",\"url\":\"https:\/\/uvbbrasil.com.br\/wp-content\/uploads\/2020\/04\/21.jpg\",\"contentUrl\":\"https:\/\/uvbbrasil.com.br\/wp-content\/uploads\/2020\/04\/21.jpg\",\"width\":1000,\"height\":604},{\"@type\":\"BreadcrumbList\",\"@id\":\"https:\/\/uvbbrasil.com.br\/doze-vereadores-trocam-de-partido-em-juiz-de-fora\/#breadcrumb\",\"itemListElement\":[{\"@type\":\"ListItem\",\"position\":1,\"name\":\"In\u00edcio\",\"item\":\"https:\/\/uvbbrasil.com.br\/\"},{\"@type\":\"ListItem\",\"position\":2,\"name\":\"Doze vereadores trocam de partido em Juiz de Fora\"}]},{\"@type\":\"WebSite\",\"@id\":\"https:\/\/uvbbrasil.com.br\/#website\",\"url\":\"https:\/\/uvbbrasil.com.br\/\",\"name\":\"UVB Brasil\",\"description\":\"Uni\u00e3o dos Vereadores do Brasil\",\"publisher\":{\"@id\":\"https:\/\/uvbbrasil.com.br\/#organization\"},\"potentialAction\":[{\"@type\":\"SearchAction\",\"target\":{\"@type\":\"EntryPoint\",\"urlTemplate\":\"https:\/\/uvbbrasil.com.br\/?s={search_term_string}\"},\"query-input\":{\"@type\":\"PropertyValueSpecification\",\"valueRequired\":true,\"valueName\":\"search_term_string\"}}],\"inLanguage\":\"pt-BR\"},{\"@type\":\"Organization\",\"@id\":\"https:\/\/uvbbrasil.com.br\/#organization\",\"name\":\"UVB Brasil\",\"url\":\"https:\/\/uvbbrasil.com.br\/\",\"logo\":{\"@type\":\"ImageObject\",\"inLanguage\":\"pt-BR\",\"@id\":\"https:\/\/uvbbrasil.com.br\/#\/schema\/logo\/image\/\",\"url\":\"https:\/\/uvbbrasil.com.br\/wp-content\/uploads\/2025\/01\/LOGO-UVB-2024-azul-1.jpg\",\"contentUrl\":\"https:\/\/uvbbrasil.com.br\/wp-content\/uploads\/2025\/01\/LOGO-UVB-2024-azul-1.jpg\",\"width\":600,\"height\":211,\"caption\":\"UVB Brasil\"},\"image\":{\"@id\":\"https:\/\/uvbbrasil.com.br\/#\/schema\/logo\/image\/\"},\"sameAs\":[\"https:\/\/www.facebook.com\/uvb.vereadoresbrasil\",\"https:\/\/www.instagram.com\/uvbbrasil\/\",\"https:\/\/www.youtube.com\/channel\/UCIlPQ8Xzw5GHNzosQIg9S5A\"]},{\"@type\":\"Person\",\"@id\":\"https:\/\/uvbbrasil.com.br\/#\/schema\/person\/17990098446c098f52effddff4f1b272\",\"name\":\"adminuvb\",\"image\":{\"@type\":\"ImageObject\",\"inLanguage\":\"pt-BR\",\"@id\":\"https:\/\/uvbbrasil.com.br\/#\/schema\/person\/image\/\",\"url\":\"https:\/\/secure.gravatar.com\/avatar\/1a494ea6f8e2dd1ae526e55b0e9497efdba542491e0620d704cccf63c6f77c45?s=96&d=mm&r=g\",\"contentUrl\":\"https:\/\/secure.gravatar.com\/avatar\/1a494ea6f8e2dd1ae526e55b0e9497efdba542491e0620d704cccf63c6f77c45?s=96&d=mm&r=g\",\"caption\":\"adminuvb\"},\"sameAs\":[\"https:\/\/uvbbrasil.com.br\"],\"url\":\"https:\/\/uvbbrasil.com.br\/author\/adminuvb\/\"}]}<\/script>\n<!-- \/ Yoast SEO plugin. -->","yoast_head_json":{"title":"Doze vereadores trocam de partido em Juiz de Fora - UVB Brasil","robots":{"index":"index","follow":"follow","max-snippet":"max-snippet:-1","max-image-preview":"max-image-preview:large","max-video-preview":"max-video-preview:-1"},"canonical":"https:\/\/uvbbrasil.com.br\/doze-vereadores-trocam-de-partido-em-juiz-de-fora\/","og_locale":"pt_BR","og_type":"article","og_title":"Doze vereadores trocam de partido em Juiz de Fora - UVB Brasil","og_description":"Doze vereadores da C\u00e2mara Municipal de Juiz de Fora trocaram de partido durante a &#8220;janela partid\u00e1ria&#8221;.\u00a0Veja abaixo a tabela. O...","og_url":"https:\/\/uvbbrasil.com.br\/doze-vereadores-trocam-de-partido-em-juiz-de-fora\/","og_site_name":"UVB Brasil","article_publisher":"https:\/\/www.facebook.com\/uvb.vereadoresbrasil","article_published_time":"2020-04-21T12:37:43+00:00","og_image":[{"width":1000,"height":604,"url":"https:\/\/uvbbrasil.com.br\/wp-content\/uploads\/2020\/04\/21.jpg","type":"image\/jpeg"}],"author":"adminuvb","twitter_card":"summary_large_image","twitter_misc":{"Escrito por":"adminuvb","Est. tempo de leitura":"1 minuto"},"schema":{"@context":"https:\/\/schema.org","@graph":[{"@type":"Article","@id":"https:\/\/uvbbrasil.com.br\/doze-vereadores-trocam-de-partido-em-juiz-de-fora\/#article","isPartOf":{"@id":"https:\/\/uvbbrasil.com.br\/doze-vereadores-trocam-de-partido-em-juiz-de-fora\/"},"author":{"name":"adminuvb","@id":"https:\/\/uvbbrasil.com.br\/#\/schema\/person\/17990098446c098f52effddff4f1b272"},"headline":"Doze vereadores trocam de partido em Juiz de Fora","datePublished":"2020-04-21T12:37:43+00:00","mainEntityOfPage":{"@id":"https:\/\/uvbbrasil.com.br\/doze-vereadores-trocam-de-partido-em-juiz-de-fora\/"},"wordCount":226,"commentCount":0,"publisher":{"@id":"https:\/\/uvbbrasil.com.br\/#organization"},"image":{"@id":"https:\/\/uvbbrasil.com.br\/doze-vereadores-trocam-de-partido-em-juiz-de-fora\/#primaryimage"},"thumbnailUrl":"https:\/\/uvbbrasil.com.br\/wp-content\/uploads\/2020\/04\/21.jpg","articleSection":["NOT\u00cdCIAS"],"inLanguage":"pt-BR","potentialAction":[{"@type":"CommentAction","name":"Comment","target":["https:\/\/uvbbrasil.com.br\/doze-vereadores-trocam-de-partido-em-juiz-de-fora\/#respond"]}]},{"@type":"WebPage","@id":"https:\/\/uvbbrasil.com.br\/doze-vereadores-trocam-de-partido-em-juiz-de-fora\/","url":"https:\/\/uvbbrasil.com.br\/doze-vereadores-trocam-de-partido-em-juiz-de-fora\/","name":"Doze vereadores trocam de partido em Juiz de Fora - UVB Brasil","isPartOf":{"@id":"https:\/\/uvbbrasil.com.br\/#website"},"primaryImageOfPage":{"@id":"https:\/\/uvbbrasil.com.br\/doze-vereadores-trocam-de-partido-em-juiz-de-fora\/#primaryimage"},"image":{"@id":"https:\/\/uvbbrasil.com.br\/doze-vereadores-trocam-de-partido-em-juiz-de-fora\/#primaryimage"},"thumbnailUrl":"https:\/\/uvbbrasil.com.br\/wp-content\/uploads\/2020\/04\/21.jpg","datePublished":"2020-04-21T12:37:43+00:00","breadcrumb":{"@id":"https:\/\/uvbbrasil.com.br\/doze-vereadores-trocam-de-partido-em-juiz-de-fora\/#breadcrumb"},"inLanguage":"pt-BR","potentialAction":[{"@type":"ReadAction","target":["https:\/\/uvbbrasil.com.br\/doze-vereadores-trocam-de-partido-em-juiz-de-fora\/"]}]},{"@type":"ImageObject","inLanguage":"pt-BR","@id":"https:\/\/uvbbrasil.com.br\/doze-vereadores-trocam-de-partido-em-juiz-de-fora\/#primaryimage","url":"https:\/\/uvbbrasil.com.br\/wp-content\/uploads\/2020\/04\/21.jpg","contentUrl":"https:\/\/uvbbrasil.com.br\/wp-content\/uploads\/2020\/04\/21.jpg","width":1000,"height":604},{"@type":"BreadcrumbList","@id":"https:\/\/uvbbrasil.com.br\/doze-vereadores-trocam-de-partido-em-juiz-de-fora\/#breadcrumb","itemListElement":[{"@type":"ListItem","position":1,"name":"In\u00edcio","item":"https:\/\/uvbbrasil.com.br\/"},{"@type":"ListItem","position":2,"name":"Doze vereadores trocam de partido em Juiz de Fora"}]},{"@type":"WebSite","@id":"https:\/\/uvbbrasil.com.br\/#website","url":"https:\/\/uvbbrasil.com.br\/","name":"UVB Brasil","description":"Uni\u00e3o dos Vereadores do Brasil","publisher":{"@id":"https:\/\/uvbbrasil.com.br\/#organization"},"potentialAction":[{"@type":"SearchAction","target":{"@type":"EntryPoint","urlTemplate":"https:\/\/uvbbrasil.com.br\/?s={search_term_string}"},"query-input":{"@type":"PropertyValueSpecification","valueRequired":true,"valueName":"search_term_string"}}],"inLanguage":"pt-BR"},{"@type":"Organization","@id":"https:\/\/uvbbrasil.com.br\/#organization","name":"UVB Brasil","url":"https:\/\/uvbbrasil.com.br\/","logo":{"@type":"ImageObject","inLanguage":"pt-BR","@id":"https:\/\/uvbbrasil.com.br\/#\/schema\/logo\/image\/","url":"https:\/\/uvbbrasil.com.br\/wp-content\/uploads\/2025\/01\/LOGO-UVB-2024-azul-1.jpg","contentUrl":"https:\/\/uvbbrasil.com.br\/wp-content\/uploads\/2025\/01\/LOGO-UVB-2024-azul-1.jpg","width":600,"height":211,"caption":"UVB Brasil"},"image":{"@id":"https:\/\/uvbbrasil.com.br\/#\/schema\/logo\/image\/"},"sameAs":["https:\/\/www.facebook.com\/uvb.vereadoresbrasil","https:\/\/www.instagram.com\/uvbbrasil\/","https:\/\/www.youtube.com\/channel\/UCIlPQ8Xzw5GHNzosQIg9S5A"]},{"@type":"Person","@id":"https:\/\/uvbbrasil.com.br\/#\/schema\/person\/17990098446c098f52effddff4f1b272","name":"adminuvb","image":{"@type":"ImageObject","inLanguage":"pt-BR","@id":"https:\/\/uvbbrasil.com.br\/#\/schema\/person\/image\/","url":"https:\/\/secure.gravatar.com\/avatar\/1a494ea6f8e2dd1ae526e55b0e9497efdba542491e0620d704cccf63c6f77c45?s=96&d=mm&r=g","contentUrl":"https:\/\/secure.gravatar.com\/avatar\/1a494ea6f8e2dd1ae526e55b0e9497efdba542491e0620d704cccf63c6f77c45?s=96&d=mm&r=g","caption":"adminuvb"},"sameAs":["https:\/\/uvbbrasil.com.br"],"url":"https:\/\/uvbbrasil.com.br\/author\/adminuvb\/"}]}},"_links":{"self":[{"href":"https:\/\/uvbbrasil.com.br\/uvb-json\/wp\/v2\/posts\/18437","targetHints":{"allow":["GET"]}}],"collection":[{"href":"https:\/\/uvbbrasil.com.br\/uvb-json\/wp\/v2\/posts"}],"about":[{"href":"https:\/\/uvbbrasil.com.br\/uvb-json\/wp\/v2\/types\/post"}],"author":[{"embeddable":true,"href":"https:\/\/uvbbrasil.com.br\/uvb-json\/wp\/v2\/users\/1"}],"replies":[{"embeddable":true,"href":"https:\/\/uvbbrasil.com.br\/uvb-json\/wp\/v2\/comments?post=18437"}],"version-history":[{"count":0,"href":"https:\/\/uvbbrasil.com.br\/uvb-json\/wp\/v2\/posts\/18437\/revisions"}],"wp:featuredmedia":[{"embeddable":true,"href":"https:\/\/uvbbrasil.com.br\/uvb-json\/wp\/v2\/media\/18438"}],"wp:attachment":[{"href":"https:\/\/uvbbrasil.com.br\/uvb-json\/wp\/v2\/media?parent=18437"}],"wp:term":[{"taxonomy":"category","embeddable":true,"href":"https:\/\/uvbbrasil.com.br\/uvb-json\/wp\/v2\/categories?post=18437"},{"taxonomy":"post_tag","embeddable":true,"href":"https:\/\/uvbbrasil.com.br\/uvb-json\/wp\/v2\/tags?post=18437"}],"curies":[{"name":"wp","href":"https:\/\/api.w.org\/{rel}","templated":true}]}}