{"id":18396,"date":"2020-04-14T16:30:18","date_gmt":"2020-04-14T19:30:18","guid":{"rendered":"https:\/\/wpsandbox4.pante.com.br\/?p=18396"},"modified":"2020-04-14T16:30:18","modified_gmt":"2020-04-14T19:30:18","slug":"camara-municipal-de-vereadores-faz-repasse-ao-poder-executivo-de-fortaleza-dos-valos","status":"publish","type":"post","link":"https:\/\/uvbbrasil.com.br\/camara-municipal-de-vereadores-faz-repasse-ao-poder-executivo-de-fortaleza-dos-valos\/","title":{"rendered":"C\u00e2mara Municipal de Vereadores faz repasse ao Poder Executivo de Fortaleza dos Valos"},"content":{"rendered":"<p>O Poder Legislativo Municipal de Fortaleza dos Valos repassou no m\u00eas de abril deste ano para a Prefeitura do munic\u00edpio um valor de R$ 39.131,22 (trinta e nove mil, cento e trinta e um reais, com vinte e dois centavos) para investimentos na \u00e1rea da sa\u00fade que atualmente trabalha principalmente na preven\u00e7\u00e3o ao novo Coronav\u00edrus (Covid-19), pandemia mundial.<\/p>\n<p>Por meio de Of\u00edcio Legislativo, o atual Presidente da C\u00e2mara de Vereadores do Munic\u00edpio, Sr. Cl\u00e9ber Stefanello Facco comunicou:<\/p>\n<p>&nbsp;<\/p>\n<p>Of\u00edcio N.\u00ba 018\/2020 em 01 de Abril de 2020<\/p>\n<p>Referente: Repasses do Duod\u00e9cimo \u2013 Atualiza\u00e7\u00e3o de valores do novo RREA.<\/p>\n<p>Excelent\u00edssima Senhora Prefeita:<\/p>\n<p>Ao cumpriment\u00e1-la cordialmente, vimos por meio deste, reafirmar o compromisso do Poder Legislativo junto \u00e0 comunidade de Fortaleza dos Valos, bem como nosso alinhamento junto as a\u00e7\u00f5es do Poder Executivo, onde nossas tratativas, ficamos acordados em abrir m\u00e3o de repasse no nosso Duod\u00e9cimo para que o Poder Executivo Municipal adquirisse 01 respirador, equipamentos e medicamentos para a nossa rede municipal de sa\u00fade, dada a preocupa\u00e7\u00e3o com a pandemia do novo Coronav\u00edrus (COVID19), que infelizmente se alastra pelo mundo, no valor total de R$ 39.131,22 (trinta e nove mil, cento e trinta e um reais, com vinte e dois centavos).<\/p>\n<p>Em um breve di\u00e1logo com o setor de contabilidade, bem como com o Assessor Jur\u00eddico desta casa, Dr. Vin\u00edcius do Couto Freese, temos que a melhor alternativa para realizar esta a\u00e7\u00e3o \u00e9 com a dispensa de repasse da atualiza\u00e7\u00e3o da Receita Efetivamente Realizada no Exerc\u00edcio Anterior (RREA), tendo em vista que os valores considerados da PREA 2019 foram maiores que os estimados em novembro de 2019, momento em que foi aprovada a LDO para este ano.<\/p>\n<p>Tendo em vista o valor diferen\u00e7a entre os or\u00e7amentos, o Poder Legislativo de Fortaleza dos Valos RS, est\u00e1 abrindo m\u00e3o do repasse desta diferen\u00e7a (R$ 30.186,84) trinta mil, cento e oitenta e seis reais, com oitenta e quatro centavos, em prol da \u00e1rea da sa\u00fade de nosso munic\u00edpio.<\/p>\n<p>Em tempo, para que as despesas com a aquisi\u00e7\u00e3o dos equipamentos sejam completamente cobertas pela a\u00e7\u00e3o legislativa, estamos solicitando a redu\u00e7\u00e3o or\u00e7ament\u00e1ria de R$ 8.944,68 (oito mil, novecentos e quarenta e quatro reais, com sessenta e oito centavos) de rubrica.<\/p>\n<p>Assim a soma total dos valores perfaz o quantitativo de R$ 39.131,22 (trinta e nove mil, cento e trinta e um reais, com vinte e dois centavos).<\/p>\n<p>Por fim, a atual gest\u00e3o do Poder Legislativo de Fortaleza dos Valos se coloca \u00e0 disposi\u00e7\u00e3o, para que eventuais d\u00favidas e esclarecimentos necessitem ser sanadas.<\/p>\n<p>Reiteramos os nossos votos de estima e apre\u00e7o.<\/p>\n<p>Atenciosamente, Cl\u00e9ber Stefanello Facco. Presidente.<\/p>\n<p>&nbsp;<\/p>\n<p>Em conversa, o M\u00e9dico que recebeu o equipamento nas depend\u00eancias na Associa\u00e7\u00e3o Fortalezense Bom Pastor (Hospital Bom Pastor), Sr. Erlon Guterres e que tamb\u00e9m \u00e9 membro do grupo de enfrentamento ao Covid-19 no munic\u00edpio salientou: \u201cO ventilador mec\u00e2nico \u00e9 um equipamento desenvolvido para proporcionar ar \u00e0 pacientes que n\u00e3o podem respirar sozinhos. S\u00e3o aparelhos que tem como fun\u00e7\u00e3o principal fortalecer e saturar ciclicamente um determinado volume de g\u00e1s do paciente a fim de oferecer oxig\u00eanio e retirar o di\u00f3xido de carbono.<\/p>\n<p>A respira\u00e7\u00e3o mec\u00e2nica \u00e9 uma maneira de ajudar ou substituir por meio de aparelhos a respira\u00e7\u00e3o normal.<\/p>\n<p>O equipamento adquirido \u00e9 projetado para uso em adultos e crian\u00e7as a cima de 10Kg, podendo ser utilizado no transporte de pacientes em ambul\u00e2ncia, sendo de grande import\u00e2ncia para nosso hospital, uma vez que seu uso quando bem indicado \u00e9 de suma import\u00e2ncia para a evolu\u00e7\u00e3o do paciente.\u201d<\/p>\n<p>Acompanhado pela Prefeita Municipal, Sra. Marcia Rossatto Fredi, o vereador fez a entrega do equipamento e dos materiais para o hospital, onde foram recebidos pelo M\u00e9dico e tamb\u00e9m pela Diretora da Associa\u00e7\u00e3o, Sra. Amanda Maier Nogueira, que entregou \u00e0 Casa Legislativa a lista com a descri\u00e7\u00e3o de todos os materiais e medicamentos obtidos atrav\u00e9s do repasse.<\/p>\n<p>&nbsp;<\/p>\n<p>Ainda preocupado com a sa\u00fade e o bem-estar de todos os mun\u00edcipes fortalezenses, o vereador Cl\u00e9ber deixa a seguinte mensagem: \u201cSensibilizado e preocupado com os nossos mun\u00edcipes devido ao momento que estamos enfrentando em decorr\u00eancia do Covid-19, eu, Cl\u00e9ber Stefanello Facco, Presidente da C\u00e2mara de Vereadores do Munic\u00edpio de Fortaleza dos Valos, disponibilizei dos recursos oriundos do Legislativo R$ 39.131,22 (trinta e nove mil, cento e trinta e um reais, com vinte e dois centavos) para contribuir no enfrentamento desta pandemia que nos amedronta e preocupa tanto como ser humano.<\/p>\n<p>Solid\u00e1rio com a causa devido ao fato de saber que n\u00e3o havia no hospital um equipamento de suporte ventilat\u00f3rio e que este pode significar as diferen\u00e7as na manuten\u00e7\u00e3o da vida dos pacientes. Foram adquiridos um ventilador mec\u00e2nico, testes r\u00e1pidos, medicamentos e materiais necess\u00e1rios elencados pelos profissionais de sa\u00fade que do mesmo modo abra\u00e7am esta causa. Com a certeza e satisfa\u00e7\u00e3o de dever cumprido busquei sempre pensar que n\u00e3o sabemos no dia de amanh\u00e3, quisera ningu\u00e9m precise ocupar, mas se no caso acontecer, saberei que fiz a diferen\u00e7a na vida das pessoas.<\/p>\n<p>Onde se tem sa\u00fade poderemos correr atr\u00e1s do amanh\u00e3&#8230; Sozinhos vamos mais r\u00e1pido, mas juntos vamos mais longe\u201d.<a href=\"https:\/\/uvbbrasil.com.br\/?attachment_id=18397\" rel=\"attachment wp-att-18397\"><img fetchpriority=\"high\" decoding=\"async\" class=\"aligncenter size-full wp-image-18397\" src=\"https:\/\/uvbbrasil.com.br\/wp-content\/uploads\/2020\/04\/ESSA.jpg\" alt=\"\" width=\"3984\" height=\"2656\" \/><\/a><\/p>\n<p>&nbsp;<\/p>\n<p>&nbsp;<\/p>\n","protected":false},"excerpt":{"rendered":"<p>O Poder Legislativo Municipal de Fortaleza dos Valos repassou no m\u00eas de abril deste ano para a Prefeitura do munic\u00edpio&#8230;<\/p>\n","protected":false},"author":1,"featured_media":18397,"comment_status":"open","ping_status":"open","sticky":false,"template":"","format":"standard","meta":{"footnotes":""},"categories":[3],"tags":[],"class_list":["post-18396","post","type-post","status-publish","format-standard","has-post-thumbnail","hentry","category-noticias"],"yoast_head":"<!-- This site is optimized with the Yoast SEO plugin v27.5 - https:\/\/yoast.com\/product\/yoast-seo-wordpress\/ -->\n<title>C\u00e2mara Municipal de Vereadores faz repasse ao Poder Executivo de Fortaleza dos Valos - UVB Brasil<\/title>\n<meta name=\"robots\" content=\"index, follow, max-snippet:-1, max-image-preview:large, max-video-preview:-1\" \/>\n<link rel=\"canonical\" href=\"https:\/\/uvbbrasil.com.br\/camara-municipal-de-vereadores-faz-repasse-ao-poder-executivo-de-fortaleza-dos-valos\/\" \/>\n<meta property=\"og:locale\" content=\"pt_BR\" \/>\n<meta property=\"og:type\" content=\"article\" \/>\n<meta property=\"og:title\" content=\"C\u00e2mara Municipal de Vereadores faz repasse ao Poder Executivo de Fortaleza dos Valos - UVB Brasil\" \/>\n<meta property=\"og:description\" content=\"O Poder Legislativo Municipal de Fortaleza dos Valos repassou no m\u00eas de abril deste ano para a Prefeitura do munic\u00edpio...\" \/>\n<meta property=\"og:url\" content=\"https:\/\/uvbbrasil.com.br\/camara-municipal-de-vereadores-faz-repasse-ao-poder-executivo-de-fortaleza-dos-valos\/\" \/>\n<meta property=\"og:site_name\" content=\"UVB Brasil\" \/>\n<meta property=\"article:publisher\" content=\"https:\/\/www.facebook.com\/uvb.vereadoresbrasil\" \/>\n<meta property=\"article:published_time\" content=\"2020-04-14T19:30:18+00:00\" \/>\n<meta property=\"og:image\" content=\"https:\/\/uvbbrasil.com.br\/wp-content\/uploads\/2020\/04\/ESSA-scaled.jpg\" \/>\n\t<meta property=\"og:image:width\" content=\"2560\" \/>\n\t<meta property=\"og:image:height\" content=\"1707\" \/>\n\t<meta property=\"og:image:type\" content=\"image\/jpeg\" \/>\n<meta name=\"author\" content=\"adminuvb\" \/>\n<meta name=\"twitter:card\" content=\"summary_large_image\" \/>\n<meta name=\"twitter:label1\" content=\"Escrito por\" \/>\n\t<meta name=\"twitter:data1\" content=\"adminuvb\" \/>\n\t<meta name=\"twitter:label2\" content=\"Est. tempo de leitura\" \/>\n\t<meta name=\"twitter:data2\" content=\"5 minutos\" \/>\n<script type=\"application\/ld+json\" class=\"yoast-schema-graph\">{\"@context\":\"https:\\\/\\\/schema.org\",\"@graph\":[{\"@type\":\"Article\",\"@id\":\"https:\\\/\\\/uvbbrasil.com.br\\\/camara-municipal-de-vereadores-faz-repasse-ao-poder-executivo-de-fortaleza-dos-valos\\\/#article\",\"isPartOf\":{\"@id\":\"https:\\\/\\\/uvbbrasil.com.br\\\/camara-municipal-de-vereadores-faz-repasse-ao-poder-executivo-de-fortaleza-dos-valos\\\/\"},\"author\":{\"name\":\"adminuvb\",\"@id\":\"https:\\\/\\\/uvbbrasil.com.br\\\/#\\\/schema\\\/person\\\/17990098446c098f52effddff4f1b272\"},\"headline\":\"C\u00e2mara Municipal de Vereadores faz repasse ao Poder Executivo de Fortaleza dos Valos\",\"datePublished\":\"2020-04-14T19:30:18+00:00\",\"mainEntityOfPage\":{\"@id\":\"https:\\\/\\\/uvbbrasil.com.br\\\/camara-municipal-de-vereadores-faz-repasse-ao-poder-executivo-de-fortaleza-dos-valos\\\/\"},\"wordCount\":917,\"commentCount\":0,\"publisher\":{\"@id\":\"https:\\\/\\\/uvbbrasil.com.br\\\/#organization\"},\"image\":{\"@id\":\"https:\\\/\\\/uvbbrasil.com.br\\\/camara-municipal-de-vereadores-faz-repasse-ao-poder-executivo-de-fortaleza-dos-valos\\\/#primaryimage\"},\"thumbnailUrl\":\"https:\\\/\\\/uvbbrasil.com.br\\\/wp-content\\\/uploads\\\/2020\\\/04\\\/ESSA-scaled.jpg\",\"articleSection\":[\"NOT\u00cdCIAS\"],\"inLanguage\":\"pt-BR\",\"potentialAction\":[{\"@type\":\"CommentAction\",\"name\":\"Comment\",\"target\":[\"https:\\\/\\\/uvbbrasil.com.br\\\/camara-municipal-de-vereadores-faz-repasse-ao-poder-executivo-de-fortaleza-dos-valos\\\/#respond\"]}]},{\"@type\":\"WebPage\",\"@id\":\"https:\\\/\\\/uvbbrasil.com.br\\\/camara-municipal-de-vereadores-faz-repasse-ao-poder-executivo-de-fortaleza-dos-valos\\\/\",\"url\":\"https:\\\/\\\/uvbbrasil.com.br\\\/camara-municipal-de-vereadores-faz-repasse-ao-poder-executivo-de-fortaleza-dos-valos\\\/\",\"name\":\"C\u00e2mara Municipal de Vereadores faz repasse ao Poder Executivo de Fortaleza dos Valos - UVB Brasil\",\"isPartOf\":{\"@id\":\"https:\\\/\\\/uvbbrasil.com.br\\\/#website\"},\"primaryImageOfPage\":{\"@id\":\"https:\\\/\\\/uvbbrasil.com.br\\\/camara-municipal-de-vereadores-faz-repasse-ao-poder-executivo-de-fortaleza-dos-valos\\\/#primaryimage\"},\"image\":{\"@id\":\"https:\\\/\\\/uvbbrasil.com.br\\\/camara-municipal-de-vereadores-faz-repasse-ao-poder-executivo-de-fortaleza-dos-valos\\\/#primaryimage\"},\"thumbnailUrl\":\"https:\\\/\\\/uvbbrasil.com.br\\\/wp-content\\\/uploads\\\/2020\\\/04\\\/ESSA-scaled.jpg\",\"datePublished\":\"2020-04-14T19:30:18+00:00\",\"breadcrumb\":{\"@id\":\"https:\\\/\\\/uvbbrasil.com.br\\\/camara-municipal-de-vereadores-faz-repasse-ao-poder-executivo-de-fortaleza-dos-valos\\\/#breadcrumb\"},\"inLanguage\":\"pt-BR\",\"potentialAction\":[{\"@type\":\"ReadAction\",\"target\":[\"https:\\\/\\\/uvbbrasil.com.br\\\/camara-municipal-de-vereadores-faz-repasse-ao-poder-executivo-de-fortaleza-dos-valos\\\/\"]}]},{\"@type\":\"ImageObject\",\"inLanguage\":\"pt-BR\",\"@id\":\"https:\\\/\\\/uvbbrasil.com.br\\\/camara-municipal-de-vereadores-faz-repasse-ao-poder-executivo-de-fortaleza-dos-valos\\\/#primaryimage\",\"url\":\"https:\\\/\\\/uvbbrasil.com.br\\\/wp-content\\\/uploads\\\/2020\\\/04\\\/ESSA-scaled.jpg\",\"contentUrl\":\"https:\\\/\\\/uvbbrasil.com.br\\\/wp-content\\\/uploads\\\/2020\\\/04\\\/ESSA-scaled.jpg\",\"width\":2560,\"height\":1707},{\"@type\":\"BreadcrumbList\",\"@id\":\"https:\\\/\\\/uvbbrasil.com.br\\\/camara-municipal-de-vereadores-faz-repasse-ao-poder-executivo-de-fortaleza-dos-valos\\\/#breadcrumb\",\"itemListElement\":[{\"@type\":\"ListItem\",\"position\":1,\"name\":\"In\u00edcio\",\"item\":\"https:\\\/\\\/uvbbrasil.com.br\\\/\"},{\"@type\":\"ListItem\",\"position\":2,\"name\":\"C\u00e2mara Municipal de Vereadores faz repasse ao Poder Executivo de Fortaleza dos Valos\"}]},{\"@type\":\"WebSite\",\"@id\":\"https:\\\/\\\/uvbbrasil.com.br\\\/#website\",\"url\":\"https:\\\/\\\/uvbbrasil.com.br\\\/\",\"name\":\"UVB Brasil\",\"description\":\"Uni\u00e3o dos Vereadores do Brasil\",\"publisher\":{\"@id\":\"https:\\\/\\\/uvbbrasil.com.br\\\/#organization\"},\"potentialAction\":[{\"@type\":\"SearchAction\",\"target\":{\"@type\":\"EntryPoint\",\"urlTemplate\":\"https:\\\/\\\/uvbbrasil.com.br\\\/?s={search_term_string}\"},\"query-input\":{\"@type\":\"PropertyValueSpecification\",\"valueRequired\":true,\"valueName\":\"search_term_string\"}}],\"inLanguage\":\"pt-BR\"},{\"@type\":\"Organization\",\"@id\":\"https:\\\/\\\/uvbbrasil.com.br\\\/#organization\",\"name\":\"UVB Brasil\",\"url\":\"https:\\\/\\\/uvbbrasil.com.br\\\/\",\"logo\":{\"@type\":\"ImageObject\",\"inLanguage\":\"pt-BR\",\"@id\":\"https:\\\/\\\/uvbbrasil.com.br\\\/#\\\/schema\\\/logo\\\/image\\\/\",\"url\":\"https:\\\/\\\/uvbbrasil.com.br\\\/wp-content\\\/uploads\\\/2025\\\/01\\\/LOGO-UVB-2024-azul-1.jpg\",\"contentUrl\":\"https:\\\/\\\/uvbbrasil.com.br\\\/wp-content\\\/uploads\\\/2025\\\/01\\\/LOGO-UVB-2024-azul-1.jpg\",\"width\":600,\"height\":211,\"caption\":\"UVB Brasil\"},\"image\":{\"@id\":\"https:\\\/\\\/uvbbrasil.com.br\\\/#\\\/schema\\\/logo\\\/image\\\/\"},\"sameAs\":[\"https:\\\/\\\/www.facebook.com\\\/uvb.vereadoresbrasil\",\"https:\\\/\\\/www.instagram.com\\\/uvbbrasil\\\/\",\"https:\\\/\\\/www.youtube.com\\\/channel\\\/UCIlPQ8Xzw5GHNzosQIg9S5A\"]},{\"@type\":\"Person\",\"@id\":\"https:\\\/\\\/uvbbrasil.com.br\\\/#\\\/schema\\\/person\\\/17990098446c098f52effddff4f1b272\",\"name\":\"adminuvb\",\"image\":{\"@type\":\"ImageObject\",\"inLanguage\":\"pt-BR\",\"@id\":\"https:\\\/\\\/secure.gravatar.com\\\/avatar\\\/1a494ea6f8e2dd1ae526e55b0e9497efdba542491e0620d704cccf63c6f77c45?s=96&d=mm&r=g\",\"url\":\"https:\\\/\\\/secure.gravatar.com\\\/avatar\\\/1a494ea6f8e2dd1ae526e55b0e9497efdba542491e0620d704cccf63c6f77c45?s=96&d=mm&r=g\",\"contentUrl\":\"https:\\\/\\\/secure.gravatar.com\\\/avatar\\\/1a494ea6f8e2dd1ae526e55b0e9497efdba542491e0620d704cccf63c6f77c45?s=96&d=mm&r=g\",\"caption\":\"adminuvb\"},\"sameAs\":[\"https:\\\/\\\/uvbbrasil.com.br\"],\"url\":\"https:\\\/\\\/uvbbrasil.com.br\\\/author\\\/adminuvb\\\/\"}]}<\/script>\n<!-- \/ Yoast SEO plugin. -->","yoast_head_json":{"title":"C\u00e2mara Municipal de Vereadores faz repasse ao Poder Executivo de Fortaleza dos Valos - UVB Brasil","robots":{"index":"index","follow":"follow","max-snippet":"max-snippet:-1","max-image-preview":"max-image-preview:large","max-video-preview":"max-video-preview:-1"},"canonical":"https:\/\/uvbbrasil.com.br\/camara-municipal-de-vereadores-faz-repasse-ao-poder-executivo-de-fortaleza-dos-valos\/","og_locale":"pt_BR","og_type":"article","og_title":"C\u00e2mara Municipal de Vereadores faz repasse ao Poder Executivo de Fortaleza dos Valos - UVB Brasil","og_description":"O Poder Legislativo Municipal de Fortaleza dos Valos repassou no m\u00eas de abril deste ano para a Prefeitura do munic\u00edpio...","og_url":"https:\/\/uvbbrasil.com.br\/camara-municipal-de-vereadores-faz-repasse-ao-poder-executivo-de-fortaleza-dos-valos\/","og_site_name":"UVB Brasil","article_publisher":"https:\/\/www.facebook.com\/uvb.vereadoresbrasil","article_published_time":"2020-04-14T19:30:18+00:00","og_image":[{"width":2560,"height":1707,"url":"https:\/\/uvbbrasil.com.br\/wp-content\/uploads\/2020\/04\/ESSA-scaled.jpg","type":"image\/jpeg"}],"author":"adminuvb","twitter_card":"summary_large_image","twitter_misc":{"Escrito por":"adminuvb","Est. tempo de leitura":"5 minutos"},"schema":{"@context":"https:\/\/schema.org","@graph":[{"@type":"Article","@id":"https:\/\/uvbbrasil.com.br\/camara-municipal-de-vereadores-faz-repasse-ao-poder-executivo-de-fortaleza-dos-valos\/#article","isPartOf":{"@id":"https:\/\/uvbbrasil.com.br\/camara-municipal-de-vereadores-faz-repasse-ao-poder-executivo-de-fortaleza-dos-valos\/"},"author":{"name":"adminuvb","@id":"https:\/\/uvbbrasil.com.br\/#\/schema\/person\/17990098446c098f52effddff4f1b272"},"headline":"C\u00e2mara Municipal de Vereadores faz repasse ao Poder Executivo de Fortaleza dos Valos","datePublished":"2020-04-14T19:30:18+00:00","mainEntityOfPage":{"@id":"https:\/\/uvbbrasil.com.br\/camara-municipal-de-vereadores-faz-repasse-ao-poder-executivo-de-fortaleza-dos-valos\/"},"wordCount":917,"commentCount":0,"publisher":{"@id":"https:\/\/uvbbrasil.com.br\/#organization"},"image":{"@id":"https:\/\/uvbbrasil.com.br\/camara-municipal-de-vereadores-faz-repasse-ao-poder-executivo-de-fortaleza-dos-valos\/#primaryimage"},"thumbnailUrl":"https:\/\/uvbbrasil.com.br\/wp-content\/uploads\/2020\/04\/ESSA-scaled.jpg","articleSection":["NOT\u00cdCIAS"],"inLanguage":"pt-BR","potentialAction":[{"@type":"CommentAction","name":"Comment","target":["https:\/\/uvbbrasil.com.br\/camara-municipal-de-vereadores-faz-repasse-ao-poder-executivo-de-fortaleza-dos-valos\/#respond"]}]},{"@type":"WebPage","@id":"https:\/\/uvbbrasil.com.br\/camara-municipal-de-vereadores-faz-repasse-ao-poder-executivo-de-fortaleza-dos-valos\/","url":"https:\/\/uvbbrasil.com.br\/camara-municipal-de-vereadores-faz-repasse-ao-poder-executivo-de-fortaleza-dos-valos\/","name":"C\u00e2mara Municipal de Vereadores faz repasse ao Poder Executivo de Fortaleza dos Valos - UVB Brasil","isPartOf":{"@id":"https:\/\/uvbbrasil.com.br\/#website"},"primaryImageOfPage":{"@id":"https:\/\/uvbbrasil.com.br\/camara-municipal-de-vereadores-faz-repasse-ao-poder-executivo-de-fortaleza-dos-valos\/#primaryimage"},"image":{"@id":"https:\/\/uvbbrasil.com.br\/camara-municipal-de-vereadores-faz-repasse-ao-poder-executivo-de-fortaleza-dos-valos\/#primaryimage"},"thumbnailUrl":"https:\/\/uvbbrasil.com.br\/wp-content\/uploads\/2020\/04\/ESSA-scaled.jpg","datePublished":"2020-04-14T19:30:18+00:00","breadcrumb":{"@id":"https:\/\/uvbbrasil.com.br\/camara-municipal-de-vereadores-faz-repasse-ao-poder-executivo-de-fortaleza-dos-valos\/#breadcrumb"},"inLanguage":"pt-BR","potentialAction":[{"@type":"ReadAction","target":["https:\/\/uvbbrasil.com.br\/camara-municipal-de-vereadores-faz-repasse-ao-poder-executivo-de-fortaleza-dos-valos\/"]}]},{"@type":"ImageObject","inLanguage":"pt-BR","@id":"https:\/\/uvbbrasil.com.br\/camara-municipal-de-vereadores-faz-repasse-ao-poder-executivo-de-fortaleza-dos-valos\/#primaryimage","url":"https:\/\/uvbbrasil.com.br\/wp-content\/uploads\/2020\/04\/ESSA-scaled.jpg","contentUrl":"https:\/\/uvbbrasil.com.br\/wp-content\/uploads\/2020\/04\/ESSA-scaled.jpg","width":2560,"height":1707},{"@type":"BreadcrumbList","@id":"https:\/\/uvbbrasil.com.br\/camara-municipal-de-vereadores-faz-repasse-ao-poder-executivo-de-fortaleza-dos-valos\/#breadcrumb","itemListElement":[{"@type":"ListItem","position":1,"name":"In\u00edcio","item":"https:\/\/uvbbrasil.com.br\/"},{"@type":"ListItem","position":2,"name":"C\u00e2mara Municipal de Vereadores faz repasse ao Poder Executivo de Fortaleza dos Valos"}]},{"@type":"WebSite","@id":"https:\/\/uvbbrasil.com.br\/#website","url":"https:\/\/uvbbrasil.com.br\/","name":"UVB Brasil","description":"Uni\u00e3o dos Vereadores do Brasil","publisher":{"@id":"https:\/\/uvbbrasil.com.br\/#organization"},"potentialAction":[{"@type":"SearchAction","target":{"@type":"EntryPoint","urlTemplate":"https:\/\/uvbbrasil.com.br\/?s={search_term_string}"},"query-input":{"@type":"PropertyValueSpecification","valueRequired":true,"valueName":"search_term_string"}}],"inLanguage":"pt-BR"},{"@type":"Organization","@id":"https:\/\/uvbbrasil.com.br\/#organization","name":"UVB Brasil","url":"https:\/\/uvbbrasil.com.br\/","logo":{"@type":"ImageObject","inLanguage":"pt-BR","@id":"https:\/\/uvbbrasil.com.br\/#\/schema\/logo\/image\/","url":"https:\/\/uvbbrasil.com.br\/wp-content\/uploads\/2025\/01\/LOGO-UVB-2024-azul-1.jpg","contentUrl":"https:\/\/uvbbrasil.com.br\/wp-content\/uploads\/2025\/01\/LOGO-UVB-2024-azul-1.jpg","width":600,"height":211,"caption":"UVB Brasil"},"image":{"@id":"https:\/\/uvbbrasil.com.br\/#\/schema\/logo\/image\/"},"sameAs":["https:\/\/www.facebook.com\/uvb.vereadoresbrasil","https:\/\/www.instagram.com\/uvbbrasil\/","https:\/\/www.youtube.com\/channel\/UCIlPQ8Xzw5GHNzosQIg9S5A"]},{"@type":"Person","@id":"https:\/\/uvbbrasil.com.br\/#\/schema\/person\/17990098446c098f52effddff4f1b272","name":"adminuvb","image":{"@type":"ImageObject","inLanguage":"pt-BR","@id":"https:\/\/secure.gravatar.com\/avatar\/1a494ea6f8e2dd1ae526e55b0e9497efdba542491e0620d704cccf63c6f77c45?s=96&d=mm&r=g","url":"https:\/\/secure.gravatar.com\/avatar\/1a494ea6f8e2dd1ae526e55b0e9497efdba542491e0620d704cccf63c6f77c45?s=96&d=mm&r=g","contentUrl":"https:\/\/secure.gravatar.com\/avatar\/1a494ea6f8e2dd1ae526e55b0e9497efdba542491e0620d704cccf63c6f77c45?s=96&d=mm&r=g","caption":"adminuvb"},"sameAs":["https:\/\/uvbbrasil.com.br"],"url":"https:\/\/uvbbrasil.com.br\/author\/adminuvb\/"}]}},"_links":{"self":[{"href":"https:\/\/uvbbrasil.com.br\/uvb-json\/wp\/v2\/posts\/18396","targetHints":{"allow":["GET"]}}],"collection":[{"href":"https:\/\/uvbbrasil.com.br\/uvb-json\/wp\/v2\/posts"}],"about":[{"href":"https:\/\/uvbbrasil.com.br\/uvb-json\/wp\/v2\/types\/post"}],"author":[{"embeddable":true,"href":"https:\/\/uvbbrasil.com.br\/uvb-json\/wp\/v2\/users\/1"}],"replies":[{"embeddable":true,"href":"https:\/\/uvbbrasil.com.br\/uvb-json\/wp\/v2\/comments?post=18396"}],"version-history":[{"count":0,"href":"https:\/\/uvbbrasil.com.br\/uvb-json\/wp\/v2\/posts\/18396\/revisions"}],"wp:featuredmedia":[{"embeddable":true,"href":"https:\/\/uvbbrasil.com.br\/uvb-json\/wp\/v2\/media\/18397"}],"wp:attachment":[{"href":"https:\/\/uvbbrasil.com.br\/uvb-json\/wp\/v2\/media?parent=18396"}],"wp:term":[{"taxonomy":"category","embeddable":true,"href":"https:\/\/uvbbrasil.com.br\/uvb-json\/wp\/v2\/categories?post=18396"},{"taxonomy":"post_tag","embeddable":true,"href":"https:\/\/uvbbrasil.com.br\/uvb-json\/wp\/v2\/tags?post=18396"}],"curies":[{"name":"wp","href":"https:\/\/api.w.org\/{rel}","templated":true}]}}