{"id":18327,"date":"2020-04-10T12:25:25","date_gmt":"2020-04-10T15:25:25","guid":{"rendered":"https:\/\/wpsandbox4.pante.com.br\/?p=18327"},"modified":"2020-04-10T12:25:25","modified_gmt":"2020-04-10T15:25:25","slug":"camara-de-irai-rs-cria-comissao-especial-para-acompanhar-acoes-de-prevencao-ao-covid-19-no-municipio","status":"publish","type":"post","link":"https:\/\/uvbbrasil.com.br\/camara-de-irai-rs-cria-comissao-especial-para-acompanhar-acoes-de-prevencao-ao-covid-19-no-municipio\/","title":{"rendered":"C\u00e2mara de Ira\u00ed-RS cria Comiss\u00e3o Especial para acompanhar a\u00e7\u00f5es de preven\u00e7\u00e3o ao Covid-19 no munic\u00edpio"},"content":{"rendered":"<p>A Mesa Diretora do Poder Legislativo anunciou na tarde da quarta-feira, 08, a cria\u00e7\u00e3o da Comiss\u00e3o Especial de Sa\u00fade \u2013 Covid-19, que acompanhar\u00e1 as a\u00e7\u00f5es da Secret\u00e1ria de Sa\u00fade quanto ao enfrentamento \u00e0 epidemia do coronav\u00edrus. A Comiss\u00e3o \u00e9 composta pelos vereadores Vladimir Luis Giotti, Paul\u00e3o Rodrigues, Neli Ribeiro e Antonio Carlos Zanato.<\/p>\n<p>De acordo com a Portaria N\u00ba 001\/2020, que foi aprovada durante a sess\u00e3o extraordin\u00e1ria realizada no dia 27 de mar\u00e7o, a Comiss\u00e3o se faz necess\u00e1rio para acompanhar os servi\u00e7os fornecidos pelo Posto de Sa\u00fade, que ter\u00e1 turno adicional conforme o Projeto de Lei N\u00ba 026\/2020 de autoria do Poder Executivo, bem como as demais a\u00e7\u00f5es de combate ao Covid-19 pela Secretaria Municipal de Sa\u00fade e do Munic\u00edpio de Ira\u00ed, para auxiliar e respaldar a Mesa Diretora da C\u00e2mara de Vereadores.<\/p>\n<p>Por causa da pandemia de coronav\u00edrus, a administra\u00e7\u00e3o municipal entende que \u00e9 imprescind\u00edvel adotar medidas que visam ampliar o acesso da popula\u00e7\u00e3o aos servi\u00e7os de sa\u00fade p\u00fablica. Com isso, o Projeto de Lei N\u00ba 026\/2020, autoriza o Posto de Sa\u00fade atender em turnos complementares de segundas a sextas-feiras nos seguintes hor\u00e1rios \u2013 no turno da manh\u00e3 das 11h30min \u00e0s 13 horas, das 17 horas \u00e0s 21h30min, ou seja, ficar\u00e1 aberto das 7h30min at\u00e9 \u00e0s 21h30min. J\u00e1 aos s\u00e1bados a unidade de sa\u00fade ficar\u00e1 aberta no seguinte hor\u00e1rio das 8 horas \u00e0s 13 horas. O per\u00edodo ser\u00e1 de abril at\u00e9 setembro de 2020.<a href=\"https:\/\/uvbbrasil.com.br\/?attachment_id=18328\" rel=\"attachment wp-att-18328\"><img fetchpriority=\"high\" decoding=\"async\" class=\"aligncenter size-full wp-image-18328\" src=\"https:\/\/uvbbrasil.com.br\/wp-content\/uploads\/2020\/04\/ira-.jpg\" alt=\"\" width=\"650\" height=\"433\" srcset=\"https:\/\/uvbbrasil.com.br\/wp-content\/uploads\/2020\/04\/ira-.jpg 650w, https:\/\/uvbbrasil.com.br\/wp-content\/uploads\/2020\/04\/ira--300x200.jpg 300w\" sizes=\"(max-width: 650px) 100vw, 650px\" \/><\/a><\/p>\n<p>&nbsp;<\/p>\n<p><em>fonte:\u00a0<\/em>https:\/\/irai.rs.leg.br\/<\/p>\n","protected":false},"excerpt":{"rendered":"<p>A Mesa Diretora do Poder Legislativo anunciou na tarde da quarta-feira, 08, a cria\u00e7\u00e3o da Comiss\u00e3o Especial de Sa\u00fade \u2013&#8230;<\/p>\n","protected":false},"author":1,"featured_media":18328,"comment_status":"open","ping_status":"open","sticky":false,"template":"","format":"standard","meta":{"footnotes":""},"categories":[3],"tags":[],"class_list":["post-18327","post","type-post","status-publish","format-standard","has-post-thumbnail","hentry","category-noticias"],"yoast_head":"<!-- This site is optimized with the Yoast SEO plugin v26.7 - https:\/\/yoast.com\/wordpress\/plugins\/seo\/ -->\n<title>C\u00e2mara de Ira\u00ed-RS cria Comiss\u00e3o Especial para acompanhar a\u00e7\u00f5es de preven\u00e7\u00e3o ao Covid-19 no munic\u00edpio - UVB Brasil<\/title>\n<meta name=\"robots\" content=\"index, follow, max-snippet:-1, max-image-preview:large, max-video-preview:-1\" \/>\n<link rel=\"canonical\" href=\"https:\/\/uvbbrasil.com.br\/camara-de-irai-rs-cria-comissao-especial-para-acompanhar-acoes-de-prevencao-ao-covid-19-no-municipio\/\" \/>\n<meta property=\"og:locale\" content=\"pt_BR\" \/>\n<meta property=\"og:type\" content=\"article\" \/>\n<meta property=\"og:title\" content=\"C\u00e2mara de Ira\u00ed-RS cria Comiss\u00e3o Especial para acompanhar a\u00e7\u00f5es de preven\u00e7\u00e3o ao Covid-19 no munic\u00edpio - UVB Brasil\" \/>\n<meta property=\"og:description\" content=\"A Mesa Diretora do Poder Legislativo anunciou na tarde da quarta-feira, 08, a cria\u00e7\u00e3o da Comiss\u00e3o Especial de Sa\u00fade \u2013...\" \/>\n<meta property=\"og:url\" content=\"https:\/\/uvbbrasil.com.br\/camara-de-irai-rs-cria-comissao-especial-para-acompanhar-acoes-de-prevencao-ao-covid-19-no-municipio\/\" \/>\n<meta property=\"og:site_name\" content=\"UVB Brasil\" \/>\n<meta property=\"article:publisher\" content=\"https:\/\/www.facebook.com\/uvb.vereadoresbrasil\" \/>\n<meta property=\"article:published_time\" content=\"2020-04-10T15:25:25+00:00\" \/>\n<meta property=\"og:image\" content=\"https:\/\/uvbbrasil.com.br\/wp-content\/uploads\/2020\/04\/ira-.jpg\" \/>\n\t<meta property=\"og:image:width\" content=\"650\" \/>\n\t<meta property=\"og:image:height\" content=\"433\" \/>\n\t<meta property=\"og:image:type\" content=\"image\/jpeg\" \/>\n<meta name=\"author\" content=\"adminuvb\" \/>\n<meta name=\"twitter:card\" content=\"summary_large_image\" \/>\n<meta name=\"twitter:label1\" content=\"Escrito por\" \/>\n\t<meta name=\"twitter:data1\" content=\"adminuvb\" \/>\n\t<meta name=\"twitter:label2\" content=\"Est. tempo de leitura\" \/>\n\t<meta name=\"twitter:data2\" content=\"1 minuto\" \/>\n<script type=\"application\/ld+json\" class=\"yoast-schema-graph\">{\"@context\":\"https:\/\/schema.org\",\"@graph\":[{\"@type\":\"Article\",\"@id\":\"https:\/\/uvbbrasil.com.br\/camara-de-irai-rs-cria-comissao-especial-para-acompanhar-acoes-de-prevencao-ao-covid-19-no-municipio\/#article\",\"isPartOf\":{\"@id\":\"https:\/\/uvbbrasil.com.br\/camara-de-irai-rs-cria-comissao-especial-para-acompanhar-acoes-de-prevencao-ao-covid-19-no-municipio\/\"},\"author\":{\"name\":\"adminuvb\",\"@id\":\"https:\/\/uvbbrasil.com.br\/#\/schema\/person\/17990098446c098f52effddff4f1b272\"},\"headline\":\"C\u00e2mara de Ira\u00ed-RS cria Comiss\u00e3o Especial para acompanhar a\u00e7\u00f5es de preven\u00e7\u00e3o ao Covid-19 no munic\u00edpio\",\"datePublished\":\"2020-04-10T15:25:25+00:00\",\"mainEntityOfPage\":{\"@id\":\"https:\/\/uvbbrasil.com.br\/camara-de-irai-rs-cria-comissao-especial-para-acompanhar-acoes-de-prevencao-ao-covid-19-no-municipio\/\"},\"wordCount\":285,\"commentCount\":0,\"publisher\":{\"@id\":\"https:\/\/uvbbrasil.com.br\/#organization\"},\"image\":{\"@id\":\"https:\/\/uvbbrasil.com.br\/camara-de-irai-rs-cria-comissao-especial-para-acompanhar-acoes-de-prevencao-ao-covid-19-no-municipio\/#primaryimage\"},\"thumbnailUrl\":\"https:\/\/uvbbrasil.com.br\/wp-content\/uploads\/2020\/04\/ira-.jpg\",\"articleSection\":[\"NOT\u00cdCIAS\"],\"inLanguage\":\"pt-BR\",\"potentialAction\":[{\"@type\":\"CommentAction\",\"name\":\"Comment\",\"target\":[\"https:\/\/uvbbrasil.com.br\/camara-de-irai-rs-cria-comissao-especial-para-acompanhar-acoes-de-prevencao-ao-covid-19-no-municipio\/#respond\"]}]},{\"@type\":\"WebPage\",\"@id\":\"https:\/\/uvbbrasil.com.br\/camara-de-irai-rs-cria-comissao-especial-para-acompanhar-acoes-de-prevencao-ao-covid-19-no-municipio\/\",\"url\":\"https:\/\/uvbbrasil.com.br\/camara-de-irai-rs-cria-comissao-especial-para-acompanhar-acoes-de-prevencao-ao-covid-19-no-municipio\/\",\"name\":\"C\u00e2mara de Ira\u00ed-RS cria Comiss\u00e3o Especial para acompanhar a\u00e7\u00f5es de preven\u00e7\u00e3o ao Covid-19 no munic\u00edpio - UVB Brasil\",\"isPartOf\":{\"@id\":\"https:\/\/uvbbrasil.com.br\/#website\"},\"primaryImageOfPage\":{\"@id\":\"https:\/\/uvbbrasil.com.br\/camara-de-irai-rs-cria-comissao-especial-para-acompanhar-acoes-de-prevencao-ao-covid-19-no-municipio\/#primaryimage\"},\"image\":{\"@id\":\"https:\/\/uvbbrasil.com.br\/camara-de-irai-rs-cria-comissao-especial-para-acompanhar-acoes-de-prevencao-ao-covid-19-no-municipio\/#primaryimage\"},\"thumbnailUrl\":\"https:\/\/uvbbrasil.com.br\/wp-content\/uploads\/2020\/04\/ira-.jpg\",\"datePublished\":\"2020-04-10T15:25:25+00:00\",\"breadcrumb\":{\"@id\":\"https:\/\/uvbbrasil.com.br\/camara-de-irai-rs-cria-comissao-especial-para-acompanhar-acoes-de-prevencao-ao-covid-19-no-municipio\/#breadcrumb\"},\"inLanguage\":\"pt-BR\",\"potentialAction\":[{\"@type\":\"ReadAction\",\"target\":[\"https:\/\/uvbbrasil.com.br\/camara-de-irai-rs-cria-comissao-especial-para-acompanhar-acoes-de-prevencao-ao-covid-19-no-municipio\/\"]}]},{\"@type\":\"ImageObject\",\"inLanguage\":\"pt-BR\",\"@id\":\"https:\/\/uvbbrasil.com.br\/camara-de-irai-rs-cria-comissao-especial-para-acompanhar-acoes-de-prevencao-ao-covid-19-no-municipio\/#primaryimage\",\"url\":\"https:\/\/uvbbrasil.com.br\/wp-content\/uploads\/2020\/04\/ira-.jpg\",\"contentUrl\":\"https:\/\/uvbbrasil.com.br\/wp-content\/uploads\/2020\/04\/ira-.jpg\",\"width\":650,\"height\":433},{\"@type\":\"BreadcrumbList\",\"@id\":\"https:\/\/uvbbrasil.com.br\/camara-de-irai-rs-cria-comissao-especial-para-acompanhar-acoes-de-prevencao-ao-covid-19-no-municipio\/#breadcrumb\",\"itemListElement\":[{\"@type\":\"ListItem\",\"position\":1,\"name\":\"In\u00edcio\",\"item\":\"https:\/\/uvbbrasil.com.br\/\"},{\"@type\":\"ListItem\",\"position\":2,\"name\":\"C\u00e2mara de Ira\u00ed-RS cria Comiss\u00e3o Especial para acompanhar a\u00e7\u00f5es de preven\u00e7\u00e3o ao Covid-19 no munic\u00edpio\"}]},{\"@type\":\"WebSite\",\"@id\":\"https:\/\/uvbbrasil.com.br\/#website\",\"url\":\"https:\/\/uvbbrasil.com.br\/\",\"name\":\"UVB Brasil\",\"description\":\"Uni\u00e3o dos Vereadores do Brasil\",\"publisher\":{\"@id\":\"https:\/\/uvbbrasil.com.br\/#organization\"},\"potentialAction\":[{\"@type\":\"SearchAction\",\"target\":{\"@type\":\"EntryPoint\",\"urlTemplate\":\"https:\/\/uvbbrasil.com.br\/?s={search_term_string}\"},\"query-input\":{\"@type\":\"PropertyValueSpecification\",\"valueRequired\":true,\"valueName\":\"search_term_string\"}}],\"inLanguage\":\"pt-BR\"},{\"@type\":\"Organization\",\"@id\":\"https:\/\/uvbbrasil.com.br\/#organization\",\"name\":\"UVB Brasil\",\"url\":\"https:\/\/uvbbrasil.com.br\/\",\"logo\":{\"@type\":\"ImageObject\",\"inLanguage\":\"pt-BR\",\"@id\":\"https:\/\/uvbbrasil.com.br\/#\/schema\/logo\/image\/\",\"url\":\"https:\/\/uvbbrasil.com.br\/wp-content\/uploads\/2025\/01\/LOGO-UVB-2024-azul-1.jpg\",\"contentUrl\":\"https:\/\/uvbbrasil.com.br\/wp-content\/uploads\/2025\/01\/LOGO-UVB-2024-azul-1.jpg\",\"width\":600,\"height\":211,\"caption\":\"UVB Brasil\"},\"image\":{\"@id\":\"https:\/\/uvbbrasil.com.br\/#\/schema\/logo\/image\/\"},\"sameAs\":[\"https:\/\/www.facebook.com\/uvb.vereadoresbrasil\",\"https:\/\/www.instagram.com\/uvbbrasil\/\",\"https:\/\/www.youtube.com\/channel\/UCIlPQ8Xzw5GHNzosQIg9S5A\"]},{\"@type\":\"Person\",\"@id\":\"https:\/\/uvbbrasil.com.br\/#\/schema\/person\/17990098446c098f52effddff4f1b272\",\"name\":\"adminuvb\",\"image\":{\"@type\":\"ImageObject\",\"inLanguage\":\"pt-BR\",\"@id\":\"https:\/\/uvbbrasil.com.br\/#\/schema\/person\/image\/\",\"url\":\"https:\/\/secure.gravatar.com\/avatar\/1a494ea6f8e2dd1ae526e55b0e9497efdba542491e0620d704cccf63c6f77c45?s=96&d=mm&r=g\",\"contentUrl\":\"https:\/\/secure.gravatar.com\/avatar\/1a494ea6f8e2dd1ae526e55b0e9497efdba542491e0620d704cccf63c6f77c45?s=96&d=mm&r=g\",\"caption\":\"adminuvb\"},\"sameAs\":[\"https:\/\/uvbbrasil.com.br\"],\"url\":\"https:\/\/uvbbrasil.com.br\/author\/adminuvb\/\"}]}<\/script>\n<!-- \/ Yoast SEO plugin. -->","yoast_head_json":{"title":"C\u00e2mara de Ira\u00ed-RS cria Comiss\u00e3o Especial para acompanhar a\u00e7\u00f5es de preven\u00e7\u00e3o ao Covid-19 no munic\u00edpio - UVB Brasil","robots":{"index":"index","follow":"follow","max-snippet":"max-snippet:-1","max-image-preview":"max-image-preview:large","max-video-preview":"max-video-preview:-1"},"canonical":"https:\/\/uvbbrasil.com.br\/camara-de-irai-rs-cria-comissao-especial-para-acompanhar-acoes-de-prevencao-ao-covid-19-no-municipio\/","og_locale":"pt_BR","og_type":"article","og_title":"C\u00e2mara de Ira\u00ed-RS cria Comiss\u00e3o Especial para acompanhar a\u00e7\u00f5es de preven\u00e7\u00e3o ao Covid-19 no munic\u00edpio - UVB Brasil","og_description":"A Mesa Diretora do Poder Legislativo anunciou na tarde da quarta-feira, 08, a cria\u00e7\u00e3o da Comiss\u00e3o Especial de Sa\u00fade \u2013...","og_url":"https:\/\/uvbbrasil.com.br\/camara-de-irai-rs-cria-comissao-especial-para-acompanhar-acoes-de-prevencao-ao-covid-19-no-municipio\/","og_site_name":"UVB Brasil","article_publisher":"https:\/\/www.facebook.com\/uvb.vereadoresbrasil","article_published_time":"2020-04-10T15:25:25+00:00","og_image":[{"width":650,"height":433,"url":"https:\/\/uvbbrasil.com.br\/wp-content\/uploads\/2020\/04\/ira-.jpg","type":"image\/jpeg"}],"author":"adminuvb","twitter_card":"summary_large_image","twitter_misc":{"Escrito por":"adminuvb","Est. tempo de leitura":"1 minuto"},"schema":{"@context":"https:\/\/schema.org","@graph":[{"@type":"Article","@id":"https:\/\/uvbbrasil.com.br\/camara-de-irai-rs-cria-comissao-especial-para-acompanhar-acoes-de-prevencao-ao-covid-19-no-municipio\/#article","isPartOf":{"@id":"https:\/\/uvbbrasil.com.br\/camara-de-irai-rs-cria-comissao-especial-para-acompanhar-acoes-de-prevencao-ao-covid-19-no-municipio\/"},"author":{"name":"adminuvb","@id":"https:\/\/uvbbrasil.com.br\/#\/schema\/person\/17990098446c098f52effddff4f1b272"},"headline":"C\u00e2mara de Ira\u00ed-RS cria Comiss\u00e3o Especial para acompanhar a\u00e7\u00f5es de preven\u00e7\u00e3o ao Covid-19 no munic\u00edpio","datePublished":"2020-04-10T15:25:25+00:00","mainEntityOfPage":{"@id":"https:\/\/uvbbrasil.com.br\/camara-de-irai-rs-cria-comissao-especial-para-acompanhar-acoes-de-prevencao-ao-covid-19-no-municipio\/"},"wordCount":285,"commentCount":0,"publisher":{"@id":"https:\/\/uvbbrasil.com.br\/#organization"},"image":{"@id":"https:\/\/uvbbrasil.com.br\/camara-de-irai-rs-cria-comissao-especial-para-acompanhar-acoes-de-prevencao-ao-covid-19-no-municipio\/#primaryimage"},"thumbnailUrl":"https:\/\/uvbbrasil.com.br\/wp-content\/uploads\/2020\/04\/ira-.jpg","articleSection":["NOT\u00cdCIAS"],"inLanguage":"pt-BR","potentialAction":[{"@type":"CommentAction","name":"Comment","target":["https:\/\/uvbbrasil.com.br\/camara-de-irai-rs-cria-comissao-especial-para-acompanhar-acoes-de-prevencao-ao-covid-19-no-municipio\/#respond"]}]},{"@type":"WebPage","@id":"https:\/\/uvbbrasil.com.br\/camara-de-irai-rs-cria-comissao-especial-para-acompanhar-acoes-de-prevencao-ao-covid-19-no-municipio\/","url":"https:\/\/uvbbrasil.com.br\/camara-de-irai-rs-cria-comissao-especial-para-acompanhar-acoes-de-prevencao-ao-covid-19-no-municipio\/","name":"C\u00e2mara de Ira\u00ed-RS cria Comiss\u00e3o Especial para acompanhar a\u00e7\u00f5es de preven\u00e7\u00e3o ao Covid-19 no munic\u00edpio - UVB Brasil","isPartOf":{"@id":"https:\/\/uvbbrasil.com.br\/#website"},"primaryImageOfPage":{"@id":"https:\/\/uvbbrasil.com.br\/camara-de-irai-rs-cria-comissao-especial-para-acompanhar-acoes-de-prevencao-ao-covid-19-no-municipio\/#primaryimage"},"image":{"@id":"https:\/\/uvbbrasil.com.br\/camara-de-irai-rs-cria-comissao-especial-para-acompanhar-acoes-de-prevencao-ao-covid-19-no-municipio\/#primaryimage"},"thumbnailUrl":"https:\/\/uvbbrasil.com.br\/wp-content\/uploads\/2020\/04\/ira-.jpg","datePublished":"2020-04-10T15:25:25+00:00","breadcrumb":{"@id":"https:\/\/uvbbrasil.com.br\/camara-de-irai-rs-cria-comissao-especial-para-acompanhar-acoes-de-prevencao-ao-covid-19-no-municipio\/#breadcrumb"},"inLanguage":"pt-BR","potentialAction":[{"@type":"ReadAction","target":["https:\/\/uvbbrasil.com.br\/camara-de-irai-rs-cria-comissao-especial-para-acompanhar-acoes-de-prevencao-ao-covid-19-no-municipio\/"]}]},{"@type":"ImageObject","inLanguage":"pt-BR","@id":"https:\/\/uvbbrasil.com.br\/camara-de-irai-rs-cria-comissao-especial-para-acompanhar-acoes-de-prevencao-ao-covid-19-no-municipio\/#primaryimage","url":"https:\/\/uvbbrasil.com.br\/wp-content\/uploads\/2020\/04\/ira-.jpg","contentUrl":"https:\/\/uvbbrasil.com.br\/wp-content\/uploads\/2020\/04\/ira-.jpg","width":650,"height":433},{"@type":"BreadcrumbList","@id":"https:\/\/uvbbrasil.com.br\/camara-de-irai-rs-cria-comissao-especial-para-acompanhar-acoes-de-prevencao-ao-covid-19-no-municipio\/#breadcrumb","itemListElement":[{"@type":"ListItem","position":1,"name":"In\u00edcio","item":"https:\/\/uvbbrasil.com.br\/"},{"@type":"ListItem","position":2,"name":"C\u00e2mara de Ira\u00ed-RS cria Comiss\u00e3o Especial para acompanhar a\u00e7\u00f5es de preven\u00e7\u00e3o ao Covid-19 no munic\u00edpio"}]},{"@type":"WebSite","@id":"https:\/\/uvbbrasil.com.br\/#website","url":"https:\/\/uvbbrasil.com.br\/","name":"UVB Brasil","description":"Uni\u00e3o dos Vereadores do Brasil","publisher":{"@id":"https:\/\/uvbbrasil.com.br\/#organization"},"potentialAction":[{"@type":"SearchAction","target":{"@type":"EntryPoint","urlTemplate":"https:\/\/uvbbrasil.com.br\/?s={search_term_string}"},"query-input":{"@type":"PropertyValueSpecification","valueRequired":true,"valueName":"search_term_string"}}],"inLanguage":"pt-BR"},{"@type":"Organization","@id":"https:\/\/uvbbrasil.com.br\/#organization","name":"UVB Brasil","url":"https:\/\/uvbbrasil.com.br\/","logo":{"@type":"ImageObject","inLanguage":"pt-BR","@id":"https:\/\/uvbbrasil.com.br\/#\/schema\/logo\/image\/","url":"https:\/\/uvbbrasil.com.br\/wp-content\/uploads\/2025\/01\/LOGO-UVB-2024-azul-1.jpg","contentUrl":"https:\/\/uvbbrasil.com.br\/wp-content\/uploads\/2025\/01\/LOGO-UVB-2024-azul-1.jpg","width":600,"height":211,"caption":"UVB Brasil"},"image":{"@id":"https:\/\/uvbbrasil.com.br\/#\/schema\/logo\/image\/"},"sameAs":["https:\/\/www.facebook.com\/uvb.vereadoresbrasil","https:\/\/www.instagram.com\/uvbbrasil\/","https:\/\/www.youtube.com\/channel\/UCIlPQ8Xzw5GHNzosQIg9S5A"]},{"@type":"Person","@id":"https:\/\/uvbbrasil.com.br\/#\/schema\/person\/17990098446c098f52effddff4f1b272","name":"adminuvb","image":{"@type":"ImageObject","inLanguage":"pt-BR","@id":"https:\/\/uvbbrasil.com.br\/#\/schema\/person\/image\/","url":"https:\/\/secure.gravatar.com\/avatar\/1a494ea6f8e2dd1ae526e55b0e9497efdba542491e0620d704cccf63c6f77c45?s=96&d=mm&r=g","contentUrl":"https:\/\/secure.gravatar.com\/avatar\/1a494ea6f8e2dd1ae526e55b0e9497efdba542491e0620d704cccf63c6f77c45?s=96&d=mm&r=g","caption":"adminuvb"},"sameAs":["https:\/\/uvbbrasil.com.br"],"url":"https:\/\/uvbbrasil.com.br\/author\/adminuvb\/"}]}},"_links":{"self":[{"href":"https:\/\/uvbbrasil.com.br\/uvb-json\/wp\/v2\/posts\/18327","targetHints":{"allow":["GET"]}}],"collection":[{"href":"https:\/\/uvbbrasil.com.br\/uvb-json\/wp\/v2\/posts"}],"about":[{"href":"https:\/\/uvbbrasil.com.br\/uvb-json\/wp\/v2\/types\/post"}],"author":[{"embeddable":true,"href":"https:\/\/uvbbrasil.com.br\/uvb-json\/wp\/v2\/users\/1"}],"replies":[{"embeddable":true,"href":"https:\/\/uvbbrasil.com.br\/uvb-json\/wp\/v2\/comments?post=18327"}],"version-history":[{"count":0,"href":"https:\/\/uvbbrasil.com.br\/uvb-json\/wp\/v2\/posts\/18327\/revisions"}],"wp:featuredmedia":[{"embeddable":true,"href":"https:\/\/uvbbrasil.com.br\/uvb-json\/wp\/v2\/media\/18328"}],"wp:attachment":[{"href":"https:\/\/uvbbrasil.com.br\/uvb-json\/wp\/v2\/media?parent=18327"}],"wp:term":[{"taxonomy":"category","embeddable":true,"href":"https:\/\/uvbbrasil.com.br\/uvb-json\/wp\/v2\/categories?post=18327"},{"taxonomy":"post_tag","embeddable":true,"href":"https:\/\/uvbbrasil.com.br\/uvb-json\/wp\/v2\/tags?post=18327"}],"curies":[{"name":"wp","href":"https:\/\/api.w.org\/{rel}","templated":true}]}}