{"id":18324,"date":"2020-04-10T12:20:56","date_gmt":"2020-04-10T15:20:56","guid":{"rendered":"https:\/\/wpsandbox4.pante.com.br\/?p=18324"},"modified":"2020-04-10T12:20:56","modified_gmt":"2020-04-10T15:20:56","slug":"quatro-vereadores-afastados-pela-xeque-mate-reassumem-mandatos-em-cabedelo-pb","status":"publish","type":"post","link":"https:\/\/uvbbrasil.com.br\/quatro-vereadores-afastados-pela-xeque-mate-reassumem-mandatos-em-cabedelo-pb\/","title":{"rendered":"Quatro vereadores afastados pela &#8216;Xeque-Mate&#8217; reassumem mandatos em Cabedelo, PB"},"content":{"rendered":"<div class=\"mc-column content-text active-extra-styles \" data-block-type=\"unstyled\" data-block-weight=\"53\" data-block-id=\"2\">\n<p class=\"content-text__container \" data-track-category=\"Link no Texto\" data-track-links=\"\">Quatro vereadores que tinham sido afastados da C\u00e2mara de Cabedelo, cidade da regi\u00e3o da Grande Jo\u00e3o Pessoa, por envolvimento no esquema de corrup\u00e7\u00e3o desarticulado pela\u00a0<a href=\"https:\/\/g1.globo.com\/pb\/paraiba\/noticia\/entenda-como-a-xeque-mate-derrubou-prefeito-e-vereadores-de-cabedelo.ghtml\">opera\u00e7\u00e3o Xeque-Mate<\/a>\u00a0retornaram na ter\u00e7a-feira (7) aos cargos. Os vereadores empossados novamente \u00e9 acusado de ter recebido R$ 200 mil das m\u00e3os do ex-prefeito Leto Viana, em 2016.<\/p>\n<\/div>\n<div class=\"wall protected-content\">\n<div class=\"mc-column content-text active-extra-styles \" data-block-type=\"unstyled\" data-block-weight=\"68\" data-block-id=\"3\">\n<p class=\"content-text__container \" data-track-category=\"Link no Texto\" data-track-links=\"\">A justificativa para retorno foi a de que o afastamento determinado pela Justi\u00e7a da Para\u00edba foi de 120 dias e o prazo j\u00e1 tinha sido transcorrido sem que o Minist\u00e9rio P\u00fablico pedisse prorroga\u00e7\u00e3o. A presidente da C\u00e2mara de Vereadores de Cabedelo, Gra\u00e7a Rezende (MDB), empossou os vereadores Benone Bernardo da Silva (PRP), Josimar de Lima Silva (PRP), Janderson Bezerril de Brito (PSDB) e Jonas Pequeno dos Santos (PSDB).<\/p>\n<\/div>\n<div class=\"mc-column content-text active-extra-styles \" data-block-type=\"unstyled\" data-block-weight=\"48\" data-block-id=\"4\">\n<p class=\"content-text__container \" data-track-category=\"Link no Texto\" data-track-links=\"\">De acordo com as investiga\u00e7\u00f5es do Minist\u00e9rio P\u00fablico da Para\u00edba e da Pol\u00edcia Federal, os quatro afastados empossados tinham sido\u00a0<a href=\"https:\/\/g1.globo.com\/pb\/paraiba\/noticia\/2019\/12\/04\/sexta-fase-da-xeque-mate-investiga-comercio-de-mandatos-de-vereadores-em-cabedelo-pb.ghtmlhttps:\/\/g1.globo.com\/pb\/paraiba\/noticia\/2019\/12\/04\/sexta-fase-da-xeque-mate-investiga-comercio-de-mandatos-de-vereadores-em-cabedelo-pb.ghtml\">afastados na sexta 6\u00aa fase da Xeque-Mate<\/a>. Eles n\u00e3o integravam a lista dos primeiros 10 vereadores que foram alvo da 1\u00aa fase, desencadeada em abril de 2018.<\/p>\n<\/div>\n<div class=\"mc-column content-text active-extra-styles \" data-block-type=\"unstyled\" data-block-weight=\"47\" data-block-id=\"6\">\n<p class=\"content-text__container \" data-track-category=\"Link no Texto\" data-track-links=\"\">Ainda de acordo com o MP, os quatro vereadores se tornaram suplentes nas elei\u00e7\u00f5es de 2016 e teriam recebido das m\u00e3os do ent\u00e3o prefeito Leto Viana vantagem indevida naquele pleito. Cada um teria recebido R$ 200 mil para integrar a chapa governista (legislatura de 2017 a 2020).<\/p>\n<\/div>\n<div class=\"content-ads content-ads--reveal\" data-block-type=\"ads\" data-block-id=\"7\"><\/div>\n<div class=\"mc-column content-text active-extra-styles \" data-block-type=\"unstyled\" data-block-weight=\"61\" data-block-id=\"8\">\n<p class=\"content-text__container \" data-track-category=\"Link no Texto\" data-track-links=\"\">Os r\u00e9us na a\u00e7\u00e3o teriam assumindo, com o recebimento do dinheiro, o \u201ccompromisso de satisfazer os interesses pessoais de Leto Viana, de seus aliados (membros da organiza\u00e7\u00e3o investigada), assim como os desejos anticoncorrenciais do empres\u00e1rio Roberto Santiago\u201d, diz trecho da den\u00fancia. Al\u00e9m dos quatro vereadores, o empres\u00e1rio Roberto Santiago e o ex-prefeito Leto Viana foram denunciados na 6\u00aa fase da Xeque-Mate.<\/p>\n<\/div>\n<div data-track-category=\"multicontent\" data-track-action=\"ultimo chunk conteudo\" data-track-noninteraction=\"false\" data-track-scroll=\"view\">\n<div class=\"mc-column content-text active-extra-styles \" data-block-type=\"unstyled\" data-block-weight=\"26\" data-block-id=\"9\">\n<p class=\"content-text__container \" data-track-category=\"Link no Texto\" data-track-links=\"\">Os quatro respondem por acusa\u00e7\u00f5es de corrup\u00e7\u00e3o passiva. O Minist\u00e9rio P\u00fablico Estadual requereu, ainda, a repara\u00e7\u00e3o pelos danos materiais e morais praticados, entre outras medidas pertinentes.<a href=\"https:\/\/uvbbrasil.com.br\/?attachment_id=18325\" rel=\"attachment wp-att-18325\"><img fetchpriority=\"high\" decoding=\"async\" class=\"aligncenter size-full wp-image-18325\" src=\"https:\/\/uvbbrasil.com.br\/wp-content\/uploads\/2020\/04\/paraiba.jpg\" alt=\"\" width=\"1000\" height=\"750\" srcset=\"https:\/\/uvbbrasil.com.br\/wp-content\/uploads\/2020\/04\/paraiba.jpg 1000w, https:\/\/uvbbrasil.com.br\/wp-content\/uploads\/2020\/04\/paraiba-300x225.jpg 300w, https:\/\/uvbbrasil.com.br\/wp-content\/uploads\/2020\/04\/paraiba-768x576.jpg 768w\" sizes=\"(max-width: 1000px) 100vw, 1000px\" \/><\/a><\/p>\n<p class=\"content-text__container \" data-track-category=\"Link no Texto\" data-track-links=\"\"><em>fonte<\/em>:https:\/\/g1.globo.com\/pb\/paraiba\/<\/p>\n<\/div>\n<\/div>\n<\/div>\n","protected":false},"excerpt":{"rendered":"<p>Quatro vereadores que tinham sido afastados da C\u00e2mara de Cabedelo, cidade da regi\u00e3o da Grande Jo\u00e3o Pessoa, por envolvimento no&#8230;<\/p>\n","protected":false},"author":1,"featured_media":18325,"comment_status":"open","ping_status":"open","sticky":false,"template":"","format":"standard","meta":{"footnotes":""},"categories":[3],"tags":[],"class_list":["post-18324","post","type-post","status-publish","format-standard","has-post-thumbnail","hentry","category-noticias"],"yoast_head":"<!-- This site is optimized with the Yoast SEO plugin v26.7 - https:\/\/yoast.com\/wordpress\/plugins\/seo\/ -->\n<title>Quatro vereadores afastados pela &#039;Xeque-Mate&#039; reassumem mandatos em Cabedelo, PB - UVB Brasil<\/title>\n<meta name=\"robots\" content=\"index, follow, max-snippet:-1, max-image-preview:large, max-video-preview:-1\" \/>\n<link rel=\"canonical\" href=\"https:\/\/uvbbrasil.com.br\/quatro-vereadores-afastados-pela-xeque-mate-reassumem-mandatos-em-cabedelo-pb\/\" \/>\n<meta property=\"og:locale\" content=\"pt_BR\" \/>\n<meta property=\"og:type\" content=\"article\" \/>\n<meta property=\"og:title\" content=\"Quatro vereadores afastados pela &#039;Xeque-Mate&#039; reassumem mandatos em Cabedelo, PB - UVB Brasil\" \/>\n<meta property=\"og:description\" content=\"Quatro vereadores que tinham sido afastados da C\u00e2mara de Cabedelo, cidade da regi\u00e3o da Grande Jo\u00e3o Pessoa, por envolvimento no...\" \/>\n<meta property=\"og:url\" content=\"https:\/\/uvbbrasil.com.br\/quatro-vereadores-afastados-pela-xeque-mate-reassumem-mandatos-em-cabedelo-pb\/\" \/>\n<meta property=\"og:site_name\" content=\"UVB Brasil\" \/>\n<meta property=\"article:publisher\" content=\"https:\/\/www.facebook.com\/uvb.vereadoresbrasil\" \/>\n<meta property=\"article:published_time\" content=\"2020-04-10T15:20:56+00:00\" \/>\n<meta property=\"og:image\" content=\"https:\/\/uvbbrasil.com.br\/wp-content\/uploads\/2020\/04\/paraiba.jpg\" \/>\n\t<meta property=\"og:image:width\" content=\"1000\" \/>\n\t<meta property=\"og:image:height\" content=\"750\" \/>\n\t<meta property=\"og:image:type\" content=\"image\/jpeg\" \/>\n<meta name=\"author\" content=\"adminuvb\" \/>\n<meta name=\"twitter:card\" content=\"summary_large_image\" \/>\n<meta name=\"twitter:label1\" content=\"Escrito por\" \/>\n\t<meta name=\"twitter:data1\" content=\"adminuvb\" \/>\n\t<meta name=\"twitter:label2\" content=\"Est. tempo de leitura\" \/>\n\t<meta name=\"twitter:data2\" content=\"2 minutos\" \/>\n<script type=\"application\/ld+json\" class=\"yoast-schema-graph\">{\"@context\":\"https:\/\/schema.org\",\"@graph\":[{\"@type\":\"Article\",\"@id\":\"https:\/\/uvbbrasil.com.br\/quatro-vereadores-afastados-pela-xeque-mate-reassumem-mandatos-em-cabedelo-pb\/#article\",\"isPartOf\":{\"@id\":\"https:\/\/uvbbrasil.com.br\/quatro-vereadores-afastados-pela-xeque-mate-reassumem-mandatos-em-cabedelo-pb\/\"},\"author\":{\"name\":\"adminuvb\",\"@id\":\"https:\/\/uvbbrasil.com.br\/#\/schema\/person\/17990098446c098f52effddff4f1b272\"},\"headline\":\"Quatro vereadores afastados pela &#8216;Xeque-Mate&#8217; reassumem mandatos em Cabedelo, PB\",\"datePublished\":\"2020-04-10T15:20:56+00:00\",\"mainEntityOfPage\":{\"@id\":\"https:\/\/uvbbrasil.com.br\/quatro-vereadores-afastados-pela-xeque-mate-reassumem-mandatos-em-cabedelo-pb\/\"},\"wordCount\":340,\"commentCount\":0,\"publisher\":{\"@id\":\"https:\/\/uvbbrasil.com.br\/#organization\"},\"image\":{\"@id\":\"https:\/\/uvbbrasil.com.br\/quatro-vereadores-afastados-pela-xeque-mate-reassumem-mandatos-em-cabedelo-pb\/#primaryimage\"},\"thumbnailUrl\":\"https:\/\/uvbbrasil.com.br\/wp-content\/uploads\/2020\/04\/paraiba.jpg\",\"articleSection\":[\"NOT\u00cdCIAS\"],\"inLanguage\":\"pt-BR\",\"potentialAction\":[{\"@type\":\"CommentAction\",\"name\":\"Comment\",\"target\":[\"https:\/\/uvbbrasil.com.br\/quatro-vereadores-afastados-pela-xeque-mate-reassumem-mandatos-em-cabedelo-pb\/#respond\"]}]},{\"@type\":\"WebPage\",\"@id\":\"https:\/\/uvbbrasil.com.br\/quatro-vereadores-afastados-pela-xeque-mate-reassumem-mandatos-em-cabedelo-pb\/\",\"url\":\"https:\/\/uvbbrasil.com.br\/quatro-vereadores-afastados-pela-xeque-mate-reassumem-mandatos-em-cabedelo-pb\/\",\"name\":\"Quatro vereadores afastados pela 'Xeque-Mate' reassumem mandatos em Cabedelo, PB - UVB Brasil\",\"isPartOf\":{\"@id\":\"https:\/\/uvbbrasil.com.br\/#website\"},\"primaryImageOfPage\":{\"@id\":\"https:\/\/uvbbrasil.com.br\/quatro-vereadores-afastados-pela-xeque-mate-reassumem-mandatos-em-cabedelo-pb\/#primaryimage\"},\"image\":{\"@id\":\"https:\/\/uvbbrasil.com.br\/quatro-vereadores-afastados-pela-xeque-mate-reassumem-mandatos-em-cabedelo-pb\/#primaryimage\"},\"thumbnailUrl\":\"https:\/\/uvbbrasil.com.br\/wp-content\/uploads\/2020\/04\/paraiba.jpg\",\"datePublished\":\"2020-04-10T15:20:56+00:00\",\"breadcrumb\":{\"@id\":\"https:\/\/uvbbrasil.com.br\/quatro-vereadores-afastados-pela-xeque-mate-reassumem-mandatos-em-cabedelo-pb\/#breadcrumb\"},\"inLanguage\":\"pt-BR\",\"potentialAction\":[{\"@type\":\"ReadAction\",\"target\":[\"https:\/\/uvbbrasil.com.br\/quatro-vereadores-afastados-pela-xeque-mate-reassumem-mandatos-em-cabedelo-pb\/\"]}]},{\"@type\":\"ImageObject\",\"inLanguage\":\"pt-BR\",\"@id\":\"https:\/\/uvbbrasil.com.br\/quatro-vereadores-afastados-pela-xeque-mate-reassumem-mandatos-em-cabedelo-pb\/#primaryimage\",\"url\":\"https:\/\/uvbbrasil.com.br\/wp-content\/uploads\/2020\/04\/paraiba.jpg\",\"contentUrl\":\"https:\/\/uvbbrasil.com.br\/wp-content\/uploads\/2020\/04\/paraiba.jpg\",\"width\":1000,\"height\":750},{\"@type\":\"BreadcrumbList\",\"@id\":\"https:\/\/uvbbrasil.com.br\/quatro-vereadores-afastados-pela-xeque-mate-reassumem-mandatos-em-cabedelo-pb\/#breadcrumb\",\"itemListElement\":[{\"@type\":\"ListItem\",\"position\":1,\"name\":\"In\u00edcio\",\"item\":\"https:\/\/uvbbrasil.com.br\/\"},{\"@type\":\"ListItem\",\"position\":2,\"name\":\"Quatro vereadores afastados pela &#8216;Xeque-Mate&#8217; reassumem mandatos em Cabedelo, PB\"}]},{\"@type\":\"WebSite\",\"@id\":\"https:\/\/uvbbrasil.com.br\/#website\",\"url\":\"https:\/\/uvbbrasil.com.br\/\",\"name\":\"UVB Brasil\",\"description\":\"Uni\u00e3o dos Vereadores do Brasil\",\"publisher\":{\"@id\":\"https:\/\/uvbbrasil.com.br\/#organization\"},\"potentialAction\":[{\"@type\":\"SearchAction\",\"target\":{\"@type\":\"EntryPoint\",\"urlTemplate\":\"https:\/\/uvbbrasil.com.br\/?s={search_term_string}\"},\"query-input\":{\"@type\":\"PropertyValueSpecification\",\"valueRequired\":true,\"valueName\":\"search_term_string\"}}],\"inLanguage\":\"pt-BR\"},{\"@type\":\"Organization\",\"@id\":\"https:\/\/uvbbrasil.com.br\/#organization\",\"name\":\"UVB Brasil\",\"url\":\"https:\/\/uvbbrasil.com.br\/\",\"logo\":{\"@type\":\"ImageObject\",\"inLanguage\":\"pt-BR\",\"@id\":\"https:\/\/uvbbrasil.com.br\/#\/schema\/logo\/image\/\",\"url\":\"https:\/\/uvbbrasil.com.br\/wp-content\/uploads\/2025\/01\/LOGO-UVB-2024-azul-1.jpg\",\"contentUrl\":\"https:\/\/uvbbrasil.com.br\/wp-content\/uploads\/2025\/01\/LOGO-UVB-2024-azul-1.jpg\",\"width\":600,\"height\":211,\"caption\":\"UVB Brasil\"},\"image\":{\"@id\":\"https:\/\/uvbbrasil.com.br\/#\/schema\/logo\/image\/\"},\"sameAs\":[\"https:\/\/www.facebook.com\/uvb.vereadoresbrasil\",\"https:\/\/www.instagram.com\/uvbbrasil\/\",\"https:\/\/www.youtube.com\/channel\/UCIlPQ8Xzw5GHNzosQIg9S5A\"]},{\"@type\":\"Person\",\"@id\":\"https:\/\/uvbbrasil.com.br\/#\/schema\/person\/17990098446c098f52effddff4f1b272\",\"name\":\"adminuvb\",\"image\":{\"@type\":\"ImageObject\",\"inLanguage\":\"pt-BR\",\"@id\":\"https:\/\/uvbbrasil.com.br\/#\/schema\/person\/image\/\",\"url\":\"https:\/\/secure.gravatar.com\/avatar\/1a494ea6f8e2dd1ae526e55b0e9497efdba542491e0620d704cccf63c6f77c45?s=96&d=mm&r=g\",\"contentUrl\":\"https:\/\/secure.gravatar.com\/avatar\/1a494ea6f8e2dd1ae526e55b0e9497efdba542491e0620d704cccf63c6f77c45?s=96&d=mm&r=g\",\"caption\":\"adminuvb\"},\"sameAs\":[\"https:\/\/uvbbrasil.com.br\"],\"url\":\"https:\/\/uvbbrasil.com.br\/author\/adminuvb\/\"}]}<\/script>\n<!-- \/ Yoast SEO plugin. -->","yoast_head_json":{"title":"Quatro vereadores afastados pela 'Xeque-Mate' reassumem mandatos em Cabedelo, PB - UVB Brasil","robots":{"index":"index","follow":"follow","max-snippet":"max-snippet:-1","max-image-preview":"max-image-preview:large","max-video-preview":"max-video-preview:-1"},"canonical":"https:\/\/uvbbrasil.com.br\/quatro-vereadores-afastados-pela-xeque-mate-reassumem-mandatos-em-cabedelo-pb\/","og_locale":"pt_BR","og_type":"article","og_title":"Quatro vereadores afastados pela 'Xeque-Mate' reassumem mandatos em Cabedelo, PB - UVB Brasil","og_description":"Quatro vereadores que tinham sido afastados da C\u00e2mara de Cabedelo, cidade da regi\u00e3o da Grande Jo\u00e3o Pessoa, por envolvimento no...","og_url":"https:\/\/uvbbrasil.com.br\/quatro-vereadores-afastados-pela-xeque-mate-reassumem-mandatos-em-cabedelo-pb\/","og_site_name":"UVB Brasil","article_publisher":"https:\/\/www.facebook.com\/uvb.vereadoresbrasil","article_published_time":"2020-04-10T15:20:56+00:00","og_image":[{"width":1000,"height":750,"url":"https:\/\/uvbbrasil.com.br\/wp-content\/uploads\/2020\/04\/paraiba.jpg","type":"image\/jpeg"}],"author":"adminuvb","twitter_card":"summary_large_image","twitter_misc":{"Escrito por":"adminuvb","Est. tempo de leitura":"2 minutos"},"schema":{"@context":"https:\/\/schema.org","@graph":[{"@type":"Article","@id":"https:\/\/uvbbrasil.com.br\/quatro-vereadores-afastados-pela-xeque-mate-reassumem-mandatos-em-cabedelo-pb\/#article","isPartOf":{"@id":"https:\/\/uvbbrasil.com.br\/quatro-vereadores-afastados-pela-xeque-mate-reassumem-mandatos-em-cabedelo-pb\/"},"author":{"name":"adminuvb","@id":"https:\/\/uvbbrasil.com.br\/#\/schema\/person\/17990098446c098f52effddff4f1b272"},"headline":"Quatro vereadores afastados pela &#8216;Xeque-Mate&#8217; reassumem mandatos em Cabedelo, PB","datePublished":"2020-04-10T15:20:56+00:00","mainEntityOfPage":{"@id":"https:\/\/uvbbrasil.com.br\/quatro-vereadores-afastados-pela-xeque-mate-reassumem-mandatos-em-cabedelo-pb\/"},"wordCount":340,"commentCount":0,"publisher":{"@id":"https:\/\/uvbbrasil.com.br\/#organization"},"image":{"@id":"https:\/\/uvbbrasil.com.br\/quatro-vereadores-afastados-pela-xeque-mate-reassumem-mandatos-em-cabedelo-pb\/#primaryimage"},"thumbnailUrl":"https:\/\/uvbbrasil.com.br\/wp-content\/uploads\/2020\/04\/paraiba.jpg","articleSection":["NOT\u00cdCIAS"],"inLanguage":"pt-BR","potentialAction":[{"@type":"CommentAction","name":"Comment","target":["https:\/\/uvbbrasil.com.br\/quatro-vereadores-afastados-pela-xeque-mate-reassumem-mandatos-em-cabedelo-pb\/#respond"]}]},{"@type":"WebPage","@id":"https:\/\/uvbbrasil.com.br\/quatro-vereadores-afastados-pela-xeque-mate-reassumem-mandatos-em-cabedelo-pb\/","url":"https:\/\/uvbbrasil.com.br\/quatro-vereadores-afastados-pela-xeque-mate-reassumem-mandatos-em-cabedelo-pb\/","name":"Quatro vereadores afastados pela 'Xeque-Mate' reassumem mandatos em Cabedelo, PB - UVB Brasil","isPartOf":{"@id":"https:\/\/uvbbrasil.com.br\/#website"},"primaryImageOfPage":{"@id":"https:\/\/uvbbrasil.com.br\/quatro-vereadores-afastados-pela-xeque-mate-reassumem-mandatos-em-cabedelo-pb\/#primaryimage"},"image":{"@id":"https:\/\/uvbbrasil.com.br\/quatro-vereadores-afastados-pela-xeque-mate-reassumem-mandatos-em-cabedelo-pb\/#primaryimage"},"thumbnailUrl":"https:\/\/uvbbrasil.com.br\/wp-content\/uploads\/2020\/04\/paraiba.jpg","datePublished":"2020-04-10T15:20:56+00:00","breadcrumb":{"@id":"https:\/\/uvbbrasil.com.br\/quatro-vereadores-afastados-pela-xeque-mate-reassumem-mandatos-em-cabedelo-pb\/#breadcrumb"},"inLanguage":"pt-BR","potentialAction":[{"@type":"ReadAction","target":["https:\/\/uvbbrasil.com.br\/quatro-vereadores-afastados-pela-xeque-mate-reassumem-mandatos-em-cabedelo-pb\/"]}]},{"@type":"ImageObject","inLanguage":"pt-BR","@id":"https:\/\/uvbbrasil.com.br\/quatro-vereadores-afastados-pela-xeque-mate-reassumem-mandatos-em-cabedelo-pb\/#primaryimage","url":"https:\/\/uvbbrasil.com.br\/wp-content\/uploads\/2020\/04\/paraiba.jpg","contentUrl":"https:\/\/uvbbrasil.com.br\/wp-content\/uploads\/2020\/04\/paraiba.jpg","width":1000,"height":750},{"@type":"BreadcrumbList","@id":"https:\/\/uvbbrasil.com.br\/quatro-vereadores-afastados-pela-xeque-mate-reassumem-mandatos-em-cabedelo-pb\/#breadcrumb","itemListElement":[{"@type":"ListItem","position":1,"name":"In\u00edcio","item":"https:\/\/uvbbrasil.com.br\/"},{"@type":"ListItem","position":2,"name":"Quatro vereadores afastados pela &#8216;Xeque-Mate&#8217; reassumem mandatos em Cabedelo, PB"}]},{"@type":"WebSite","@id":"https:\/\/uvbbrasil.com.br\/#website","url":"https:\/\/uvbbrasil.com.br\/","name":"UVB Brasil","description":"Uni\u00e3o dos Vereadores do Brasil","publisher":{"@id":"https:\/\/uvbbrasil.com.br\/#organization"},"potentialAction":[{"@type":"SearchAction","target":{"@type":"EntryPoint","urlTemplate":"https:\/\/uvbbrasil.com.br\/?s={search_term_string}"},"query-input":{"@type":"PropertyValueSpecification","valueRequired":true,"valueName":"search_term_string"}}],"inLanguage":"pt-BR"},{"@type":"Organization","@id":"https:\/\/uvbbrasil.com.br\/#organization","name":"UVB Brasil","url":"https:\/\/uvbbrasil.com.br\/","logo":{"@type":"ImageObject","inLanguage":"pt-BR","@id":"https:\/\/uvbbrasil.com.br\/#\/schema\/logo\/image\/","url":"https:\/\/uvbbrasil.com.br\/wp-content\/uploads\/2025\/01\/LOGO-UVB-2024-azul-1.jpg","contentUrl":"https:\/\/uvbbrasil.com.br\/wp-content\/uploads\/2025\/01\/LOGO-UVB-2024-azul-1.jpg","width":600,"height":211,"caption":"UVB Brasil"},"image":{"@id":"https:\/\/uvbbrasil.com.br\/#\/schema\/logo\/image\/"},"sameAs":["https:\/\/www.facebook.com\/uvb.vereadoresbrasil","https:\/\/www.instagram.com\/uvbbrasil\/","https:\/\/www.youtube.com\/channel\/UCIlPQ8Xzw5GHNzosQIg9S5A"]},{"@type":"Person","@id":"https:\/\/uvbbrasil.com.br\/#\/schema\/person\/17990098446c098f52effddff4f1b272","name":"adminuvb","image":{"@type":"ImageObject","inLanguage":"pt-BR","@id":"https:\/\/uvbbrasil.com.br\/#\/schema\/person\/image\/","url":"https:\/\/secure.gravatar.com\/avatar\/1a494ea6f8e2dd1ae526e55b0e9497efdba542491e0620d704cccf63c6f77c45?s=96&d=mm&r=g","contentUrl":"https:\/\/secure.gravatar.com\/avatar\/1a494ea6f8e2dd1ae526e55b0e9497efdba542491e0620d704cccf63c6f77c45?s=96&d=mm&r=g","caption":"adminuvb"},"sameAs":["https:\/\/uvbbrasil.com.br"],"url":"https:\/\/uvbbrasil.com.br\/author\/adminuvb\/"}]}},"_links":{"self":[{"href":"https:\/\/uvbbrasil.com.br\/uvb-json\/wp\/v2\/posts\/18324","targetHints":{"allow":["GET"]}}],"collection":[{"href":"https:\/\/uvbbrasil.com.br\/uvb-json\/wp\/v2\/posts"}],"about":[{"href":"https:\/\/uvbbrasil.com.br\/uvb-json\/wp\/v2\/types\/post"}],"author":[{"embeddable":true,"href":"https:\/\/uvbbrasil.com.br\/uvb-json\/wp\/v2\/users\/1"}],"replies":[{"embeddable":true,"href":"https:\/\/uvbbrasil.com.br\/uvb-json\/wp\/v2\/comments?post=18324"}],"version-history":[{"count":0,"href":"https:\/\/uvbbrasil.com.br\/uvb-json\/wp\/v2\/posts\/18324\/revisions"}],"wp:featuredmedia":[{"embeddable":true,"href":"https:\/\/uvbbrasil.com.br\/uvb-json\/wp\/v2\/media\/18325"}],"wp:attachment":[{"href":"https:\/\/uvbbrasil.com.br\/uvb-json\/wp\/v2\/media?parent=18324"}],"wp:term":[{"taxonomy":"category","embeddable":true,"href":"https:\/\/uvbbrasil.com.br\/uvb-json\/wp\/v2\/categories?post=18324"},{"taxonomy":"post_tag","embeddable":true,"href":"https:\/\/uvbbrasil.com.br\/uvb-json\/wp\/v2\/tags?post=18324"}],"curies":[{"name":"wp","href":"https:\/\/api.w.org\/{rel}","templated":true}]}}