{"id":18028,"date":"2020-03-12T15:20:26","date_gmt":"2020-03-12T18:20:26","guid":{"rendered":"https:\/\/wpsandbox4.pante.com.br\/?p=18028"},"modified":"2020-03-12T15:20:26","modified_gmt":"2020-03-12T18:20:26","slug":"falta-de-entendimento-de-tribunais-de-contas-nos-estados-dificultam-compreensao-legislativo-municipal-sobre-fixacao-dos-subsidios","status":"publish","type":"post","link":"https:\/\/uvbbrasil.com.br\/falta-de-entendimento-de-tribunais-de-contas-nos-estados-dificultam-compreensao-legislativo-municipal-sobre-fixacao-dos-subsidios\/","title":{"rendered":"Falta de entendimento de tribunais de contas nos estados dificultam compreens\u00e3o do legislativo municipal sobre a fixa\u00e7\u00e3o dos subs\u00eddios"},"content":{"rendered":"<p>No primeiro dia do Encontro Nacional de Legislativos Municipais, no Recife, os participantes tiveram a oportunidade de debater temas importantes como os princ\u00edpios dos processos legislativos. Sobre isso o especialista em Direito P\u00fablico e consultor jur\u00eddico de C\u00e2maras Municipais h\u00e1 mais de 15 anos, o advogado Danilo Falc\u00e3o, foi convidado para palestrar sobre a fixa\u00e7\u00e3o dos subs\u00eddios dos agentes pol\u00edticos municipais.<br \/>\nA palestra trouxe um esclarecimento sobre os procedimentos que o processo legislativo precisa ter para que seja aprovado as normas jur\u00eddicas, como por exemplo as fixa\u00e7\u00f5es ou a eleva\u00e7\u00e3o da remunera\u00e7\u00e3o de vereadores, as verbas indenizat\u00f3rias, pagamentos de di\u00e1rias, possibilidade do 13\u00ba subs\u00eddio.<\/p>\n<p>De acordo com o advogado Danilo Falc\u00e3o, existem muitas diverg\u00eancias nos estados e por isso a dificuldade na compreens\u00e3o e a alta taxa de notifica\u00e7\u00f5es aos gestores. \u201cOs tribunais de contas dos estados variam muito no seu entendimento, n\u00e3o h\u00e1 uma uniformiza\u00e7\u00e3o das orienta\u00e7\u00f5es. Isso provoca uma confus\u00e3o para regulamentar e normatizar, al\u00e9m dos equ\u00edvocos administrativos sobre pagamento que tem gerado um n\u00famero muito grande de rejei\u00e7\u00e3o de contas por parte dos Tribunais de Contas\u201d, comenta o especialista.<\/p>\n<p>O consultor jur\u00eddico lembra tamb\u00e9m de outros agravantes enfrentados pelos municipalistas que s\u00e3o a falta do acesso \u00e0 informa\u00e7\u00e3o correta, a insufici\u00eancia de verbas para contra\u00e7\u00e3o de assessoria jur\u00eddica t\u00e9cnica, somando \u00e0 pouca m\u00e3o de obra especializada em Direto Legislativo Municipal.<\/p>\n<p>\u201cMuitas vezes se elegem pessoas que tem at\u00e9 a vontade de fazer o bem para a comunidade, mas s\u00f3 aqueles falta o mais importante: a ferramenta que \u00e9 o conhecimento de como por em pr\u00e1tica legalmente a\u00e7\u00f5es em prol da comunidade. Isso n\u00e3o \u00e9 exclusivo do vereador do interior, voc\u00ea encontra essa situa\u00e7\u00e3o nas capitais e at\u00e9 em Bras\u00edlia, s\u00f3 que em Bras\u00edlia, por exemplo, h\u00e1 um certo desafogo porque l\u00e1 eles t\u00eam uma verba alta para contratar assessoria jur\u00eddica, cont\u00e1bil e profissionais nas mais diversas \u00e1reas.\u201d<a href=\"https:\/\/uvbbrasil.com.br\/?attachment_id=18030\" rel=\"attachment wp-att-18030\"><img fetchpriority=\"high\" decoding=\"async\" class=\"aligncenter size-full wp-image-18030\" src=\"https:\/\/uvbbrasil.com.br\/wp-content\/uploads\/2020\/03\/WhatsApp-Image-2020-03-11-at-17.27.17.jpeg\" alt=\"\" width=\"1280\" height=\"622\" srcset=\"https:\/\/uvbbrasil.com.br\/wp-content\/uploads\/2020\/03\/WhatsApp-Image-2020-03-11-at-17.27.17.jpeg 1280w, https:\/\/uvbbrasil.com.br\/wp-content\/uploads\/2020\/03\/WhatsApp-Image-2020-03-11-at-17.27.17-300x146.jpeg 300w, https:\/\/uvbbrasil.com.br\/wp-content\/uploads\/2020\/03\/WhatsApp-Image-2020-03-11-at-17.27.17-1024x498.jpeg 1024w, https:\/\/uvbbrasil.com.br\/wp-content\/uploads\/2020\/03\/WhatsApp-Image-2020-03-11-at-17.27.17-768x373.jpeg 768w\" sizes=\"(max-width: 1280px) 100vw, 1280px\" \/><\/a><a href=\"https:\/\/uvbbrasil.com.br\/?attachment_id=18031\" rel=\"attachment wp-att-18031\"><img decoding=\"async\" class=\"aligncenter size-full wp-image-18031\" src=\"https:\/\/uvbbrasil.com.br\/wp-content\/uploads\/2020\/03\/WhatsApp-Image-2020-03-11-at-17.27.18.jpeg\" alt=\"\" width=\"1280\" height=\"622\" srcset=\"https:\/\/uvbbrasil.com.br\/wp-content\/uploads\/2020\/03\/WhatsApp-Image-2020-03-11-at-17.27.18.jpeg 1280w, https:\/\/uvbbrasil.com.br\/wp-content\/uploads\/2020\/03\/WhatsApp-Image-2020-03-11-at-17.27.18-300x146.jpeg 300w, https:\/\/uvbbrasil.com.br\/wp-content\/uploads\/2020\/03\/WhatsApp-Image-2020-03-11-at-17.27.18-1024x498.jpeg 1024w, https:\/\/uvbbrasil.com.br\/wp-content\/uploads\/2020\/03\/WhatsApp-Image-2020-03-11-at-17.27.18-768x373.jpeg 768w\" sizes=\"(max-width: 1280px) 100vw, 1280px\" \/><\/a><a href=\"https:\/\/uvbbrasil.com.br\/?attachment_id=18029\" rel=\"attachment wp-att-18029\"><img decoding=\"async\" class=\"aligncenter size-full wp-image-18029\" src=\"https:\/\/uvbbrasil.com.br\/wp-content\/uploads\/2020\/03\/WhatsApp-Image-2020-03-11-at-17.27.16.jpeg\" alt=\"\" width=\"1280\" height=\"853\" srcset=\"https:\/\/uvbbrasil.com.br\/wp-content\/uploads\/2020\/03\/WhatsApp-Image-2020-03-11-at-17.27.16.jpeg 1280w, https:\/\/uvbbrasil.com.br\/wp-content\/uploads\/2020\/03\/WhatsApp-Image-2020-03-11-at-17.27.16-300x200.jpeg 300w, https:\/\/uvbbrasil.com.br\/wp-content\/uploads\/2020\/03\/WhatsApp-Image-2020-03-11-at-17.27.16-1024x682.jpeg 1024w, https:\/\/uvbbrasil.com.br\/wp-content\/uploads\/2020\/03\/WhatsApp-Image-2020-03-11-at-17.27.16-768x512.jpeg 768w\" sizes=\"(max-width: 1280px) 100vw, 1280px\" \/><\/a><\/p>\n","protected":false},"excerpt":{"rendered":"<p>No primeiro dia do Encontro Nacional de Legislativos Municipais, no Recife, os participantes tiveram a oportunidade de debater temas importantes&#8230;<\/p>\n","protected":false},"author":1,"featured_media":18029,"comment_status":"open","ping_status":"open","sticky":false,"template":"","format":"standard","meta":{"footnotes":""},"categories":[3,4],"tags":[],"class_list":["post-18028","post","type-post","status-publish","format-standard","has-post-thumbnail","hentry","category-noticias","category-home"],"yoast_head":"<!-- This site is optimized with the Yoast SEO plugin v26.7 - https:\/\/yoast.com\/wordpress\/plugins\/seo\/ -->\n<title>Falta de entendimento de tribunais de contas nos estados dificultam compreens\u00e3o do legislativo municipal sobre a fixa\u00e7\u00e3o dos subs\u00eddios - UVB Brasil<\/title>\n<meta name=\"robots\" content=\"index, follow, max-snippet:-1, max-image-preview:large, max-video-preview:-1\" \/>\n<link rel=\"canonical\" href=\"https:\/\/uvbbrasil.com.br\/falta-de-entendimento-de-tribunais-de-contas-nos-estados-dificultam-compreensao-legislativo-municipal-sobre-fixacao-dos-subsidios\/\" \/>\n<meta property=\"og:locale\" content=\"pt_BR\" \/>\n<meta property=\"og:type\" content=\"article\" \/>\n<meta property=\"og:title\" content=\"Falta de entendimento de tribunais de contas nos estados dificultam compreens\u00e3o do legislativo municipal sobre a fixa\u00e7\u00e3o dos subs\u00eddios - UVB Brasil\" \/>\n<meta property=\"og:description\" content=\"No primeiro dia do Encontro Nacional de Legislativos Municipais, no Recife, os participantes tiveram a oportunidade de debater temas importantes...\" \/>\n<meta property=\"og:url\" content=\"https:\/\/uvbbrasil.com.br\/falta-de-entendimento-de-tribunais-de-contas-nos-estados-dificultam-compreensao-legislativo-municipal-sobre-fixacao-dos-subsidios\/\" \/>\n<meta property=\"og:site_name\" content=\"UVB Brasil\" \/>\n<meta property=\"article:publisher\" content=\"https:\/\/www.facebook.com\/uvb.vereadoresbrasil\" \/>\n<meta property=\"article:published_time\" content=\"2020-03-12T18:20:26+00:00\" \/>\n<meta property=\"og:image\" content=\"https:\/\/uvbbrasil.com.br\/wp-content\/uploads\/2020\/03\/WhatsApp-Image-2020-03-11-at-17.27.16.jpeg\" \/>\n\t<meta property=\"og:image:width\" content=\"1280\" \/>\n\t<meta property=\"og:image:height\" content=\"853\" \/>\n\t<meta property=\"og:image:type\" content=\"image\/jpeg\" \/>\n<meta name=\"author\" content=\"adminuvb\" \/>\n<meta name=\"twitter:card\" content=\"summary_large_image\" \/>\n<meta name=\"twitter:label1\" content=\"Escrito por\" \/>\n\t<meta name=\"twitter:data1\" content=\"adminuvb\" \/>\n\t<meta name=\"twitter:label2\" content=\"Est. tempo de leitura\" \/>\n\t<meta name=\"twitter:data2\" content=\"2 minutos\" \/>\n<script type=\"application\/ld+json\" class=\"yoast-schema-graph\">{\"@context\":\"https:\/\/schema.org\",\"@graph\":[{\"@type\":\"Article\",\"@id\":\"https:\/\/uvbbrasil.com.br\/falta-de-entendimento-de-tribunais-de-contas-nos-estados-dificultam-compreensao-legislativo-municipal-sobre-fixacao-dos-subsidios\/#article\",\"isPartOf\":{\"@id\":\"https:\/\/uvbbrasil.com.br\/falta-de-entendimento-de-tribunais-de-contas-nos-estados-dificultam-compreensao-legislativo-municipal-sobre-fixacao-dos-subsidios\/\"},\"author\":{\"name\":\"adminuvb\",\"@id\":\"https:\/\/uvbbrasil.com.br\/#\/schema\/person\/17990098446c098f52effddff4f1b272\"},\"headline\":\"Falta de entendimento de tribunais de contas nos estados dificultam compreens\u00e3o do legislativo municipal sobre a fixa\u00e7\u00e3o dos subs\u00eddios\",\"datePublished\":\"2020-03-12T18:20:26+00:00\",\"mainEntityOfPage\":{\"@id\":\"https:\/\/uvbbrasil.com.br\/falta-de-entendimento-de-tribunais-de-contas-nos-estados-dificultam-compreensao-legislativo-municipal-sobre-fixacao-dos-subsidios\/\"},\"wordCount\":371,\"commentCount\":0,\"publisher\":{\"@id\":\"https:\/\/uvbbrasil.com.br\/#organization\"},\"image\":{\"@id\":\"https:\/\/uvbbrasil.com.br\/falta-de-entendimento-de-tribunais-de-contas-nos-estados-dificultam-compreensao-legislativo-municipal-sobre-fixacao-dos-subsidios\/#primaryimage\"},\"thumbnailUrl\":\"https:\/\/uvbbrasil.com.br\/wp-content\/uploads\/2020\/03\/WhatsApp-Image-2020-03-11-at-17.27.16.jpeg\",\"articleSection\":[\"NOT\u00cdCIAS\",\"UVB\"],\"inLanguage\":\"pt-BR\",\"potentialAction\":[{\"@type\":\"CommentAction\",\"name\":\"Comment\",\"target\":[\"https:\/\/uvbbrasil.com.br\/falta-de-entendimento-de-tribunais-de-contas-nos-estados-dificultam-compreensao-legislativo-municipal-sobre-fixacao-dos-subsidios\/#respond\"]}]},{\"@type\":\"WebPage\",\"@id\":\"https:\/\/uvbbrasil.com.br\/falta-de-entendimento-de-tribunais-de-contas-nos-estados-dificultam-compreensao-legislativo-municipal-sobre-fixacao-dos-subsidios\/\",\"url\":\"https:\/\/uvbbrasil.com.br\/falta-de-entendimento-de-tribunais-de-contas-nos-estados-dificultam-compreensao-legislativo-municipal-sobre-fixacao-dos-subsidios\/\",\"name\":\"Falta de entendimento de tribunais de contas nos estados dificultam compreens\u00e3o do legislativo municipal sobre a fixa\u00e7\u00e3o dos subs\u00eddios - UVB Brasil\",\"isPartOf\":{\"@id\":\"https:\/\/uvbbrasil.com.br\/#website\"},\"primaryImageOfPage\":{\"@id\":\"https:\/\/uvbbrasil.com.br\/falta-de-entendimento-de-tribunais-de-contas-nos-estados-dificultam-compreensao-legislativo-municipal-sobre-fixacao-dos-subsidios\/#primaryimage\"},\"image\":{\"@id\":\"https:\/\/uvbbrasil.com.br\/falta-de-entendimento-de-tribunais-de-contas-nos-estados-dificultam-compreensao-legislativo-municipal-sobre-fixacao-dos-subsidios\/#primaryimage\"},\"thumbnailUrl\":\"https:\/\/uvbbrasil.com.br\/wp-content\/uploads\/2020\/03\/WhatsApp-Image-2020-03-11-at-17.27.16.jpeg\",\"datePublished\":\"2020-03-12T18:20:26+00:00\",\"breadcrumb\":{\"@id\":\"https:\/\/uvbbrasil.com.br\/falta-de-entendimento-de-tribunais-de-contas-nos-estados-dificultam-compreensao-legislativo-municipal-sobre-fixacao-dos-subsidios\/#breadcrumb\"},\"inLanguage\":\"pt-BR\",\"potentialAction\":[{\"@type\":\"ReadAction\",\"target\":[\"https:\/\/uvbbrasil.com.br\/falta-de-entendimento-de-tribunais-de-contas-nos-estados-dificultam-compreensao-legislativo-municipal-sobre-fixacao-dos-subsidios\/\"]}]},{\"@type\":\"ImageObject\",\"inLanguage\":\"pt-BR\",\"@id\":\"https:\/\/uvbbrasil.com.br\/falta-de-entendimento-de-tribunais-de-contas-nos-estados-dificultam-compreensao-legislativo-municipal-sobre-fixacao-dos-subsidios\/#primaryimage\",\"url\":\"https:\/\/uvbbrasil.com.br\/wp-content\/uploads\/2020\/03\/WhatsApp-Image-2020-03-11-at-17.27.16.jpeg\",\"contentUrl\":\"https:\/\/uvbbrasil.com.br\/wp-content\/uploads\/2020\/03\/WhatsApp-Image-2020-03-11-at-17.27.16.jpeg\",\"width\":1280,\"height\":853},{\"@type\":\"BreadcrumbList\",\"@id\":\"https:\/\/uvbbrasil.com.br\/falta-de-entendimento-de-tribunais-de-contas-nos-estados-dificultam-compreensao-legislativo-municipal-sobre-fixacao-dos-subsidios\/#breadcrumb\",\"itemListElement\":[{\"@type\":\"ListItem\",\"position\":1,\"name\":\"In\u00edcio\",\"item\":\"https:\/\/uvbbrasil.com.br\/\"},{\"@type\":\"ListItem\",\"position\":2,\"name\":\"Falta de entendimento de tribunais de contas nos estados dificultam compreens\u00e3o do legislativo municipal sobre a fixa\u00e7\u00e3o dos subs\u00eddios\"}]},{\"@type\":\"WebSite\",\"@id\":\"https:\/\/uvbbrasil.com.br\/#website\",\"url\":\"https:\/\/uvbbrasil.com.br\/\",\"name\":\"UVB Brasil\",\"description\":\"Uni\u00e3o dos Vereadores do Brasil\",\"publisher\":{\"@id\":\"https:\/\/uvbbrasil.com.br\/#organization\"},\"potentialAction\":[{\"@type\":\"SearchAction\",\"target\":{\"@type\":\"EntryPoint\",\"urlTemplate\":\"https:\/\/uvbbrasil.com.br\/?s={search_term_string}\"},\"query-input\":{\"@type\":\"PropertyValueSpecification\",\"valueRequired\":true,\"valueName\":\"search_term_string\"}}],\"inLanguage\":\"pt-BR\"},{\"@type\":\"Organization\",\"@id\":\"https:\/\/uvbbrasil.com.br\/#organization\",\"name\":\"UVB Brasil\",\"url\":\"https:\/\/uvbbrasil.com.br\/\",\"logo\":{\"@type\":\"ImageObject\",\"inLanguage\":\"pt-BR\",\"@id\":\"https:\/\/uvbbrasil.com.br\/#\/schema\/logo\/image\/\",\"url\":\"https:\/\/uvbbrasil.com.br\/wp-content\/uploads\/2025\/01\/LOGO-UVB-2024-azul-1.jpg\",\"contentUrl\":\"https:\/\/uvbbrasil.com.br\/wp-content\/uploads\/2025\/01\/LOGO-UVB-2024-azul-1.jpg\",\"width\":600,\"height\":211,\"caption\":\"UVB Brasil\"},\"image\":{\"@id\":\"https:\/\/uvbbrasil.com.br\/#\/schema\/logo\/image\/\"},\"sameAs\":[\"https:\/\/www.facebook.com\/uvb.vereadoresbrasil\",\"https:\/\/www.instagram.com\/uvbbrasil\/\",\"https:\/\/www.youtube.com\/channel\/UCIlPQ8Xzw5GHNzosQIg9S5A\"]},{\"@type\":\"Person\",\"@id\":\"https:\/\/uvbbrasil.com.br\/#\/schema\/person\/17990098446c098f52effddff4f1b272\",\"name\":\"adminuvb\",\"image\":{\"@type\":\"ImageObject\",\"inLanguage\":\"pt-BR\",\"@id\":\"https:\/\/uvbbrasil.com.br\/#\/schema\/person\/image\/\",\"url\":\"https:\/\/secure.gravatar.com\/avatar\/1a494ea6f8e2dd1ae526e55b0e9497efdba542491e0620d704cccf63c6f77c45?s=96&d=mm&r=g\",\"contentUrl\":\"https:\/\/secure.gravatar.com\/avatar\/1a494ea6f8e2dd1ae526e55b0e9497efdba542491e0620d704cccf63c6f77c45?s=96&d=mm&r=g\",\"caption\":\"adminuvb\"},\"sameAs\":[\"https:\/\/uvbbrasil.com.br\"],\"url\":\"https:\/\/uvbbrasil.com.br\/author\/adminuvb\/\"}]}<\/script>\n<!-- \/ Yoast SEO plugin. -->","yoast_head_json":{"title":"Falta de entendimento de tribunais de contas nos estados dificultam compreens\u00e3o do legislativo municipal sobre a fixa\u00e7\u00e3o dos subs\u00eddios - UVB Brasil","robots":{"index":"index","follow":"follow","max-snippet":"max-snippet:-1","max-image-preview":"max-image-preview:large","max-video-preview":"max-video-preview:-1"},"canonical":"https:\/\/uvbbrasil.com.br\/falta-de-entendimento-de-tribunais-de-contas-nos-estados-dificultam-compreensao-legislativo-municipal-sobre-fixacao-dos-subsidios\/","og_locale":"pt_BR","og_type":"article","og_title":"Falta de entendimento de tribunais de contas nos estados dificultam compreens\u00e3o do legislativo municipal sobre a fixa\u00e7\u00e3o dos subs\u00eddios - UVB Brasil","og_description":"No primeiro dia do Encontro Nacional de Legislativos Municipais, no Recife, os participantes tiveram a oportunidade de debater temas importantes...","og_url":"https:\/\/uvbbrasil.com.br\/falta-de-entendimento-de-tribunais-de-contas-nos-estados-dificultam-compreensao-legislativo-municipal-sobre-fixacao-dos-subsidios\/","og_site_name":"UVB Brasil","article_publisher":"https:\/\/www.facebook.com\/uvb.vereadoresbrasil","article_published_time":"2020-03-12T18:20:26+00:00","og_image":[{"width":1280,"height":853,"url":"https:\/\/uvbbrasil.com.br\/wp-content\/uploads\/2020\/03\/WhatsApp-Image-2020-03-11-at-17.27.16.jpeg","type":"image\/jpeg"}],"author":"adminuvb","twitter_card":"summary_large_image","twitter_misc":{"Escrito por":"adminuvb","Est. tempo de leitura":"2 minutos"},"schema":{"@context":"https:\/\/schema.org","@graph":[{"@type":"Article","@id":"https:\/\/uvbbrasil.com.br\/falta-de-entendimento-de-tribunais-de-contas-nos-estados-dificultam-compreensao-legislativo-municipal-sobre-fixacao-dos-subsidios\/#article","isPartOf":{"@id":"https:\/\/uvbbrasil.com.br\/falta-de-entendimento-de-tribunais-de-contas-nos-estados-dificultam-compreensao-legislativo-municipal-sobre-fixacao-dos-subsidios\/"},"author":{"name":"adminuvb","@id":"https:\/\/uvbbrasil.com.br\/#\/schema\/person\/17990098446c098f52effddff4f1b272"},"headline":"Falta de entendimento de tribunais de contas nos estados dificultam compreens\u00e3o do legislativo municipal sobre a fixa\u00e7\u00e3o dos subs\u00eddios","datePublished":"2020-03-12T18:20:26+00:00","mainEntityOfPage":{"@id":"https:\/\/uvbbrasil.com.br\/falta-de-entendimento-de-tribunais-de-contas-nos-estados-dificultam-compreensao-legislativo-municipal-sobre-fixacao-dos-subsidios\/"},"wordCount":371,"commentCount":0,"publisher":{"@id":"https:\/\/uvbbrasil.com.br\/#organization"},"image":{"@id":"https:\/\/uvbbrasil.com.br\/falta-de-entendimento-de-tribunais-de-contas-nos-estados-dificultam-compreensao-legislativo-municipal-sobre-fixacao-dos-subsidios\/#primaryimage"},"thumbnailUrl":"https:\/\/uvbbrasil.com.br\/wp-content\/uploads\/2020\/03\/WhatsApp-Image-2020-03-11-at-17.27.16.jpeg","articleSection":["NOT\u00cdCIAS","UVB"],"inLanguage":"pt-BR","potentialAction":[{"@type":"CommentAction","name":"Comment","target":["https:\/\/uvbbrasil.com.br\/falta-de-entendimento-de-tribunais-de-contas-nos-estados-dificultam-compreensao-legislativo-municipal-sobre-fixacao-dos-subsidios\/#respond"]}]},{"@type":"WebPage","@id":"https:\/\/uvbbrasil.com.br\/falta-de-entendimento-de-tribunais-de-contas-nos-estados-dificultam-compreensao-legislativo-municipal-sobre-fixacao-dos-subsidios\/","url":"https:\/\/uvbbrasil.com.br\/falta-de-entendimento-de-tribunais-de-contas-nos-estados-dificultam-compreensao-legislativo-municipal-sobre-fixacao-dos-subsidios\/","name":"Falta de entendimento de tribunais de contas nos estados dificultam compreens\u00e3o do legislativo municipal sobre a fixa\u00e7\u00e3o dos subs\u00eddios - UVB Brasil","isPartOf":{"@id":"https:\/\/uvbbrasil.com.br\/#website"},"primaryImageOfPage":{"@id":"https:\/\/uvbbrasil.com.br\/falta-de-entendimento-de-tribunais-de-contas-nos-estados-dificultam-compreensao-legislativo-municipal-sobre-fixacao-dos-subsidios\/#primaryimage"},"image":{"@id":"https:\/\/uvbbrasil.com.br\/falta-de-entendimento-de-tribunais-de-contas-nos-estados-dificultam-compreensao-legislativo-municipal-sobre-fixacao-dos-subsidios\/#primaryimage"},"thumbnailUrl":"https:\/\/uvbbrasil.com.br\/wp-content\/uploads\/2020\/03\/WhatsApp-Image-2020-03-11-at-17.27.16.jpeg","datePublished":"2020-03-12T18:20:26+00:00","breadcrumb":{"@id":"https:\/\/uvbbrasil.com.br\/falta-de-entendimento-de-tribunais-de-contas-nos-estados-dificultam-compreensao-legislativo-municipal-sobre-fixacao-dos-subsidios\/#breadcrumb"},"inLanguage":"pt-BR","potentialAction":[{"@type":"ReadAction","target":["https:\/\/uvbbrasil.com.br\/falta-de-entendimento-de-tribunais-de-contas-nos-estados-dificultam-compreensao-legislativo-municipal-sobre-fixacao-dos-subsidios\/"]}]},{"@type":"ImageObject","inLanguage":"pt-BR","@id":"https:\/\/uvbbrasil.com.br\/falta-de-entendimento-de-tribunais-de-contas-nos-estados-dificultam-compreensao-legislativo-municipal-sobre-fixacao-dos-subsidios\/#primaryimage","url":"https:\/\/uvbbrasil.com.br\/wp-content\/uploads\/2020\/03\/WhatsApp-Image-2020-03-11-at-17.27.16.jpeg","contentUrl":"https:\/\/uvbbrasil.com.br\/wp-content\/uploads\/2020\/03\/WhatsApp-Image-2020-03-11-at-17.27.16.jpeg","width":1280,"height":853},{"@type":"BreadcrumbList","@id":"https:\/\/uvbbrasil.com.br\/falta-de-entendimento-de-tribunais-de-contas-nos-estados-dificultam-compreensao-legislativo-municipal-sobre-fixacao-dos-subsidios\/#breadcrumb","itemListElement":[{"@type":"ListItem","position":1,"name":"In\u00edcio","item":"https:\/\/uvbbrasil.com.br\/"},{"@type":"ListItem","position":2,"name":"Falta de entendimento de tribunais de contas nos estados dificultam compreens\u00e3o do legislativo municipal sobre a fixa\u00e7\u00e3o dos subs\u00eddios"}]},{"@type":"WebSite","@id":"https:\/\/uvbbrasil.com.br\/#website","url":"https:\/\/uvbbrasil.com.br\/","name":"UVB Brasil","description":"Uni\u00e3o dos Vereadores do Brasil","publisher":{"@id":"https:\/\/uvbbrasil.com.br\/#organization"},"potentialAction":[{"@type":"SearchAction","target":{"@type":"EntryPoint","urlTemplate":"https:\/\/uvbbrasil.com.br\/?s={search_term_string}"},"query-input":{"@type":"PropertyValueSpecification","valueRequired":true,"valueName":"search_term_string"}}],"inLanguage":"pt-BR"},{"@type":"Organization","@id":"https:\/\/uvbbrasil.com.br\/#organization","name":"UVB Brasil","url":"https:\/\/uvbbrasil.com.br\/","logo":{"@type":"ImageObject","inLanguage":"pt-BR","@id":"https:\/\/uvbbrasil.com.br\/#\/schema\/logo\/image\/","url":"https:\/\/uvbbrasil.com.br\/wp-content\/uploads\/2025\/01\/LOGO-UVB-2024-azul-1.jpg","contentUrl":"https:\/\/uvbbrasil.com.br\/wp-content\/uploads\/2025\/01\/LOGO-UVB-2024-azul-1.jpg","width":600,"height":211,"caption":"UVB Brasil"},"image":{"@id":"https:\/\/uvbbrasil.com.br\/#\/schema\/logo\/image\/"},"sameAs":["https:\/\/www.facebook.com\/uvb.vereadoresbrasil","https:\/\/www.instagram.com\/uvbbrasil\/","https:\/\/www.youtube.com\/channel\/UCIlPQ8Xzw5GHNzosQIg9S5A"]},{"@type":"Person","@id":"https:\/\/uvbbrasil.com.br\/#\/schema\/person\/17990098446c098f52effddff4f1b272","name":"adminuvb","image":{"@type":"ImageObject","inLanguage":"pt-BR","@id":"https:\/\/uvbbrasil.com.br\/#\/schema\/person\/image\/","url":"https:\/\/secure.gravatar.com\/avatar\/1a494ea6f8e2dd1ae526e55b0e9497efdba542491e0620d704cccf63c6f77c45?s=96&d=mm&r=g","contentUrl":"https:\/\/secure.gravatar.com\/avatar\/1a494ea6f8e2dd1ae526e55b0e9497efdba542491e0620d704cccf63c6f77c45?s=96&d=mm&r=g","caption":"adminuvb"},"sameAs":["https:\/\/uvbbrasil.com.br"],"url":"https:\/\/uvbbrasil.com.br\/author\/adminuvb\/"}]}},"_links":{"self":[{"href":"https:\/\/uvbbrasil.com.br\/uvb-json\/wp\/v2\/posts\/18028","targetHints":{"allow":["GET"]}}],"collection":[{"href":"https:\/\/uvbbrasil.com.br\/uvb-json\/wp\/v2\/posts"}],"about":[{"href":"https:\/\/uvbbrasil.com.br\/uvb-json\/wp\/v2\/types\/post"}],"author":[{"embeddable":true,"href":"https:\/\/uvbbrasil.com.br\/uvb-json\/wp\/v2\/users\/1"}],"replies":[{"embeddable":true,"href":"https:\/\/uvbbrasil.com.br\/uvb-json\/wp\/v2\/comments?post=18028"}],"version-history":[{"count":0,"href":"https:\/\/uvbbrasil.com.br\/uvb-json\/wp\/v2\/posts\/18028\/revisions"}],"wp:featuredmedia":[{"embeddable":true,"href":"https:\/\/uvbbrasil.com.br\/uvb-json\/wp\/v2\/media\/18029"}],"wp:attachment":[{"href":"https:\/\/uvbbrasil.com.br\/uvb-json\/wp\/v2\/media?parent=18028"}],"wp:term":[{"taxonomy":"category","embeddable":true,"href":"https:\/\/uvbbrasil.com.br\/uvb-json\/wp\/v2\/categories?post=18028"},{"taxonomy":"post_tag","embeddable":true,"href":"https:\/\/uvbbrasil.com.br\/uvb-json\/wp\/v2\/tags?post=18028"}],"curies":[{"name":"wp","href":"https:\/\/api.w.org\/{rel}","templated":true}]}}