{"id":18021,"date":"2020-03-12T11:43:15","date_gmt":"2020-03-12T14:43:15","guid":{"rendered":"https:\/\/wpsandbox4.pante.com.br\/?p=18021"},"modified":"2020-03-12T11:43:15","modified_gmt":"2020-03-12T14:43:15","slug":"emenda-preve-que-estados-e-municipios-recebam-15-bilhoes-orcamento-impositivo","status":"publish","type":"post","link":"https:\/\/uvbbrasil.com.br\/emenda-preve-que-estados-e-municipios-recebam-15-bilhoes-orcamento-impositivo\/","title":{"rendered":"Emenda prev\u00ea que estados e munic\u00edpios recebam 15 bilh\u00f5es do or\u00e7amento impositivo"},"content":{"rendered":"<p>Para colocar fim \u00e0 pol\u00eamica sobre a aplica\u00e7\u00e3o dos R$ 15 bilh\u00f5es, previsto no projeto que trata da regulamenta\u00e7\u00e3o do Or\u00e7amento Impositivo, o PL 04\/2020, apresentado pelo Governo, o senador Wellington Fagundes (PL-MT), l\u00edder do Bloco Parlamentar Vanguarda, defendeu que os valores sejam distribu\u00eddos aos Estados e munic\u00edpios, de acordo com regras e percentuais definidos pelo Fundo de Participa\u00e7\u00e3o dos Estados (FPE) e Fundo de Participa\u00e7\u00e3o dos Munic\u00edpios (FPM). A decis\u00e3o ser\u00e1 tomada nesta quarta-feira, 11, pela Comiss\u00e3o Mista do Or\u00e7amento.<\/p>\n<p>Wellington apresentou destaque para aprecia\u00e7\u00e3o de sua emenda \u2013 que ser\u00e1 alvo de discuss\u00e3o por deputados e senadores na reuni\u00e3o da comiss\u00e3o. \u201cPrecisamos fazer Justi\u00e7a aos Estados e munic\u00edpios \u2013 disse o parlamentar do PL. O projeto tem sido motivo de intensos debates por determinar que, na execu\u00e7\u00e3o de emendas, o relator-geral ou a comiss\u00e3o do Congresso somente ser\u00e3o ouvidos pelo Governo quando a iniciativa parlamentar refor\u00e7a dota\u00e7\u00e3o original proposta pelo Executivo \u2014 e apenas em rela\u00e7\u00e3o ao montante que foi acrescido.<\/p>\n<p>Fagundes considera que a emenda \u201cacaba com a discuss\u00e3o de que o Congresso Nacional estaria se apropriando de recursos da Uni\u00e3o\u201d e destacou que os parlamentares, em verdade, est\u00e3o buscando \u201cgarantir justi\u00e7a e transpar\u00eancia na aplica\u00e7\u00e3o dos recursos oriundos do pr\u00f3prio contribuinte\u201d. Esse princ\u00edpio, segundo ele, se confirma a partir da aprova\u00e7\u00e3o dessa emenda.<\/p>\n<p>Wellington disse que o Or\u00e7amento Impositivo \u00e9 uma conquista do Congresso Nacional e de sua rela\u00e7\u00e3o direta com a popula\u00e7\u00e3o. Mas destacou que \u201cor\u00e7amento p\u00fablico n\u00e3o s\u00e3o apenas emendas pura e simples\u201d e representam instrumento de regionaliza\u00e7\u00e3o do desenvolvimento nacional. \u201cO FPM e o FPE, sem d\u00favidas, s\u00e3o elaborados em crit\u00e9rios onde s\u00e3o levadas em considera\u00e7\u00e3o o n\u00edvel s\u00f3cio-econ\u00f4micos dos entes federados, com base na popula\u00e7\u00e3o e na \u00e1rea territorial de abrang\u00eancia, privilegiando, de fato, o desenvolvimento regional\u201d \u2013 acrescentou.<\/p>\n<p>O l\u00edder do Bloco Vanguarda entende que Estados com popula\u00e7\u00f5es maiores necessitam de mais recursos para prover os servi\u00e7os necess\u00e1rios aos seus cidad\u00e3os. Ao mesmo tempo, o crit\u00e9rio leva em considera\u00e7\u00e3o outras vari\u00e1veis: estados com uma renda per capita inferior \u00e0 renda per capita brasileira possuem um fator maior e o c\u00e1lculo faz justi\u00e7a a quem precisa de mais recursos para se desenvolver. Por sua vez, a distribui\u00e7\u00e3o dos recursos aos Munic\u00edpios \u00e9 feita de acordo com o n\u00famero de habitantes, onde s\u00e3o fixadas faixas populacionais, cabendo a cada uma delas um coeficiente individual.<\/p>\n<p>Fagundes lembrou que a distribui\u00e7\u00e3o usando as regras dos fundos de participa\u00e7\u00e3o \u201cj\u00e1 s\u00e3o consagrados na pr\u00e1tica p\u00fablica\u201d e se caracteriza por ser \u201cum modelo onde, acima de tudo, n\u00e3o se beneficia um em detrimento do outro\u201d. O uso da regra na distribui\u00e7\u00e3o dos R$ 15 bilh\u00f5es, alvo de pol\u00eamica, faz tamb\u00e9m prevalecer, segundo ele, o \u201cprinc\u00edpio da impessoalidade\u201d.<a href=\"https:\/\/uvbbrasil.com.br\/?attachment_id=18022\" rel=\"attachment wp-att-18022\"><img fetchpriority=\"high\" decoding=\"async\" class=\"aligncenter size-full wp-image-18022\" src=\"https:\/\/uvbbrasil.com.br\/wp-content\/uploads\/2020\/03\/Emenda-preve-que-estados-e-municipios-recebam-15-bilhoes-do-orcamento-impositivo-omf6naon7gd4tj1pckoagwamaexbc2gqpufzf5a5qs.jpg\" alt=\"\" width=\"780\" height=\"450\" srcset=\"https:\/\/uvbbrasil.com.br\/wp-content\/uploads\/2020\/03\/Emenda-preve-que-estados-e-municipios-recebam-15-bilhoes-do-orcamento-impositivo-omf6naon7gd4tj1pckoagwamaexbc2gqpufzf5a5qs.jpg 780w, https:\/\/uvbbrasil.com.br\/wp-content\/uploads\/2020\/03\/Emenda-preve-que-estados-e-municipios-recebam-15-bilhoes-do-orcamento-impositivo-omf6naon7gd4tj1pckoagwamaexbc2gqpufzf5a5qs-300x173.jpg 300w, https:\/\/uvbbrasil.com.br\/wp-content\/uploads\/2020\/03\/Emenda-preve-que-estados-e-municipios-recebam-15-bilhoes-do-orcamento-impositivo-omf6naon7gd4tj1pckoagwamaexbc2gqpufzf5a5qs-768x443.jpg 768w\" sizes=\"(max-width: 780px) 100vw, 780px\" \/><\/a><\/p>\n<p>fonte: www.i9treinamentos.com.br<\/p>\n","protected":false},"excerpt":{"rendered":"<p>Para colocar fim \u00e0 pol\u00eamica sobre a aplica\u00e7\u00e3o dos R$ 15 bilh\u00f5es, previsto no projeto que trata da regulamenta\u00e7\u00e3o do&#8230;<\/p>\n","protected":false},"author":1,"featured_media":18022,"comment_status":"open","ping_status":"open","sticky":false,"template":"","format":"standard","meta":{"footnotes":""},"categories":[3],"tags":[],"class_list":["post-18021","post","type-post","status-publish","format-standard","has-post-thumbnail","hentry","category-noticias"],"yoast_head":"<!-- This site is optimized with the Yoast SEO plugin v26.7 - https:\/\/yoast.com\/wordpress\/plugins\/seo\/ -->\n<title>Emenda prev\u00ea que estados e munic\u00edpios recebam 15 bilh\u00f5es do or\u00e7amento impositivo - UVB Brasil<\/title>\n<meta name=\"robots\" content=\"index, follow, max-snippet:-1, max-image-preview:large, max-video-preview:-1\" \/>\n<link rel=\"canonical\" href=\"https:\/\/uvbbrasil.com.br\/emenda-preve-que-estados-e-municipios-recebam-15-bilhoes-orcamento-impositivo\/\" \/>\n<meta property=\"og:locale\" content=\"pt_BR\" \/>\n<meta property=\"og:type\" content=\"article\" \/>\n<meta property=\"og:title\" content=\"Emenda prev\u00ea que estados e munic\u00edpios recebam 15 bilh\u00f5es do or\u00e7amento impositivo - UVB Brasil\" \/>\n<meta property=\"og:description\" content=\"Para colocar fim \u00e0 pol\u00eamica sobre a aplica\u00e7\u00e3o dos R$ 15 bilh\u00f5es, previsto no projeto que trata da regulamenta\u00e7\u00e3o do...\" \/>\n<meta property=\"og:url\" content=\"https:\/\/uvbbrasil.com.br\/emenda-preve-que-estados-e-municipios-recebam-15-bilhoes-orcamento-impositivo\/\" \/>\n<meta property=\"og:site_name\" content=\"UVB Brasil\" \/>\n<meta property=\"article:publisher\" content=\"https:\/\/www.facebook.com\/uvb.vereadoresbrasil\" \/>\n<meta property=\"article:published_time\" content=\"2020-03-12T14:43:15+00:00\" \/>\n<meta property=\"og:image\" content=\"https:\/\/uvbbrasil.com.br\/wp-content\/uploads\/2020\/03\/Emenda-preve-que-estados-e-municipios-recebam-15-bilhoes-do-orcamento-impositivo-omf6naon7gd4tj1pckoagwamaexbc2gqpufzf5a5qs.jpg\" \/>\n\t<meta property=\"og:image:width\" content=\"780\" \/>\n\t<meta property=\"og:image:height\" content=\"450\" \/>\n\t<meta property=\"og:image:type\" content=\"image\/jpeg\" \/>\n<meta name=\"author\" content=\"adminuvb\" \/>\n<meta name=\"twitter:card\" content=\"summary_large_image\" \/>\n<meta name=\"twitter:label1\" content=\"Escrito por\" \/>\n\t<meta name=\"twitter:data1\" content=\"adminuvb\" \/>\n\t<meta name=\"twitter:label2\" content=\"Est. tempo de leitura\" \/>\n\t<meta name=\"twitter:data2\" content=\"3 minutos\" \/>\n<script type=\"application\/ld+json\" class=\"yoast-schema-graph\">{\"@context\":\"https:\/\/schema.org\",\"@graph\":[{\"@type\":\"Article\",\"@id\":\"https:\/\/uvbbrasil.com.br\/emenda-preve-que-estados-e-municipios-recebam-15-bilhoes-orcamento-impositivo\/#article\",\"isPartOf\":{\"@id\":\"https:\/\/uvbbrasil.com.br\/emenda-preve-que-estados-e-municipios-recebam-15-bilhoes-orcamento-impositivo\/\"},\"author\":{\"name\":\"adminuvb\",\"@id\":\"https:\/\/uvbbrasil.com.br\/#\/schema\/person\/17990098446c098f52effddff4f1b272\"},\"headline\":\"Emenda prev\u00ea que estados e munic\u00edpios recebam 15 bilh\u00f5es do or\u00e7amento impositivo\",\"datePublished\":\"2020-03-12T14:43:15+00:00\",\"mainEntityOfPage\":{\"@id\":\"https:\/\/uvbbrasil.com.br\/emenda-preve-que-estados-e-municipios-recebam-15-bilhoes-orcamento-impositivo\/\"},\"wordCount\":536,\"commentCount\":0,\"publisher\":{\"@id\":\"https:\/\/uvbbrasil.com.br\/#organization\"},\"image\":{\"@id\":\"https:\/\/uvbbrasil.com.br\/emenda-preve-que-estados-e-municipios-recebam-15-bilhoes-orcamento-impositivo\/#primaryimage\"},\"thumbnailUrl\":\"https:\/\/uvbbrasil.com.br\/wp-content\/uploads\/2020\/03\/Emenda-preve-que-estados-e-municipios-recebam-15-bilhoes-do-orcamento-impositivo-omf6naon7gd4tj1pckoagwamaexbc2gqpufzf5a5qs.jpg\",\"articleSection\":[\"NOT\u00cdCIAS\"],\"inLanguage\":\"pt-BR\",\"potentialAction\":[{\"@type\":\"CommentAction\",\"name\":\"Comment\",\"target\":[\"https:\/\/uvbbrasil.com.br\/emenda-preve-que-estados-e-municipios-recebam-15-bilhoes-orcamento-impositivo\/#respond\"]}]},{\"@type\":\"WebPage\",\"@id\":\"https:\/\/uvbbrasil.com.br\/emenda-preve-que-estados-e-municipios-recebam-15-bilhoes-orcamento-impositivo\/\",\"url\":\"https:\/\/uvbbrasil.com.br\/emenda-preve-que-estados-e-municipios-recebam-15-bilhoes-orcamento-impositivo\/\",\"name\":\"Emenda prev\u00ea que estados e munic\u00edpios recebam 15 bilh\u00f5es do or\u00e7amento impositivo - UVB Brasil\",\"isPartOf\":{\"@id\":\"https:\/\/uvbbrasil.com.br\/#website\"},\"primaryImageOfPage\":{\"@id\":\"https:\/\/uvbbrasil.com.br\/emenda-preve-que-estados-e-municipios-recebam-15-bilhoes-orcamento-impositivo\/#primaryimage\"},\"image\":{\"@id\":\"https:\/\/uvbbrasil.com.br\/emenda-preve-que-estados-e-municipios-recebam-15-bilhoes-orcamento-impositivo\/#primaryimage\"},\"thumbnailUrl\":\"https:\/\/uvbbrasil.com.br\/wp-content\/uploads\/2020\/03\/Emenda-preve-que-estados-e-municipios-recebam-15-bilhoes-do-orcamento-impositivo-omf6naon7gd4tj1pckoagwamaexbc2gqpufzf5a5qs.jpg\",\"datePublished\":\"2020-03-12T14:43:15+00:00\",\"breadcrumb\":{\"@id\":\"https:\/\/uvbbrasil.com.br\/emenda-preve-que-estados-e-municipios-recebam-15-bilhoes-orcamento-impositivo\/#breadcrumb\"},\"inLanguage\":\"pt-BR\",\"potentialAction\":[{\"@type\":\"ReadAction\",\"target\":[\"https:\/\/uvbbrasil.com.br\/emenda-preve-que-estados-e-municipios-recebam-15-bilhoes-orcamento-impositivo\/\"]}]},{\"@type\":\"ImageObject\",\"inLanguage\":\"pt-BR\",\"@id\":\"https:\/\/uvbbrasil.com.br\/emenda-preve-que-estados-e-municipios-recebam-15-bilhoes-orcamento-impositivo\/#primaryimage\",\"url\":\"https:\/\/uvbbrasil.com.br\/wp-content\/uploads\/2020\/03\/Emenda-preve-que-estados-e-municipios-recebam-15-bilhoes-do-orcamento-impositivo-omf6naon7gd4tj1pckoagwamaexbc2gqpufzf5a5qs.jpg\",\"contentUrl\":\"https:\/\/uvbbrasil.com.br\/wp-content\/uploads\/2020\/03\/Emenda-preve-que-estados-e-municipios-recebam-15-bilhoes-do-orcamento-impositivo-omf6naon7gd4tj1pckoagwamaexbc2gqpufzf5a5qs.jpg\",\"width\":780,\"height\":450},{\"@type\":\"BreadcrumbList\",\"@id\":\"https:\/\/uvbbrasil.com.br\/emenda-preve-que-estados-e-municipios-recebam-15-bilhoes-orcamento-impositivo\/#breadcrumb\",\"itemListElement\":[{\"@type\":\"ListItem\",\"position\":1,\"name\":\"In\u00edcio\",\"item\":\"https:\/\/uvbbrasil.com.br\/\"},{\"@type\":\"ListItem\",\"position\":2,\"name\":\"Emenda prev\u00ea que estados e munic\u00edpios recebam 15 bilh\u00f5es do or\u00e7amento impositivo\"}]},{\"@type\":\"WebSite\",\"@id\":\"https:\/\/uvbbrasil.com.br\/#website\",\"url\":\"https:\/\/uvbbrasil.com.br\/\",\"name\":\"UVB Brasil\",\"description\":\"Uni\u00e3o dos Vereadores do Brasil\",\"publisher\":{\"@id\":\"https:\/\/uvbbrasil.com.br\/#organization\"},\"potentialAction\":[{\"@type\":\"SearchAction\",\"target\":{\"@type\":\"EntryPoint\",\"urlTemplate\":\"https:\/\/uvbbrasil.com.br\/?s={search_term_string}\"},\"query-input\":{\"@type\":\"PropertyValueSpecification\",\"valueRequired\":true,\"valueName\":\"search_term_string\"}}],\"inLanguage\":\"pt-BR\"},{\"@type\":\"Organization\",\"@id\":\"https:\/\/uvbbrasil.com.br\/#organization\",\"name\":\"UVB Brasil\",\"url\":\"https:\/\/uvbbrasil.com.br\/\",\"logo\":{\"@type\":\"ImageObject\",\"inLanguage\":\"pt-BR\",\"@id\":\"https:\/\/uvbbrasil.com.br\/#\/schema\/logo\/image\/\",\"url\":\"https:\/\/uvbbrasil.com.br\/wp-content\/uploads\/2025\/01\/LOGO-UVB-2024-azul-1.jpg\",\"contentUrl\":\"https:\/\/uvbbrasil.com.br\/wp-content\/uploads\/2025\/01\/LOGO-UVB-2024-azul-1.jpg\",\"width\":600,\"height\":211,\"caption\":\"UVB Brasil\"},\"image\":{\"@id\":\"https:\/\/uvbbrasil.com.br\/#\/schema\/logo\/image\/\"},\"sameAs\":[\"https:\/\/www.facebook.com\/uvb.vereadoresbrasil\",\"https:\/\/www.instagram.com\/uvbbrasil\/\",\"https:\/\/www.youtube.com\/channel\/UCIlPQ8Xzw5GHNzosQIg9S5A\"]},{\"@type\":\"Person\",\"@id\":\"https:\/\/uvbbrasil.com.br\/#\/schema\/person\/17990098446c098f52effddff4f1b272\",\"name\":\"adminuvb\",\"image\":{\"@type\":\"ImageObject\",\"inLanguage\":\"pt-BR\",\"@id\":\"https:\/\/uvbbrasil.com.br\/#\/schema\/person\/image\/\",\"url\":\"https:\/\/secure.gravatar.com\/avatar\/1a494ea6f8e2dd1ae526e55b0e9497efdba542491e0620d704cccf63c6f77c45?s=96&d=mm&r=g\",\"contentUrl\":\"https:\/\/secure.gravatar.com\/avatar\/1a494ea6f8e2dd1ae526e55b0e9497efdba542491e0620d704cccf63c6f77c45?s=96&d=mm&r=g\",\"caption\":\"adminuvb\"},\"sameAs\":[\"https:\/\/uvbbrasil.com.br\"],\"url\":\"https:\/\/uvbbrasil.com.br\/author\/adminuvb\/\"}]}<\/script>\n<!-- \/ Yoast SEO plugin. -->","yoast_head_json":{"title":"Emenda prev\u00ea que estados e munic\u00edpios recebam 15 bilh\u00f5es do or\u00e7amento impositivo - UVB Brasil","robots":{"index":"index","follow":"follow","max-snippet":"max-snippet:-1","max-image-preview":"max-image-preview:large","max-video-preview":"max-video-preview:-1"},"canonical":"https:\/\/uvbbrasil.com.br\/emenda-preve-que-estados-e-municipios-recebam-15-bilhoes-orcamento-impositivo\/","og_locale":"pt_BR","og_type":"article","og_title":"Emenda prev\u00ea que estados e munic\u00edpios recebam 15 bilh\u00f5es do or\u00e7amento impositivo - UVB Brasil","og_description":"Para colocar fim \u00e0 pol\u00eamica sobre a aplica\u00e7\u00e3o dos R$ 15 bilh\u00f5es, previsto no projeto que trata da regulamenta\u00e7\u00e3o do...","og_url":"https:\/\/uvbbrasil.com.br\/emenda-preve-que-estados-e-municipios-recebam-15-bilhoes-orcamento-impositivo\/","og_site_name":"UVB Brasil","article_publisher":"https:\/\/www.facebook.com\/uvb.vereadoresbrasil","article_published_time":"2020-03-12T14:43:15+00:00","og_image":[{"width":780,"height":450,"url":"https:\/\/uvbbrasil.com.br\/wp-content\/uploads\/2020\/03\/Emenda-preve-que-estados-e-municipios-recebam-15-bilhoes-do-orcamento-impositivo-omf6naon7gd4tj1pckoagwamaexbc2gqpufzf5a5qs.jpg","type":"image\/jpeg"}],"author":"adminuvb","twitter_card":"summary_large_image","twitter_misc":{"Escrito por":"adminuvb","Est. tempo de leitura":"3 minutos"},"schema":{"@context":"https:\/\/schema.org","@graph":[{"@type":"Article","@id":"https:\/\/uvbbrasil.com.br\/emenda-preve-que-estados-e-municipios-recebam-15-bilhoes-orcamento-impositivo\/#article","isPartOf":{"@id":"https:\/\/uvbbrasil.com.br\/emenda-preve-que-estados-e-municipios-recebam-15-bilhoes-orcamento-impositivo\/"},"author":{"name":"adminuvb","@id":"https:\/\/uvbbrasil.com.br\/#\/schema\/person\/17990098446c098f52effddff4f1b272"},"headline":"Emenda prev\u00ea que estados e munic\u00edpios recebam 15 bilh\u00f5es do or\u00e7amento impositivo","datePublished":"2020-03-12T14:43:15+00:00","mainEntityOfPage":{"@id":"https:\/\/uvbbrasil.com.br\/emenda-preve-que-estados-e-municipios-recebam-15-bilhoes-orcamento-impositivo\/"},"wordCount":536,"commentCount":0,"publisher":{"@id":"https:\/\/uvbbrasil.com.br\/#organization"},"image":{"@id":"https:\/\/uvbbrasil.com.br\/emenda-preve-que-estados-e-municipios-recebam-15-bilhoes-orcamento-impositivo\/#primaryimage"},"thumbnailUrl":"https:\/\/uvbbrasil.com.br\/wp-content\/uploads\/2020\/03\/Emenda-preve-que-estados-e-municipios-recebam-15-bilhoes-do-orcamento-impositivo-omf6naon7gd4tj1pckoagwamaexbc2gqpufzf5a5qs.jpg","articleSection":["NOT\u00cdCIAS"],"inLanguage":"pt-BR","potentialAction":[{"@type":"CommentAction","name":"Comment","target":["https:\/\/uvbbrasil.com.br\/emenda-preve-que-estados-e-municipios-recebam-15-bilhoes-orcamento-impositivo\/#respond"]}]},{"@type":"WebPage","@id":"https:\/\/uvbbrasil.com.br\/emenda-preve-que-estados-e-municipios-recebam-15-bilhoes-orcamento-impositivo\/","url":"https:\/\/uvbbrasil.com.br\/emenda-preve-que-estados-e-municipios-recebam-15-bilhoes-orcamento-impositivo\/","name":"Emenda prev\u00ea que estados e munic\u00edpios recebam 15 bilh\u00f5es do or\u00e7amento impositivo - UVB Brasil","isPartOf":{"@id":"https:\/\/uvbbrasil.com.br\/#website"},"primaryImageOfPage":{"@id":"https:\/\/uvbbrasil.com.br\/emenda-preve-que-estados-e-municipios-recebam-15-bilhoes-orcamento-impositivo\/#primaryimage"},"image":{"@id":"https:\/\/uvbbrasil.com.br\/emenda-preve-que-estados-e-municipios-recebam-15-bilhoes-orcamento-impositivo\/#primaryimage"},"thumbnailUrl":"https:\/\/uvbbrasil.com.br\/wp-content\/uploads\/2020\/03\/Emenda-preve-que-estados-e-municipios-recebam-15-bilhoes-do-orcamento-impositivo-omf6naon7gd4tj1pckoagwamaexbc2gqpufzf5a5qs.jpg","datePublished":"2020-03-12T14:43:15+00:00","breadcrumb":{"@id":"https:\/\/uvbbrasil.com.br\/emenda-preve-que-estados-e-municipios-recebam-15-bilhoes-orcamento-impositivo\/#breadcrumb"},"inLanguage":"pt-BR","potentialAction":[{"@type":"ReadAction","target":["https:\/\/uvbbrasil.com.br\/emenda-preve-que-estados-e-municipios-recebam-15-bilhoes-orcamento-impositivo\/"]}]},{"@type":"ImageObject","inLanguage":"pt-BR","@id":"https:\/\/uvbbrasil.com.br\/emenda-preve-que-estados-e-municipios-recebam-15-bilhoes-orcamento-impositivo\/#primaryimage","url":"https:\/\/uvbbrasil.com.br\/wp-content\/uploads\/2020\/03\/Emenda-preve-que-estados-e-municipios-recebam-15-bilhoes-do-orcamento-impositivo-omf6naon7gd4tj1pckoagwamaexbc2gqpufzf5a5qs.jpg","contentUrl":"https:\/\/uvbbrasil.com.br\/wp-content\/uploads\/2020\/03\/Emenda-preve-que-estados-e-municipios-recebam-15-bilhoes-do-orcamento-impositivo-omf6naon7gd4tj1pckoagwamaexbc2gqpufzf5a5qs.jpg","width":780,"height":450},{"@type":"BreadcrumbList","@id":"https:\/\/uvbbrasil.com.br\/emenda-preve-que-estados-e-municipios-recebam-15-bilhoes-orcamento-impositivo\/#breadcrumb","itemListElement":[{"@type":"ListItem","position":1,"name":"In\u00edcio","item":"https:\/\/uvbbrasil.com.br\/"},{"@type":"ListItem","position":2,"name":"Emenda prev\u00ea que estados e munic\u00edpios recebam 15 bilh\u00f5es do or\u00e7amento impositivo"}]},{"@type":"WebSite","@id":"https:\/\/uvbbrasil.com.br\/#website","url":"https:\/\/uvbbrasil.com.br\/","name":"UVB Brasil","description":"Uni\u00e3o dos Vereadores do Brasil","publisher":{"@id":"https:\/\/uvbbrasil.com.br\/#organization"},"potentialAction":[{"@type":"SearchAction","target":{"@type":"EntryPoint","urlTemplate":"https:\/\/uvbbrasil.com.br\/?s={search_term_string}"},"query-input":{"@type":"PropertyValueSpecification","valueRequired":true,"valueName":"search_term_string"}}],"inLanguage":"pt-BR"},{"@type":"Organization","@id":"https:\/\/uvbbrasil.com.br\/#organization","name":"UVB Brasil","url":"https:\/\/uvbbrasil.com.br\/","logo":{"@type":"ImageObject","inLanguage":"pt-BR","@id":"https:\/\/uvbbrasil.com.br\/#\/schema\/logo\/image\/","url":"https:\/\/uvbbrasil.com.br\/wp-content\/uploads\/2025\/01\/LOGO-UVB-2024-azul-1.jpg","contentUrl":"https:\/\/uvbbrasil.com.br\/wp-content\/uploads\/2025\/01\/LOGO-UVB-2024-azul-1.jpg","width":600,"height":211,"caption":"UVB Brasil"},"image":{"@id":"https:\/\/uvbbrasil.com.br\/#\/schema\/logo\/image\/"},"sameAs":["https:\/\/www.facebook.com\/uvb.vereadoresbrasil","https:\/\/www.instagram.com\/uvbbrasil\/","https:\/\/www.youtube.com\/channel\/UCIlPQ8Xzw5GHNzosQIg9S5A"]},{"@type":"Person","@id":"https:\/\/uvbbrasil.com.br\/#\/schema\/person\/17990098446c098f52effddff4f1b272","name":"adminuvb","image":{"@type":"ImageObject","inLanguage":"pt-BR","@id":"https:\/\/uvbbrasil.com.br\/#\/schema\/person\/image\/","url":"https:\/\/secure.gravatar.com\/avatar\/1a494ea6f8e2dd1ae526e55b0e9497efdba542491e0620d704cccf63c6f77c45?s=96&d=mm&r=g","contentUrl":"https:\/\/secure.gravatar.com\/avatar\/1a494ea6f8e2dd1ae526e55b0e9497efdba542491e0620d704cccf63c6f77c45?s=96&d=mm&r=g","caption":"adminuvb"},"sameAs":["https:\/\/uvbbrasil.com.br"],"url":"https:\/\/uvbbrasil.com.br\/author\/adminuvb\/"}]}},"_links":{"self":[{"href":"https:\/\/uvbbrasil.com.br\/uvb-json\/wp\/v2\/posts\/18021","targetHints":{"allow":["GET"]}}],"collection":[{"href":"https:\/\/uvbbrasil.com.br\/uvb-json\/wp\/v2\/posts"}],"about":[{"href":"https:\/\/uvbbrasil.com.br\/uvb-json\/wp\/v2\/types\/post"}],"author":[{"embeddable":true,"href":"https:\/\/uvbbrasil.com.br\/uvb-json\/wp\/v2\/users\/1"}],"replies":[{"embeddable":true,"href":"https:\/\/uvbbrasil.com.br\/uvb-json\/wp\/v2\/comments?post=18021"}],"version-history":[{"count":0,"href":"https:\/\/uvbbrasil.com.br\/uvb-json\/wp\/v2\/posts\/18021\/revisions"}],"wp:featuredmedia":[{"embeddable":true,"href":"https:\/\/uvbbrasil.com.br\/uvb-json\/wp\/v2\/media\/18022"}],"wp:attachment":[{"href":"https:\/\/uvbbrasil.com.br\/uvb-json\/wp\/v2\/media?parent=18021"}],"wp:term":[{"taxonomy":"category","embeddable":true,"href":"https:\/\/uvbbrasil.com.br\/uvb-json\/wp\/v2\/categories?post=18021"},{"taxonomy":"post_tag","embeddable":true,"href":"https:\/\/uvbbrasil.com.br\/uvb-json\/wp\/v2\/tags?post=18021"}],"curies":[{"name":"wp","href":"https:\/\/api.w.org\/{rel}","templated":true}]}}