{"id":17974,"date":"2020-03-10T11:48:03","date_gmt":"2020-03-10T14:48:03","guid":{"rendered":"https:\/\/wpsandbox4.pante.com.br\/?p=17974"},"modified":"2020-03-10T11:48:03","modified_gmt":"2020-03-10T14:48:03","slug":"primeiro-decendio-fpm-de-marco-tem-queda-de-mais-de-13-por-cento","status":"publish","type":"post","link":"https:\/\/uvbbrasil.com.br\/primeiro-decendio-fpm-de-marco-tem-queda-de-mais-de-13-por-cento\/","title":{"rendered":"Primeiro dec\u00eandio do FPM de mar\u00e7o tem queda de mais de 13 por cento"},"content":{"rendered":"<p>\u2013 As prefeituras recebem, na pr\u00f3xima ter\u00e7a-feira, 10 de mar\u00e7o, o repasse do primeiro dec\u00eandio do Fundo de Participa\u00e7\u00e3o dos Munic\u00edpios (FPM) deste m\u00eas. O valor, de R$ 3.050.213.575,37 j\u00e1 descontada a reten\u00e7\u00e3o do Fundo de Manuten\u00e7\u00e3o e Desenvolvimento da Educa\u00e7\u00e3o B\u00e1sica e de Valoriza\u00e7\u00e3o dos Profissionais da Educa\u00e7\u00e3o (Fundeb), apresenta uma queda de 13,91% se comparado com o mesmo dec\u00eandio de 2019.<\/p>\n<p>Se considerada a infla\u00e7\u00e3o do per\u00edodo, a redu\u00e7\u00e3o \u00e9 de 16,39%. Em valores brutos, incluindo o Fundeb, o montante \u00e9 de R$ 3.812.766.969,21. A Confedera\u00e7\u00e3o Nacional de Munic\u00edpios (CNM), que disponibiliza os valores por Estado e coeficiente do Ente municipal para auxiliar os gestores no planejamento.<\/p>\n<p>&nbsp;<\/p>\n<p>Como o primeiro dec\u00eandio sofre influ\u00eancia da arrecada\u00e7\u00e3o do m\u00eas anterior, uma vez que a base de c\u00e1lculo para o repasse \u00e9 dos dias (20 a 30 do m\u00eas anterior). Neste contexto o primeiro dec\u00eandio, geralmente, \u00e9 o maior do m\u00eas e representa quase a metade do valor dos 31 dias.<\/p>\n<p>A preocupa\u00e7\u00e3o com a queda em rela\u00e7\u00e3o ao ano passado se soma \u00e0 perspectiva real de valores menores nas transfer\u00eancias futuras do FPM, que \u00e9 a principal fonte de receita para grande parte dos Munic\u00edpios. Apenas se n\u00e3o considerada a infla\u00e7\u00e3o, \u00e9 que houve comportamento positivo desde janeiro, comparando-se com os mesmos resultados de 2019.<\/p>\n<p>Do total repassado para todos os Munic\u00edpios, os de coeficientes 0,6 que representam a maioria (2.454 ou 44,07%) ficar\u00e3o com o valor de R$ 755.186.142,11, ou seja, 19,81% do que ser\u00e1 transferido. Os Munic\u00edpios de coeficiente 0,6 se diferem para cada estado, uma vez que cada um tem um valor da participa\u00e7\u00e3o do Fundo, ou seja, os Munic\u00edpios 0,6 no Estado de Roraima se diferem dos Munic\u00edpios 0,6 do Rio Grande do Sul.<a href=\"https:\/\/uvbbrasil.com.br\/?attachment_id=17975\" rel=\"attachment wp-att-17975\"><img fetchpriority=\"high\" decoding=\"async\" class=\"aligncenter size-full wp-image-17975\" src=\"https:\/\/uvbbrasil.com.br\/wp-content\/uploads\/2020\/03\/10-.jpg\" alt=\"\" width=\"780\" height=\"450\" srcset=\"https:\/\/uvbbrasil.com.br\/wp-content\/uploads\/2020\/03\/10-.jpg 780w, https:\/\/uvbbrasil.com.br\/wp-content\/uploads\/2020\/03\/10--300x173.jpg 300w, https:\/\/uvbbrasil.com.br\/wp-content\/uploads\/2020\/03\/10--768x443.jpg 768w\" sizes=\"(max-width: 780px) 100vw, 780px\" \/><\/a><\/p>\n<p>fonte:www.i9treinamentos.com.br<\/p>\n","protected":false},"excerpt":{"rendered":"<p>\u2013 As prefeituras recebem, na pr\u00f3xima ter\u00e7a-feira, 10 de mar\u00e7o, o repasse do primeiro dec\u00eandio do Fundo de Participa\u00e7\u00e3o dos&#8230;<\/p>\n","protected":false},"author":1,"featured_media":17975,"comment_status":"open","ping_status":"open","sticky":false,"template":"","format":"standard","meta":{"footnotes":""},"categories":[3],"tags":[],"class_list":["post-17974","post","type-post","status-publish","format-standard","has-post-thumbnail","hentry","category-noticias"],"yoast_head":"<!-- This site is optimized with the Yoast SEO plugin v26.7 - https:\/\/yoast.com\/wordpress\/plugins\/seo\/ -->\n<title>Primeiro dec\u00eandio do FPM de mar\u00e7o tem queda de mais de 13 por cento - UVB Brasil<\/title>\n<meta name=\"robots\" content=\"index, follow, max-snippet:-1, max-image-preview:large, max-video-preview:-1\" \/>\n<link rel=\"canonical\" href=\"https:\/\/uvbbrasil.com.br\/primeiro-decendio-fpm-de-marco-tem-queda-de-mais-de-13-por-cento\/\" \/>\n<meta property=\"og:locale\" content=\"pt_BR\" \/>\n<meta property=\"og:type\" content=\"article\" \/>\n<meta property=\"og:title\" content=\"Primeiro dec\u00eandio do FPM de mar\u00e7o tem queda de mais de 13 por cento - UVB Brasil\" \/>\n<meta property=\"og:description\" content=\"\u2013 As prefeituras recebem, na pr\u00f3xima ter\u00e7a-feira, 10 de mar\u00e7o, o repasse do primeiro dec\u00eandio do Fundo de Participa\u00e7\u00e3o dos...\" \/>\n<meta property=\"og:url\" content=\"https:\/\/uvbbrasil.com.br\/primeiro-decendio-fpm-de-marco-tem-queda-de-mais-de-13-por-cento\/\" \/>\n<meta property=\"og:site_name\" content=\"UVB Brasil\" \/>\n<meta property=\"article:publisher\" content=\"https:\/\/www.facebook.com\/uvb.vereadoresbrasil\" \/>\n<meta property=\"article:published_time\" content=\"2020-03-10T14:48:03+00:00\" \/>\n<meta property=\"og:image\" content=\"https:\/\/uvbbrasil.com.br\/wp-content\/uploads\/2020\/03\/10-.jpg\" \/>\n\t<meta property=\"og:image:width\" content=\"780\" \/>\n\t<meta property=\"og:image:height\" content=\"450\" \/>\n\t<meta property=\"og:image:type\" content=\"image\/jpeg\" \/>\n<meta name=\"author\" content=\"adminuvb\" \/>\n<meta name=\"twitter:card\" content=\"summary_large_image\" \/>\n<meta name=\"twitter:label1\" content=\"Escrito por\" \/>\n\t<meta name=\"twitter:data1\" content=\"adminuvb\" \/>\n\t<meta name=\"twitter:label2\" content=\"Est. tempo de leitura\" \/>\n\t<meta name=\"twitter:data2\" content=\"2 minutos\" \/>\n<script type=\"application\/ld+json\" class=\"yoast-schema-graph\">{\"@context\":\"https:\/\/schema.org\",\"@graph\":[{\"@type\":\"Article\",\"@id\":\"https:\/\/uvbbrasil.com.br\/primeiro-decendio-fpm-de-marco-tem-queda-de-mais-de-13-por-cento\/#article\",\"isPartOf\":{\"@id\":\"https:\/\/uvbbrasil.com.br\/primeiro-decendio-fpm-de-marco-tem-queda-de-mais-de-13-por-cento\/\"},\"author\":{\"name\":\"adminuvb\",\"@id\":\"https:\/\/uvbbrasil.com.br\/#\/schema\/person\/17990098446c098f52effddff4f1b272\"},\"headline\":\"Primeiro dec\u00eandio do FPM de mar\u00e7o tem queda de mais de 13 por cento\",\"datePublished\":\"2020-03-10T14:48:03+00:00\",\"mainEntityOfPage\":{\"@id\":\"https:\/\/uvbbrasil.com.br\/primeiro-decendio-fpm-de-marco-tem-queda-de-mais-de-13-por-cento\/\"},\"wordCount\":323,\"commentCount\":0,\"publisher\":{\"@id\":\"https:\/\/uvbbrasil.com.br\/#organization\"},\"image\":{\"@id\":\"https:\/\/uvbbrasil.com.br\/primeiro-decendio-fpm-de-marco-tem-queda-de-mais-de-13-por-cento\/#primaryimage\"},\"thumbnailUrl\":\"https:\/\/uvbbrasil.com.br\/wp-content\/uploads\/2020\/03\/10-.jpg\",\"articleSection\":[\"NOT\u00cdCIAS\"],\"inLanguage\":\"pt-BR\",\"potentialAction\":[{\"@type\":\"CommentAction\",\"name\":\"Comment\",\"target\":[\"https:\/\/uvbbrasil.com.br\/primeiro-decendio-fpm-de-marco-tem-queda-de-mais-de-13-por-cento\/#respond\"]}]},{\"@type\":\"WebPage\",\"@id\":\"https:\/\/uvbbrasil.com.br\/primeiro-decendio-fpm-de-marco-tem-queda-de-mais-de-13-por-cento\/\",\"url\":\"https:\/\/uvbbrasil.com.br\/primeiro-decendio-fpm-de-marco-tem-queda-de-mais-de-13-por-cento\/\",\"name\":\"Primeiro dec\u00eandio do FPM de mar\u00e7o tem queda de mais de 13 por cento - UVB Brasil\",\"isPartOf\":{\"@id\":\"https:\/\/uvbbrasil.com.br\/#website\"},\"primaryImageOfPage\":{\"@id\":\"https:\/\/uvbbrasil.com.br\/primeiro-decendio-fpm-de-marco-tem-queda-de-mais-de-13-por-cento\/#primaryimage\"},\"image\":{\"@id\":\"https:\/\/uvbbrasil.com.br\/primeiro-decendio-fpm-de-marco-tem-queda-de-mais-de-13-por-cento\/#primaryimage\"},\"thumbnailUrl\":\"https:\/\/uvbbrasil.com.br\/wp-content\/uploads\/2020\/03\/10-.jpg\",\"datePublished\":\"2020-03-10T14:48:03+00:00\",\"breadcrumb\":{\"@id\":\"https:\/\/uvbbrasil.com.br\/primeiro-decendio-fpm-de-marco-tem-queda-de-mais-de-13-por-cento\/#breadcrumb\"},\"inLanguage\":\"pt-BR\",\"potentialAction\":[{\"@type\":\"ReadAction\",\"target\":[\"https:\/\/uvbbrasil.com.br\/primeiro-decendio-fpm-de-marco-tem-queda-de-mais-de-13-por-cento\/\"]}]},{\"@type\":\"ImageObject\",\"inLanguage\":\"pt-BR\",\"@id\":\"https:\/\/uvbbrasil.com.br\/primeiro-decendio-fpm-de-marco-tem-queda-de-mais-de-13-por-cento\/#primaryimage\",\"url\":\"https:\/\/uvbbrasil.com.br\/wp-content\/uploads\/2020\/03\/10-.jpg\",\"contentUrl\":\"https:\/\/uvbbrasil.com.br\/wp-content\/uploads\/2020\/03\/10-.jpg\",\"width\":780,\"height\":450},{\"@type\":\"BreadcrumbList\",\"@id\":\"https:\/\/uvbbrasil.com.br\/primeiro-decendio-fpm-de-marco-tem-queda-de-mais-de-13-por-cento\/#breadcrumb\",\"itemListElement\":[{\"@type\":\"ListItem\",\"position\":1,\"name\":\"In\u00edcio\",\"item\":\"https:\/\/uvbbrasil.com.br\/\"},{\"@type\":\"ListItem\",\"position\":2,\"name\":\"Primeiro dec\u00eandio do FPM de mar\u00e7o tem queda de mais de 13 por cento\"}]},{\"@type\":\"WebSite\",\"@id\":\"https:\/\/uvbbrasil.com.br\/#website\",\"url\":\"https:\/\/uvbbrasil.com.br\/\",\"name\":\"UVB Brasil\",\"description\":\"Uni\u00e3o dos Vereadores do Brasil\",\"publisher\":{\"@id\":\"https:\/\/uvbbrasil.com.br\/#organization\"},\"potentialAction\":[{\"@type\":\"SearchAction\",\"target\":{\"@type\":\"EntryPoint\",\"urlTemplate\":\"https:\/\/uvbbrasil.com.br\/?s={search_term_string}\"},\"query-input\":{\"@type\":\"PropertyValueSpecification\",\"valueRequired\":true,\"valueName\":\"search_term_string\"}}],\"inLanguage\":\"pt-BR\"},{\"@type\":\"Organization\",\"@id\":\"https:\/\/uvbbrasil.com.br\/#organization\",\"name\":\"UVB Brasil\",\"url\":\"https:\/\/uvbbrasil.com.br\/\",\"logo\":{\"@type\":\"ImageObject\",\"inLanguage\":\"pt-BR\",\"@id\":\"https:\/\/uvbbrasil.com.br\/#\/schema\/logo\/image\/\",\"url\":\"https:\/\/uvbbrasil.com.br\/wp-content\/uploads\/2025\/01\/LOGO-UVB-2024-azul-1.jpg\",\"contentUrl\":\"https:\/\/uvbbrasil.com.br\/wp-content\/uploads\/2025\/01\/LOGO-UVB-2024-azul-1.jpg\",\"width\":600,\"height\":211,\"caption\":\"UVB Brasil\"},\"image\":{\"@id\":\"https:\/\/uvbbrasil.com.br\/#\/schema\/logo\/image\/\"},\"sameAs\":[\"https:\/\/www.facebook.com\/uvb.vereadoresbrasil\",\"https:\/\/www.instagram.com\/uvbbrasil\/\",\"https:\/\/www.youtube.com\/channel\/UCIlPQ8Xzw5GHNzosQIg9S5A\"]},{\"@type\":\"Person\",\"@id\":\"https:\/\/uvbbrasil.com.br\/#\/schema\/person\/17990098446c098f52effddff4f1b272\",\"name\":\"adminuvb\",\"image\":{\"@type\":\"ImageObject\",\"inLanguage\":\"pt-BR\",\"@id\":\"https:\/\/uvbbrasil.com.br\/#\/schema\/person\/image\/\",\"url\":\"https:\/\/secure.gravatar.com\/avatar\/1a494ea6f8e2dd1ae526e55b0e9497efdba542491e0620d704cccf63c6f77c45?s=96&d=mm&r=g\",\"contentUrl\":\"https:\/\/secure.gravatar.com\/avatar\/1a494ea6f8e2dd1ae526e55b0e9497efdba542491e0620d704cccf63c6f77c45?s=96&d=mm&r=g\",\"caption\":\"adminuvb\"},\"sameAs\":[\"https:\/\/uvbbrasil.com.br\"],\"url\":\"https:\/\/uvbbrasil.com.br\/author\/adminuvb\/\"}]}<\/script>\n<!-- \/ Yoast SEO plugin. -->","yoast_head_json":{"title":"Primeiro dec\u00eandio do FPM de mar\u00e7o tem queda de mais de 13 por cento - UVB Brasil","robots":{"index":"index","follow":"follow","max-snippet":"max-snippet:-1","max-image-preview":"max-image-preview:large","max-video-preview":"max-video-preview:-1"},"canonical":"https:\/\/uvbbrasil.com.br\/primeiro-decendio-fpm-de-marco-tem-queda-de-mais-de-13-por-cento\/","og_locale":"pt_BR","og_type":"article","og_title":"Primeiro dec\u00eandio do FPM de mar\u00e7o tem queda de mais de 13 por cento - UVB Brasil","og_description":"\u2013 As prefeituras recebem, na pr\u00f3xima ter\u00e7a-feira, 10 de mar\u00e7o, o repasse do primeiro dec\u00eandio do Fundo de Participa\u00e7\u00e3o dos...","og_url":"https:\/\/uvbbrasil.com.br\/primeiro-decendio-fpm-de-marco-tem-queda-de-mais-de-13-por-cento\/","og_site_name":"UVB Brasil","article_publisher":"https:\/\/www.facebook.com\/uvb.vereadoresbrasil","article_published_time":"2020-03-10T14:48:03+00:00","og_image":[{"width":780,"height":450,"url":"https:\/\/uvbbrasil.com.br\/wp-content\/uploads\/2020\/03\/10-.jpg","type":"image\/jpeg"}],"author":"adminuvb","twitter_card":"summary_large_image","twitter_misc":{"Escrito por":"adminuvb","Est. tempo de leitura":"2 minutos"},"schema":{"@context":"https:\/\/schema.org","@graph":[{"@type":"Article","@id":"https:\/\/uvbbrasil.com.br\/primeiro-decendio-fpm-de-marco-tem-queda-de-mais-de-13-por-cento\/#article","isPartOf":{"@id":"https:\/\/uvbbrasil.com.br\/primeiro-decendio-fpm-de-marco-tem-queda-de-mais-de-13-por-cento\/"},"author":{"name":"adminuvb","@id":"https:\/\/uvbbrasil.com.br\/#\/schema\/person\/17990098446c098f52effddff4f1b272"},"headline":"Primeiro dec\u00eandio do FPM de mar\u00e7o tem queda de mais de 13 por cento","datePublished":"2020-03-10T14:48:03+00:00","mainEntityOfPage":{"@id":"https:\/\/uvbbrasil.com.br\/primeiro-decendio-fpm-de-marco-tem-queda-de-mais-de-13-por-cento\/"},"wordCount":323,"commentCount":0,"publisher":{"@id":"https:\/\/uvbbrasil.com.br\/#organization"},"image":{"@id":"https:\/\/uvbbrasil.com.br\/primeiro-decendio-fpm-de-marco-tem-queda-de-mais-de-13-por-cento\/#primaryimage"},"thumbnailUrl":"https:\/\/uvbbrasil.com.br\/wp-content\/uploads\/2020\/03\/10-.jpg","articleSection":["NOT\u00cdCIAS"],"inLanguage":"pt-BR","potentialAction":[{"@type":"CommentAction","name":"Comment","target":["https:\/\/uvbbrasil.com.br\/primeiro-decendio-fpm-de-marco-tem-queda-de-mais-de-13-por-cento\/#respond"]}]},{"@type":"WebPage","@id":"https:\/\/uvbbrasil.com.br\/primeiro-decendio-fpm-de-marco-tem-queda-de-mais-de-13-por-cento\/","url":"https:\/\/uvbbrasil.com.br\/primeiro-decendio-fpm-de-marco-tem-queda-de-mais-de-13-por-cento\/","name":"Primeiro dec\u00eandio do FPM de mar\u00e7o tem queda de mais de 13 por cento - UVB Brasil","isPartOf":{"@id":"https:\/\/uvbbrasil.com.br\/#website"},"primaryImageOfPage":{"@id":"https:\/\/uvbbrasil.com.br\/primeiro-decendio-fpm-de-marco-tem-queda-de-mais-de-13-por-cento\/#primaryimage"},"image":{"@id":"https:\/\/uvbbrasil.com.br\/primeiro-decendio-fpm-de-marco-tem-queda-de-mais-de-13-por-cento\/#primaryimage"},"thumbnailUrl":"https:\/\/uvbbrasil.com.br\/wp-content\/uploads\/2020\/03\/10-.jpg","datePublished":"2020-03-10T14:48:03+00:00","breadcrumb":{"@id":"https:\/\/uvbbrasil.com.br\/primeiro-decendio-fpm-de-marco-tem-queda-de-mais-de-13-por-cento\/#breadcrumb"},"inLanguage":"pt-BR","potentialAction":[{"@type":"ReadAction","target":["https:\/\/uvbbrasil.com.br\/primeiro-decendio-fpm-de-marco-tem-queda-de-mais-de-13-por-cento\/"]}]},{"@type":"ImageObject","inLanguage":"pt-BR","@id":"https:\/\/uvbbrasil.com.br\/primeiro-decendio-fpm-de-marco-tem-queda-de-mais-de-13-por-cento\/#primaryimage","url":"https:\/\/uvbbrasil.com.br\/wp-content\/uploads\/2020\/03\/10-.jpg","contentUrl":"https:\/\/uvbbrasil.com.br\/wp-content\/uploads\/2020\/03\/10-.jpg","width":780,"height":450},{"@type":"BreadcrumbList","@id":"https:\/\/uvbbrasil.com.br\/primeiro-decendio-fpm-de-marco-tem-queda-de-mais-de-13-por-cento\/#breadcrumb","itemListElement":[{"@type":"ListItem","position":1,"name":"In\u00edcio","item":"https:\/\/uvbbrasil.com.br\/"},{"@type":"ListItem","position":2,"name":"Primeiro dec\u00eandio do FPM de mar\u00e7o tem queda de mais de 13 por cento"}]},{"@type":"WebSite","@id":"https:\/\/uvbbrasil.com.br\/#website","url":"https:\/\/uvbbrasil.com.br\/","name":"UVB Brasil","description":"Uni\u00e3o dos Vereadores do Brasil","publisher":{"@id":"https:\/\/uvbbrasil.com.br\/#organization"},"potentialAction":[{"@type":"SearchAction","target":{"@type":"EntryPoint","urlTemplate":"https:\/\/uvbbrasil.com.br\/?s={search_term_string}"},"query-input":{"@type":"PropertyValueSpecification","valueRequired":true,"valueName":"search_term_string"}}],"inLanguage":"pt-BR"},{"@type":"Organization","@id":"https:\/\/uvbbrasil.com.br\/#organization","name":"UVB Brasil","url":"https:\/\/uvbbrasil.com.br\/","logo":{"@type":"ImageObject","inLanguage":"pt-BR","@id":"https:\/\/uvbbrasil.com.br\/#\/schema\/logo\/image\/","url":"https:\/\/uvbbrasil.com.br\/wp-content\/uploads\/2025\/01\/LOGO-UVB-2024-azul-1.jpg","contentUrl":"https:\/\/uvbbrasil.com.br\/wp-content\/uploads\/2025\/01\/LOGO-UVB-2024-azul-1.jpg","width":600,"height":211,"caption":"UVB Brasil"},"image":{"@id":"https:\/\/uvbbrasil.com.br\/#\/schema\/logo\/image\/"},"sameAs":["https:\/\/www.facebook.com\/uvb.vereadoresbrasil","https:\/\/www.instagram.com\/uvbbrasil\/","https:\/\/www.youtube.com\/channel\/UCIlPQ8Xzw5GHNzosQIg9S5A"]},{"@type":"Person","@id":"https:\/\/uvbbrasil.com.br\/#\/schema\/person\/17990098446c098f52effddff4f1b272","name":"adminuvb","image":{"@type":"ImageObject","inLanguage":"pt-BR","@id":"https:\/\/uvbbrasil.com.br\/#\/schema\/person\/image\/","url":"https:\/\/secure.gravatar.com\/avatar\/1a494ea6f8e2dd1ae526e55b0e9497efdba542491e0620d704cccf63c6f77c45?s=96&d=mm&r=g","contentUrl":"https:\/\/secure.gravatar.com\/avatar\/1a494ea6f8e2dd1ae526e55b0e9497efdba542491e0620d704cccf63c6f77c45?s=96&d=mm&r=g","caption":"adminuvb"},"sameAs":["https:\/\/uvbbrasil.com.br"],"url":"https:\/\/uvbbrasil.com.br\/author\/adminuvb\/"}]}},"_links":{"self":[{"href":"https:\/\/uvbbrasil.com.br\/uvb-json\/wp\/v2\/posts\/17974","targetHints":{"allow":["GET"]}}],"collection":[{"href":"https:\/\/uvbbrasil.com.br\/uvb-json\/wp\/v2\/posts"}],"about":[{"href":"https:\/\/uvbbrasil.com.br\/uvb-json\/wp\/v2\/types\/post"}],"author":[{"embeddable":true,"href":"https:\/\/uvbbrasil.com.br\/uvb-json\/wp\/v2\/users\/1"}],"replies":[{"embeddable":true,"href":"https:\/\/uvbbrasil.com.br\/uvb-json\/wp\/v2\/comments?post=17974"}],"version-history":[{"count":0,"href":"https:\/\/uvbbrasil.com.br\/uvb-json\/wp\/v2\/posts\/17974\/revisions"}],"wp:featuredmedia":[{"embeddable":true,"href":"https:\/\/uvbbrasil.com.br\/uvb-json\/wp\/v2\/media\/17975"}],"wp:attachment":[{"href":"https:\/\/uvbbrasil.com.br\/uvb-json\/wp\/v2\/media?parent=17974"}],"wp:term":[{"taxonomy":"category","embeddable":true,"href":"https:\/\/uvbbrasil.com.br\/uvb-json\/wp\/v2\/categories?post=17974"},{"taxonomy":"post_tag","embeddable":true,"href":"https:\/\/uvbbrasil.com.br\/uvb-json\/wp\/v2\/tags?post=17974"}],"curies":[{"name":"wp","href":"https:\/\/api.w.org\/{rel}","templated":true}]}}