{"id":17924,"date":"2020-03-04T17:00:08","date_gmt":"2020-03-04T20:00:08","guid":{"rendered":"https:\/\/wpsandbox4.pante.com.br\/?p=17924"},"modified":"2020-03-04T17:00:08","modified_gmt":"2020-03-04T20:00:08","slug":"governo-e-congresso-fecham-acordo-sobre-orcamento","status":"publish","type":"post","link":"https:\/\/uvbbrasil.com.br\/governo-e-congresso-fecham-acordo-sobre-orcamento\/","title":{"rendered":"Governo e Congresso fecham acordo sobre or\u00e7amento"},"content":{"rendered":"<p>\u2013 O presidente Jair Bolsonaro enviou ao Congresso Nacional tr\u00eas projetos de decreto legislativo (PLN) que mudam a divis\u00e3o da execu\u00e7\u00e3o do or\u00e7amento. A iniciativa foi publicada nesta ter\u00e7a-feira (3) em edi\u00e7\u00e3o extra do Di\u00e1rio Oficial da Uni\u00e3o e faz parte de um acordo sobre o or\u00e7amento impositivo.<\/p>\n<p>A ideia \u00e9 que o veto presidencial seja mantido e os R$ 30 bilh\u00f5es inicialmente sob o manejo do relator do or\u00e7amento, deputado Domingos Neto (PSD-CE), sejam divididos [R$15bi para o Executivo, R$10bi para a C\u00e2mara e R$5bi para o Senado]. A sess\u00e3o para analisar os vetos presidenciais sobre o or\u00e7amento est\u00e1 marcada para esta ter\u00e7a.<\/p>\n<p>O presidente do Congresso Nacional, senador Davi Alcolumbre (DEM-AP), confirmou em entrevista coletiva o acordo sobre or\u00e7amento impositivo:<\/p>\n<p>\u201cEsse entendimento foi poss\u00edvel consolidar quando de fato o governo, o Poder Executivo, se disp\u00f4s a descentralizar os recursos, que \u00e9 ponto fundamental, esses recursos na maioria das vezes s\u00e3o os \u00fanicos recursos que chegam nos rinc\u00f5es do Brasil\u201d, disse.<\/p>\n<p>O senador tamb\u00e9m negou cr\u00edticas de que o aumento do poder de congressistas sobre o or\u00e7amento seria uma usurpa\u00e7\u00e3o das fun\u00e7\u00f5es da Presid\u00eancia da Rep\u00fablica.<\/p>\n<p>O aumento da influ\u00eancia de deputados e senadores na destina\u00e7\u00e3o de verbas \u00e9 uma das principais raz\u00f5es para os atos anti-Congresso marcados para o dia 15. Os mesmos atos divulgados por Bolsonaro em sua conta pessoal do WhatsApp.<\/p>\n<p>\u201cQuando o governo assumiu esses tr\u00eas PLNs encaminhando o or\u00e7amento impositivo, repito, a regulamenta\u00e7\u00e3o do or\u00e7amento impositivo \u00e9 o fortalecimento das institui\u00e7\u00f5es. De maneira nenhuma o Parlamento quer assumir a respirabilidade do Executivo. Jamais o Congresso, o Senado Federal, a C\u00e2mara dos Deputados quis em nenhum momento fazer o que se diz pela ruas de parlamentarismo branco. Ao contr\u00e1rio, queremos fortalecer o Executivo, o Judici\u00e1rio, o Parlamento, isso eu tenho pregado sempre, o fortalecimento das institui\u00e7\u00f5es \u00e9 o fortalecimento da democracia\u201d, declarou o pol\u00edtico do DEM.<\/p>\n<p>Antes da publica\u00e7\u00e3o da iniciativa do governo no Di\u00e1rio Oficial, o deputado Domingos Neto comentou a vota\u00e7\u00e3o desta ter\u00e7a. \u201cAguardando o envio do PLN. N\u00e3o sou eu quem faz acordo\u2026 S\u00f3 estou aguardando para avaliar tecnicamente. Politicamente cabe ao governo com presidentes e l\u00edderes\u201d, disse o relator ao Congresso em Foco.<\/p>\n<p>Muitos senadores est\u00e3o resistentes em deixar na m\u00e3o de um deputado a execu\u00e7\u00e3o imediata de parte de or\u00e7amento. As bancadas do MDB, do PSDB, e o grupo Muda, Senado, declararam apoio ao veto de Bolsonaro e contra o or\u00e7amento impositivo.<\/p>\n<p>Se for derrubado o controle pelo Congresso de parte do or\u00e7amento, h\u00e1 margem para a C\u00e2mara fazer retalia\u00e7\u00f5es ao governo.<\/p>\n<p>\u00c9 pelas m\u00e3os dos deputados que come\u00e7a a an\u00e1lise da reforma administrativa e onde est\u00e1 aberto um processo no conselho de \u00e9tica contra o deputado Eduardo Bolsonaro (PSL-SP), filho do presidente. Por isso, mesmo com apoio no Senado, governo tenta negociar com a C\u00e2mara.<a href=\"https:\/\/uvbbrasil.com.br\/?attachment_id=17925\" rel=\"attachment wp-att-17925\"><img fetchpriority=\"high\" decoding=\"async\" class=\"aligncenter size-full wp-image-17925\" src=\"https:\/\/uvbbrasil.com.br\/wp-content\/uploads\/2020\/03\/bozo.jpg\" alt=\"\" width=\"780\" height=\"450\" srcset=\"https:\/\/uvbbrasil.com.br\/wp-content\/uploads\/2020\/03\/bozo.jpg 780w, https:\/\/uvbbrasil.com.br\/wp-content\/uploads\/2020\/03\/bozo-300x173.jpg 300w, https:\/\/uvbbrasil.com.br\/wp-content\/uploads\/2020\/03\/bozo-768x443.jpg 768w\" sizes=\"(max-width: 780px) 100vw, 780px\" \/><\/a><\/p>\n<p>fonte:www.i9treinamentos.com.br<\/p>\n","protected":false},"excerpt":{"rendered":"<p>\u2013 O presidente Jair Bolsonaro enviou ao Congresso Nacional tr\u00eas projetos de decreto legislativo (PLN) que mudam a divis\u00e3o da&#8230;<\/p>\n","protected":false},"author":1,"featured_media":17925,"comment_status":"open","ping_status":"open","sticky":false,"template":"","format":"standard","meta":{"footnotes":""},"categories":[3],"tags":[],"class_list":["post-17924","post","type-post","status-publish","format-standard","has-post-thumbnail","hentry","category-noticias"],"yoast_head":"<!-- This site is optimized with the Yoast SEO plugin v26.7 - https:\/\/yoast.com\/wordpress\/plugins\/seo\/ -->\n<title>Governo e Congresso fecham acordo sobre or\u00e7amento - UVB Brasil<\/title>\n<meta name=\"robots\" content=\"index, follow, max-snippet:-1, max-image-preview:large, max-video-preview:-1\" \/>\n<link rel=\"canonical\" href=\"https:\/\/uvbbrasil.com.br\/governo-e-congresso-fecham-acordo-sobre-orcamento\/\" \/>\n<meta property=\"og:locale\" content=\"pt_BR\" \/>\n<meta property=\"og:type\" content=\"article\" \/>\n<meta property=\"og:title\" content=\"Governo e Congresso fecham acordo sobre or\u00e7amento - UVB Brasil\" \/>\n<meta property=\"og:description\" content=\"\u2013 O presidente Jair Bolsonaro enviou ao Congresso Nacional tr\u00eas projetos de decreto legislativo (PLN) que mudam a divis\u00e3o da...\" \/>\n<meta property=\"og:url\" content=\"https:\/\/uvbbrasil.com.br\/governo-e-congresso-fecham-acordo-sobre-orcamento\/\" \/>\n<meta property=\"og:site_name\" content=\"UVB Brasil\" \/>\n<meta property=\"article:publisher\" content=\"https:\/\/www.facebook.com\/uvb.vereadoresbrasil\" \/>\n<meta property=\"article:published_time\" content=\"2020-03-04T20:00:08+00:00\" \/>\n<meta property=\"og:image\" content=\"https:\/\/uvbbrasil.com.br\/wp-content\/uploads\/2020\/03\/bozo.jpg\" \/>\n\t<meta property=\"og:image:width\" content=\"780\" \/>\n\t<meta property=\"og:image:height\" content=\"450\" \/>\n\t<meta property=\"og:image:type\" content=\"image\/jpeg\" \/>\n<meta name=\"author\" content=\"adminuvb\" \/>\n<meta name=\"twitter:card\" content=\"summary_large_image\" \/>\n<meta name=\"twitter:label1\" content=\"Escrito por\" \/>\n\t<meta name=\"twitter:data1\" content=\"adminuvb\" \/>\n\t<meta name=\"twitter:label2\" content=\"Est. tempo de leitura\" \/>\n\t<meta name=\"twitter:data2\" content=\"3 minutos\" \/>\n<script type=\"application\/ld+json\" class=\"yoast-schema-graph\">{\"@context\":\"https:\/\/schema.org\",\"@graph\":[{\"@type\":\"Article\",\"@id\":\"https:\/\/uvbbrasil.com.br\/governo-e-congresso-fecham-acordo-sobre-orcamento\/#article\",\"isPartOf\":{\"@id\":\"https:\/\/uvbbrasil.com.br\/governo-e-congresso-fecham-acordo-sobre-orcamento\/\"},\"author\":{\"name\":\"adminuvb\",\"@id\":\"https:\/\/uvbbrasil.com.br\/#\/schema\/person\/17990098446c098f52effddff4f1b272\"},\"headline\":\"Governo e Congresso fecham acordo sobre or\u00e7amento\",\"datePublished\":\"2020-03-04T20:00:08+00:00\",\"mainEntityOfPage\":{\"@id\":\"https:\/\/uvbbrasil.com.br\/governo-e-congresso-fecham-acordo-sobre-orcamento\/\"},\"wordCount\":531,\"commentCount\":0,\"publisher\":{\"@id\":\"https:\/\/uvbbrasil.com.br\/#organization\"},\"image\":{\"@id\":\"https:\/\/uvbbrasil.com.br\/governo-e-congresso-fecham-acordo-sobre-orcamento\/#primaryimage\"},\"thumbnailUrl\":\"https:\/\/uvbbrasil.com.br\/wp-content\/uploads\/2020\/03\/bozo.jpg\",\"articleSection\":[\"NOT\u00cdCIAS\"],\"inLanguage\":\"pt-BR\",\"potentialAction\":[{\"@type\":\"CommentAction\",\"name\":\"Comment\",\"target\":[\"https:\/\/uvbbrasil.com.br\/governo-e-congresso-fecham-acordo-sobre-orcamento\/#respond\"]}]},{\"@type\":\"WebPage\",\"@id\":\"https:\/\/uvbbrasil.com.br\/governo-e-congresso-fecham-acordo-sobre-orcamento\/\",\"url\":\"https:\/\/uvbbrasil.com.br\/governo-e-congresso-fecham-acordo-sobre-orcamento\/\",\"name\":\"Governo e Congresso fecham acordo sobre or\u00e7amento - UVB Brasil\",\"isPartOf\":{\"@id\":\"https:\/\/uvbbrasil.com.br\/#website\"},\"primaryImageOfPage\":{\"@id\":\"https:\/\/uvbbrasil.com.br\/governo-e-congresso-fecham-acordo-sobre-orcamento\/#primaryimage\"},\"image\":{\"@id\":\"https:\/\/uvbbrasil.com.br\/governo-e-congresso-fecham-acordo-sobre-orcamento\/#primaryimage\"},\"thumbnailUrl\":\"https:\/\/uvbbrasil.com.br\/wp-content\/uploads\/2020\/03\/bozo.jpg\",\"datePublished\":\"2020-03-04T20:00:08+00:00\",\"breadcrumb\":{\"@id\":\"https:\/\/uvbbrasil.com.br\/governo-e-congresso-fecham-acordo-sobre-orcamento\/#breadcrumb\"},\"inLanguage\":\"pt-BR\",\"potentialAction\":[{\"@type\":\"ReadAction\",\"target\":[\"https:\/\/uvbbrasil.com.br\/governo-e-congresso-fecham-acordo-sobre-orcamento\/\"]}]},{\"@type\":\"ImageObject\",\"inLanguage\":\"pt-BR\",\"@id\":\"https:\/\/uvbbrasil.com.br\/governo-e-congresso-fecham-acordo-sobre-orcamento\/#primaryimage\",\"url\":\"https:\/\/uvbbrasil.com.br\/wp-content\/uploads\/2020\/03\/bozo.jpg\",\"contentUrl\":\"https:\/\/uvbbrasil.com.br\/wp-content\/uploads\/2020\/03\/bozo.jpg\",\"width\":780,\"height\":450},{\"@type\":\"BreadcrumbList\",\"@id\":\"https:\/\/uvbbrasil.com.br\/governo-e-congresso-fecham-acordo-sobre-orcamento\/#breadcrumb\",\"itemListElement\":[{\"@type\":\"ListItem\",\"position\":1,\"name\":\"In\u00edcio\",\"item\":\"https:\/\/uvbbrasil.com.br\/\"},{\"@type\":\"ListItem\",\"position\":2,\"name\":\"Governo e Congresso fecham acordo sobre or\u00e7amento\"}]},{\"@type\":\"WebSite\",\"@id\":\"https:\/\/uvbbrasil.com.br\/#website\",\"url\":\"https:\/\/uvbbrasil.com.br\/\",\"name\":\"UVB Brasil\",\"description\":\"Uni\u00e3o dos Vereadores do Brasil\",\"publisher\":{\"@id\":\"https:\/\/uvbbrasil.com.br\/#organization\"},\"potentialAction\":[{\"@type\":\"SearchAction\",\"target\":{\"@type\":\"EntryPoint\",\"urlTemplate\":\"https:\/\/uvbbrasil.com.br\/?s={search_term_string}\"},\"query-input\":{\"@type\":\"PropertyValueSpecification\",\"valueRequired\":true,\"valueName\":\"search_term_string\"}}],\"inLanguage\":\"pt-BR\"},{\"@type\":\"Organization\",\"@id\":\"https:\/\/uvbbrasil.com.br\/#organization\",\"name\":\"UVB Brasil\",\"url\":\"https:\/\/uvbbrasil.com.br\/\",\"logo\":{\"@type\":\"ImageObject\",\"inLanguage\":\"pt-BR\",\"@id\":\"https:\/\/uvbbrasil.com.br\/#\/schema\/logo\/image\/\",\"url\":\"https:\/\/uvbbrasil.com.br\/wp-content\/uploads\/2025\/01\/LOGO-UVB-2024-azul-1.jpg\",\"contentUrl\":\"https:\/\/uvbbrasil.com.br\/wp-content\/uploads\/2025\/01\/LOGO-UVB-2024-azul-1.jpg\",\"width\":600,\"height\":211,\"caption\":\"UVB Brasil\"},\"image\":{\"@id\":\"https:\/\/uvbbrasil.com.br\/#\/schema\/logo\/image\/\"},\"sameAs\":[\"https:\/\/www.facebook.com\/uvb.vereadoresbrasil\",\"https:\/\/www.instagram.com\/uvbbrasil\/\",\"https:\/\/www.youtube.com\/channel\/UCIlPQ8Xzw5GHNzosQIg9S5A\"]},{\"@type\":\"Person\",\"@id\":\"https:\/\/uvbbrasil.com.br\/#\/schema\/person\/17990098446c098f52effddff4f1b272\",\"name\":\"adminuvb\",\"image\":{\"@type\":\"ImageObject\",\"inLanguage\":\"pt-BR\",\"@id\":\"https:\/\/uvbbrasil.com.br\/#\/schema\/person\/image\/\",\"url\":\"https:\/\/secure.gravatar.com\/avatar\/1a494ea6f8e2dd1ae526e55b0e9497efdba542491e0620d704cccf63c6f77c45?s=96&d=mm&r=g\",\"contentUrl\":\"https:\/\/secure.gravatar.com\/avatar\/1a494ea6f8e2dd1ae526e55b0e9497efdba542491e0620d704cccf63c6f77c45?s=96&d=mm&r=g\",\"caption\":\"adminuvb\"},\"sameAs\":[\"https:\/\/uvbbrasil.com.br\"],\"url\":\"https:\/\/uvbbrasil.com.br\/author\/adminuvb\/\"}]}<\/script>\n<!-- \/ Yoast SEO plugin. -->","yoast_head_json":{"title":"Governo e Congresso fecham acordo sobre or\u00e7amento - UVB Brasil","robots":{"index":"index","follow":"follow","max-snippet":"max-snippet:-1","max-image-preview":"max-image-preview:large","max-video-preview":"max-video-preview:-1"},"canonical":"https:\/\/uvbbrasil.com.br\/governo-e-congresso-fecham-acordo-sobre-orcamento\/","og_locale":"pt_BR","og_type":"article","og_title":"Governo e Congresso fecham acordo sobre or\u00e7amento - UVB Brasil","og_description":"\u2013 O presidente Jair Bolsonaro enviou ao Congresso Nacional tr\u00eas projetos de decreto legislativo (PLN) que mudam a divis\u00e3o da...","og_url":"https:\/\/uvbbrasil.com.br\/governo-e-congresso-fecham-acordo-sobre-orcamento\/","og_site_name":"UVB Brasil","article_publisher":"https:\/\/www.facebook.com\/uvb.vereadoresbrasil","article_published_time":"2020-03-04T20:00:08+00:00","og_image":[{"width":780,"height":450,"url":"https:\/\/uvbbrasil.com.br\/wp-content\/uploads\/2020\/03\/bozo.jpg","type":"image\/jpeg"}],"author":"adminuvb","twitter_card":"summary_large_image","twitter_misc":{"Escrito por":"adminuvb","Est. tempo de leitura":"3 minutos"},"schema":{"@context":"https:\/\/schema.org","@graph":[{"@type":"Article","@id":"https:\/\/uvbbrasil.com.br\/governo-e-congresso-fecham-acordo-sobre-orcamento\/#article","isPartOf":{"@id":"https:\/\/uvbbrasil.com.br\/governo-e-congresso-fecham-acordo-sobre-orcamento\/"},"author":{"name":"adminuvb","@id":"https:\/\/uvbbrasil.com.br\/#\/schema\/person\/17990098446c098f52effddff4f1b272"},"headline":"Governo e Congresso fecham acordo sobre or\u00e7amento","datePublished":"2020-03-04T20:00:08+00:00","mainEntityOfPage":{"@id":"https:\/\/uvbbrasil.com.br\/governo-e-congresso-fecham-acordo-sobre-orcamento\/"},"wordCount":531,"commentCount":0,"publisher":{"@id":"https:\/\/uvbbrasil.com.br\/#organization"},"image":{"@id":"https:\/\/uvbbrasil.com.br\/governo-e-congresso-fecham-acordo-sobre-orcamento\/#primaryimage"},"thumbnailUrl":"https:\/\/uvbbrasil.com.br\/wp-content\/uploads\/2020\/03\/bozo.jpg","articleSection":["NOT\u00cdCIAS"],"inLanguage":"pt-BR","potentialAction":[{"@type":"CommentAction","name":"Comment","target":["https:\/\/uvbbrasil.com.br\/governo-e-congresso-fecham-acordo-sobre-orcamento\/#respond"]}]},{"@type":"WebPage","@id":"https:\/\/uvbbrasil.com.br\/governo-e-congresso-fecham-acordo-sobre-orcamento\/","url":"https:\/\/uvbbrasil.com.br\/governo-e-congresso-fecham-acordo-sobre-orcamento\/","name":"Governo e Congresso fecham acordo sobre or\u00e7amento - UVB Brasil","isPartOf":{"@id":"https:\/\/uvbbrasil.com.br\/#website"},"primaryImageOfPage":{"@id":"https:\/\/uvbbrasil.com.br\/governo-e-congresso-fecham-acordo-sobre-orcamento\/#primaryimage"},"image":{"@id":"https:\/\/uvbbrasil.com.br\/governo-e-congresso-fecham-acordo-sobre-orcamento\/#primaryimage"},"thumbnailUrl":"https:\/\/uvbbrasil.com.br\/wp-content\/uploads\/2020\/03\/bozo.jpg","datePublished":"2020-03-04T20:00:08+00:00","breadcrumb":{"@id":"https:\/\/uvbbrasil.com.br\/governo-e-congresso-fecham-acordo-sobre-orcamento\/#breadcrumb"},"inLanguage":"pt-BR","potentialAction":[{"@type":"ReadAction","target":["https:\/\/uvbbrasil.com.br\/governo-e-congresso-fecham-acordo-sobre-orcamento\/"]}]},{"@type":"ImageObject","inLanguage":"pt-BR","@id":"https:\/\/uvbbrasil.com.br\/governo-e-congresso-fecham-acordo-sobre-orcamento\/#primaryimage","url":"https:\/\/uvbbrasil.com.br\/wp-content\/uploads\/2020\/03\/bozo.jpg","contentUrl":"https:\/\/uvbbrasil.com.br\/wp-content\/uploads\/2020\/03\/bozo.jpg","width":780,"height":450},{"@type":"BreadcrumbList","@id":"https:\/\/uvbbrasil.com.br\/governo-e-congresso-fecham-acordo-sobre-orcamento\/#breadcrumb","itemListElement":[{"@type":"ListItem","position":1,"name":"In\u00edcio","item":"https:\/\/uvbbrasil.com.br\/"},{"@type":"ListItem","position":2,"name":"Governo e Congresso fecham acordo sobre or\u00e7amento"}]},{"@type":"WebSite","@id":"https:\/\/uvbbrasil.com.br\/#website","url":"https:\/\/uvbbrasil.com.br\/","name":"UVB Brasil","description":"Uni\u00e3o dos Vereadores do Brasil","publisher":{"@id":"https:\/\/uvbbrasil.com.br\/#organization"},"potentialAction":[{"@type":"SearchAction","target":{"@type":"EntryPoint","urlTemplate":"https:\/\/uvbbrasil.com.br\/?s={search_term_string}"},"query-input":{"@type":"PropertyValueSpecification","valueRequired":true,"valueName":"search_term_string"}}],"inLanguage":"pt-BR"},{"@type":"Organization","@id":"https:\/\/uvbbrasil.com.br\/#organization","name":"UVB Brasil","url":"https:\/\/uvbbrasil.com.br\/","logo":{"@type":"ImageObject","inLanguage":"pt-BR","@id":"https:\/\/uvbbrasil.com.br\/#\/schema\/logo\/image\/","url":"https:\/\/uvbbrasil.com.br\/wp-content\/uploads\/2025\/01\/LOGO-UVB-2024-azul-1.jpg","contentUrl":"https:\/\/uvbbrasil.com.br\/wp-content\/uploads\/2025\/01\/LOGO-UVB-2024-azul-1.jpg","width":600,"height":211,"caption":"UVB Brasil"},"image":{"@id":"https:\/\/uvbbrasil.com.br\/#\/schema\/logo\/image\/"},"sameAs":["https:\/\/www.facebook.com\/uvb.vereadoresbrasil","https:\/\/www.instagram.com\/uvbbrasil\/","https:\/\/www.youtube.com\/channel\/UCIlPQ8Xzw5GHNzosQIg9S5A"]},{"@type":"Person","@id":"https:\/\/uvbbrasil.com.br\/#\/schema\/person\/17990098446c098f52effddff4f1b272","name":"adminuvb","image":{"@type":"ImageObject","inLanguage":"pt-BR","@id":"https:\/\/uvbbrasil.com.br\/#\/schema\/person\/image\/","url":"https:\/\/secure.gravatar.com\/avatar\/1a494ea6f8e2dd1ae526e55b0e9497efdba542491e0620d704cccf63c6f77c45?s=96&d=mm&r=g","contentUrl":"https:\/\/secure.gravatar.com\/avatar\/1a494ea6f8e2dd1ae526e55b0e9497efdba542491e0620d704cccf63c6f77c45?s=96&d=mm&r=g","caption":"adminuvb"},"sameAs":["https:\/\/uvbbrasil.com.br"],"url":"https:\/\/uvbbrasil.com.br\/author\/adminuvb\/"}]}},"_links":{"self":[{"href":"https:\/\/uvbbrasil.com.br\/uvb-json\/wp\/v2\/posts\/17924","targetHints":{"allow":["GET"]}}],"collection":[{"href":"https:\/\/uvbbrasil.com.br\/uvb-json\/wp\/v2\/posts"}],"about":[{"href":"https:\/\/uvbbrasil.com.br\/uvb-json\/wp\/v2\/types\/post"}],"author":[{"embeddable":true,"href":"https:\/\/uvbbrasil.com.br\/uvb-json\/wp\/v2\/users\/1"}],"replies":[{"embeddable":true,"href":"https:\/\/uvbbrasil.com.br\/uvb-json\/wp\/v2\/comments?post=17924"}],"version-history":[{"count":0,"href":"https:\/\/uvbbrasil.com.br\/uvb-json\/wp\/v2\/posts\/17924\/revisions"}],"wp:featuredmedia":[{"embeddable":true,"href":"https:\/\/uvbbrasil.com.br\/uvb-json\/wp\/v2\/media\/17925"}],"wp:attachment":[{"href":"https:\/\/uvbbrasil.com.br\/uvb-json\/wp\/v2\/media?parent=17924"}],"wp:term":[{"taxonomy":"category","embeddable":true,"href":"https:\/\/uvbbrasil.com.br\/uvb-json\/wp\/v2\/categories?post=17924"},{"taxonomy":"post_tag","embeddable":true,"href":"https:\/\/uvbbrasil.com.br\/uvb-json\/wp\/v2\/tags?post=17924"}],"curies":[{"name":"wp","href":"https:\/\/api.w.org\/{rel}","templated":true}]}}