{"id":17919,"date":"2020-03-04T13:42:10","date_gmt":"2020-03-04T16:42:10","guid":{"rendered":"https:\/\/wpsandbox4.pante.com.br\/?p=17919"},"modified":"2020-03-04T13:42:10","modified_gmt":"2020-03-04T16:42:10","slug":"regina-duarte-toma-posse-como-secretaria-de-cultura-governo-de-jair-bolsonaro","status":"publish","type":"post","link":"https:\/\/uvbbrasil.com.br\/regina-duarte-toma-posse-como-secretaria-de-cultura-governo-de-jair-bolsonaro\/","title":{"rendered":"Regina Duarte toma posse  como Secret\u00e1ria de Cultura do governo de Jair Bolsonaro"},"content":{"rendered":"<p>A atriz Regina Duarte tomou posse nesta quarta-feira (4) como Secret\u00e1ria de Cultura do governo de Jair Bolsonaro em cerim\u00f4nia realizada nesta manh\u00e3 no Pal\u00e1cio do Planalto em Bras\u00edlia. A atriz \u00e9 a quarta ocupante do cargo em 14 meses.<\/p>\n<p>A nomea\u00e7\u00e3o foi publicada na edi\u00e7\u00e3o desta quarta do &#8220;Di\u00e1rio Oficial da Uni\u00e3o&#8221;. Tamb\u00e9m foram publicadas ao menos 12 exonera\u00e7\u00f5es de servidores em cargos de chefia, feitas pela nova gest\u00e3o.<\/p>\n<p>No discurso, Regina disse que vai buscar o di\u00e1logo e a pacifica\u00e7\u00e3o do governo com o setor cultural.<\/p>\n<p>&#8220;Meu prop\u00f3sito aqui \u00e9 pacifica\u00e7\u00e3o e di\u00e1logo permanente com o setor cultural, com estados e munic\u00edpios, com o parlamento e com os \u00f3rg\u00e3os de controle&#8221;, afirmou a nova secret\u00e1ria.<br \/>\nEla disse ainda que sua gest\u00e3o \u00e0 frente da pasta tratar\u00e1 a cultura como geradora de emprego, renda, educa\u00e7\u00e3o e inclus\u00e3o social.<\/p>\n<p>\u201cUma cultura forte consolida a identidade de uma na\u00e7\u00e3o. A cultura \u00e9 um ativo que gera emprego, renda, inclus\u00e3o social, impostos, acessibilidade e educa\u00e7\u00e3o. E \u00e9 nisso que acreditamos\u201d, completou.<br \/>\nDe acordo com o Minist\u00e9rio do Turismo, pasta \u00e0 qual a secretaria est\u00e1 vinculada, Regina Duarte vai comandar um or\u00e7amento de R$ 2 bilh\u00f5es em 2020.<\/p>\n<p>A nova secret\u00e1ria disse que o dinheiro que ter\u00e1 \u00e0 disposi\u00e7\u00e3o \u00e9 suficiente para se fazer cultura e arte &#8220;criativamente&#8221;. No entanto, afirmou tamb\u00e9m que \u00e9 poss\u00edvel fazer &#8220;mais com mais&#8221;.<br \/>\n\u201cAcredito que se possa fazer muita cultura, fazer arte e tudo, com os recursos que temos, criativamente, como nos meus tempos de amadora\u201d, disse a secret\u00e1ria. &#8220;Acredito tamb\u00e9m que se possa fazer mais com mais&#8221;, completou.<\/p>\n<p>Regina afirmou tamb\u00e9m que &#8220;vai passar o chap\u00e9u&#8221; em busca de mais recursos para a \u00e1rea.<\/p>\n<p>&#8220;Acredito na busca da beleza, e j\u00e1 sabemos que beleza \u00e9 inerente ao conceito de arte e assim para n\u00e3o fugir \u00e0 regram na busca de uma beleza maior, vamos passar o chap\u00e9u, como de praxe, por que n\u00e3o? Se a vontade de fazer mais \u00e9 grande e os recursos s\u00e3o escassos, vamos passar o chap\u00e9u, sim\u201d, concluiu a atriz.<br \/>\nO presidente da Republica\u00a0 tamb\u00e9m discursou no evento de posse da nova secret\u00e1ria. Bolsonaro disse que Regina \u00e9 a pessoa certa para, por exemplo, aplicar de forma mais eficiente a Lei Rouanet, que permite a isen\u00e7\u00e3o fiscal de pessoas f\u00edsica e jur\u00eddicas para financiar produtos culturais<\/p>\n<p>\u201cDepois de um ano de governo, n\u00f3s achamos, tenho certeza, a pessoa certa que pode valorizar, por exemplo, a Lei Rouanet, t\u00e3o mal utilizada no passado\u201d, afirmou o presidente.<\/p>\n<p>Bolsonaro voltou a criticar a pol\u00edtica cultural de outros governos que, de acordo com ele, cooptaram o setor com interesses pol\u00edticos. O presidente disse que, mesmo com a \u201ccabe\u00e7a de um humilde capit\u00e3o do Ex\u00e9rcito\u201d, estava claro para ele que a cultura n\u00e3o deveria seguir esse modelo.<\/p>\n<p>\u201cO que muitos t\u00eam na cabe\u00e7a \u00e9 que eu sou uma pessoa que est\u00e1 longe de amar a cultura. Ao longo das \u00faltimas d\u00e9cadas, a cultura representou algo para n\u00f3s que em muitos momentos n\u00e3o era aquilo que a grande maioria do povo queria, almejava. Ela foi cooptada pela pol\u00edtica, de modo que ela foi usada para interesses pol\u00edticos partid\u00e1rios\u201d, completou.<br \/>\nExonera\u00e7\u00f5es<br \/>\nNo mesmo dia da posse de Regina, foram publicadas no &#8220;Di\u00e1rio Oficial da Uni\u00e3o&#8221; pelo menos 12 exonera\u00e7\u00f5es de dirigentes da Secretaria de Cultura.<\/p>\n<p>Um dos exonerados \u00e9 o agora ex-presidente da Funda\u00e7\u00e3o Nacional de Artes (Funarte), Dante Mantovani, que, em v\u00eddeo, disse que o rock leva &#8220;ao aborto e ao satanismo&#8221;. Veja a lista dos servidores que deixaram a secretaria:<\/p>\n<p>Dante Mantovani: presidente da Funarte<br \/>\nRicardo Freire Vasconcellos: diretor do Departamento do Sistema Nacional de Cultura<br \/>\nPaulo C\u00e9sar do Amaral: presidente do Instituto Brasileiro de Museus (Ibram)<br \/>\nReynaldo Campanatti: secret\u00e1rio de Economia Criativa<br \/>\nCamilo Calandreli: secret\u00e1rio de Fomento e Incentivo \u00e0 Cultura<br \/>\nEdnagela dos Santos Barroso dos Santos: diretora do Departamento de Promo\u00e7\u00e3o da Diversidade Cultural<br \/>\nMaur\u00edcio Noblat Waissman: coordenador-geral da Pol\u00edtica Nacional de Cultura Viva<br \/>\nRaquel Cristina Brugnera: chefe de gabinete da Secretaria da Economia Criativa<br \/>\nGislaine Targa Neves Simoncelli: chefe de gabinete da Secretaria de Fomento e Incentivo \u00e0 Cultura<br \/>\nLe\u00f4nidas Jos\u00e9 de Oliveira: diretor-executivo da Funda\u00e7\u00e3o Nacional de Artes (Funarte)<br \/>\nMarcos Villa\u00e7a: secret\u00e1rio de Direitos Autorais e Propriedade Intelectual<br \/>\nRodrigo Junqueira: secret\u00e1rio de Difus\u00e3o e Infraestrutura Cultural<br \/>\nTroca na secretaria<br \/>\nA atriz foi convidada por Bolsonaro para assumir a pasta depois que o antigo secret\u00e1rio, o dramaturgo Roberto Alvim, foi exonerado.<\/p>\n<p>Em janeiro, ao divulgar um concurso de artes, Alvim usou est\u00e9tica e discurso alusivos ao ministro da Propaganda de Hitler, Joseph Goebbels.<\/p>\n<p>Ao tentar se explicar, o ent\u00e3o secret\u00e1rio falou em &#8220;coincid\u00eancia ret\u00f3rica&#8221;, mas a rea\u00e7\u00e3o negativa imediata e contundente dos mais variados setores levou Jair Bolsonaro a demitir o secret\u00e1rio no dia seguinte \u00e0 divulga\u00e7\u00e3o do v\u00eddeo.<\/p>\n<p>A posse de Regina ocorre ap\u00f3s um m\u00eas e meio de conversas e acertos. Depois de ser convidada para comandar o \u00f3rg\u00e3o, a atriz visitou Bras\u00edlia para conhecer a estrutura da Secretaria de Cultura e se inteirar das atribui\u00e7\u00f5es do cargo.<br \/>\nApoiadora de Bolsonaro desde a elei\u00e7\u00e3o, a atriz foi convidada para o cargo em 17 de janeiro e anunciou o \u201csim\u201d duas semanas depois. No fim de fevereiro, Regina Duarte e a Globo anunciaram a rescis\u00e3o em comum acordo do contrato de mais de 50 anos<\/p>\n<p>&nbsp;<\/p>\n<p>Secretaria de Cultura<br \/>\nAos 73 anos, considerada um \u00edcone das telenovelas no pa\u00eds, ela comandar\u00e1 uma estrutura vinculada ao Minist\u00e9rio do Turismo que ultrapassa as barreiras da dramaturgia. Cabe \u00e0 pasta lidar com temas como economia criativa, direitos autorais, preserva\u00e7\u00e3o do patrim\u00f4nio hist\u00f3rico e democratiza\u00e7\u00e3o do acesso a teatros e museus, por exemplo.<\/p>\n<p>A secretaria tem sete entidades vinculadas, que s\u00e3o as seguintes:<\/p>\n<p>Ag\u00eancia Nacional do Cinema (Ancine), respons\u00e1vel por fomento, regula\u00e7\u00e3o e fiscaliza\u00e7\u00e3o do mercado audiovisual;<br \/>\nInstituto Brasileiro de Museus (Ibram), respons\u00e1vel pela gest\u00e3o de 27 museus federais e pela pol\u00edtica nacional do setor;<br \/>\nInstituto do Patrim\u00f4nio Hist\u00f3rico e Art\u00edstico Nacional (Iphan), respons\u00e1vel pela gest\u00e3o do patrim\u00f4nio cultural brasileiro;<br \/>\nBiblioteca Nacional, respons\u00e1vel por &#8220;coletar, registrar, salvaguardar e dar acesso \u00e0 produ\u00e7\u00e3o intelectual brasileira&#8221;;<br \/>\nFunda\u00e7\u00e3o Casa de Rui Barbosa, criada para divulgar a vida e a obra do jurista \u2013 um dos principais intelectuais da hist\u00f3ria do Brasil;<br \/>\nFunda\u00e7\u00e3o Nacional de Artes (Funarte), criada para promover e incentivar o desenvolvimento e a difus\u00e3o das artes no pa\u00eds;<br \/>\nFunda\u00e7\u00e3o Cultural Palmares, voltada \u00e0 promo\u00e7\u00e3o e \u00e0 preserva\u00e7\u00e3o da influ\u00eancia negra na forma\u00e7\u00e3o da sociedade brasileira.<a href=\"https:\/\/uvbbrasil.com.br\/?attachment_id=17920\" rel=\"attachment wp-att-17920\"><img fetchpriority=\"high\" decoding=\"async\" class=\"aligncenter size-full wp-image-17920\" src=\"https:\/\/uvbbrasil.com.br\/wp-content\/uploads\/2020\/03\/regina.jpg\" alt=\"\" width=\"1000\" height=\"563\" srcset=\"https:\/\/uvbbrasil.com.br\/wp-content\/uploads\/2020\/03\/regina.jpg 1000w, https:\/\/uvbbrasil.com.br\/wp-content\/uploads\/2020\/03\/regina-300x169.jpg 300w, https:\/\/uvbbrasil.com.br\/wp-content\/uploads\/2020\/03\/regina-768x432.jpg 768w\" sizes=\"(max-width: 1000px) 100vw, 1000px\" \/><\/a><\/p>\n<p>fonte:www.g1.globo.com.br<\/p>\n","protected":false},"excerpt":{"rendered":"<p>A atriz Regina Duarte tomou posse nesta quarta-feira (4) como Secret\u00e1ria de Cultura do governo de Jair Bolsonaro em cerim\u00f4nia&#8230;<\/p>\n","protected":false},"author":1,"featured_media":0,"comment_status":"open","ping_status":"open","sticky":false,"template":"","format":"standard","meta":{"footnotes":""},"categories":[3],"tags":[],"class_list":["post-17919","post","type-post","status-publish","format-standard","hentry","category-noticias"],"yoast_head":"<!-- This site is optimized with the Yoast SEO plugin v26.7 - https:\/\/yoast.com\/wordpress\/plugins\/seo\/ -->\n<title>Regina Duarte toma posse como Secret\u00e1ria de Cultura do governo de Jair Bolsonaro - UVB Brasil<\/title>\n<meta name=\"robots\" content=\"index, follow, max-snippet:-1, max-image-preview:large, max-video-preview:-1\" \/>\n<link rel=\"canonical\" href=\"https:\/\/uvbbrasil.com.br\/regina-duarte-toma-posse-como-secretaria-de-cultura-governo-de-jair-bolsonaro\/\" \/>\n<meta property=\"og:locale\" content=\"pt_BR\" \/>\n<meta property=\"og:type\" content=\"article\" \/>\n<meta property=\"og:title\" content=\"Regina Duarte toma posse como Secret\u00e1ria de Cultura do governo de Jair Bolsonaro - UVB Brasil\" \/>\n<meta property=\"og:description\" content=\"A atriz Regina Duarte tomou posse nesta quarta-feira (4) como Secret\u00e1ria de Cultura do governo de Jair Bolsonaro em cerim\u00f4nia...\" \/>\n<meta property=\"og:url\" content=\"https:\/\/uvbbrasil.com.br\/regina-duarte-toma-posse-como-secretaria-de-cultura-governo-de-jair-bolsonaro\/\" \/>\n<meta property=\"og:site_name\" content=\"UVB Brasil\" \/>\n<meta property=\"article:publisher\" content=\"https:\/\/www.facebook.com\/uvb.vereadoresbrasil\" \/>\n<meta property=\"article:published_time\" content=\"2020-03-04T16:42:10+00:00\" \/>\n<meta property=\"og:image\" content=\"https:\/\/uvbbrasil.com.br\/wp-content\/uploads\/2020\/03\/regina.jpg\" \/>\n\t<meta property=\"og:image:width\" content=\"1000\" \/>\n\t<meta property=\"og:image:height\" content=\"563\" \/>\n\t<meta property=\"og:image:type\" content=\"image\/jpeg\" \/>\n<meta name=\"author\" content=\"adminuvb\" \/>\n<meta name=\"twitter:card\" content=\"summary_large_image\" \/>\n<meta name=\"twitter:label1\" content=\"Escrito por\" \/>\n\t<meta name=\"twitter:data1\" content=\"adminuvb\" \/>\n\t<meta name=\"twitter:label2\" content=\"Est. tempo de leitura\" \/>\n\t<meta name=\"twitter:data2\" content=\"6 minutos\" \/>\n<script type=\"application\/ld+json\" class=\"yoast-schema-graph\">{\"@context\":\"https:\/\/schema.org\",\"@graph\":[{\"@type\":\"Article\",\"@id\":\"https:\/\/uvbbrasil.com.br\/regina-duarte-toma-posse-como-secretaria-de-cultura-governo-de-jair-bolsonaro\/#article\",\"isPartOf\":{\"@id\":\"https:\/\/uvbbrasil.com.br\/regina-duarte-toma-posse-como-secretaria-de-cultura-governo-de-jair-bolsonaro\/\"},\"author\":{\"name\":\"adminuvb\",\"@id\":\"https:\/\/uvbbrasil.com.br\/#\/schema\/person\/17990098446c098f52effddff4f1b272\"},\"headline\":\"Regina Duarte toma posse como Secret\u00e1ria de Cultura do governo de Jair Bolsonaro\",\"datePublished\":\"2020-03-04T16:42:10+00:00\",\"mainEntityOfPage\":{\"@id\":\"https:\/\/uvbbrasil.com.br\/regina-duarte-toma-posse-como-secretaria-de-cultura-governo-de-jair-bolsonaro\/\"},\"wordCount\":1173,\"commentCount\":0,\"publisher\":{\"@id\":\"https:\/\/uvbbrasil.com.br\/#organization\"},\"image\":{\"@id\":\"https:\/\/uvbbrasil.com.br\/regina-duarte-toma-posse-como-secretaria-de-cultura-governo-de-jair-bolsonaro\/#primaryimage\"},\"thumbnailUrl\":\"https:\/\/uvbbrasil.com.br\/wp-content\/uploads\/2020\/03\/regina.jpg\",\"articleSection\":[\"NOT\u00cdCIAS\"],\"inLanguage\":\"pt-BR\",\"potentialAction\":[{\"@type\":\"CommentAction\",\"name\":\"Comment\",\"target\":[\"https:\/\/uvbbrasil.com.br\/regina-duarte-toma-posse-como-secretaria-de-cultura-governo-de-jair-bolsonaro\/#respond\"]}]},{\"@type\":\"WebPage\",\"@id\":\"https:\/\/uvbbrasil.com.br\/regina-duarte-toma-posse-como-secretaria-de-cultura-governo-de-jair-bolsonaro\/\",\"url\":\"https:\/\/uvbbrasil.com.br\/regina-duarte-toma-posse-como-secretaria-de-cultura-governo-de-jair-bolsonaro\/\",\"name\":\"Regina Duarte toma posse como Secret\u00e1ria de Cultura do governo de Jair Bolsonaro - UVB Brasil\",\"isPartOf\":{\"@id\":\"https:\/\/uvbbrasil.com.br\/#website\"},\"primaryImageOfPage\":{\"@id\":\"https:\/\/uvbbrasil.com.br\/regina-duarte-toma-posse-como-secretaria-de-cultura-governo-de-jair-bolsonaro\/#primaryimage\"},\"image\":{\"@id\":\"https:\/\/uvbbrasil.com.br\/regina-duarte-toma-posse-como-secretaria-de-cultura-governo-de-jair-bolsonaro\/#primaryimage\"},\"thumbnailUrl\":\"https:\/\/uvbbrasil.com.br\/wp-content\/uploads\/2020\/03\/regina.jpg\",\"datePublished\":\"2020-03-04T16:42:10+00:00\",\"breadcrumb\":{\"@id\":\"https:\/\/uvbbrasil.com.br\/regina-duarte-toma-posse-como-secretaria-de-cultura-governo-de-jair-bolsonaro\/#breadcrumb\"},\"inLanguage\":\"pt-BR\",\"potentialAction\":[{\"@type\":\"ReadAction\",\"target\":[\"https:\/\/uvbbrasil.com.br\/regina-duarte-toma-posse-como-secretaria-de-cultura-governo-de-jair-bolsonaro\/\"]}]},{\"@type\":\"ImageObject\",\"inLanguage\":\"pt-BR\",\"@id\":\"https:\/\/uvbbrasil.com.br\/regina-duarte-toma-posse-como-secretaria-de-cultura-governo-de-jair-bolsonaro\/#primaryimage\",\"url\":\"https:\/\/uvbbrasil.com.br\/wp-content\/uploads\/2020\/03\/regina.jpg\",\"contentUrl\":\"https:\/\/uvbbrasil.com.br\/wp-content\/uploads\/2020\/03\/regina.jpg\",\"width\":1000,\"height\":563},{\"@type\":\"BreadcrumbList\",\"@id\":\"https:\/\/uvbbrasil.com.br\/regina-duarte-toma-posse-como-secretaria-de-cultura-governo-de-jair-bolsonaro\/#breadcrumb\",\"itemListElement\":[{\"@type\":\"ListItem\",\"position\":1,\"name\":\"In\u00edcio\",\"item\":\"https:\/\/uvbbrasil.com.br\/\"},{\"@type\":\"ListItem\",\"position\":2,\"name\":\"Regina Duarte toma posse como Secret\u00e1ria de Cultura do governo de Jair Bolsonaro\"}]},{\"@type\":\"WebSite\",\"@id\":\"https:\/\/uvbbrasil.com.br\/#website\",\"url\":\"https:\/\/uvbbrasil.com.br\/\",\"name\":\"UVB Brasil\",\"description\":\"Uni\u00e3o dos Vereadores do Brasil\",\"publisher\":{\"@id\":\"https:\/\/uvbbrasil.com.br\/#organization\"},\"potentialAction\":[{\"@type\":\"SearchAction\",\"target\":{\"@type\":\"EntryPoint\",\"urlTemplate\":\"https:\/\/uvbbrasil.com.br\/?s={search_term_string}\"},\"query-input\":{\"@type\":\"PropertyValueSpecification\",\"valueRequired\":true,\"valueName\":\"search_term_string\"}}],\"inLanguage\":\"pt-BR\"},{\"@type\":\"Organization\",\"@id\":\"https:\/\/uvbbrasil.com.br\/#organization\",\"name\":\"UVB Brasil\",\"url\":\"https:\/\/uvbbrasil.com.br\/\",\"logo\":{\"@type\":\"ImageObject\",\"inLanguage\":\"pt-BR\",\"@id\":\"https:\/\/uvbbrasil.com.br\/#\/schema\/logo\/image\/\",\"url\":\"https:\/\/uvbbrasil.com.br\/wp-content\/uploads\/2025\/01\/LOGO-UVB-2024-azul-1.jpg\",\"contentUrl\":\"https:\/\/uvbbrasil.com.br\/wp-content\/uploads\/2025\/01\/LOGO-UVB-2024-azul-1.jpg\",\"width\":600,\"height\":211,\"caption\":\"UVB Brasil\"},\"image\":{\"@id\":\"https:\/\/uvbbrasil.com.br\/#\/schema\/logo\/image\/\"},\"sameAs\":[\"https:\/\/www.facebook.com\/uvb.vereadoresbrasil\",\"https:\/\/www.instagram.com\/uvbbrasil\/\",\"https:\/\/www.youtube.com\/channel\/UCIlPQ8Xzw5GHNzosQIg9S5A\"]},{\"@type\":\"Person\",\"@id\":\"https:\/\/uvbbrasil.com.br\/#\/schema\/person\/17990098446c098f52effddff4f1b272\",\"name\":\"adminuvb\",\"image\":{\"@type\":\"ImageObject\",\"inLanguage\":\"pt-BR\",\"@id\":\"https:\/\/uvbbrasil.com.br\/#\/schema\/person\/image\/\",\"url\":\"https:\/\/secure.gravatar.com\/avatar\/1a494ea6f8e2dd1ae526e55b0e9497efdba542491e0620d704cccf63c6f77c45?s=96&d=mm&r=g\",\"contentUrl\":\"https:\/\/secure.gravatar.com\/avatar\/1a494ea6f8e2dd1ae526e55b0e9497efdba542491e0620d704cccf63c6f77c45?s=96&d=mm&r=g\",\"caption\":\"adminuvb\"},\"sameAs\":[\"https:\/\/uvbbrasil.com.br\"],\"url\":\"https:\/\/uvbbrasil.com.br\/author\/adminuvb\/\"}]}<\/script>\n<!-- \/ Yoast SEO plugin. -->","yoast_head_json":{"title":"Regina Duarte toma posse como Secret\u00e1ria de Cultura do governo de Jair Bolsonaro - UVB Brasil","robots":{"index":"index","follow":"follow","max-snippet":"max-snippet:-1","max-image-preview":"max-image-preview:large","max-video-preview":"max-video-preview:-1"},"canonical":"https:\/\/uvbbrasil.com.br\/regina-duarte-toma-posse-como-secretaria-de-cultura-governo-de-jair-bolsonaro\/","og_locale":"pt_BR","og_type":"article","og_title":"Regina Duarte toma posse como Secret\u00e1ria de Cultura do governo de Jair Bolsonaro - UVB Brasil","og_description":"A atriz Regina Duarte tomou posse nesta quarta-feira (4) como Secret\u00e1ria de Cultura do governo de Jair Bolsonaro em cerim\u00f4nia...","og_url":"https:\/\/uvbbrasil.com.br\/regina-duarte-toma-posse-como-secretaria-de-cultura-governo-de-jair-bolsonaro\/","og_site_name":"UVB Brasil","article_publisher":"https:\/\/www.facebook.com\/uvb.vereadoresbrasil","article_published_time":"2020-03-04T16:42:10+00:00","og_image":[{"width":1000,"height":563,"url":"https:\/\/uvbbrasil.com.br\/wp-content\/uploads\/2020\/03\/regina.jpg","type":"image\/jpeg"}],"author":"adminuvb","twitter_card":"summary_large_image","twitter_misc":{"Escrito por":"adminuvb","Est. tempo de leitura":"6 minutos"},"schema":{"@context":"https:\/\/schema.org","@graph":[{"@type":"Article","@id":"https:\/\/uvbbrasil.com.br\/regina-duarte-toma-posse-como-secretaria-de-cultura-governo-de-jair-bolsonaro\/#article","isPartOf":{"@id":"https:\/\/uvbbrasil.com.br\/regina-duarte-toma-posse-como-secretaria-de-cultura-governo-de-jair-bolsonaro\/"},"author":{"name":"adminuvb","@id":"https:\/\/uvbbrasil.com.br\/#\/schema\/person\/17990098446c098f52effddff4f1b272"},"headline":"Regina Duarte toma posse como Secret\u00e1ria de Cultura do governo de Jair Bolsonaro","datePublished":"2020-03-04T16:42:10+00:00","mainEntityOfPage":{"@id":"https:\/\/uvbbrasil.com.br\/regina-duarte-toma-posse-como-secretaria-de-cultura-governo-de-jair-bolsonaro\/"},"wordCount":1173,"commentCount":0,"publisher":{"@id":"https:\/\/uvbbrasil.com.br\/#organization"},"image":{"@id":"https:\/\/uvbbrasil.com.br\/regina-duarte-toma-posse-como-secretaria-de-cultura-governo-de-jair-bolsonaro\/#primaryimage"},"thumbnailUrl":"https:\/\/uvbbrasil.com.br\/wp-content\/uploads\/2020\/03\/regina.jpg","articleSection":["NOT\u00cdCIAS"],"inLanguage":"pt-BR","potentialAction":[{"@type":"CommentAction","name":"Comment","target":["https:\/\/uvbbrasil.com.br\/regina-duarte-toma-posse-como-secretaria-de-cultura-governo-de-jair-bolsonaro\/#respond"]}]},{"@type":"WebPage","@id":"https:\/\/uvbbrasil.com.br\/regina-duarte-toma-posse-como-secretaria-de-cultura-governo-de-jair-bolsonaro\/","url":"https:\/\/uvbbrasil.com.br\/regina-duarte-toma-posse-como-secretaria-de-cultura-governo-de-jair-bolsonaro\/","name":"Regina Duarte toma posse como Secret\u00e1ria de Cultura do governo de Jair Bolsonaro - UVB Brasil","isPartOf":{"@id":"https:\/\/uvbbrasil.com.br\/#website"},"primaryImageOfPage":{"@id":"https:\/\/uvbbrasil.com.br\/regina-duarte-toma-posse-como-secretaria-de-cultura-governo-de-jair-bolsonaro\/#primaryimage"},"image":{"@id":"https:\/\/uvbbrasil.com.br\/regina-duarte-toma-posse-como-secretaria-de-cultura-governo-de-jair-bolsonaro\/#primaryimage"},"thumbnailUrl":"https:\/\/uvbbrasil.com.br\/wp-content\/uploads\/2020\/03\/regina.jpg","datePublished":"2020-03-04T16:42:10+00:00","breadcrumb":{"@id":"https:\/\/uvbbrasil.com.br\/regina-duarte-toma-posse-como-secretaria-de-cultura-governo-de-jair-bolsonaro\/#breadcrumb"},"inLanguage":"pt-BR","potentialAction":[{"@type":"ReadAction","target":["https:\/\/uvbbrasil.com.br\/regina-duarte-toma-posse-como-secretaria-de-cultura-governo-de-jair-bolsonaro\/"]}]},{"@type":"ImageObject","inLanguage":"pt-BR","@id":"https:\/\/uvbbrasil.com.br\/regina-duarte-toma-posse-como-secretaria-de-cultura-governo-de-jair-bolsonaro\/#primaryimage","url":"https:\/\/uvbbrasil.com.br\/wp-content\/uploads\/2020\/03\/regina.jpg","contentUrl":"https:\/\/uvbbrasil.com.br\/wp-content\/uploads\/2020\/03\/regina.jpg","width":1000,"height":563},{"@type":"BreadcrumbList","@id":"https:\/\/uvbbrasil.com.br\/regina-duarte-toma-posse-como-secretaria-de-cultura-governo-de-jair-bolsonaro\/#breadcrumb","itemListElement":[{"@type":"ListItem","position":1,"name":"In\u00edcio","item":"https:\/\/uvbbrasil.com.br\/"},{"@type":"ListItem","position":2,"name":"Regina Duarte toma posse como Secret\u00e1ria de Cultura do governo de Jair Bolsonaro"}]},{"@type":"WebSite","@id":"https:\/\/uvbbrasil.com.br\/#website","url":"https:\/\/uvbbrasil.com.br\/","name":"UVB Brasil","description":"Uni\u00e3o dos Vereadores do Brasil","publisher":{"@id":"https:\/\/uvbbrasil.com.br\/#organization"},"potentialAction":[{"@type":"SearchAction","target":{"@type":"EntryPoint","urlTemplate":"https:\/\/uvbbrasil.com.br\/?s={search_term_string}"},"query-input":{"@type":"PropertyValueSpecification","valueRequired":true,"valueName":"search_term_string"}}],"inLanguage":"pt-BR"},{"@type":"Organization","@id":"https:\/\/uvbbrasil.com.br\/#organization","name":"UVB Brasil","url":"https:\/\/uvbbrasil.com.br\/","logo":{"@type":"ImageObject","inLanguage":"pt-BR","@id":"https:\/\/uvbbrasil.com.br\/#\/schema\/logo\/image\/","url":"https:\/\/uvbbrasil.com.br\/wp-content\/uploads\/2025\/01\/LOGO-UVB-2024-azul-1.jpg","contentUrl":"https:\/\/uvbbrasil.com.br\/wp-content\/uploads\/2025\/01\/LOGO-UVB-2024-azul-1.jpg","width":600,"height":211,"caption":"UVB Brasil"},"image":{"@id":"https:\/\/uvbbrasil.com.br\/#\/schema\/logo\/image\/"},"sameAs":["https:\/\/www.facebook.com\/uvb.vereadoresbrasil","https:\/\/www.instagram.com\/uvbbrasil\/","https:\/\/www.youtube.com\/channel\/UCIlPQ8Xzw5GHNzosQIg9S5A"]},{"@type":"Person","@id":"https:\/\/uvbbrasil.com.br\/#\/schema\/person\/17990098446c098f52effddff4f1b272","name":"adminuvb","image":{"@type":"ImageObject","inLanguage":"pt-BR","@id":"https:\/\/uvbbrasil.com.br\/#\/schema\/person\/image\/","url":"https:\/\/secure.gravatar.com\/avatar\/1a494ea6f8e2dd1ae526e55b0e9497efdba542491e0620d704cccf63c6f77c45?s=96&d=mm&r=g","contentUrl":"https:\/\/secure.gravatar.com\/avatar\/1a494ea6f8e2dd1ae526e55b0e9497efdba542491e0620d704cccf63c6f77c45?s=96&d=mm&r=g","caption":"adminuvb"},"sameAs":["https:\/\/uvbbrasil.com.br"],"url":"https:\/\/uvbbrasil.com.br\/author\/adminuvb\/"}]}},"_links":{"self":[{"href":"https:\/\/uvbbrasil.com.br\/uvb-json\/wp\/v2\/posts\/17919","targetHints":{"allow":["GET"]}}],"collection":[{"href":"https:\/\/uvbbrasil.com.br\/uvb-json\/wp\/v2\/posts"}],"about":[{"href":"https:\/\/uvbbrasil.com.br\/uvb-json\/wp\/v2\/types\/post"}],"author":[{"embeddable":true,"href":"https:\/\/uvbbrasil.com.br\/uvb-json\/wp\/v2\/users\/1"}],"replies":[{"embeddable":true,"href":"https:\/\/uvbbrasil.com.br\/uvb-json\/wp\/v2\/comments?post=17919"}],"version-history":[{"count":0,"href":"https:\/\/uvbbrasil.com.br\/uvb-json\/wp\/v2\/posts\/17919\/revisions"}],"wp:attachment":[{"href":"https:\/\/uvbbrasil.com.br\/uvb-json\/wp\/v2\/media?parent=17919"}],"wp:term":[{"taxonomy":"category","embeddable":true,"href":"https:\/\/uvbbrasil.com.br\/uvb-json\/wp\/v2\/categories?post=17919"},{"taxonomy":"post_tag","embeddable":true,"href":"https:\/\/uvbbrasil.com.br\/uvb-json\/wp\/v2\/tags?post=17919"}],"curies":[{"name":"wp","href":"https:\/\/api.w.org\/{rel}","templated":true}]}}