{"id":17915,"date":"2020-03-04T10:46:49","date_gmt":"2020-03-04T13:46:49","guid":{"rendered":"https:\/\/wpsandbox4.pante.com.br\/?p=17915"},"modified":"2020-03-04T10:46:49","modified_gmt":"2020-03-04T13:46:49","slug":"confira-os-palestrantes-confirmado-no-encontro-nacional-de-legislativos-em-recife-pe-de-11-13-de-marco","status":"publish","type":"post","link":"https:\/\/uvbbrasil.com.br\/confira-os-palestrantes-confirmado-no-encontro-nacional-de-legislativos-em-recife-pe-de-11-13-de-marco\/","title":{"rendered":"Confira os palestrantes confirmados no Encontro Nacional de Legislativos em Recife-PE de 11 a 13 de mar\u00e7o."},"content":{"rendered":"<p>A Uni\u00e3o dos vereadores do Brasil Seccional Pernambuco que tem a frente o presidente Dr Edimilson Henauth, em parceria com a Uni\u00e3o dos vereadores do Brasil-UVB, representada pelo presidente Gilson Conzatti, realizaram o Encontro Nacional de Legislativos Municipais em Recife-PE entre os dias 11 a 13 de mar\u00e7o\u00a0 no hotel Manib\u00fa(Av.Conselheiro Aguiar,919,Boa Viagem).<\/p>\n<p>A realiza\u00e7\u00e3o do encontro Nacional de Legislativos Municipais tem o objetivo de oferecer aos parlamentares e aos servidores das C\u00e2maras municipais\u00a0 capacita\u00e7\u00e3o para atua\u00e7\u00e3o das fun\u00e7\u00f5es legislativas,\u00a0 dicas de elabora\u00e7\u00e3o de leis, estudos sobre mat\u00e9rias or\u00e7ament\u00e1rias, finan\u00e7as p\u00fablicas e ao exerc\u00edcio do poder de fiscaliza\u00e7\u00e3o ampliando a forma\u00e7\u00e3o em assuntos de interesse do munic\u00edpio.<\/p>\n<p>A programa\u00e7\u00e3o do encontro\u00a0 apresentar\u00e1 temas como , par\u00e2metros constitucionais para fixa\u00e7\u00e3o dos subs\u00eddios\u00a0 dos agentes pol\u00edticos municipais(Dr Danilo Falc\u00e3o-P\u00f3s graduado em direito p\u00fablico), o pacto federativo e a extin\u00e7\u00e3o de munic\u00edpios e de c\u00e2maras municipais( Jos\u00e9 Patriota-Presidente da AMUPE-Prefeito da cidade de Afogados da Ingazeira-PE), campanhas eleitorais , redes sociais(Daniel Finizola- Professor e comunicador social-vereador em Caruaru-PE),o FUNDEB como politica de Estado de Estado(Deputado Federal\/PE),portal da transpar\u00eancia nas c\u00e2maras municipais(Procurador\u00a0 Geral de Justi\u00e7a do Estado de Alagoas-MP), f\u00f3rum das vereadoras-participa\u00e7\u00e3o das mulheres como ferramenta importante para a democracia brasileira(Deputada Estadual, Simone Santana),a reforma tributaria e o novo pacto federativo( Deputado Federal, Silvio Costa Filho),a reforma eleitoral e seus impactos para a elei\u00e7\u00e3o de 2020 e o calend\u00e1rio eleitoral(Marcelo Cumar\u00fa, advogado eleitoralista), entre os temas\u00a0 extremamente importantes\u00a0 que ser\u00e3o apresentados para os parlamentares principalmente em ano eleitoral.<\/p>\n<p>As inscri\u00e7\u00f5es podem ser realizadas\u00a0 por e-mail (uvb.pernambuco@gmail.com) ou pelos telefones (81-99773-5945\/81-98221-4240)<\/p>\n<p>P\u00fablico Alvo: Vereadores(as), administradores, assessores, contadores, diretores, procuradores, t\u00e9cnicos e servidores de c\u00e2maras. Prefeitos(as), Vice-Prefeitos, assessores, contadores, procuradores, t\u00e9cnicos e servidores de prefeituras municipais<\/p>\n<p>Investimento:<\/p>\n<p>R$ 350,00 \u2013 Por participante<\/p>\n<p>300,00 \u2013 Filiados a UVB ou a UVB\/PE.<\/p>\n<p>Na hip\u00f3tese do n\u00e3o comparecimento ou cancelamento do inscrito para a efetiva\u00e7\u00e3o do credenciamento, os valores pagos n\u00e3o ser\u00e3o devolvidos ao inscrito ou c\u00e2mara.<a href=\"https:\/\/uvbbrasil.com.br\/?attachment_id=17916\" rel=\"attachment wp-att-17916\"><img fetchpriority=\"high\" decoding=\"async\" class=\"aligncenter size-full wp-image-17916\" src=\"https:\/\/uvbbrasil.com.br\/wp-content\/uploads\/2020\/03\/WhatsApp-Image-2020-03-01-at-17.45.37.jpeg\" alt=\"\" width=\"1280\" height=\"634\" srcset=\"https:\/\/uvbbrasil.com.br\/wp-content\/uploads\/2020\/03\/WhatsApp-Image-2020-03-01-at-17.45.37.jpeg 1280w, https:\/\/uvbbrasil.com.br\/wp-content\/uploads\/2020\/03\/WhatsApp-Image-2020-03-01-at-17.45.37-300x149.jpeg 300w, https:\/\/uvbbrasil.com.br\/wp-content\/uploads\/2020\/03\/WhatsApp-Image-2020-03-01-at-17.45.37-1024x507.jpeg 1024w, https:\/\/uvbbrasil.com.br\/wp-content\/uploads\/2020\/03\/WhatsApp-Image-2020-03-01-at-17.45.37-768x380.jpeg 768w\" sizes=\"(max-width: 1280px) 100vw, 1280px\" \/><\/a><\/p>\n","protected":false},"excerpt":{"rendered":"<p>A Uni\u00e3o dos vereadores do Brasil Seccional Pernambuco que tem a frente o presidente Dr Edimilson Henauth, em parceria com&#8230;<\/p>\n","protected":false},"author":1,"featured_media":17916,"comment_status":"open","ping_status":"open","sticky":false,"template":"","format":"standard","meta":{"footnotes":""},"categories":[3,4],"tags":[],"class_list":["post-17915","post","type-post","status-publish","format-standard","has-post-thumbnail","hentry","category-noticias","category-home"],"yoast_head":"<!-- This site is optimized with the Yoast SEO plugin v26.7 - https:\/\/yoast.com\/wordpress\/plugins\/seo\/ -->\n<title>Confira os palestrantes confirmados no Encontro Nacional de Legislativos em Recife-PE de 11 a 13 de mar\u00e7o. - UVB Brasil<\/title>\n<meta name=\"robots\" content=\"index, follow, max-snippet:-1, max-image-preview:large, max-video-preview:-1\" \/>\n<link rel=\"canonical\" href=\"https:\/\/uvbbrasil.com.br\/confira-os-palestrantes-confirmado-no-encontro-nacional-de-legislativos-em-recife-pe-de-11-13-de-marco\/\" \/>\n<meta property=\"og:locale\" content=\"pt_BR\" \/>\n<meta property=\"og:type\" content=\"article\" \/>\n<meta property=\"og:title\" content=\"Confira os palestrantes confirmados no Encontro Nacional de Legislativos em Recife-PE de 11 a 13 de mar\u00e7o. - UVB Brasil\" \/>\n<meta property=\"og:description\" content=\"A Uni\u00e3o dos vereadores do Brasil Seccional Pernambuco que tem a frente o presidente Dr Edimilson Henauth, em parceria com...\" \/>\n<meta property=\"og:url\" content=\"https:\/\/uvbbrasil.com.br\/confira-os-palestrantes-confirmado-no-encontro-nacional-de-legislativos-em-recife-pe-de-11-13-de-marco\/\" \/>\n<meta property=\"og:site_name\" content=\"UVB Brasil\" \/>\n<meta property=\"article:publisher\" content=\"https:\/\/www.facebook.com\/uvb.vereadoresbrasil\" \/>\n<meta property=\"article:published_time\" content=\"2020-03-04T13:46:49+00:00\" \/>\n<meta property=\"og:image\" content=\"https:\/\/uvbbrasil.com.br\/wp-content\/uploads\/2020\/03\/WhatsApp-Image-2020-03-01-at-17.45.37.jpeg\" \/>\n\t<meta property=\"og:image:width\" content=\"1280\" \/>\n\t<meta property=\"og:image:height\" content=\"634\" \/>\n\t<meta property=\"og:image:type\" content=\"image\/jpeg\" \/>\n<meta name=\"author\" content=\"adminuvb\" \/>\n<meta name=\"twitter:card\" content=\"summary_large_image\" \/>\n<meta name=\"twitter:label1\" content=\"Escrito por\" \/>\n\t<meta name=\"twitter:data1\" content=\"adminuvb\" \/>\n\t<meta name=\"twitter:label2\" content=\"Est. tempo de leitura\" \/>\n\t<meta name=\"twitter:data2\" content=\"2 minutos\" \/>\n<script type=\"application\/ld+json\" class=\"yoast-schema-graph\">{\"@context\":\"https:\/\/schema.org\",\"@graph\":[{\"@type\":\"Article\",\"@id\":\"https:\/\/uvbbrasil.com.br\/confira-os-palestrantes-confirmado-no-encontro-nacional-de-legislativos-em-recife-pe-de-11-13-de-marco\/#article\",\"isPartOf\":{\"@id\":\"https:\/\/uvbbrasil.com.br\/confira-os-palestrantes-confirmado-no-encontro-nacional-de-legislativos-em-recife-pe-de-11-13-de-marco\/\"},\"author\":{\"name\":\"adminuvb\",\"@id\":\"https:\/\/uvbbrasil.com.br\/#\/schema\/person\/17990098446c098f52effddff4f1b272\"},\"headline\":\"Confira os palestrantes confirmados no Encontro Nacional de Legislativos em Recife-PE de 11 a 13 de mar\u00e7o.\",\"datePublished\":\"2020-03-04T13:46:49+00:00\",\"mainEntityOfPage\":{\"@id\":\"https:\/\/uvbbrasil.com.br\/confira-os-palestrantes-confirmado-no-encontro-nacional-de-legislativos-em-recife-pe-de-11-13-de-marco\/\"},\"wordCount\":396,\"commentCount\":0,\"publisher\":{\"@id\":\"https:\/\/uvbbrasil.com.br\/#organization\"},\"image\":{\"@id\":\"https:\/\/uvbbrasil.com.br\/confira-os-palestrantes-confirmado-no-encontro-nacional-de-legislativos-em-recife-pe-de-11-13-de-marco\/#primaryimage\"},\"thumbnailUrl\":\"https:\/\/uvbbrasil.com.br\/wp-content\/uploads\/2020\/03\/WhatsApp-Image-2020-03-01-at-17.45.37.jpeg\",\"articleSection\":[\"NOT\u00cdCIAS\",\"UVB\"],\"inLanguage\":\"pt-BR\",\"potentialAction\":[{\"@type\":\"CommentAction\",\"name\":\"Comment\",\"target\":[\"https:\/\/uvbbrasil.com.br\/confira-os-palestrantes-confirmado-no-encontro-nacional-de-legislativos-em-recife-pe-de-11-13-de-marco\/#respond\"]}]},{\"@type\":\"WebPage\",\"@id\":\"https:\/\/uvbbrasil.com.br\/confira-os-palestrantes-confirmado-no-encontro-nacional-de-legislativos-em-recife-pe-de-11-13-de-marco\/\",\"url\":\"https:\/\/uvbbrasil.com.br\/confira-os-palestrantes-confirmado-no-encontro-nacional-de-legislativos-em-recife-pe-de-11-13-de-marco\/\",\"name\":\"Confira os palestrantes confirmados no Encontro Nacional de Legislativos em Recife-PE de 11 a 13 de mar\u00e7o. - UVB Brasil\",\"isPartOf\":{\"@id\":\"https:\/\/uvbbrasil.com.br\/#website\"},\"primaryImageOfPage\":{\"@id\":\"https:\/\/uvbbrasil.com.br\/confira-os-palestrantes-confirmado-no-encontro-nacional-de-legislativos-em-recife-pe-de-11-13-de-marco\/#primaryimage\"},\"image\":{\"@id\":\"https:\/\/uvbbrasil.com.br\/confira-os-palestrantes-confirmado-no-encontro-nacional-de-legislativos-em-recife-pe-de-11-13-de-marco\/#primaryimage\"},\"thumbnailUrl\":\"https:\/\/uvbbrasil.com.br\/wp-content\/uploads\/2020\/03\/WhatsApp-Image-2020-03-01-at-17.45.37.jpeg\",\"datePublished\":\"2020-03-04T13:46:49+00:00\",\"breadcrumb\":{\"@id\":\"https:\/\/uvbbrasil.com.br\/confira-os-palestrantes-confirmado-no-encontro-nacional-de-legislativos-em-recife-pe-de-11-13-de-marco\/#breadcrumb\"},\"inLanguage\":\"pt-BR\",\"potentialAction\":[{\"@type\":\"ReadAction\",\"target\":[\"https:\/\/uvbbrasil.com.br\/confira-os-palestrantes-confirmado-no-encontro-nacional-de-legislativos-em-recife-pe-de-11-13-de-marco\/\"]}]},{\"@type\":\"ImageObject\",\"inLanguage\":\"pt-BR\",\"@id\":\"https:\/\/uvbbrasil.com.br\/confira-os-palestrantes-confirmado-no-encontro-nacional-de-legislativos-em-recife-pe-de-11-13-de-marco\/#primaryimage\",\"url\":\"https:\/\/uvbbrasil.com.br\/wp-content\/uploads\/2020\/03\/WhatsApp-Image-2020-03-01-at-17.45.37.jpeg\",\"contentUrl\":\"https:\/\/uvbbrasil.com.br\/wp-content\/uploads\/2020\/03\/WhatsApp-Image-2020-03-01-at-17.45.37.jpeg\",\"width\":1280,\"height\":634},{\"@type\":\"BreadcrumbList\",\"@id\":\"https:\/\/uvbbrasil.com.br\/confira-os-palestrantes-confirmado-no-encontro-nacional-de-legislativos-em-recife-pe-de-11-13-de-marco\/#breadcrumb\",\"itemListElement\":[{\"@type\":\"ListItem\",\"position\":1,\"name\":\"In\u00edcio\",\"item\":\"https:\/\/uvbbrasil.com.br\/\"},{\"@type\":\"ListItem\",\"position\":2,\"name\":\"Confira os palestrantes confirmados no Encontro Nacional de Legislativos em Recife-PE de 11 a 13 de mar\u00e7o.\"}]},{\"@type\":\"WebSite\",\"@id\":\"https:\/\/uvbbrasil.com.br\/#website\",\"url\":\"https:\/\/uvbbrasil.com.br\/\",\"name\":\"UVB Brasil\",\"description\":\"Uni\u00e3o dos Vereadores do Brasil\",\"publisher\":{\"@id\":\"https:\/\/uvbbrasil.com.br\/#organization\"},\"potentialAction\":[{\"@type\":\"SearchAction\",\"target\":{\"@type\":\"EntryPoint\",\"urlTemplate\":\"https:\/\/uvbbrasil.com.br\/?s={search_term_string}\"},\"query-input\":{\"@type\":\"PropertyValueSpecification\",\"valueRequired\":true,\"valueName\":\"search_term_string\"}}],\"inLanguage\":\"pt-BR\"},{\"@type\":\"Organization\",\"@id\":\"https:\/\/uvbbrasil.com.br\/#organization\",\"name\":\"UVB Brasil\",\"url\":\"https:\/\/uvbbrasil.com.br\/\",\"logo\":{\"@type\":\"ImageObject\",\"inLanguage\":\"pt-BR\",\"@id\":\"https:\/\/uvbbrasil.com.br\/#\/schema\/logo\/image\/\",\"url\":\"https:\/\/uvbbrasil.com.br\/wp-content\/uploads\/2025\/01\/LOGO-UVB-2024-azul-1.jpg\",\"contentUrl\":\"https:\/\/uvbbrasil.com.br\/wp-content\/uploads\/2025\/01\/LOGO-UVB-2024-azul-1.jpg\",\"width\":600,\"height\":211,\"caption\":\"UVB Brasil\"},\"image\":{\"@id\":\"https:\/\/uvbbrasil.com.br\/#\/schema\/logo\/image\/\"},\"sameAs\":[\"https:\/\/www.facebook.com\/uvb.vereadoresbrasil\",\"https:\/\/www.instagram.com\/uvbbrasil\/\",\"https:\/\/www.youtube.com\/channel\/UCIlPQ8Xzw5GHNzosQIg9S5A\"]},{\"@type\":\"Person\",\"@id\":\"https:\/\/uvbbrasil.com.br\/#\/schema\/person\/17990098446c098f52effddff4f1b272\",\"name\":\"adminuvb\",\"image\":{\"@type\":\"ImageObject\",\"inLanguage\":\"pt-BR\",\"@id\":\"https:\/\/uvbbrasil.com.br\/#\/schema\/person\/image\/\",\"url\":\"https:\/\/secure.gravatar.com\/avatar\/1a494ea6f8e2dd1ae526e55b0e9497efdba542491e0620d704cccf63c6f77c45?s=96&d=mm&r=g\",\"contentUrl\":\"https:\/\/secure.gravatar.com\/avatar\/1a494ea6f8e2dd1ae526e55b0e9497efdba542491e0620d704cccf63c6f77c45?s=96&d=mm&r=g\",\"caption\":\"adminuvb\"},\"sameAs\":[\"https:\/\/uvbbrasil.com.br\"],\"url\":\"https:\/\/uvbbrasil.com.br\/author\/adminuvb\/\"}]}<\/script>\n<!-- \/ Yoast SEO plugin. -->","yoast_head_json":{"title":"Confira os palestrantes confirmados no Encontro Nacional de Legislativos em Recife-PE de 11 a 13 de mar\u00e7o. - UVB Brasil","robots":{"index":"index","follow":"follow","max-snippet":"max-snippet:-1","max-image-preview":"max-image-preview:large","max-video-preview":"max-video-preview:-1"},"canonical":"https:\/\/uvbbrasil.com.br\/confira-os-palestrantes-confirmado-no-encontro-nacional-de-legislativos-em-recife-pe-de-11-13-de-marco\/","og_locale":"pt_BR","og_type":"article","og_title":"Confira os palestrantes confirmados no Encontro Nacional de Legislativos em Recife-PE de 11 a 13 de mar\u00e7o. - UVB Brasil","og_description":"A Uni\u00e3o dos vereadores do Brasil Seccional Pernambuco que tem a frente o presidente Dr Edimilson Henauth, em parceria com...","og_url":"https:\/\/uvbbrasil.com.br\/confira-os-palestrantes-confirmado-no-encontro-nacional-de-legislativos-em-recife-pe-de-11-13-de-marco\/","og_site_name":"UVB Brasil","article_publisher":"https:\/\/www.facebook.com\/uvb.vereadoresbrasil","article_published_time":"2020-03-04T13:46:49+00:00","og_image":[{"width":1280,"height":634,"url":"https:\/\/uvbbrasil.com.br\/wp-content\/uploads\/2020\/03\/WhatsApp-Image-2020-03-01-at-17.45.37.jpeg","type":"image\/jpeg"}],"author":"adminuvb","twitter_card":"summary_large_image","twitter_misc":{"Escrito por":"adminuvb","Est. tempo de leitura":"2 minutos"},"schema":{"@context":"https:\/\/schema.org","@graph":[{"@type":"Article","@id":"https:\/\/uvbbrasil.com.br\/confira-os-palestrantes-confirmado-no-encontro-nacional-de-legislativos-em-recife-pe-de-11-13-de-marco\/#article","isPartOf":{"@id":"https:\/\/uvbbrasil.com.br\/confira-os-palestrantes-confirmado-no-encontro-nacional-de-legislativos-em-recife-pe-de-11-13-de-marco\/"},"author":{"name":"adminuvb","@id":"https:\/\/uvbbrasil.com.br\/#\/schema\/person\/17990098446c098f52effddff4f1b272"},"headline":"Confira os palestrantes confirmados no Encontro Nacional de Legislativos em Recife-PE de 11 a 13 de mar\u00e7o.","datePublished":"2020-03-04T13:46:49+00:00","mainEntityOfPage":{"@id":"https:\/\/uvbbrasil.com.br\/confira-os-palestrantes-confirmado-no-encontro-nacional-de-legislativos-em-recife-pe-de-11-13-de-marco\/"},"wordCount":396,"commentCount":0,"publisher":{"@id":"https:\/\/uvbbrasil.com.br\/#organization"},"image":{"@id":"https:\/\/uvbbrasil.com.br\/confira-os-palestrantes-confirmado-no-encontro-nacional-de-legislativos-em-recife-pe-de-11-13-de-marco\/#primaryimage"},"thumbnailUrl":"https:\/\/uvbbrasil.com.br\/wp-content\/uploads\/2020\/03\/WhatsApp-Image-2020-03-01-at-17.45.37.jpeg","articleSection":["NOT\u00cdCIAS","UVB"],"inLanguage":"pt-BR","potentialAction":[{"@type":"CommentAction","name":"Comment","target":["https:\/\/uvbbrasil.com.br\/confira-os-palestrantes-confirmado-no-encontro-nacional-de-legislativos-em-recife-pe-de-11-13-de-marco\/#respond"]}]},{"@type":"WebPage","@id":"https:\/\/uvbbrasil.com.br\/confira-os-palestrantes-confirmado-no-encontro-nacional-de-legislativos-em-recife-pe-de-11-13-de-marco\/","url":"https:\/\/uvbbrasil.com.br\/confira-os-palestrantes-confirmado-no-encontro-nacional-de-legislativos-em-recife-pe-de-11-13-de-marco\/","name":"Confira os palestrantes confirmados no Encontro Nacional de Legislativos em Recife-PE de 11 a 13 de mar\u00e7o. - UVB Brasil","isPartOf":{"@id":"https:\/\/uvbbrasil.com.br\/#website"},"primaryImageOfPage":{"@id":"https:\/\/uvbbrasil.com.br\/confira-os-palestrantes-confirmado-no-encontro-nacional-de-legislativos-em-recife-pe-de-11-13-de-marco\/#primaryimage"},"image":{"@id":"https:\/\/uvbbrasil.com.br\/confira-os-palestrantes-confirmado-no-encontro-nacional-de-legislativos-em-recife-pe-de-11-13-de-marco\/#primaryimage"},"thumbnailUrl":"https:\/\/uvbbrasil.com.br\/wp-content\/uploads\/2020\/03\/WhatsApp-Image-2020-03-01-at-17.45.37.jpeg","datePublished":"2020-03-04T13:46:49+00:00","breadcrumb":{"@id":"https:\/\/uvbbrasil.com.br\/confira-os-palestrantes-confirmado-no-encontro-nacional-de-legislativos-em-recife-pe-de-11-13-de-marco\/#breadcrumb"},"inLanguage":"pt-BR","potentialAction":[{"@type":"ReadAction","target":["https:\/\/uvbbrasil.com.br\/confira-os-palestrantes-confirmado-no-encontro-nacional-de-legislativos-em-recife-pe-de-11-13-de-marco\/"]}]},{"@type":"ImageObject","inLanguage":"pt-BR","@id":"https:\/\/uvbbrasil.com.br\/confira-os-palestrantes-confirmado-no-encontro-nacional-de-legislativos-em-recife-pe-de-11-13-de-marco\/#primaryimage","url":"https:\/\/uvbbrasil.com.br\/wp-content\/uploads\/2020\/03\/WhatsApp-Image-2020-03-01-at-17.45.37.jpeg","contentUrl":"https:\/\/uvbbrasil.com.br\/wp-content\/uploads\/2020\/03\/WhatsApp-Image-2020-03-01-at-17.45.37.jpeg","width":1280,"height":634},{"@type":"BreadcrumbList","@id":"https:\/\/uvbbrasil.com.br\/confira-os-palestrantes-confirmado-no-encontro-nacional-de-legislativos-em-recife-pe-de-11-13-de-marco\/#breadcrumb","itemListElement":[{"@type":"ListItem","position":1,"name":"In\u00edcio","item":"https:\/\/uvbbrasil.com.br\/"},{"@type":"ListItem","position":2,"name":"Confira os palestrantes confirmados no Encontro Nacional de Legislativos em Recife-PE de 11 a 13 de mar\u00e7o."}]},{"@type":"WebSite","@id":"https:\/\/uvbbrasil.com.br\/#website","url":"https:\/\/uvbbrasil.com.br\/","name":"UVB Brasil","description":"Uni\u00e3o dos Vereadores do Brasil","publisher":{"@id":"https:\/\/uvbbrasil.com.br\/#organization"},"potentialAction":[{"@type":"SearchAction","target":{"@type":"EntryPoint","urlTemplate":"https:\/\/uvbbrasil.com.br\/?s={search_term_string}"},"query-input":{"@type":"PropertyValueSpecification","valueRequired":true,"valueName":"search_term_string"}}],"inLanguage":"pt-BR"},{"@type":"Organization","@id":"https:\/\/uvbbrasil.com.br\/#organization","name":"UVB Brasil","url":"https:\/\/uvbbrasil.com.br\/","logo":{"@type":"ImageObject","inLanguage":"pt-BR","@id":"https:\/\/uvbbrasil.com.br\/#\/schema\/logo\/image\/","url":"https:\/\/uvbbrasil.com.br\/wp-content\/uploads\/2025\/01\/LOGO-UVB-2024-azul-1.jpg","contentUrl":"https:\/\/uvbbrasil.com.br\/wp-content\/uploads\/2025\/01\/LOGO-UVB-2024-azul-1.jpg","width":600,"height":211,"caption":"UVB Brasil"},"image":{"@id":"https:\/\/uvbbrasil.com.br\/#\/schema\/logo\/image\/"},"sameAs":["https:\/\/www.facebook.com\/uvb.vereadoresbrasil","https:\/\/www.instagram.com\/uvbbrasil\/","https:\/\/www.youtube.com\/channel\/UCIlPQ8Xzw5GHNzosQIg9S5A"]},{"@type":"Person","@id":"https:\/\/uvbbrasil.com.br\/#\/schema\/person\/17990098446c098f52effddff4f1b272","name":"adminuvb","image":{"@type":"ImageObject","inLanguage":"pt-BR","@id":"https:\/\/uvbbrasil.com.br\/#\/schema\/person\/image\/","url":"https:\/\/secure.gravatar.com\/avatar\/1a494ea6f8e2dd1ae526e55b0e9497efdba542491e0620d704cccf63c6f77c45?s=96&d=mm&r=g","contentUrl":"https:\/\/secure.gravatar.com\/avatar\/1a494ea6f8e2dd1ae526e55b0e9497efdba542491e0620d704cccf63c6f77c45?s=96&d=mm&r=g","caption":"adminuvb"},"sameAs":["https:\/\/uvbbrasil.com.br"],"url":"https:\/\/uvbbrasil.com.br\/author\/adminuvb\/"}]}},"_links":{"self":[{"href":"https:\/\/uvbbrasil.com.br\/uvb-json\/wp\/v2\/posts\/17915","targetHints":{"allow":["GET"]}}],"collection":[{"href":"https:\/\/uvbbrasil.com.br\/uvb-json\/wp\/v2\/posts"}],"about":[{"href":"https:\/\/uvbbrasil.com.br\/uvb-json\/wp\/v2\/types\/post"}],"author":[{"embeddable":true,"href":"https:\/\/uvbbrasil.com.br\/uvb-json\/wp\/v2\/users\/1"}],"replies":[{"embeddable":true,"href":"https:\/\/uvbbrasil.com.br\/uvb-json\/wp\/v2\/comments?post=17915"}],"version-history":[{"count":0,"href":"https:\/\/uvbbrasil.com.br\/uvb-json\/wp\/v2\/posts\/17915\/revisions"}],"wp:featuredmedia":[{"embeddable":true,"href":"https:\/\/uvbbrasil.com.br\/uvb-json\/wp\/v2\/media\/17916"}],"wp:attachment":[{"href":"https:\/\/uvbbrasil.com.br\/uvb-json\/wp\/v2\/media?parent=17915"}],"wp:term":[{"taxonomy":"category","embeddable":true,"href":"https:\/\/uvbbrasil.com.br\/uvb-json\/wp\/v2\/categories?post=17915"},{"taxonomy":"post_tag","embeddable":true,"href":"https:\/\/uvbbrasil.com.br\/uvb-json\/wp\/v2\/tags?post=17915"}],"curies":[{"name":"wp","href":"https:\/\/api.w.org\/{rel}","templated":true}]}}