{"id":17848,"date":"2020-02-26T17:08:45","date_gmt":"2020-02-26T20:08:45","guid":{"rendered":"https:\/\/wpsandbox4.pante.com.br\/?p=17848"},"modified":"2020-02-26T17:08:45","modified_gmt":"2020-02-26T20:08:45","slug":"vereadores-tem-ate-20-de-marco-para-destinar-r-52-milhoes-em-emendas","status":"publish","type":"post","link":"https:\/\/uvbbrasil.com.br\/vereadores-tem-ate-20-de-marco-para-destinar-r-52-milhoes-em-emendas\/","title":{"rendered":"Vereadores  t\u00eam at\u00e9 20 de mar\u00e7o para destinar R$ 5,2 milh\u00f5es em emendas"},"content":{"rendered":"<p>Campo Grande\/MS- Os 29 vereadores de Campo Grande-MS t\u00eam de indicar entidades para receber recursos do Fis (Fundo de Investimentos Sociais), at\u00e9 20 de mar\u00e7o de 2020. Um comunicado do presidente da C\u00e2mara Municipal, vereador Jo\u00e3o Rocha (PSDB), pede aos parlamentares o envio de dados sobre as institui\u00e7\u00f5es indicadas.<\/p>\n<p>Todo ano, cada vereador tem direito a destinar R$ 180 mil para entidades em emendas parlamentares \u2013 metade do valor \u00e9 para sa\u00fade e a outra voltada \u00e0 assist\u00eancia social. Ao todo s\u00e3o R$ 5,2 milh\u00f5es, considerando os 29 vereadores.<\/p>\n<p>A rela\u00e7\u00e3o ter\u00e1 de conter raz\u00e3o social, CNPJ e o valor indicado para cada uma das organiza\u00e7\u00f5es. O documento justifica o prazo at\u00e9 20 de mar\u00e7o diante da necessidade em \u201caprovar em tempo h\u00e1bil o Plano de Aplica\u00e7\u00e3o dos recursos do Fis\u201d<a href=\"https:\/\/uvbbrasil.com.br\/?attachment_id=17849\" rel=\"attachment wp-att-17849\"><img fetchpriority=\"high\" decoding=\"async\" class=\"aligncenter size-full wp-image-17849\" src=\"https:\/\/uvbbrasil.com.br\/wp-content\/uploads\/2020\/02\/campo-grande.jpg\" alt=\"\" width=\"1500\" height=\"1000\" srcset=\"https:\/\/uvbbrasil.com.br\/wp-content\/uploads\/2020\/02\/campo-grande.jpg 1500w, https:\/\/uvbbrasil.com.br\/wp-content\/uploads\/2020\/02\/campo-grande-300x200.jpg 300w, https:\/\/uvbbrasil.com.br\/wp-content\/uploads\/2020\/02\/campo-grande-1024x683.jpg 1024w, https:\/\/uvbbrasil.com.br\/wp-content\/uploads\/2020\/02\/campo-grande-768x512.jpg 768w\" sizes=\"(max-width: 1500px) 100vw, 1500px\" \/><\/a><\/p>\n<p>fonte: www.midiamax.com.br<\/p>\n","protected":false},"excerpt":{"rendered":"<p>Campo Grande\/MS- Os 29 vereadores de Campo Grande-MS t\u00eam de indicar entidades para receber recursos do Fis (Fundo de Investimentos&#8230;<\/p>\n","protected":false},"author":1,"featured_media":17849,"comment_status":"open","ping_status":"open","sticky":false,"template":"","format":"standard","meta":{"footnotes":""},"categories":[3],"tags":[],"class_list":["post-17848","post","type-post","status-publish","format-standard","has-post-thumbnail","hentry","category-noticias"],"yoast_head":"<!-- This site is optimized with the Yoast SEO plugin v26.7 - https:\/\/yoast.com\/wordpress\/plugins\/seo\/ -->\n<title>Vereadores t\u00eam at\u00e9 20 de mar\u00e7o para destinar R$ 5,2 milh\u00f5es em emendas - UVB Brasil<\/title>\n<meta name=\"robots\" content=\"index, follow, max-snippet:-1, max-image-preview:large, max-video-preview:-1\" \/>\n<link rel=\"canonical\" href=\"https:\/\/uvbbrasil.com.br\/vereadores-tem-ate-20-de-marco-para-destinar-r-52-milhoes-em-emendas\/\" \/>\n<meta property=\"og:locale\" content=\"pt_BR\" \/>\n<meta property=\"og:type\" content=\"article\" \/>\n<meta property=\"og:title\" content=\"Vereadores t\u00eam at\u00e9 20 de mar\u00e7o para destinar R$ 5,2 milh\u00f5es em emendas - UVB Brasil\" \/>\n<meta property=\"og:description\" content=\"Campo Grande\/MS- Os 29 vereadores de Campo Grande-MS t\u00eam de indicar entidades para receber recursos do Fis (Fundo de Investimentos...\" \/>\n<meta property=\"og:url\" content=\"https:\/\/uvbbrasil.com.br\/vereadores-tem-ate-20-de-marco-para-destinar-r-52-milhoes-em-emendas\/\" \/>\n<meta property=\"og:site_name\" content=\"UVB Brasil\" \/>\n<meta property=\"article:publisher\" content=\"https:\/\/www.facebook.com\/uvb.vereadoresbrasil\" \/>\n<meta property=\"article:published_time\" content=\"2020-02-26T20:08:45+00:00\" \/>\n<meta property=\"og:image\" content=\"https:\/\/uvbbrasil.com.br\/wp-content\/uploads\/2020\/02\/campo-grande.jpg\" \/>\n\t<meta property=\"og:image:width\" content=\"1500\" \/>\n\t<meta property=\"og:image:height\" content=\"1000\" \/>\n\t<meta property=\"og:image:type\" content=\"image\/jpeg\" \/>\n<meta name=\"author\" content=\"adminuvb\" \/>\n<meta name=\"twitter:card\" content=\"summary_large_image\" \/>\n<meta name=\"twitter:label1\" content=\"Escrito por\" \/>\n\t<meta name=\"twitter:data1\" content=\"adminuvb\" \/>\n\t<meta name=\"twitter:label2\" content=\"Est. tempo de leitura\" \/>\n\t<meta name=\"twitter:data2\" content=\"1 minuto\" \/>\n<script type=\"application\/ld+json\" class=\"yoast-schema-graph\">{\"@context\":\"https:\/\/schema.org\",\"@graph\":[{\"@type\":\"Article\",\"@id\":\"https:\/\/uvbbrasil.com.br\/vereadores-tem-ate-20-de-marco-para-destinar-r-52-milhoes-em-emendas\/#article\",\"isPartOf\":{\"@id\":\"https:\/\/uvbbrasil.com.br\/vereadores-tem-ate-20-de-marco-para-destinar-r-52-milhoes-em-emendas\/\"},\"author\":{\"name\":\"adminuvb\",\"@id\":\"https:\/\/uvbbrasil.com.br\/#\/schema\/person\/17990098446c098f52effddff4f1b272\"},\"headline\":\"Vereadores t\u00eam at\u00e9 20 de mar\u00e7o para destinar R$ 5,2 milh\u00f5es em emendas\",\"datePublished\":\"2020-02-26T20:08:45+00:00\",\"mainEntityOfPage\":{\"@id\":\"https:\/\/uvbbrasil.com.br\/vereadores-tem-ate-20-de-marco-para-destinar-r-52-milhoes-em-emendas\/\"},\"wordCount\":156,\"commentCount\":0,\"publisher\":{\"@id\":\"https:\/\/uvbbrasil.com.br\/#organization\"},\"image\":{\"@id\":\"https:\/\/uvbbrasil.com.br\/vereadores-tem-ate-20-de-marco-para-destinar-r-52-milhoes-em-emendas\/#primaryimage\"},\"thumbnailUrl\":\"https:\/\/uvbbrasil.com.br\/wp-content\/uploads\/2020\/02\/campo-grande.jpg\",\"articleSection\":[\"NOT\u00cdCIAS\"],\"inLanguage\":\"pt-BR\",\"potentialAction\":[{\"@type\":\"CommentAction\",\"name\":\"Comment\",\"target\":[\"https:\/\/uvbbrasil.com.br\/vereadores-tem-ate-20-de-marco-para-destinar-r-52-milhoes-em-emendas\/#respond\"]}]},{\"@type\":\"WebPage\",\"@id\":\"https:\/\/uvbbrasil.com.br\/vereadores-tem-ate-20-de-marco-para-destinar-r-52-milhoes-em-emendas\/\",\"url\":\"https:\/\/uvbbrasil.com.br\/vereadores-tem-ate-20-de-marco-para-destinar-r-52-milhoes-em-emendas\/\",\"name\":\"Vereadores t\u00eam at\u00e9 20 de mar\u00e7o para destinar R$ 5,2 milh\u00f5es em emendas - UVB Brasil\",\"isPartOf\":{\"@id\":\"https:\/\/uvbbrasil.com.br\/#website\"},\"primaryImageOfPage\":{\"@id\":\"https:\/\/uvbbrasil.com.br\/vereadores-tem-ate-20-de-marco-para-destinar-r-52-milhoes-em-emendas\/#primaryimage\"},\"image\":{\"@id\":\"https:\/\/uvbbrasil.com.br\/vereadores-tem-ate-20-de-marco-para-destinar-r-52-milhoes-em-emendas\/#primaryimage\"},\"thumbnailUrl\":\"https:\/\/uvbbrasil.com.br\/wp-content\/uploads\/2020\/02\/campo-grande.jpg\",\"datePublished\":\"2020-02-26T20:08:45+00:00\",\"breadcrumb\":{\"@id\":\"https:\/\/uvbbrasil.com.br\/vereadores-tem-ate-20-de-marco-para-destinar-r-52-milhoes-em-emendas\/#breadcrumb\"},\"inLanguage\":\"pt-BR\",\"potentialAction\":[{\"@type\":\"ReadAction\",\"target\":[\"https:\/\/uvbbrasil.com.br\/vereadores-tem-ate-20-de-marco-para-destinar-r-52-milhoes-em-emendas\/\"]}]},{\"@type\":\"ImageObject\",\"inLanguage\":\"pt-BR\",\"@id\":\"https:\/\/uvbbrasil.com.br\/vereadores-tem-ate-20-de-marco-para-destinar-r-52-milhoes-em-emendas\/#primaryimage\",\"url\":\"https:\/\/uvbbrasil.com.br\/wp-content\/uploads\/2020\/02\/campo-grande.jpg\",\"contentUrl\":\"https:\/\/uvbbrasil.com.br\/wp-content\/uploads\/2020\/02\/campo-grande.jpg\",\"width\":1500,\"height\":1000},{\"@type\":\"BreadcrumbList\",\"@id\":\"https:\/\/uvbbrasil.com.br\/vereadores-tem-ate-20-de-marco-para-destinar-r-52-milhoes-em-emendas\/#breadcrumb\",\"itemListElement\":[{\"@type\":\"ListItem\",\"position\":1,\"name\":\"In\u00edcio\",\"item\":\"https:\/\/uvbbrasil.com.br\/\"},{\"@type\":\"ListItem\",\"position\":2,\"name\":\"Vereadores t\u00eam at\u00e9 20 de mar\u00e7o para destinar R$ 5,2 milh\u00f5es em emendas\"}]},{\"@type\":\"WebSite\",\"@id\":\"https:\/\/uvbbrasil.com.br\/#website\",\"url\":\"https:\/\/uvbbrasil.com.br\/\",\"name\":\"UVB Brasil\",\"description\":\"Uni\u00e3o dos Vereadores do Brasil\",\"publisher\":{\"@id\":\"https:\/\/uvbbrasil.com.br\/#organization\"},\"potentialAction\":[{\"@type\":\"SearchAction\",\"target\":{\"@type\":\"EntryPoint\",\"urlTemplate\":\"https:\/\/uvbbrasil.com.br\/?s={search_term_string}\"},\"query-input\":{\"@type\":\"PropertyValueSpecification\",\"valueRequired\":true,\"valueName\":\"search_term_string\"}}],\"inLanguage\":\"pt-BR\"},{\"@type\":\"Organization\",\"@id\":\"https:\/\/uvbbrasil.com.br\/#organization\",\"name\":\"UVB Brasil\",\"url\":\"https:\/\/uvbbrasil.com.br\/\",\"logo\":{\"@type\":\"ImageObject\",\"inLanguage\":\"pt-BR\",\"@id\":\"https:\/\/uvbbrasil.com.br\/#\/schema\/logo\/image\/\",\"url\":\"https:\/\/uvbbrasil.com.br\/wp-content\/uploads\/2025\/01\/LOGO-UVB-2024-azul-1.jpg\",\"contentUrl\":\"https:\/\/uvbbrasil.com.br\/wp-content\/uploads\/2025\/01\/LOGO-UVB-2024-azul-1.jpg\",\"width\":600,\"height\":211,\"caption\":\"UVB Brasil\"},\"image\":{\"@id\":\"https:\/\/uvbbrasil.com.br\/#\/schema\/logo\/image\/\"},\"sameAs\":[\"https:\/\/www.facebook.com\/uvb.vereadoresbrasil\",\"https:\/\/www.instagram.com\/uvbbrasil\/\",\"https:\/\/www.youtube.com\/channel\/UCIlPQ8Xzw5GHNzosQIg9S5A\"]},{\"@type\":\"Person\",\"@id\":\"https:\/\/uvbbrasil.com.br\/#\/schema\/person\/17990098446c098f52effddff4f1b272\",\"name\":\"adminuvb\",\"image\":{\"@type\":\"ImageObject\",\"inLanguage\":\"pt-BR\",\"@id\":\"https:\/\/uvbbrasil.com.br\/#\/schema\/person\/image\/\",\"url\":\"https:\/\/secure.gravatar.com\/avatar\/1a494ea6f8e2dd1ae526e55b0e9497efdba542491e0620d704cccf63c6f77c45?s=96&d=mm&r=g\",\"contentUrl\":\"https:\/\/secure.gravatar.com\/avatar\/1a494ea6f8e2dd1ae526e55b0e9497efdba542491e0620d704cccf63c6f77c45?s=96&d=mm&r=g\",\"caption\":\"adminuvb\"},\"sameAs\":[\"https:\/\/uvbbrasil.com.br\"],\"url\":\"https:\/\/uvbbrasil.com.br\/author\/adminuvb\/\"}]}<\/script>\n<!-- \/ Yoast SEO plugin. -->","yoast_head_json":{"title":"Vereadores t\u00eam at\u00e9 20 de mar\u00e7o para destinar R$ 5,2 milh\u00f5es em emendas - UVB Brasil","robots":{"index":"index","follow":"follow","max-snippet":"max-snippet:-1","max-image-preview":"max-image-preview:large","max-video-preview":"max-video-preview:-1"},"canonical":"https:\/\/uvbbrasil.com.br\/vereadores-tem-ate-20-de-marco-para-destinar-r-52-milhoes-em-emendas\/","og_locale":"pt_BR","og_type":"article","og_title":"Vereadores t\u00eam at\u00e9 20 de mar\u00e7o para destinar R$ 5,2 milh\u00f5es em emendas - UVB Brasil","og_description":"Campo Grande\/MS- Os 29 vereadores de Campo Grande-MS t\u00eam de indicar entidades para receber recursos do Fis (Fundo de Investimentos...","og_url":"https:\/\/uvbbrasil.com.br\/vereadores-tem-ate-20-de-marco-para-destinar-r-52-milhoes-em-emendas\/","og_site_name":"UVB Brasil","article_publisher":"https:\/\/www.facebook.com\/uvb.vereadoresbrasil","article_published_time":"2020-02-26T20:08:45+00:00","og_image":[{"width":1500,"height":1000,"url":"https:\/\/uvbbrasil.com.br\/wp-content\/uploads\/2020\/02\/campo-grande.jpg","type":"image\/jpeg"}],"author":"adminuvb","twitter_card":"summary_large_image","twitter_misc":{"Escrito por":"adminuvb","Est. tempo de leitura":"1 minuto"},"schema":{"@context":"https:\/\/schema.org","@graph":[{"@type":"Article","@id":"https:\/\/uvbbrasil.com.br\/vereadores-tem-ate-20-de-marco-para-destinar-r-52-milhoes-em-emendas\/#article","isPartOf":{"@id":"https:\/\/uvbbrasil.com.br\/vereadores-tem-ate-20-de-marco-para-destinar-r-52-milhoes-em-emendas\/"},"author":{"name":"adminuvb","@id":"https:\/\/uvbbrasil.com.br\/#\/schema\/person\/17990098446c098f52effddff4f1b272"},"headline":"Vereadores t\u00eam at\u00e9 20 de mar\u00e7o para destinar R$ 5,2 milh\u00f5es em emendas","datePublished":"2020-02-26T20:08:45+00:00","mainEntityOfPage":{"@id":"https:\/\/uvbbrasil.com.br\/vereadores-tem-ate-20-de-marco-para-destinar-r-52-milhoes-em-emendas\/"},"wordCount":156,"commentCount":0,"publisher":{"@id":"https:\/\/uvbbrasil.com.br\/#organization"},"image":{"@id":"https:\/\/uvbbrasil.com.br\/vereadores-tem-ate-20-de-marco-para-destinar-r-52-milhoes-em-emendas\/#primaryimage"},"thumbnailUrl":"https:\/\/uvbbrasil.com.br\/wp-content\/uploads\/2020\/02\/campo-grande.jpg","articleSection":["NOT\u00cdCIAS"],"inLanguage":"pt-BR","potentialAction":[{"@type":"CommentAction","name":"Comment","target":["https:\/\/uvbbrasil.com.br\/vereadores-tem-ate-20-de-marco-para-destinar-r-52-milhoes-em-emendas\/#respond"]}]},{"@type":"WebPage","@id":"https:\/\/uvbbrasil.com.br\/vereadores-tem-ate-20-de-marco-para-destinar-r-52-milhoes-em-emendas\/","url":"https:\/\/uvbbrasil.com.br\/vereadores-tem-ate-20-de-marco-para-destinar-r-52-milhoes-em-emendas\/","name":"Vereadores t\u00eam at\u00e9 20 de mar\u00e7o para destinar R$ 5,2 milh\u00f5es em emendas - UVB Brasil","isPartOf":{"@id":"https:\/\/uvbbrasil.com.br\/#website"},"primaryImageOfPage":{"@id":"https:\/\/uvbbrasil.com.br\/vereadores-tem-ate-20-de-marco-para-destinar-r-52-milhoes-em-emendas\/#primaryimage"},"image":{"@id":"https:\/\/uvbbrasil.com.br\/vereadores-tem-ate-20-de-marco-para-destinar-r-52-milhoes-em-emendas\/#primaryimage"},"thumbnailUrl":"https:\/\/uvbbrasil.com.br\/wp-content\/uploads\/2020\/02\/campo-grande.jpg","datePublished":"2020-02-26T20:08:45+00:00","breadcrumb":{"@id":"https:\/\/uvbbrasil.com.br\/vereadores-tem-ate-20-de-marco-para-destinar-r-52-milhoes-em-emendas\/#breadcrumb"},"inLanguage":"pt-BR","potentialAction":[{"@type":"ReadAction","target":["https:\/\/uvbbrasil.com.br\/vereadores-tem-ate-20-de-marco-para-destinar-r-52-milhoes-em-emendas\/"]}]},{"@type":"ImageObject","inLanguage":"pt-BR","@id":"https:\/\/uvbbrasil.com.br\/vereadores-tem-ate-20-de-marco-para-destinar-r-52-milhoes-em-emendas\/#primaryimage","url":"https:\/\/uvbbrasil.com.br\/wp-content\/uploads\/2020\/02\/campo-grande.jpg","contentUrl":"https:\/\/uvbbrasil.com.br\/wp-content\/uploads\/2020\/02\/campo-grande.jpg","width":1500,"height":1000},{"@type":"BreadcrumbList","@id":"https:\/\/uvbbrasil.com.br\/vereadores-tem-ate-20-de-marco-para-destinar-r-52-milhoes-em-emendas\/#breadcrumb","itemListElement":[{"@type":"ListItem","position":1,"name":"In\u00edcio","item":"https:\/\/uvbbrasil.com.br\/"},{"@type":"ListItem","position":2,"name":"Vereadores t\u00eam at\u00e9 20 de mar\u00e7o para destinar R$ 5,2 milh\u00f5es em emendas"}]},{"@type":"WebSite","@id":"https:\/\/uvbbrasil.com.br\/#website","url":"https:\/\/uvbbrasil.com.br\/","name":"UVB Brasil","description":"Uni\u00e3o dos Vereadores do Brasil","publisher":{"@id":"https:\/\/uvbbrasil.com.br\/#organization"},"potentialAction":[{"@type":"SearchAction","target":{"@type":"EntryPoint","urlTemplate":"https:\/\/uvbbrasil.com.br\/?s={search_term_string}"},"query-input":{"@type":"PropertyValueSpecification","valueRequired":true,"valueName":"search_term_string"}}],"inLanguage":"pt-BR"},{"@type":"Organization","@id":"https:\/\/uvbbrasil.com.br\/#organization","name":"UVB Brasil","url":"https:\/\/uvbbrasil.com.br\/","logo":{"@type":"ImageObject","inLanguage":"pt-BR","@id":"https:\/\/uvbbrasil.com.br\/#\/schema\/logo\/image\/","url":"https:\/\/uvbbrasil.com.br\/wp-content\/uploads\/2025\/01\/LOGO-UVB-2024-azul-1.jpg","contentUrl":"https:\/\/uvbbrasil.com.br\/wp-content\/uploads\/2025\/01\/LOGO-UVB-2024-azul-1.jpg","width":600,"height":211,"caption":"UVB Brasil"},"image":{"@id":"https:\/\/uvbbrasil.com.br\/#\/schema\/logo\/image\/"},"sameAs":["https:\/\/www.facebook.com\/uvb.vereadoresbrasil","https:\/\/www.instagram.com\/uvbbrasil\/","https:\/\/www.youtube.com\/channel\/UCIlPQ8Xzw5GHNzosQIg9S5A"]},{"@type":"Person","@id":"https:\/\/uvbbrasil.com.br\/#\/schema\/person\/17990098446c098f52effddff4f1b272","name":"adminuvb","image":{"@type":"ImageObject","inLanguage":"pt-BR","@id":"https:\/\/uvbbrasil.com.br\/#\/schema\/person\/image\/","url":"https:\/\/secure.gravatar.com\/avatar\/1a494ea6f8e2dd1ae526e55b0e9497efdba542491e0620d704cccf63c6f77c45?s=96&d=mm&r=g","contentUrl":"https:\/\/secure.gravatar.com\/avatar\/1a494ea6f8e2dd1ae526e55b0e9497efdba542491e0620d704cccf63c6f77c45?s=96&d=mm&r=g","caption":"adminuvb"},"sameAs":["https:\/\/uvbbrasil.com.br"],"url":"https:\/\/uvbbrasil.com.br\/author\/adminuvb\/"}]}},"_links":{"self":[{"href":"https:\/\/uvbbrasil.com.br\/uvb-json\/wp\/v2\/posts\/17848","targetHints":{"allow":["GET"]}}],"collection":[{"href":"https:\/\/uvbbrasil.com.br\/uvb-json\/wp\/v2\/posts"}],"about":[{"href":"https:\/\/uvbbrasil.com.br\/uvb-json\/wp\/v2\/types\/post"}],"author":[{"embeddable":true,"href":"https:\/\/uvbbrasil.com.br\/uvb-json\/wp\/v2\/users\/1"}],"replies":[{"embeddable":true,"href":"https:\/\/uvbbrasil.com.br\/uvb-json\/wp\/v2\/comments?post=17848"}],"version-history":[{"count":0,"href":"https:\/\/uvbbrasil.com.br\/uvb-json\/wp\/v2\/posts\/17848\/revisions"}],"wp:featuredmedia":[{"embeddable":true,"href":"https:\/\/uvbbrasil.com.br\/uvb-json\/wp\/v2\/media\/17849"}],"wp:attachment":[{"href":"https:\/\/uvbbrasil.com.br\/uvb-json\/wp\/v2\/media?parent=17848"}],"wp:term":[{"taxonomy":"category","embeddable":true,"href":"https:\/\/uvbbrasil.com.br\/uvb-json\/wp\/v2\/categories?post=17848"},{"taxonomy":"post_tag","embeddable":true,"href":"https:\/\/uvbbrasil.com.br\/uvb-json\/wp\/v2\/tags?post=17848"}],"curies":[{"name":"wp","href":"https:\/\/api.w.org\/{rel}","templated":true}]}}