{"id":17843,"date":"2020-02-26T11:42:16","date_gmt":"2020-02-26T14:42:16","guid":{"rendered":"https:\/\/wpsandbox4.pante.com.br\/?p=17843"},"modified":"2020-02-26T11:42:16","modified_gmt":"2020-02-26T14:42:16","slug":"confira-os-valores-com-descontos-nas-inscricoes-antecipadas-para-xix-marcha-dos-vereadores-e-vereadoras","status":"publish","type":"post","link":"https:\/\/uvbbrasil.com.br\/confira-os-valores-com-descontos-nas-inscricoes-antecipadas-para-xix-marcha-dos-vereadores-e-vereadoras\/","title":{"rendered":"Confira os valores com descontos nas inscri\u00e7\u00f5es antecipadas para a XIX Marcha dos Vereadores e Vereadoras."},"content":{"rendered":"<p>A Marcha dos vereadores e vereadoras que j\u00e1 est\u00e1 na XIX edi\u00e7\u00e3o, neste ano de 2020 ir\u00e1 acontece nos dias 27, 28, 29 e 30 de abril tradicionalmente realizada em Bras\u00edlia\/DF, local (\u00d3pera Hall (mesmo local da edi\u00e7\u00e3o 2019 ao lado do Hotel Bay Park), com o objetivo de aproximar cada vez mais a UVB das Entidades Estaduais, Regionais, e principalmente das C\u00e2maras Municipais de Vereadores, promovendo debates e capacita\u00e7\u00e3o, defendendo os interesses do municipalismo, e levando a todas as regi\u00f5es brasileiras o conhecimento e a informa\u00e7\u00f5es aos Vereadores(as) e Servidores das C\u00e2maras Municipais.<\/p>\n<p>As inscri\u00e7\u00f5es s\u00e3o realizadas diretamente no site da UVB, n\u00e3o haver\u00e1 inscri\u00e7\u00f5es no local e tamb\u00e9m n\u00e3o ser\u00e1 permitido a entrada de quem n\u00e3o estiver devidamente credenciado.<\/p>\n<p>Programe-se, fa\u00e7a a sua inscri\u00e7\u00e3o antecipadamente, compre a sua passagem a\u00e9rea e garanta descontos nas inscri\u00e7\u00f5es.<\/p>\n<p><strong>Confira a baixo os valores com taxas de descontos:<\/strong><\/p>\n<p>Inscri\u00e7\u00f5es realizadas at\u00e9 31\/03 : 15% (desconto de R$100,00)= R$552,50<\/p>\n<p>Inscri\u00e7\u00f5es realizadas em 01\/04 at\u00e9 20\/04 : 10% (desconto DE R$65,00)= R$585,00<\/p>\n<p>Inscri\u00e7\u00f5es realizadas ap\u00f3s 20\/04: R$650,00 (valor integral)<\/p>\n<p>INSCRI\u00c7\u00d5ES: www.wpsandbox4.pante.com.br<\/p>\n<p>P\u00fablico Alvo: Vereadores, Diretores, Procuradores, Assessores e Servidores de C\u00e2maras Municipais, Prefeitos, Vice-Prefeitos, secret\u00e1rio municipais, procuradores jur\u00eddicos municipais e assessores de prefeituras municipais, estudantes e demais interessados nas mat\u00e9rias apresentadas.<\/p>\n<p>Maiores Informa\u00e7\u00f5es: \u00a0whatsapp 51 995480574 \u2013 Fernando Radaelli \/51-980331642- Thain\u00e1 Leite<\/p>\n<p><a href=\"https:\/\/uvbbrasil.com.br\/?attachment_id=17845\" rel=\"attachment wp-att-17845\"><img fetchpriority=\"high\" decoding=\"async\" class=\"aligncenter size-full wp-image-17845\" src=\"https:\/\/uvbbrasil.com.br\/wp-content\/uploads\/2020\/02\/opera.jpg\" alt=\"\" width=\"322\" height=\"156\" srcset=\"https:\/\/uvbbrasil.com.br\/wp-content\/uploads\/2020\/02\/opera.jpg 322w, https:\/\/uvbbrasil.com.br\/wp-content\/uploads\/2020\/02\/opera-300x145.jpg 300w\" sizes=\"(max-width: 322px) 100vw, 322px\" \/><\/a><\/p>\n<p>&nbsp;<\/p>\n<p style=\"text-align: center;\"><em>Opera Hall-Local onde ser\u00e1 realizado a XIX Marcha dos Vereadores e Vereadoras<\/em><\/p>\n<p>&nbsp;<\/p>\n<p><a href=\"https:\/\/uvbbrasil.com.br\/?attachment_id=17844\" rel=\"attachment wp-att-17844\"><img decoding=\"async\" class=\"aligncenter size-full wp-image-17844\" src=\"https:\/\/uvbbrasil.com.br\/wp-content\/uploads\/2020\/02\/WhatsApp-Image-2020-02-26-at-10.57.14.jpeg\" alt=\"\" width=\"800\" height=\"800\" srcset=\"https:\/\/uvbbrasil.com.br\/wp-content\/uploads\/2020\/02\/WhatsApp-Image-2020-02-26-at-10.57.14.jpeg 800w, https:\/\/uvbbrasil.com.br\/wp-content\/uploads\/2020\/02\/WhatsApp-Image-2020-02-26-at-10.57.14-300x300.jpeg 300w, https:\/\/uvbbrasil.com.br\/wp-content\/uploads\/2020\/02\/WhatsApp-Image-2020-02-26-at-10.57.14-150x150.jpeg 150w, https:\/\/uvbbrasil.com.br\/wp-content\/uploads\/2020\/02\/WhatsApp-Image-2020-02-26-at-10.57.14-768x768.jpeg 768w\" sizes=\"(max-width: 800px) 100vw, 800px\" \/><\/a><\/p>\n<p>&nbsp;<\/p>\n<p>&nbsp;<\/p>\n","protected":false},"excerpt":{"rendered":"<p>A Marcha dos vereadores e vereadoras que j\u00e1 est\u00e1 na XIX edi\u00e7\u00e3o, neste ano de 2020 ir\u00e1 acontece nos dias&#8230;<\/p>\n","protected":false},"author":1,"featured_media":17844,"comment_status":"open","ping_status":"open","sticky":false,"template":"","format":"standard","meta":{"footnotes":""},"categories":[3,4],"tags":[],"class_list":["post-17843","post","type-post","status-publish","format-standard","has-post-thumbnail","hentry","category-noticias","category-home"],"yoast_head":"<!-- This site is optimized with the Yoast SEO plugin v26.7 - https:\/\/yoast.com\/wordpress\/plugins\/seo\/ -->\n<title>Confira os valores com descontos nas inscri\u00e7\u00f5es antecipadas para a XIX Marcha dos Vereadores e Vereadoras. - UVB Brasil<\/title>\n<meta name=\"robots\" content=\"index, follow, max-snippet:-1, max-image-preview:large, max-video-preview:-1\" \/>\n<link rel=\"canonical\" href=\"https:\/\/uvbbrasil.com.br\/confira-os-valores-com-descontos-nas-inscricoes-antecipadas-para-xix-marcha-dos-vereadores-e-vereadoras\/\" \/>\n<meta property=\"og:locale\" content=\"pt_BR\" \/>\n<meta property=\"og:type\" content=\"article\" \/>\n<meta property=\"og:title\" content=\"Confira os valores com descontos nas inscri\u00e7\u00f5es antecipadas para a XIX Marcha dos Vereadores e Vereadoras. - UVB Brasil\" \/>\n<meta property=\"og:description\" content=\"A Marcha dos vereadores e vereadoras que j\u00e1 est\u00e1 na XIX edi\u00e7\u00e3o, neste ano de 2020 ir\u00e1 acontece nos dias...\" \/>\n<meta property=\"og:url\" content=\"https:\/\/uvbbrasil.com.br\/confira-os-valores-com-descontos-nas-inscricoes-antecipadas-para-xix-marcha-dos-vereadores-e-vereadoras\/\" \/>\n<meta property=\"og:site_name\" content=\"UVB Brasil\" \/>\n<meta property=\"article:publisher\" content=\"https:\/\/www.facebook.com\/uvb.vereadoresbrasil\" \/>\n<meta property=\"article:published_time\" content=\"2020-02-26T14:42:16+00:00\" \/>\n<meta property=\"og:image\" content=\"https:\/\/uvbbrasil.com.br\/wp-content\/uploads\/2020\/02\/WhatsApp-Image-2020-02-26-at-10.57.14.jpeg\" \/>\n\t<meta property=\"og:image:width\" content=\"800\" \/>\n\t<meta property=\"og:image:height\" content=\"800\" \/>\n\t<meta property=\"og:image:type\" content=\"image\/jpeg\" \/>\n<meta name=\"author\" content=\"adminuvb\" \/>\n<meta name=\"twitter:card\" content=\"summary_large_image\" \/>\n<meta name=\"twitter:label1\" content=\"Escrito por\" \/>\n\t<meta name=\"twitter:data1\" content=\"adminuvb\" \/>\n\t<meta name=\"twitter:label2\" content=\"Est. tempo de leitura\" \/>\n\t<meta name=\"twitter:data2\" content=\"1 minuto\" \/>\n<script type=\"application\/ld+json\" class=\"yoast-schema-graph\">{\"@context\":\"https:\/\/schema.org\",\"@graph\":[{\"@type\":\"Article\",\"@id\":\"https:\/\/uvbbrasil.com.br\/confira-os-valores-com-descontos-nas-inscricoes-antecipadas-para-xix-marcha-dos-vereadores-e-vereadoras\/#article\",\"isPartOf\":{\"@id\":\"https:\/\/uvbbrasil.com.br\/confira-os-valores-com-descontos-nas-inscricoes-antecipadas-para-xix-marcha-dos-vereadores-e-vereadoras\/\"},\"author\":{\"name\":\"adminuvb\",\"@id\":\"https:\/\/uvbbrasil.com.br\/#\/schema\/person\/17990098446c098f52effddff4f1b272\"},\"headline\":\"Confira os valores com descontos nas inscri\u00e7\u00f5es antecipadas para a XIX Marcha dos Vereadores e Vereadoras.\",\"datePublished\":\"2020-02-26T14:42:16+00:00\",\"mainEntityOfPage\":{\"@id\":\"https:\/\/uvbbrasil.com.br\/confira-os-valores-com-descontos-nas-inscricoes-antecipadas-para-xix-marcha-dos-vereadores-e-vereadoras\/\"},\"wordCount\":271,\"commentCount\":0,\"publisher\":{\"@id\":\"https:\/\/uvbbrasil.com.br\/#organization\"},\"image\":{\"@id\":\"https:\/\/uvbbrasil.com.br\/confira-os-valores-com-descontos-nas-inscricoes-antecipadas-para-xix-marcha-dos-vereadores-e-vereadoras\/#primaryimage\"},\"thumbnailUrl\":\"https:\/\/uvbbrasil.com.br\/wp-content\/uploads\/2020\/02\/WhatsApp-Image-2020-02-26-at-10.57.14.jpeg\",\"articleSection\":[\"NOT\u00cdCIAS\",\"UVB\"],\"inLanguage\":\"pt-BR\",\"potentialAction\":[{\"@type\":\"CommentAction\",\"name\":\"Comment\",\"target\":[\"https:\/\/uvbbrasil.com.br\/confira-os-valores-com-descontos-nas-inscricoes-antecipadas-para-xix-marcha-dos-vereadores-e-vereadoras\/#respond\"]}]},{\"@type\":\"WebPage\",\"@id\":\"https:\/\/uvbbrasil.com.br\/confira-os-valores-com-descontos-nas-inscricoes-antecipadas-para-xix-marcha-dos-vereadores-e-vereadoras\/\",\"url\":\"https:\/\/uvbbrasil.com.br\/confira-os-valores-com-descontos-nas-inscricoes-antecipadas-para-xix-marcha-dos-vereadores-e-vereadoras\/\",\"name\":\"Confira os valores com descontos nas inscri\u00e7\u00f5es antecipadas para a XIX Marcha dos Vereadores e Vereadoras. - UVB Brasil\",\"isPartOf\":{\"@id\":\"https:\/\/uvbbrasil.com.br\/#website\"},\"primaryImageOfPage\":{\"@id\":\"https:\/\/uvbbrasil.com.br\/confira-os-valores-com-descontos-nas-inscricoes-antecipadas-para-xix-marcha-dos-vereadores-e-vereadoras\/#primaryimage\"},\"image\":{\"@id\":\"https:\/\/uvbbrasil.com.br\/confira-os-valores-com-descontos-nas-inscricoes-antecipadas-para-xix-marcha-dos-vereadores-e-vereadoras\/#primaryimage\"},\"thumbnailUrl\":\"https:\/\/uvbbrasil.com.br\/wp-content\/uploads\/2020\/02\/WhatsApp-Image-2020-02-26-at-10.57.14.jpeg\",\"datePublished\":\"2020-02-26T14:42:16+00:00\",\"breadcrumb\":{\"@id\":\"https:\/\/uvbbrasil.com.br\/confira-os-valores-com-descontos-nas-inscricoes-antecipadas-para-xix-marcha-dos-vereadores-e-vereadoras\/#breadcrumb\"},\"inLanguage\":\"pt-BR\",\"potentialAction\":[{\"@type\":\"ReadAction\",\"target\":[\"https:\/\/uvbbrasil.com.br\/confira-os-valores-com-descontos-nas-inscricoes-antecipadas-para-xix-marcha-dos-vereadores-e-vereadoras\/\"]}]},{\"@type\":\"ImageObject\",\"inLanguage\":\"pt-BR\",\"@id\":\"https:\/\/uvbbrasil.com.br\/confira-os-valores-com-descontos-nas-inscricoes-antecipadas-para-xix-marcha-dos-vereadores-e-vereadoras\/#primaryimage\",\"url\":\"https:\/\/uvbbrasil.com.br\/wp-content\/uploads\/2020\/02\/WhatsApp-Image-2020-02-26-at-10.57.14.jpeg\",\"contentUrl\":\"https:\/\/uvbbrasil.com.br\/wp-content\/uploads\/2020\/02\/WhatsApp-Image-2020-02-26-at-10.57.14.jpeg\",\"width\":800,\"height\":800},{\"@type\":\"BreadcrumbList\",\"@id\":\"https:\/\/uvbbrasil.com.br\/confira-os-valores-com-descontos-nas-inscricoes-antecipadas-para-xix-marcha-dos-vereadores-e-vereadoras\/#breadcrumb\",\"itemListElement\":[{\"@type\":\"ListItem\",\"position\":1,\"name\":\"In\u00edcio\",\"item\":\"https:\/\/uvbbrasil.com.br\/\"},{\"@type\":\"ListItem\",\"position\":2,\"name\":\"Confira os valores com descontos nas inscri\u00e7\u00f5es antecipadas para a XIX Marcha dos Vereadores e Vereadoras.\"}]},{\"@type\":\"WebSite\",\"@id\":\"https:\/\/uvbbrasil.com.br\/#website\",\"url\":\"https:\/\/uvbbrasil.com.br\/\",\"name\":\"UVB Brasil\",\"description\":\"Uni\u00e3o dos Vereadores do Brasil\",\"publisher\":{\"@id\":\"https:\/\/uvbbrasil.com.br\/#organization\"},\"potentialAction\":[{\"@type\":\"SearchAction\",\"target\":{\"@type\":\"EntryPoint\",\"urlTemplate\":\"https:\/\/uvbbrasil.com.br\/?s={search_term_string}\"},\"query-input\":{\"@type\":\"PropertyValueSpecification\",\"valueRequired\":true,\"valueName\":\"search_term_string\"}}],\"inLanguage\":\"pt-BR\"},{\"@type\":\"Organization\",\"@id\":\"https:\/\/uvbbrasil.com.br\/#organization\",\"name\":\"UVB Brasil\",\"url\":\"https:\/\/uvbbrasil.com.br\/\",\"logo\":{\"@type\":\"ImageObject\",\"inLanguage\":\"pt-BR\",\"@id\":\"https:\/\/uvbbrasil.com.br\/#\/schema\/logo\/image\/\",\"url\":\"https:\/\/uvbbrasil.com.br\/wp-content\/uploads\/2025\/01\/LOGO-UVB-2024-azul-1.jpg\",\"contentUrl\":\"https:\/\/uvbbrasil.com.br\/wp-content\/uploads\/2025\/01\/LOGO-UVB-2024-azul-1.jpg\",\"width\":600,\"height\":211,\"caption\":\"UVB Brasil\"},\"image\":{\"@id\":\"https:\/\/uvbbrasil.com.br\/#\/schema\/logo\/image\/\"},\"sameAs\":[\"https:\/\/www.facebook.com\/uvb.vereadoresbrasil\",\"https:\/\/www.instagram.com\/uvbbrasil\/\",\"https:\/\/www.youtube.com\/channel\/UCIlPQ8Xzw5GHNzosQIg9S5A\"]},{\"@type\":\"Person\",\"@id\":\"https:\/\/uvbbrasil.com.br\/#\/schema\/person\/17990098446c098f52effddff4f1b272\",\"name\":\"adminuvb\",\"image\":{\"@type\":\"ImageObject\",\"inLanguage\":\"pt-BR\",\"@id\":\"https:\/\/uvbbrasil.com.br\/#\/schema\/person\/image\/\",\"url\":\"https:\/\/secure.gravatar.com\/avatar\/1a494ea6f8e2dd1ae526e55b0e9497efdba542491e0620d704cccf63c6f77c45?s=96&d=mm&r=g\",\"contentUrl\":\"https:\/\/secure.gravatar.com\/avatar\/1a494ea6f8e2dd1ae526e55b0e9497efdba542491e0620d704cccf63c6f77c45?s=96&d=mm&r=g\",\"caption\":\"adminuvb\"},\"sameAs\":[\"https:\/\/uvbbrasil.com.br\"],\"url\":\"https:\/\/uvbbrasil.com.br\/author\/adminuvb\/\"}]}<\/script>\n<!-- \/ Yoast SEO plugin. -->","yoast_head_json":{"title":"Confira os valores com descontos nas inscri\u00e7\u00f5es antecipadas para a XIX Marcha dos Vereadores e Vereadoras. - UVB Brasil","robots":{"index":"index","follow":"follow","max-snippet":"max-snippet:-1","max-image-preview":"max-image-preview:large","max-video-preview":"max-video-preview:-1"},"canonical":"https:\/\/uvbbrasil.com.br\/confira-os-valores-com-descontos-nas-inscricoes-antecipadas-para-xix-marcha-dos-vereadores-e-vereadoras\/","og_locale":"pt_BR","og_type":"article","og_title":"Confira os valores com descontos nas inscri\u00e7\u00f5es antecipadas para a XIX Marcha dos Vereadores e Vereadoras. - UVB Brasil","og_description":"A Marcha dos vereadores e vereadoras que j\u00e1 est\u00e1 na XIX edi\u00e7\u00e3o, neste ano de 2020 ir\u00e1 acontece nos dias...","og_url":"https:\/\/uvbbrasil.com.br\/confira-os-valores-com-descontos-nas-inscricoes-antecipadas-para-xix-marcha-dos-vereadores-e-vereadoras\/","og_site_name":"UVB Brasil","article_publisher":"https:\/\/www.facebook.com\/uvb.vereadoresbrasil","article_published_time":"2020-02-26T14:42:16+00:00","og_image":[{"width":800,"height":800,"url":"https:\/\/uvbbrasil.com.br\/wp-content\/uploads\/2020\/02\/WhatsApp-Image-2020-02-26-at-10.57.14.jpeg","type":"image\/jpeg"}],"author":"adminuvb","twitter_card":"summary_large_image","twitter_misc":{"Escrito por":"adminuvb","Est. tempo de leitura":"1 minuto"},"schema":{"@context":"https:\/\/schema.org","@graph":[{"@type":"Article","@id":"https:\/\/uvbbrasil.com.br\/confira-os-valores-com-descontos-nas-inscricoes-antecipadas-para-xix-marcha-dos-vereadores-e-vereadoras\/#article","isPartOf":{"@id":"https:\/\/uvbbrasil.com.br\/confira-os-valores-com-descontos-nas-inscricoes-antecipadas-para-xix-marcha-dos-vereadores-e-vereadoras\/"},"author":{"name":"adminuvb","@id":"https:\/\/uvbbrasil.com.br\/#\/schema\/person\/17990098446c098f52effddff4f1b272"},"headline":"Confira os valores com descontos nas inscri\u00e7\u00f5es antecipadas para a XIX Marcha dos Vereadores e Vereadoras.","datePublished":"2020-02-26T14:42:16+00:00","mainEntityOfPage":{"@id":"https:\/\/uvbbrasil.com.br\/confira-os-valores-com-descontos-nas-inscricoes-antecipadas-para-xix-marcha-dos-vereadores-e-vereadoras\/"},"wordCount":271,"commentCount":0,"publisher":{"@id":"https:\/\/uvbbrasil.com.br\/#organization"},"image":{"@id":"https:\/\/uvbbrasil.com.br\/confira-os-valores-com-descontos-nas-inscricoes-antecipadas-para-xix-marcha-dos-vereadores-e-vereadoras\/#primaryimage"},"thumbnailUrl":"https:\/\/uvbbrasil.com.br\/wp-content\/uploads\/2020\/02\/WhatsApp-Image-2020-02-26-at-10.57.14.jpeg","articleSection":["NOT\u00cdCIAS","UVB"],"inLanguage":"pt-BR","potentialAction":[{"@type":"CommentAction","name":"Comment","target":["https:\/\/uvbbrasil.com.br\/confira-os-valores-com-descontos-nas-inscricoes-antecipadas-para-xix-marcha-dos-vereadores-e-vereadoras\/#respond"]}]},{"@type":"WebPage","@id":"https:\/\/uvbbrasil.com.br\/confira-os-valores-com-descontos-nas-inscricoes-antecipadas-para-xix-marcha-dos-vereadores-e-vereadoras\/","url":"https:\/\/uvbbrasil.com.br\/confira-os-valores-com-descontos-nas-inscricoes-antecipadas-para-xix-marcha-dos-vereadores-e-vereadoras\/","name":"Confira os valores com descontos nas inscri\u00e7\u00f5es antecipadas para a XIX Marcha dos Vereadores e Vereadoras. - UVB Brasil","isPartOf":{"@id":"https:\/\/uvbbrasil.com.br\/#website"},"primaryImageOfPage":{"@id":"https:\/\/uvbbrasil.com.br\/confira-os-valores-com-descontos-nas-inscricoes-antecipadas-para-xix-marcha-dos-vereadores-e-vereadoras\/#primaryimage"},"image":{"@id":"https:\/\/uvbbrasil.com.br\/confira-os-valores-com-descontos-nas-inscricoes-antecipadas-para-xix-marcha-dos-vereadores-e-vereadoras\/#primaryimage"},"thumbnailUrl":"https:\/\/uvbbrasil.com.br\/wp-content\/uploads\/2020\/02\/WhatsApp-Image-2020-02-26-at-10.57.14.jpeg","datePublished":"2020-02-26T14:42:16+00:00","breadcrumb":{"@id":"https:\/\/uvbbrasil.com.br\/confira-os-valores-com-descontos-nas-inscricoes-antecipadas-para-xix-marcha-dos-vereadores-e-vereadoras\/#breadcrumb"},"inLanguage":"pt-BR","potentialAction":[{"@type":"ReadAction","target":["https:\/\/uvbbrasil.com.br\/confira-os-valores-com-descontos-nas-inscricoes-antecipadas-para-xix-marcha-dos-vereadores-e-vereadoras\/"]}]},{"@type":"ImageObject","inLanguage":"pt-BR","@id":"https:\/\/uvbbrasil.com.br\/confira-os-valores-com-descontos-nas-inscricoes-antecipadas-para-xix-marcha-dos-vereadores-e-vereadoras\/#primaryimage","url":"https:\/\/uvbbrasil.com.br\/wp-content\/uploads\/2020\/02\/WhatsApp-Image-2020-02-26-at-10.57.14.jpeg","contentUrl":"https:\/\/uvbbrasil.com.br\/wp-content\/uploads\/2020\/02\/WhatsApp-Image-2020-02-26-at-10.57.14.jpeg","width":800,"height":800},{"@type":"BreadcrumbList","@id":"https:\/\/uvbbrasil.com.br\/confira-os-valores-com-descontos-nas-inscricoes-antecipadas-para-xix-marcha-dos-vereadores-e-vereadoras\/#breadcrumb","itemListElement":[{"@type":"ListItem","position":1,"name":"In\u00edcio","item":"https:\/\/uvbbrasil.com.br\/"},{"@type":"ListItem","position":2,"name":"Confira os valores com descontos nas inscri\u00e7\u00f5es antecipadas para a XIX Marcha dos Vereadores e Vereadoras."}]},{"@type":"WebSite","@id":"https:\/\/uvbbrasil.com.br\/#website","url":"https:\/\/uvbbrasil.com.br\/","name":"UVB Brasil","description":"Uni\u00e3o dos Vereadores do Brasil","publisher":{"@id":"https:\/\/uvbbrasil.com.br\/#organization"},"potentialAction":[{"@type":"SearchAction","target":{"@type":"EntryPoint","urlTemplate":"https:\/\/uvbbrasil.com.br\/?s={search_term_string}"},"query-input":{"@type":"PropertyValueSpecification","valueRequired":true,"valueName":"search_term_string"}}],"inLanguage":"pt-BR"},{"@type":"Organization","@id":"https:\/\/uvbbrasil.com.br\/#organization","name":"UVB Brasil","url":"https:\/\/uvbbrasil.com.br\/","logo":{"@type":"ImageObject","inLanguage":"pt-BR","@id":"https:\/\/uvbbrasil.com.br\/#\/schema\/logo\/image\/","url":"https:\/\/uvbbrasil.com.br\/wp-content\/uploads\/2025\/01\/LOGO-UVB-2024-azul-1.jpg","contentUrl":"https:\/\/uvbbrasil.com.br\/wp-content\/uploads\/2025\/01\/LOGO-UVB-2024-azul-1.jpg","width":600,"height":211,"caption":"UVB Brasil"},"image":{"@id":"https:\/\/uvbbrasil.com.br\/#\/schema\/logo\/image\/"},"sameAs":["https:\/\/www.facebook.com\/uvb.vereadoresbrasil","https:\/\/www.instagram.com\/uvbbrasil\/","https:\/\/www.youtube.com\/channel\/UCIlPQ8Xzw5GHNzosQIg9S5A"]},{"@type":"Person","@id":"https:\/\/uvbbrasil.com.br\/#\/schema\/person\/17990098446c098f52effddff4f1b272","name":"adminuvb","image":{"@type":"ImageObject","inLanguage":"pt-BR","@id":"https:\/\/uvbbrasil.com.br\/#\/schema\/person\/image\/","url":"https:\/\/secure.gravatar.com\/avatar\/1a494ea6f8e2dd1ae526e55b0e9497efdba542491e0620d704cccf63c6f77c45?s=96&d=mm&r=g","contentUrl":"https:\/\/secure.gravatar.com\/avatar\/1a494ea6f8e2dd1ae526e55b0e9497efdba542491e0620d704cccf63c6f77c45?s=96&d=mm&r=g","caption":"adminuvb"},"sameAs":["https:\/\/uvbbrasil.com.br"],"url":"https:\/\/uvbbrasil.com.br\/author\/adminuvb\/"}]}},"_links":{"self":[{"href":"https:\/\/uvbbrasil.com.br\/uvb-json\/wp\/v2\/posts\/17843","targetHints":{"allow":["GET"]}}],"collection":[{"href":"https:\/\/uvbbrasil.com.br\/uvb-json\/wp\/v2\/posts"}],"about":[{"href":"https:\/\/uvbbrasil.com.br\/uvb-json\/wp\/v2\/types\/post"}],"author":[{"embeddable":true,"href":"https:\/\/uvbbrasil.com.br\/uvb-json\/wp\/v2\/users\/1"}],"replies":[{"embeddable":true,"href":"https:\/\/uvbbrasil.com.br\/uvb-json\/wp\/v2\/comments?post=17843"}],"version-history":[{"count":0,"href":"https:\/\/uvbbrasil.com.br\/uvb-json\/wp\/v2\/posts\/17843\/revisions"}],"wp:featuredmedia":[{"embeddable":true,"href":"https:\/\/uvbbrasil.com.br\/uvb-json\/wp\/v2\/media\/17844"}],"wp:attachment":[{"href":"https:\/\/uvbbrasil.com.br\/uvb-json\/wp\/v2\/media?parent=17843"}],"wp:term":[{"taxonomy":"category","embeddable":true,"href":"https:\/\/uvbbrasil.com.br\/uvb-json\/wp\/v2\/categories?post=17843"},{"taxonomy":"post_tag","embeddable":true,"href":"https:\/\/uvbbrasil.com.br\/uvb-json\/wp\/v2\/tags?post=17843"}],"curies":[{"name":"wp","href":"https:\/\/api.w.org\/{rel}","templated":true}]}}