{"id":17840,"date":"2020-02-26T10:45:14","date_gmt":"2020-02-26T13:45:14","guid":{"rendered":"https:\/\/wpsandbox4.pante.com.br\/?p=17840"},"modified":"2020-02-26T10:45:14","modified_gmt":"2020-02-26T13:45:14","slug":"resultado-da-inscricao-para-fies-e-p-fies-sai-nesta-quarta","status":"publish","type":"post","link":"https:\/\/uvbbrasil.com.br\/resultado-da-inscricao-para-fies-e-p-fies-sai-nesta-quarta\/","title":{"rendered":"Resultado da inscri\u00e7\u00e3o para Fies e P-Fies sai nesta quarta"},"content":{"rendered":"<p>\u2013 Os estudantes que desejam cursar uma gradua\u00e7\u00e3o, mas n\u00e3o t\u00eam condi\u00e7\u00f5es de arcar com as mensalidades das faculdades saber\u00e3o amanh\u00e3 (26) se foram pr\u00e9-selecionados para o Fundo de Financiamento Estudantil (Fies) e para o Programa de Financiamento Estudantil (P-Fies). O Minist\u00e9rio da Educa\u00e7\u00e3o (MEC) divulgar\u00e1 o resultado no endere\u00e7o eletr\u00f4nico ou nas institui\u00e7\u00f5es para as quais se inscreveu.<\/p>\n<p>As inscri\u00e7\u00f5es para as duas modalidades come\u00e7aram em 5 de fevereiro e terminaram no dia 14. De quinta-feira (27) at\u00e9 segunda-feira (2), os alunos pr\u00e9-selecionados em chamada \u00fanica dever\u00e3o complementar as informa\u00e7\u00f5es da inscri\u00e7\u00e3o no FiesSele\u00e7\u00e3o, no endere\u00e7o eletr\u00f4nico , para contrata\u00e7\u00e3o do financiamento. Quem ficou na lista de espera deve enviar informa\u00e7\u00f5es at\u00e9 tr\u00eas \u00fateis depois da divulga\u00e7\u00e3o da pr\u00e9-sele\u00e7\u00e3o.<\/p>\n<p>Na primeira modalidade, o novo Fies oferta vagas com juros zero para estudantes de renda per capita mensal familiar de at\u00e9 tr\u00eas sal\u00e1rios m\u00ednimos. Nessa modalidade, o aluno come\u00e7ar\u00e1 a pagar as presta\u00e7\u00f5es respeitando o seu limite de renda, fazendo com que os encargos a serem pagos pelos estudantes diminuam consideravelmente.<\/p>\n<p>Destinado aos estudantes com renda per capita mensal familiar de at\u00e9 cinco sal\u00e1rios m\u00ednimos, o P-Fies tem juros que variam de acordo com o banco e a institui\u00e7\u00e3o de ensino superior. Essa modalidade funciona com recursos dos Fundos Constitucionais e de Desenvolvimento e com os recursos dos bancos privados participantes.<\/p>\n<p>As inscri\u00e7\u00f5es para o Fies t\u00eam chamada \u00fanica e lista de espera, na qual os estudantes assumem o lugar de candidatos pr\u00e9-selecionados desistentes. J\u00e1 o resultado do P-Fies \u00e9 apenas divulgado em chamada \u00fanica. Segundo o MEC, cabe ao estudante consultar o resultado da sele\u00e7\u00e3o.<\/p>\n<p>Crit\u00e9rios<br \/>\nNo Fies, os candidatos ser\u00e3o classificados no grupo de prefer\u00eancia para o qual se inscreveram, atendida a prioridade indicada entre as tr\u00eas op\u00e7\u00f5es de curso, de turno e de local de oferta escolhidas, A sele\u00e7\u00e3o obedece a uma ordem decrescente de acordo com as notas do Enem, observada a seguinte sequ\u00eancia. A chamada \u00fanica listar\u00e1 os candidatos classificados conforme o n\u00famero de vagas dispon\u00edveis no grupo de prefer\u00eancia.<\/p>\n<p>Em primeiro lugar, est\u00e3o os candidatos que n\u00e3o tenham conclu\u00eddo o ensino superior e n\u00e3o tenham sido beneficiados pelo financiamento estudantil. Em seguida, os candidatos sem conclus\u00e3o do ensino superior, mas que j\u00e1 tenham sido recebido financiamento estudantil e o tenham quitado. Em terceiro, est\u00e3o os candidatos que j\u00e1 conclu\u00edram o ensino superior e n\u00e3o tenham sido beneficiados pelo financiamento estudantil. Por fim, v\u00eam os estudantes com conclus\u00e3o do ensino superior, tenham recebido financiamento estudantil e o tenham quitado.<\/p>\n<p>No P-Fies, os estudantes ser\u00e3o classificados conforme a nota no Enem no grupo de interesse escolhido, dentre as op\u00e7\u00f5es de curso, de turno e de local de oferta indicados pelo candidato. \u00c9 necess\u00e1ria a pr\u00e9-aprova\u00e7\u00e3o do financiamento por pelo menos um agente financeiro operador de cr\u00e9dito. Sem a pr\u00e9-aprova\u00e7\u00e3o, a inscri\u00e7\u00e3o ser\u00e1 automaticamente cancelada; e a vaga, repassada ao pr\u00f3ximo classificado no grupo de interesse escolhido.<\/p>\n<p>A pr\u00e9-aprova\u00e7\u00e3o do financiamento no P-Fies \u00e9 de responsabilidade exclusiva dos agentes financeiros com rela\u00e7\u00e3o jur\u00eddica estabelecida com as mantenedoras das institui\u00e7\u00f5es de ensino superior participantes. O MEC informa que n\u00e3o atua nesse procedimento.<a href=\"https:\/\/uvbbrasil.com.br\/?attachment_id=17841\" rel=\"attachment wp-att-17841\"><img fetchpriority=\"high\" decoding=\"async\" class=\"aligncenter size-full wp-image-17841\" src=\"https:\/\/uvbbrasil.com.br\/wp-content\/uploads\/2020\/02\/26.jpg\" alt=\"\" width=\"780\" height=\"450\" srcset=\"https:\/\/uvbbrasil.com.br\/wp-content\/uploads\/2020\/02\/26.jpg 780w, https:\/\/uvbbrasil.com.br\/wp-content\/uploads\/2020\/02\/26-300x173.jpg 300w, https:\/\/uvbbrasil.com.br\/wp-content\/uploads\/2020\/02\/26-768x443.jpg 768w\" sizes=\"(max-width: 780px) 100vw, 780px\" \/><\/a><\/p>\n<p>fonte:www.i9treinamentos.com.br<\/p>\n","protected":false},"excerpt":{"rendered":"<p>\u2013 Os estudantes que desejam cursar uma gradua\u00e7\u00e3o, mas n\u00e3o t\u00eam condi\u00e7\u00f5es de arcar com as mensalidades das faculdades saber\u00e3o&#8230;<\/p>\n","protected":false},"author":1,"featured_media":17841,"comment_status":"open","ping_status":"open","sticky":false,"template":"","format":"standard","meta":{"footnotes":""},"categories":[3],"tags":[],"class_list":["post-17840","post","type-post","status-publish","format-standard","has-post-thumbnail","hentry","category-noticias"],"yoast_head":"<!-- This site is optimized with the Yoast SEO plugin v26.7 - https:\/\/yoast.com\/wordpress\/plugins\/seo\/ -->\n<title>Resultado da inscri\u00e7\u00e3o para Fies e P-Fies sai nesta quarta - UVB Brasil<\/title>\n<meta name=\"robots\" content=\"index, follow, max-snippet:-1, max-image-preview:large, max-video-preview:-1\" \/>\n<link rel=\"canonical\" href=\"https:\/\/uvbbrasil.com.br\/resultado-da-inscricao-para-fies-e-p-fies-sai-nesta-quarta\/\" \/>\n<meta property=\"og:locale\" content=\"pt_BR\" \/>\n<meta property=\"og:type\" content=\"article\" \/>\n<meta property=\"og:title\" content=\"Resultado da inscri\u00e7\u00e3o para Fies e P-Fies sai nesta quarta - UVB Brasil\" \/>\n<meta property=\"og:description\" content=\"\u2013 Os estudantes que desejam cursar uma gradua\u00e7\u00e3o, mas n\u00e3o t\u00eam condi\u00e7\u00f5es de arcar com as mensalidades das faculdades saber\u00e3o...\" \/>\n<meta property=\"og:url\" content=\"https:\/\/uvbbrasil.com.br\/resultado-da-inscricao-para-fies-e-p-fies-sai-nesta-quarta\/\" \/>\n<meta property=\"og:site_name\" content=\"UVB Brasil\" \/>\n<meta property=\"article:publisher\" content=\"https:\/\/www.facebook.com\/uvb.vereadoresbrasil\" \/>\n<meta property=\"article:published_time\" content=\"2020-02-26T13:45:14+00:00\" \/>\n<meta property=\"og:image\" content=\"https:\/\/uvbbrasil.com.br\/wp-content\/uploads\/2020\/02\/26.jpg\" \/>\n\t<meta property=\"og:image:width\" content=\"780\" \/>\n\t<meta property=\"og:image:height\" content=\"450\" \/>\n\t<meta property=\"og:image:type\" content=\"image\/jpeg\" \/>\n<meta name=\"author\" content=\"adminuvb\" \/>\n<meta name=\"twitter:card\" content=\"summary_large_image\" \/>\n<meta name=\"twitter:label1\" content=\"Escrito por\" \/>\n\t<meta name=\"twitter:data1\" content=\"adminuvb\" \/>\n\t<meta name=\"twitter:label2\" content=\"Est. tempo de leitura\" \/>\n\t<meta name=\"twitter:data2\" content=\"3 minutos\" \/>\n<script type=\"application\/ld+json\" class=\"yoast-schema-graph\">{\"@context\":\"https:\/\/schema.org\",\"@graph\":[{\"@type\":\"Article\",\"@id\":\"https:\/\/uvbbrasil.com.br\/resultado-da-inscricao-para-fies-e-p-fies-sai-nesta-quarta\/#article\",\"isPartOf\":{\"@id\":\"https:\/\/uvbbrasil.com.br\/resultado-da-inscricao-para-fies-e-p-fies-sai-nesta-quarta\/\"},\"author\":{\"name\":\"adminuvb\",\"@id\":\"https:\/\/uvbbrasil.com.br\/#\/schema\/person\/17990098446c098f52effddff4f1b272\"},\"headline\":\"Resultado da inscri\u00e7\u00e3o para Fies e P-Fies sai nesta quarta\",\"datePublished\":\"2020-02-26T13:45:14+00:00\",\"mainEntityOfPage\":{\"@id\":\"https:\/\/uvbbrasil.com.br\/resultado-da-inscricao-para-fies-e-p-fies-sai-nesta-quarta\/\"},\"wordCount\":595,\"commentCount\":0,\"publisher\":{\"@id\":\"https:\/\/uvbbrasil.com.br\/#organization\"},\"image\":{\"@id\":\"https:\/\/uvbbrasil.com.br\/resultado-da-inscricao-para-fies-e-p-fies-sai-nesta-quarta\/#primaryimage\"},\"thumbnailUrl\":\"https:\/\/uvbbrasil.com.br\/wp-content\/uploads\/2020\/02\/26.jpg\",\"articleSection\":[\"NOT\u00cdCIAS\"],\"inLanguage\":\"pt-BR\",\"potentialAction\":[{\"@type\":\"CommentAction\",\"name\":\"Comment\",\"target\":[\"https:\/\/uvbbrasil.com.br\/resultado-da-inscricao-para-fies-e-p-fies-sai-nesta-quarta\/#respond\"]}]},{\"@type\":\"WebPage\",\"@id\":\"https:\/\/uvbbrasil.com.br\/resultado-da-inscricao-para-fies-e-p-fies-sai-nesta-quarta\/\",\"url\":\"https:\/\/uvbbrasil.com.br\/resultado-da-inscricao-para-fies-e-p-fies-sai-nesta-quarta\/\",\"name\":\"Resultado da inscri\u00e7\u00e3o para Fies e P-Fies sai nesta quarta - UVB Brasil\",\"isPartOf\":{\"@id\":\"https:\/\/uvbbrasil.com.br\/#website\"},\"primaryImageOfPage\":{\"@id\":\"https:\/\/uvbbrasil.com.br\/resultado-da-inscricao-para-fies-e-p-fies-sai-nesta-quarta\/#primaryimage\"},\"image\":{\"@id\":\"https:\/\/uvbbrasil.com.br\/resultado-da-inscricao-para-fies-e-p-fies-sai-nesta-quarta\/#primaryimage\"},\"thumbnailUrl\":\"https:\/\/uvbbrasil.com.br\/wp-content\/uploads\/2020\/02\/26.jpg\",\"datePublished\":\"2020-02-26T13:45:14+00:00\",\"breadcrumb\":{\"@id\":\"https:\/\/uvbbrasil.com.br\/resultado-da-inscricao-para-fies-e-p-fies-sai-nesta-quarta\/#breadcrumb\"},\"inLanguage\":\"pt-BR\",\"potentialAction\":[{\"@type\":\"ReadAction\",\"target\":[\"https:\/\/uvbbrasil.com.br\/resultado-da-inscricao-para-fies-e-p-fies-sai-nesta-quarta\/\"]}]},{\"@type\":\"ImageObject\",\"inLanguage\":\"pt-BR\",\"@id\":\"https:\/\/uvbbrasil.com.br\/resultado-da-inscricao-para-fies-e-p-fies-sai-nesta-quarta\/#primaryimage\",\"url\":\"https:\/\/uvbbrasil.com.br\/wp-content\/uploads\/2020\/02\/26.jpg\",\"contentUrl\":\"https:\/\/uvbbrasil.com.br\/wp-content\/uploads\/2020\/02\/26.jpg\",\"width\":780,\"height\":450},{\"@type\":\"BreadcrumbList\",\"@id\":\"https:\/\/uvbbrasil.com.br\/resultado-da-inscricao-para-fies-e-p-fies-sai-nesta-quarta\/#breadcrumb\",\"itemListElement\":[{\"@type\":\"ListItem\",\"position\":1,\"name\":\"In\u00edcio\",\"item\":\"https:\/\/uvbbrasil.com.br\/\"},{\"@type\":\"ListItem\",\"position\":2,\"name\":\"Resultado da inscri\u00e7\u00e3o para Fies e P-Fies sai nesta quarta\"}]},{\"@type\":\"WebSite\",\"@id\":\"https:\/\/uvbbrasil.com.br\/#website\",\"url\":\"https:\/\/uvbbrasil.com.br\/\",\"name\":\"UVB Brasil\",\"description\":\"Uni\u00e3o dos Vereadores do Brasil\",\"publisher\":{\"@id\":\"https:\/\/uvbbrasil.com.br\/#organization\"},\"potentialAction\":[{\"@type\":\"SearchAction\",\"target\":{\"@type\":\"EntryPoint\",\"urlTemplate\":\"https:\/\/uvbbrasil.com.br\/?s={search_term_string}\"},\"query-input\":{\"@type\":\"PropertyValueSpecification\",\"valueRequired\":true,\"valueName\":\"search_term_string\"}}],\"inLanguage\":\"pt-BR\"},{\"@type\":\"Organization\",\"@id\":\"https:\/\/uvbbrasil.com.br\/#organization\",\"name\":\"UVB Brasil\",\"url\":\"https:\/\/uvbbrasil.com.br\/\",\"logo\":{\"@type\":\"ImageObject\",\"inLanguage\":\"pt-BR\",\"@id\":\"https:\/\/uvbbrasil.com.br\/#\/schema\/logo\/image\/\",\"url\":\"https:\/\/uvbbrasil.com.br\/wp-content\/uploads\/2025\/01\/LOGO-UVB-2024-azul-1.jpg\",\"contentUrl\":\"https:\/\/uvbbrasil.com.br\/wp-content\/uploads\/2025\/01\/LOGO-UVB-2024-azul-1.jpg\",\"width\":600,\"height\":211,\"caption\":\"UVB Brasil\"},\"image\":{\"@id\":\"https:\/\/uvbbrasil.com.br\/#\/schema\/logo\/image\/\"},\"sameAs\":[\"https:\/\/www.facebook.com\/uvb.vereadoresbrasil\",\"https:\/\/www.instagram.com\/uvbbrasil\/\",\"https:\/\/www.youtube.com\/channel\/UCIlPQ8Xzw5GHNzosQIg9S5A\"]},{\"@type\":\"Person\",\"@id\":\"https:\/\/uvbbrasil.com.br\/#\/schema\/person\/17990098446c098f52effddff4f1b272\",\"name\":\"adminuvb\",\"image\":{\"@type\":\"ImageObject\",\"inLanguage\":\"pt-BR\",\"@id\":\"https:\/\/uvbbrasil.com.br\/#\/schema\/person\/image\/\",\"url\":\"https:\/\/secure.gravatar.com\/avatar\/1a494ea6f8e2dd1ae526e55b0e9497efdba542491e0620d704cccf63c6f77c45?s=96&d=mm&r=g\",\"contentUrl\":\"https:\/\/secure.gravatar.com\/avatar\/1a494ea6f8e2dd1ae526e55b0e9497efdba542491e0620d704cccf63c6f77c45?s=96&d=mm&r=g\",\"caption\":\"adminuvb\"},\"sameAs\":[\"https:\/\/uvbbrasil.com.br\"],\"url\":\"https:\/\/uvbbrasil.com.br\/author\/adminuvb\/\"}]}<\/script>\n<!-- \/ Yoast SEO plugin. -->","yoast_head_json":{"title":"Resultado da inscri\u00e7\u00e3o para Fies e P-Fies sai nesta quarta - UVB Brasil","robots":{"index":"index","follow":"follow","max-snippet":"max-snippet:-1","max-image-preview":"max-image-preview:large","max-video-preview":"max-video-preview:-1"},"canonical":"https:\/\/uvbbrasil.com.br\/resultado-da-inscricao-para-fies-e-p-fies-sai-nesta-quarta\/","og_locale":"pt_BR","og_type":"article","og_title":"Resultado da inscri\u00e7\u00e3o para Fies e P-Fies sai nesta quarta - UVB Brasil","og_description":"\u2013 Os estudantes que desejam cursar uma gradua\u00e7\u00e3o, mas n\u00e3o t\u00eam condi\u00e7\u00f5es de arcar com as mensalidades das faculdades saber\u00e3o...","og_url":"https:\/\/uvbbrasil.com.br\/resultado-da-inscricao-para-fies-e-p-fies-sai-nesta-quarta\/","og_site_name":"UVB Brasil","article_publisher":"https:\/\/www.facebook.com\/uvb.vereadoresbrasil","article_published_time":"2020-02-26T13:45:14+00:00","og_image":[{"width":780,"height":450,"url":"https:\/\/uvbbrasil.com.br\/wp-content\/uploads\/2020\/02\/26.jpg","type":"image\/jpeg"}],"author":"adminuvb","twitter_card":"summary_large_image","twitter_misc":{"Escrito por":"adminuvb","Est. tempo de leitura":"3 minutos"},"schema":{"@context":"https:\/\/schema.org","@graph":[{"@type":"Article","@id":"https:\/\/uvbbrasil.com.br\/resultado-da-inscricao-para-fies-e-p-fies-sai-nesta-quarta\/#article","isPartOf":{"@id":"https:\/\/uvbbrasil.com.br\/resultado-da-inscricao-para-fies-e-p-fies-sai-nesta-quarta\/"},"author":{"name":"adminuvb","@id":"https:\/\/uvbbrasil.com.br\/#\/schema\/person\/17990098446c098f52effddff4f1b272"},"headline":"Resultado da inscri\u00e7\u00e3o para Fies e P-Fies sai nesta quarta","datePublished":"2020-02-26T13:45:14+00:00","mainEntityOfPage":{"@id":"https:\/\/uvbbrasil.com.br\/resultado-da-inscricao-para-fies-e-p-fies-sai-nesta-quarta\/"},"wordCount":595,"commentCount":0,"publisher":{"@id":"https:\/\/uvbbrasil.com.br\/#organization"},"image":{"@id":"https:\/\/uvbbrasil.com.br\/resultado-da-inscricao-para-fies-e-p-fies-sai-nesta-quarta\/#primaryimage"},"thumbnailUrl":"https:\/\/uvbbrasil.com.br\/wp-content\/uploads\/2020\/02\/26.jpg","articleSection":["NOT\u00cdCIAS"],"inLanguage":"pt-BR","potentialAction":[{"@type":"CommentAction","name":"Comment","target":["https:\/\/uvbbrasil.com.br\/resultado-da-inscricao-para-fies-e-p-fies-sai-nesta-quarta\/#respond"]}]},{"@type":"WebPage","@id":"https:\/\/uvbbrasil.com.br\/resultado-da-inscricao-para-fies-e-p-fies-sai-nesta-quarta\/","url":"https:\/\/uvbbrasil.com.br\/resultado-da-inscricao-para-fies-e-p-fies-sai-nesta-quarta\/","name":"Resultado da inscri\u00e7\u00e3o para Fies e P-Fies sai nesta quarta - UVB Brasil","isPartOf":{"@id":"https:\/\/uvbbrasil.com.br\/#website"},"primaryImageOfPage":{"@id":"https:\/\/uvbbrasil.com.br\/resultado-da-inscricao-para-fies-e-p-fies-sai-nesta-quarta\/#primaryimage"},"image":{"@id":"https:\/\/uvbbrasil.com.br\/resultado-da-inscricao-para-fies-e-p-fies-sai-nesta-quarta\/#primaryimage"},"thumbnailUrl":"https:\/\/uvbbrasil.com.br\/wp-content\/uploads\/2020\/02\/26.jpg","datePublished":"2020-02-26T13:45:14+00:00","breadcrumb":{"@id":"https:\/\/uvbbrasil.com.br\/resultado-da-inscricao-para-fies-e-p-fies-sai-nesta-quarta\/#breadcrumb"},"inLanguage":"pt-BR","potentialAction":[{"@type":"ReadAction","target":["https:\/\/uvbbrasil.com.br\/resultado-da-inscricao-para-fies-e-p-fies-sai-nesta-quarta\/"]}]},{"@type":"ImageObject","inLanguage":"pt-BR","@id":"https:\/\/uvbbrasil.com.br\/resultado-da-inscricao-para-fies-e-p-fies-sai-nesta-quarta\/#primaryimage","url":"https:\/\/uvbbrasil.com.br\/wp-content\/uploads\/2020\/02\/26.jpg","contentUrl":"https:\/\/uvbbrasil.com.br\/wp-content\/uploads\/2020\/02\/26.jpg","width":780,"height":450},{"@type":"BreadcrumbList","@id":"https:\/\/uvbbrasil.com.br\/resultado-da-inscricao-para-fies-e-p-fies-sai-nesta-quarta\/#breadcrumb","itemListElement":[{"@type":"ListItem","position":1,"name":"In\u00edcio","item":"https:\/\/uvbbrasil.com.br\/"},{"@type":"ListItem","position":2,"name":"Resultado da inscri\u00e7\u00e3o para Fies e P-Fies sai nesta quarta"}]},{"@type":"WebSite","@id":"https:\/\/uvbbrasil.com.br\/#website","url":"https:\/\/uvbbrasil.com.br\/","name":"UVB Brasil","description":"Uni\u00e3o dos Vereadores do Brasil","publisher":{"@id":"https:\/\/uvbbrasil.com.br\/#organization"},"potentialAction":[{"@type":"SearchAction","target":{"@type":"EntryPoint","urlTemplate":"https:\/\/uvbbrasil.com.br\/?s={search_term_string}"},"query-input":{"@type":"PropertyValueSpecification","valueRequired":true,"valueName":"search_term_string"}}],"inLanguage":"pt-BR"},{"@type":"Organization","@id":"https:\/\/uvbbrasil.com.br\/#organization","name":"UVB Brasil","url":"https:\/\/uvbbrasil.com.br\/","logo":{"@type":"ImageObject","inLanguage":"pt-BR","@id":"https:\/\/uvbbrasil.com.br\/#\/schema\/logo\/image\/","url":"https:\/\/uvbbrasil.com.br\/wp-content\/uploads\/2025\/01\/LOGO-UVB-2024-azul-1.jpg","contentUrl":"https:\/\/uvbbrasil.com.br\/wp-content\/uploads\/2025\/01\/LOGO-UVB-2024-azul-1.jpg","width":600,"height":211,"caption":"UVB Brasil"},"image":{"@id":"https:\/\/uvbbrasil.com.br\/#\/schema\/logo\/image\/"},"sameAs":["https:\/\/www.facebook.com\/uvb.vereadoresbrasil","https:\/\/www.instagram.com\/uvbbrasil\/","https:\/\/www.youtube.com\/channel\/UCIlPQ8Xzw5GHNzosQIg9S5A"]},{"@type":"Person","@id":"https:\/\/uvbbrasil.com.br\/#\/schema\/person\/17990098446c098f52effddff4f1b272","name":"adminuvb","image":{"@type":"ImageObject","inLanguage":"pt-BR","@id":"https:\/\/uvbbrasil.com.br\/#\/schema\/person\/image\/","url":"https:\/\/secure.gravatar.com\/avatar\/1a494ea6f8e2dd1ae526e55b0e9497efdba542491e0620d704cccf63c6f77c45?s=96&d=mm&r=g","contentUrl":"https:\/\/secure.gravatar.com\/avatar\/1a494ea6f8e2dd1ae526e55b0e9497efdba542491e0620d704cccf63c6f77c45?s=96&d=mm&r=g","caption":"adminuvb"},"sameAs":["https:\/\/uvbbrasil.com.br"],"url":"https:\/\/uvbbrasil.com.br\/author\/adminuvb\/"}]}},"_links":{"self":[{"href":"https:\/\/uvbbrasil.com.br\/uvb-json\/wp\/v2\/posts\/17840","targetHints":{"allow":["GET"]}}],"collection":[{"href":"https:\/\/uvbbrasil.com.br\/uvb-json\/wp\/v2\/posts"}],"about":[{"href":"https:\/\/uvbbrasil.com.br\/uvb-json\/wp\/v2\/types\/post"}],"author":[{"embeddable":true,"href":"https:\/\/uvbbrasil.com.br\/uvb-json\/wp\/v2\/users\/1"}],"replies":[{"embeddable":true,"href":"https:\/\/uvbbrasil.com.br\/uvb-json\/wp\/v2\/comments?post=17840"}],"version-history":[{"count":0,"href":"https:\/\/uvbbrasil.com.br\/uvb-json\/wp\/v2\/posts\/17840\/revisions"}],"wp:featuredmedia":[{"embeddable":true,"href":"https:\/\/uvbbrasil.com.br\/uvb-json\/wp\/v2\/media\/17841"}],"wp:attachment":[{"href":"https:\/\/uvbbrasil.com.br\/uvb-json\/wp\/v2\/media?parent=17840"}],"wp:term":[{"taxonomy":"category","embeddable":true,"href":"https:\/\/uvbbrasil.com.br\/uvb-json\/wp\/v2\/categories?post=17840"},{"taxonomy":"post_tag","embeddable":true,"href":"https:\/\/uvbbrasil.com.br\/uvb-json\/wp\/v2\/tags?post=17840"}],"curies":[{"name":"wp","href":"https:\/\/api.w.org\/{rel}","templated":true}]}}