{"id":17800,"date":"2020-02-19T11:41:21","date_gmt":"2020-02-19T14:41:21","guid":{"rendered":"https:\/\/wpsandbox4.pante.com.br\/?p=17800"},"modified":"2020-02-19T11:41:21","modified_gmt":"2020-02-19T14:41:21","slug":"fpm-volta-crescer-e-chegara-aos-cofres-municipais-na-proxima-quinta-feira","status":"publish","type":"post","link":"https:\/\/uvbbrasil.com.br\/fpm-volta-crescer-e-chegara-aos-cofres-municipais-na-proxima-quinta-feira\/","title":{"rendered":"FPM volta a crescer e chegar\u00e1 aos cofres municipais na pr\u00f3xima quinta-feira"},"content":{"rendered":"<p>CNM recomenda cautela aos gestores municipais<\/p>\n<p>\u2013 O repasse do 2\u00ba dec\u00eandio do Fundo de Participa\u00e7\u00e3o dos Munic\u00edpios (FPM) para o m\u00eas de fevereiro ser\u00e1 de mais de R$ 785 milh\u00f5es. Isso sem se levar em considera\u00e7\u00e3o a reten\u00e7\u00e3o do Fundo de Manuten\u00e7\u00e3o e Desenvolvimento da Educa\u00e7\u00e3o B\u00e1sica e de Valoriza\u00e7\u00e3o dos Profissionais da Educa\u00e7\u00e3o (Fundeb), quando somada a receita ser\u00e1 de mais de R$ 982 milh\u00f5es. O valor chegar\u00e1 aos cofres municipais na pr\u00f3xima quinta-feira, 20 de fevereiro.<\/p>\n<p>Pelos c\u00e1lculos da Confedera\u00e7\u00e3o Nacional de Munic\u00edpios (CNM), com base nos dados da Secretaria do Tesouro Nacional (STN), o repasse do 2\u00ba dec\u00eandio de fevereiro ser\u00e1 64,66% maior do que a estimativa da pr\u00f3pria STN divulgada anteriormente. Dessa forma, o valor ao ser comparado com mesmo dec\u00eandio do ano anterior, apresentou crescimento de 36,15% em termos nominais (valores sem considerar os efeitos da infla\u00e7\u00e3o).<\/p>\n<p>J\u00e1 o acumulado do m\u00eas, em rela\u00e7\u00e3o ao mesmo per\u00edodo do ano anterior, teve crescimento de 22,44%. Mas quando o valor do repasse \u00e9 deflacionado, levando-se em conta a infla\u00e7\u00e3o do per\u00edodo, comparado ao mesmo per\u00edodo do ano anterior, o crescimento \u00e9 de 31,23%.<\/p>\n<p>A CNM explica que no 2\u00ba dec\u00eandio, a base de c\u00e1lculo \u00e9 dos dias 01 a 10 do m\u00eas corrente. Esse dec\u00eandio geralmente \u00e9 o menor do m\u00eas e representa em torno de 20% do valor esperado para o m\u00eas inteiro.<\/p>\n<p>Ainda pelos c\u00e1lculos da CNM, a soma do 1\u00ba e 2\u00ba dec\u00eandio mostra que o fundo est\u00e1 em crescimento de 18,02% dentro do m\u00eas, se comparado ao mesmo per\u00edodo de 2018, levando-se em conta a infla\u00e7\u00e3o do per\u00edodo.<br \/>\nO ano de 2020 come\u00e7ou com informa\u00e7\u00f5es que exigem aten\u00e7\u00e3o dos atuais gestores municipais com rela\u00e7\u00e3o \u00e0s varia\u00e7\u00f5es de receitas, no caso do FPM inicialmente com perspectiva de queda da transfer\u00eancia. Mas essa perspectiva j\u00e1 sofreu altera\u00e7\u00e3o de cen\u00e1rio pelo bom desempenho que o repasse do fundo do m\u00eas de fevereiro vem apresentando, recuperando as perdas do repasse do m\u00eas de janeiro.<\/p>\n<p><a href=\"https:\/\/uvbbrasil.com.br\/?attachment_id=17801\" rel=\"attachment wp-att-17801\"><img fetchpriority=\"high\" decoding=\"async\" class=\"aligncenter size-full wp-image-17801\" src=\"https:\/\/uvbbrasil.com.br\/wp-content\/uploads\/2020\/02\/fmp.jpeg\" alt=\"\" width=\"780\" height=\"450\" srcset=\"https:\/\/uvbbrasil.com.br\/wp-content\/uploads\/2020\/02\/fmp.jpeg 780w, https:\/\/uvbbrasil.com.br\/wp-content\/uploads\/2020\/02\/fmp-300x173.jpeg 300w, https:\/\/uvbbrasil.com.br\/wp-content\/uploads\/2020\/02\/fmp-768x443.jpeg 768w\" sizes=\"(max-width: 780px) 100vw, 780px\" \/><\/a><\/p>\n<p>fonte:www.i9treinamentos.com<\/p>\n","protected":false},"excerpt":{"rendered":"<p>CNM recomenda cautela aos gestores municipais \u2013 O repasse do 2\u00ba dec\u00eandio do Fundo de Participa\u00e7\u00e3o dos Munic\u00edpios (FPM) para&#8230;<\/p>\n","protected":false},"author":1,"featured_media":17801,"comment_status":"open","ping_status":"open","sticky":false,"template":"","format":"standard","meta":{"footnotes":""},"categories":[3],"tags":[],"class_list":["post-17800","post","type-post","status-publish","format-standard","has-post-thumbnail","hentry","category-noticias"],"yoast_head":"<!-- This site is optimized with the Yoast SEO plugin v26.7 - https:\/\/yoast.com\/wordpress\/plugins\/seo\/ -->\n<title>FPM volta a crescer e chegar\u00e1 aos cofres municipais na pr\u00f3xima quinta-feira - UVB Brasil<\/title>\n<meta name=\"robots\" content=\"index, follow, max-snippet:-1, max-image-preview:large, max-video-preview:-1\" \/>\n<link rel=\"canonical\" href=\"https:\/\/uvbbrasil.com.br\/fpm-volta-crescer-e-chegara-aos-cofres-municipais-na-proxima-quinta-feira\/\" \/>\n<meta property=\"og:locale\" content=\"pt_BR\" \/>\n<meta property=\"og:type\" content=\"article\" \/>\n<meta property=\"og:title\" content=\"FPM volta a crescer e chegar\u00e1 aos cofres municipais na pr\u00f3xima quinta-feira - UVB Brasil\" \/>\n<meta property=\"og:description\" content=\"CNM recomenda cautela aos gestores municipais \u2013 O repasse do 2\u00ba dec\u00eandio do Fundo de Participa\u00e7\u00e3o dos Munic\u00edpios (FPM) para...\" \/>\n<meta property=\"og:url\" content=\"https:\/\/uvbbrasil.com.br\/fpm-volta-crescer-e-chegara-aos-cofres-municipais-na-proxima-quinta-feira\/\" \/>\n<meta property=\"og:site_name\" content=\"UVB Brasil\" \/>\n<meta property=\"article:publisher\" content=\"https:\/\/www.facebook.com\/uvb.vereadoresbrasil\" \/>\n<meta property=\"article:published_time\" content=\"2020-02-19T14:41:21+00:00\" \/>\n<meta property=\"og:image\" content=\"https:\/\/uvbbrasil.com.br\/wp-content\/uploads\/2020\/02\/fmp.jpeg\" \/>\n\t<meta property=\"og:image:width\" content=\"780\" \/>\n\t<meta property=\"og:image:height\" content=\"450\" \/>\n\t<meta property=\"og:image:type\" content=\"image\/jpeg\" \/>\n<meta name=\"author\" content=\"adminuvb\" \/>\n<meta name=\"twitter:card\" content=\"summary_large_image\" \/>\n<meta name=\"twitter:label1\" content=\"Escrito por\" \/>\n\t<meta name=\"twitter:data1\" content=\"adminuvb\" \/>\n\t<meta name=\"twitter:label2\" content=\"Est. tempo de leitura\" \/>\n\t<meta name=\"twitter:data2\" content=\"2 minutos\" \/>\n<script type=\"application\/ld+json\" class=\"yoast-schema-graph\">{\"@context\":\"https:\/\/schema.org\",\"@graph\":[{\"@type\":\"Article\",\"@id\":\"https:\/\/uvbbrasil.com.br\/fpm-volta-crescer-e-chegara-aos-cofres-municipais-na-proxima-quinta-feira\/#article\",\"isPartOf\":{\"@id\":\"https:\/\/uvbbrasil.com.br\/fpm-volta-crescer-e-chegara-aos-cofres-municipais-na-proxima-quinta-feira\/\"},\"author\":{\"name\":\"adminuvb\",\"@id\":\"https:\/\/uvbbrasil.com.br\/#\/schema\/person\/17990098446c098f52effddff4f1b272\"},\"headline\":\"FPM volta a crescer e chegar\u00e1 aos cofres municipais na pr\u00f3xima quinta-feira\",\"datePublished\":\"2020-02-19T14:41:21+00:00\",\"mainEntityOfPage\":{\"@id\":\"https:\/\/uvbbrasil.com.br\/fpm-volta-crescer-e-chegara-aos-cofres-municipais-na-proxima-quinta-feira\/\"},\"wordCount\":372,\"commentCount\":0,\"publisher\":{\"@id\":\"https:\/\/uvbbrasil.com.br\/#organization\"},\"image\":{\"@id\":\"https:\/\/uvbbrasil.com.br\/fpm-volta-crescer-e-chegara-aos-cofres-municipais-na-proxima-quinta-feira\/#primaryimage\"},\"thumbnailUrl\":\"https:\/\/uvbbrasil.com.br\/wp-content\/uploads\/2020\/02\/fmp.jpeg\",\"articleSection\":[\"NOT\u00cdCIAS\"],\"inLanguage\":\"pt-BR\",\"potentialAction\":[{\"@type\":\"CommentAction\",\"name\":\"Comment\",\"target\":[\"https:\/\/uvbbrasil.com.br\/fpm-volta-crescer-e-chegara-aos-cofres-municipais-na-proxima-quinta-feira\/#respond\"]}]},{\"@type\":\"WebPage\",\"@id\":\"https:\/\/uvbbrasil.com.br\/fpm-volta-crescer-e-chegara-aos-cofres-municipais-na-proxima-quinta-feira\/\",\"url\":\"https:\/\/uvbbrasil.com.br\/fpm-volta-crescer-e-chegara-aos-cofres-municipais-na-proxima-quinta-feira\/\",\"name\":\"FPM volta a crescer e chegar\u00e1 aos cofres municipais na pr\u00f3xima quinta-feira - UVB Brasil\",\"isPartOf\":{\"@id\":\"https:\/\/uvbbrasil.com.br\/#website\"},\"primaryImageOfPage\":{\"@id\":\"https:\/\/uvbbrasil.com.br\/fpm-volta-crescer-e-chegara-aos-cofres-municipais-na-proxima-quinta-feira\/#primaryimage\"},\"image\":{\"@id\":\"https:\/\/uvbbrasil.com.br\/fpm-volta-crescer-e-chegara-aos-cofres-municipais-na-proxima-quinta-feira\/#primaryimage\"},\"thumbnailUrl\":\"https:\/\/uvbbrasil.com.br\/wp-content\/uploads\/2020\/02\/fmp.jpeg\",\"datePublished\":\"2020-02-19T14:41:21+00:00\",\"breadcrumb\":{\"@id\":\"https:\/\/uvbbrasil.com.br\/fpm-volta-crescer-e-chegara-aos-cofres-municipais-na-proxima-quinta-feira\/#breadcrumb\"},\"inLanguage\":\"pt-BR\",\"potentialAction\":[{\"@type\":\"ReadAction\",\"target\":[\"https:\/\/uvbbrasil.com.br\/fpm-volta-crescer-e-chegara-aos-cofres-municipais-na-proxima-quinta-feira\/\"]}]},{\"@type\":\"ImageObject\",\"inLanguage\":\"pt-BR\",\"@id\":\"https:\/\/uvbbrasil.com.br\/fpm-volta-crescer-e-chegara-aos-cofres-municipais-na-proxima-quinta-feira\/#primaryimage\",\"url\":\"https:\/\/uvbbrasil.com.br\/wp-content\/uploads\/2020\/02\/fmp.jpeg\",\"contentUrl\":\"https:\/\/uvbbrasil.com.br\/wp-content\/uploads\/2020\/02\/fmp.jpeg\",\"width\":780,\"height\":450},{\"@type\":\"BreadcrumbList\",\"@id\":\"https:\/\/uvbbrasil.com.br\/fpm-volta-crescer-e-chegara-aos-cofres-municipais-na-proxima-quinta-feira\/#breadcrumb\",\"itemListElement\":[{\"@type\":\"ListItem\",\"position\":1,\"name\":\"In\u00edcio\",\"item\":\"https:\/\/uvbbrasil.com.br\/\"},{\"@type\":\"ListItem\",\"position\":2,\"name\":\"FPM volta a crescer e chegar\u00e1 aos cofres municipais na pr\u00f3xima quinta-feira\"}]},{\"@type\":\"WebSite\",\"@id\":\"https:\/\/uvbbrasil.com.br\/#website\",\"url\":\"https:\/\/uvbbrasil.com.br\/\",\"name\":\"UVB Brasil\",\"description\":\"Uni\u00e3o dos Vereadores do Brasil\",\"publisher\":{\"@id\":\"https:\/\/uvbbrasil.com.br\/#organization\"},\"potentialAction\":[{\"@type\":\"SearchAction\",\"target\":{\"@type\":\"EntryPoint\",\"urlTemplate\":\"https:\/\/uvbbrasil.com.br\/?s={search_term_string}\"},\"query-input\":{\"@type\":\"PropertyValueSpecification\",\"valueRequired\":true,\"valueName\":\"search_term_string\"}}],\"inLanguage\":\"pt-BR\"},{\"@type\":\"Organization\",\"@id\":\"https:\/\/uvbbrasil.com.br\/#organization\",\"name\":\"UVB Brasil\",\"url\":\"https:\/\/uvbbrasil.com.br\/\",\"logo\":{\"@type\":\"ImageObject\",\"inLanguage\":\"pt-BR\",\"@id\":\"https:\/\/uvbbrasil.com.br\/#\/schema\/logo\/image\/\",\"url\":\"https:\/\/uvbbrasil.com.br\/wp-content\/uploads\/2025\/01\/LOGO-UVB-2024-azul-1.jpg\",\"contentUrl\":\"https:\/\/uvbbrasil.com.br\/wp-content\/uploads\/2025\/01\/LOGO-UVB-2024-azul-1.jpg\",\"width\":600,\"height\":211,\"caption\":\"UVB Brasil\"},\"image\":{\"@id\":\"https:\/\/uvbbrasil.com.br\/#\/schema\/logo\/image\/\"},\"sameAs\":[\"https:\/\/www.facebook.com\/uvb.vereadoresbrasil\",\"https:\/\/www.instagram.com\/uvbbrasil\/\",\"https:\/\/www.youtube.com\/channel\/UCIlPQ8Xzw5GHNzosQIg9S5A\"]},{\"@type\":\"Person\",\"@id\":\"https:\/\/uvbbrasil.com.br\/#\/schema\/person\/17990098446c098f52effddff4f1b272\",\"name\":\"adminuvb\",\"image\":{\"@type\":\"ImageObject\",\"inLanguage\":\"pt-BR\",\"@id\":\"https:\/\/uvbbrasil.com.br\/#\/schema\/person\/image\/\",\"url\":\"https:\/\/secure.gravatar.com\/avatar\/1a494ea6f8e2dd1ae526e55b0e9497efdba542491e0620d704cccf63c6f77c45?s=96&d=mm&r=g\",\"contentUrl\":\"https:\/\/secure.gravatar.com\/avatar\/1a494ea6f8e2dd1ae526e55b0e9497efdba542491e0620d704cccf63c6f77c45?s=96&d=mm&r=g\",\"caption\":\"adminuvb\"},\"sameAs\":[\"https:\/\/uvbbrasil.com.br\"],\"url\":\"https:\/\/uvbbrasil.com.br\/author\/adminuvb\/\"}]}<\/script>\n<!-- \/ Yoast SEO plugin. -->","yoast_head_json":{"title":"FPM volta a crescer e chegar\u00e1 aos cofres municipais na pr\u00f3xima quinta-feira - UVB Brasil","robots":{"index":"index","follow":"follow","max-snippet":"max-snippet:-1","max-image-preview":"max-image-preview:large","max-video-preview":"max-video-preview:-1"},"canonical":"https:\/\/uvbbrasil.com.br\/fpm-volta-crescer-e-chegara-aos-cofres-municipais-na-proxima-quinta-feira\/","og_locale":"pt_BR","og_type":"article","og_title":"FPM volta a crescer e chegar\u00e1 aos cofres municipais na pr\u00f3xima quinta-feira - UVB Brasil","og_description":"CNM recomenda cautela aos gestores municipais \u2013 O repasse do 2\u00ba dec\u00eandio do Fundo de Participa\u00e7\u00e3o dos Munic\u00edpios (FPM) para...","og_url":"https:\/\/uvbbrasil.com.br\/fpm-volta-crescer-e-chegara-aos-cofres-municipais-na-proxima-quinta-feira\/","og_site_name":"UVB Brasil","article_publisher":"https:\/\/www.facebook.com\/uvb.vereadoresbrasil","article_published_time":"2020-02-19T14:41:21+00:00","og_image":[{"width":780,"height":450,"url":"https:\/\/uvbbrasil.com.br\/wp-content\/uploads\/2020\/02\/fmp.jpeg","type":"image\/jpeg"}],"author":"adminuvb","twitter_card":"summary_large_image","twitter_misc":{"Escrito por":"adminuvb","Est. tempo de leitura":"2 minutos"},"schema":{"@context":"https:\/\/schema.org","@graph":[{"@type":"Article","@id":"https:\/\/uvbbrasil.com.br\/fpm-volta-crescer-e-chegara-aos-cofres-municipais-na-proxima-quinta-feira\/#article","isPartOf":{"@id":"https:\/\/uvbbrasil.com.br\/fpm-volta-crescer-e-chegara-aos-cofres-municipais-na-proxima-quinta-feira\/"},"author":{"name":"adminuvb","@id":"https:\/\/uvbbrasil.com.br\/#\/schema\/person\/17990098446c098f52effddff4f1b272"},"headline":"FPM volta a crescer e chegar\u00e1 aos cofres municipais na pr\u00f3xima quinta-feira","datePublished":"2020-02-19T14:41:21+00:00","mainEntityOfPage":{"@id":"https:\/\/uvbbrasil.com.br\/fpm-volta-crescer-e-chegara-aos-cofres-municipais-na-proxima-quinta-feira\/"},"wordCount":372,"commentCount":0,"publisher":{"@id":"https:\/\/uvbbrasil.com.br\/#organization"},"image":{"@id":"https:\/\/uvbbrasil.com.br\/fpm-volta-crescer-e-chegara-aos-cofres-municipais-na-proxima-quinta-feira\/#primaryimage"},"thumbnailUrl":"https:\/\/uvbbrasil.com.br\/wp-content\/uploads\/2020\/02\/fmp.jpeg","articleSection":["NOT\u00cdCIAS"],"inLanguage":"pt-BR","potentialAction":[{"@type":"CommentAction","name":"Comment","target":["https:\/\/uvbbrasil.com.br\/fpm-volta-crescer-e-chegara-aos-cofres-municipais-na-proxima-quinta-feira\/#respond"]}]},{"@type":"WebPage","@id":"https:\/\/uvbbrasil.com.br\/fpm-volta-crescer-e-chegara-aos-cofres-municipais-na-proxima-quinta-feira\/","url":"https:\/\/uvbbrasil.com.br\/fpm-volta-crescer-e-chegara-aos-cofres-municipais-na-proxima-quinta-feira\/","name":"FPM volta a crescer e chegar\u00e1 aos cofres municipais na pr\u00f3xima quinta-feira - UVB Brasil","isPartOf":{"@id":"https:\/\/uvbbrasil.com.br\/#website"},"primaryImageOfPage":{"@id":"https:\/\/uvbbrasil.com.br\/fpm-volta-crescer-e-chegara-aos-cofres-municipais-na-proxima-quinta-feira\/#primaryimage"},"image":{"@id":"https:\/\/uvbbrasil.com.br\/fpm-volta-crescer-e-chegara-aos-cofres-municipais-na-proxima-quinta-feira\/#primaryimage"},"thumbnailUrl":"https:\/\/uvbbrasil.com.br\/wp-content\/uploads\/2020\/02\/fmp.jpeg","datePublished":"2020-02-19T14:41:21+00:00","breadcrumb":{"@id":"https:\/\/uvbbrasil.com.br\/fpm-volta-crescer-e-chegara-aos-cofres-municipais-na-proxima-quinta-feira\/#breadcrumb"},"inLanguage":"pt-BR","potentialAction":[{"@type":"ReadAction","target":["https:\/\/uvbbrasil.com.br\/fpm-volta-crescer-e-chegara-aos-cofres-municipais-na-proxima-quinta-feira\/"]}]},{"@type":"ImageObject","inLanguage":"pt-BR","@id":"https:\/\/uvbbrasil.com.br\/fpm-volta-crescer-e-chegara-aos-cofres-municipais-na-proxima-quinta-feira\/#primaryimage","url":"https:\/\/uvbbrasil.com.br\/wp-content\/uploads\/2020\/02\/fmp.jpeg","contentUrl":"https:\/\/uvbbrasil.com.br\/wp-content\/uploads\/2020\/02\/fmp.jpeg","width":780,"height":450},{"@type":"BreadcrumbList","@id":"https:\/\/uvbbrasil.com.br\/fpm-volta-crescer-e-chegara-aos-cofres-municipais-na-proxima-quinta-feira\/#breadcrumb","itemListElement":[{"@type":"ListItem","position":1,"name":"In\u00edcio","item":"https:\/\/uvbbrasil.com.br\/"},{"@type":"ListItem","position":2,"name":"FPM volta a crescer e chegar\u00e1 aos cofres municipais na pr\u00f3xima quinta-feira"}]},{"@type":"WebSite","@id":"https:\/\/uvbbrasil.com.br\/#website","url":"https:\/\/uvbbrasil.com.br\/","name":"UVB Brasil","description":"Uni\u00e3o dos Vereadores do Brasil","publisher":{"@id":"https:\/\/uvbbrasil.com.br\/#organization"},"potentialAction":[{"@type":"SearchAction","target":{"@type":"EntryPoint","urlTemplate":"https:\/\/uvbbrasil.com.br\/?s={search_term_string}"},"query-input":{"@type":"PropertyValueSpecification","valueRequired":true,"valueName":"search_term_string"}}],"inLanguage":"pt-BR"},{"@type":"Organization","@id":"https:\/\/uvbbrasil.com.br\/#organization","name":"UVB Brasil","url":"https:\/\/uvbbrasil.com.br\/","logo":{"@type":"ImageObject","inLanguage":"pt-BR","@id":"https:\/\/uvbbrasil.com.br\/#\/schema\/logo\/image\/","url":"https:\/\/uvbbrasil.com.br\/wp-content\/uploads\/2025\/01\/LOGO-UVB-2024-azul-1.jpg","contentUrl":"https:\/\/uvbbrasil.com.br\/wp-content\/uploads\/2025\/01\/LOGO-UVB-2024-azul-1.jpg","width":600,"height":211,"caption":"UVB Brasil"},"image":{"@id":"https:\/\/uvbbrasil.com.br\/#\/schema\/logo\/image\/"},"sameAs":["https:\/\/www.facebook.com\/uvb.vereadoresbrasil","https:\/\/www.instagram.com\/uvbbrasil\/","https:\/\/www.youtube.com\/channel\/UCIlPQ8Xzw5GHNzosQIg9S5A"]},{"@type":"Person","@id":"https:\/\/uvbbrasil.com.br\/#\/schema\/person\/17990098446c098f52effddff4f1b272","name":"adminuvb","image":{"@type":"ImageObject","inLanguage":"pt-BR","@id":"https:\/\/uvbbrasil.com.br\/#\/schema\/person\/image\/","url":"https:\/\/secure.gravatar.com\/avatar\/1a494ea6f8e2dd1ae526e55b0e9497efdba542491e0620d704cccf63c6f77c45?s=96&d=mm&r=g","contentUrl":"https:\/\/secure.gravatar.com\/avatar\/1a494ea6f8e2dd1ae526e55b0e9497efdba542491e0620d704cccf63c6f77c45?s=96&d=mm&r=g","caption":"adminuvb"},"sameAs":["https:\/\/uvbbrasil.com.br"],"url":"https:\/\/uvbbrasil.com.br\/author\/adminuvb\/"}]}},"_links":{"self":[{"href":"https:\/\/uvbbrasil.com.br\/uvb-json\/wp\/v2\/posts\/17800","targetHints":{"allow":["GET"]}}],"collection":[{"href":"https:\/\/uvbbrasil.com.br\/uvb-json\/wp\/v2\/posts"}],"about":[{"href":"https:\/\/uvbbrasil.com.br\/uvb-json\/wp\/v2\/types\/post"}],"author":[{"embeddable":true,"href":"https:\/\/uvbbrasil.com.br\/uvb-json\/wp\/v2\/users\/1"}],"replies":[{"embeddable":true,"href":"https:\/\/uvbbrasil.com.br\/uvb-json\/wp\/v2\/comments?post=17800"}],"version-history":[{"count":0,"href":"https:\/\/uvbbrasil.com.br\/uvb-json\/wp\/v2\/posts\/17800\/revisions"}],"wp:featuredmedia":[{"embeddable":true,"href":"https:\/\/uvbbrasil.com.br\/uvb-json\/wp\/v2\/media\/17801"}],"wp:attachment":[{"href":"https:\/\/uvbbrasil.com.br\/uvb-json\/wp\/v2\/media?parent=17800"}],"wp:term":[{"taxonomy":"category","embeddable":true,"href":"https:\/\/uvbbrasil.com.br\/uvb-json\/wp\/v2\/categories?post=17800"},{"taxonomy":"post_tag","embeddable":true,"href":"https:\/\/uvbbrasil.com.br\/uvb-json\/wp\/v2\/tags?post=17800"}],"curies":[{"name":"wp","href":"https:\/\/api.w.org\/{rel}","templated":true}]}}