{"id":17794,"date":"2020-02-19T09:50:28","date_gmt":"2020-02-19T12:50:28","guid":{"rendered":"https:\/\/wpsandbox4.pante.com.br\/?p=17794"},"modified":"2020-02-19T09:50:28","modified_gmt":"2020-02-19T12:50:28","slug":"acamdoze-ira-em-comitiva-curitiba-para-cobrar-mais-acoes-estado-contra-dengue-na-regiao","status":"publish","type":"post","link":"https:\/\/uvbbrasil.com.br\/acamdoze-ira-em-comitiva-curitiba-para-cobrar-mais-acoes-estado-contra-dengue-na-regiao\/","title":{"rendered":"Acamdoze ir\u00e1 em comitiva a Curitiba para cobrar mais a\u00e7\u00f5es do Estado contra dengue na regi\u00e3o"},"content":{"rendered":"<p>O presidente da Associa\u00e7\u00e3o das C\u00e2maras Municipais da Microrregi\u00e3o Doze (Acamdoze), Valdir Hermes da Silva, vereador de Engenheiro Beltr\u00e3o, anunciou que uma comitiva de vereadores da regi\u00e3o ir\u00e1 a Curitiba nesta sexta-feira (21), onde participar\u00e1 de reuni\u00e3o na Secretaria Estadual de Sa\u00fade para cobrar mais a\u00e7\u00f5es do Estado no combate \u00e1 dengue na regi\u00e3o da Comcam.<\/p>\n<p>A reuni\u00e3o est\u00e1 agendada para as 10 horas. J\u00e1 na parte da tarde, a comitiva entregar\u00e1 pessoalmente requerimentos ao Departamento de Estradas e Rodagem (DER) para que fa\u00e7a melhorias nas estradas da regi\u00e3o, j\u00e1 que muitos trechos est\u00e3o tomados por buracos.<br \/>\n\u201cEm rela\u00e7\u00e3o \u00e0 dengue \u00e9 obriga\u00e7\u00e3o do vereador tamb\u00e9m se engajar nesta luta, n\u00e3o podemos ficar omissos ao problema\u201d, cobrou Silva, ao reconhecer os esfor\u00e7os da 11\u00aa Regional de Sa\u00fade de Campo Mour\u00e3o nas a\u00e7\u00f5es de combate e dos pr\u00f3prios munic\u00edpios. O presidente da Acamdoze comentou que a cada semana a situa\u00e7\u00e3o fica mais cr\u00edtica na regi\u00e3o em rela\u00e7\u00e3o \u00e0 dengue, j\u00e1 que os n\u00fameros n\u00e3o param de aumentar.<br \/>\nSobre a situa\u00e7\u00e3o cr\u00edtica de v\u00e1rios trechos de rodovias da regi\u00e3o, o vereador lembrou que a Acamdoze j\u00e1 vem cobrando o Estado atrav\u00e9s de requerimentos enviados, mas os pedidos n\u00e3o v\u00eam sendo atendidos. \u201cAgora vamos cobrar pessoalmente para ver se tomam alguma provid\u00eancia. A impress\u00e3o que temos \u00e9 que nossa regi\u00e3o ficou esquecida, alguns trechos est\u00e3o intransit\u00e1veis colocando a vida da popula\u00e7\u00e3o em risco\u201d, alertou.<a href=\"https:\/\/uvbbrasil.com.br\/?attachment_id=17796\" rel=\"attachment wp-att-17796\"><img fetchpriority=\"high\" decoding=\"async\" class=\"aligncenter size-full wp-image-17796\" src=\"https:\/\/uvbbrasil.com.br\/wp-content\/uploads\/2020\/02\/im.jpg\" alt=\"\" width=\"960\" height=\"720\" srcset=\"https:\/\/uvbbrasil.com.br\/wp-content\/uploads\/2020\/02\/im.jpg 960w, https:\/\/uvbbrasil.com.br\/wp-content\/uploads\/2020\/02\/im-300x225.jpg 300w, https:\/\/uvbbrasil.com.br\/wp-content\/uploads\/2020\/02\/im-768x576.jpg 768w\" sizes=\"(max-width: 960px) 100vw, 960px\" \/><\/a><\/p>\n<p>fonte:www.facebook.acamdoze.com<\/p>\n","protected":false},"excerpt":{"rendered":"<p>O presidente da Associa\u00e7\u00e3o das C\u00e2maras Municipais da Microrregi\u00e3o Doze (Acamdoze), Valdir Hermes da Silva, vereador de Engenheiro Beltr\u00e3o, anunciou&#8230;<\/p>\n","protected":false},"author":1,"featured_media":17796,"comment_status":"open","ping_status":"open","sticky":false,"template":"","format":"standard","meta":{"footnotes":""},"categories":[3],"tags":[],"class_list":["post-17794","post","type-post","status-publish","format-standard","has-post-thumbnail","hentry","category-noticias"],"yoast_head":"<!-- This site is optimized with the Yoast SEO plugin v26.7 - https:\/\/yoast.com\/wordpress\/plugins\/seo\/ -->\n<title>Acamdoze ir\u00e1 em comitiva a Curitiba para cobrar mais a\u00e7\u00f5es do Estado contra dengue na regi\u00e3o - UVB Brasil<\/title>\n<meta name=\"robots\" content=\"index, follow, max-snippet:-1, max-image-preview:large, max-video-preview:-1\" \/>\n<link rel=\"canonical\" href=\"https:\/\/uvbbrasil.com.br\/acamdoze-ira-em-comitiva-curitiba-para-cobrar-mais-acoes-estado-contra-dengue-na-regiao\/\" \/>\n<meta property=\"og:locale\" content=\"pt_BR\" \/>\n<meta property=\"og:type\" content=\"article\" \/>\n<meta property=\"og:title\" content=\"Acamdoze ir\u00e1 em comitiva a Curitiba para cobrar mais a\u00e7\u00f5es do Estado contra dengue na regi\u00e3o - UVB Brasil\" \/>\n<meta property=\"og:description\" content=\"O presidente da Associa\u00e7\u00e3o das C\u00e2maras Municipais da Microrregi\u00e3o Doze (Acamdoze), Valdir Hermes da Silva, vereador de Engenheiro Beltr\u00e3o, anunciou...\" \/>\n<meta property=\"og:url\" content=\"https:\/\/uvbbrasil.com.br\/acamdoze-ira-em-comitiva-curitiba-para-cobrar-mais-acoes-estado-contra-dengue-na-regiao\/\" \/>\n<meta property=\"og:site_name\" content=\"UVB Brasil\" \/>\n<meta property=\"article:publisher\" content=\"https:\/\/www.facebook.com\/uvb.vereadoresbrasil\" \/>\n<meta property=\"article:published_time\" content=\"2020-02-19T12:50:28+00:00\" \/>\n<meta property=\"og:image\" content=\"https:\/\/uvbbrasil.com.br\/wp-content\/uploads\/2020\/02\/im.jpg\" \/>\n\t<meta property=\"og:image:width\" content=\"960\" \/>\n\t<meta property=\"og:image:height\" content=\"720\" \/>\n\t<meta property=\"og:image:type\" content=\"image\/jpeg\" \/>\n<meta name=\"author\" content=\"adminuvb\" \/>\n<meta name=\"twitter:card\" content=\"summary_large_image\" \/>\n<meta name=\"twitter:label1\" content=\"Escrito por\" \/>\n\t<meta name=\"twitter:data1\" content=\"adminuvb\" \/>\n\t<meta name=\"twitter:label2\" content=\"Est. tempo de leitura\" \/>\n\t<meta name=\"twitter:data2\" content=\"1 minuto\" \/>\n<script type=\"application\/ld+json\" class=\"yoast-schema-graph\">{\"@context\":\"https:\/\/schema.org\",\"@graph\":[{\"@type\":\"Article\",\"@id\":\"https:\/\/uvbbrasil.com.br\/acamdoze-ira-em-comitiva-curitiba-para-cobrar-mais-acoes-estado-contra-dengue-na-regiao\/#article\",\"isPartOf\":{\"@id\":\"https:\/\/uvbbrasil.com.br\/acamdoze-ira-em-comitiva-curitiba-para-cobrar-mais-acoes-estado-contra-dengue-na-regiao\/\"},\"author\":{\"name\":\"adminuvb\",\"@id\":\"https:\/\/uvbbrasil.com.br\/#\/schema\/person\/17990098446c098f52effddff4f1b272\"},\"headline\":\"Acamdoze ir\u00e1 em comitiva a Curitiba para cobrar mais a\u00e7\u00f5es do Estado contra dengue na regi\u00e3o\",\"datePublished\":\"2020-02-19T12:50:28+00:00\",\"mainEntityOfPage\":{\"@id\":\"https:\/\/uvbbrasil.com.br\/acamdoze-ira-em-comitiva-curitiba-para-cobrar-mais-acoes-estado-contra-dengue-na-regiao\/\"},\"wordCount\":288,\"commentCount\":0,\"publisher\":{\"@id\":\"https:\/\/uvbbrasil.com.br\/#organization\"},\"image\":{\"@id\":\"https:\/\/uvbbrasil.com.br\/acamdoze-ira-em-comitiva-curitiba-para-cobrar-mais-acoes-estado-contra-dengue-na-regiao\/#primaryimage\"},\"thumbnailUrl\":\"https:\/\/uvbbrasil.com.br\/wp-content\/uploads\/2020\/02\/im.jpg\",\"articleSection\":[\"NOT\u00cdCIAS\"],\"inLanguage\":\"pt-BR\",\"potentialAction\":[{\"@type\":\"CommentAction\",\"name\":\"Comment\",\"target\":[\"https:\/\/uvbbrasil.com.br\/acamdoze-ira-em-comitiva-curitiba-para-cobrar-mais-acoes-estado-contra-dengue-na-regiao\/#respond\"]}]},{\"@type\":\"WebPage\",\"@id\":\"https:\/\/uvbbrasil.com.br\/acamdoze-ira-em-comitiva-curitiba-para-cobrar-mais-acoes-estado-contra-dengue-na-regiao\/\",\"url\":\"https:\/\/uvbbrasil.com.br\/acamdoze-ira-em-comitiva-curitiba-para-cobrar-mais-acoes-estado-contra-dengue-na-regiao\/\",\"name\":\"Acamdoze ir\u00e1 em comitiva a Curitiba para cobrar mais a\u00e7\u00f5es do Estado contra dengue na regi\u00e3o - UVB Brasil\",\"isPartOf\":{\"@id\":\"https:\/\/uvbbrasil.com.br\/#website\"},\"primaryImageOfPage\":{\"@id\":\"https:\/\/uvbbrasil.com.br\/acamdoze-ira-em-comitiva-curitiba-para-cobrar-mais-acoes-estado-contra-dengue-na-regiao\/#primaryimage\"},\"image\":{\"@id\":\"https:\/\/uvbbrasil.com.br\/acamdoze-ira-em-comitiva-curitiba-para-cobrar-mais-acoes-estado-contra-dengue-na-regiao\/#primaryimage\"},\"thumbnailUrl\":\"https:\/\/uvbbrasil.com.br\/wp-content\/uploads\/2020\/02\/im.jpg\",\"datePublished\":\"2020-02-19T12:50:28+00:00\",\"breadcrumb\":{\"@id\":\"https:\/\/uvbbrasil.com.br\/acamdoze-ira-em-comitiva-curitiba-para-cobrar-mais-acoes-estado-contra-dengue-na-regiao\/#breadcrumb\"},\"inLanguage\":\"pt-BR\",\"potentialAction\":[{\"@type\":\"ReadAction\",\"target\":[\"https:\/\/uvbbrasil.com.br\/acamdoze-ira-em-comitiva-curitiba-para-cobrar-mais-acoes-estado-contra-dengue-na-regiao\/\"]}]},{\"@type\":\"ImageObject\",\"inLanguage\":\"pt-BR\",\"@id\":\"https:\/\/uvbbrasil.com.br\/acamdoze-ira-em-comitiva-curitiba-para-cobrar-mais-acoes-estado-contra-dengue-na-regiao\/#primaryimage\",\"url\":\"https:\/\/uvbbrasil.com.br\/wp-content\/uploads\/2020\/02\/im.jpg\",\"contentUrl\":\"https:\/\/uvbbrasil.com.br\/wp-content\/uploads\/2020\/02\/im.jpg\",\"width\":960,\"height\":720},{\"@type\":\"BreadcrumbList\",\"@id\":\"https:\/\/uvbbrasil.com.br\/acamdoze-ira-em-comitiva-curitiba-para-cobrar-mais-acoes-estado-contra-dengue-na-regiao\/#breadcrumb\",\"itemListElement\":[{\"@type\":\"ListItem\",\"position\":1,\"name\":\"In\u00edcio\",\"item\":\"https:\/\/uvbbrasil.com.br\/\"},{\"@type\":\"ListItem\",\"position\":2,\"name\":\"Acamdoze ir\u00e1 em comitiva a Curitiba para cobrar mais a\u00e7\u00f5es do Estado contra dengue na regi\u00e3o\"}]},{\"@type\":\"WebSite\",\"@id\":\"https:\/\/uvbbrasil.com.br\/#website\",\"url\":\"https:\/\/uvbbrasil.com.br\/\",\"name\":\"UVB Brasil\",\"description\":\"Uni\u00e3o dos Vereadores do Brasil\",\"publisher\":{\"@id\":\"https:\/\/uvbbrasil.com.br\/#organization\"},\"potentialAction\":[{\"@type\":\"SearchAction\",\"target\":{\"@type\":\"EntryPoint\",\"urlTemplate\":\"https:\/\/uvbbrasil.com.br\/?s={search_term_string}\"},\"query-input\":{\"@type\":\"PropertyValueSpecification\",\"valueRequired\":true,\"valueName\":\"search_term_string\"}}],\"inLanguage\":\"pt-BR\"},{\"@type\":\"Organization\",\"@id\":\"https:\/\/uvbbrasil.com.br\/#organization\",\"name\":\"UVB Brasil\",\"url\":\"https:\/\/uvbbrasil.com.br\/\",\"logo\":{\"@type\":\"ImageObject\",\"inLanguage\":\"pt-BR\",\"@id\":\"https:\/\/uvbbrasil.com.br\/#\/schema\/logo\/image\/\",\"url\":\"https:\/\/uvbbrasil.com.br\/wp-content\/uploads\/2025\/01\/LOGO-UVB-2024-azul-1.jpg\",\"contentUrl\":\"https:\/\/uvbbrasil.com.br\/wp-content\/uploads\/2025\/01\/LOGO-UVB-2024-azul-1.jpg\",\"width\":600,\"height\":211,\"caption\":\"UVB Brasil\"},\"image\":{\"@id\":\"https:\/\/uvbbrasil.com.br\/#\/schema\/logo\/image\/\"},\"sameAs\":[\"https:\/\/www.facebook.com\/uvb.vereadoresbrasil\",\"https:\/\/www.instagram.com\/uvbbrasil\/\",\"https:\/\/www.youtube.com\/channel\/UCIlPQ8Xzw5GHNzosQIg9S5A\"]},{\"@type\":\"Person\",\"@id\":\"https:\/\/uvbbrasil.com.br\/#\/schema\/person\/17990098446c098f52effddff4f1b272\",\"name\":\"adminuvb\",\"image\":{\"@type\":\"ImageObject\",\"inLanguage\":\"pt-BR\",\"@id\":\"https:\/\/uvbbrasil.com.br\/#\/schema\/person\/image\/\",\"url\":\"https:\/\/secure.gravatar.com\/avatar\/1a494ea6f8e2dd1ae526e55b0e9497efdba542491e0620d704cccf63c6f77c45?s=96&d=mm&r=g\",\"contentUrl\":\"https:\/\/secure.gravatar.com\/avatar\/1a494ea6f8e2dd1ae526e55b0e9497efdba542491e0620d704cccf63c6f77c45?s=96&d=mm&r=g\",\"caption\":\"adminuvb\"},\"sameAs\":[\"https:\/\/uvbbrasil.com.br\"],\"url\":\"https:\/\/uvbbrasil.com.br\/author\/adminuvb\/\"}]}<\/script>\n<!-- \/ Yoast SEO plugin. -->","yoast_head_json":{"title":"Acamdoze ir\u00e1 em comitiva a Curitiba para cobrar mais a\u00e7\u00f5es do Estado contra dengue na regi\u00e3o - UVB Brasil","robots":{"index":"index","follow":"follow","max-snippet":"max-snippet:-1","max-image-preview":"max-image-preview:large","max-video-preview":"max-video-preview:-1"},"canonical":"https:\/\/uvbbrasil.com.br\/acamdoze-ira-em-comitiva-curitiba-para-cobrar-mais-acoes-estado-contra-dengue-na-regiao\/","og_locale":"pt_BR","og_type":"article","og_title":"Acamdoze ir\u00e1 em comitiva a Curitiba para cobrar mais a\u00e7\u00f5es do Estado contra dengue na regi\u00e3o - UVB Brasil","og_description":"O presidente da Associa\u00e7\u00e3o das C\u00e2maras Municipais da Microrregi\u00e3o Doze (Acamdoze), Valdir Hermes da Silva, vereador de Engenheiro Beltr\u00e3o, anunciou...","og_url":"https:\/\/uvbbrasil.com.br\/acamdoze-ira-em-comitiva-curitiba-para-cobrar-mais-acoes-estado-contra-dengue-na-regiao\/","og_site_name":"UVB Brasil","article_publisher":"https:\/\/www.facebook.com\/uvb.vereadoresbrasil","article_published_time":"2020-02-19T12:50:28+00:00","og_image":[{"width":960,"height":720,"url":"https:\/\/uvbbrasil.com.br\/wp-content\/uploads\/2020\/02\/im.jpg","type":"image\/jpeg"}],"author":"adminuvb","twitter_card":"summary_large_image","twitter_misc":{"Escrito por":"adminuvb","Est. tempo de leitura":"1 minuto"},"schema":{"@context":"https:\/\/schema.org","@graph":[{"@type":"Article","@id":"https:\/\/uvbbrasil.com.br\/acamdoze-ira-em-comitiva-curitiba-para-cobrar-mais-acoes-estado-contra-dengue-na-regiao\/#article","isPartOf":{"@id":"https:\/\/uvbbrasil.com.br\/acamdoze-ira-em-comitiva-curitiba-para-cobrar-mais-acoes-estado-contra-dengue-na-regiao\/"},"author":{"name":"adminuvb","@id":"https:\/\/uvbbrasil.com.br\/#\/schema\/person\/17990098446c098f52effddff4f1b272"},"headline":"Acamdoze ir\u00e1 em comitiva a Curitiba para cobrar mais a\u00e7\u00f5es do Estado contra dengue na regi\u00e3o","datePublished":"2020-02-19T12:50:28+00:00","mainEntityOfPage":{"@id":"https:\/\/uvbbrasil.com.br\/acamdoze-ira-em-comitiva-curitiba-para-cobrar-mais-acoes-estado-contra-dengue-na-regiao\/"},"wordCount":288,"commentCount":0,"publisher":{"@id":"https:\/\/uvbbrasil.com.br\/#organization"},"image":{"@id":"https:\/\/uvbbrasil.com.br\/acamdoze-ira-em-comitiva-curitiba-para-cobrar-mais-acoes-estado-contra-dengue-na-regiao\/#primaryimage"},"thumbnailUrl":"https:\/\/uvbbrasil.com.br\/wp-content\/uploads\/2020\/02\/im.jpg","articleSection":["NOT\u00cdCIAS"],"inLanguage":"pt-BR","potentialAction":[{"@type":"CommentAction","name":"Comment","target":["https:\/\/uvbbrasil.com.br\/acamdoze-ira-em-comitiva-curitiba-para-cobrar-mais-acoes-estado-contra-dengue-na-regiao\/#respond"]}]},{"@type":"WebPage","@id":"https:\/\/uvbbrasil.com.br\/acamdoze-ira-em-comitiva-curitiba-para-cobrar-mais-acoes-estado-contra-dengue-na-regiao\/","url":"https:\/\/uvbbrasil.com.br\/acamdoze-ira-em-comitiva-curitiba-para-cobrar-mais-acoes-estado-contra-dengue-na-regiao\/","name":"Acamdoze ir\u00e1 em comitiva a Curitiba para cobrar mais a\u00e7\u00f5es do Estado contra dengue na regi\u00e3o - UVB Brasil","isPartOf":{"@id":"https:\/\/uvbbrasil.com.br\/#website"},"primaryImageOfPage":{"@id":"https:\/\/uvbbrasil.com.br\/acamdoze-ira-em-comitiva-curitiba-para-cobrar-mais-acoes-estado-contra-dengue-na-regiao\/#primaryimage"},"image":{"@id":"https:\/\/uvbbrasil.com.br\/acamdoze-ira-em-comitiva-curitiba-para-cobrar-mais-acoes-estado-contra-dengue-na-regiao\/#primaryimage"},"thumbnailUrl":"https:\/\/uvbbrasil.com.br\/wp-content\/uploads\/2020\/02\/im.jpg","datePublished":"2020-02-19T12:50:28+00:00","breadcrumb":{"@id":"https:\/\/uvbbrasil.com.br\/acamdoze-ira-em-comitiva-curitiba-para-cobrar-mais-acoes-estado-contra-dengue-na-regiao\/#breadcrumb"},"inLanguage":"pt-BR","potentialAction":[{"@type":"ReadAction","target":["https:\/\/uvbbrasil.com.br\/acamdoze-ira-em-comitiva-curitiba-para-cobrar-mais-acoes-estado-contra-dengue-na-regiao\/"]}]},{"@type":"ImageObject","inLanguage":"pt-BR","@id":"https:\/\/uvbbrasil.com.br\/acamdoze-ira-em-comitiva-curitiba-para-cobrar-mais-acoes-estado-contra-dengue-na-regiao\/#primaryimage","url":"https:\/\/uvbbrasil.com.br\/wp-content\/uploads\/2020\/02\/im.jpg","contentUrl":"https:\/\/uvbbrasil.com.br\/wp-content\/uploads\/2020\/02\/im.jpg","width":960,"height":720},{"@type":"BreadcrumbList","@id":"https:\/\/uvbbrasil.com.br\/acamdoze-ira-em-comitiva-curitiba-para-cobrar-mais-acoes-estado-contra-dengue-na-regiao\/#breadcrumb","itemListElement":[{"@type":"ListItem","position":1,"name":"In\u00edcio","item":"https:\/\/uvbbrasil.com.br\/"},{"@type":"ListItem","position":2,"name":"Acamdoze ir\u00e1 em comitiva a Curitiba para cobrar mais a\u00e7\u00f5es do Estado contra dengue na regi\u00e3o"}]},{"@type":"WebSite","@id":"https:\/\/uvbbrasil.com.br\/#website","url":"https:\/\/uvbbrasil.com.br\/","name":"UVB Brasil","description":"Uni\u00e3o dos Vereadores do Brasil","publisher":{"@id":"https:\/\/uvbbrasil.com.br\/#organization"},"potentialAction":[{"@type":"SearchAction","target":{"@type":"EntryPoint","urlTemplate":"https:\/\/uvbbrasil.com.br\/?s={search_term_string}"},"query-input":{"@type":"PropertyValueSpecification","valueRequired":true,"valueName":"search_term_string"}}],"inLanguage":"pt-BR"},{"@type":"Organization","@id":"https:\/\/uvbbrasil.com.br\/#organization","name":"UVB Brasil","url":"https:\/\/uvbbrasil.com.br\/","logo":{"@type":"ImageObject","inLanguage":"pt-BR","@id":"https:\/\/uvbbrasil.com.br\/#\/schema\/logo\/image\/","url":"https:\/\/uvbbrasil.com.br\/wp-content\/uploads\/2025\/01\/LOGO-UVB-2024-azul-1.jpg","contentUrl":"https:\/\/uvbbrasil.com.br\/wp-content\/uploads\/2025\/01\/LOGO-UVB-2024-azul-1.jpg","width":600,"height":211,"caption":"UVB Brasil"},"image":{"@id":"https:\/\/uvbbrasil.com.br\/#\/schema\/logo\/image\/"},"sameAs":["https:\/\/www.facebook.com\/uvb.vereadoresbrasil","https:\/\/www.instagram.com\/uvbbrasil\/","https:\/\/www.youtube.com\/channel\/UCIlPQ8Xzw5GHNzosQIg9S5A"]},{"@type":"Person","@id":"https:\/\/uvbbrasil.com.br\/#\/schema\/person\/17990098446c098f52effddff4f1b272","name":"adminuvb","image":{"@type":"ImageObject","inLanguage":"pt-BR","@id":"https:\/\/uvbbrasil.com.br\/#\/schema\/person\/image\/","url":"https:\/\/secure.gravatar.com\/avatar\/1a494ea6f8e2dd1ae526e55b0e9497efdba542491e0620d704cccf63c6f77c45?s=96&d=mm&r=g","contentUrl":"https:\/\/secure.gravatar.com\/avatar\/1a494ea6f8e2dd1ae526e55b0e9497efdba542491e0620d704cccf63c6f77c45?s=96&d=mm&r=g","caption":"adminuvb"},"sameAs":["https:\/\/uvbbrasil.com.br"],"url":"https:\/\/uvbbrasil.com.br\/author\/adminuvb\/"}]}},"_links":{"self":[{"href":"https:\/\/uvbbrasil.com.br\/uvb-json\/wp\/v2\/posts\/17794","targetHints":{"allow":["GET"]}}],"collection":[{"href":"https:\/\/uvbbrasil.com.br\/uvb-json\/wp\/v2\/posts"}],"about":[{"href":"https:\/\/uvbbrasil.com.br\/uvb-json\/wp\/v2\/types\/post"}],"author":[{"embeddable":true,"href":"https:\/\/uvbbrasil.com.br\/uvb-json\/wp\/v2\/users\/1"}],"replies":[{"embeddable":true,"href":"https:\/\/uvbbrasil.com.br\/uvb-json\/wp\/v2\/comments?post=17794"}],"version-history":[{"count":0,"href":"https:\/\/uvbbrasil.com.br\/uvb-json\/wp\/v2\/posts\/17794\/revisions"}],"wp:featuredmedia":[{"embeddable":true,"href":"https:\/\/uvbbrasil.com.br\/uvb-json\/wp\/v2\/media\/17796"}],"wp:attachment":[{"href":"https:\/\/uvbbrasil.com.br\/uvb-json\/wp\/v2\/media?parent=17794"}],"wp:term":[{"taxonomy":"category","embeddable":true,"href":"https:\/\/uvbbrasil.com.br\/uvb-json\/wp\/v2\/categories?post=17794"},{"taxonomy":"post_tag","embeddable":true,"href":"https:\/\/uvbbrasil.com.br\/uvb-json\/wp\/v2\/tags?post=17794"}],"curies":[{"name":"wp","href":"https:\/\/api.w.org\/{rel}","templated":true}]}}