{"id":17777,"date":"2020-02-17T16:22:13","date_gmt":"2020-02-17T19:22:13","guid":{"rendered":"https:\/\/wpsandbox4.pante.com.br\/?p=17777"},"modified":"2020-02-17T16:22:13","modified_gmt":"2020-02-17T19:22:13","slug":"governo-tem-urgencia-para-criar-emprego-para-os-jovens","status":"publish","type":"post","link":"https:\/\/uvbbrasil.com.br\/governo-tem-urgencia-para-criar-emprego-para-os-jovens\/","title":{"rendered":"Governo tem urg\u00eancia para criar emprego para os jovens"},"content":{"rendered":"<p>Governo tem urg\u00eancia para criar emprego para os jovens \u2013 Mudar a realidade de milh\u00f5es de jovens de 15 a 29 anos \u00e9 a principal motiva\u00e7\u00e3o do governo federal para a cria\u00e7\u00e3o do Programa Verde Amarelo, previsto na Medida Provis\u00f3ria 905\/2019. Nesta quinta-feira (13\/2), o secret\u00e1rio especial adjunto de Previd\u00eancia e Trabalho do Minist\u00e9rio da Economia, Bruno Bianco, destacou a necessidade de inserir essa parcela da popula\u00e7\u00e3o no mercado formal de trabalho.<\/p>\n<p style=\"font-style: inherit; font-weight: inherit;\">Bianco e o secret\u00e1rio de Trabalho, Bruno Dalcolmo, participaram de audi\u00eancia p\u00fablica na comiss\u00e3o mista do Congresso Nacional para discutir a MP 905. Este foi o quarto debate realizado neste m\u00eas pelos parlamentares. \u201cA urg\u00eancia deste governo \u00e9 trazer emprego digno para os jovens e comida para a mesa do povo brasileiro\u201d, explicou.<\/p>\n<p style=\"font-style: inherit; font-weight: inherit;\">Dados apresentados pela Associa\u00e7\u00e3o Brasileira de Est\u00e1gios (Abres) mostram que o pa\u00eds tem cerca de 47,3 milh\u00f5es de jovens entre 15 a 29 anos. Desse total, cerca de 11 milh\u00f5es nem estudam nem trabalham \u2013 a maioria s\u00e3o mulheres, negros e pardos. Para Bianco, essa \u00e9 uma realidade que precisa mudar.<\/p>\n<p>\u00a0\u201cA MP 905\/2019 vem desburocratizar, dar mais seguran\u00e7a jur\u00eddica e aumentar a empregabilidade e produtividade no pa\u00eds\u201d, acrescentou Bianco. Al\u00e9m do Contrato Verde e Amarelo, para os jovens, fazem parte da medida propostas para incentivar a inser\u00e7\u00e3o de pessoas com defici\u00eancia e reabilitados (trabalhadores que precisaram se afastar das atividades profissionais por motivo de acidente ou adoecimento) e o microcr\u00e9dito para pessoas de baixa renda.<\/p>\n<p style=\"font-style: inherit; font-weight: inherit;\">Reabilita\u00e7\u00e3o profissional<\/p>\n<p style=\"font-style: inherit; font-weight: inherit;\">Uma das novidades trazidas pela MP 905 \u00e9 a cria\u00e7\u00e3o de um programa de reabilita\u00e7\u00e3o que consiga inserir pessoas com defici\u00eancia no mercado de trabalho. \u201cO Brasil \u00e9 campe\u00e3o em n\u00e3o reabilitar pessoas. Criar um programa digno, correto, transparente, sem contingenciamento de recursos, com a participa\u00e7\u00e3o de \u00f3rg\u00e3os do governo, do Minist\u00e9rio P\u00fablico do Trabalho (MPT) e da sociedade civil, \u00e9 fundamental para reinserir as v\u00edtimas de acidentes de trabalho em atividades econ\u00f4micas\u201d, afirmou Bianco.<\/p>\n<p style=\"font-style: inherit; font-weight: inherit;\">Na mesma linha, o secret\u00e1rio de Trabalho, Bruno Dalcolmo, explicou que o objetivo da medida provis\u00f3ria \u00e9 corrigir as distor\u00e7\u00f5es que ocorrem nos Termos de Ajuste de Conduta (TACs). Ele ressaltou a import\u00e2ncia de que os termos de ajustamento de conduta tenham prazo determinado e referencial financeiro \u00fanico na aplica\u00e7\u00e3o das penalidades. \u201cSeguran\u00e7a jur\u00eddica \u00e9 bom para todo mundo, facilita para a fiscaliza\u00e7\u00e3o e para as empresas\u201d, disse.<\/p>\n<p style=\"font-style: inherit; font-weight: inherit;\">Por fim, o secret\u00e1rio do Trabalho destacou que o programa n\u00e3o se destina apenas \u00e0 reabilita\u00e7\u00e3o, mas tamb\u00e9m \u00e0 preven\u00e7\u00e3o e \u00e0 redu\u00e7\u00e3o de acidentes de trabalho. \u201cQuando n\u00e3o for poss\u00edvel a preven\u00e7\u00e3o, que essa pessoa seja recuperada o mais r\u00e1pido poss\u00edvel. Precisamos recuperar essas pessoas porque a dignidade est\u00e1 no trabalho\u201d, finalizou.<\/p>\n<p><a href=\"https:\/\/uvbbrasil.com.br\/?attachment_id=17778\" rel=\"attachment wp-att-17778\"><img fetchpriority=\"high\" decoding=\"async\" class=\"aligncenter size-full wp-image-17778\" src=\"https:\/\/uvbbrasil.com.br\/wp-content\/uploads\/2020\/02\/17-.jpg\" alt=\"\" width=\"780\" height=\"450\" srcset=\"https:\/\/uvbbrasil.com.br\/wp-content\/uploads\/2020\/02\/17-.jpg 780w, https:\/\/uvbbrasil.com.br\/wp-content\/uploads\/2020\/02\/17--300x173.jpg 300w, https:\/\/uvbbrasil.com.br\/wp-content\/uploads\/2020\/02\/17--768x443.jpg 768w\" sizes=\"(max-width: 780px) 100vw, 780px\" \/><\/a><\/p>\n<p>fonte:www.i9treinamentos.com<\/p>\n","protected":false},"excerpt":{"rendered":"<p>Governo tem urg\u00eancia para criar emprego para os jovens \u2013 Mudar a realidade de milh\u00f5es de jovens de 15 a&#8230;<\/p>\n","protected":false},"author":1,"featured_media":17778,"comment_status":"open","ping_status":"open","sticky":false,"template":"","format":"standard","meta":{"footnotes":""},"categories":[3],"tags":[],"class_list":["post-17777","post","type-post","status-publish","format-standard","has-post-thumbnail","hentry","category-noticias"],"yoast_head":"<!-- This site is optimized with the Yoast SEO plugin v26.7 - https:\/\/yoast.com\/wordpress\/plugins\/seo\/ -->\n<title>Governo tem urg\u00eancia para criar emprego para os jovens - UVB Brasil<\/title>\n<meta name=\"robots\" content=\"index, follow, max-snippet:-1, max-image-preview:large, max-video-preview:-1\" \/>\n<link rel=\"canonical\" href=\"https:\/\/uvbbrasil.com.br\/governo-tem-urgencia-para-criar-emprego-para-os-jovens\/\" \/>\n<meta property=\"og:locale\" content=\"pt_BR\" \/>\n<meta property=\"og:type\" content=\"article\" \/>\n<meta property=\"og:title\" content=\"Governo tem urg\u00eancia para criar emprego para os jovens - UVB Brasil\" \/>\n<meta property=\"og:description\" content=\"Governo tem urg\u00eancia para criar emprego para os jovens \u2013 Mudar a realidade de milh\u00f5es de jovens de 15 a...\" \/>\n<meta property=\"og:url\" content=\"https:\/\/uvbbrasil.com.br\/governo-tem-urgencia-para-criar-emprego-para-os-jovens\/\" \/>\n<meta property=\"og:site_name\" content=\"UVB Brasil\" \/>\n<meta property=\"article:publisher\" content=\"https:\/\/www.facebook.com\/uvb.vereadoresbrasil\" \/>\n<meta property=\"article:published_time\" content=\"2020-02-17T19:22:13+00:00\" \/>\n<meta property=\"og:image\" content=\"https:\/\/uvbbrasil.com.br\/wp-content\/uploads\/2020\/02\/17-.jpg\" \/>\n\t<meta property=\"og:image:width\" content=\"780\" \/>\n\t<meta property=\"og:image:height\" content=\"450\" \/>\n\t<meta property=\"og:image:type\" content=\"image\/jpeg\" \/>\n<meta name=\"author\" content=\"adminuvb\" \/>\n<meta name=\"twitter:card\" content=\"summary_large_image\" \/>\n<meta name=\"twitter:label1\" content=\"Escrito por\" \/>\n\t<meta name=\"twitter:data1\" content=\"adminuvb\" \/>\n\t<meta name=\"twitter:label2\" content=\"Est. tempo de leitura\" \/>\n\t<meta name=\"twitter:data2\" content=\"2 minutos\" \/>\n<script type=\"application\/ld+json\" class=\"yoast-schema-graph\">{\"@context\":\"https:\/\/schema.org\",\"@graph\":[{\"@type\":\"Article\",\"@id\":\"https:\/\/uvbbrasil.com.br\/governo-tem-urgencia-para-criar-emprego-para-os-jovens\/#article\",\"isPartOf\":{\"@id\":\"https:\/\/uvbbrasil.com.br\/governo-tem-urgencia-para-criar-emprego-para-os-jovens\/\"},\"author\":{\"name\":\"adminuvb\",\"@id\":\"https:\/\/uvbbrasil.com.br\/#\/schema\/person\/17990098446c098f52effddff4f1b272\"},\"headline\":\"Governo tem urg\u00eancia para criar emprego para os jovens\",\"datePublished\":\"2020-02-17T19:22:13+00:00\",\"mainEntityOfPage\":{\"@id\":\"https:\/\/uvbbrasil.com.br\/governo-tem-urgencia-para-criar-emprego-para-os-jovens\/\"},\"wordCount\":489,\"commentCount\":0,\"publisher\":{\"@id\":\"https:\/\/uvbbrasil.com.br\/#organization\"},\"image\":{\"@id\":\"https:\/\/uvbbrasil.com.br\/governo-tem-urgencia-para-criar-emprego-para-os-jovens\/#primaryimage\"},\"thumbnailUrl\":\"https:\/\/uvbbrasil.com.br\/wp-content\/uploads\/2020\/02\/17-.jpg\",\"articleSection\":[\"NOT\u00cdCIAS\"],\"inLanguage\":\"pt-BR\",\"potentialAction\":[{\"@type\":\"CommentAction\",\"name\":\"Comment\",\"target\":[\"https:\/\/uvbbrasil.com.br\/governo-tem-urgencia-para-criar-emprego-para-os-jovens\/#respond\"]}]},{\"@type\":\"WebPage\",\"@id\":\"https:\/\/uvbbrasil.com.br\/governo-tem-urgencia-para-criar-emprego-para-os-jovens\/\",\"url\":\"https:\/\/uvbbrasil.com.br\/governo-tem-urgencia-para-criar-emprego-para-os-jovens\/\",\"name\":\"Governo tem urg\u00eancia para criar emprego para os jovens - UVB Brasil\",\"isPartOf\":{\"@id\":\"https:\/\/uvbbrasil.com.br\/#website\"},\"primaryImageOfPage\":{\"@id\":\"https:\/\/uvbbrasil.com.br\/governo-tem-urgencia-para-criar-emprego-para-os-jovens\/#primaryimage\"},\"image\":{\"@id\":\"https:\/\/uvbbrasil.com.br\/governo-tem-urgencia-para-criar-emprego-para-os-jovens\/#primaryimage\"},\"thumbnailUrl\":\"https:\/\/uvbbrasil.com.br\/wp-content\/uploads\/2020\/02\/17-.jpg\",\"datePublished\":\"2020-02-17T19:22:13+00:00\",\"breadcrumb\":{\"@id\":\"https:\/\/uvbbrasil.com.br\/governo-tem-urgencia-para-criar-emprego-para-os-jovens\/#breadcrumb\"},\"inLanguage\":\"pt-BR\",\"potentialAction\":[{\"@type\":\"ReadAction\",\"target\":[\"https:\/\/uvbbrasil.com.br\/governo-tem-urgencia-para-criar-emprego-para-os-jovens\/\"]}]},{\"@type\":\"ImageObject\",\"inLanguage\":\"pt-BR\",\"@id\":\"https:\/\/uvbbrasil.com.br\/governo-tem-urgencia-para-criar-emprego-para-os-jovens\/#primaryimage\",\"url\":\"https:\/\/uvbbrasil.com.br\/wp-content\/uploads\/2020\/02\/17-.jpg\",\"contentUrl\":\"https:\/\/uvbbrasil.com.br\/wp-content\/uploads\/2020\/02\/17-.jpg\",\"width\":780,\"height\":450},{\"@type\":\"BreadcrumbList\",\"@id\":\"https:\/\/uvbbrasil.com.br\/governo-tem-urgencia-para-criar-emprego-para-os-jovens\/#breadcrumb\",\"itemListElement\":[{\"@type\":\"ListItem\",\"position\":1,\"name\":\"In\u00edcio\",\"item\":\"https:\/\/uvbbrasil.com.br\/\"},{\"@type\":\"ListItem\",\"position\":2,\"name\":\"Governo tem urg\u00eancia para criar emprego para os jovens\"}]},{\"@type\":\"WebSite\",\"@id\":\"https:\/\/uvbbrasil.com.br\/#website\",\"url\":\"https:\/\/uvbbrasil.com.br\/\",\"name\":\"UVB Brasil\",\"description\":\"Uni\u00e3o dos Vereadores do Brasil\",\"publisher\":{\"@id\":\"https:\/\/uvbbrasil.com.br\/#organization\"},\"potentialAction\":[{\"@type\":\"SearchAction\",\"target\":{\"@type\":\"EntryPoint\",\"urlTemplate\":\"https:\/\/uvbbrasil.com.br\/?s={search_term_string}\"},\"query-input\":{\"@type\":\"PropertyValueSpecification\",\"valueRequired\":true,\"valueName\":\"search_term_string\"}}],\"inLanguage\":\"pt-BR\"},{\"@type\":\"Organization\",\"@id\":\"https:\/\/uvbbrasil.com.br\/#organization\",\"name\":\"UVB Brasil\",\"url\":\"https:\/\/uvbbrasil.com.br\/\",\"logo\":{\"@type\":\"ImageObject\",\"inLanguage\":\"pt-BR\",\"@id\":\"https:\/\/uvbbrasil.com.br\/#\/schema\/logo\/image\/\",\"url\":\"https:\/\/uvbbrasil.com.br\/wp-content\/uploads\/2025\/01\/LOGO-UVB-2024-azul-1.jpg\",\"contentUrl\":\"https:\/\/uvbbrasil.com.br\/wp-content\/uploads\/2025\/01\/LOGO-UVB-2024-azul-1.jpg\",\"width\":600,\"height\":211,\"caption\":\"UVB Brasil\"},\"image\":{\"@id\":\"https:\/\/uvbbrasil.com.br\/#\/schema\/logo\/image\/\"},\"sameAs\":[\"https:\/\/www.facebook.com\/uvb.vereadoresbrasil\",\"https:\/\/www.instagram.com\/uvbbrasil\/\",\"https:\/\/www.youtube.com\/channel\/UCIlPQ8Xzw5GHNzosQIg9S5A\"]},{\"@type\":\"Person\",\"@id\":\"https:\/\/uvbbrasil.com.br\/#\/schema\/person\/17990098446c098f52effddff4f1b272\",\"name\":\"adminuvb\",\"image\":{\"@type\":\"ImageObject\",\"inLanguage\":\"pt-BR\",\"@id\":\"https:\/\/uvbbrasil.com.br\/#\/schema\/person\/image\/\",\"url\":\"https:\/\/secure.gravatar.com\/avatar\/1a494ea6f8e2dd1ae526e55b0e9497efdba542491e0620d704cccf63c6f77c45?s=96&d=mm&r=g\",\"contentUrl\":\"https:\/\/secure.gravatar.com\/avatar\/1a494ea6f8e2dd1ae526e55b0e9497efdba542491e0620d704cccf63c6f77c45?s=96&d=mm&r=g\",\"caption\":\"adminuvb\"},\"sameAs\":[\"https:\/\/uvbbrasil.com.br\"],\"url\":\"https:\/\/uvbbrasil.com.br\/author\/adminuvb\/\"}]}<\/script>\n<!-- \/ Yoast SEO plugin. -->","yoast_head_json":{"title":"Governo tem urg\u00eancia para criar emprego para os jovens - UVB Brasil","robots":{"index":"index","follow":"follow","max-snippet":"max-snippet:-1","max-image-preview":"max-image-preview:large","max-video-preview":"max-video-preview:-1"},"canonical":"https:\/\/uvbbrasil.com.br\/governo-tem-urgencia-para-criar-emprego-para-os-jovens\/","og_locale":"pt_BR","og_type":"article","og_title":"Governo tem urg\u00eancia para criar emprego para os jovens - UVB Brasil","og_description":"Governo tem urg\u00eancia para criar emprego para os jovens \u2013 Mudar a realidade de milh\u00f5es de jovens de 15 a...","og_url":"https:\/\/uvbbrasil.com.br\/governo-tem-urgencia-para-criar-emprego-para-os-jovens\/","og_site_name":"UVB Brasil","article_publisher":"https:\/\/www.facebook.com\/uvb.vereadoresbrasil","article_published_time":"2020-02-17T19:22:13+00:00","og_image":[{"width":780,"height":450,"url":"https:\/\/uvbbrasil.com.br\/wp-content\/uploads\/2020\/02\/17-.jpg","type":"image\/jpeg"}],"author":"adminuvb","twitter_card":"summary_large_image","twitter_misc":{"Escrito por":"adminuvb","Est. tempo de leitura":"2 minutos"},"schema":{"@context":"https:\/\/schema.org","@graph":[{"@type":"Article","@id":"https:\/\/uvbbrasil.com.br\/governo-tem-urgencia-para-criar-emprego-para-os-jovens\/#article","isPartOf":{"@id":"https:\/\/uvbbrasil.com.br\/governo-tem-urgencia-para-criar-emprego-para-os-jovens\/"},"author":{"name":"adminuvb","@id":"https:\/\/uvbbrasil.com.br\/#\/schema\/person\/17990098446c098f52effddff4f1b272"},"headline":"Governo tem urg\u00eancia para criar emprego para os jovens","datePublished":"2020-02-17T19:22:13+00:00","mainEntityOfPage":{"@id":"https:\/\/uvbbrasil.com.br\/governo-tem-urgencia-para-criar-emprego-para-os-jovens\/"},"wordCount":489,"commentCount":0,"publisher":{"@id":"https:\/\/uvbbrasil.com.br\/#organization"},"image":{"@id":"https:\/\/uvbbrasil.com.br\/governo-tem-urgencia-para-criar-emprego-para-os-jovens\/#primaryimage"},"thumbnailUrl":"https:\/\/uvbbrasil.com.br\/wp-content\/uploads\/2020\/02\/17-.jpg","articleSection":["NOT\u00cdCIAS"],"inLanguage":"pt-BR","potentialAction":[{"@type":"CommentAction","name":"Comment","target":["https:\/\/uvbbrasil.com.br\/governo-tem-urgencia-para-criar-emprego-para-os-jovens\/#respond"]}]},{"@type":"WebPage","@id":"https:\/\/uvbbrasil.com.br\/governo-tem-urgencia-para-criar-emprego-para-os-jovens\/","url":"https:\/\/uvbbrasil.com.br\/governo-tem-urgencia-para-criar-emprego-para-os-jovens\/","name":"Governo tem urg\u00eancia para criar emprego para os jovens - UVB Brasil","isPartOf":{"@id":"https:\/\/uvbbrasil.com.br\/#website"},"primaryImageOfPage":{"@id":"https:\/\/uvbbrasil.com.br\/governo-tem-urgencia-para-criar-emprego-para-os-jovens\/#primaryimage"},"image":{"@id":"https:\/\/uvbbrasil.com.br\/governo-tem-urgencia-para-criar-emprego-para-os-jovens\/#primaryimage"},"thumbnailUrl":"https:\/\/uvbbrasil.com.br\/wp-content\/uploads\/2020\/02\/17-.jpg","datePublished":"2020-02-17T19:22:13+00:00","breadcrumb":{"@id":"https:\/\/uvbbrasil.com.br\/governo-tem-urgencia-para-criar-emprego-para-os-jovens\/#breadcrumb"},"inLanguage":"pt-BR","potentialAction":[{"@type":"ReadAction","target":["https:\/\/uvbbrasil.com.br\/governo-tem-urgencia-para-criar-emprego-para-os-jovens\/"]}]},{"@type":"ImageObject","inLanguage":"pt-BR","@id":"https:\/\/uvbbrasil.com.br\/governo-tem-urgencia-para-criar-emprego-para-os-jovens\/#primaryimage","url":"https:\/\/uvbbrasil.com.br\/wp-content\/uploads\/2020\/02\/17-.jpg","contentUrl":"https:\/\/uvbbrasil.com.br\/wp-content\/uploads\/2020\/02\/17-.jpg","width":780,"height":450},{"@type":"BreadcrumbList","@id":"https:\/\/uvbbrasil.com.br\/governo-tem-urgencia-para-criar-emprego-para-os-jovens\/#breadcrumb","itemListElement":[{"@type":"ListItem","position":1,"name":"In\u00edcio","item":"https:\/\/uvbbrasil.com.br\/"},{"@type":"ListItem","position":2,"name":"Governo tem urg\u00eancia para criar emprego para os jovens"}]},{"@type":"WebSite","@id":"https:\/\/uvbbrasil.com.br\/#website","url":"https:\/\/uvbbrasil.com.br\/","name":"UVB Brasil","description":"Uni\u00e3o dos Vereadores do Brasil","publisher":{"@id":"https:\/\/uvbbrasil.com.br\/#organization"},"potentialAction":[{"@type":"SearchAction","target":{"@type":"EntryPoint","urlTemplate":"https:\/\/uvbbrasil.com.br\/?s={search_term_string}"},"query-input":{"@type":"PropertyValueSpecification","valueRequired":true,"valueName":"search_term_string"}}],"inLanguage":"pt-BR"},{"@type":"Organization","@id":"https:\/\/uvbbrasil.com.br\/#organization","name":"UVB Brasil","url":"https:\/\/uvbbrasil.com.br\/","logo":{"@type":"ImageObject","inLanguage":"pt-BR","@id":"https:\/\/uvbbrasil.com.br\/#\/schema\/logo\/image\/","url":"https:\/\/uvbbrasil.com.br\/wp-content\/uploads\/2025\/01\/LOGO-UVB-2024-azul-1.jpg","contentUrl":"https:\/\/uvbbrasil.com.br\/wp-content\/uploads\/2025\/01\/LOGO-UVB-2024-azul-1.jpg","width":600,"height":211,"caption":"UVB Brasil"},"image":{"@id":"https:\/\/uvbbrasil.com.br\/#\/schema\/logo\/image\/"},"sameAs":["https:\/\/www.facebook.com\/uvb.vereadoresbrasil","https:\/\/www.instagram.com\/uvbbrasil\/","https:\/\/www.youtube.com\/channel\/UCIlPQ8Xzw5GHNzosQIg9S5A"]},{"@type":"Person","@id":"https:\/\/uvbbrasil.com.br\/#\/schema\/person\/17990098446c098f52effddff4f1b272","name":"adminuvb","image":{"@type":"ImageObject","inLanguage":"pt-BR","@id":"https:\/\/uvbbrasil.com.br\/#\/schema\/person\/image\/","url":"https:\/\/secure.gravatar.com\/avatar\/1a494ea6f8e2dd1ae526e55b0e9497efdba542491e0620d704cccf63c6f77c45?s=96&d=mm&r=g","contentUrl":"https:\/\/secure.gravatar.com\/avatar\/1a494ea6f8e2dd1ae526e55b0e9497efdba542491e0620d704cccf63c6f77c45?s=96&d=mm&r=g","caption":"adminuvb"},"sameAs":["https:\/\/uvbbrasil.com.br"],"url":"https:\/\/uvbbrasil.com.br\/author\/adminuvb\/"}]}},"_links":{"self":[{"href":"https:\/\/uvbbrasil.com.br\/uvb-json\/wp\/v2\/posts\/17777","targetHints":{"allow":["GET"]}}],"collection":[{"href":"https:\/\/uvbbrasil.com.br\/uvb-json\/wp\/v2\/posts"}],"about":[{"href":"https:\/\/uvbbrasil.com.br\/uvb-json\/wp\/v2\/types\/post"}],"author":[{"embeddable":true,"href":"https:\/\/uvbbrasil.com.br\/uvb-json\/wp\/v2\/users\/1"}],"replies":[{"embeddable":true,"href":"https:\/\/uvbbrasil.com.br\/uvb-json\/wp\/v2\/comments?post=17777"}],"version-history":[{"count":0,"href":"https:\/\/uvbbrasil.com.br\/uvb-json\/wp\/v2\/posts\/17777\/revisions"}],"wp:featuredmedia":[{"embeddable":true,"href":"https:\/\/uvbbrasil.com.br\/uvb-json\/wp\/v2\/media\/17778"}],"wp:attachment":[{"href":"https:\/\/uvbbrasil.com.br\/uvb-json\/wp\/v2\/media?parent=17777"}],"wp:term":[{"taxonomy":"category","embeddable":true,"href":"https:\/\/uvbbrasil.com.br\/uvb-json\/wp\/v2\/categories?post=17777"},{"taxonomy":"post_tag","embeddable":true,"href":"https:\/\/uvbbrasil.com.br\/uvb-json\/wp\/v2\/tags?post=17777"}],"curies":[{"name":"wp","href":"https:\/\/api.w.org\/{rel}","templated":true}]}}