{"id":17774,"date":"2020-02-17T10:32:43","date_gmt":"2020-02-17T13:32:43","guid":{"rendered":"https:\/\/wpsandbox4.pante.com.br\/?p=17774"},"modified":"2020-02-17T10:32:43","modified_gmt":"2020-02-17T13:32:43","slug":"uvbpe-encontro-nacional-de-legislativos-municipais-2020","status":"publish","type":"post","link":"https:\/\/uvbbrasil.com.br\/uvbpe-encontro-nacional-de-legislativos-municipais-2020\/","title":{"rendered":"UVB\/PE-Encontro Nacional de Legislativos Municipais 2020"},"content":{"rendered":"<p>A Uni\u00e3o dos Vereadores do Brasil Seccional Pernambuco (UVB\/PE) em parceria com a Uni\u00e3o dos Vereadores do Brasil (UVB) realizam no Hotel Manib\u00fa, Recife-PE, nos dias 11, 12 e 13 de mar\u00e7o 2020.<\/p>\n<p>Venha e garanta a sua vaga!<\/p>\n<p>Estamos juntos em defesa do Legislativo Municipal Brasileiro!<\/p>\n<p>Confira a programa\u00e7\u00e3o\u00a0 a baixo:<\/p>\n<p><strong>ENCONTRO NACIONAL DE LEGISLATIVOS MUNICIPAIS.<\/strong><\/p>\n<p>&nbsp;<\/p>\n<p>11 a 13 de MAR\u00c7O 2020 RECIFE\/PE<\/p>\n<p>REALIZA\u00c7\u00c3O: UVB\/PE<\/p>\n<p>PARCERIA: UVB<\/p>\n<p>&nbsp;<\/p>\n<p>HOTEL MANIB\u00da<\/p>\n<p>AUDIT\u00d3RIO P\u00c9ROLA<\/p>\n<ol>\n<li>CONSELHEIRO AGUIAR 919 BOA VIAGEM<\/li>\n<\/ol>\n<p>&nbsp;<\/p>\n<p>PROGRAMA\u00c7\u00c3O:<\/p>\n<p>&nbsp;<\/p>\n<p><strong>11\/03 \u2013 QUARTA-FEIRA<\/strong><\/p>\n<p><strong>\u00a0<\/strong><\/p>\n<p>08h \u2013 RECEP\u00c7\u00c3O E CREDENCIAMENTO<\/p>\n<p>&nbsp;<\/p>\n<p>9h \u2013 ABERTURA OFICIAL<\/p>\n<p>&nbsp;<\/p>\n<p>10h \u2013 PAR\u00c2METROS\u00a0 CONSTITUCIONAIS PARA FIXA\u00c7\u00c3O DOS SUBS\u00cdDIOS DOS AGENTES POL\u00cdTICOS MUNICIPAIS.<\/p>\n<p>PALESTRANTE: DR. DANILO FALC\u00c3O: -ADVOGADO<\/p>\n<p>&#8211; P\u00d3S-GRADUADO EM DIREITO P\u00daBLICO<\/p>\n<p>&#8211; COAUTOR Do LIVRO C\u00c2MARA DE VEREADORES<\/p>\n<p>&#8211; ASSESSOR E CONSULTOR T\u00c9CNICO LEGISLATIVO DE C\u00c2MARAS MUNICIPAIS H\u00c1 MAIS DE 11 ANOS<\/p>\n<p>&nbsp;<\/p>\n<p>12h \u2013 INTERVALO PARA O ALMO\u00c7O.<\/p>\n<p>&nbsp;<\/p>\n<p>14h &#8211; O PACTO FEDERATIVO E A EXTIN\u00c7\u00c3O DE MUNIC\u00cdPIOS E DE C\u00c2MARAS MUNICIPAIS<\/p>\n<p>PALESTRANTE:<\/p>\n<p>JOS\u00c9 PATRIOTA: -PRESIDENTE DA AMUPE. PREFEITO DA CIDADE DE AFOGADOS DA INGAZEIRA\/PE.<\/p>\n<p>&nbsp;<\/p>\n<p>16h &#8211; CAMPANHAS ELEITORAIS X REDES SOCIAIS: QUAIS OS LIMITES?<\/p>\n<p>PALESTRANTE:<\/p>\n<p>DANIEL FINIZOLA -PROFESSOR DE HIST\u00d3RIA\/COMUNICADOR SOCIAL E VEREADOR DA CIDADE DE CARUARU\/PT<\/p>\n<p>&nbsp;<\/p>\n<p>18- ENCERRAMENTO DAS ATIVIDADES.<\/p>\n<p>&nbsp;<\/p>\n<p><strong>12\/03 &#8211; QUINTA-FEIRA<\/strong><\/p>\n<p>&nbsp;<\/p>\n<p>9h \u2013 O FUNDEB COMO POL\u00cdTICA DE ESTADO(O NOVO FUNDEB)<\/p>\n<p>PALESTRANTE:<\/p>\n<p>DANILO CABRAL &#8211; DEPUTADO FEDERAL\/PSB -PE. COMISS\u00c3O DE EDUCA\u00c7\u00c3O DA C\u00c2MARA DOS DEPUTADOS. EX-SECRET\u00c1RIO DE ESTADO DA EDUCA\u00c7\u00c3O\/PE.<\/p>\n<p>MODERADOR:<\/p>\n<p>HELENO ARA\u00daJO<\/p>\n<p>-PRESIDENTE DO CNTE\/PE<\/p>\n<p>&nbsp;<\/p>\n<p>10:30h- PORTAL DA TRANSPAR\u00caNCIA NAS C\u00c2MARAS MUNICIPAIS<\/p>\n<p>PALESTRANTE:<\/p>\n<p>DR ALFREDO GASPAR.<\/p>\n<p>-PROCURADOR GERAL DE JUSTI\u00c7A DO ESTADO DE ALAGOAS.<\/p>\n<p>MODERADOR:<\/p>\n<p>REPRESENTANTE DO MP\/PE.<\/p>\n<p>&nbsp;<\/p>\n<p>12h \u2013 INTERVALO PARA O ALMO\u00c7O.<\/p>\n<p>&nbsp;<\/p>\n<p>14h &#8211; F\u00d3RUM DAS VEREADORAS:<\/p>\n<p>A PARTICIPA\u00c7\u00c3O DAS MULHERES COMO FERRAMENTA IMPORTANTE PARA A DEMOCRACIA BRASILEIRA<\/p>\n<p>PAPALESTRANTE: SIMONE SANTANA\u00a0 -DEPUTADA ESTADUAL PSDB\/PE<\/p>\n<p>&nbsp;<\/p>\n<p>15h &#8211;\u00a0 A REFORMA ELEITORAL E SEUS IMPACTOS PARA ELEI\u00c7\u00c3O 2020\/ CALEND\u00c1RIO ELEITORAL<\/p>\n<p>PALESTRANTES:<\/p>\n<p>&#8211; DR\u00a0 MARCELO CUMAR\u00da<\/p>\n<p>ADVOGADO ELEITORALISTA\/MEMBRO DO TRE<\/p>\n<p>&#8211; DR WILLIAM PESSOA<\/p>\n<p>ADVOGADO\/ESPECIALISTA EM ADMINISTRA\u00c7\u00c3O P\u00daBLICA E DIREITO LEGISLATIVO.<\/p>\n<p>&#8211; MODERADOR:<\/p>\n<p>DR AN\u00cdZIO AMORIM<\/p>\n<p>ADVOGADO\/ESPECIALISTA EM DIREITO ELEITORAL\/VEREADOR DE MURICI\/AL<\/p>\n<p>&nbsp;<\/p>\n<p>16:30h &#8211; REFORMA TRIBUT\u00c1RIA E O NOVO PACTO FEDERATIVO.<\/p>\n<p>PALESTRANTE:<\/p>\n<p>&#8211; SILVIO COSTA FILHO<\/p>\n<p>DEPUTADO FEDERAL\/PTB\/PE. VICE-PRESIDENTE DA COMISS\u00c3O ESPECIAL DA REFORMA TRIBUT\u00c1RIA.<\/p>\n<p>&nbsp;<\/p>\n<p>18h &#8211; ENCERRAMENTO DAS ATIVIDADES<\/p>\n<p>&nbsp;<\/p>\n<p><strong>13\/03\u2013 SEXTA-FEIRA<\/strong><\/p>\n<p>&nbsp;<\/p>\n<p>9h \u2013 O PAPEL DO VEREADOR E DAS C\u00c2MARAS MUNICIPAIS NO FORTALECIMENTO DA DEMOCRACIA BRASILEIRA<\/p>\n<p>PALESTRANTE:<\/p>\n<p>Dr. HERVAL PEREIRA<\/p>\n<p>-JUIZ DE DIREITO<\/p>\n<p>-MESTRE EM DIREITO CONSTITUCIONAL<\/p>\n<p>-PROF. DA FAC. DE DIREITO DO ESTADO DO RN.<\/p>\n<p>-PRES. ASSOCIA\u00c7\u00c3O DOS MAGISTRADOS DO ESTADO DO RN<\/p>\n<p>-VICE-PRES. ASSOCIA\u00c7\u00c3O DOS MAGISTRADOS DO BRASIL.<\/p>\n<p>&nbsp;<\/p>\n<p>10:30 &#8211; O TURISMO COMO FERRAMENTO DE DESENVOLVIMENTO MUNICIPAL<\/p>\n<p>PALESTRANTE:<\/p>\n<p>RODRIGO NOVAES &#8211; SECRET\u00c1RIO ESTADUAL DE TURISMO\/PE\/DEPUTADO LICENCIADO\/PSB\/PE.<\/p>\n<p>&nbsp;<\/p>\n<p>12h \u2013 INTERVALO ALMO\u00c7O.<\/p>\n<p>&nbsp;<\/p>\n<p>14h &#8211; A IMPORT\u00c2NCIA DO CONS\u00d3RCIO COMO FERRAMENTA PARA A GEST\u00c3O MUNICIPAL.<\/p>\n<p>PALESTRANTE:<\/p>\n<p>&#8211; LA\u00c9RCIO VIANA DE QUEIROZ<\/p>\n<p>ECONOMISTA, ESPECIALISTA EM CONS\u00d3RCIOS P\u00daBLICOS. ASSESSOR PARLAMENTAR DA AMUPE. EX-PREFEITO BONITO\/PE.<\/p>\n<p>&nbsp;<\/p>\n<p>16h &#8211; AS EMENDAS IMPOSITIVAS EM \u00c2MBITO MUNICIPAL(UMA FERRAMENTA DA DEMOCRACIA)<\/p>\n<p>PALESTRANTE:<\/p>\n<p>DR EDMILSON HENAUTH<\/p>\n<p>PRESIDENTE DA UVB\/PE<\/p>\n<p>&nbsp;<\/p>\n<p>17H &#8211; ENTREGA DOS CERTIFICADOS.<\/p>\n<p>&nbsp;<\/p>\n<p>*PROGRAMA\u00c7\u00c3O SUJEITA A ALTERA\u00c7\u00d5ES SEM AVISO PR\u00c9VIO.<\/p>\n<p>&nbsp;<\/p>\n<p>P\u00fablico Alvo: Vereadores(as), administradores, assessores, contadores, diretores, procuradores, t\u00e9cnicos e servidores de c\u00e2maras. Prefeitos(as), Vice-Prefeitos, assessores, contadores, procuradores, t\u00e9cnicos e servidores de prefeituras municipais<\/p>\n<p>&nbsp;<\/p>\n<p>Investimento:<\/p>\n<p>&nbsp;<\/p>\n<p>R$ 350,00 \u2013 Por participante<\/p>\n<p>300,00 &#8211;\u00a0 Filiados a UVB ou a UVB\/PE.<\/p>\n<p>&nbsp;<\/p>\n<p>Na hip\u00f3tese do n\u00e3o comparecimento ou cancelamento do inscrito\u00a0 para a efetiva\u00e7\u00e3o do credenciamento, os valores pagos n\u00e3o ser\u00e3o devolvidos ao inscrito ou c\u00e2mara.<\/p>\n<p>&nbsp;<\/p>\n<p>INSCRI\u00c7\u00d5ES:<\/p>\n<p>UVB\/PE<\/p>\n<p>81-99773-5945(celular\/zap e 81-98221-4240(celular\/zap)<\/p>\n<p>ou por e-mail: UVB.PERNAMBUCO@GMAIL.COM<a href=\"https:\/\/uvbbrasil.com.br\/?attachment_id=17775\" rel=\"attachment wp-att-17775\"><img fetchpriority=\"high\" decoding=\"async\" class=\"aligncenter size-full wp-image-17775\" src=\"https:\/\/uvbbrasil.com.br\/wp-content\/uploads\/2020\/02\/WhatsApp-Image-2020-02-17-at-08.34.54.jpeg\" alt=\"\" width=\"1186\" height=\"1280\" srcset=\"https:\/\/uvbbrasil.com.br\/wp-content\/uploads\/2020\/02\/WhatsApp-Image-2020-02-17-at-08.34.54.jpeg 1186w, https:\/\/uvbbrasil.com.br\/wp-content\/uploads\/2020\/02\/WhatsApp-Image-2020-02-17-at-08.34.54-278x300.jpeg 278w, https:\/\/uvbbrasil.com.br\/wp-content\/uploads\/2020\/02\/WhatsApp-Image-2020-02-17-at-08.34.54-949x1024.jpeg 949w, https:\/\/uvbbrasil.com.br\/wp-content\/uploads\/2020\/02\/WhatsApp-Image-2020-02-17-at-08.34.54-768x829.jpeg 768w\" sizes=\"(max-width: 1186px) 100vw, 1186px\" \/><\/a><\/p>\n","protected":false},"excerpt":{"rendered":"<p>A Uni\u00e3o dos Vereadores do Brasil Seccional Pernambuco (UVB\/PE) em parceria com a Uni\u00e3o dos Vereadores do Brasil (UVB) realizam&#8230;<\/p>\n","protected":false},"author":1,"featured_media":17775,"comment_status":"open","ping_status":"open","sticky":false,"template":"","format":"standard","meta":{"footnotes":""},"categories":[3,4],"tags":[],"class_list":["post-17774","post","type-post","status-publish","format-standard","has-post-thumbnail","hentry","category-noticias","category-home"],"yoast_head":"<!-- This site is optimized with the Yoast SEO plugin v26.7 - https:\/\/yoast.com\/wordpress\/plugins\/seo\/ -->\n<title>UVB\/PE-Encontro Nacional de Legislativos Municipais 2020 - UVB Brasil<\/title>\n<meta name=\"robots\" content=\"index, follow, max-snippet:-1, max-image-preview:large, max-video-preview:-1\" \/>\n<link rel=\"canonical\" href=\"https:\/\/uvbbrasil.com.br\/uvbpe-encontro-nacional-de-legislativos-municipais-2020\/\" \/>\n<meta property=\"og:locale\" content=\"pt_BR\" \/>\n<meta property=\"og:type\" content=\"article\" \/>\n<meta property=\"og:title\" content=\"UVB\/PE-Encontro Nacional de Legislativos Municipais 2020 - UVB Brasil\" \/>\n<meta property=\"og:description\" content=\"A Uni\u00e3o dos Vereadores do Brasil Seccional Pernambuco (UVB\/PE) em parceria com a Uni\u00e3o dos Vereadores do Brasil (UVB) realizam...\" \/>\n<meta property=\"og:url\" content=\"https:\/\/uvbbrasil.com.br\/uvbpe-encontro-nacional-de-legislativos-municipais-2020\/\" \/>\n<meta property=\"og:site_name\" content=\"UVB Brasil\" \/>\n<meta property=\"article:publisher\" content=\"https:\/\/www.facebook.com\/uvb.vereadoresbrasil\" \/>\n<meta property=\"article:published_time\" content=\"2020-02-17T13:32:43+00:00\" \/>\n<meta property=\"og:image\" content=\"https:\/\/uvbbrasil.com.br\/wp-content\/uploads\/2020\/02\/WhatsApp-Image-2020-02-17-at-08.34.54.jpeg\" \/>\n\t<meta property=\"og:image:width\" content=\"1186\" \/>\n\t<meta property=\"og:image:height\" content=\"1280\" \/>\n\t<meta property=\"og:image:type\" content=\"image\/jpeg\" \/>\n<meta name=\"author\" content=\"adminuvb\" \/>\n<meta name=\"twitter:card\" content=\"summary_large_image\" \/>\n<meta name=\"twitter:label1\" content=\"Escrito por\" \/>\n\t<meta name=\"twitter:data1\" content=\"adminuvb\" \/>\n\t<meta name=\"twitter:label2\" content=\"Est. tempo de leitura\" \/>\n\t<meta name=\"twitter:data2\" content=\"3 minutos\" \/>\n<script type=\"application\/ld+json\" class=\"yoast-schema-graph\">{\"@context\":\"https:\/\/schema.org\",\"@graph\":[{\"@type\":\"Article\",\"@id\":\"https:\/\/uvbbrasil.com.br\/uvbpe-encontro-nacional-de-legislativos-municipais-2020\/#article\",\"isPartOf\":{\"@id\":\"https:\/\/uvbbrasil.com.br\/uvbpe-encontro-nacional-de-legislativos-municipais-2020\/\"},\"author\":{\"name\":\"adminuvb\",\"@id\":\"https:\/\/uvbbrasil.com.br\/#\/schema\/person\/17990098446c098f52effddff4f1b272\"},\"headline\":\"UVB\/PE-Encontro Nacional de Legislativos Municipais 2020\",\"datePublished\":\"2020-02-17T13:32:43+00:00\",\"mainEntityOfPage\":{\"@id\":\"https:\/\/uvbbrasil.com.br\/uvbpe-encontro-nacional-de-legislativos-municipais-2020\/\"},\"wordCount\":678,\"commentCount\":0,\"publisher\":{\"@id\":\"https:\/\/uvbbrasil.com.br\/#organization\"},\"image\":{\"@id\":\"https:\/\/uvbbrasil.com.br\/uvbpe-encontro-nacional-de-legislativos-municipais-2020\/#primaryimage\"},\"thumbnailUrl\":\"https:\/\/uvbbrasil.com.br\/wp-content\/uploads\/2020\/02\/WhatsApp-Image-2020-02-17-at-08.34.54.jpeg\",\"articleSection\":[\"NOT\u00cdCIAS\",\"UVB\"],\"inLanguage\":\"pt-BR\",\"potentialAction\":[{\"@type\":\"CommentAction\",\"name\":\"Comment\",\"target\":[\"https:\/\/uvbbrasil.com.br\/uvbpe-encontro-nacional-de-legislativos-municipais-2020\/#respond\"]}]},{\"@type\":\"WebPage\",\"@id\":\"https:\/\/uvbbrasil.com.br\/uvbpe-encontro-nacional-de-legislativos-municipais-2020\/\",\"url\":\"https:\/\/uvbbrasil.com.br\/uvbpe-encontro-nacional-de-legislativos-municipais-2020\/\",\"name\":\"UVB\/PE-Encontro Nacional de Legislativos Municipais 2020 - UVB Brasil\",\"isPartOf\":{\"@id\":\"https:\/\/uvbbrasil.com.br\/#website\"},\"primaryImageOfPage\":{\"@id\":\"https:\/\/uvbbrasil.com.br\/uvbpe-encontro-nacional-de-legislativos-municipais-2020\/#primaryimage\"},\"image\":{\"@id\":\"https:\/\/uvbbrasil.com.br\/uvbpe-encontro-nacional-de-legislativos-municipais-2020\/#primaryimage\"},\"thumbnailUrl\":\"https:\/\/uvbbrasil.com.br\/wp-content\/uploads\/2020\/02\/WhatsApp-Image-2020-02-17-at-08.34.54.jpeg\",\"datePublished\":\"2020-02-17T13:32:43+00:00\",\"breadcrumb\":{\"@id\":\"https:\/\/uvbbrasil.com.br\/uvbpe-encontro-nacional-de-legislativos-municipais-2020\/#breadcrumb\"},\"inLanguage\":\"pt-BR\",\"potentialAction\":[{\"@type\":\"ReadAction\",\"target\":[\"https:\/\/uvbbrasil.com.br\/uvbpe-encontro-nacional-de-legislativos-municipais-2020\/\"]}]},{\"@type\":\"ImageObject\",\"inLanguage\":\"pt-BR\",\"@id\":\"https:\/\/uvbbrasil.com.br\/uvbpe-encontro-nacional-de-legislativos-municipais-2020\/#primaryimage\",\"url\":\"https:\/\/uvbbrasil.com.br\/wp-content\/uploads\/2020\/02\/WhatsApp-Image-2020-02-17-at-08.34.54.jpeg\",\"contentUrl\":\"https:\/\/uvbbrasil.com.br\/wp-content\/uploads\/2020\/02\/WhatsApp-Image-2020-02-17-at-08.34.54.jpeg\",\"width\":1186,\"height\":1280},{\"@type\":\"BreadcrumbList\",\"@id\":\"https:\/\/uvbbrasil.com.br\/uvbpe-encontro-nacional-de-legislativos-municipais-2020\/#breadcrumb\",\"itemListElement\":[{\"@type\":\"ListItem\",\"position\":1,\"name\":\"In\u00edcio\",\"item\":\"https:\/\/uvbbrasil.com.br\/\"},{\"@type\":\"ListItem\",\"position\":2,\"name\":\"UVB\/PE-Encontro Nacional de Legislativos Municipais 2020\"}]},{\"@type\":\"WebSite\",\"@id\":\"https:\/\/uvbbrasil.com.br\/#website\",\"url\":\"https:\/\/uvbbrasil.com.br\/\",\"name\":\"UVB Brasil\",\"description\":\"Uni\u00e3o dos Vereadores do Brasil\",\"publisher\":{\"@id\":\"https:\/\/uvbbrasil.com.br\/#organization\"},\"potentialAction\":[{\"@type\":\"SearchAction\",\"target\":{\"@type\":\"EntryPoint\",\"urlTemplate\":\"https:\/\/uvbbrasil.com.br\/?s={search_term_string}\"},\"query-input\":{\"@type\":\"PropertyValueSpecification\",\"valueRequired\":true,\"valueName\":\"search_term_string\"}}],\"inLanguage\":\"pt-BR\"},{\"@type\":\"Organization\",\"@id\":\"https:\/\/uvbbrasil.com.br\/#organization\",\"name\":\"UVB Brasil\",\"url\":\"https:\/\/uvbbrasil.com.br\/\",\"logo\":{\"@type\":\"ImageObject\",\"inLanguage\":\"pt-BR\",\"@id\":\"https:\/\/uvbbrasil.com.br\/#\/schema\/logo\/image\/\",\"url\":\"https:\/\/uvbbrasil.com.br\/wp-content\/uploads\/2025\/01\/LOGO-UVB-2024-azul-1.jpg\",\"contentUrl\":\"https:\/\/uvbbrasil.com.br\/wp-content\/uploads\/2025\/01\/LOGO-UVB-2024-azul-1.jpg\",\"width\":600,\"height\":211,\"caption\":\"UVB Brasil\"},\"image\":{\"@id\":\"https:\/\/uvbbrasil.com.br\/#\/schema\/logo\/image\/\"},\"sameAs\":[\"https:\/\/www.facebook.com\/uvb.vereadoresbrasil\",\"https:\/\/www.instagram.com\/uvbbrasil\/\",\"https:\/\/www.youtube.com\/channel\/UCIlPQ8Xzw5GHNzosQIg9S5A\"]},{\"@type\":\"Person\",\"@id\":\"https:\/\/uvbbrasil.com.br\/#\/schema\/person\/17990098446c098f52effddff4f1b272\",\"name\":\"adminuvb\",\"image\":{\"@type\":\"ImageObject\",\"inLanguage\":\"pt-BR\",\"@id\":\"https:\/\/uvbbrasil.com.br\/#\/schema\/person\/image\/\",\"url\":\"https:\/\/secure.gravatar.com\/avatar\/1a494ea6f8e2dd1ae526e55b0e9497efdba542491e0620d704cccf63c6f77c45?s=96&d=mm&r=g\",\"contentUrl\":\"https:\/\/secure.gravatar.com\/avatar\/1a494ea6f8e2dd1ae526e55b0e9497efdba542491e0620d704cccf63c6f77c45?s=96&d=mm&r=g\",\"caption\":\"adminuvb\"},\"sameAs\":[\"https:\/\/uvbbrasil.com.br\"],\"url\":\"https:\/\/uvbbrasil.com.br\/author\/adminuvb\/\"}]}<\/script>\n<!-- \/ Yoast SEO plugin. -->","yoast_head_json":{"title":"UVB\/PE-Encontro Nacional de Legislativos Municipais 2020 - UVB Brasil","robots":{"index":"index","follow":"follow","max-snippet":"max-snippet:-1","max-image-preview":"max-image-preview:large","max-video-preview":"max-video-preview:-1"},"canonical":"https:\/\/uvbbrasil.com.br\/uvbpe-encontro-nacional-de-legislativos-municipais-2020\/","og_locale":"pt_BR","og_type":"article","og_title":"UVB\/PE-Encontro Nacional de Legislativos Municipais 2020 - UVB Brasil","og_description":"A Uni\u00e3o dos Vereadores do Brasil Seccional Pernambuco (UVB\/PE) em parceria com a Uni\u00e3o dos Vereadores do Brasil (UVB) realizam...","og_url":"https:\/\/uvbbrasil.com.br\/uvbpe-encontro-nacional-de-legislativos-municipais-2020\/","og_site_name":"UVB Brasil","article_publisher":"https:\/\/www.facebook.com\/uvb.vereadoresbrasil","article_published_time":"2020-02-17T13:32:43+00:00","og_image":[{"width":1186,"height":1280,"url":"https:\/\/uvbbrasil.com.br\/wp-content\/uploads\/2020\/02\/WhatsApp-Image-2020-02-17-at-08.34.54.jpeg","type":"image\/jpeg"}],"author":"adminuvb","twitter_card":"summary_large_image","twitter_misc":{"Escrito por":"adminuvb","Est. tempo de leitura":"3 minutos"},"schema":{"@context":"https:\/\/schema.org","@graph":[{"@type":"Article","@id":"https:\/\/uvbbrasil.com.br\/uvbpe-encontro-nacional-de-legislativos-municipais-2020\/#article","isPartOf":{"@id":"https:\/\/uvbbrasil.com.br\/uvbpe-encontro-nacional-de-legislativos-municipais-2020\/"},"author":{"name":"adminuvb","@id":"https:\/\/uvbbrasil.com.br\/#\/schema\/person\/17990098446c098f52effddff4f1b272"},"headline":"UVB\/PE-Encontro Nacional de Legislativos Municipais 2020","datePublished":"2020-02-17T13:32:43+00:00","mainEntityOfPage":{"@id":"https:\/\/uvbbrasil.com.br\/uvbpe-encontro-nacional-de-legislativos-municipais-2020\/"},"wordCount":678,"commentCount":0,"publisher":{"@id":"https:\/\/uvbbrasil.com.br\/#organization"},"image":{"@id":"https:\/\/uvbbrasil.com.br\/uvbpe-encontro-nacional-de-legislativos-municipais-2020\/#primaryimage"},"thumbnailUrl":"https:\/\/uvbbrasil.com.br\/wp-content\/uploads\/2020\/02\/WhatsApp-Image-2020-02-17-at-08.34.54.jpeg","articleSection":["NOT\u00cdCIAS","UVB"],"inLanguage":"pt-BR","potentialAction":[{"@type":"CommentAction","name":"Comment","target":["https:\/\/uvbbrasil.com.br\/uvbpe-encontro-nacional-de-legislativos-municipais-2020\/#respond"]}]},{"@type":"WebPage","@id":"https:\/\/uvbbrasil.com.br\/uvbpe-encontro-nacional-de-legislativos-municipais-2020\/","url":"https:\/\/uvbbrasil.com.br\/uvbpe-encontro-nacional-de-legislativos-municipais-2020\/","name":"UVB\/PE-Encontro Nacional de Legislativos Municipais 2020 - UVB Brasil","isPartOf":{"@id":"https:\/\/uvbbrasil.com.br\/#website"},"primaryImageOfPage":{"@id":"https:\/\/uvbbrasil.com.br\/uvbpe-encontro-nacional-de-legislativos-municipais-2020\/#primaryimage"},"image":{"@id":"https:\/\/uvbbrasil.com.br\/uvbpe-encontro-nacional-de-legislativos-municipais-2020\/#primaryimage"},"thumbnailUrl":"https:\/\/uvbbrasil.com.br\/wp-content\/uploads\/2020\/02\/WhatsApp-Image-2020-02-17-at-08.34.54.jpeg","datePublished":"2020-02-17T13:32:43+00:00","breadcrumb":{"@id":"https:\/\/uvbbrasil.com.br\/uvbpe-encontro-nacional-de-legislativos-municipais-2020\/#breadcrumb"},"inLanguage":"pt-BR","potentialAction":[{"@type":"ReadAction","target":["https:\/\/uvbbrasil.com.br\/uvbpe-encontro-nacional-de-legislativos-municipais-2020\/"]}]},{"@type":"ImageObject","inLanguage":"pt-BR","@id":"https:\/\/uvbbrasil.com.br\/uvbpe-encontro-nacional-de-legislativos-municipais-2020\/#primaryimage","url":"https:\/\/uvbbrasil.com.br\/wp-content\/uploads\/2020\/02\/WhatsApp-Image-2020-02-17-at-08.34.54.jpeg","contentUrl":"https:\/\/uvbbrasil.com.br\/wp-content\/uploads\/2020\/02\/WhatsApp-Image-2020-02-17-at-08.34.54.jpeg","width":1186,"height":1280},{"@type":"BreadcrumbList","@id":"https:\/\/uvbbrasil.com.br\/uvbpe-encontro-nacional-de-legislativos-municipais-2020\/#breadcrumb","itemListElement":[{"@type":"ListItem","position":1,"name":"In\u00edcio","item":"https:\/\/uvbbrasil.com.br\/"},{"@type":"ListItem","position":2,"name":"UVB\/PE-Encontro Nacional de Legislativos Municipais 2020"}]},{"@type":"WebSite","@id":"https:\/\/uvbbrasil.com.br\/#website","url":"https:\/\/uvbbrasil.com.br\/","name":"UVB Brasil","description":"Uni\u00e3o dos Vereadores do Brasil","publisher":{"@id":"https:\/\/uvbbrasil.com.br\/#organization"},"potentialAction":[{"@type":"SearchAction","target":{"@type":"EntryPoint","urlTemplate":"https:\/\/uvbbrasil.com.br\/?s={search_term_string}"},"query-input":{"@type":"PropertyValueSpecification","valueRequired":true,"valueName":"search_term_string"}}],"inLanguage":"pt-BR"},{"@type":"Organization","@id":"https:\/\/uvbbrasil.com.br\/#organization","name":"UVB Brasil","url":"https:\/\/uvbbrasil.com.br\/","logo":{"@type":"ImageObject","inLanguage":"pt-BR","@id":"https:\/\/uvbbrasil.com.br\/#\/schema\/logo\/image\/","url":"https:\/\/uvbbrasil.com.br\/wp-content\/uploads\/2025\/01\/LOGO-UVB-2024-azul-1.jpg","contentUrl":"https:\/\/uvbbrasil.com.br\/wp-content\/uploads\/2025\/01\/LOGO-UVB-2024-azul-1.jpg","width":600,"height":211,"caption":"UVB Brasil"},"image":{"@id":"https:\/\/uvbbrasil.com.br\/#\/schema\/logo\/image\/"},"sameAs":["https:\/\/www.facebook.com\/uvb.vereadoresbrasil","https:\/\/www.instagram.com\/uvbbrasil\/","https:\/\/www.youtube.com\/channel\/UCIlPQ8Xzw5GHNzosQIg9S5A"]},{"@type":"Person","@id":"https:\/\/uvbbrasil.com.br\/#\/schema\/person\/17990098446c098f52effddff4f1b272","name":"adminuvb","image":{"@type":"ImageObject","inLanguage":"pt-BR","@id":"https:\/\/uvbbrasil.com.br\/#\/schema\/person\/image\/","url":"https:\/\/secure.gravatar.com\/avatar\/1a494ea6f8e2dd1ae526e55b0e9497efdba542491e0620d704cccf63c6f77c45?s=96&d=mm&r=g","contentUrl":"https:\/\/secure.gravatar.com\/avatar\/1a494ea6f8e2dd1ae526e55b0e9497efdba542491e0620d704cccf63c6f77c45?s=96&d=mm&r=g","caption":"adminuvb"},"sameAs":["https:\/\/uvbbrasil.com.br"],"url":"https:\/\/uvbbrasil.com.br\/author\/adminuvb\/"}]}},"_links":{"self":[{"href":"https:\/\/uvbbrasil.com.br\/uvb-json\/wp\/v2\/posts\/17774","targetHints":{"allow":["GET"]}}],"collection":[{"href":"https:\/\/uvbbrasil.com.br\/uvb-json\/wp\/v2\/posts"}],"about":[{"href":"https:\/\/uvbbrasil.com.br\/uvb-json\/wp\/v2\/types\/post"}],"author":[{"embeddable":true,"href":"https:\/\/uvbbrasil.com.br\/uvb-json\/wp\/v2\/users\/1"}],"replies":[{"embeddable":true,"href":"https:\/\/uvbbrasil.com.br\/uvb-json\/wp\/v2\/comments?post=17774"}],"version-history":[{"count":0,"href":"https:\/\/uvbbrasil.com.br\/uvb-json\/wp\/v2\/posts\/17774\/revisions"}],"wp:featuredmedia":[{"embeddable":true,"href":"https:\/\/uvbbrasil.com.br\/uvb-json\/wp\/v2\/media\/17775"}],"wp:attachment":[{"href":"https:\/\/uvbbrasil.com.br\/uvb-json\/wp\/v2\/media?parent=17774"}],"wp:term":[{"taxonomy":"category","embeddable":true,"href":"https:\/\/uvbbrasil.com.br\/uvb-json\/wp\/v2\/categories?post=17774"},{"taxonomy":"post_tag","embeddable":true,"href":"https:\/\/uvbbrasil.com.br\/uvb-json\/wp\/v2\/tags?post=17774"}],"curies":[{"name":"wp","href":"https:\/\/api.w.org\/{rel}","templated":true}]}}