{"id":17771,"date":"2020-02-17T09:40:42","date_gmt":"2020-02-17T12:40:42","guid":{"rendered":"https:\/\/wpsandbox4.pante.com.br\/?p=17771"},"modified":"2020-02-17T09:40:42","modified_gmt":"2020-02-17T12:40:42","slug":"cae-pode-votar-projetos-de-valorizacao-salario-minimo","status":"publish","type":"post","link":"https:\/\/uvbbrasil.com.br\/cae-pode-votar-projetos-de-valorizacao-salario-minimo\/","title":{"rendered":"CAE pode votar projetos de valoriza\u00e7\u00e3o do sal\u00e1rio m\u00ednimo"},"content":{"rendered":"<p>Est\u00e3o na pauta da Comiss\u00e3o de Assuntos Econ\u00f4micos (CAE) dois projetos com regras para a valoriza\u00e7\u00e3o e a manuten\u00e7\u00e3o do poder de compra do sal\u00e1rio m\u00ednimo. Um dos textos altera os crit\u00e9rios atualmente previstos para os reajustes anuais. O outro garante valoriza\u00e7\u00e3o m\u00ednima de 6% acima da infla\u00e7\u00e3o por pelo menos dez anos. A pr\u00f3xima reuni\u00e3o da comiss\u00e3o est\u00e1 marcada para ter\u00e7a-feira (18), \u00e0s 10 horas.<\/p>\n<p>O Projeto de Lei do Senado (<a href=\"http:\/\/www25.senado.leg.br\/web\/atividade\/materias\/-\/materia\/136577\">PL 2618\/19<\/a>), do senador Iraj\u00e1 (PSD-TO) determina a valoriza\u00e7\u00e3o real do sal\u00e1rio m\u00ednimo mesmo em cen\u00e1rios de crescimento negativo do Produto Interno Bruto (PIB). A <a href=\"http:\/\/www.planalto.gov.br\/ccivil_03\/_Ato2015-2018\/2015\/Lei\/L13152.htm\">lei<\/a> que trata da pol\u00edtica de reajustes at\u00e9 2019 estabelece que a preserva\u00e7\u00e3o do poder de compra do sal\u00e1rio m\u00ednimo corresponde \u00e0 varia\u00e7\u00e3o do \u00cdndice Nacional de Pre\u00e7os ao Consumidor (INPC). J\u00e1 o ganho real equivale \u00e0 taxa de crescimento real do Produto Interno Bruto (PIB) observada no segundo ano anterior ao do ano da data do reajuste.<\/p>\n<p>O texto mant\u00e9m esses crit\u00e9rios, mas assegura, nos dez primeiros anos de sua vig\u00eancia, uma valoriza\u00e7\u00e3o de no m\u00ednimo 6%. Se a infla\u00e7\u00e3o for negativa, o \u00edndice n\u00e3o ser\u00e1 aplicado. Da mesma maneira, o \u00edndice equivalente ao crescimento do PIB s\u00f3 ser\u00e1 adotado caso seja superior a 6%. Se for inferior, 6% ser\u00e1 o percentual usado no reajuste.<\/p>\n<p>No relat\u00f3rio, o senador Conf\u00facio Moura (MDB-RO) afirma que a regra pode prejudicar o pa\u00eds num momento de recess\u00e3o. O relator sugere a retirada do texto da garantia de aumento real de pelo menos 6%.<\/p>\n<p>\u00cdndices<\/p>\n<p>O segundo projeto sobre o tema na pauta \u00e9 o Projeto de Lei\u00a0(PL)\u00a0<a href=\"http:\/\/www25.senado.leg.br\/web\/atividade\/materias\/-\/materia\/136976\">3.137\/2019<\/a>, \u00a0do senador Eduardo Braga (MDB-AM), que estabelece como \u00edndice de reajuste, at\u00e9 2023, a infla\u00e7\u00e3o futura projetada pela Lei de Diretrizes Or\u00e7ament\u00e1rias (LDO) em vez do INPC. Como \u00edndice para garantir o aumento real, o texto prev\u00ea a varia\u00e7\u00e3o positiva do PIB per capita dos 24 meses que antecedem o reajuste. A regra valeria tamb\u00e9m para benef\u00edcios pagos pelo INSS.\u00a0O voto do relator, senador Conf\u00facio Moura (MDB-RO), \u00e9 favor\u00e1vel ao texto.<\/p>\n<p>fonte: Ag\u00eancia Senado<a href=\"https:\/\/uvbbrasil.com.br\/?attachment_id=17772\" rel=\"attachment wp-att-17772\"><img fetchpriority=\"high\" decoding=\"async\" class=\"aligncenter size-full wp-image-17772\" src=\"https:\/\/uvbbrasil.com.br\/wp-content\/uploads\/2020\/02\/17-02.jpg\" alt=\"\" width=\"860\" height=\"570\" srcset=\"https:\/\/uvbbrasil.com.br\/wp-content\/uploads\/2020\/02\/17-02.jpg 860w, https:\/\/uvbbrasil.com.br\/wp-content\/uploads\/2020\/02\/17-02-300x199.jpg 300w, https:\/\/uvbbrasil.com.br\/wp-content\/uploads\/2020\/02\/17-02-768x509.jpg 768w\" sizes=\"(max-width: 860px) 100vw, 860px\" \/><\/a><\/p>\n<p>fonte:\u00a0www12.senado.leg.br\/noticias<\/p>\n","protected":false},"excerpt":{"rendered":"<p>Est\u00e3o na pauta da Comiss\u00e3o de Assuntos Econ\u00f4micos (CAE) dois projetos com regras para a valoriza\u00e7\u00e3o e a manuten\u00e7\u00e3o do&#8230;<\/p>\n","protected":false},"author":1,"featured_media":17772,"comment_status":"open","ping_status":"open","sticky":false,"template":"","format":"standard","meta":{"footnotes":""},"categories":[3],"tags":[],"class_list":["post-17771","post","type-post","status-publish","format-standard","has-post-thumbnail","hentry","category-noticias"],"yoast_head":"<!-- This site is optimized with the Yoast SEO plugin v26.7 - https:\/\/yoast.com\/wordpress\/plugins\/seo\/ -->\n<title>CAE pode votar projetos de valoriza\u00e7\u00e3o do sal\u00e1rio m\u00ednimo - UVB Brasil<\/title>\n<meta name=\"robots\" content=\"index, follow, max-snippet:-1, max-image-preview:large, max-video-preview:-1\" \/>\n<link rel=\"canonical\" href=\"https:\/\/uvbbrasil.com.br\/cae-pode-votar-projetos-de-valorizacao-salario-minimo\/\" \/>\n<meta property=\"og:locale\" content=\"pt_BR\" \/>\n<meta property=\"og:type\" content=\"article\" \/>\n<meta property=\"og:title\" content=\"CAE pode votar projetos de valoriza\u00e7\u00e3o do sal\u00e1rio m\u00ednimo - UVB Brasil\" \/>\n<meta property=\"og:description\" content=\"Est\u00e3o na pauta da Comiss\u00e3o de Assuntos Econ\u00f4micos (CAE) dois projetos com regras para a valoriza\u00e7\u00e3o e a manuten\u00e7\u00e3o do...\" \/>\n<meta property=\"og:url\" content=\"https:\/\/uvbbrasil.com.br\/cae-pode-votar-projetos-de-valorizacao-salario-minimo\/\" \/>\n<meta property=\"og:site_name\" content=\"UVB Brasil\" \/>\n<meta property=\"article:publisher\" content=\"https:\/\/www.facebook.com\/uvb.vereadoresbrasil\" \/>\n<meta property=\"article:published_time\" content=\"2020-02-17T12:40:42+00:00\" \/>\n<meta property=\"og:image\" content=\"https:\/\/uvbbrasil.com.br\/wp-content\/uploads\/2020\/02\/17-02.jpg\" \/>\n\t<meta property=\"og:image:width\" content=\"860\" \/>\n\t<meta property=\"og:image:height\" content=\"570\" \/>\n\t<meta property=\"og:image:type\" content=\"image\/jpeg\" \/>\n<meta name=\"author\" content=\"adminuvb\" \/>\n<meta name=\"twitter:card\" content=\"summary_large_image\" \/>\n<meta name=\"twitter:label1\" content=\"Escrito por\" \/>\n\t<meta name=\"twitter:data1\" content=\"adminuvb\" \/>\n\t<meta name=\"twitter:label2\" content=\"Est. tempo de leitura\" \/>\n\t<meta name=\"twitter:data2\" content=\"2 minutos\" \/>\n<script type=\"application\/ld+json\" class=\"yoast-schema-graph\">{\"@context\":\"https:\/\/schema.org\",\"@graph\":[{\"@type\":\"Article\",\"@id\":\"https:\/\/uvbbrasil.com.br\/cae-pode-votar-projetos-de-valorizacao-salario-minimo\/#article\",\"isPartOf\":{\"@id\":\"https:\/\/uvbbrasil.com.br\/cae-pode-votar-projetos-de-valorizacao-salario-minimo\/\"},\"author\":{\"name\":\"adminuvb\",\"@id\":\"https:\/\/uvbbrasil.com.br\/#\/schema\/person\/17990098446c098f52effddff4f1b272\"},\"headline\":\"CAE pode votar projetos de valoriza\u00e7\u00e3o do sal\u00e1rio m\u00ednimo\",\"datePublished\":\"2020-02-17T12:40:42+00:00\",\"mainEntityOfPage\":{\"@id\":\"https:\/\/uvbbrasil.com.br\/cae-pode-votar-projetos-de-valorizacao-salario-minimo\/\"},\"wordCount\":386,\"commentCount\":0,\"publisher\":{\"@id\":\"https:\/\/uvbbrasil.com.br\/#organization\"},\"image\":{\"@id\":\"https:\/\/uvbbrasil.com.br\/cae-pode-votar-projetos-de-valorizacao-salario-minimo\/#primaryimage\"},\"thumbnailUrl\":\"https:\/\/uvbbrasil.com.br\/wp-content\/uploads\/2020\/02\/17-02.jpg\",\"articleSection\":[\"NOT\u00cdCIAS\"],\"inLanguage\":\"pt-BR\",\"potentialAction\":[{\"@type\":\"CommentAction\",\"name\":\"Comment\",\"target\":[\"https:\/\/uvbbrasil.com.br\/cae-pode-votar-projetos-de-valorizacao-salario-minimo\/#respond\"]}]},{\"@type\":\"WebPage\",\"@id\":\"https:\/\/uvbbrasil.com.br\/cae-pode-votar-projetos-de-valorizacao-salario-minimo\/\",\"url\":\"https:\/\/uvbbrasil.com.br\/cae-pode-votar-projetos-de-valorizacao-salario-minimo\/\",\"name\":\"CAE pode votar projetos de valoriza\u00e7\u00e3o do sal\u00e1rio m\u00ednimo - UVB Brasil\",\"isPartOf\":{\"@id\":\"https:\/\/uvbbrasil.com.br\/#website\"},\"primaryImageOfPage\":{\"@id\":\"https:\/\/uvbbrasil.com.br\/cae-pode-votar-projetos-de-valorizacao-salario-minimo\/#primaryimage\"},\"image\":{\"@id\":\"https:\/\/uvbbrasil.com.br\/cae-pode-votar-projetos-de-valorizacao-salario-minimo\/#primaryimage\"},\"thumbnailUrl\":\"https:\/\/uvbbrasil.com.br\/wp-content\/uploads\/2020\/02\/17-02.jpg\",\"datePublished\":\"2020-02-17T12:40:42+00:00\",\"breadcrumb\":{\"@id\":\"https:\/\/uvbbrasil.com.br\/cae-pode-votar-projetos-de-valorizacao-salario-minimo\/#breadcrumb\"},\"inLanguage\":\"pt-BR\",\"potentialAction\":[{\"@type\":\"ReadAction\",\"target\":[\"https:\/\/uvbbrasil.com.br\/cae-pode-votar-projetos-de-valorizacao-salario-minimo\/\"]}]},{\"@type\":\"ImageObject\",\"inLanguage\":\"pt-BR\",\"@id\":\"https:\/\/uvbbrasil.com.br\/cae-pode-votar-projetos-de-valorizacao-salario-minimo\/#primaryimage\",\"url\":\"https:\/\/uvbbrasil.com.br\/wp-content\/uploads\/2020\/02\/17-02.jpg\",\"contentUrl\":\"https:\/\/uvbbrasil.com.br\/wp-content\/uploads\/2020\/02\/17-02.jpg\",\"width\":860,\"height\":570},{\"@type\":\"BreadcrumbList\",\"@id\":\"https:\/\/uvbbrasil.com.br\/cae-pode-votar-projetos-de-valorizacao-salario-minimo\/#breadcrumb\",\"itemListElement\":[{\"@type\":\"ListItem\",\"position\":1,\"name\":\"In\u00edcio\",\"item\":\"https:\/\/uvbbrasil.com.br\/\"},{\"@type\":\"ListItem\",\"position\":2,\"name\":\"CAE pode votar projetos de valoriza\u00e7\u00e3o do sal\u00e1rio m\u00ednimo\"}]},{\"@type\":\"WebSite\",\"@id\":\"https:\/\/uvbbrasil.com.br\/#website\",\"url\":\"https:\/\/uvbbrasil.com.br\/\",\"name\":\"UVB Brasil\",\"description\":\"Uni\u00e3o dos Vereadores do Brasil\",\"publisher\":{\"@id\":\"https:\/\/uvbbrasil.com.br\/#organization\"},\"potentialAction\":[{\"@type\":\"SearchAction\",\"target\":{\"@type\":\"EntryPoint\",\"urlTemplate\":\"https:\/\/uvbbrasil.com.br\/?s={search_term_string}\"},\"query-input\":{\"@type\":\"PropertyValueSpecification\",\"valueRequired\":true,\"valueName\":\"search_term_string\"}}],\"inLanguage\":\"pt-BR\"},{\"@type\":\"Organization\",\"@id\":\"https:\/\/uvbbrasil.com.br\/#organization\",\"name\":\"UVB Brasil\",\"url\":\"https:\/\/uvbbrasil.com.br\/\",\"logo\":{\"@type\":\"ImageObject\",\"inLanguage\":\"pt-BR\",\"@id\":\"https:\/\/uvbbrasil.com.br\/#\/schema\/logo\/image\/\",\"url\":\"https:\/\/uvbbrasil.com.br\/wp-content\/uploads\/2025\/01\/LOGO-UVB-2024-azul-1.jpg\",\"contentUrl\":\"https:\/\/uvbbrasil.com.br\/wp-content\/uploads\/2025\/01\/LOGO-UVB-2024-azul-1.jpg\",\"width\":600,\"height\":211,\"caption\":\"UVB Brasil\"},\"image\":{\"@id\":\"https:\/\/uvbbrasil.com.br\/#\/schema\/logo\/image\/\"},\"sameAs\":[\"https:\/\/www.facebook.com\/uvb.vereadoresbrasil\",\"https:\/\/www.instagram.com\/uvbbrasil\/\",\"https:\/\/www.youtube.com\/channel\/UCIlPQ8Xzw5GHNzosQIg9S5A\"]},{\"@type\":\"Person\",\"@id\":\"https:\/\/uvbbrasil.com.br\/#\/schema\/person\/17990098446c098f52effddff4f1b272\",\"name\":\"adminuvb\",\"image\":{\"@type\":\"ImageObject\",\"inLanguage\":\"pt-BR\",\"@id\":\"https:\/\/uvbbrasil.com.br\/#\/schema\/person\/image\/\",\"url\":\"https:\/\/secure.gravatar.com\/avatar\/1a494ea6f8e2dd1ae526e55b0e9497efdba542491e0620d704cccf63c6f77c45?s=96&d=mm&r=g\",\"contentUrl\":\"https:\/\/secure.gravatar.com\/avatar\/1a494ea6f8e2dd1ae526e55b0e9497efdba542491e0620d704cccf63c6f77c45?s=96&d=mm&r=g\",\"caption\":\"adminuvb\"},\"sameAs\":[\"https:\/\/uvbbrasil.com.br\"],\"url\":\"https:\/\/uvbbrasil.com.br\/author\/adminuvb\/\"}]}<\/script>\n<!-- \/ Yoast SEO plugin. -->","yoast_head_json":{"title":"CAE pode votar projetos de valoriza\u00e7\u00e3o do sal\u00e1rio m\u00ednimo - UVB Brasil","robots":{"index":"index","follow":"follow","max-snippet":"max-snippet:-1","max-image-preview":"max-image-preview:large","max-video-preview":"max-video-preview:-1"},"canonical":"https:\/\/uvbbrasil.com.br\/cae-pode-votar-projetos-de-valorizacao-salario-minimo\/","og_locale":"pt_BR","og_type":"article","og_title":"CAE pode votar projetos de valoriza\u00e7\u00e3o do sal\u00e1rio m\u00ednimo - UVB Brasil","og_description":"Est\u00e3o na pauta da Comiss\u00e3o de Assuntos Econ\u00f4micos (CAE) dois projetos com regras para a valoriza\u00e7\u00e3o e a manuten\u00e7\u00e3o do...","og_url":"https:\/\/uvbbrasil.com.br\/cae-pode-votar-projetos-de-valorizacao-salario-minimo\/","og_site_name":"UVB Brasil","article_publisher":"https:\/\/www.facebook.com\/uvb.vereadoresbrasil","article_published_time":"2020-02-17T12:40:42+00:00","og_image":[{"width":860,"height":570,"url":"https:\/\/uvbbrasil.com.br\/wp-content\/uploads\/2020\/02\/17-02.jpg","type":"image\/jpeg"}],"author":"adminuvb","twitter_card":"summary_large_image","twitter_misc":{"Escrito por":"adminuvb","Est. tempo de leitura":"2 minutos"},"schema":{"@context":"https:\/\/schema.org","@graph":[{"@type":"Article","@id":"https:\/\/uvbbrasil.com.br\/cae-pode-votar-projetos-de-valorizacao-salario-minimo\/#article","isPartOf":{"@id":"https:\/\/uvbbrasil.com.br\/cae-pode-votar-projetos-de-valorizacao-salario-minimo\/"},"author":{"name":"adminuvb","@id":"https:\/\/uvbbrasil.com.br\/#\/schema\/person\/17990098446c098f52effddff4f1b272"},"headline":"CAE pode votar projetos de valoriza\u00e7\u00e3o do sal\u00e1rio m\u00ednimo","datePublished":"2020-02-17T12:40:42+00:00","mainEntityOfPage":{"@id":"https:\/\/uvbbrasil.com.br\/cae-pode-votar-projetos-de-valorizacao-salario-minimo\/"},"wordCount":386,"commentCount":0,"publisher":{"@id":"https:\/\/uvbbrasil.com.br\/#organization"},"image":{"@id":"https:\/\/uvbbrasil.com.br\/cae-pode-votar-projetos-de-valorizacao-salario-minimo\/#primaryimage"},"thumbnailUrl":"https:\/\/uvbbrasil.com.br\/wp-content\/uploads\/2020\/02\/17-02.jpg","articleSection":["NOT\u00cdCIAS"],"inLanguage":"pt-BR","potentialAction":[{"@type":"CommentAction","name":"Comment","target":["https:\/\/uvbbrasil.com.br\/cae-pode-votar-projetos-de-valorizacao-salario-minimo\/#respond"]}]},{"@type":"WebPage","@id":"https:\/\/uvbbrasil.com.br\/cae-pode-votar-projetos-de-valorizacao-salario-minimo\/","url":"https:\/\/uvbbrasil.com.br\/cae-pode-votar-projetos-de-valorizacao-salario-minimo\/","name":"CAE pode votar projetos de valoriza\u00e7\u00e3o do sal\u00e1rio m\u00ednimo - UVB Brasil","isPartOf":{"@id":"https:\/\/uvbbrasil.com.br\/#website"},"primaryImageOfPage":{"@id":"https:\/\/uvbbrasil.com.br\/cae-pode-votar-projetos-de-valorizacao-salario-minimo\/#primaryimage"},"image":{"@id":"https:\/\/uvbbrasil.com.br\/cae-pode-votar-projetos-de-valorizacao-salario-minimo\/#primaryimage"},"thumbnailUrl":"https:\/\/uvbbrasil.com.br\/wp-content\/uploads\/2020\/02\/17-02.jpg","datePublished":"2020-02-17T12:40:42+00:00","breadcrumb":{"@id":"https:\/\/uvbbrasil.com.br\/cae-pode-votar-projetos-de-valorizacao-salario-minimo\/#breadcrumb"},"inLanguage":"pt-BR","potentialAction":[{"@type":"ReadAction","target":["https:\/\/uvbbrasil.com.br\/cae-pode-votar-projetos-de-valorizacao-salario-minimo\/"]}]},{"@type":"ImageObject","inLanguage":"pt-BR","@id":"https:\/\/uvbbrasil.com.br\/cae-pode-votar-projetos-de-valorizacao-salario-minimo\/#primaryimage","url":"https:\/\/uvbbrasil.com.br\/wp-content\/uploads\/2020\/02\/17-02.jpg","contentUrl":"https:\/\/uvbbrasil.com.br\/wp-content\/uploads\/2020\/02\/17-02.jpg","width":860,"height":570},{"@type":"BreadcrumbList","@id":"https:\/\/uvbbrasil.com.br\/cae-pode-votar-projetos-de-valorizacao-salario-minimo\/#breadcrumb","itemListElement":[{"@type":"ListItem","position":1,"name":"In\u00edcio","item":"https:\/\/uvbbrasil.com.br\/"},{"@type":"ListItem","position":2,"name":"CAE pode votar projetos de valoriza\u00e7\u00e3o do sal\u00e1rio m\u00ednimo"}]},{"@type":"WebSite","@id":"https:\/\/uvbbrasil.com.br\/#website","url":"https:\/\/uvbbrasil.com.br\/","name":"UVB Brasil","description":"Uni\u00e3o dos Vereadores do Brasil","publisher":{"@id":"https:\/\/uvbbrasil.com.br\/#organization"},"potentialAction":[{"@type":"SearchAction","target":{"@type":"EntryPoint","urlTemplate":"https:\/\/uvbbrasil.com.br\/?s={search_term_string}"},"query-input":{"@type":"PropertyValueSpecification","valueRequired":true,"valueName":"search_term_string"}}],"inLanguage":"pt-BR"},{"@type":"Organization","@id":"https:\/\/uvbbrasil.com.br\/#organization","name":"UVB Brasil","url":"https:\/\/uvbbrasil.com.br\/","logo":{"@type":"ImageObject","inLanguage":"pt-BR","@id":"https:\/\/uvbbrasil.com.br\/#\/schema\/logo\/image\/","url":"https:\/\/uvbbrasil.com.br\/wp-content\/uploads\/2025\/01\/LOGO-UVB-2024-azul-1.jpg","contentUrl":"https:\/\/uvbbrasil.com.br\/wp-content\/uploads\/2025\/01\/LOGO-UVB-2024-azul-1.jpg","width":600,"height":211,"caption":"UVB Brasil"},"image":{"@id":"https:\/\/uvbbrasil.com.br\/#\/schema\/logo\/image\/"},"sameAs":["https:\/\/www.facebook.com\/uvb.vereadoresbrasil","https:\/\/www.instagram.com\/uvbbrasil\/","https:\/\/www.youtube.com\/channel\/UCIlPQ8Xzw5GHNzosQIg9S5A"]},{"@type":"Person","@id":"https:\/\/uvbbrasil.com.br\/#\/schema\/person\/17990098446c098f52effddff4f1b272","name":"adminuvb","image":{"@type":"ImageObject","inLanguage":"pt-BR","@id":"https:\/\/uvbbrasil.com.br\/#\/schema\/person\/image\/","url":"https:\/\/secure.gravatar.com\/avatar\/1a494ea6f8e2dd1ae526e55b0e9497efdba542491e0620d704cccf63c6f77c45?s=96&d=mm&r=g","contentUrl":"https:\/\/secure.gravatar.com\/avatar\/1a494ea6f8e2dd1ae526e55b0e9497efdba542491e0620d704cccf63c6f77c45?s=96&d=mm&r=g","caption":"adminuvb"},"sameAs":["https:\/\/uvbbrasil.com.br"],"url":"https:\/\/uvbbrasil.com.br\/author\/adminuvb\/"}]}},"_links":{"self":[{"href":"https:\/\/uvbbrasil.com.br\/uvb-json\/wp\/v2\/posts\/17771","targetHints":{"allow":["GET"]}}],"collection":[{"href":"https:\/\/uvbbrasil.com.br\/uvb-json\/wp\/v2\/posts"}],"about":[{"href":"https:\/\/uvbbrasil.com.br\/uvb-json\/wp\/v2\/types\/post"}],"author":[{"embeddable":true,"href":"https:\/\/uvbbrasil.com.br\/uvb-json\/wp\/v2\/users\/1"}],"replies":[{"embeddable":true,"href":"https:\/\/uvbbrasil.com.br\/uvb-json\/wp\/v2\/comments?post=17771"}],"version-history":[{"count":0,"href":"https:\/\/uvbbrasil.com.br\/uvb-json\/wp\/v2\/posts\/17771\/revisions"}],"wp:featuredmedia":[{"embeddable":true,"href":"https:\/\/uvbbrasil.com.br\/uvb-json\/wp\/v2\/media\/17772"}],"wp:attachment":[{"href":"https:\/\/uvbbrasil.com.br\/uvb-json\/wp\/v2\/media?parent=17771"}],"wp:term":[{"taxonomy":"category","embeddable":true,"href":"https:\/\/uvbbrasil.com.br\/uvb-json\/wp\/v2\/categories?post=17771"},{"taxonomy":"post_tag","embeddable":true,"href":"https:\/\/uvbbrasil.com.br\/uvb-json\/wp\/v2\/tags?post=17771"}],"curies":[{"name":"wp","href":"https:\/\/api.w.org\/{rel}","templated":true}]}}