{"id":17754,"date":"2020-02-14T12:28:10","date_gmt":"2020-02-14T15:28:10","guid":{"rendered":"https:\/\/wpsandbox4.pante.com.br\/?p=17754"},"modified":"2020-02-14T12:28:10","modified_gmt":"2020-02-14T15:28:10","slug":"painel-mulheres-poderosas-encerra-programacao-encontro-nacional-de-legislativos-da-uvb","status":"publish","type":"post","link":"https:\/\/uvbbrasil.com.br\/painel-mulheres-poderosas-encerra-programacao-encontro-nacional-de-legislativos-da-uvb\/","title":{"rendered":"Painel mulheres poderosas encerra a programa\u00e7\u00e3o do encontro Nacional de Legislativos da UVB."},"content":{"rendered":"<p>A Uni\u00e3o dos Vereadores do Brasil-UVB, apresentou o painel\u00a0 mulheres poderosa no encerramento do Encontro Nacional de Legislativos Municipais, uma mesa de debates entre as participantes do encontro.<\/p>\n<p>O espa\u00e7o concedido as parlamentares \u00e9 uma forma de incentivar a participa\u00e7\u00e3o mais ativa das mulheres na vida politica e o objetivo maior dessa\u00a0 manifesta\u00e7\u00e3o no momento \u00e9 renovar\u00a0 os\u00a0 anseios\u00a0 populares\u00a0 por maior justi\u00e7a social, igualdade e oportunidades.<\/p>\n<p>A mesa de debates foi composta pela presidente da c\u00e2mara municipal de Tr\u00eas Fronteiras\/SP, Mariene Maia que falou do pequeno percentual da participa\u00e7\u00e3o da mulher na politica e deixou o recado aos vereadores que incentivem a participa\u00e7\u00e3o da mulher e principalmente que as colegas vereadoras se unam cada vez mais. Vereadora, Neiva Santim, de Doutor Ricardo-RS, que esta em segundo mandato e\u00a0 sempre em busca de conhecimentos e informa\u00e7\u00f5es. Representando o Munic\u00edpio de Formiga\/ MG, a vereadora, Wilse Marques, que falou aos presentes que para a mulher est\u00e1 em qualquer lugar e exercer o papel na politica\u00a0 s\u00f3 depende dos seus esfor\u00e7os e que a mulher \u00e9 o toque principal da politica. De Pinheirinho do Vale- RS, a vereadora Lovani Machado que citou a grande diferen\u00e7a entre o homem e\u00a0 a mulher na politica e\u00a0 dos incentivos para inserir cada vez mais mulheres na politica brasileira.<\/p>\n<p>Em seguida a Presidente da C\u00e2mara Municipal de Vanini\/RS, vereadora, Jaqueline Salete,que agradeceu aos colegas vereadores do munic\u00edpio de Vanini\/RS, pelo incentivo\u00a0 na \u00a0carreira politica e citou tamb\u00e9m a dificuldade\u00a0 e o receio que as mulheres tem em fazer parte do meio politico, parabenizou o Presidente da UVB \u00a0pela parceira, a oportunidade \u00a0em busca do \u00a0conhecimento e na realiza\u00e7\u00e3o\u00a0 do evento.\u00a0 O munic\u00edpio de Erval Seco-RS representado pela vereadora, Rosane Moura que honrada em participar da mesa de debates parabenizou a participa\u00e7\u00e3o de todas as mulheres presentes em especial as do Estado do Rio Grande do Sul. C\u00e1tia Lumertz, vereadora de primeiro mandato em Dom Pedro de Alc\u00e2ntara-RS, apoiadora da causa social e honrada em participar do Encontro Nacional de Legislativos contou \u00e0 import\u00e2ncia que tem os parlamentares na busca de conhecimentos e parabenizou o quadro de temas e palestrantes apresentados pela Uni\u00e3o de Vereadores do Brasil-UVB.<\/p>\n<p>Rosangela Montep\u00f3, vereadora em Campinas do Sul\/RS, a mais votada do mun\u00edcipio contou \u00a0um pouco da sua trajet\u00f3ria na politica e que\u00a0 ajudar e servir\u00a0 a popula\u00e7\u00e3o \u00e9 sempre o caminho, independente de homem ou mulher, parabenizou a todos os participantes do evento e principalmente aos do Rio Grande do Sul pela boa representa\u00e7\u00e3o.Na sequencia Meire \u00c2ngela, vereadora do Munic\u00edpio de Lajeado\/TO, relatou que apesar da marcante desigualdade a mulher pode\u00a0 sim\u00a0 e deve esta na politica\u00a0 e n\u00e3o \u00e9 s\u00f3\u00a0 para completar a vaga no partido\u00a0 e sim competir de\u00a0 forma igual.<\/p>\n<p><a href=\"https:\/\/uvbbrasil.com.br\/?attachment_id=17758\" rel=\"attachment wp-att-17758\"><img fetchpriority=\"high\" decoding=\"async\" class=\"aligncenter size-full wp-image-17758\" src=\"https:\/\/uvbbrasil.com.br\/wp-content\/uploads\/2020\/02\/WhatsApp-Image-2020-02-13-at-17.05.47.jpeg\" alt=\"\" width=\"1280\" height=\"850\" srcset=\"https:\/\/uvbbrasil.com.br\/wp-content\/uploads\/2020\/02\/WhatsApp-Image-2020-02-13-at-17.05.47.jpeg 1280w, https:\/\/uvbbrasil.com.br\/wp-content\/uploads\/2020\/02\/WhatsApp-Image-2020-02-13-at-17.05.47-300x199.jpeg 300w, https:\/\/uvbbrasil.com.br\/wp-content\/uploads\/2020\/02\/WhatsApp-Image-2020-02-13-at-17.05.47-1024x680.jpeg 1024w, https:\/\/uvbbrasil.com.br\/wp-content\/uploads\/2020\/02\/WhatsApp-Image-2020-02-13-at-17.05.47-768x510.jpeg 768w\" sizes=\"(max-width: 1280px) 100vw, 1280px\" \/><\/a><a href=\"https:\/\/uvbbrasil.com.br\/?attachment_id=17759\" rel=\"attachment wp-att-17759\"><img decoding=\"async\" class=\"aligncenter size-full wp-image-17759\" src=\"https:\/\/uvbbrasil.com.br\/wp-content\/uploads\/2020\/02\/WhatsApp-Image-2020-02-13-at-17.06.10.jpeg\" alt=\"\" width=\"1280\" height=\"850\" srcset=\"https:\/\/uvbbrasil.com.br\/wp-content\/uploads\/2020\/02\/WhatsApp-Image-2020-02-13-at-17.06.10.jpeg 1280w, https:\/\/uvbbrasil.com.br\/wp-content\/uploads\/2020\/02\/WhatsApp-Image-2020-02-13-at-17.06.10-300x199.jpeg 300w, https:\/\/uvbbrasil.com.br\/wp-content\/uploads\/2020\/02\/WhatsApp-Image-2020-02-13-at-17.06.10-1024x680.jpeg 1024w, https:\/\/uvbbrasil.com.br\/wp-content\/uploads\/2020\/02\/WhatsApp-Image-2020-02-13-at-17.06.10-768x510.jpeg 768w\" sizes=\"(max-width: 1280px) 100vw, 1280px\" \/><\/a><a href=\"https:\/\/uvbbrasil.com.br\/?attachment_id=17756\" rel=\"attachment wp-att-17756\"><img decoding=\"async\" class=\"aligncenter size-full wp-image-17756\" src=\"https:\/\/uvbbrasil.com.br\/wp-content\/uploads\/2020\/02\/WhatsApp-Image-2020-02-14-at-12.23.55-1.jpeg\" alt=\"\" width=\"1280\" height=\"850\" srcset=\"https:\/\/uvbbrasil.com.br\/wp-content\/uploads\/2020\/02\/WhatsApp-Image-2020-02-14-at-12.23.55-1.jpeg 1280w, https:\/\/uvbbrasil.com.br\/wp-content\/uploads\/2020\/02\/WhatsApp-Image-2020-02-14-at-12.23.55-1-300x199.jpeg 300w, https:\/\/uvbbrasil.com.br\/wp-content\/uploads\/2020\/02\/WhatsApp-Image-2020-02-14-at-12.23.55-1-1024x680.jpeg 1024w, https:\/\/uvbbrasil.com.br\/wp-content\/uploads\/2020\/02\/WhatsApp-Image-2020-02-14-at-12.23.55-1-768x510.jpeg 768w\" sizes=\"(max-width: 1280px) 100vw, 1280px\" \/><\/a><a href=\"https:\/\/uvbbrasil.com.br\/?attachment_id=17757\" rel=\"attachment wp-att-17757\"><img loading=\"lazy\" decoding=\"async\" class=\"aligncenter size-full wp-image-17757\" src=\"https:\/\/uvbbrasil.com.br\/wp-content\/uploads\/2020\/02\/WhatsApp-Image-2020-02-13-at-17.04.39.jpeg\" alt=\"\" width=\"1280\" height=\"850\" srcset=\"https:\/\/uvbbrasil.com.br\/wp-content\/uploads\/2020\/02\/WhatsApp-Image-2020-02-13-at-17.04.39.jpeg 1280w, https:\/\/uvbbrasil.com.br\/wp-content\/uploads\/2020\/02\/WhatsApp-Image-2020-02-13-at-17.04.39-300x199.jpeg 300w, https:\/\/uvbbrasil.com.br\/wp-content\/uploads\/2020\/02\/WhatsApp-Image-2020-02-13-at-17.04.39-1024x680.jpeg 1024w, https:\/\/uvbbrasil.com.br\/wp-content\/uploads\/2020\/02\/WhatsApp-Image-2020-02-13-at-17.04.39-768x510.jpeg 768w\" sizes=\"(max-width: 1280px) 100vw, 1280px\" \/><\/a><a href=\"https:\/\/uvbbrasil.com.br\/?attachment_id=17755\" rel=\"attachment wp-att-17755\"><img loading=\"lazy\" decoding=\"async\" class=\"aligncenter size-full wp-image-17755\" src=\"https:\/\/uvbbrasil.com.br\/wp-content\/uploads\/2020\/02\/WhatsApp-Image-2020-02-14-at-12.23.55.jpeg\" alt=\"\" width=\"1280\" height=\"850\" srcset=\"https:\/\/uvbbrasil.com.br\/wp-content\/uploads\/2020\/02\/WhatsApp-Image-2020-02-14-at-12.23.55.jpeg 1280w, https:\/\/uvbbrasil.com.br\/wp-content\/uploads\/2020\/02\/WhatsApp-Image-2020-02-14-at-12.23.55-300x199.jpeg 300w, https:\/\/uvbbrasil.com.br\/wp-content\/uploads\/2020\/02\/WhatsApp-Image-2020-02-14-at-12.23.55-1024x680.jpeg 1024w, https:\/\/uvbbrasil.com.br\/wp-content\/uploads\/2020\/02\/WhatsApp-Image-2020-02-14-at-12.23.55-768x510.jpeg 768w\" sizes=\"(max-width: 1280px) 100vw, 1280px\" \/><\/a><\/p>\n","protected":false},"excerpt":{"rendered":"<p>A Uni\u00e3o dos Vereadores do Brasil-UVB, apresentou o painel\u00a0 mulheres poderosa no encerramento do Encontro Nacional de Legislativos Municipais, uma&#8230;<\/p>\n","protected":false},"author":1,"featured_media":17755,"comment_status":"open","ping_status":"open","sticky":false,"template":"","format":"standard","meta":{"footnotes":""},"categories":[3,4],"tags":[],"class_list":["post-17754","post","type-post","status-publish","format-standard","has-post-thumbnail","hentry","category-noticias","category-home"],"yoast_head":"<!-- This site is optimized with the Yoast SEO plugin v26.7 - https:\/\/yoast.com\/wordpress\/plugins\/seo\/ -->\n<title>Painel mulheres poderosas encerra a programa\u00e7\u00e3o do encontro Nacional de Legislativos da UVB. - UVB Brasil<\/title>\n<meta name=\"robots\" content=\"index, follow, max-snippet:-1, max-image-preview:large, max-video-preview:-1\" \/>\n<link rel=\"canonical\" href=\"https:\/\/uvbbrasil.com.br\/painel-mulheres-poderosas-encerra-programacao-encontro-nacional-de-legislativos-da-uvb\/\" \/>\n<meta property=\"og:locale\" content=\"pt_BR\" \/>\n<meta property=\"og:type\" content=\"article\" \/>\n<meta property=\"og:title\" content=\"Painel mulheres poderosas encerra a programa\u00e7\u00e3o do encontro Nacional de Legislativos da UVB. - UVB Brasil\" \/>\n<meta property=\"og:description\" content=\"A Uni\u00e3o dos Vereadores do Brasil-UVB, apresentou o painel\u00a0 mulheres poderosa no encerramento do Encontro Nacional de Legislativos Municipais, uma...\" \/>\n<meta property=\"og:url\" content=\"https:\/\/uvbbrasil.com.br\/painel-mulheres-poderosas-encerra-programacao-encontro-nacional-de-legislativos-da-uvb\/\" \/>\n<meta property=\"og:site_name\" content=\"UVB Brasil\" \/>\n<meta property=\"article:publisher\" content=\"https:\/\/www.facebook.com\/uvb.vereadoresbrasil\" \/>\n<meta property=\"article:published_time\" content=\"2020-02-14T15:28:10+00:00\" \/>\n<meta property=\"og:image\" content=\"https:\/\/uvbbrasil.com.br\/wp-content\/uploads\/2020\/02\/WhatsApp-Image-2020-02-14-at-12.23.55.jpeg\" \/>\n\t<meta property=\"og:image:width\" content=\"1280\" \/>\n\t<meta property=\"og:image:height\" content=\"850\" \/>\n\t<meta property=\"og:image:type\" content=\"image\/jpeg\" \/>\n<meta name=\"author\" content=\"adminuvb\" \/>\n<meta name=\"twitter:card\" content=\"summary_large_image\" \/>\n<meta name=\"twitter:label1\" content=\"Escrito por\" \/>\n\t<meta name=\"twitter:data1\" content=\"adminuvb\" \/>\n\t<meta name=\"twitter:label2\" content=\"Est. tempo de leitura\" \/>\n\t<meta name=\"twitter:data2\" content=\"2 minutos\" \/>\n<script type=\"application\/ld+json\" class=\"yoast-schema-graph\">{\"@context\":\"https:\/\/schema.org\",\"@graph\":[{\"@type\":\"Article\",\"@id\":\"https:\/\/uvbbrasil.com.br\/painel-mulheres-poderosas-encerra-programacao-encontro-nacional-de-legislativos-da-uvb\/#article\",\"isPartOf\":{\"@id\":\"https:\/\/uvbbrasil.com.br\/painel-mulheres-poderosas-encerra-programacao-encontro-nacional-de-legislativos-da-uvb\/\"},\"author\":{\"name\":\"adminuvb\",\"@id\":\"https:\/\/uvbbrasil.com.br\/#\/schema\/person\/17990098446c098f52effddff4f1b272\"},\"headline\":\"Painel mulheres poderosas encerra a programa\u00e7\u00e3o do encontro Nacional de Legislativos da UVB.\",\"datePublished\":\"2020-02-14T15:28:10+00:00\",\"mainEntityOfPage\":{\"@id\":\"https:\/\/uvbbrasil.com.br\/painel-mulheres-poderosas-encerra-programacao-encontro-nacional-de-legislativos-da-uvb\/\"},\"wordCount\":497,\"commentCount\":0,\"publisher\":{\"@id\":\"https:\/\/uvbbrasil.com.br\/#organization\"},\"image\":{\"@id\":\"https:\/\/uvbbrasil.com.br\/painel-mulheres-poderosas-encerra-programacao-encontro-nacional-de-legislativos-da-uvb\/#primaryimage\"},\"thumbnailUrl\":\"https:\/\/uvbbrasil.com.br\/wp-content\/uploads\/2020\/02\/WhatsApp-Image-2020-02-14-at-12.23.55.jpeg\",\"articleSection\":[\"NOT\u00cdCIAS\",\"UVB\"],\"inLanguage\":\"pt-BR\",\"potentialAction\":[{\"@type\":\"CommentAction\",\"name\":\"Comment\",\"target\":[\"https:\/\/uvbbrasil.com.br\/painel-mulheres-poderosas-encerra-programacao-encontro-nacional-de-legislativos-da-uvb\/#respond\"]}]},{\"@type\":\"WebPage\",\"@id\":\"https:\/\/uvbbrasil.com.br\/painel-mulheres-poderosas-encerra-programacao-encontro-nacional-de-legislativos-da-uvb\/\",\"url\":\"https:\/\/uvbbrasil.com.br\/painel-mulheres-poderosas-encerra-programacao-encontro-nacional-de-legislativos-da-uvb\/\",\"name\":\"Painel mulheres poderosas encerra a programa\u00e7\u00e3o do encontro Nacional de Legislativos da UVB. - UVB Brasil\",\"isPartOf\":{\"@id\":\"https:\/\/uvbbrasil.com.br\/#website\"},\"primaryImageOfPage\":{\"@id\":\"https:\/\/uvbbrasil.com.br\/painel-mulheres-poderosas-encerra-programacao-encontro-nacional-de-legislativos-da-uvb\/#primaryimage\"},\"image\":{\"@id\":\"https:\/\/uvbbrasil.com.br\/painel-mulheres-poderosas-encerra-programacao-encontro-nacional-de-legislativos-da-uvb\/#primaryimage\"},\"thumbnailUrl\":\"https:\/\/uvbbrasil.com.br\/wp-content\/uploads\/2020\/02\/WhatsApp-Image-2020-02-14-at-12.23.55.jpeg\",\"datePublished\":\"2020-02-14T15:28:10+00:00\",\"breadcrumb\":{\"@id\":\"https:\/\/uvbbrasil.com.br\/painel-mulheres-poderosas-encerra-programacao-encontro-nacional-de-legislativos-da-uvb\/#breadcrumb\"},\"inLanguage\":\"pt-BR\",\"potentialAction\":[{\"@type\":\"ReadAction\",\"target\":[\"https:\/\/uvbbrasil.com.br\/painel-mulheres-poderosas-encerra-programacao-encontro-nacional-de-legislativos-da-uvb\/\"]}]},{\"@type\":\"ImageObject\",\"inLanguage\":\"pt-BR\",\"@id\":\"https:\/\/uvbbrasil.com.br\/painel-mulheres-poderosas-encerra-programacao-encontro-nacional-de-legislativos-da-uvb\/#primaryimage\",\"url\":\"https:\/\/uvbbrasil.com.br\/wp-content\/uploads\/2020\/02\/WhatsApp-Image-2020-02-14-at-12.23.55.jpeg\",\"contentUrl\":\"https:\/\/uvbbrasil.com.br\/wp-content\/uploads\/2020\/02\/WhatsApp-Image-2020-02-14-at-12.23.55.jpeg\",\"width\":1280,\"height\":850},{\"@type\":\"BreadcrumbList\",\"@id\":\"https:\/\/uvbbrasil.com.br\/painel-mulheres-poderosas-encerra-programacao-encontro-nacional-de-legislativos-da-uvb\/#breadcrumb\",\"itemListElement\":[{\"@type\":\"ListItem\",\"position\":1,\"name\":\"In\u00edcio\",\"item\":\"https:\/\/uvbbrasil.com.br\/\"},{\"@type\":\"ListItem\",\"position\":2,\"name\":\"Painel mulheres poderosas encerra a programa\u00e7\u00e3o do encontro Nacional de Legislativos da UVB.\"}]},{\"@type\":\"WebSite\",\"@id\":\"https:\/\/uvbbrasil.com.br\/#website\",\"url\":\"https:\/\/uvbbrasil.com.br\/\",\"name\":\"UVB Brasil\",\"description\":\"Uni\u00e3o dos Vereadores do Brasil\",\"publisher\":{\"@id\":\"https:\/\/uvbbrasil.com.br\/#organization\"},\"potentialAction\":[{\"@type\":\"SearchAction\",\"target\":{\"@type\":\"EntryPoint\",\"urlTemplate\":\"https:\/\/uvbbrasil.com.br\/?s={search_term_string}\"},\"query-input\":{\"@type\":\"PropertyValueSpecification\",\"valueRequired\":true,\"valueName\":\"search_term_string\"}}],\"inLanguage\":\"pt-BR\"},{\"@type\":\"Organization\",\"@id\":\"https:\/\/uvbbrasil.com.br\/#organization\",\"name\":\"UVB Brasil\",\"url\":\"https:\/\/uvbbrasil.com.br\/\",\"logo\":{\"@type\":\"ImageObject\",\"inLanguage\":\"pt-BR\",\"@id\":\"https:\/\/uvbbrasil.com.br\/#\/schema\/logo\/image\/\",\"url\":\"https:\/\/uvbbrasil.com.br\/wp-content\/uploads\/2025\/01\/LOGO-UVB-2024-azul-1.jpg\",\"contentUrl\":\"https:\/\/uvbbrasil.com.br\/wp-content\/uploads\/2025\/01\/LOGO-UVB-2024-azul-1.jpg\",\"width\":600,\"height\":211,\"caption\":\"UVB Brasil\"},\"image\":{\"@id\":\"https:\/\/uvbbrasil.com.br\/#\/schema\/logo\/image\/\"},\"sameAs\":[\"https:\/\/www.facebook.com\/uvb.vereadoresbrasil\",\"https:\/\/www.instagram.com\/uvbbrasil\/\",\"https:\/\/www.youtube.com\/channel\/UCIlPQ8Xzw5GHNzosQIg9S5A\"]},{\"@type\":\"Person\",\"@id\":\"https:\/\/uvbbrasil.com.br\/#\/schema\/person\/17990098446c098f52effddff4f1b272\",\"name\":\"adminuvb\",\"image\":{\"@type\":\"ImageObject\",\"inLanguage\":\"pt-BR\",\"@id\":\"https:\/\/uvbbrasil.com.br\/#\/schema\/person\/image\/\",\"url\":\"https:\/\/secure.gravatar.com\/avatar\/1a494ea6f8e2dd1ae526e55b0e9497efdba542491e0620d704cccf63c6f77c45?s=96&d=mm&r=g\",\"contentUrl\":\"https:\/\/secure.gravatar.com\/avatar\/1a494ea6f8e2dd1ae526e55b0e9497efdba542491e0620d704cccf63c6f77c45?s=96&d=mm&r=g\",\"caption\":\"adminuvb\"},\"sameAs\":[\"https:\/\/uvbbrasil.com.br\"],\"url\":\"https:\/\/uvbbrasil.com.br\/author\/adminuvb\/\"}]}<\/script>\n<!-- \/ Yoast SEO plugin. -->","yoast_head_json":{"title":"Painel mulheres poderosas encerra a programa\u00e7\u00e3o do encontro Nacional de Legislativos da UVB. - UVB Brasil","robots":{"index":"index","follow":"follow","max-snippet":"max-snippet:-1","max-image-preview":"max-image-preview:large","max-video-preview":"max-video-preview:-1"},"canonical":"https:\/\/uvbbrasil.com.br\/painel-mulheres-poderosas-encerra-programacao-encontro-nacional-de-legislativos-da-uvb\/","og_locale":"pt_BR","og_type":"article","og_title":"Painel mulheres poderosas encerra a programa\u00e7\u00e3o do encontro Nacional de Legislativos da UVB. - UVB Brasil","og_description":"A Uni\u00e3o dos Vereadores do Brasil-UVB, apresentou o painel\u00a0 mulheres poderosa no encerramento do Encontro Nacional de Legislativos Municipais, uma...","og_url":"https:\/\/uvbbrasil.com.br\/painel-mulheres-poderosas-encerra-programacao-encontro-nacional-de-legislativos-da-uvb\/","og_site_name":"UVB Brasil","article_publisher":"https:\/\/www.facebook.com\/uvb.vereadoresbrasil","article_published_time":"2020-02-14T15:28:10+00:00","og_image":[{"width":1280,"height":850,"url":"https:\/\/uvbbrasil.com.br\/wp-content\/uploads\/2020\/02\/WhatsApp-Image-2020-02-14-at-12.23.55.jpeg","type":"image\/jpeg"}],"author":"adminuvb","twitter_card":"summary_large_image","twitter_misc":{"Escrito por":"adminuvb","Est. tempo de leitura":"2 minutos"},"schema":{"@context":"https:\/\/schema.org","@graph":[{"@type":"Article","@id":"https:\/\/uvbbrasil.com.br\/painel-mulheres-poderosas-encerra-programacao-encontro-nacional-de-legislativos-da-uvb\/#article","isPartOf":{"@id":"https:\/\/uvbbrasil.com.br\/painel-mulheres-poderosas-encerra-programacao-encontro-nacional-de-legislativos-da-uvb\/"},"author":{"name":"adminuvb","@id":"https:\/\/uvbbrasil.com.br\/#\/schema\/person\/17990098446c098f52effddff4f1b272"},"headline":"Painel mulheres poderosas encerra a programa\u00e7\u00e3o do encontro Nacional de Legislativos da UVB.","datePublished":"2020-02-14T15:28:10+00:00","mainEntityOfPage":{"@id":"https:\/\/uvbbrasil.com.br\/painel-mulheres-poderosas-encerra-programacao-encontro-nacional-de-legislativos-da-uvb\/"},"wordCount":497,"commentCount":0,"publisher":{"@id":"https:\/\/uvbbrasil.com.br\/#organization"},"image":{"@id":"https:\/\/uvbbrasil.com.br\/painel-mulheres-poderosas-encerra-programacao-encontro-nacional-de-legislativos-da-uvb\/#primaryimage"},"thumbnailUrl":"https:\/\/uvbbrasil.com.br\/wp-content\/uploads\/2020\/02\/WhatsApp-Image-2020-02-14-at-12.23.55.jpeg","articleSection":["NOT\u00cdCIAS","UVB"],"inLanguage":"pt-BR","potentialAction":[{"@type":"CommentAction","name":"Comment","target":["https:\/\/uvbbrasil.com.br\/painel-mulheres-poderosas-encerra-programacao-encontro-nacional-de-legislativos-da-uvb\/#respond"]}]},{"@type":"WebPage","@id":"https:\/\/uvbbrasil.com.br\/painel-mulheres-poderosas-encerra-programacao-encontro-nacional-de-legislativos-da-uvb\/","url":"https:\/\/uvbbrasil.com.br\/painel-mulheres-poderosas-encerra-programacao-encontro-nacional-de-legislativos-da-uvb\/","name":"Painel mulheres poderosas encerra a programa\u00e7\u00e3o do encontro Nacional de Legislativos da UVB. - UVB Brasil","isPartOf":{"@id":"https:\/\/uvbbrasil.com.br\/#website"},"primaryImageOfPage":{"@id":"https:\/\/uvbbrasil.com.br\/painel-mulheres-poderosas-encerra-programacao-encontro-nacional-de-legislativos-da-uvb\/#primaryimage"},"image":{"@id":"https:\/\/uvbbrasil.com.br\/painel-mulheres-poderosas-encerra-programacao-encontro-nacional-de-legislativos-da-uvb\/#primaryimage"},"thumbnailUrl":"https:\/\/uvbbrasil.com.br\/wp-content\/uploads\/2020\/02\/WhatsApp-Image-2020-02-14-at-12.23.55.jpeg","datePublished":"2020-02-14T15:28:10+00:00","breadcrumb":{"@id":"https:\/\/uvbbrasil.com.br\/painel-mulheres-poderosas-encerra-programacao-encontro-nacional-de-legislativos-da-uvb\/#breadcrumb"},"inLanguage":"pt-BR","potentialAction":[{"@type":"ReadAction","target":["https:\/\/uvbbrasil.com.br\/painel-mulheres-poderosas-encerra-programacao-encontro-nacional-de-legislativos-da-uvb\/"]}]},{"@type":"ImageObject","inLanguage":"pt-BR","@id":"https:\/\/uvbbrasil.com.br\/painel-mulheres-poderosas-encerra-programacao-encontro-nacional-de-legislativos-da-uvb\/#primaryimage","url":"https:\/\/uvbbrasil.com.br\/wp-content\/uploads\/2020\/02\/WhatsApp-Image-2020-02-14-at-12.23.55.jpeg","contentUrl":"https:\/\/uvbbrasil.com.br\/wp-content\/uploads\/2020\/02\/WhatsApp-Image-2020-02-14-at-12.23.55.jpeg","width":1280,"height":850},{"@type":"BreadcrumbList","@id":"https:\/\/uvbbrasil.com.br\/painel-mulheres-poderosas-encerra-programacao-encontro-nacional-de-legislativos-da-uvb\/#breadcrumb","itemListElement":[{"@type":"ListItem","position":1,"name":"In\u00edcio","item":"https:\/\/uvbbrasil.com.br\/"},{"@type":"ListItem","position":2,"name":"Painel mulheres poderosas encerra a programa\u00e7\u00e3o do encontro Nacional de Legislativos da UVB."}]},{"@type":"WebSite","@id":"https:\/\/uvbbrasil.com.br\/#website","url":"https:\/\/uvbbrasil.com.br\/","name":"UVB Brasil","description":"Uni\u00e3o dos Vereadores do Brasil","publisher":{"@id":"https:\/\/uvbbrasil.com.br\/#organization"},"potentialAction":[{"@type":"SearchAction","target":{"@type":"EntryPoint","urlTemplate":"https:\/\/uvbbrasil.com.br\/?s={search_term_string}"},"query-input":{"@type":"PropertyValueSpecification","valueRequired":true,"valueName":"search_term_string"}}],"inLanguage":"pt-BR"},{"@type":"Organization","@id":"https:\/\/uvbbrasil.com.br\/#organization","name":"UVB Brasil","url":"https:\/\/uvbbrasil.com.br\/","logo":{"@type":"ImageObject","inLanguage":"pt-BR","@id":"https:\/\/uvbbrasil.com.br\/#\/schema\/logo\/image\/","url":"https:\/\/uvbbrasil.com.br\/wp-content\/uploads\/2025\/01\/LOGO-UVB-2024-azul-1.jpg","contentUrl":"https:\/\/uvbbrasil.com.br\/wp-content\/uploads\/2025\/01\/LOGO-UVB-2024-azul-1.jpg","width":600,"height":211,"caption":"UVB Brasil"},"image":{"@id":"https:\/\/uvbbrasil.com.br\/#\/schema\/logo\/image\/"},"sameAs":["https:\/\/www.facebook.com\/uvb.vereadoresbrasil","https:\/\/www.instagram.com\/uvbbrasil\/","https:\/\/www.youtube.com\/channel\/UCIlPQ8Xzw5GHNzosQIg9S5A"]},{"@type":"Person","@id":"https:\/\/uvbbrasil.com.br\/#\/schema\/person\/17990098446c098f52effddff4f1b272","name":"adminuvb","image":{"@type":"ImageObject","inLanguage":"pt-BR","@id":"https:\/\/uvbbrasil.com.br\/#\/schema\/person\/image\/","url":"https:\/\/secure.gravatar.com\/avatar\/1a494ea6f8e2dd1ae526e55b0e9497efdba542491e0620d704cccf63c6f77c45?s=96&d=mm&r=g","contentUrl":"https:\/\/secure.gravatar.com\/avatar\/1a494ea6f8e2dd1ae526e55b0e9497efdba542491e0620d704cccf63c6f77c45?s=96&d=mm&r=g","caption":"adminuvb"},"sameAs":["https:\/\/uvbbrasil.com.br"],"url":"https:\/\/uvbbrasil.com.br\/author\/adminuvb\/"}]}},"_links":{"self":[{"href":"https:\/\/uvbbrasil.com.br\/uvb-json\/wp\/v2\/posts\/17754","targetHints":{"allow":["GET"]}}],"collection":[{"href":"https:\/\/uvbbrasil.com.br\/uvb-json\/wp\/v2\/posts"}],"about":[{"href":"https:\/\/uvbbrasil.com.br\/uvb-json\/wp\/v2\/types\/post"}],"author":[{"embeddable":true,"href":"https:\/\/uvbbrasil.com.br\/uvb-json\/wp\/v2\/users\/1"}],"replies":[{"embeddable":true,"href":"https:\/\/uvbbrasil.com.br\/uvb-json\/wp\/v2\/comments?post=17754"}],"version-history":[{"count":0,"href":"https:\/\/uvbbrasil.com.br\/uvb-json\/wp\/v2\/posts\/17754\/revisions"}],"wp:featuredmedia":[{"embeddable":true,"href":"https:\/\/uvbbrasil.com.br\/uvb-json\/wp\/v2\/media\/17755"}],"wp:attachment":[{"href":"https:\/\/uvbbrasil.com.br\/uvb-json\/wp\/v2\/media?parent=17754"}],"wp:term":[{"taxonomy":"category","embeddable":true,"href":"https:\/\/uvbbrasil.com.br\/uvb-json\/wp\/v2\/categories?post=17754"},{"taxonomy":"post_tag","embeddable":true,"href":"https:\/\/uvbbrasil.com.br\/uvb-json\/wp\/v2\/tags?post=17754"}],"curies":[{"name":"wp","href":"https:\/\/api.w.org\/{rel}","templated":true}]}}