{"id":17751,"date":"2020-02-14T11:08:02","date_gmt":"2020-02-14T14:08:02","guid":{"rendered":"https:\/\/wpsandbox4.pante.com.br\/?p=17751"},"modified":"2020-02-14T11:08:02","modified_gmt":"2020-02-14T14:08:02","slug":"vedacoes-em-ano-eleitoral-sao-debatidas-em-encontro-de-legislativos","status":"publish","type":"post","link":"https:\/\/uvbbrasil.com.br\/vedacoes-em-ano-eleitoral-sao-debatidas-em-encontro-de-legislativos\/","title":{"rendered":"As veda\u00e7\u00f5es em ano eleitoral  s\u00e3o debatidas em Encontro de Legislativos.`"},"content":{"rendered":"<p>Eduardo Requi\u00e3o, Advogado especialista em direito administrativo de Salvador\/BA, debateu com os participantes do Encontro Nacional de Legislativos Municipais\u00a0 em Bras\u00edlia\u00a0 sobre as\u00a0 as mesas diretoras e as veda\u00e7\u00f5es em ano eleitoral.<\/p>\n<p>Condutas vedadas os agentes p\u00fablicos foram consolidadas no direito eleitoral brasileiro\u00a0 por interm\u00e9dio da Lei n 9.504\/97, no mesmo ano em que foi aprovada a emenda constitucional n 16 que\u00a0 permitiu a reelei\u00e7\u00e3o\u00a0\u00a0 do presidente da\u00a0 Rep\u00fablica, Governadores do Estado e do Distrito Federal e Prefeitos.Uma tentativa normativa de proteger e dar efetividade ao principio da igualdade de oportunidades entre candidatos nos pleitos eleitorais.<\/p>\n<p>Citou o principio da igualdade de oportunidades na corrida eleitoral atrelado ao principio da paridade de chances\u00a0\u00a0 nas elei\u00e7\u00f5es , portanto, s\u00e3o normas proibitivas que regulam o comportamento(obriga\u00e7\u00f5es\u00a0 de fazer ou n\u00e3o fazer) dos agentes p\u00fablicos\u00a0 durante um determinado espa\u00e7o\u00a0 de tempo, a fim de evitar e combater o uso da maquina\u00a0 administrativa p\u00fablica benef\u00edcio, direto e indireto de candidatos.<\/p>\n<p>Requi\u00e3o demostrou aos presentes oque\u00a0 s\u00e3o proibidas aos agentes\u00a0 p\u00fablicos , servidores ou n\u00e3o as seguintes condutas tendentes a afetar a igualdade de oportunidade entre candidatos\u00a0 nos pleitos eleitorais.O exame das condutas vedadas prevista no Art.(Lei 9.5047\/97) deve ocorrer em dois momentos,(1) ao verificar se o fato s enquadra na hip\u00f3teses\u00a0 previstas descabendo indagar sobre potencialidade ou gravidade dos fatos( subsun\u00e7\u00e3o objetiva), e se, afirmativo, (2) ao determinar a san\u00e7\u00e3o a ser aplicada(ju\u00edzo de proporcionalidade) .<\/p>\n<p>Explicou tamb\u00e9m que as condutas vedadas por ser praticada pelo pr\u00f3prio candidato (agente p\u00fablico) ou por terceiros, se praticado por terceiros, o candidato\u00a0 ser\u00e1 beneficiado. E nessas situa\u00e7\u00f5es, o agente p\u00fablico respons\u00e1vel pela pratica da conduta ;e litisconsorte passivo necess\u00e1rio em representa\u00e7\u00e3o ou a\u00e7\u00e3o de investiga\u00e7\u00e3o judicial eleitoral do eventual benefici\u00e1rio candidato.Considera-se\u00a0 agente p\u00fablico, para efeitos\u00a0 desse artigo, quem exerce ainda que transitoriamente ou sem remunera\u00e7\u00e3o , por elei\u00e7\u00e3o, nomea\u00e7\u00e3o, designa\u00e7\u00e3o,contrata\u00e7\u00e3o ou qualquer outra forma de investidura\u00a0 ou v\u00ednculo, mandato, cargo, emprego ou fun\u00e7\u00e3o nos \u00f3rg\u00e3os ou entidades da administra\u00e7\u00e3o direta, indireta ou funcional, finalizou, o especialista em direito administrativo.<a href=\"https:\/\/uvbbrasil.com.br\/?attachment_id=17702\" rel=\"attachment wp-att-17702\"><img fetchpriority=\"high\" decoding=\"async\" class=\"aligncenter size-full wp-image-17702\" src=\"https:\/\/uvbbrasil.com.br\/wp-content\/uploads\/2020\/02\/1-palesta-1.jpeg\" alt=\"\" width=\"1280\" height=\"850\" srcset=\"https:\/\/uvbbrasil.com.br\/wp-content\/uploads\/2020\/02\/1-palesta-1.jpeg 1280w, https:\/\/uvbbrasil.com.br\/wp-content\/uploads\/2020\/02\/1-palesta-1-300x199.jpeg 300w, https:\/\/uvbbrasil.com.br\/wp-content\/uploads\/2020\/02\/1-palesta-1-1024x680.jpeg 1024w, https:\/\/uvbbrasil.com.br\/wp-content\/uploads\/2020\/02\/1-palesta-1-768x510.jpeg 768w\" sizes=\"(max-width: 1280px) 100vw, 1280px\" \/><\/a><a href=\"https:\/\/uvbbrasil.com.br\/?attachment_id=17752\" rel=\"attachment wp-att-17752\"><img decoding=\"async\" class=\"aligncenter size-full wp-image-17752\" src=\"https:\/\/uvbbrasil.com.br\/wp-content\/uploads\/2020\/02\/WhatsApp-Image-2020-02-14-at-11.00.09-1.jpeg\" alt=\"\" width=\"1280\" height=\"850\" srcset=\"https:\/\/uvbbrasil.com.br\/wp-content\/uploads\/2020\/02\/WhatsApp-Image-2020-02-14-at-11.00.09-1.jpeg 1280w, https:\/\/uvbbrasil.com.br\/wp-content\/uploads\/2020\/02\/WhatsApp-Image-2020-02-14-at-11.00.09-1-300x199.jpeg 300w, https:\/\/uvbbrasil.com.br\/wp-content\/uploads\/2020\/02\/WhatsApp-Image-2020-02-14-at-11.00.09-1-1024x680.jpeg 1024w, https:\/\/uvbbrasil.com.br\/wp-content\/uploads\/2020\/02\/WhatsApp-Image-2020-02-14-at-11.00.09-1-768x510.jpeg 768w\" sizes=\"(max-width: 1280px) 100vw, 1280px\" \/><\/a><a href=\"https:\/\/uvbbrasil.com.br\/?attachment_id=17715\" rel=\"attachment wp-att-17715\"><img decoding=\"async\" class=\"aligncenter size-full wp-image-17715\" src=\"https:\/\/uvbbrasil.com.br\/wp-content\/uploads\/2020\/02\/publico-2.jpeg\" alt=\"\" width=\"1280\" height=\"850\" srcset=\"https:\/\/uvbbrasil.com.br\/wp-content\/uploads\/2020\/02\/publico-2.jpeg 1280w, https:\/\/uvbbrasil.com.br\/wp-content\/uploads\/2020\/02\/publico-2-300x199.jpeg 300w, https:\/\/uvbbrasil.com.br\/wp-content\/uploads\/2020\/02\/publico-2-1024x680.jpeg 1024w, https:\/\/uvbbrasil.com.br\/wp-content\/uploads\/2020\/02\/publico-2-768x510.jpeg 768w\" sizes=\"(max-width: 1280px) 100vw, 1280px\" \/><\/a><\/p>\n","protected":false},"excerpt":{"rendered":"<p>Eduardo Requi\u00e3o, Advogado especialista em direito administrativo de Salvador\/BA, debateu com os participantes do Encontro Nacional de Legislativos Municipais\u00a0 em&#8230;<\/p>\n","protected":false},"author":1,"featured_media":17752,"comment_status":"open","ping_status":"open","sticky":false,"template":"","format":"standard","meta":{"footnotes":""},"categories":[3,4],"tags":[],"class_list":["post-17751","post","type-post","status-publish","format-standard","has-post-thumbnail","hentry","category-noticias","category-home"],"yoast_head":"<!-- This site is optimized with the Yoast SEO plugin v26.7 - https:\/\/yoast.com\/wordpress\/plugins\/seo\/ -->\n<title>As veda\u00e7\u00f5es em ano eleitoral s\u00e3o debatidas em Encontro de Legislativos.` - UVB Brasil<\/title>\n<meta name=\"robots\" content=\"index, follow, max-snippet:-1, max-image-preview:large, max-video-preview:-1\" \/>\n<link rel=\"canonical\" href=\"https:\/\/uvbbrasil.com.br\/vedacoes-em-ano-eleitoral-sao-debatidas-em-encontro-de-legislativos\/\" \/>\n<meta property=\"og:locale\" content=\"pt_BR\" \/>\n<meta property=\"og:type\" content=\"article\" \/>\n<meta property=\"og:title\" content=\"As veda\u00e7\u00f5es em ano eleitoral s\u00e3o debatidas em Encontro de Legislativos.` - UVB Brasil\" \/>\n<meta property=\"og:description\" content=\"Eduardo Requi\u00e3o, Advogado especialista em direito administrativo de Salvador\/BA, debateu com os participantes do Encontro Nacional de Legislativos Municipais\u00a0 em...\" \/>\n<meta property=\"og:url\" content=\"https:\/\/uvbbrasil.com.br\/vedacoes-em-ano-eleitoral-sao-debatidas-em-encontro-de-legislativos\/\" \/>\n<meta property=\"og:site_name\" content=\"UVB Brasil\" \/>\n<meta property=\"article:publisher\" content=\"https:\/\/www.facebook.com\/uvb.vereadoresbrasil\" \/>\n<meta property=\"article:published_time\" content=\"2020-02-14T14:08:02+00:00\" \/>\n<meta property=\"og:image\" content=\"https:\/\/uvbbrasil.com.br\/wp-content\/uploads\/2020\/02\/WhatsApp-Image-2020-02-14-at-11.00.09-1.jpeg\" \/>\n\t<meta property=\"og:image:width\" content=\"1280\" \/>\n\t<meta property=\"og:image:height\" content=\"850\" \/>\n\t<meta property=\"og:image:type\" content=\"image\/jpeg\" \/>\n<meta name=\"author\" content=\"adminuvb\" \/>\n<meta name=\"twitter:card\" content=\"summary_large_image\" \/>\n<meta name=\"twitter:label1\" content=\"Escrito por\" \/>\n\t<meta name=\"twitter:data1\" content=\"adminuvb\" \/>\n\t<meta name=\"twitter:label2\" content=\"Est. tempo de leitura\" \/>\n\t<meta name=\"twitter:data2\" content=\"2 minutos\" \/>\n<script type=\"application\/ld+json\" class=\"yoast-schema-graph\">{\"@context\":\"https:\/\/schema.org\",\"@graph\":[{\"@type\":\"Article\",\"@id\":\"https:\/\/uvbbrasil.com.br\/vedacoes-em-ano-eleitoral-sao-debatidas-em-encontro-de-legislativos\/#article\",\"isPartOf\":{\"@id\":\"https:\/\/uvbbrasil.com.br\/vedacoes-em-ano-eleitoral-sao-debatidas-em-encontro-de-legislativos\/\"},\"author\":{\"name\":\"adminuvb\",\"@id\":\"https:\/\/uvbbrasil.com.br\/#\/schema\/person\/17990098446c098f52effddff4f1b272\"},\"headline\":\"As veda\u00e7\u00f5es em ano eleitoral s\u00e3o debatidas em Encontro de Legislativos.`\",\"datePublished\":\"2020-02-14T14:08:02+00:00\",\"mainEntityOfPage\":{\"@id\":\"https:\/\/uvbbrasil.com.br\/vedacoes-em-ano-eleitoral-sao-debatidas-em-encontro-de-legislativos\/\"},\"wordCount\":389,\"commentCount\":0,\"publisher\":{\"@id\":\"https:\/\/uvbbrasil.com.br\/#organization\"},\"image\":{\"@id\":\"https:\/\/uvbbrasil.com.br\/vedacoes-em-ano-eleitoral-sao-debatidas-em-encontro-de-legislativos\/#primaryimage\"},\"thumbnailUrl\":\"https:\/\/uvbbrasil.com.br\/wp-content\/uploads\/2020\/02\/WhatsApp-Image-2020-02-14-at-11.00.09-1.jpeg\",\"articleSection\":[\"NOT\u00cdCIAS\",\"UVB\"],\"inLanguage\":\"pt-BR\",\"potentialAction\":[{\"@type\":\"CommentAction\",\"name\":\"Comment\",\"target\":[\"https:\/\/uvbbrasil.com.br\/vedacoes-em-ano-eleitoral-sao-debatidas-em-encontro-de-legislativos\/#respond\"]}]},{\"@type\":\"WebPage\",\"@id\":\"https:\/\/uvbbrasil.com.br\/vedacoes-em-ano-eleitoral-sao-debatidas-em-encontro-de-legislativos\/\",\"url\":\"https:\/\/uvbbrasil.com.br\/vedacoes-em-ano-eleitoral-sao-debatidas-em-encontro-de-legislativos\/\",\"name\":\"As veda\u00e7\u00f5es em ano eleitoral s\u00e3o debatidas em Encontro de Legislativos.` - UVB Brasil\",\"isPartOf\":{\"@id\":\"https:\/\/uvbbrasil.com.br\/#website\"},\"primaryImageOfPage\":{\"@id\":\"https:\/\/uvbbrasil.com.br\/vedacoes-em-ano-eleitoral-sao-debatidas-em-encontro-de-legislativos\/#primaryimage\"},\"image\":{\"@id\":\"https:\/\/uvbbrasil.com.br\/vedacoes-em-ano-eleitoral-sao-debatidas-em-encontro-de-legislativos\/#primaryimage\"},\"thumbnailUrl\":\"https:\/\/uvbbrasil.com.br\/wp-content\/uploads\/2020\/02\/WhatsApp-Image-2020-02-14-at-11.00.09-1.jpeg\",\"datePublished\":\"2020-02-14T14:08:02+00:00\",\"breadcrumb\":{\"@id\":\"https:\/\/uvbbrasil.com.br\/vedacoes-em-ano-eleitoral-sao-debatidas-em-encontro-de-legislativos\/#breadcrumb\"},\"inLanguage\":\"pt-BR\",\"potentialAction\":[{\"@type\":\"ReadAction\",\"target\":[\"https:\/\/uvbbrasil.com.br\/vedacoes-em-ano-eleitoral-sao-debatidas-em-encontro-de-legislativos\/\"]}]},{\"@type\":\"ImageObject\",\"inLanguage\":\"pt-BR\",\"@id\":\"https:\/\/uvbbrasil.com.br\/vedacoes-em-ano-eleitoral-sao-debatidas-em-encontro-de-legislativos\/#primaryimage\",\"url\":\"https:\/\/uvbbrasil.com.br\/wp-content\/uploads\/2020\/02\/WhatsApp-Image-2020-02-14-at-11.00.09-1.jpeg\",\"contentUrl\":\"https:\/\/uvbbrasil.com.br\/wp-content\/uploads\/2020\/02\/WhatsApp-Image-2020-02-14-at-11.00.09-1.jpeg\",\"width\":1280,\"height\":850},{\"@type\":\"BreadcrumbList\",\"@id\":\"https:\/\/uvbbrasil.com.br\/vedacoes-em-ano-eleitoral-sao-debatidas-em-encontro-de-legislativos\/#breadcrumb\",\"itemListElement\":[{\"@type\":\"ListItem\",\"position\":1,\"name\":\"In\u00edcio\",\"item\":\"https:\/\/uvbbrasil.com.br\/\"},{\"@type\":\"ListItem\",\"position\":2,\"name\":\"As veda\u00e7\u00f5es em ano eleitoral s\u00e3o debatidas em Encontro de Legislativos.`\"}]},{\"@type\":\"WebSite\",\"@id\":\"https:\/\/uvbbrasil.com.br\/#website\",\"url\":\"https:\/\/uvbbrasil.com.br\/\",\"name\":\"UVB Brasil\",\"description\":\"Uni\u00e3o dos Vereadores do Brasil\",\"publisher\":{\"@id\":\"https:\/\/uvbbrasil.com.br\/#organization\"},\"potentialAction\":[{\"@type\":\"SearchAction\",\"target\":{\"@type\":\"EntryPoint\",\"urlTemplate\":\"https:\/\/uvbbrasil.com.br\/?s={search_term_string}\"},\"query-input\":{\"@type\":\"PropertyValueSpecification\",\"valueRequired\":true,\"valueName\":\"search_term_string\"}}],\"inLanguage\":\"pt-BR\"},{\"@type\":\"Organization\",\"@id\":\"https:\/\/uvbbrasil.com.br\/#organization\",\"name\":\"UVB Brasil\",\"url\":\"https:\/\/uvbbrasil.com.br\/\",\"logo\":{\"@type\":\"ImageObject\",\"inLanguage\":\"pt-BR\",\"@id\":\"https:\/\/uvbbrasil.com.br\/#\/schema\/logo\/image\/\",\"url\":\"https:\/\/uvbbrasil.com.br\/wp-content\/uploads\/2025\/01\/LOGO-UVB-2024-azul-1.jpg\",\"contentUrl\":\"https:\/\/uvbbrasil.com.br\/wp-content\/uploads\/2025\/01\/LOGO-UVB-2024-azul-1.jpg\",\"width\":600,\"height\":211,\"caption\":\"UVB Brasil\"},\"image\":{\"@id\":\"https:\/\/uvbbrasil.com.br\/#\/schema\/logo\/image\/\"},\"sameAs\":[\"https:\/\/www.facebook.com\/uvb.vereadoresbrasil\",\"https:\/\/www.instagram.com\/uvbbrasil\/\",\"https:\/\/www.youtube.com\/channel\/UCIlPQ8Xzw5GHNzosQIg9S5A\"]},{\"@type\":\"Person\",\"@id\":\"https:\/\/uvbbrasil.com.br\/#\/schema\/person\/17990098446c098f52effddff4f1b272\",\"name\":\"adminuvb\",\"image\":{\"@type\":\"ImageObject\",\"inLanguage\":\"pt-BR\",\"@id\":\"https:\/\/uvbbrasil.com.br\/#\/schema\/person\/image\/\",\"url\":\"https:\/\/secure.gravatar.com\/avatar\/1a494ea6f8e2dd1ae526e55b0e9497efdba542491e0620d704cccf63c6f77c45?s=96&d=mm&r=g\",\"contentUrl\":\"https:\/\/secure.gravatar.com\/avatar\/1a494ea6f8e2dd1ae526e55b0e9497efdba542491e0620d704cccf63c6f77c45?s=96&d=mm&r=g\",\"caption\":\"adminuvb\"},\"sameAs\":[\"https:\/\/uvbbrasil.com.br\"],\"url\":\"https:\/\/uvbbrasil.com.br\/author\/adminuvb\/\"}]}<\/script>\n<!-- \/ Yoast SEO plugin. -->","yoast_head_json":{"title":"As veda\u00e7\u00f5es em ano eleitoral s\u00e3o debatidas em Encontro de Legislativos.` - UVB Brasil","robots":{"index":"index","follow":"follow","max-snippet":"max-snippet:-1","max-image-preview":"max-image-preview:large","max-video-preview":"max-video-preview:-1"},"canonical":"https:\/\/uvbbrasil.com.br\/vedacoes-em-ano-eleitoral-sao-debatidas-em-encontro-de-legislativos\/","og_locale":"pt_BR","og_type":"article","og_title":"As veda\u00e7\u00f5es em ano eleitoral s\u00e3o debatidas em Encontro de Legislativos.` - UVB Brasil","og_description":"Eduardo Requi\u00e3o, Advogado especialista em direito administrativo de Salvador\/BA, debateu com os participantes do Encontro Nacional de Legislativos Municipais\u00a0 em...","og_url":"https:\/\/uvbbrasil.com.br\/vedacoes-em-ano-eleitoral-sao-debatidas-em-encontro-de-legislativos\/","og_site_name":"UVB Brasil","article_publisher":"https:\/\/www.facebook.com\/uvb.vereadoresbrasil","article_published_time":"2020-02-14T14:08:02+00:00","og_image":[{"width":1280,"height":850,"url":"https:\/\/uvbbrasil.com.br\/wp-content\/uploads\/2020\/02\/WhatsApp-Image-2020-02-14-at-11.00.09-1.jpeg","type":"image\/jpeg"}],"author":"adminuvb","twitter_card":"summary_large_image","twitter_misc":{"Escrito por":"adminuvb","Est. tempo de leitura":"2 minutos"},"schema":{"@context":"https:\/\/schema.org","@graph":[{"@type":"Article","@id":"https:\/\/uvbbrasil.com.br\/vedacoes-em-ano-eleitoral-sao-debatidas-em-encontro-de-legislativos\/#article","isPartOf":{"@id":"https:\/\/uvbbrasil.com.br\/vedacoes-em-ano-eleitoral-sao-debatidas-em-encontro-de-legislativos\/"},"author":{"name":"adminuvb","@id":"https:\/\/uvbbrasil.com.br\/#\/schema\/person\/17990098446c098f52effddff4f1b272"},"headline":"As veda\u00e7\u00f5es em ano eleitoral s\u00e3o debatidas em Encontro de Legislativos.`","datePublished":"2020-02-14T14:08:02+00:00","mainEntityOfPage":{"@id":"https:\/\/uvbbrasil.com.br\/vedacoes-em-ano-eleitoral-sao-debatidas-em-encontro-de-legislativos\/"},"wordCount":389,"commentCount":0,"publisher":{"@id":"https:\/\/uvbbrasil.com.br\/#organization"},"image":{"@id":"https:\/\/uvbbrasil.com.br\/vedacoes-em-ano-eleitoral-sao-debatidas-em-encontro-de-legislativos\/#primaryimage"},"thumbnailUrl":"https:\/\/uvbbrasil.com.br\/wp-content\/uploads\/2020\/02\/WhatsApp-Image-2020-02-14-at-11.00.09-1.jpeg","articleSection":["NOT\u00cdCIAS","UVB"],"inLanguage":"pt-BR","potentialAction":[{"@type":"CommentAction","name":"Comment","target":["https:\/\/uvbbrasil.com.br\/vedacoes-em-ano-eleitoral-sao-debatidas-em-encontro-de-legislativos\/#respond"]}]},{"@type":"WebPage","@id":"https:\/\/uvbbrasil.com.br\/vedacoes-em-ano-eleitoral-sao-debatidas-em-encontro-de-legislativos\/","url":"https:\/\/uvbbrasil.com.br\/vedacoes-em-ano-eleitoral-sao-debatidas-em-encontro-de-legislativos\/","name":"As veda\u00e7\u00f5es em ano eleitoral s\u00e3o debatidas em Encontro de Legislativos.` - UVB Brasil","isPartOf":{"@id":"https:\/\/uvbbrasil.com.br\/#website"},"primaryImageOfPage":{"@id":"https:\/\/uvbbrasil.com.br\/vedacoes-em-ano-eleitoral-sao-debatidas-em-encontro-de-legislativos\/#primaryimage"},"image":{"@id":"https:\/\/uvbbrasil.com.br\/vedacoes-em-ano-eleitoral-sao-debatidas-em-encontro-de-legislativos\/#primaryimage"},"thumbnailUrl":"https:\/\/uvbbrasil.com.br\/wp-content\/uploads\/2020\/02\/WhatsApp-Image-2020-02-14-at-11.00.09-1.jpeg","datePublished":"2020-02-14T14:08:02+00:00","breadcrumb":{"@id":"https:\/\/uvbbrasil.com.br\/vedacoes-em-ano-eleitoral-sao-debatidas-em-encontro-de-legislativos\/#breadcrumb"},"inLanguage":"pt-BR","potentialAction":[{"@type":"ReadAction","target":["https:\/\/uvbbrasil.com.br\/vedacoes-em-ano-eleitoral-sao-debatidas-em-encontro-de-legislativos\/"]}]},{"@type":"ImageObject","inLanguage":"pt-BR","@id":"https:\/\/uvbbrasil.com.br\/vedacoes-em-ano-eleitoral-sao-debatidas-em-encontro-de-legislativos\/#primaryimage","url":"https:\/\/uvbbrasil.com.br\/wp-content\/uploads\/2020\/02\/WhatsApp-Image-2020-02-14-at-11.00.09-1.jpeg","contentUrl":"https:\/\/uvbbrasil.com.br\/wp-content\/uploads\/2020\/02\/WhatsApp-Image-2020-02-14-at-11.00.09-1.jpeg","width":1280,"height":850},{"@type":"BreadcrumbList","@id":"https:\/\/uvbbrasil.com.br\/vedacoes-em-ano-eleitoral-sao-debatidas-em-encontro-de-legislativos\/#breadcrumb","itemListElement":[{"@type":"ListItem","position":1,"name":"In\u00edcio","item":"https:\/\/uvbbrasil.com.br\/"},{"@type":"ListItem","position":2,"name":"As veda\u00e7\u00f5es em ano eleitoral s\u00e3o debatidas em Encontro de Legislativos.`"}]},{"@type":"WebSite","@id":"https:\/\/uvbbrasil.com.br\/#website","url":"https:\/\/uvbbrasil.com.br\/","name":"UVB Brasil","description":"Uni\u00e3o dos Vereadores do Brasil","publisher":{"@id":"https:\/\/uvbbrasil.com.br\/#organization"},"potentialAction":[{"@type":"SearchAction","target":{"@type":"EntryPoint","urlTemplate":"https:\/\/uvbbrasil.com.br\/?s={search_term_string}"},"query-input":{"@type":"PropertyValueSpecification","valueRequired":true,"valueName":"search_term_string"}}],"inLanguage":"pt-BR"},{"@type":"Organization","@id":"https:\/\/uvbbrasil.com.br\/#organization","name":"UVB Brasil","url":"https:\/\/uvbbrasil.com.br\/","logo":{"@type":"ImageObject","inLanguage":"pt-BR","@id":"https:\/\/uvbbrasil.com.br\/#\/schema\/logo\/image\/","url":"https:\/\/uvbbrasil.com.br\/wp-content\/uploads\/2025\/01\/LOGO-UVB-2024-azul-1.jpg","contentUrl":"https:\/\/uvbbrasil.com.br\/wp-content\/uploads\/2025\/01\/LOGO-UVB-2024-azul-1.jpg","width":600,"height":211,"caption":"UVB Brasil"},"image":{"@id":"https:\/\/uvbbrasil.com.br\/#\/schema\/logo\/image\/"},"sameAs":["https:\/\/www.facebook.com\/uvb.vereadoresbrasil","https:\/\/www.instagram.com\/uvbbrasil\/","https:\/\/www.youtube.com\/channel\/UCIlPQ8Xzw5GHNzosQIg9S5A"]},{"@type":"Person","@id":"https:\/\/uvbbrasil.com.br\/#\/schema\/person\/17990098446c098f52effddff4f1b272","name":"adminuvb","image":{"@type":"ImageObject","inLanguage":"pt-BR","@id":"https:\/\/uvbbrasil.com.br\/#\/schema\/person\/image\/","url":"https:\/\/secure.gravatar.com\/avatar\/1a494ea6f8e2dd1ae526e55b0e9497efdba542491e0620d704cccf63c6f77c45?s=96&d=mm&r=g","contentUrl":"https:\/\/secure.gravatar.com\/avatar\/1a494ea6f8e2dd1ae526e55b0e9497efdba542491e0620d704cccf63c6f77c45?s=96&d=mm&r=g","caption":"adminuvb"},"sameAs":["https:\/\/uvbbrasil.com.br"],"url":"https:\/\/uvbbrasil.com.br\/author\/adminuvb\/"}]}},"_links":{"self":[{"href":"https:\/\/uvbbrasil.com.br\/uvb-json\/wp\/v2\/posts\/17751","targetHints":{"allow":["GET"]}}],"collection":[{"href":"https:\/\/uvbbrasil.com.br\/uvb-json\/wp\/v2\/posts"}],"about":[{"href":"https:\/\/uvbbrasil.com.br\/uvb-json\/wp\/v2\/types\/post"}],"author":[{"embeddable":true,"href":"https:\/\/uvbbrasil.com.br\/uvb-json\/wp\/v2\/users\/1"}],"replies":[{"embeddable":true,"href":"https:\/\/uvbbrasil.com.br\/uvb-json\/wp\/v2\/comments?post=17751"}],"version-history":[{"count":0,"href":"https:\/\/uvbbrasil.com.br\/uvb-json\/wp\/v2\/posts\/17751\/revisions"}],"wp:featuredmedia":[{"embeddable":true,"href":"https:\/\/uvbbrasil.com.br\/uvb-json\/wp\/v2\/media\/17752"}],"wp:attachment":[{"href":"https:\/\/uvbbrasil.com.br\/uvb-json\/wp\/v2\/media?parent=17751"}],"wp:term":[{"taxonomy":"category","embeddable":true,"href":"https:\/\/uvbbrasil.com.br\/uvb-json\/wp\/v2\/categories?post=17751"},{"taxonomy":"post_tag","embeddable":true,"href":"https:\/\/uvbbrasil.com.br\/uvb-json\/wp\/v2\/tags?post=17751"}],"curies":[{"name":"wp","href":"https:\/\/api.w.org\/{rel}","templated":true}]}}