{"id":17729,"date":"2020-02-12T19:41:04","date_gmt":"2020-02-12T22:41:04","guid":{"rendered":"https:\/\/wpsandbox4.pante.com.br\/?p=17729"},"modified":"2020-02-12T19:41:04","modified_gmt":"2020-02-12T22:41:04","slug":"especialista-em-auditoria-governamental-ministra-palestra-em-congresso-da-uvb","status":"publish","type":"post","link":"https:\/\/uvbbrasil.com.br\/especialista-em-auditoria-governamental-ministra-palestra-em-congresso-da-uvb\/","title":{"rendered":"Especialista em Auditoria Governamental ministra palestra em congresso da UVB."},"content":{"rendered":"<p>Vitor Maciel \u2013 Representante da ANTC \u2013 Associa\u00e7\u00e3o Nacional dos Auditores de Controle Externo Contador, Especialista em Auditoria Governamental, Mestre em Contabilidade com \u00eanfase em Gest\u00e3o P\u00fablica, Professor Titular da Universidade Federal da Bahia, Coordenador de Cursos de Gradua\u00e7\u00e3o e P\u00f3s Gradua\u00e7\u00e3o, Auditor Estadual de Controle Externo do Tribunal de Contas dos Munic\u00edpios do Estado da Bahia, participou nesta quarta feira(12) do Encontro Nacional de Legislativos Municipais.<\/p>\n<p>Abordou os aspectos da lei de responsabilidade fiscal que trata no seu conte\u00fado \u00a0das metas\u00a0 de resultado nominal, resultado prim\u00e1rio, da transpar\u00eancia como um requisito de desnudamento \u00a0as coisas publicas , onde os agentes pol\u00edticos \u00a0de todos os\u00a0 poderes s\u00e3o abrigados\u00a0 a tornar publico\u00a0 todos os exatos digest\u00e3o , os sal\u00e1rios,\u00a0 as despesas que s\u00e3o realizadas e os avisos de licita\u00e7\u00f5es.<\/p>\n<p>Debateu tamb\u00e9m sobre o papel do parlamento municipal nesse trabalho juntamente com os Tribunais de Contas para fiscaliza\u00e7\u00e3o da aplica\u00e7\u00e3o dos recursos p\u00fablicos inclusive no atendimento dos requisitos das metas de programa\u00e7\u00e3o financeira. Foi colocado que a lei de responsabilidade fiscal obriga que trinta dias ap\u00f3s a publica\u00e7\u00e3o \u00a0dos or\u00e7amentos \u00a0as entidades dever\u00e3o publicar\u00a0 a programa\u00e7\u00e3o financeira\u00a0 onde estar\u00e1 descrita\u00a0 as metas de arrecada\u00e7\u00e3o, o quanto ser\u00e1 arrecadado no m\u00eas e o cronograma de desembolso e se houver a frustra\u00e7\u00e3o \u00a0desse ingresso os gestores ou chefe do \u00a0poder executivo por ato pr\u00f3prio dever\u00e1 implementar uma medida chamada limita\u00e7\u00e3o \u00a0de empenho que \u00e9 a conting\u00eancia de gastos.<\/p>\n<p>Discutiu tamb\u00e9m que a lei de \u00a0responsabilidade\u00a0 fiscal traz\u00a0 uma preocupa\u00e7\u00e3o grande quanto \u00a0ao artigo 42\u00a0 que veda que\u00a0 o gestor\u00a0 nos \u00a0dois \u00faltimos \u00a0quadrimestres\u00a0 do final do mandato assumam \u00a0obriga\u00e7\u00f5es que n\u00e3o possam \u00a0ser cumpridas\u00a0 integralmente no exerc\u00edcio \u00a0e caso fique qualquer obriga\u00e7\u00e3o, o gestor dever\u00e1 deixar disponibilidade em caixa para f\u00e1cil essas despesas .<\/p>\n<p>E por fim \u00a0o especialista em Auditoria\u00a0 Governamental\u00a0 explicou que a mat\u00e9ria de gest\u00e3o fiscal, \u00e9 uma mat\u00e9ria \u00a0quer n\u00e3o \u00e9 apenas aplic\u00e1vel ao chefe do poder executivo o poder legislativo tamb\u00e9m \u00a0tem que participar\u00a0 na gesta\u00e7\u00e3o \u00a0daquele ente da federa\u00e7\u00e3o, o munic\u00edpio objetivo da pauta do grande evento da Uni\u00e3o dos Vereadores\u00a0 Brasil-UVB, para que o endividamento \u00a0das entidades do setor publico\u00a0 n\u00e3o majore mias do que a realidade atual, e cabe ao vereador junto com a popula\u00e7\u00e3o \u00a0fazer\u00a0 a fiscaliza\u00e7\u00e3o \u00a0dos atos\u00a0 de transpar\u00eancia \u00a0de gest\u00e3o fiscal\u00a0 n\u00e3o apenas do chefe do poder executivo, mais tamb\u00e9m \u00a0ser vigilante enquanto \u00a0ordenador de despesas, enquanto aqueles que administram recursos p\u00fablicos \u00a0para que tenham uma administra\u00e7\u00e3o financeira eficiente e que executem gastos\u00a0 atendendo o proposito\u00a0 ao qual o parlamento\u00a0 se destina, que \u00e9 fiscalizar, legislar,\u00a0 julgar\u00a0 e fazer a vigil\u00e2ncia efetiva da aplica\u00e7\u00e3o \u00a0do recurso p\u00fablicos .<a href=\"https:\/\/uvbbrasil.com.br\/?attachment_id=17732\" rel=\"attachment wp-att-17732\"><img fetchpriority=\"high\" decoding=\"async\" class=\"aligncenter size-full wp-image-17732\" src=\"https:\/\/uvbbrasil.com.br\/wp-content\/uploads\/2020\/02\/vitor-publico.jpeg\" alt=\"\" width=\"1280\" height=\"850\" srcset=\"https:\/\/uvbbrasil.com.br\/wp-content\/uploads\/2020\/02\/vitor-publico.jpeg 1280w, https:\/\/uvbbrasil.com.br\/wp-content\/uploads\/2020\/02\/vitor-publico-300x199.jpeg 300w, https:\/\/uvbbrasil.com.br\/wp-content\/uploads\/2020\/02\/vitor-publico-1024x680.jpeg 1024w, https:\/\/uvbbrasil.com.br\/wp-content\/uploads\/2020\/02\/vitor-publico-768x510.jpeg 768w\" sizes=\"(max-width: 1280px) 100vw, 1280px\" \/><\/a><\/p>\n<p>&nbsp;<\/p>\n<p><a href=\"https:\/\/uvbbrasil.com.br\/?attachment_id=17733\" rel=\"attachment wp-att-17733\"><img decoding=\"async\" class=\"aligncenter size-full wp-image-17733\" src=\"https:\/\/uvbbrasil.com.br\/wp-content\/uploads\/2020\/02\/certificado-vitor.jpeg\" alt=\"\" width=\"1280\" height=\"850\" srcset=\"https:\/\/uvbbrasil.com.br\/wp-content\/uploads\/2020\/02\/certificado-vitor.jpeg 1280w, https:\/\/uvbbrasil.com.br\/wp-content\/uploads\/2020\/02\/certificado-vitor-300x199.jpeg 300w, https:\/\/uvbbrasil.com.br\/wp-content\/uploads\/2020\/02\/certificado-vitor-1024x680.jpeg 1024w, https:\/\/uvbbrasil.com.br\/wp-content\/uploads\/2020\/02\/certificado-vitor-768x510.jpeg 768w\" sizes=\"(max-width: 1280px) 100vw, 1280px\" \/><\/a><a href=\"https:\/\/uvbbrasil.com.br\/?attachment_id=17731\" rel=\"attachment wp-att-17731\"><img decoding=\"async\" class=\"aligncenter size-full wp-image-17731\" src=\"https:\/\/uvbbrasil.com.br\/wp-content\/uploads\/2020\/02\/vitor.jpeg\" alt=\"\" width=\"1280\" height=\"850\" srcset=\"https:\/\/uvbbrasil.com.br\/wp-content\/uploads\/2020\/02\/vitor.jpeg 1280w, https:\/\/uvbbrasil.com.br\/wp-content\/uploads\/2020\/02\/vitor-300x199.jpeg 300w, https:\/\/uvbbrasil.com.br\/wp-content\/uploads\/2020\/02\/vitor-1024x680.jpeg 1024w, https:\/\/uvbbrasil.com.br\/wp-content\/uploads\/2020\/02\/vitor-768x510.jpeg 768w\" sizes=\"(max-width: 1280px) 100vw, 1280px\" \/><\/a><\/p>\n<p>&nbsp;<\/p>\n","protected":false},"excerpt":{"rendered":"<p>Vitor Maciel \u2013 Representante da ANTC \u2013 Associa\u00e7\u00e3o Nacional dos Auditores de Controle Externo Contador, Especialista em Auditoria Governamental, Mestre&#8230;<\/p>\n","protected":false},"author":1,"featured_media":17731,"comment_status":"open","ping_status":"open","sticky":false,"template":"","format":"standard","meta":{"footnotes":""},"categories":[3,4],"tags":[],"class_list":["post-17729","post","type-post","status-publish","format-standard","has-post-thumbnail","hentry","category-noticias","category-home"],"yoast_head":"<!-- This site is optimized with the Yoast SEO plugin v26.7 - https:\/\/yoast.com\/wordpress\/plugins\/seo\/ -->\n<title>Especialista em Auditoria Governamental ministra palestra em congresso da UVB. - UVB Brasil<\/title>\n<meta name=\"robots\" content=\"index, follow, max-snippet:-1, max-image-preview:large, max-video-preview:-1\" \/>\n<link rel=\"canonical\" href=\"https:\/\/uvbbrasil.com.br\/especialista-em-auditoria-governamental-ministra-palestra-em-congresso-da-uvb\/\" \/>\n<meta property=\"og:locale\" content=\"pt_BR\" \/>\n<meta property=\"og:type\" content=\"article\" \/>\n<meta property=\"og:title\" content=\"Especialista em Auditoria Governamental ministra palestra em congresso da UVB. - UVB Brasil\" \/>\n<meta property=\"og:description\" content=\"Vitor Maciel \u2013 Representante da ANTC \u2013 Associa\u00e7\u00e3o Nacional dos Auditores de Controle Externo Contador, Especialista em Auditoria Governamental, Mestre...\" \/>\n<meta property=\"og:url\" content=\"https:\/\/uvbbrasil.com.br\/especialista-em-auditoria-governamental-ministra-palestra-em-congresso-da-uvb\/\" \/>\n<meta property=\"og:site_name\" content=\"UVB Brasil\" \/>\n<meta property=\"article:publisher\" content=\"https:\/\/www.facebook.com\/uvb.vereadoresbrasil\" \/>\n<meta property=\"article:published_time\" content=\"2020-02-12T22:41:04+00:00\" \/>\n<meta property=\"og:image\" content=\"https:\/\/uvbbrasil.com.br\/wp-content\/uploads\/2020\/02\/vitor.jpeg\" \/>\n\t<meta property=\"og:image:width\" content=\"1280\" \/>\n\t<meta property=\"og:image:height\" content=\"850\" \/>\n\t<meta property=\"og:image:type\" content=\"image\/jpeg\" \/>\n<meta name=\"author\" content=\"adminuvb\" \/>\n<meta name=\"twitter:card\" content=\"summary_large_image\" \/>\n<meta name=\"twitter:label1\" content=\"Escrito por\" \/>\n\t<meta name=\"twitter:data1\" content=\"adminuvb\" \/>\n\t<meta name=\"twitter:label2\" content=\"Est. tempo de leitura\" \/>\n\t<meta name=\"twitter:data2\" content=\"2 minutos\" \/>\n<script type=\"application\/ld+json\" class=\"yoast-schema-graph\">{\"@context\":\"https:\/\/schema.org\",\"@graph\":[{\"@type\":\"Article\",\"@id\":\"https:\/\/uvbbrasil.com.br\/especialista-em-auditoria-governamental-ministra-palestra-em-congresso-da-uvb\/#article\",\"isPartOf\":{\"@id\":\"https:\/\/uvbbrasil.com.br\/especialista-em-auditoria-governamental-ministra-palestra-em-congresso-da-uvb\/\"},\"author\":{\"name\":\"adminuvb\",\"@id\":\"https:\/\/uvbbrasil.com.br\/#\/schema\/person\/17990098446c098f52effddff4f1b272\"},\"headline\":\"Especialista em Auditoria Governamental ministra palestra em congresso da UVB.\",\"datePublished\":\"2020-02-12T22:41:04+00:00\",\"mainEntityOfPage\":{\"@id\":\"https:\/\/uvbbrasil.com.br\/especialista-em-auditoria-governamental-ministra-palestra-em-congresso-da-uvb\/\"},\"wordCount\":498,\"commentCount\":0,\"publisher\":{\"@id\":\"https:\/\/uvbbrasil.com.br\/#organization\"},\"image\":{\"@id\":\"https:\/\/uvbbrasil.com.br\/especialista-em-auditoria-governamental-ministra-palestra-em-congresso-da-uvb\/#primaryimage\"},\"thumbnailUrl\":\"https:\/\/uvbbrasil.com.br\/wp-content\/uploads\/2020\/02\/vitor.jpeg\",\"articleSection\":[\"NOT\u00cdCIAS\",\"UVB\"],\"inLanguage\":\"pt-BR\",\"potentialAction\":[{\"@type\":\"CommentAction\",\"name\":\"Comment\",\"target\":[\"https:\/\/uvbbrasil.com.br\/especialista-em-auditoria-governamental-ministra-palestra-em-congresso-da-uvb\/#respond\"]}]},{\"@type\":\"WebPage\",\"@id\":\"https:\/\/uvbbrasil.com.br\/especialista-em-auditoria-governamental-ministra-palestra-em-congresso-da-uvb\/\",\"url\":\"https:\/\/uvbbrasil.com.br\/especialista-em-auditoria-governamental-ministra-palestra-em-congresso-da-uvb\/\",\"name\":\"Especialista em Auditoria Governamental ministra palestra em congresso da UVB. - UVB Brasil\",\"isPartOf\":{\"@id\":\"https:\/\/uvbbrasil.com.br\/#website\"},\"primaryImageOfPage\":{\"@id\":\"https:\/\/uvbbrasil.com.br\/especialista-em-auditoria-governamental-ministra-palestra-em-congresso-da-uvb\/#primaryimage\"},\"image\":{\"@id\":\"https:\/\/uvbbrasil.com.br\/especialista-em-auditoria-governamental-ministra-palestra-em-congresso-da-uvb\/#primaryimage\"},\"thumbnailUrl\":\"https:\/\/uvbbrasil.com.br\/wp-content\/uploads\/2020\/02\/vitor.jpeg\",\"datePublished\":\"2020-02-12T22:41:04+00:00\",\"breadcrumb\":{\"@id\":\"https:\/\/uvbbrasil.com.br\/especialista-em-auditoria-governamental-ministra-palestra-em-congresso-da-uvb\/#breadcrumb\"},\"inLanguage\":\"pt-BR\",\"potentialAction\":[{\"@type\":\"ReadAction\",\"target\":[\"https:\/\/uvbbrasil.com.br\/especialista-em-auditoria-governamental-ministra-palestra-em-congresso-da-uvb\/\"]}]},{\"@type\":\"ImageObject\",\"inLanguage\":\"pt-BR\",\"@id\":\"https:\/\/uvbbrasil.com.br\/especialista-em-auditoria-governamental-ministra-palestra-em-congresso-da-uvb\/#primaryimage\",\"url\":\"https:\/\/uvbbrasil.com.br\/wp-content\/uploads\/2020\/02\/vitor.jpeg\",\"contentUrl\":\"https:\/\/uvbbrasil.com.br\/wp-content\/uploads\/2020\/02\/vitor.jpeg\",\"width\":1280,\"height\":850},{\"@type\":\"BreadcrumbList\",\"@id\":\"https:\/\/uvbbrasil.com.br\/especialista-em-auditoria-governamental-ministra-palestra-em-congresso-da-uvb\/#breadcrumb\",\"itemListElement\":[{\"@type\":\"ListItem\",\"position\":1,\"name\":\"In\u00edcio\",\"item\":\"https:\/\/uvbbrasil.com.br\/\"},{\"@type\":\"ListItem\",\"position\":2,\"name\":\"Especialista em Auditoria Governamental ministra palestra em congresso da UVB.\"}]},{\"@type\":\"WebSite\",\"@id\":\"https:\/\/uvbbrasil.com.br\/#website\",\"url\":\"https:\/\/uvbbrasil.com.br\/\",\"name\":\"UVB Brasil\",\"description\":\"Uni\u00e3o dos Vereadores do Brasil\",\"publisher\":{\"@id\":\"https:\/\/uvbbrasil.com.br\/#organization\"},\"potentialAction\":[{\"@type\":\"SearchAction\",\"target\":{\"@type\":\"EntryPoint\",\"urlTemplate\":\"https:\/\/uvbbrasil.com.br\/?s={search_term_string}\"},\"query-input\":{\"@type\":\"PropertyValueSpecification\",\"valueRequired\":true,\"valueName\":\"search_term_string\"}}],\"inLanguage\":\"pt-BR\"},{\"@type\":\"Organization\",\"@id\":\"https:\/\/uvbbrasil.com.br\/#organization\",\"name\":\"UVB Brasil\",\"url\":\"https:\/\/uvbbrasil.com.br\/\",\"logo\":{\"@type\":\"ImageObject\",\"inLanguage\":\"pt-BR\",\"@id\":\"https:\/\/uvbbrasil.com.br\/#\/schema\/logo\/image\/\",\"url\":\"https:\/\/uvbbrasil.com.br\/wp-content\/uploads\/2025\/01\/LOGO-UVB-2024-azul-1.jpg\",\"contentUrl\":\"https:\/\/uvbbrasil.com.br\/wp-content\/uploads\/2025\/01\/LOGO-UVB-2024-azul-1.jpg\",\"width\":600,\"height\":211,\"caption\":\"UVB Brasil\"},\"image\":{\"@id\":\"https:\/\/uvbbrasil.com.br\/#\/schema\/logo\/image\/\"},\"sameAs\":[\"https:\/\/www.facebook.com\/uvb.vereadoresbrasil\",\"https:\/\/www.instagram.com\/uvbbrasil\/\",\"https:\/\/www.youtube.com\/channel\/UCIlPQ8Xzw5GHNzosQIg9S5A\"]},{\"@type\":\"Person\",\"@id\":\"https:\/\/uvbbrasil.com.br\/#\/schema\/person\/17990098446c098f52effddff4f1b272\",\"name\":\"adminuvb\",\"image\":{\"@type\":\"ImageObject\",\"inLanguage\":\"pt-BR\",\"@id\":\"https:\/\/uvbbrasil.com.br\/#\/schema\/person\/image\/\",\"url\":\"https:\/\/secure.gravatar.com\/avatar\/1a494ea6f8e2dd1ae526e55b0e9497efdba542491e0620d704cccf63c6f77c45?s=96&d=mm&r=g\",\"contentUrl\":\"https:\/\/secure.gravatar.com\/avatar\/1a494ea6f8e2dd1ae526e55b0e9497efdba542491e0620d704cccf63c6f77c45?s=96&d=mm&r=g\",\"caption\":\"adminuvb\"},\"sameAs\":[\"https:\/\/uvbbrasil.com.br\"],\"url\":\"https:\/\/uvbbrasil.com.br\/author\/adminuvb\/\"}]}<\/script>\n<!-- \/ Yoast SEO plugin. -->","yoast_head_json":{"title":"Especialista em Auditoria Governamental ministra palestra em congresso da UVB. - UVB Brasil","robots":{"index":"index","follow":"follow","max-snippet":"max-snippet:-1","max-image-preview":"max-image-preview:large","max-video-preview":"max-video-preview:-1"},"canonical":"https:\/\/uvbbrasil.com.br\/especialista-em-auditoria-governamental-ministra-palestra-em-congresso-da-uvb\/","og_locale":"pt_BR","og_type":"article","og_title":"Especialista em Auditoria Governamental ministra palestra em congresso da UVB. - UVB Brasil","og_description":"Vitor Maciel \u2013 Representante da ANTC \u2013 Associa\u00e7\u00e3o Nacional dos Auditores de Controle Externo Contador, Especialista em Auditoria Governamental, Mestre...","og_url":"https:\/\/uvbbrasil.com.br\/especialista-em-auditoria-governamental-ministra-palestra-em-congresso-da-uvb\/","og_site_name":"UVB Brasil","article_publisher":"https:\/\/www.facebook.com\/uvb.vereadoresbrasil","article_published_time":"2020-02-12T22:41:04+00:00","og_image":[{"width":1280,"height":850,"url":"https:\/\/uvbbrasil.com.br\/wp-content\/uploads\/2020\/02\/vitor.jpeg","type":"image\/jpeg"}],"author":"adminuvb","twitter_card":"summary_large_image","twitter_misc":{"Escrito por":"adminuvb","Est. tempo de leitura":"2 minutos"},"schema":{"@context":"https:\/\/schema.org","@graph":[{"@type":"Article","@id":"https:\/\/uvbbrasil.com.br\/especialista-em-auditoria-governamental-ministra-palestra-em-congresso-da-uvb\/#article","isPartOf":{"@id":"https:\/\/uvbbrasil.com.br\/especialista-em-auditoria-governamental-ministra-palestra-em-congresso-da-uvb\/"},"author":{"name":"adminuvb","@id":"https:\/\/uvbbrasil.com.br\/#\/schema\/person\/17990098446c098f52effddff4f1b272"},"headline":"Especialista em Auditoria Governamental ministra palestra em congresso da UVB.","datePublished":"2020-02-12T22:41:04+00:00","mainEntityOfPage":{"@id":"https:\/\/uvbbrasil.com.br\/especialista-em-auditoria-governamental-ministra-palestra-em-congresso-da-uvb\/"},"wordCount":498,"commentCount":0,"publisher":{"@id":"https:\/\/uvbbrasil.com.br\/#organization"},"image":{"@id":"https:\/\/uvbbrasil.com.br\/especialista-em-auditoria-governamental-ministra-palestra-em-congresso-da-uvb\/#primaryimage"},"thumbnailUrl":"https:\/\/uvbbrasil.com.br\/wp-content\/uploads\/2020\/02\/vitor.jpeg","articleSection":["NOT\u00cdCIAS","UVB"],"inLanguage":"pt-BR","potentialAction":[{"@type":"CommentAction","name":"Comment","target":["https:\/\/uvbbrasil.com.br\/especialista-em-auditoria-governamental-ministra-palestra-em-congresso-da-uvb\/#respond"]}]},{"@type":"WebPage","@id":"https:\/\/uvbbrasil.com.br\/especialista-em-auditoria-governamental-ministra-palestra-em-congresso-da-uvb\/","url":"https:\/\/uvbbrasil.com.br\/especialista-em-auditoria-governamental-ministra-palestra-em-congresso-da-uvb\/","name":"Especialista em Auditoria Governamental ministra palestra em congresso da UVB. - UVB Brasil","isPartOf":{"@id":"https:\/\/uvbbrasil.com.br\/#website"},"primaryImageOfPage":{"@id":"https:\/\/uvbbrasil.com.br\/especialista-em-auditoria-governamental-ministra-palestra-em-congresso-da-uvb\/#primaryimage"},"image":{"@id":"https:\/\/uvbbrasil.com.br\/especialista-em-auditoria-governamental-ministra-palestra-em-congresso-da-uvb\/#primaryimage"},"thumbnailUrl":"https:\/\/uvbbrasil.com.br\/wp-content\/uploads\/2020\/02\/vitor.jpeg","datePublished":"2020-02-12T22:41:04+00:00","breadcrumb":{"@id":"https:\/\/uvbbrasil.com.br\/especialista-em-auditoria-governamental-ministra-palestra-em-congresso-da-uvb\/#breadcrumb"},"inLanguage":"pt-BR","potentialAction":[{"@type":"ReadAction","target":["https:\/\/uvbbrasil.com.br\/especialista-em-auditoria-governamental-ministra-palestra-em-congresso-da-uvb\/"]}]},{"@type":"ImageObject","inLanguage":"pt-BR","@id":"https:\/\/uvbbrasil.com.br\/especialista-em-auditoria-governamental-ministra-palestra-em-congresso-da-uvb\/#primaryimage","url":"https:\/\/uvbbrasil.com.br\/wp-content\/uploads\/2020\/02\/vitor.jpeg","contentUrl":"https:\/\/uvbbrasil.com.br\/wp-content\/uploads\/2020\/02\/vitor.jpeg","width":1280,"height":850},{"@type":"BreadcrumbList","@id":"https:\/\/uvbbrasil.com.br\/especialista-em-auditoria-governamental-ministra-palestra-em-congresso-da-uvb\/#breadcrumb","itemListElement":[{"@type":"ListItem","position":1,"name":"In\u00edcio","item":"https:\/\/uvbbrasil.com.br\/"},{"@type":"ListItem","position":2,"name":"Especialista em Auditoria Governamental ministra palestra em congresso da UVB."}]},{"@type":"WebSite","@id":"https:\/\/uvbbrasil.com.br\/#website","url":"https:\/\/uvbbrasil.com.br\/","name":"UVB Brasil","description":"Uni\u00e3o dos Vereadores do Brasil","publisher":{"@id":"https:\/\/uvbbrasil.com.br\/#organization"},"potentialAction":[{"@type":"SearchAction","target":{"@type":"EntryPoint","urlTemplate":"https:\/\/uvbbrasil.com.br\/?s={search_term_string}"},"query-input":{"@type":"PropertyValueSpecification","valueRequired":true,"valueName":"search_term_string"}}],"inLanguage":"pt-BR"},{"@type":"Organization","@id":"https:\/\/uvbbrasil.com.br\/#organization","name":"UVB Brasil","url":"https:\/\/uvbbrasil.com.br\/","logo":{"@type":"ImageObject","inLanguage":"pt-BR","@id":"https:\/\/uvbbrasil.com.br\/#\/schema\/logo\/image\/","url":"https:\/\/uvbbrasil.com.br\/wp-content\/uploads\/2025\/01\/LOGO-UVB-2024-azul-1.jpg","contentUrl":"https:\/\/uvbbrasil.com.br\/wp-content\/uploads\/2025\/01\/LOGO-UVB-2024-azul-1.jpg","width":600,"height":211,"caption":"UVB Brasil"},"image":{"@id":"https:\/\/uvbbrasil.com.br\/#\/schema\/logo\/image\/"},"sameAs":["https:\/\/www.facebook.com\/uvb.vereadoresbrasil","https:\/\/www.instagram.com\/uvbbrasil\/","https:\/\/www.youtube.com\/channel\/UCIlPQ8Xzw5GHNzosQIg9S5A"]},{"@type":"Person","@id":"https:\/\/uvbbrasil.com.br\/#\/schema\/person\/17990098446c098f52effddff4f1b272","name":"adminuvb","image":{"@type":"ImageObject","inLanguage":"pt-BR","@id":"https:\/\/uvbbrasil.com.br\/#\/schema\/person\/image\/","url":"https:\/\/secure.gravatar.com\/avatar\/1a494ea6f8e2dd1ae526e55b0e9497efdba542491e0620d704cccf63c6f77c45?s=96&d=mm&r=g","contentUrl":"https:\/\/secure.gravatar.com\/avatar\/1a494ea6f8e2dd1ae526e55b0e9497efdba542491e0620d704cccf63c6f77c45?s=96&d=mm&r=g","caption":"adminuvb"},"sameAs":["https:\/\/uvbbrasil.com.br"],"url":"https:\/\/uvbbrasil.com.br\/author\/adminuvb\/"}]}},"_links":{"self":[{"href":"https:\/\/uvbbrasil.com.br\/uvb-json\/wp\/v2\/posts\/17729","targetHints":{"allow":["GET"]}}],"collection":[{"href":"https:\/\/uvbbrasil.com.br\/uvb-json\/wp\/v2\/posts"}],"about":[{"href":"https:\/\/uvbbrasil.com.br\/uvb-json\/wp\/v2\/types\/post"}],"author":[{"embeddable":true,"href":"https:\/\/uvbbrasil.com.br\/uvb-json\/wp\/v2\/users\/1"}],"replies":[{"embeddable":true,"href":"https:\/\/uvbbrasil.com.br\/uvb-json\/wp\/v2\/comments?post=17729"}],"version-history":[{"count":0,"href":"https:\/\/uvbbrasil.com.br\/uvb-json\/wp\/v2\/posts\/17729\/revisions"}],"wp:featuredmedia":[{"embeddable":true,"href":"https:\/\/uvbbrasil.com.br\/uvb-json\/wp\/v2\/media\/17731"}],"wp:attachment":[{"href":"https:\/\/uvbbrasil.com.br\/uvb-json\/wp\/v2\/media?parent=17729"}],"wp:term":[{"taxonomy":"category","embeddable":true,"href":"https:\/\/uvbbrasil.com.br\/uvb-json\/wp\/v2\/categories?post=17729"},{"taxonomy":"post_tag","embeddable":true,"href":"https:\/\/uvbbrasil.com.br\/uvb-json\/wp\/v2\/tags?post=17729"}],"curies":[{"name":"wp","href":"https:\/\/api.w.org\/{rel}","templated":true}]}}