{"id":17712,"date":"2020-02-12T13:44:39","date_gmt":"2020-02-12T16:44:39","guid":{"rendered":"https:\/\/wpsandbox4.pante.com.br\/?p=17712"},"modified":"2020-02-12T13:44:39","modified_gmt":"2020-02-12T16:44:39","slug":"eduardo-requiao-debate-sobre-os-principios-da-administracao-publica","status":"publish","type":"post","link":"https:\/\/uvbbrasil.com.br\/eduardo-requiao-debate-sobre-os-principios-da-administracao-publica\/","title":{"rendered":"Eduardo Requi\u00e3o debate sobre os Princ\u00edpios da Administra\u00e7\u00e3o P\u00fablica."},"content":{"rendered":"<p>Eduardo Requi\u00e3o, Advogado, consultor e Sub-Procurador da UVB, &#8211; exerce procuradoria do munic\u00edpio e assessoria de c\u00e2maras municipais , ministrou palestra na manha desta quarta feira (12) na programa\u00e7\u00e3o do Encontro Nacional de Legislativos Municipais em Brasilia.<\/p>\n<p>Requi\u00e3o debateu sobre os Princ\u00edpios da Administra\u00e7\u00e3o P\u00fablica, explicou sobre \u00a0o regime jur\u00eddico administrativo, \u00a0dos princ\u00edpios ,da supremacia do interesse p\u00fablico, sobre o privado, da indisponibilidade do interesse p\u00fablico, dos princ\u00edpios na constitui\u00e7\u00e3o federal, legalidade, impessoalidade, moralidade, publicidade, efici\u00eancia, dos demais princ\u00edpios, autotutela, razoabilidade e proporcionalidade.<\/p>\n<p>O consultor \u00a0Jur\u00eddico da Uni\u00e3o dos Vereadores do Brasil-UVB, citou ainda \u00a0a \u00a0especialidade dos princ\u00edpios da administra\u00e7\u00e3o p\u00fablica, continuidade dos servi\u00e7os p\u00fablicos \u00a0da seguran\u00e7a jur\u00eddica e \u00a0isonomia ou da igualdade .<\/p>\n<p>A mesa da primeira palesta do dia foi composta pelo presidente da C\u00e2mara municipal de Lontras-SC, Glauco Kihl, vereador de Chapad\u00e3o o do Sul-MS, Vanderson Cardoso,vereadora da C\u00e2mara municipal de\u00a0 Campinas do Sul-RS, Ros\u00e2ngela Lazare,vereadora de Chapad\u00e3o do C\u00e9u-GO, Cleidimar Brasil.<\/p>\n<p><a href=\"https:\/\/uvbbrasil.com.br\/?attachment_id=17716\" rel=\"attachment wp-att-17716\"><img fetchpriority=\"high\" decoding=\"async\" class=\"aligncenter size-full wp-image-17716\" src=\"https:\/\/uvbbrasil.com.br\/wp-content\/uploads\/2020\/02\/mesa-12.jpeg\" alt=\"\" width=\"1280\" height=\"850\" srcset=\"https:\/\/uvbbrasil.com.br\/wp-content\/uploads\/2020\/02\/mesa-12.jpeg 1280w, https:\/\/uvbbrasil.com.br\/wp-content\/uploads\/2020\/02\/mesa-12-300x199.jpeg 300w, https:\/\/uvbbrasil.com.br\/wp-content\/uploads\/2020\/02\/mesa-12-1024x680.jpeg 1024w, https:\/\/uvbbrasil.com.br\/wp-content\/uploads\/2020\/02\/mesa-12-768x510.jpeg 768w\" sizes=\"(max-width: 1280px) 100vw, 1280px\" \/><\/a><\/p>\n<p><a href=\"https:\/\/uvbbrasil.com.br\/?attachment_id=17722\" rel=\"attachment wp-att-17722\"><img decoding=\"async\" class=\"aligncenter size-full wp-image-17722\" src=\"https:\/\/uvbbrasil.com.br\/wp-content\/uploads\/2020\/02\/DES-12.jpeg\" alt=\"\" width=\"1280\" height=\"622\" srcset=\"https:\/\/uvbbrasil.com.br\/wp-content\/uploads\/2020\/02\/DES-12.jpeg 1280w, https:\/\/uvbbrasil.com.br\/wp-content\/uploads\/2020\/02\/DES-12-300x146.jpeg 300w, https:\/\/uvbbrasil.com.br\/wp-content\/uploads\/2020\/02\/DES-12-1024x498.jpeg 1024w, https:\/\/uvbbrasil.com.br\/wp-content\/uploads\/2020\/02\/DES-12-768x373.jpeg 768w\" sizes=\"(max-width: 1280px) 100vw, 1280px\" \/><\/a><a href=\"https:\/\/uvbbrasil.com.br\/?attachment_id=17714\" rel=\"attachment wp-att-17714\"><img decoding=\"async\" class=\"aligncenter size-full wp-image-17714\" src=\"https:\/\/uvbbrasil.com.br\/wp-content\/uploads\/2020\/02\/publico-requiao.jpeg\" alt=\"\" width=\"1280\" height=\"850\" srcset=\"https:\/\/uvbbrasil.com.br\/wp-content\/uploads\/2020\/02\/publico-requiao.jpeg 1280w, https:\/\/uvbbrasil.com.br\/wp-content\/uploads\/2020\/02\/publico-requiao-300x199.jpeg 300w, https:\/\/uvbbrasil.com.br\/wp-content\/uploads\/2020\/02\/publico-requiao-1024x680.jpeg 1024w, https:\/\/uvbbrasil.com.br\/wp-content\/uploads\/2020\/02\/publico-requiao-768x510.jpeg 768w\" sizes=\"(max-width: 1280px) 100vw, 1280px\" \/><\/a><\/p>\n<p><a href=\"https:\/\/uvbbrasil.com.br\/?attachment_id=17715\" rel=\"attachment wp-att-17715\"><img loading=\"lazy\" decoding=\"async\" class=\"aligncenter size-full wp-image-17715\" src=\"https:\/\/uvbbrasil.com.br\/wp-content\/uploads\/2020\/02\/publico-2.jpeg\" alt=\"\" width=\"1280\" height=\"850\" srcset=\"https:\/\/uvbbrasil.com.br\/wp-content\/uploads\/2020\/02\/publico-2.jpeg 1280w, https:\/\/uvbbrasil.com.br\/wp-content\/uploads\/2020\/02\/publico-2-300x199.jpeg 300w, https:\/\/uvbbrasil.com.br\/wp-content\/uploads\/2020\/02\/publico-2-1024x680.jpeg 1024w, https:\/\/uvbbrasil.com.br\/wp-content\/uploads\/2020\/02\/publico-2-768x510.jpeg 768w\" sizes=\"(max-width: 1280px) 100vw, 1280px\" \/><\/a><\/p>\n<p>&nbsp;<\/p>\n","protected":false},"excerpt":{"rendered":"<p>Eduardo Requi\u00e3o, Advogado, consultor e Sub-Procurador da UVB, &#8211; exerce procuradoria do munic\u00edpio e assessoria de c\u00e2maras municipais , ministrou&#8230;<\/p>\n","protected":false},"author":1,"featured_media":17722,"comment_status":"open","ping_status":"open","sticky":false,"template":"","format":"standard","meta":{"footnotes":""},"categories":[3,4],"tags":[],"class_list":["post-17712","post","type-post","status-publish","format-standard","has-post-thumbnail","hentry","category-noticias","category-home"],"yoast_head":"<!-- This site is optimized with the Yoast SEO plugin v26.7 - https:\/\/yoast.com\/wordpress\/plugins\/seo\/ -->\n<title>Eduardo Requi\u00e3o debate sobre os Princ\u00edpios da Administra\u00e7\u00e3o P\u00fablica. - UVB Brasil<\/title>\n<meta name=\"robots\" content=\"index, follow, max-snippet:-1, max-image-preview:large, max-video-preview:-1\" \/>\n<link rel=\"canonical\" href=\"https:\/\/uvbbrasil.com.br\/eduardo-requiao-debate-sobre-os-principios-da-administracao-publica\/\" \/>\n<meta property=\"og:locale\" content=\"pt_BR\" \/>\n<meta property=\"og:type\" content=\"article\" \/>\n<meta property=\"og:title\" content=\"Eduardo Requi\u00e3o debate sobre os Princ\u00edpios da Administra\u00e7\u00e3o P\u00fablica. - UVB Brasil\" \/>\n<meta property=\"og:description\" content=\"Eduardo Requi\u00e3o, Advogado, consultor e Sub-Procurador da UVB, &#8211; exerce procuradoria do munic\u00edpio e assessoria de c\u00e2maras municipais , ministrou...\" \/>\n<meta property=\"og:url\" content=\"https:\/\/uvbbrasil.com.br\/eduardo-requiao-debate-sobre-os-principios-da-administracao-publica\/\" \/>\n<meta property=\"og:site_name\" content=\"UVB Brasil\" \/>\n<meta property=\"article:publisher\" content=\"https:\/\/www.facebook.com\/uvb.vereadoresbrasil\" \/>\n<meta property=\"article:published_time\" content=\"2020-02-12T16:44:39+00:00\" \/>\n<meta property=\"og:image\" content=\"https:\/\/uvbbrasil.com.br\/wp-content\/uploads\/2020\/02\/DES-12.jpeg\" \/>\n\t<meta property=\"og:image:width\" content=\"1280\" \/>\n\t<meta property=\"og:image:height\" content=\"622\" \/>\n\t<meta property=\"og:image:type\" content=\"image\/jpeg\" \/>\n<meta name=\"author\" content=\"adminuvb\" \/>\n<meta name=\"twitter:card\" content=\"summary_large_image\" \/>\n<meta name=\"twitter:label1\" content=\"Escrito por\" \/>\n\t<meta name=\"twitter:data1\" content=\"adminuvb\" \/>\n\t<meta name=\"twitter:label2\" content=\"Est. tempo de leitura\" \/>\n\t<meta name=\"twitter:data2\" content=\"1 minuto\" \/>\n<script type=\"application\/ld+json\" class=\"yoast-schema-graph\">{\"@context\":\"https:\/\/schema.org\",\"@graph\":[{\"@type\":\"Article\",\"@id\":\"https:\/\/uvbbrasil.com.br\/eduardo-requiao-debate-sobre-os-principios-da-administracao-publica\/#article\",\"isPartOf\":{\"@id\":\"https:\/\/uvbbrasil.com.br\/eduardo-requiao-debate-sobre-os-principios-da-administracao-publica\/\"},\"author\":{\"name\":\"adminuvb\",\"@id\":\"https:\/\/uvbbrasil.com.br\/#\/schema\/person\/17990098446c098f52effddff4f1b272\"},\"headline\":\"Eduardo Requi\u00e3o debate sobre os Princ\u00edpios da Administra\u00e7\u00e3o P\u00fablica.\",\"datePublished\":\"2020-02-12T16:44:39+00:00\",\"mainEntityOfPage\":{\"@id\":\"https:\/\/uvbbrasil.com.br\/eduardo-requiao-debate-sobre-os-principios-da-administracao-publica\/\"},\"wordCount\":199,\"commentCount\":0,\"publisher\":{\"@id\":\"https:\/\/uvbbrasil.com.br\/#organization\"},\"image\":{\"@id\":\"https:\/\/uvbbrasil.com.br\/eduardo-requiao-debate-sobre-os-principios-da-administracao-publica\/#primaryimage\"},\"thumbnailUrl\":\"https:\/\/uvbbrasil.com.br\/wp-content\/uploads\/2020\/02\/DES-12.jpeg\",\"articleSection\":[\"NOT\u00cdCIAS\",\"UVB\"],\"inLanguage\":\"pt-BR\",\"potentialAction\":[{\"@type\":\"CommentAction\",\"name\":\"Comment\",\"target\":[\"https:\/\/uvbbrasil.com.br\/eduardo-requiao-debate-sobre-os-principios-da-administracao-publica\/#respond\"]}]},{\"@type\":\"WebPage\",\"@id\":\"https:\/\/uvbbrasil.com.br\/eduardo-requiao-debate-sobre-os-principios-da-administracao-publica\/\",\"url\":\"https:\/\/uvbbrasil.com.br\/eduardo-requiao-debate-sobre-os-principios-da-administracao-publica\/\",\"name\":\"Eduardo Requi\u00e3o debate sobre os Princ\u00edpios da Administra\u00e7\u00e3o P\u00fablica. - UVB Brasil\",\"isPartOf\":{\"@id\":\"https:\/\/uvbbrasil.com.br\/#website\"},\"primaryImageOfPage\":{\"@id\":\"https:\/\/uvbbrasil.com.br\/eduardo-requiao-debate-sobre-os-principios-da-administracao-publica\/#primaryimage\"},\"image\":{\"@id\":\"https:\/\/uvbbrasil.com.br\/eduardo-requiao-debate-sobre-os-principios-da-administracao-publica\/#primaryimage\"},\"thumbnailUrl\":\"https:\/\/uvbbrasil.com.br\/wp-content\/uploads\/2020\/02\/DES-12.jpeg\",\"datePublished\":\"2020-02-12T16:44:39+00:00\",\"breadcrumb\":{\"@id\":\"https:\/\/uvbbrasil.com.br\/eduardo-requiao-debate-sobre-os-principios-da-administracao-publica\/#breadcrumb\"},\"inLanguage\":\"pt-BR\",\"potentialAction\":[{\"@type\":\"ReadAction\",\"target\":[\"https:\/\/uvbbrasil.com.br\/eduardo-requiao-debate-sobre-os-principios-da-administracao-publica\/\"]}]},{\"@type\":\"ImageObject\",\"inLanguage\":\"pt-BR\",\"@id\":\"https:\/\/uvbbrasil.com.br\/eduardo-requiao-debate-sobre-os-principios-da-administracao-publica\/#primaryimage\",\"url\":\"https:\/\/uvbbrasil.com.br\/wp-content\/uploads\/2020\/02\/DES-12.jpeg\",\"contentUrl\":\"https:\/\/uvbbrasil.com.br\/wp-content\/uploads\/2020\/02\/DES-12.jpeg\",\"width\":1280,\"height\":622},{\"@type\":\"BreadcrumbList\",\"@id\":\"https:\/\/uvbbrasil.com.br\/eduardo-requiao-debate-sobre-os-principios-da-administracao-publica\/#breadcrumb\",\"itemListElement\":[{\"@type\":\"ListItem\",\"position\":1,\"name\":\"In\u00edcio\",\"item\":\"https:\/\/uvbbrasil.com.br\/\"},{\"@type\":\"ListItem\",\"position\":2,\"name\":\"Eduardo Requi\u00e3o debate sobre os Princ\u00edpios da Administra\u00e7\u00e3o P\u00fablica.\"}]},{\"@type\":\"WebSite\",\"@id\":\"https:\/\/uvbbrasil.com.br\/#website\",\"url\":\"https:\/\/uvbbrasil.com.br\/\",\"name\":\"UVB Brasil\",\"description\":\"Uni\u00e3o dos Vereadores do Brasil\",\"publisher\":{\"@id\":\"https:\/\/uvbbrasil.com.br\/#organization\"},\"potentialAction\":[{\"@type\":\"SearchAction\",\"target\":{\"@type\":\"EntryPoint\",\"urlTemplate\":\"https:\/\/uvbbrasil.com.br\/?s={search_term_string}\"},\"query-input\":{\"@type\":\"PropertyValueSpecification\",\"valueRequired\":true,\"valueName\":\"search_term_string\"}}],\"inLanguage\":\"pt-BR\"},{\"@type\":\"Organization\",\"@id\":\"https:\/\/uvbbrasil.com.br\/#organization\",\"name\":\"UVB Brasil\",\"url\":\"https:\/\/uvbbrasil.com.br\/\",\"logo\":{\"@type\":\"ImageObject\",\"inLanguage\":\"pt-BR\",\"@id\":\"https:\/\/uvbbrasil.com.br\/#\/schema\/logo\/image\/\",\"url\":\"https:\/\/uvbbrasil.com.br\/wp-content\/uploads\/2025\/01\/LOGO-UVB-2024-azul-1.jpg\",\"contentUrl\":\"https:\/\/uvbbrasil.com.br\/wp-content\/uploads\/2025\/01\/LOGO-UVB-2024-azul-1.jpg\",\"width\":600,\"height\":211,\"caption\":\"UVB Brasil\"},\"image\":{\"@id\":\"https:\/\/uvbbrasil.com.br\/#\/schema\/logo\/image\/\"},\"sameAs\":[\"https:\/\/www.facebook.com\/uvb.vereadoresbrasil\",\"https:\/\/www.instagram.com\/uvbbrasil\/\",\"https:\/\/www.youtube.com\/channel\/UCIlPQ8Xzw5GHNzosQIg9S5A\"]},{\"@type\":\"Person\",\"@id\":\"https:\/\/uvbbrasil.com.br\/#\/schema\/person\/17990098446c098f52effddff4f1b272\",\"name\":\"adminuvb\",\"image\":{\"@type\":\"ImageObject\",\"inLanguage\":\"pt-BR\",\"@id\":\"https:\/\/uvbbrasil.com.br\/#\/schema\/person\/image\/\",\"url\":\"https:\/\/secure.gravatar.com\/avatar\/1a494ea6f8e2dd1ae526e55b0e9497efdba542491e0620d704cccf63c6f77c45?s=96&d=mm&r=g\",\"contentUrl\":\"https:\/\/secure.gravatar.com\/avatar\/1a494ea6f8e2dd1ae526e55b0e9497efdba542491e0620d704cccf63c6f77c45?s=96&d=mm&r=g\",\"caption\":\"adminuvb\"},\"sameAs\":[\"https:\/\/uvbbrasil.com.br\"],\"url\":\"https:\/\/uvbbrasil.com.br\/author\/adminuvb\/\"}]}<\/script>\n<!-- \/ Yoast SEO plugin. -->","yoast_head_json":{"title":"Eduardo Requi\u00e3o debate sobre os Princ\u00edpios da Administra\u00e7\u00e3o P\u00fablica. - UVB Brasil","robots":{"index":"index","follow":"follow","max-snippet":"max-snippet:-1","max-image-preview":"max-image-preview:large","max-video-preview":"max-video-preview:-1"},"canonical":"https:\/\/uvbbrasil.com.br\/eduardo-requiao-debate-sobre-os-principios-da-administracao-publica\/","og_locale":"pt_BR","og_type":"article","og_title":"Eduardo Requi\u00e3o debate sobre os Princ\u00edpios da Administra\u00e7\u00e3o P\u00fablica. - UVB Brasil","og_description":"Eduardo Requi\u00e3o, Advogado, consultor e Sub-Procurador da UVB, &#8211; exerce procuradoria do munic\u00edpio e assessoria de c\u00e2maras municipais , ministrou...","og_url":"https:\/\/uvbbrasil.com.br\/eduardo-requiao-debate-sobre-os-principios-da-administracao-publica\/","og_site_name":"UVB Brasil","article_publisher":"https:\/\/www.facebook.com\/uvb.vereadoresbrasil","article_published_time":"2020-02-12T16:44:39+00:00","og_image":[{"width":1280,"height":622,"url":"https:\/\/uvbbrasil.com.br\/wp-content\/uploads\/2020\/02\/DES-12.jpeg","type":"image\/jpeg"}],"author":"adminuvb","twitter_card":"summary_large_image","twitter_misc":{"Escrito por":"adminuvb","Est. tempo de leitura":"1 minuto"},"schema":{"@context":"https:\/\/schema.org","@graph":[{"@type":"Article","@id":"https:\/\/uvbbrasil.com.br\/eduardo-requiao-debate-sobre-os-principios-da-administracao-publica\/#article","isPartOf":{"@id":"https:\/\/uvbbrasil.com.br\/eduardo-requiao-debate-sobre-os-principios-da-administracao-publica\/"},"author":{"name":"adminuvb","@id":"https:\/\/uvbbrasil.com.br\/#\/schema\/person\/17990098446c098f52effddff4f1b272"},"headline":"Eduardo Requi\u00e3o debate sobre os Princ\u00edpios da Administra\u00e7\u00e3o P\u00fablica.","datePublished":"2020-02-12T16:44:39+00:00","mainEntityOfPage":{"@id":"https:\/\/uvbbrasil.com.br\/eduardo-requiao-debate-sobre-os-principios-da-administracao-publica\/"},"wordCount":199,"commentCount":0,"publisher":{"@id":"https:\/\/uvbbrasil.com.br\/#organization"},"image":{"@id":"https:\/\/uvbbrasil.com.br\/eduardo-requiao-debate-sobre-os-principios-da-administracao-publica\/#primaryimage"},"thumbnailUrl":"https:\/\/uvbbrasil.com.br\/wp-content\/uploads\/2020\/02\/DES-12.jpeg","articleSection":["NOT\u00cdCIAS","UVB"],"inLanguage":"pt-BR","potentialAction":[{"@type":"CommentAction","name":"Comment","target":["https:\/\/uvbbrasil.com.br\/eduardo-requiao-debate-sobre-os-principios-da-administracao-publica\/#respond"]}]},{"@type":"WebPage","@id":"https:\/\/uvbbrasil.com.br\/eduardo-requiao-debate-sobre-os-principios-da-administracao-publica\/","url":"https:\/\/uvbbrasil.com.br\/eduardo-requiao-debate-sobre-os-principios-da-administracao-publica\/","name":"Eduardo Requi\u00e3o debate sobre os Princ\u00edpios da Administra\u00e7\u00e3o P\u00fablica. - UVB Brasil","isPartOf":{"@id":"https:\/\/uvbbrasil.com.br\/#website"},"primaryImageOfPage":{"@id":"https:\/\/uvbbrasil.com.br\/eduardo-requiao-debate-sobre-os-principios-da-administracao-publica\/#primaryimage"},"image":{"@id":"https:\/\/uvbbrasil.com.br\/eduardo-requiao-debate-sobre-os-principios-da-administracao-publica\/#primaryimage"},"thumbnailUrl":"https:\/\/uvbbrasil.com.br\/wp-content\/uploads\/2020\/02\/DES-12.jpeg","datePublished":"2020-02-12T16:44:39+00:00","breadcrumb":{"@id":"https:\/\/uvbbrasil.com.br\/eduardo-requiao-debate-sobre-os-principios-da-administracao-publica\/#breadcrumb"},"inLanguage":"pt-BR","potentialAction":[{"@type":"ReadAction","target":["https:\/\/uvbbrasil.com.br\/eduardo-requiao-debate-sobre-os-principios-da-administracao-publica\/"]}]},{"@type":"ImageObject","inLanguage":"pt-BR","@id":"https:\/\/uvbbrasil.com.br\/eduardo-requiao-debate-sobre-os-principios-da-administracao-publica\/#primaryimage","url":"https:\/\/uvbbrasil.com.br\/wp-content\/uploads\/2020\/02\/DES-12.jpeg","contentUrl":"https:\/\/uvbbrasil.com.br\/wp-content\/uploads\/2020\/02\/DES-12.jpeg","width":1280,"height":622},{"@type":"BreadcrumbList","@id":"https:\/\/uvbbrasil.com.br\/eduardo-requiao-debate-sobre-os-principios-da-administracao-publica\/#breadcrumb","itemListElement":[{"@type":"ListItem","position":1,"name":"In\u00edcio","item":"https:\/\/uvbbrasil.com.br\/"},{"@type":"ListItem","position":2,"name":"Eduardo Requi\u00e3o debate sobre os Princ\u00edpios da Administra\u00e7\u00e3o P\u00fablica."}]},{"@type":"WebSite","@id":"https:\/\/uvbbrasil.com.br\/#website","url":"https:\/\/uvbbrasil.com.br\/","name":"UVB Brasil","description":"Uni\u00e3o dos Vereadores do Brasil","publisher":{"@id":"https:\/\/uvbbrasil.com.br\/#organization"},"potentialAction":[{"@type":"SearchAction","target":{"@type":"EntryPoint","urlTemplate":"https:\/\/uvbbrasil.com.br\/?s={search_term_string}"},"query-input":{"@type":"PropertyValueSpecification","valueRequired":true,"valueName":"search_term_string"}}],"inLanguage":"pt-BR"},{"@type":"Organization","@id":"https:\/\/uvbbrasil.com.br\/#organization","name":"UVB Brasil","url":"https:\/\/uvbbrasil.com.br\/","logo":{"@type":"ImageObject","inLanguage":"pt-BR","@id":"https:\/\/uvbbrasil.com.br\/#\/schema\/logo\/image\/","url":"https:\/\/uvbbrasil.com.br\/wp-content\/uploads\/2025\/01\/LOGO-UVB-2024-azul-1.jpg","contentUrl":"https:\/\/uvbbrasil.com.br\/wp-content\/uploads\/2025\/01\/LOGO-UVB-2024-azul-1.jpg","width":600,"height":211,"caption":"UVB Brasil"},"image":{"@id":"https:\/\/uvbbrasil.com.br\/#\/schema\/logo\/image\/"},"sameAs":["https:\/\/www.facebook.com\/uvb.vereadoresbrasil","https:\/\/www.instagram.com\/uvbbrasil\/","https:\/\/www.youtube.com\/channel\/UCIlPQ8Xzw5GHNzosQIg9S5A"]},{"@type":"Person","@id":"https:\/\/uvbbrasil.com.br\/#\/schema\/person\/17990098446c098f52effddff4f1b272","name":"adminuvb","image":{"@type":"ImageObject","inLanguage":"pt-BR","@id":"https:\/\/uvbbrasil.com.br\/#\/schema\/person\/image\/","url":"https:\/\/secure.gravatar.com\/avatar\/1a494ea6f8e2dd1ae526e55b0e9497efdba542491e0620d704cccf63c6f77c45?s=96&d=mm&r=g","contentUrl":"https:\/\/secure.gravatar.com\/avatar\/1a494ea6f8e2dd1ae526e55b0e9497efdba542491e0620d704cccf63c6f77c45?s=96&d=mm&r=g","caption":"adminuvb"},"sameAs":["https:\/\/uvbbrasil.com.br"],"url":"https:\/\/uvbbrasil.com.br\/author\/adminuvb\/"}]}},"_links":{"self":[{"href":"https:\/\/uvbbrasil.com.br\/uvb-json\/wp\/v2\/posts\/17712","targetHints":{"allow":["GET"]}}],"collection":[{"href":"https:\/\/uvbbrasil.com.br\/uvb-json\/wp\/v2\/posts"}],"about":[{"href":"https:\/\/uvbbrasil.com.br\/uvb-json\/wp\/v2\/types\/post"}],"author":[{"embeddable":true,"href":"https:\/\/uvbbrasil.com.br\/uvb-json\/wp\/v2\/users\/1"}],"replies":[{"embeddable":true,"href":"https:\/\/uvbbrasil.com.br\/uvb-json\/wp\/v2\/comments?post=17712"}],"version-history":[{"count":0,"href":"https:\/\/uvbbrasil.com.br\/uvb-json\/wp\/v2\/posts\/17712\/revisions"}],"wp:featuredmedia":[{"embeddable":true,"href":"https:\/\/uvbbrasil.com.br\/uvb-json\/wp\/v2\/media\/17722"}],"wp:attachment":[{"href":"https:\/\/uvbbrasil.com.br\/uvb-json\/wp\/v2\/media?parent=17712"}],"wp:term":[{"taxonomy":"category","embeddable":true,"href":"https:\/\/uvbbrasil.com.br\/uvb-json\/wp\/v2\/categories?post=17712"},{"taxonomy":"post_tag","embeddable":true,"href":"https:\/\/uvbbrasil.com.br\/uvb-json\/wp\/v2\/tags?post=17712"}],"curies":[{"name":"wp","href":"https:\/\/api.w.org\/{rel}","templated":true}]}}