{"id":17562,"date":"2020-01-29T17:05:32","date_gmt":"2020-01-29T20:05:32","guid":{"rendered":"https:\/\/wpsandbox4.pante.com.br\/?p=17562"},"modified":"2020-01-29T17:05:32","modified_gmt":"2020-01-29T20:05:32","slug":"uvc-inicia-mobilizacao-para-marcha-dos-vereadores-e-vereadoras-2020","status":"publish","type":"post","link":"https:\/\/uvbbrasil.com.br\/uvc-inicia-mobilizacao-para-marcha-dos-vereadores-e-vereadoras-2020\/","title":{"rendered":"UVC inicia mobiliza\u00e7\u00e3o para a  Marcha dos Vereadores e      Vereadoras 2020"},"content":{"rendered":"<p>A uni\u00e3o dos Vereadores do Estado do Cear\u00e1 \u2013UVC lan\u00e7a o pacote\u00a0 especial para mobiliza\u00e7\u00e3o da XIV Marcha dos Vereadores e Vereadoras do Brasil\u00a0 que ser\u00e1 realizada de 27 a 30 de abril de 2020 em Bras\u00edlia-DF.<\/p>\n<p>Este \u00e9 o maior evento do Legislativo Municipal Brasileiro a XIX edi\u00e7\u00e3o da Marcha que representa todos os Vereadores e Vereadoras do Brasil, a nossa Marcha. Com o objetivo de defender os interesses do municipalismo em especial das C\u00e2maras de Vereadores, \u00e9 um momento de lutas, de press\u00e3o, que necessita da sua participa\u00e7\u00e3o, de sua presen\u00e7a. Vereadores, prefeitos, vice-prefeitos, servidores, al\u00e9m de especialistas em gest\u00e3o p\u00fablica, personalidades pol\u00edticas e administrativas, juntos para pensar o Brasil numa vis\u00e3o municipalista, que valorize a base da democracia, os Legislativos Municipais Brasileiros.<\/p>\n<p>A UVC que est\u00e1 sempre presente nos eventos realizados pela a Uni\u00e3o dos Vereadores do Brasil-UVB, \u00e9 a primeira entidade Estadual a se mobilizarna divulga\u00e7\u00e3o da XIX Marcha dos Vereadores e Vereadoras. O primeiro lote foi lan\u00e7ado nesta quarta feira (29) \u00a0\u00a0\u00a0com 50 vagas promocional aos filiados da UVC , incluso a\u00e9reo Gol com bagagem de at\u00e9 23kg,hospedagem no Bristol\u00a0 Hotel ( centro de Bras\u00edlia-DF) quarto duplo com caf\u00e9 da manha e com transfer aeroporto \/hotel.<\/p>\n<p>Aproveite o lote promocional especial aos filiados da UVC. Entre em contato com a Casablanca Turismo atrav\u00e9s dos telefones: \ud83d\udcde (85) 3466.6046 \/ 3466.6097 \/ 3466.6000<br \/>\nWhatsApp: (85) 9.9234-6046 \/ 9.9234-6083<\/p>\n<p>A entidade comunica que o prazo para sinaliza\u00e7\u00e3o das reservas \u00e9 ate dia 05\/02 \u00e0s 15 horas e o pagamento final at\u00e9 dia 28\/02 \u00e0s 15 horas<\/p>\n<p>Venha conosco fazer parte da maior comitiva do nordeste! * A inscri\u00e7\u00e3o do evento n\u00e3o est\u00e1 inclusa no pacote e deve ser realizada no site da UVB.<a href=\"https:\/\/uvbbrasil.com.br\/?attachment_id=17563\" rel=\"attachment wp-att-17563\"><img fetchpriority=\"high\" decoding=\"async\" class=\"aligncenter size-full wp-image-17563\" src=\"https:\/\/uvbbrasil.com.br\/wp-content\/uploads\/2020\/01\/uvc.jpeg\" alt=\"\" width=\"1199\" height=\"1199\" srcset=\"https:\/\/uvbbrasil.com.br\/wp-content\/uploads\/2020\/01\/uvc.jpeg 1199w, https:\/\/uvbbrasil.com.br\/wp-content\/uploads\/2020\/01\/uvc-300x300.jpeg 300w, https:\/\/uvbbrasil.com.br\/wp-content\/uploads\/2020\/01\/uvc-1024x1024.jpeg 1024w, https:\/\/uvbbrasil.com.br\/wp-content\/uploads\/2020\/01\/uvc-150x150.jpeg 150w, https:\/\/uvbbrasil.com.br\/wp-content\/uploads\/2020\/01\/uvc-768x768.jpeg 768w\" sizes=\"(max-width: 1199px) 100vw, 1199px\" \/><\/a><\/p>\n","protected":false},"excerpt":{"rendered":"<p>A uni\u00e3o dos Vereadores do Estado do Cear\u00e1 \u2013UVC lan\u00e7a o pacote\u00a0 especial para mobiliza\u00e7\u00e3o da XIV Marcha dos Vereadores&#8230;<\/p>\n","protected":false},"author":1,"featured_media":17563,"comment_status":"open","ping_status":"open","sticky":false,"template":"","format":"standard","meta":{"footnotes":""},"categories":[3,4],"tags":[],"class_list":["post-17562","post","type-post","status-publish","format-standard","has-post-thumbnail","hentry","category-noticias","category-home"],"yoast_head":"<!-- This site is optimized with the Yoast SEO plugin v26.7 - https:\/\/yoast.com\/wordpress\/plugins\/seo\/ -->\n<title>UVC inicia mobiliza\u00e7\u00e3o para a Marcha dos Vereadores e   Vereadoras 2020 - UVB Brasil<\/title>\n<meta name=\"robots\" content=\"index, follow, max-snippet:-1, max-image-preview:large, max-video-preview:-1\" \/>\n<link rel=\"canonical\" href=\"https:\/\/uvbbrasil.com.br\/uvc-inicia-mobilizacao-para-marcha-dos-vereadores-e-vereadoras-2020\/\" \/>\n<meta property=\"og:locale\" content=\"pt_BR\" \/>\n<meta property=\"og:type\" content=\"article\" \/>\n<meta property=\"og:title\" content=\"UVC inicia mobiliza\u00e7\u00e3o para a Marcha dos Vereadores e   Vereadoras 2020 - UVB Brasil\" \/>\n<meta property=\"og:description\" content=\"A uni\u00e3o dos Vereadores do Estado do Cear\u00e1 \u2013UVC lan\u00e7a o pacote\u00a0 especial para mobiliza\u00e7\u00e3o da XIV Marcha dos Vereadores...\" \/>\n<meta property=\"og:url\" content=\"https:\/\/uvbbrasil.com.br\/uvc-inicia-mobilizacao-para-marcha-dos-vereadores-e-vereadoras-2020\/\" \/>\n<meta property=\"og:site_name\" content=\"UVB Brasil\" \/>\n<meta property=\"article:publisher\" content=\"https:\/\/www.facebook.com\/uvb.vereadoresbrasil\" \/>\n<meta property=\"article:published_time\" content=\"2020-01-29T20:05:32+00:00\" \/>\n<meta property=\"og:image\" content=\"https:\/\/uvbbrasil.com.br\/wp-content\/uploads\/2020\/01\/uvc.jpeg\" \/>\n\t<meta property=\"og:image:width\" content=\"1199\" \/>\n\t<meta property=\"og:image:height\" content=\"1199\" \/>\n\t<meta property=\"og:image:type\" content=\"image\/jpeg\" \/>\n<meta name=\"author\" content=\"adminuvb\" \/>\n<meta name=\"twitter:card\" content=\"summary_large_image\" \/>\n<meta name=\"twitter:label1\" content=\"Escrito por\" \/>\n\t<meta name=\"twitter:data1\" content=\"adminuvb\" \/>\n\t<meta name=\"twitter:label2\" content=\"Est. tempo de leitura\" \/>\n\t<meta name=\"twitter:data2\" content=\"1 minuto\" \/>\n<script type=\"application\/ld+json\" class=\"yoast-schema-graph\">{\"@context\":\"https:\/\/schema.org\",\"@graph\":[{\"@type\":\"Article\",\"@id\":\"https:\/\/uvbbrasil.com.br\/uvc-inicia-mobilizacao-para-marcha-dos-vereadores-e-vereadoras-2020\/#article\",\"isPartOf\":{\"@id\":\"https:\/\/uvbbrasil.com.br\/uvc-inicia-mobilizacao-para-marcha-dos-vereadores-e-vereadoras-2020\/\"},\"author\":{\"name\":\"adminuvb\",\"@id\":\"https:\/\/uvbbrasil.com.br\/#\/schema\/person\/17990098446c098f52effddff4f1b272\"},\"headline\":\"UVC inicia mobiliza\u00e7\u00e3o para a Marcha dos Vereadores e Vereadoras 2020\",\"datePublished\":\"2020-01-29T20:05:32+00:00\",\"mainEntityOfPage\":{\"@id\":\"https:\/\/uvbbrasil.com.br\/uvc-inicia-mobilizacao-para-marcha-dos-vereadores-e-vereadoras-2020\/\"},\"wordCount\":296,\"commentCount\":0,\"publisher\":{\"@id\":\"https:\/\/uvbbrasil.com.br\/#organization\"},\"image\":{\"@id\":\"https:\/\/uvbbrasil.com.br\/uvc-inicia-mobilizacao-para-marcha-dos-vereadores-e-vereadoras-2020\/#primaryimage\"},\"thumbnailUrl\":\"https:\/\/uvbbrasil.com.br\/wp-content\/uploads\/2020\/01\/uvc.jpeg\",\"articleSection\":[\"NOT\u00cdCIAS\",\"UVB\"],\"inLanguage\":\"pt-BR\",\"potentialAction\":[{\"@type\":\"CommentAction\",\"name\":\"Comment\",\"target\":[\"https:\/\/uvbbrasil.com.br\/uvc-inicia-mobilizacao-para-marcha-dos-vereadores-e-vereadoras-2020\/#respond\"]}]},{\"@type\":\"WebPage\",\"@id\":\"https:\/\/uvbbrasil.com.br\/uvc-inicia-mobilizacao-para-marcha-dos-vereadores-e-vereadoras-2020\/\",\"url\":\"https:\/\/uvbbrasil.com.br\/uvc-inicia-mobilizacao-para-marcha-dos-vereadores-e-vereadoras-2020\/\",\"name\":\"UVC inicia mobiliza\u00e7\u00e3o para a Marcha dos Vereadores e Vereadoras 2020 - UVB Brasil\",\"isPartOf\":{\"@id\":\"https:\/\/uvbbrasil.com.br\/#website\"},\"primaryImageOfPage\":{\"@id\":\"https:\/\/uvbbrasil.com.br\/uvc-inicia-mobilizacao-para-marcha-dos-vereadores-e-vereadoras-2020\/#primaryimage\"},\"image\":{\"@id\":\"https:\/\/uvbbrasil.com.br\/uvc-inicia-mobilizacao-para-marcha-dos-vereadores-e-vereadoras-2020\/#primaryimage\"},\"thumbnailUrl\":\"https:\/\/uvbbrasil.com.br\/wp-content\/uploads\/2020\/01\/uvc.jpeg\",\"datePublished\":\"2020-01-29T20:05:32+00:00\",\"breadcrumb\":{\"@id\":\"https:\/\/uvbbrasil.com.br\/uvc-inicia-mobilizacao-para-marcha-dos-vereadores-e-vereadoras-2020\/#breadcrumb\"},\"inLanguage\":\"pt-BR\",\"potentialAction\":[{\"@type\":\"ReadAction\",\"target\":[\"https:\/\/uvbbrasil.com.br\/uvc-inicia-mobilizacao-para-marcha-dos-vereadores-e-vereadoras-2020\/\"]}]},{\"@type\":\"ImageObject\",\"inLanguage\":\"pt-BR\",\"@id\":\"https:\/\/uvbbrasil.com.br\/uvc-inicia-mobilizacao-para-marcha-dos-vereadores-e-vereadoras-2020\/#primaryimage\",\"url\":\"https:\/\/uvbbrasil.com.br\/wp-content\/uploads\/2020\/01\/uvc.jpeg\",\"contentUrl\":\"https:\/\/uvbbrasil.com.br\/wp-content\/uploads\/2020\/01\/uvc.jpeg\",\"width\":1199,\"height\":1199},{\"@type\":\"BreadcrumbList\",\"@id\":\"https:\/\/uvbbrasil.com.br\/uvc-inicia-mobilizacao-para-marcha-dos-vereadores-e-vereadoras-2020\/#breadcrumb\",\"itemListElement\":[{\"@type\":\"ListItem\",\"position\":1,\"name\":\"In\u00edcio\",\"item\":\"https:\/\/uvbbrasil.com.br\/\"},{\"@type\":\"ListItem\",\"position\":2,\"name\":\"UVC inicia mobiliza\u00e7\u00e3o para a Marcha dos Vereadores e Vereadoras 2020\"}]},{\"@type\":\"WebSite\",\"@id\":\"https:\/\/uvbbrasil.com.br\/#website\",\"url\":\"https:\/\/uvbbrasil.com.br\/\",\"name\":\"UVB Brasil\",\"description\":\"Uni\u00e3o dos Vereadores do Brasil\",\"publisher\":{\"@id\":\"https:\/\/uvbbrasil.com.br\/#organization\"},\"potentialAction\":[{\"@type\":\"SearchAction\",\"target\":{\"@type\":\"EntryPoint\",\"urlTemplate\":\"https:\/\/uvbbrasil.com.br\/?s={search_term_string}\"},\"query-input\":{\"@type\":\"PropertyValueSpecification\",\"valueRequired\":true,\"valueName\":\"search_term_string\"}}],\"inLanguage\":\"pt-BR\"},{\"@type\":\"Organization\",\"@id\":\"https:\/\/uvbbrasil.com.br\/#organization\",\"name\":\"UVB Brasil\",\"url\":\"https:\/\/uvbbrasil.com.br\/\",\"logo\":{\"@type\":\"ImageObject\",\"inLanguage\":\"pt-BR\",\"@id\":\"https:\/\/uvbbrasil.com.br\/#\/schema\/logo\/image\/\",\"url\":\"https:\/\/uvbbrasil.com.br\/wp-content\/uploads\/2025\/01\/LOGO-UVB-2024-azul-1.jpg\",\"contentUrl\":\"https:\/\/uvbbrasil.com.br\/wp-content\/uploads\/2025\/01\/LOGO-UVB-2024-azul-1.jpg\",\"width\":600,\"height\":211,\"caption\":\"UVB Brasil\"},\"image\":{\"@id\":\"https:\/\/uvbbrasil.com.br\/#\/schema\/logo\/image\/\"},\"sameAs\":[\"https:\/\/www.facebook.com\/uvb.vereadoresbrasil\",\"https:\/\/www.instagram.com\/uvbbrasil\/\",\"https:\/\/www.youtube.com\/channel\/UCIlPQ8Xzw5GHNzosQIg9S5A\"]},{\"@type\":\"Person\",\"@id\":\"https:\/\/uvbbrasil.com.br\/#\/schema\/person\/17990098446c098f52effddff4f1b272\",\"name\":\"adminuvb\",\"image\":{\"@type\":\"ImageObject\",\"inLanguage\":\"pt-BR\",\"@id\":\"https:\/\/uvbbrasil.com.br\/#\/schema\/person\/image\/\",\"url\":\"https:\/\/secure.gravatar.com\/avatar\/1a494ea6f8e2dd1ae526e55b0e9497efdba542491e0620d704cccf63c6f77c45?s=96&d=mm&r=g\",\"contentUrl\":\"https:\/\/secure.gravatar.com\/avatar\/1a494ea6f8e2dd1ae526e55b0e9497efdba542491e0620d704cccf63c6f77c45?s=96&d=mm&r=g\",\"caption\":\"adminuvb\"},\"sameAs\":[\"https:\/\/uvbbrasil.com.br\"],\"url\":\"https:\/\/uvbbrasil.com.br\/author\/adminuvb\/\"}]}<\/script>\n<!-- \/ Yoast SEO plugin. -->","yoast_head_json":{"title":"UVC inicia mobiliza\u00e7\u00e3o para a Marcha dos Vereadores e   Vereadoras 2020 - UVB Brasil","robots":{"index":"index","follow":"follow","max-snippet":"max-snippet:-1","max-image-preview":"max-image-preview:large","max-video-preview":"max-video-preview:-1"},"canonical":"https:\/\/uvbbrasil.com.br\/uvc-inicia-mobilizacao-para-marcha-dos-vereadores-e-vereadoras-2020\/","og_locale":"pt_BR","og_type":"article","og_title":"UVC inicia mobiliza\u00e7\u00e3o para a Marcha dos Vereadores e   Vereadoras 2020 - UVB Brasil","og_description":"A uni\u00e3o dos Vereadores do Estado do Cear\u00e1 \u2013UVC lan\u00e7a o pacote\u00a0 especial para mobiliza\u00e7\u00e3o da XIV Marcha dos Vereadores...","og_url":"https:\/\/uvbbrasil.com.br\/uvc-inicia-mobilizacao-para-marcha-dos-vereadores-e-vereadoras-2020\/","og_site_name":"UVB Brasil","article_publisher":"https:\/\/www.facebook.com\/uvb.vereadoresbrasil","article_published_time":"2020-01-29T20:05:32+00:00","og_image":[{"width":1199,"height":1199,"url":"https:\/\/uvbbrasil.com.br\/wp-content\/uploads\/2020\/01\/uvc.jpeg","type":"image\/jpeg"}],"author":"adminuvb","twitter_card":"summary_large_image","twitter_misc":{"Escrito por":"adminuvb","Est. tempo de leitura":"1 minuto"},"schema":{"@context":"https:\/\/schema.org","@graph":[{"@type":"Article","@id":"https:\/\/uvbbrasil.com.br\/uvc-inicia-mobilizacao-para-marcha-dos-vereadores-e-vereadoras-2020\/#article","isPartOf":{"@id":"https:\/\/uvbbrasil.com.br\/uvc-inicia-mobilizacao-para-marcha-dos-vereadores-e-vereadoras-2020\/"},"author":{"name":"adminuvb","@id":"https:\/\/uvbbrasil.com.br\/#\/schema\/person\/17990098446c098f52effddff4f1b272"},"headline":"UVC inicia mobiliza\u00e7\u00e3o para a Marcha dos Vereadores e Vereadoras 2020","datePublished":"2020-01-29T20:05:32+00:00","mainEntityOfPage":{"@id":"https:\/\/uvbbrasil.com.br\/uvc-inicia-mobilizacao-para-marcha-dos-vereadores-e-vereadoras-2020\/"},"wordCount":296,"commentCount":0,"publisher":{"@id":"https:\/\/uvbbrasil.com.br\/#organization"},"image":{"@id":"https:\/\/uvbbrasil.com.br\/uvc-inicia-mobilizacao-para-marcha-dos-vereadores-e-vereadoras-2020\/#primaryimage"},"thumbnailUrl":"https:\/\/uvbbrasil.com.br\/wp-content\/uploads\/2020\/01\/uvc.jpeg","articleSection":["NOT\u00cdCIAS","UVB"],"inLanguage":"pt-BR","potentialAction":[{"@type":"CommentAction","name":"Comment","target":["https:\/\/uvbbrasil.com.br\/uvc-inicia-mobilizacao-para-marcha-dos-vereadores-e-vereadoras-2020\/#respond"]}]},{"@type":"WebPage","@id":"https:\/\/uvbbrasil.com.br\/uvc-inicia-mobilizacao-para-marcha-dos-vereadores-e-vereadoras-2020\/","url":"https:\/\/uvbbrasil.com.br\/uvc-inicia-mobilizacao-para-marcha-dos-vereadores-e-vereadoras-2020\/","name":"UVC inicia mobiliza\u00e7\u00e3o para a Marcha dos Vereadores e Vereadoras 2020 - UVB Brasil","isPartOf":{"@id":"https:\/\/uvbbrasil.com.br\/#website"},"primaryImageOfPage":{"@id":"https:\/\/uvbbrasil.com.br\/uvc-inicia-mobilizacao-para-marcha-dos-vereadores-e-vereadoras-2020\/#primaryimage"},"image":{"@id":"https:\/\/uvbbrasil.com.br\/uvc-inicia-mobilizacao-para-marcha-dos-vereadores-e-vereadoras-2020\/#primaryimage"},"thumbnailUrl":"https:\/\/uvbbrasil.com.br\/wp-content\/uploads\/2020\/01\/uvc.jpeg","datePublished":"2020-01-29T20:05:32+00:00","breadcrumb":{"@id":"https:\/\/uvbbrasil.com.br\/uvc-inicia-mobilizacao-para-marcha-dos-vereadores-e-vereadoras-2020\/#breadcrumb"},"inLanguage":"pt-BR","potentialAction":[{"@type":"ReadAction","target":["https:\/\/uvbbrasil.com.br\/uvc-inicia-mobilizacao-para-marcha-dos-vereadores-e-vereadoras-2020\/"]}]},{"@type":"ImageObject","inLanguage":"pt-BR","@id":"https:\/\/uvbbrasil.com.br\/uvc-inicia-mobilizacao-para-marcha-dos-vereadores-e-vereadoras-2020\/#primaryimage","url":"https:\/\/uvbbrasil.com.br\/wp-content\/uploads\/2020\/01\/uvc.jpeg","contentUrl":"https:\/\/uvbbrasil.com.br\/wp-content\/uploads\/2020\/01\/uvc.jpeg","width":1199,"height":1199},{"@type":"BreadcrumbList","@id":"https:\/\/uvbbrasil.com.br\/uvc-inicia-mobilizacao-para-marcha-dos-vereadores-e-vereadoras-2020\/#breadcrumb","itemListElement":[{"@type":"ListItem","position":1,"name":"In\u00edcio","item":"https:\/\/uvbbrasil.com.br\/"},{"@type":"ListItem","position":2,"name":"UVC inicia mobiliza\u00e7\u00e3o para a Marcha dos Vereadores e Vereadoras 2020"}]},{"@type":"WebSite","@id":"https:\/\/uvbbrasil.com.br\/#website","url":"https:\/\/uvbbrasil.com.br\/","name":"UVB Brasil","description":"Uni\u00e3o dos Vereadores do Brasil","publisher":{"@id":"https:\/\/uvbbrasil.com.br\/#organization"},"potentialAction":[{"@type":"SearchAction","target":{"@type":"EntryPoint","urlTemplate":"https:\/\/uvbbrasil.com.br\/?s={search_term_string}"},"query-input":{"@type":"PropertyValueSpecification","valueRequired":true,"valueName":"search_term_string"}}],"inLanguage":"pt-BR"},{"@type":"Organization","@id":"https:\/\/uvbbrasil.com.br\/#organization","name":"UVB Brasil","url":"https:\/\/uvbbrasil.com.br\/","logo":{"@type":"ImageObject","inLanguage":"pt-BR","@id":"https:\/\/uvbbrasil.com.br\/#\/schema\/logo\/image\/","url":"https:\/\/uvbbrasil.com.br\/wp-content\/uploads\/2025\/01\/LOGO-UVB-2024-azul-1.jpg","contentUrl":"https:\/\/uvbbrasil.com.br\/wp-content\/uploads\/2025\/01\/LOGO-UVB-2024-azul-1.jpg","width":600,"height":211,"caption":"UVB Brasil"},"image":{"@id":"https:\/\/uvbbrasil.com.br\/#\/schema\/logo\/image\/"},"sameAs":["https:\/\/www.facebook.com\/uvb.vereadoresbrasil","https:\/\/www.instagram.com\/uvbbrasil\/","https:\/\/www.youtube.com\/channel\/UCIlPQ8Xzw5GHNzosQIg9S5A"]},{"@type":"Person","@id":"https:\/\/uvbbrasil.com.br\/#\/schema\/person\/17990098446c098f52effddff4f1b272","name":"adminuvb","image":{"@type":"ImageObject","inLanguage":"pt-BR","@id":"https:\/\/uvbbrasil.com.br\/#\/schema\/person\/image\/","url":"https:\/\/secure.gravatar.com\/avatar\/1a494ea6f8e2dd1ae526e55b0e9497efdba542491e0620d704cccf63c6f77c45?s=96&d=mm&r=g","contentUrl":"https:\/\/secure.gravatar.com\/avatar\/1a494ea6f8e2dd1ae526e55b0e9497efdba542491e0620d704cccf63c6f77c45?s=96&d=mm&r=g","caption":"adminuvb"},"sameAs":["https:\/\/uvbbrasil.com.br"],"url":"https:\/\/uvbbrasil.com.br\/author\/adminuvb\/"}]}},"_links":{"self":[{"href":"https:\/\/uvbbrasil.com.br\/uvb-json\/wp\/v2\/posts\/17562","targetHints":{"allow":["GET"]}}],"collection":[{"href":"https:\/\/uvbbrasil.com.br\/uvb-json\/wp\/v2\/posts"}],"about":[{"href":"https:\/\/uvbbrasil.com.br\/uvb-json\/wp\/v2\/types\/post"}],"author":[{"embeddable":true,"href":"https:\/\/uvbbrasil.com.br\/uvb-json\/wp\/v2\/users\/1"}],"replies":[{"embeddable":true,"href":"https:\/\/uvbbrasil.com.br\/uvb-json\/wp\/v2\/comments?post=17562"}],"version-history":[{"count":0,"href":"https:\/\/uvbbrasil.com.br\/uvb-json\/wp\/v2\/posts\/17562\/revisions"}],"wp:featuredmedia":[{"embeddable":true,"href":"https:\/\/uvbbrasil.com.br\/uvb-json\/wp\/v2\/media\/17563"}],"wp:attachment":[{"href":"https:\/\/uvbbrasil.com.br\/uvb-json\/wp\/v2\/media?parent=17562"}],"wp:term":[{"taxonomy":"category","embeddable":true,"href":"https:\/\/uvbbrasil.com.br\/uvb-json\/wp\/v2\/categories?post=17562"},{"taxonomy":"post_tag","embeddable":true,"href":"https:\/\/uvbbrasil.com.br\/uvb-json\/wp\/v2\/tags?post=17562"}],"curies":[{"name":"wp","href":"https:\/\/api.w.org\/{rel}","templated":true}]}}