{"id":17546,"date":"2020-01-29T14:12:19","date_gmt":"2020-01-29T17:12:19","guid":{"rendered":"https:\/\/wpsandbox4.pante.com.br\/?p=17546"},"modified":"2020-01-29T14:12:19","modified_gmt":"2020-01-29T17:12:19","slug":"vereador-de-gameleira-pe-e-assassinado-em-frente-camara","status":"publish","type":"post","link":"https:\/\/uvbbrasil.com.br\/vereador-de-gameleira-pe-e-assassinado-em-frente-camara\/","title":{"rendered":"Vereador de Gameleira-PE o 32\u00b0 parlamentar executado nesta legislatura"},"content":{"rendered":"<p>O Vereador Ednaldo da cidade de Gameleira foi assassinado\u00a0no in\u00edcio da tarde de hoje(29)\u00a0em frente a C\u00e2mara Municipal da cidade.\u00a0O\u00a0parlamentar\u00a0\u00e9 o 32\u00b0 assassinado no exerc\u00edcio do mandato\u00a0na legislatura 2017\/2020.<\/p>\n<p>Uma noticia que chocou os moradores da cidade Gameleira-PE, zona da mata sul do Estado de Pernambuco vereador Jos\u00e9 Ednaldo Marinho, conhecido como \u201c Irm\u00e3o\u00a0 Ednaldo,45 anos foi executado com disparos de arma de fogo.<\/p>\n<p>O crime aconteceu no inicio da tarde desta quarta feira (29) pr\u00f3ximo a sede da\u00a0 c\u00e2mara municipal\u00a0 da cidade. Ainda n\u00e3o h\u00e1 informa\u00e7\u00f5es \u00a0sobre a motiva\u00e7\u00e3o \u00a0e autoria do crime.<\/p>\n<p>O parlamentar foi eleito com 326 votos em 2016 filiado ao Partido Republicano Brasileiro (PRB), era casado e natural da cidade de Rio Formoso na mesma regi\u00e3o do Estado.<\/p>\n<p>A Uni\u00e3o dos Vereadores do\u00a0Brasil &#8211; UVB, na pessoa de seu presidente Gilson Conzatti, lamentou o ocorrido e espera que as autoridades policiais solucionem\u00a0o mais r\u00e1pido poss\u00edvel este crime que abalou aquela comunidade.<\/p>\n<p><strong>Rela\u00e7\u00e3o de parlamentares assassinados <\/strong><\/p>\n<p><strong><u>2017 \u2013 15 Vereadores\u00a0<\/u><\/strong><\/p>\n<ul>\n<li><a href=\"http:\/\/g1.globo.com\/mg\/vales-mg\/noticia\/2017\/02\/vereador-assassinado-em-mg-ja-havia-sofrido-tentativa-de-homicidio.html\"><strong>Alexandro Pereira da Silva, vereador de Santa Helena de Minas (MG)<\/strong><\/a><\/li>\n<li><a href=\"http:\/\/g1.globo.com\/mg\/centro-oeste\/noticia\/2017\/03\/vereador-morto-em-betim-e-velado-em-santo-antonio-do-monte.html\"><strong>Ant\u00f4nio Marcos dos Santos, vereador de Santo Ant\u00f4nio do Monte (MG)<\/strong><\/a><\/li>\n<li><a href=\"https:\/\/g1.globo.com\/pa\/para\/noticia\/corpo-de-vereador-morto-em-suposto-atentado-e-velado-no-pa.ghtml\"><strong>Paulo Chaves Marinho, vereador de Rio Maria (PA)<\/strong><\/a><\/li>\n<li><a href=\"https:\/\/g1.globo.com\/pa\/para\/noticia\/vereador-e-morto-em-pau-darco-no-para.ghtml\"><strong>Manoel Francisco Soares Almeida , vereador em Pau d\u2019Arco (PA)<\/strong><\/a><\/li>\n<li><a href=\"https:\/\/g1.globo.com\/al\/alagoas\/noticia\/vereador-neguinho-boiadeiro-e-morto-a-tiros-em-batalha-alagoas.ghtml\"><strong>Adelmo Rodrigues de Melo, vereador em Batalha (AL)<\/strong><\/a><\/li>\n<li><a href=\"https:\/\/g1.globo.com\/sp\/ribeirao-preto-franca\/noticia\/vereador-de-guara-sp-e-morto-a-facadas-e-mulher-e-presa-por-suspeita-do-crime.ghtml\"><strong>Fabiano de Freitas Figueiredo, vereador de Guar\u00e1 (SP)<\/strong><\/a><\/li>\n<li><a href=\"https:\/\/g1.globo.com\/al\/alagoas\/noticia\/vereador-tony-pretinho-e-morto-a-tiros-na-frente-de-casa-na-cidade-de-batalha-al.ghtml\"><strong>Tony Pretinho, vereador em Batalha (AL)<\/strong><\/a><\/li>\n<li><a href=\"https:\/\/g1.globo.com\/ma\/maranhao\/noticia\/vereador-e-morto-a-golpes-de-faca-no-maranhao.ghtml\"><strong>Kedson Rodrigues, vereador de Governador Nunes Freire (MA)<\/strong><\/a><\/li>\n<li><a href=\"https:\/\/g1.globo.com\/se\/sergipe\/noticia\/presidente-da-camara-de-carira-e-morto-a-tiros.ghtml\"><strong>Jailton Martins de Carvalho, vereador de Carira (SE)<\/strong><\/a><\/li>\n<li><a href=\"https:\/\/g1.globo.com\/go\/goias\/noticia\/secretario-de-desenvolvimento-de-goianesia-e-encontrado-morto-diz-policia.ghtml\"><strong>Wilson Portilho da Cunha, vereador licenciado de Goian\u00e9sia (GO)<\/strong><\/a><\/li>\n<li><a href=\"http:\/\/g1.globo.com\/ceara\/noticia\/2017\/02\/vereadora-de-35-anos-e-morta-tiros-em-aiuaba-interior-do-ceara.html\"><strong>Jucely Alves Arrais, vereadora de Aiuaba (CE)<\/strong><\/a><\/li>\n<li><a href=\"https:\/\/g1.globo.com\/sc\/santa-catarina\/noticia\/vereador-morre-apos-levar-tiro-em-briga-em-posto-de-gasolina-em-brunopolis-sc.ghtml\"><strong>Ademir Carlos Patel, vereador de Brun\u00f3polis (SC)<\/strong><\/a><\/li>\n<li><a href=\"https:\/\/g1.globo.com\/pa\/para\/noticia\/vereador-jose-roberto-cavalcante-e-assassinado-em-tome-acu-no-para.ghtml\"><strong>Jos\u00e9 Roberto Cavalcante, vereador de Tom\u00e9-A\u00e7\u00fa (PA)<\/strong><\/a><\/li>\n<li><a href=\"https:\/\/g1.globo.com\/al\/alagoas\/noticia\/vereador-e-morto-a-tiros-apos-discussao-em-bar-em-craibas-alagoas.ghtml\"><strong>Nerivan de Oliveira Silva, vereador de Cra\u00edbas (AL)<\/strong><\/a><\/li>\n<li><a href=\"https:\/\/g1.globo.com\/ma\/maranhao\/noticia\/vereador-e-assassinado-a-tiros-no-maranhao.ghtml\"><strong>Miguel Sampaio Soares, vereador de Anajatuba (MA)<\/strong><\/a><\/li>\n<\/ul>\n<p><strong>\u00a0<u>2018 \u2013 09 Vereadores<\/u><\/strong><\/p>\n<ul>\n<li><a href=\"https:\/\/g1.globo.com\/ma\/maranhao\/noticia\/vereador-e-assassinado-a-facadas-no-maranhao.ghtml\"><strong>Jorge Cunha, vereador de Apicum-A\u00e7u (MA)<\/strong><\/a><\/li>\n<li><a href=\"https:\/\/g1.globo.com\/pr\/campos-gerais-sul\/noticia\/morre-segundo-vereador-vitima-de-tentativa-de-assalto-a-carros-fortes-no-parana.ghtml\"><strong>Elton Alexandre de Aguiar Matta, vereador de Barra do Jacar\u00e9 (PR)<\/strong><\/a><\/li>\n<li><a href=\"https:\/\/g1.globo.com\/pr\/campos-gerais-sul\/noticia\/morre-segundo-vereador-vitima-de-tentativa-de-assalto-a-carros-fortes-no-parana.ghtml\"><strong>Miguel Calixto, vereador de Barra do Jacar\u00e9 (PR)<\/strong><\/a><\/li>\n<li><strong><a href=\"https:\/\/g1.globo.com\/rj\/rio-de-janeiro\/noticia\/vereadora-do-psol-marielle-franco-e-morta-a-tiros-no-centro-do-rio.ghtml\">Marielle Franco, vereadora do Rio de Janeiro (RJ)<\/a><\/strong><\/li>\n<li><strong>Jos\u00e9 C\u00e9lio Soares da Silva \u2013 vereador de Palmeirina(PE)<\/strong><\/li>\n<li><strong>Luiz dos Passos \u2013 vereador de Igarassu(PE)\u00a0<\/strong><\/li>\n<li><strong>Cosme Alves da Silva, \u201cNic\u00f3 do Cimento\u201d \u2013 vereador de Carpina(PE)<\/strong><\/li>\n<li><strong>Jos\u00e9 Roberto de Oliveira Martins \u2013 presidente da C\u00e2mara de Itaitinga (CE)<\/strong><\/li>\n<li><strong>Silv\u00e2nio Barbosa \u2013\u00a0vereador de Macei\u00f3 \u2013 08\/09<\/strong><\/li>\n<\/ul>\n<p><strong><u>2019 \u2013 06 Vereadores<\/u><\/strong><\/p>\n<p><strong>*Carlos Alberto Souza\u00a0\u2013\u00a0Beto Souza \u2013 vereador de Floresta\/PE \u2013 17\/03<\/strong><\/p>\n<p><strong>*Wendel Coelho (PTdoB)\u00a0 \u2013 vereador de Engenheiro Pedreira\/RJ &#8211; 24\/03.<\/strong><\/p>\n<p><strong>*Ant\u00f4nio Sobrinho \u2013 vereador Natuba\/PB \u2013 03\/05<\/strong><\/p>\n<p><strong>*Anderson Berigue de Lina de Bet\u00e2nia\/PE, morto pela pol\u00edcia em 02\/07<\/strong><\/p>\n<p><strong>*Ismael Beve de Marins, de Maric\u00e1\/RJ, morto em 22\/08, por bandidos, segundo a pol\u00edcia morreu para salvar o filho<\/strong><\/p>\n<p><strong>*Vital do Fernandes da Silva de Araruama RJ, morto em 08\/09, segunda a pol\u00edcia, a morte se deu por recusa de pagar propina<\/strong><\/p>\n<p><strong><u>2020 \u2013 02 Vereadores<\/u><\/strong><\/p>\n<p><strong>*<a href=\"http:\/\/g1.globo.com\/sp\/presidente-prudente-regiao\/cidade\/santo-expedito.html\">Valfrido Cauneto de Santo Expedi<\/a>to-SP, morto em 23\\01 de acordo com a pol\u00edcia a\u00a0 v\u00edtima apresenta uma perfura\u00e7\u00e3o na cabe\u00e7a causada por tiro.<\/strong><\/p>\n<p><strong>*Jos\u00e9 Ednaldo Marinho de Gameleira-PE- \u00a0\u00a0morto em 29\/01-executado com disparos de arma de fogo.<\/strong><\/p>\n<p><strong>\u00a0<\/strong><\/p>\n","protected":false},"excerpt":{"rendered":"<p>O Vereador Ednaldo da cidade de Gameleira foi assassinado\u00a0no in\u00edcio da tarde de hoje(29)\u00a0em frente a C\u00e2mara Municipal da cidade.\u00a0O\u00a0parlamentar\u00a0\u00e9&#8230;<\/p>\n","protected":false},"author":1,"featured_media":17576,"comment_status":"open","ping_status":"open","sticky":false,"template":"","format":"standard","meta":{"footnotes":""},"categories":[3],"tags":[],"class_list":["post-17546","post","type-post","status-publish","format-standard","has-post-thumbnail","hentry","category-noticias"],"yoast_head":"<!-- This site is optimized with the Yoast SEO plugin v26.7 - https:\/\/yoast.com\/wordpress\/plugins\/seo\/ -->\n<title>Vereador de Gameleira-PE o 32\u00b0 parlamentar executado nesta legislatura - UVB Brasil<\/title>\n<meta name=\"robots\" content=\"index, follow, max-snippet:-1, max-image-preview:large, max-video-preview:-1\" \/>\n<link rel=\"canonical\" href=\"https:\/\/uvbbrasil.com.br\/vereador-de-gameleira-pe-e-assassinado-em-frente-camara\/\" \/>\n<meta property=\"og:locale\" content=\"pt_BR\" \/>\n<meta property=\"og:type\" content=\"article\" \/>\n<meta property=\"og:title\" content=\"Vereador de Gameleira-PE o 32\u00b0 parlamentar executado nesta legislatura - UVB Brasil\" \/>\n<meta property=\"og:description\" content=\"O Vereador Ednaldo da cidade de Gameleira foi assassinado\u00a0no in\u00edcio da tarde de hoje(29)\u00a0em frente a C\u00e2mara Municipal da cidade.\u00a0O\u00a0parlamentar\u00a0\u00e9...\" \/>\n<meta property=\"og:url\" content=\"https:\/\/uvbbrasil.com.br\/vereador-de-gameleira-pe-e-assassinado-em-frente-camara\/\" \/>\n<meta property=\"og:site_name\" content=\"UVB Brasil\" \/>\n<meta property=\"article:publisher\" content=\"https:\/\/www.facebook.com\/uvb.vereadoresbrasil\" \/>\n<meta property=\"article:published_time\" content=\"2020-01-29T17:12:19+00:00\" \/>\n<meta property=\"og:image\" content=\"https:\/\/uvbbrasil.com.br\/wp-content\/uploads\/2020\/01\/vereador-assassinado.jpeg\" \/>\n\t<meta property=\"og:image:width\" content=\"1000\" \/>\n\t<meta property=\"og:image:height\" content=\"849\" \/>\n\t<meta property=\"og:image:type\" content=\"image\/jpeg\" \/>\n<meta name=\"author\" content=\"adminuvb\" \/>\n<meta name=\"twitter:card\" content=\"summary_large_image\" \/>\n<meta name=\"twitter:label1\" content=\"Escrito por\" \/>\n\t<meta name=\"twitter:data1\" content=\"adminuvb\" \/>\n\t<meta name=\"twitter:label2\" content=\"Est. tempo de leitura\" \/>\n\t<meta name=\"twitter:data2\" content=\"3 minutos\" \/>\n<script type=\"application\/ld+json\" class=\"yoast-schema-graph\">{\"@context\":\"https:\/\/schema.org\",\"@graph\":[{\"@type\":\"Article\",\"@id\":\"https:\/\/uvbbrasil.com.br\/vereador-de-gameleira-pe-e-assassinado-em-frente-camara\/#article\",\"isPartOf\":{\"@id\":\"https:\/\/uvbbrasil.com.br\/vereador-de-gameleira-pe-e-assassinado-em-frente-camara\/\"},\"author\":{\"name\":\"adminuvb\",\"@id\":\"https:\/\/uvbbrasil.com.br\/#\/schema\/person\/17990098446c098f52effddff4f1b272\"},\"headline\":\"Vereador de Gameleira-PE o 32\u00b0 parlamentar executado nesta legislatura\",\"datePublished\":\"2020-01-29T17:12:19+00:00\",\"mainEntityOfPage\":{\"@id\":\"https:\/\/uvbbrasil.com.br\/vereador-de-gameleira-pe-e-assassinado-em-frente-camara\/\"},\"wordCount\":516,\"commentCount\":0,\"publisher\":{\"@id\":\"https:\/\/uvbbrasil.com.br\/#organization\"},\"image\":{\"@id\":\"https:\/\/uvbbrasil.com.br\/vereador-de-gameleira-pe-e-assassinado-em-frente-camara\/#primaryimage\"},\"thumbnailUrl\":\"https:\/\/uvbbrasil.com.br\/wp-content\/uploads\/2020\/01\/vereador-assassinado.jpeg\",\"articleSection\":[\"NOT\u00cdCIAS\"],\"inLanguage\":\"pt-BR\",\"potentialAction\":[{\"@type\":\"CommentAction\",\"name\":\"Comment\",\"target\":[\"https:\/\/uvbbrasil.com.br\/vereador-de-gameleira-pe-e-assassinado-em-frente-camara\/#respond\"]}]},{\"@type\":\"WebPage\",\"@id\":\"https:\/\/uvbbrasil.com.br\/vereador-de-gameleira-pe-e-assassinado-em-frente-camara\/\",\"url\":\"https:\/\/uvbbrasil.com.br\/vereador-de-gameleira-pe-e-assassinado-em-frente-camara\/\",\"name\":\"Vereador de Gameleira-PE o 32\u00b0 parlamentar executado nesta legislatura - UVB Brasil\",\"isPartOf\":{\"@id\":\"https:\/\/uvbbrasil.com.br\/#website\"},\"primaryImageOfPage\":{\"@id\":\"https:\/\/uvbbrasil.com.br\/vereador-de-gameleira-pe-e-assassinado-em-frente-camara\/#primaryimage\"},\"image\":{\"@id\":\"https:\/\/uvbbrasil.com.br\/vereador-de-gameleira-pe-e-assassinado-em-frente-camara\/#primaryimage\"},\"thumbnailUrl\":\"https:\/\/uvbbrasil.com.br\/wp-content\/uploads\/2020\/01\/vereador-assassinado.jpeg\",\"datePublished\":\"2020-01-29T17:12:19+00:00\",\"breadcrumb\":{\"@id\":\"https:\/\/uvbbrasil.com.br\/vereador-de-gameleira-pe-e-assassinado-em-frente-camara\/#breadcrumb\"},\"inLanguage\":\"pt-BR\",\"potentialAction\":[{\"@type\":\"ReadAction\",\"target\":[\"https:\/\/uvbbrasil.com.br\/vereador-de-gameleira-pe-e-assassinado-em-frente-camara\/\"]}]},{\"@type\":\"ImageObject\",\"inLanguage\":\"pt-BR\",\"@id\":\"https:\/\/uvbbrasil.com.br\/vereador-de-gameleira-pe-e-assassinado-em-frente-camara\/#primaryimage\",\"url\":\"https:\/\/uvbbrasil.com.br\/wp-content\/uploads\/2020\/01\/vereador-assassinado.jpeg\",\"contentUrl\":\"https:\/\/uvbbrasil.com.br\/wp-content\/uploads\/2020\/01\/vereador-assassinado.jpeg\",\"width\":1000,\"height\":849},{\"@type\":\"BreadcrumbList\",\"@id\":\"https:\/\/uvbbrasil.com.br\/vereador-de-gameleira-pe-e-assassinado-em-frente-camara\/#breadcrumb\",\"itemListElement\":[{\"@type\":\"ListItem\",\"position\":1,\"name\":\"In\u00edcio\",\"item\":\"https:\/\/uvbbrasil.com.br\/\"},{\"@type\":\"ListItem\",\"position\":2,\"name\":\"Vereador de Gameleira-PE o 32\u00b0 parlamentar executado nesta legislatura\"}]},{\"@type\":\"WebSite\",\"@id\":\"https:\/\/uvbbrasil.com.br\/#website\",\"url\":\"https:\/\/uvbbrasil.com.br\/\",\"name\":\"UVB Brasil\",\"description\":\"Uni\u00e3o dos Vereadores do Brasil\",\"publisher\":{\"@id\":\"https:\/\/uvbbrasil.com.br\/#organization\"},\"potentialAction\":[{\"@type\":\"SearchAction\",\"target\":{\"@type\":\"EntryPoint\",\"urlTemplate\":\"https:\/\/uvbbrasil.com.br\/?s={search_term_string}\"},\"query-input\":{\"@type\":\"PropertyValueSpecification\",\"valueRequired\":true,\"valueName\":\"search_term_string\"}}],\"inLanguage\":\"pt-BR\"},{\"@type\":\"Organization\",\"@id\":\"https:\/\/uvbbrasil.com.br\/#organization\",\"name\":\"UVB Brasil\",\"url\":\"https:\/\/uvbbrasil.com.br\/\",\"logo\":{\"@type\":\"ImageObject\",\"inLanguage\":\"pt-BR\",\"@id\":\"https:\/\/uvbbrasil.com.br\/#\/schema\/logo\/image\/\",\"url\":\"https:\/\/uvbbrasil.com.br\/wp-content\/uploads\/2025\/01\/LOGO-UVB-2024-azul-1.jpg\",\"contentUrl\":\"https:\/\/uvbbrasil.com.br\/wp-content\/uploads\/2025\/01\/LOGO-UVB-2024-azul-1.jpg\",\"width\":600,\"height\":211,\"caption\":\"UVB Brasil\"},\"image\":{\"@id\":\"https:\/\/uvbbrasil.com.br\/#\/schema\/logo\/image\/\"},\"sameAs\":[\"https:\/\/www.facebook.com\/uvb.vereadoresbrasil\",\"https:\/\/www.instagram.com\/uvbbrasil\/\",\"https:\/\/www.youtube.com\/channel\/UCIlPQ8Xzw5GHNzosQIg9S5A\"]},{\"@type\":\"Person\",\"@id\":\"https:\/\/uvbbrasil.com.br\/#\/schema\/person\/17990098446c098f52effddff4f1b272\",\"name\":\"adminuvb\",\"image\":{\"@type\":\"ImageObject\",\"inLanguage\":\"pt-BR\",\"@id\":\"https:\/\/uvbbrasil.com.br\/#\/schema\/person\/image\/\",\"url\":\"https:\/\/secure.gravatar.com\/avatar\/1a494ea6f8e2dd1ae526e55b0e9497efdba542491e0620d704cccf63c6f77c45?s=96&d=mm&r=g\",\"contentUrl\":\"https:\/\/secure.gravatar.com\/avatar\/1a494ea6f8e2dd1ae526e55b0e9497efdba542491e0620d704cccf63c6f77c45?s=96&d=mm&r=g\",\"caption\":\"adminuvb\"},\"sameAs\":[\"https:\/\/uvbbrasil.com.br\"],\"url\":\"https:\/\/uvbbrasil.com.br\/author\/adminuvb\/\"}]}<\/script>\n<!-- \/ Yoast SEO plugin. -->","yoast_head_json":{"title":"Vereador de Gameleira-PE o 32\u00b0 parlamentar executado nesta legislatura - UVB Brasil","robots":{"index":"index","follow":"follow","max-snippet":"max-snippet:-1","max-image-preview":"max-image-preview:large","max-video-preview":"max-video-preview:-1"},"canonical":"https:\/\/uvbbrasil.com.br\/vereador-de-gameleira-pe-e-assassinado-em-frente-camara\/","og_locale":"pt_BR","og_type":"article","og_title":"Vereador de Gameleira-PE o 32\u00b0 parlamentar executado nesta legislatura - UVB Brasil","og_description":"O Vereador Ednaldo da cidade de Gameleira foi assassinado\u00a0no in\u00edcio da tarde de hoje(29)\u00a0em frente a C\u00e2mara Municipal da cidade.\u00a0O\u00a0parlamentar\u00a0\u00e9...","og_url":"https:\/\/uvbbrasil.com.br\/vereador-de-gameleira-pe-e-assassinado-em-frente-camara\/","og_site_name":"UVB Brasil","article_publisher":"https:\/\/www.facebook.com\/uvb.vereadoresbrasil","article_published_time":"2020-01-29T17:12:19+00:00","og_image":[{"width":1000,"height":849,"url":"https:\/\/uvbbrasil.com.br\/wp-content\/uploads\/2020\/01\/vereador-assassinado.jpeg","type":"image\/jpeg"}],"author":"adminuvb","twitter_card":"summary_large_image","twitter_misc":{"Escrito por":"adminuvb","Est. tempo de leitura":"3 minutos"},"schema":{"@context":"https:\/\/schema.org","@graph":[{"@type":"Article","@id":"https:\/\/uvbbrasil.com.br\/vereador-de-gameleira-pe-e-assassinado-em-frente-camara\/#article","isPartOf":{"@id":"https:\/\/uvbbrasil.com.br\/vereador-de-gameleira-pe-e-assassinado-em-frente-camara\/"},"author":{"name":"adminuvb","@id":"https:\/\/uvbbrasil.com.br\/#\/schema\/person\/17990098446c098f52effddff4f1b272"},"headline":"Vereador de Gameleira-PE o 32\u00b0 parlamentar executado nesta legislatura","datePublished":"2020-01-29T17:12:19+00:00","mainEntityOfPage":{"@id":"https:\/\/uvbbrasil.com.br\/vereador-de-gameleira-pe-e-assassinado-em-frente-camara\/"},"wordCount":516,"commentCount":0,"publisher":{"@id":"https:\/\/uvbbrasil.com.br\/#organization"},"image":{"@id":"https:\/\/uvbbrasil.com.br\/vereador-de-gameleira-pe-e-assassinado-em-frente-camara\/#primaryimage"},"thumbnailUrl":"https:\/\/uvbbrasil.com.br\/wp-content\/uploads\/2020\/01\/vereador-assassinado.jpeg","articleSection":["NOT\u00cdCIAS"],"inLanguage":"pt-BR","potentialAction":[{"@type":"CommentAction","name":"Comment","target":["https:\/\/uvbbrasil.com.br\/vereador-de-gameleira-pe-e-assassinado-em-frente-camara\/#respond"]}]},{"@type":"WebPage","@id":"https:\/\/uvbbrasil.com.br\/vereador-de-gameleira-pe-e-assassinado-em-frente-camara\/","url":"https:\/\/uvbbrasil.com.br\/vereador-de-gameleira-pe-e-assassinado-em-frente-camara\/","name":"Vereador de Gameleira-PE o 32\u00b0 parlamentar executado nesta legislatura - UVB Brasil","isPartOf":{"@id":"https:\/\/uvbbrasil.com.br\/#website"},"primaryImageOfPage":{"@id":"https:\/\/uvbbrasil.com.br\/vereador-de-gameleira-pe-e-assassinado-em-frente-camara\/#primaryimage"},"image":{"@id":"https:\/\/uvbbrasil.com.br\/vereador-de-gameleira-pe-e-assassinado-em-frente-camara\/#primaryimage"},"thumbnailUrl":"https:\/\/uvbbrasil.com.br\/wp-content\/uploads\/2020\/01\/vereador-assassinado.jpeg","datePublished":"2020-01-29T17:12:19+00:00","breadcrumb":{"@id":"https:\/\/uvbbrasil.com.br\/vereador-de-gameleira-pe-e-assassinado-em-frente-camara\/#breadcrumb"},"inLanguage":"pt-BR","potentialAction":[{"@type":"ReadAction","target":["https:\/\/uvbbrasil.com.br\/vereador-de-gameleira-pe-e-assassinado-em-frente-camara\/"]}]},{"@type":"ImageObject","inLanguage":"pt-BR","@id":"https:\/\/uvbbrasil.com.br\/vereador-de-gameleira-pe-e-assassinado-em-frente-camara\/#primaryimage","url":"https:\/\/uvbbrasil.com.br\/wp-content\/uploads\/2020\/01\/vereador-assassinado.jpeg","contentUrl":"https:\/\/uvbbrasil.com.br\/wp-content\/uploads\/2020\/01\/vereador-assassinado.jpeg","width":1000,"height":849},{"@type":"BreadcrumbList","@id":"https:\/\/uvbbrasil.com.br\/vereador-de-gameleira-pe-e-assassinado-em-frente-camara\/#breadcrumb","itemListElement":[{"@type":"ListItem","position":1,"name":"In\u00edcio","item":"https:\/\/uvbbrasil.com.br\/"},{"@type":"ListItem","position":2,"name":"Vereador de Gameleira-PE o 32\u00b0 parlamentar executado nesta legislatura"}]},{"@type":"WebSite","@id":"https:\/\/uvbbrasil.com.br\/#website","url":"https:\/\/uvbbrasil.com.br\/","name":"UVB Brasil","description":"Uni\u00e3o dos Vereadores do Brasil","publisher":{"@id":"https:\/\/uvbbrasil.com.br\/#organization"},"potentialAction":[{"@type":"SearchAction","target":{"@type":"EntryPoint","urlTemplate":"https:\/\/uvbbrasil.com.br\/?s={search_term_string}"},"query-input":{"@type":"PropertyValueSpecification","valueRequired":true,"valueName":"search_term_string"}}],"inLanguage":"pt-BR"},{"@type":"Organization","@id":"https:\/\/uvbbrasil.com.br\/#organization","name":"UVB Brasil","url":"https:\/\/uvbbrasil.com.br\/","logo":{"@type":"ImageObject","inLanguage":"pt-BR","@id":"https:\/\/uvbbrasil.com.br\/#\/schema\/logo\/image\/","url":"https:\/\/uvbbrasil.com.br\/wp-content\/uploads\/2025\/01\/LOGO-UVB-2024-azul-1.jpg","contentUrl":"https:\/\/uvbbrasil.com.br\/wp-content\/uploads\/2025\/01\/LOGO-UVB-2024-azul-1.jpg","width":600,"height":211,"caption":"UVB Brasil"},"image":{"@id":"https:\/\/uvbbrasil.com.br\/#\/schema\/logo\/image\/"},"sameAs":["https:\/\/www.facebook.com\/uvb.vereadoresbrasil","https:\/\/www.instagram.com\/uvbbrasil\/","https:\/\/www.youtube.com\/channel\/UCIlPQ8Xzw5GHNzosQIg9S5A"]},{"@type":"Person","@id":"https:\/\/uvbbrasil.com.br\/#\/schema\/person\/17990098446c098f52effddff4f1b272","name":"adminuvb","image":{"@type":"ImageObject","inLanguage":"pt-BR","@id":"https:\/\/uvbbrasil.com.br\/#\/schema\/person\/image\/","url":"https:\/\/secure.gravatar.com\/avatar\/1a494ea6f8e2dd1ae526e55b0e9497efdba542491e0620d704cccf63c6f77c45?s=96&d=mm&r=g","contentUrl":"https:\/\/secure.gravatar.com\/avatar\/1a494ea6f8e2dd1ae526e55b0e9497efdba542491e0620d704cccf63c6f77c45?s=96&d=mm&r=g","caption":"adminuvb"},"sameAs":["https:\/\/uvbbrasil.com.br"],"url":"https:\/\/uvbbrasil.com.br\/author\/adminuvb\/"}]}},"_links":{"self":[{"href":"https:\/\/uvbbrasil.com.br\/uvb-json\/wp\/v2\/posts\/17546","targetHints":{"allow":["GET"]}}],"collection":[{"href":"https:\/\/uvbbrasil.com.br\/uvb-json\/wp\/v2\/posts"}],"about":[{"href":"https:\/\/uvbbrasil.com.br\/uvb-json\/wp\/v2\/types\/post"}],"author":[{"embeddable":true,"href":"https:\/\/uvbbrasil.com.br\/uvb-json\/wp\/v2\/users\/1"}],"replies":[{"embeddable":true,"href":"https:\/\/uvbbrasil.com.br\/uvb-json\/wp\/v2\/comments?post=17546"}],"version-history":[{"count":0,"href":"https:\/\/uvbbrasil.com.br\/uvb-json\/wp\/v2\/posts\/17546\/revisions"}],"wp:featuredmedia":[{"embeddable":true,"href":"https:\/\/uvbbrasil.com.br\/uvb-json\/wp\/v2\/media\/17576"}],"wp:attachment":[{"href":"https:\/\/uvbbrasil.com.br\/uvb-json\/wp\/v2\/media?parent=17546"}],"wp:term":[{"taxonomy":"category","embeddable":true,"href":"https:\/\/uvbbrasil.com.br\/uvb-json\/wp\/v2\/categories?post=17546"},{"taxonomy":"post_tag","embeddable":true,"href":"https:\/\/uvbbrasil.com.br\/uvb-json\/wp\/v2\/tags?post=17546"}],"curies":[{"name":"wp","href":"https:\/\/api.w.org\/{rel}","templated":true}]}}