{"id":17534,"date":"2020-01-29T09:12:38","date_gmt":"2020-01-29T12:12:38","guid":{"rendered":"https:\/\/wpsandbox4.pante.com.br\/?p=17534"},"modified":"2020-01-29T09:12:38","modified_gmt":"2020-01-29T12:12:38","slug":"camara-de-toledo-pr-inicia-ano-legislativo-de-2020-no-dia-03-de-fevereiro","status":"publish","type":"post","link":"https:\/\/uvbbrasil.com.br\/camara-de-toledo-pr-inicia-ano-legislativo-de-2020-no-dia-03-de-fevereiro\/","title":{"rendered":"C\u00e2mara de Toledo-PR inicia ano legislativo de 2020 no dia 03  de fevereiro"},"content":{"rendered":"<p>A C\u00e2mara municipal\u00a0 de Toledo-PR inicia as sess\u00f5es ordin\u00e1rias de 2020 na segunda-feira, dia 3 de fevereiro, em sess\u00e3o que marca a abertura do ano legislativo. Al\u00e9m da defini\u00e7\u00e3o dos futuros vereadores e prefeito e vice-prefeito para o per\u00edodo 2021-2024 o ano de 2020 dever\u00e1 ter no Poder Legislativo, al\u00e9m da vota\u00e7\u00e3o das leis ordin\u00e1rias, a aprecia\u00e7\u00e3o da LOA 2021-Lei Or\u00e7ament\u00e1ria Anual para o pr\u00f3ximo ano. Tamb\u00e9m est\u00e1 prevista a revis\u00e3o do Plano Diretor de Toledo. Na abertura do ano legislativo a C\u00e2mara dever\u00e1 receber mensagem do Poder Executivo e plano de governo, que dever\u00e1 expor \u201ca situa\u00e7\u00e3o do Munic\u00edpio\u201d e solicitar \u201cas provid\u00eancias que julgar necess\u00e1rias\u201d.<\/p>\n<p>Sess\u00e3o que marca a abertura do ano legislativo, o qual encerrar\u00e1 a atual legislatura em 31 de dezembro. Por conta do encerramento dos mandatos da atual legislatura, conforme preveem a Constitui\u00e7\u00e3o Federal e a Lei Org\u00e2nica, ela dever\u00e1 contar tamb\u00e9m com a respectiva elei\u00e7\u00e3o municipal, em outubro. Al\u00e9m da defini\u00e7\u00e3o dos futuros vereadores e prefeito e vice-prefeito para o per\u00edodo 2021-2024 o ano de 2020 dever\u00e1 ter no Poder Legislativo, al\u00e9m da vota\u00e7\u00e3o das leis ordin\u00e1rias, a aprecia\u00e7\u00e3o da LOA 2021-Lei Or\u00e7ament\u00e1ria Anual para o pr\u00f3ximo ano, que embasar\u00e1 as a\u00e7\u00f5es e programas municipais da pr\u00f3xima administra\u00e7\u00e3o toledana. Tamb\u00e9m est\u00e1 prevista a revis\u00e3o do Plano Diretor de Toledo.<\/p>\n<p>Na abertura do ano legislativo a C\u00e2mara de Toledo dever\u00e1 receber mensagem do Poder Executivo\u00a0e plano\u00a0de governo. Conforme a Lei Org\u00e2nica Toledana, a mensagem do prefeito \u00e0 C\u00e2mara prevista dever\u00e1 expor \u201ca situa\u00e7\u00e3o do Munic\u00edpio\u201d e solicitar \u201cas provid\u00eancias que julgar necess\u00e1rias\u201d. A Lei Org\u00e2nica n\u00e3o estabelece obrigatoriedade do comparecimento do prefeito\u00a0Lucio de Marchi\u00a0\u00e0 C\u00e2mara Municipal, no entanto\u00a0ele\u00a0tem se tornado tradicional em Toledo na abertura do ano legislativo.<\/p>\n<p>A\u00a0LOT-Lei Org\u00e2nica de Toledo, em seu artigo 55,\u00a0prev\u00ea\u00a0as atribui\u00e7\u00f5es do prefeito municipal,\u00a0entre as quais est\u00e1 a de\u00a0\u201cremeter mensagem e plano\u00a0de governo \u00e0 C\u00e2mara por ocasi\u00e3o da\u00a0abertura\u00a0de cada sess\u00e3o legislativa, expondo a situa\u00e7\u00e3o do Munic\u00edpio e solicitando as provid\u00eancias que julgar necess\u00e1rias\u201d. Segundo a LOT, compete privativamente ao prefeito municipal a medida.<\/p>\n<p>Plano Diretor em revis\u00e3o<\/p>\n<p>Quanto ao Plano Diretor Toledo 2050 vem sendo realizado um debate pelo Poder Executivo no sentido de sua revis\u00e3o. E em 11 de mar\u00e7o \u00faltimo foi constitu\u00eddo pela Portaria n\u00ba 148\/2019, assinada pelo prefeito Lucio de Marchi, o Grupo de Acompanhamento da Revis\u00e3o do Plano Diretor, integrado por representantes da C\u00e2mara, DNIT, DER, Crea, IAB-Instituto dos Arquitetos do Brasil e Sanepar. Pela C\u00e2mara de Toledo foi nomeado o vereador Ademar Dorfschmidt, que no \u00faltimo dia 24\u00a0de janeiro\u00a0entregou\u00a0ao presidente da C\u00e2mara de Toledo, Ant\u00f4nio Z\u00f3io, c\u00f3pia de\u00a0vers\u00e3o da proposta que est\u00e1 sendo preparada no Poder Executivo e que j\u00e1 foi examinada em duas reuni\u00f5es neste in\u00edcio de ano.<\/p>\n<p>O\u00a0Plano Diretor\u00a0Municipal \u2013 Toledo 2050 foi originalmente estabelecido na\u00a0<a href=\"http:\/\/%20http\/www.toledo.pr.gov.br\/sapl\/sapl_documentos\/norma_juridica\/276_texto_integral\">Lei Complementar\u00a0n\u00b0\u00a09\/2006,\u00a0de\u00a0<\/a><a href=\"http:\/\/%20http\/www.toledo.pr.gov.br\/sapl\/sapl_documentos\/norma_juridica\/276_texto_integral\">07\/10\/2006<\/a>,\u00a0depois alterada pela\u00a0<a href=\"http:\/\/www.toledo.pr.gov.br\/sapl\/sapl_documentos\/norma_juridica\/9427_texto_integral\">Lei Complementar\u00a0n\u00b0 20\/2016, de\u00a0<\/a><a href=\"http:\/\/www.toledo.pr.gov.br\/sapl\/sapl_documentos\/norma_juridica\/9427_texto_integral\">16\/09\/2016<\/a>.\u00a0No ano seguinte foi aprovada pela C\u00e2mara de Toledo e entrou em vigor a\u00a0<a href=\"http:\/\/www.toledo.pr.gov.br\/sapl\/sapl_documentos\/norma_juridica\/13292_texto_integral\">Lei Complementar 22\/2017, de 13\/11\/2017<\/a>, \u201cque estabelece diretrizes e proposi\u00e7\u00f5es para o planejamento, desenvolvimento e gest\u00e3o do territ\u00f3rio do Munic\u00edpio\u00a0de Toledo\u201d e que introduziu no planejamento urbano toledano o Biopark, na regi\u00e3o do Distrito de Novo Sobradinho. A\u00a0Lei Complementar 22\u00a0passou a contar com a\u00a0\u201cMacrozona Urbana Especial do Biopark: formada pelo per\u00edmetro urbano do Parque Cient\u00edfico e Tecnol\u00f3gico de Bioci\u00eancias \u2013 Biopark\u201d\u00a0e que neste ano dever\u00e1 sofrer nova revis\u00e3o visando atualizar as normas relativas ao planejamento urbano municipal.<\/p>\n<p><a href=\"https:\/\/uvbbrasil.com.br\/?attachment_id=17535\" rel=\"attachment wp-att-17535\"><img fetchpriority=\"high\" decoding=\"async\" class=\"aligncenter size-full wp-image-17535\" src=\"https:\/\/uvbbrasil.com.br\/wp-content\/uploads\/2020\/01\/TOLEDO.jpg\" alt=\"\" width=\"275\" height=\"183\" \/><\/a><\/p>\n<p>fonte:.www.toledo.pr.leg.br<\/p>\n","protected":false},"excerpt":{"rendered":"<p>A C\u00e2mara municipal\u00a0 de Toledo-PR inicia as sess\u00f5es ordin\u00e1rias de 2020 na segunda-feira, dia 3 de fevereiro, em sess\u00e3o que&#8230;<\/p>\n","protected":false},"author":1,"featured_media":17535,"comment_status":"open","ping_status":"open","sticky":false,"template":"","format":"standard","meta":{"footnotes":""},"categories":[3],"tags":[],"class_list":["post-17534","post","type-post","status-publish","format-standard","has-post-thumbnail","hentry","category-noticias"],"yoast_head":"<!-- This site is optimized with the Yoast SEO plugin v26.7 - https:\/\/yoast.com\/wordpress\/plugins\/seo\/ -->\n<title>C\u00e2mara de Toledo-PR inicia ano legislativo de 2020 no dia 03 de fevereiro - UVB Brasil<\/title>\n<meta name=\"robots\" content=\"index, follow, max-snippet:-1, max-image-preview:large, max-video-preview:-1\" \/>\n<link rel=\"canonical\" href=\"https:\/\/uvbbrasil.com.br\/camara-de-toledo-pr-inicia-ano-legislativo-de-2020-no-dia-03-de-fevereiro\/\" \/>\n<meta property=\"og:locale\" content=\"pt_BR\" \/>\n<meta property=\"og:type\" content=\"article\" \/>\n<meta property=\"og:title\" content=\"C\u00e2mara de Toledo-PR inicia ano legislativo de 2020 no dia 03 de fevereiro - UVB Brasil\" \/>\n<meta property=\"og:description\" content=\"A C\u00e2mara municipal\u00a0 de Toledo-PR inicia as sess\u00f5es ordin\u00e1rias de 2020 na segunda-feira, dia 3 de fevereiro, em sess\u00e3o que...\" \/>\n<meta property=\"og:url\" content=\"https:\/\/uvbbrasil.com.br\/camara-de-toledo-pr-inicia-ano-legislativo-de-2020-no-dia-03-de-fevereiro\/\" \/>\n<meta property=\"og:site_name\" content=\"UVB Brasil\" \/>\n<meta property=\"article:publisher\" content=\"https:\/\/www.facebook.com\/uvb.vereadoresbrasil\" \/>\n<meta property=\"article:published_time\" content=\"2020-01-29T12:12:38+00:00\" \/>\n<meta property=\"og:image\" content=\"https:\/\/uvbbrasil.com.br\/wp-content\/uploads\/2020\/01\/TOLEDO.jpg\" \/>\n\t<meta property=\"og:image:width\" content=\"275\" \/>\n\t<meta property=\"og:image:height\" content=\"183\" \/>\n\t<meta property=\"og:image:type\" content=\"image\/jpeg\" \/>\n<meta name=\"author\" content=\"adminuvb\" \/>\n<meta name=\"twitter:card\" content=\"summary_large_image\" \/>\n<meta name=\"twitter:label1\" content=\"Escrito por\" \/>\n\t<meta name=\"twitter:data1\" content=\"adminuvb\" \/>\n\t<meta name=\"twitter:label2\" content=\"Est. tempo de leitura\" \/>\n\t<meta name=\"twitter:data2\" content=\"3 minutos\" \/>\n<script type=\"application\/ld+json\" class=\"yoast-schema-graph\">{\"@context\":\"https:\/\/schema.org\",\"@graph\":[{\"@type\":\"Article\",\"@id\":\"https:\/\/uvbbrasil.com.br\/camara-de-toledo-pr-inicia-ano-legislativo-de-2020-no-dia-03-de-fevereiro\/#article\",\"isPartOf\":{\"@id\":\"https:\/\/uvbbrasil.com.br\/camara-de-toledo-pr-inicia-ano-legislativo-de-2020-no-dia-03-de-fevereiro\/\"},\"author\":{\"name\":\"adminuvb\",\"@id\":\"https:\/\/uvbbrasil.com.br\/#\/schema\/person\/17990098446c098f52effddff4f1b272\"},\"headline\":\"C\u00e2mara de Toledo-PR inicia ano legislativo de 2020 no dia 03 de fevereiro\",\"datePublished\":\"2020-01-29T12:12:38+00:00\",\"mainEntityOfPage\":{\"@id\":\"https:\/\/uvbbrasil.com.br\/camara-de-toledo-pr-inicia-ano-legislativo-de-2020-no-dia-03-de-fevereiro\/\"},\"wordCount\":665,\"commentCount\":0,\"publisher\":{\"@id\":\"https:\/\/uvbbrasil.com.br\/#organization\"},\"image\":{\"@id\":\"https:\/\/uvbbrasil.com.br\/camara-de-toledo-pr-inicia-ano-legislativo-de-2020-no-dia-03-de-fevereiro\/#primaryimage\"},\"thumbnailUrl\":\"https:\/\/uvbbrasil.com.br\/wp-content\/uploads\/2020\/01\/TOLEDO.jpg\",\"articleSection\":[\"NOT\u00cdCIAS\"],\"inLanguage\":\"pt-BR\",\"potentialAction\":[{\"@type\":\"CommentAction\",\"name\":\"Comment\",\"target\":[\"https:\/\/uvbbrasil.com.br\/camara-de-toledo-pr-inicia-ano-legislativo-de-2020-no-dia-03-de-fevereiro\/#respond\"]}]},{\"@type\":\"WebPage\",\"@id\":\"https:\/\/uvbbrasil.com.br\/camara-de-toledo-pr-inicia-ano-legislativo-de-2020-no-dia-03-de-fevereiro\/\",\"url\":\"https:\/\/uvbbrasil.com.br\/camara-de-toledo-pr-inicia-ano-legislativo-de-2020-no-dia-03-de-fevereiro\/\",\"name\":\"C\u00e2mara de Toledo-PR inicia ano legislativo de 2020 no dia 03 de fevereiro - UVB Brasil\",\"isPartOf\":{\"@id\":\"https:\/\/uvbbrasil.com.br\/#website\"},\"primaryImageOfPage\":{\"@id\":\"https:\/\/uvbbrasil.com.br\/camara-de-toledo-pr-inicia-ano-legislativo-de-2020-no-dia-03-de-fevereiro\/#primaryimage\"},\"image\":{\"@id\":\"https:\/\/uvbbrasil.com.br\/camara-de-toledo-pr-inicia-ano-legislativo-de-2020-no-dia-03-de-fevereiro\/#primaryimage\"},\"thumbnailUrl\":\"https:\/\/uvbbrasil.com.br\/wp-content\/uploads\/2020\/01\/TOLEDO.jpg\",\"datePublished\":\"2020-01-29T12:12:38+00:00\",\"breadcrumb\":{\"@id\":\"https:\/\/uvbbrasil.com.br\/camara-de-toledo-pr-inicia-ano-legislativo-de-2020-no-dia-03-de-fevereiro\/#breadcrumb\"},\"inLanguage\":\"pt-BR\",\"potentialAction\":[{\"@type\":\"ReadAction\",\"target\":[\"https:\/\/uvbbrasil.com.br\/camara-de-toledo-pr-inicia-ano-legislativo-de-2020-no-dia-03-de-fevereiro\/\"]}]},{\"@type\":\"ImageObject\",\"inLanguage\":\"pt-BR\",\"@id\":\"https:\/\/uvbbrasil.com.br\/camara-de-toledo-pr-inicia-ano-legislativo-de-2020-no-dia-03-de-fevereiro\/#primaryimage\",\"url\":\"https:\/\/uvbbrasil.com.br\/wp-content\/uploads\/2020\/01\/TOLEDO.jpg\",\"contentUrl\":\"https:\/\/uvbbrasil.com.br\/wp-content\/uploads\/2020\/01\/TOLEDO.jpg\",\"width\":275,\"height\":183},{\"@type\":\"BreadcrumbList\",\"@id\":\"https:\/\/uvbbrasil.com.br\/camara-de-toledo-pr-inicia-ano-legislativo-de-2020-no-dia-03-de-fevereiro\/#breadcrumb\",\"itemListElement\":[{\"@type\":\"ListItem\",\"position\":1,\"name\":\"In\u00edcio\",\"item\":\"https:\/\/uvbbrasil.com.br\/\"},{\"@type\":\"ListItem\",\"position\":2,\"name\":\"C\u00e2mara de Toledo-PR inicia ano legislativo de 2020 no dia 03 de fevereiro\"}]},{\"@type\":\"WebSite\",\"@id\":\"https:\/\/uvbbrasil.com.br\/#website\",\"url\":\"https:\/\/uvbbrasil.com.br\/\",\"name\":\"UVB Brasil\",\"description\":\"Uni\u00e3o dos Vereadores do Brasil\",\"publisher\":{\"@id\":\"https:\/\/uvbbrasil.com.br\/#organization\"},\"potentialAction\":[{\"@type\":\"SearchAction\",\"target\":{\"@type\":\"EntryPoint\",\"urlTemplate\":\"https:\/\/uvbbrasil.com.br\/?s={search_term_string}\"},\"query-input\":{\"@type\":\"PropertyValueSpecification\",\"valueRequired\":true,\"valueName\":\"search_term_string\"}}],\"inLanguage\":\"pt-BR\"},{\"@type\":\"Organization\",\"@id\":\"https:\/\/uvbbrasil.com.br\/#organization\",\"name\":\"UVB Brasil\",\"url\":\"https:\/\/uvbbrasil.com.br\/\",\"logo\":{\"@type\":\"ImageObject\",\"inLanguage\":\"pt-BR\",\"@id\":\"https:\/\/uvbbrasil.com.br\/#\/schema\/logo\/image\/\",\"url\":\"https:\/\/uvbbrasil.com.br\/wp-content\/uploads\/2025\/01\/LOGO-UVB-2024-azul-1.jpg\",\"contentUrl\":\"https:\/\/uvbbrasil.com.br\/wp-content\/uploads\/2025\/01\/LOGO-UVB-2024-azul-1.jpg\",\"width\":600,\"height\":211,\"caption\":\"UVB Brasil\"},\"image\":{\"@id\":\"https:\/\/uvbbrasil.com.br\/#\/schema\/logo\/image\/\"},\"sameAs\":[\"https:\/\/www.facebook.com\/uvb.vereadoresbrasil\",\"https:\/\/www.instagram.com\/uvbbrasil\/\",\"https:\/\/www.youtube.com\/channel\/UCIlPQ8Xzw5GHNzosQIg9S5A\"]},{\"@type\":\"Person\",\"@id\":\"https:\/\/uvbbrasil.com.br\/#\/schema\/person\/17990098446c098f52effddff4f1b272\",\"name\":\"adminuvb\",\"image\":{\"@type\":\"ImageObject\",\"inLanguage\":\"pt-BR\",\"@id\":\"https:\/\/uvbbrasil.com.br\/#\/schema\/person\/image\/\",\"url\":\"https:\/\/secure.gravatar.com\/avatar\/1a494ea6f8e2dd1ae526e55b0e9497efdba542491e0620d704cccf63c6f77c45?s=96&d=mm&r=g\",\"contentUrl\":\"https:\/\/secure.gravatar.com\/avatar\/1a494ea6f8e2dd1ae526e55b0e9497efdba542491e0620d704cccf63c6f77c45?s=96&d=mm&r=g\",\"caption\":\"adminuvb\"},\"sameAs\":[\"https:\/\/uvbbrasil.com.br\"],\"url\":\"https:\/\/uvbbrasil.com.br\/author\/adminuvb\/\"}]}<\/script>\n<!-- \/ Yoast SEO plugin. -->","yoast_head_json":{"title":"C\u00e2mara de Toledo-PR inicia ano legislativo de 2020 no dia 03 de fevereiro - UVB Brasil","robots":{"index":"index","follow":"follow","max-snippet":"max-snippet:-1","max-image-preview":"max-image-preview:large","max-video-preview":"max-video-preview:-1"},"canonical":"https:\/\/uvbbrasil.com.br\/camara-de-toledo-pr-inicia-ano-legislativo-de-2020-no-dia-03-de-fevereiro\/","og_locale":"pt_BR","og_type":"article","og_title":"C\u00e2mara de Toledo-PR inicia ano legislativo de 2020 no dia 03 de fevereiro - UVB Brasil","og_description":"A C\u00e2mara municipal\u00a0 de Toledo-PR inicia as sess\u00f5es ordin\u00e1rias de 2020 na segunda-feira, dia 3 de fevereiro, em sess\u00e3o que...","og_url":"https:\/\/uvbbrasil.com.br\/camara-de-toledo-pr-inicia-ano-legislativo-de-2020-no-dia-03-de-fevereiro\/","og_site_name":"UVB Brasil","article_publisher":"https:\/\/www.facebook.com\/uvb.vereadoresbrasil","article_published_time":"2020-01-29T12:12:38+00:00","og_image":[{"width":275,"height":183,"url":"https:\/\/uvbbrasil.com.br\/wp-content\/uploads\/2020\/01\/TOLEDO.jpg","type":"image\/jpeg"}],"author":"adminuvb","twitter_card":"summary_large_image","twitter_misc":{"Escrito por":"adminuvb","Est. tempo de leitura":"3 minutos"},"schema":{"@context":"https:\/\/schema.org","@graph":[{"@type":"Article","@id":"https:\/\/uvbbrasil.com.br\/camara-de-toledo-pr-inicia-ano-legislativo-de-2020-no-dia-03-de-fevereiro\/#article","isPartOf":{"@id":"https:\/\/uvbbrasil.com.br\/camara-de-toledo-pr-inicia-ano-legislativo-de-2020-no-dia-03-de-fevereiro\/"},"author":{"name":"adminuvb","@id":"https:\/\/uvbbrasil.com.br\/#\/schema\/person\/17990098446c098f52effddff4f1b272"},"headline":"C\u00e2mara de Toledo-PR inicia ano legislativo de 2020 no dia 03 de fevereiro","datePublished":"2020-01-29T12:12:38+00:00","mainEntityOfPage":{"@id":"https:\/\/uvbbrasil.com.br\/camara-de-toledo-pr-inicia-ano-legislativo-de-2020-no-dia-03-de-fevereiro\/"},"wordCount":665,"commentCount":0,"publisher":{"@id":"https:\/\/uvbbrasil.com.br\/#organization"},"image":{"@id":"https:\/\/uvbbrasil.com.br\/camara-de-toledo-pr-inicia-ano-legislativo-de-2020-no-dia-03-de-fevereiro\/#primaryimage"},"thumbnailUrl":"https:\/\/uvbbrasil.com.br\/wp-content\/uploads\/2020\/01\/TOLEDO.jpg","articleSection":["NOT\u00cdCIAS"],"inLanguage":"pt-BR","potentialAction":[{"@type":"CommentAction","name":"Comment","target":["https:\/\/uvbbrasil.com.br\/camara-de-toledo-pr-inicia-ano-legislativo-de-2020-no-dia-03-de-fevereiro\/#respond"]}]},{"@type":"WebPage","@id":"https:\/\/uvbbrasil.com.br\/camara-de-toledo-pr-inicia-ano-legislativo-de-2020-no-dia-03-de-fevereiro\/","url":"https:\/\/uvbbrasil.com.br\/camara-de-toledo-pr-inicia-ano-legislativo-de-2020-no-dia-03-de-fevereiro\/","name":"C\u00e2mara de Toledo-PR inicia ano legislativo de 2020 no dia 03 de fevereiro - UVB Brasil","isPartOf":{"@id":"https:\/\/uvbbrasil.com.br\/#website"},"primaryImageOfPage":{"@id":"https:\/\/uvbbrasil.com.br\/camara-de-toledo-pr-inicia-ano-legislativo-de-2020-no-dia-03-de-fevereiro\/#primaryimage"},"image":{"@id":"https:\/\/uvbbrasil.com.br\/camara-de-toledo-pr-inicia-ano-legislativo-de-2020-no-dia-03-de-fevereiro\/#primaryimage"},"thumbnailUrl":"https:\/\/uvbbrasil.com.br\/wp-content\/uploads\/2020\/01\/TOLEDO.jpg","datePublished":"2020-01-29T12:12:38+00:00","breadcrumb":{"@id":"https:\/\/uvbbrasil.com.br\/camara-de-toledo-pr-inicia-ano-legislativo-de-2020-no-dia-03-de-fevereiro\/#breadcrumb"},"inLanguage":"pt-BR","potentialAction":[{"@type":"ReadAction","target":["https:\/\/uvbbrasil.com.br\/camara-de-toledo-pr-inicia-ano-legislativo-de-2020-no-dia-03-de-fevereiro\/"]}]},{"@type":"ImageObject","inLanguage":"pt-BR","@id":"https:\/\/uvbbrasil.com.br\/camara-de-toledo-pr-inicia-ano-legislativo-de-2020-no-dia-03-de-fevereiro\/#primaryimage","url":"https:\/\/uvbbrasil.com.br\/wp-content\/uploads\/2020\/01\/TOLEDO.jpg","contentUrl":"https:\/\/uvbbrasil.com.br\/wp-content\/uploads\/2020\/01\/TOLEDO.jpg","width":275,"height":183},{"@type":"BreadcrumbList","@id":"https:\/\/uvbbrasil.com.br\/camara-de-toledo-pr-inicia-ano-legislativo-de-2020-no-dia-03-de-fevereiro\/#breadcrumb","itemListElement":[{"@type":"ListItem","position":1,"name":"In\u00edcio","item":"https:\/\/uvbbrasil.com.br\/"},{"@type":"ListItem","position":2,"name":"C\u00e2mara de Toledo-PR inicia ano legislativo de 2020 no dia 03 de fevereiro"}]},{"@type":"WebSite","@id":"https:\/\/uvbbrasil.com.br\/#website","url":"https:\/\/uvbbrasil.com.br\/","name":"UVB Brasil","description":"Uni\u00e3o dos Vereadores do Brasil","publisher":{"@id":"https:\/\/uvbbrasil.com.br\/#organization"},"potentialAction":[{"@type":"SearchAction","target":{"@type":"EntryPoint","urlTemplate":"https:\/\/uvbbrasil.com.br\/?s={search_term_string}"},"query-input":{"@type":"PropertyValueSpecification","valueRequired":true,"valueName":"search_term_string"}}],"inLanguage":"pt-BR"},{"@type":"Organization","@id":"https:\/\/uvbbrasil.com.br\/#organization","name":"UVB Brasil","url":"https:\/\/uvbbrasil.com.br\/","logo":{"@type":"ImageObject","inLanguage":"pt-BR","@id":"https:\/\/uvbbrasil.com.br\/#\/schema\/logo\/image\/","url":"https:\/\/uvbbrasil.com.br\/wp-content\/uploads\/2025\/01\/LOGO-UVB-2024-azul-1.jpg","contentUrl":"https:\/\/uvbbrasil.com.br\/wp-content\/uploads\/2025\/01\/LOGO-UVB-2024-azul-1.jpg","width":600,"height":211,"caption":"UVB Brasil"},"image":{"@id":"https:\/\/uvbbrasil.com.br\/#\/schema\/logo\/image\/"},"sameAs":["https:\/\/www.facebook.com\/uvb.vereadoresbrasil","https:\/\/www.instagram.com\/uvbbrasil\/","https:\/\/www.youtube.com\/channel\/UCIlPQ8Xzw5GHNzosQIg9S5A"]},{"@type":"Person","@id":"https:\/\/uvbbrasil.com.br\/#\/schema\/person\/17990098446c098f52effddff4f1b272","name":"adminuvb","image":{"@type":"ImageObject","inLanguage":"pt-BR","@id":"https:\/\/uvbbrasil.com.br\/#\/schema\/person\/image\/","url":"https:\/\/secure.gravatar.com\/avatar\/1a494ea6f8e2dd1ae526e55b0e9497efdba542491e0620d704cccf63c6f77c45?s=96&d=mm&r=g","contentUrl":"https:\/\/secure.gravatar.com\/avatar\/1a494ea6f8e2dd1ae526e55b0e9497efdba542491e0620d704cccf63c6f77c45?s=96&d=mm&r=g","caption":"adminuvb"},"sameAs":["https:\/\/uvbbrasil.com.br"],"url":"https:\/\/uvbbrasil.com.br\/author\/adminuvb\/"}]}},"_links":{"self":[{"href":"https:\/\/uvbbrasil.com.br\/uvb-json\/wp\/v2\/posts\/17534","targetHints":{"allow":["GET"]}}],"collection":[{"href":"https:\/\/uvbbrasil.com.br\/uvb-json\/wp\/v2\/posts"}],"about":[{"href":"https:\/\/uvbbrasil.com.br\/uvb-json\/wp\/v2\/types\/post"}],"author":[{"embeddable":true,"href":"https:\/\/uvbbrasil.com.br\/uvb-json\/wp\/v2\/users\/1"}],"replies":[{"embeddable":true,"href":"https:\/\/uvbbrasil.com.br\/uvb-json\/wp\/v2\/comments?post=17534"}],"version-history":[{"count":0,"href":"https:\/\/uvbbrasil.com.br\/uvb-json\/wp\/v2\/posts\/17534\/revisions"}],"wp:featuredmedia":[{"embeddable":true,"href":"https:\/\/uvbbrasil.com.br\/uvb-json\/wp\/v2\/media\/17535"}],"wp:attachment":[{"href":"https:\/\/uvbbrasil.com.br\/uvb-json\/wp\/v2\/media?parent=17534"}],"wp:term":[{"taxonomy":"category","embeddable":true,"href":"https:\/\/uvbbrasil.com.br\/uvb-json\/wp\/v2\/categories?post=17534"},{"taxonomy":"post_tag","embeddable":true,"href":"https:\/\/uvbbrasil.com.br\/uvb-json\/wp\/v2\/tags?post=17534"}],"curies":[{"name":"wp","href":"https:\/\/api.w.org\/{rel}","templated":true}]}}