{"id":17420,"date":"2020-01-17T08:13:34","date_gmt":"2020-01-17T11:13:34","guid":{"rendered":"https:\/\/wpsandbox4.pante.com.br\/?p=17420"},"modified":"2020-01-17T08:13:34","modified_gmt":"2020-01-17T11:13:34","slug":"confira-o-cronograma-dos-principais-programas-mec-para-acesso-ao-ensino-superior","status":"publish","type":"post","link":"https:\/\/uvbbrasil.com.br\/confira-o-cronograma-dos-principais-programas-mec-para-acesso-ao-ensino-superior\/","title":{"rendered":"Confira o cronograma dos principais programas do MEC para acesso ao ensino superior"},"content":{"rendered":"<p>Sisu, ProUni e Fies j\u00e1 est\u00e3o com os calend\u00e1rios definidos para 2020; nota do Enem \u00e9 base para inclus\u00e3o nas iniciativas<\/p>\n<p>\u2013 Quem estiver de olho em uma vaga para cursar o ensino superior em 2020 tem que ficar atento. Os tr\u00eas principais programas do Minist\u00e9rio da Educa\u00e7\u00e3o (MEC) para ingresso a universidades j\u00e1 est\u00e3o com os cronogramas definidos.<\/p>\n<p>Foram divulgados os editais com as datas do Sistema de Sele\u00e7\u00e3o Unificada (Sisu), do Programa Universidade para Todos (Prouni) e do Fundo de Financiamento Estudantil (Fies).<\/p>\n<p>Para concorrer a vagas pelos programas, o candidato deve utilizar as notas do Exame Nacional do Ensino M\u00e9dio (Enem), que ter\u00e1 resultado divulgado hoje \u00a017 de janeiro. Fique atento e n\u00e3o perca nenhuma data importante para o seu futuro:<\/p>\n<p><strong style=\"font-style: inherit;\">Sisu \u2013<\/strong>\u00a0O estudante que participou do Enem de 2019 e quer estudar em insitui\u00e7\u00f5es de ensino superior p\u00fablicas pode realizar a inscri\u00e7\u00e3o no Sisu no primeiro semestre de 2020. Para concorrer a uma vaga pelo programa, \u00e9 preciso ter obtido uma nota acima de zero na reda\u00e7\u00e3o. Confira o cronograma:<\/p>\n<ul>\n<li style=\"font-style: inherit; font-weight: inherit;\"><strong style=\"font-style: inherit;\">inscri\u00e7\u00f5es:<\/strong>\u00a0de 21 de janeiro at\u00e9 as 23h59 de 24 de janeiro;<\/li>\n<li style=\"font-style: inherit; font-weight: inherit;\"><strong style=\"font-style: inherit;\">divulga\u00e7\u00e3o dos resultados:<\/strong>\u00a028 de janeiro;<\/li>\n<li style=\"font-style: inherit; font-weight: inherit;\"><strong style=\"font-style: inherit;\">matr\u00edcula ou registro acad\u00eamico nas institui\u00e7\u00f5es participantes:<\/strong>\u00a0at\u00e9 4 de fevereiro;<\/li>\n<li style=\"font-style: inherit; font-weight: inherit;\"><strong style=\"font-style: inherit;\">lan\u00e7amento da ocupa\u00e7\u00e3o nas vagas pelas institui\u00e7\u00f5es participantes:<\/strong>\u00a0at\u00e9 7 de fevereiro;<\/li>\n<li style=\"font-style: inherit; font-weight: inherit;\"><strong style=\"font-style: inherit;\">manifesta\u00e7\u00e3o de interesse para constar na lista de espera:<\/strong>\u00a0at\u00e9 as 23h59 de 4 de fevereiro.<\/li>\n<\/ul>\n<p><strong style=\"font-style: inherit;\">ProUni \u2013<\/strong>\u00a0O estudante que deseja ingressar em institui\u00e7\u00f5es privadas de ensino superior pode concorrer a bolsas integrais (100%) e parciais (50%) por meio do ProUni. Para concorrer, o estudante deve ter obtido m\u00e9dia de ao menos 450 pontos e n\u00e3o ter zerado a reda\u00e7\u00e3o no Enem. Confira o cronograma:<\/p>\n<ul>\n<li style=\"font-style: inherit; font-weight: inherit;\"><strong style=\"font-style: inherit;\">inscri\u00e7\u00f5es<\/strong>: 28 de janeiro a 31 de janeiro;<\/li>\n<li style=\"font-style: inherit; font-weight: inherit;\"><strong style=\"font-style: inherit;\">divulga\u00e7\u00e3o do resultado da primeira chamada:<\/strong>\u00a04 de fevereiro;<\/li>\n<li style=\"font-style: inherit; font-weight: inherit;\"><strong style=\"font-style: inherit;\">comprova\u00e7\u00e3o das informa\u00e7\u00f5es e eventual processo seletivo pr\u00f3prio das institui\u00e7\u00f5es (primeira chamada):<\/strong>\u00a04 a 11 de fevereiro;<\/li>\n<li style=\"font-style: inherit; font-weight: inherit;\"><strong style=\"font-style: inherit;\">registro no SisProuni e emiss\u00e3o dos termos pelas institui\u00e7\u00f5es (primeira chamada):<\/strong>\u00a04 a 14 de fevereiro;<\/li>\n<li style=\"font-style: inherit; font-weight: inherit;\"><strong style=\"font-style: inherit;\">divulga\u00e7\u00e3o dos resultados da segunda chamada:<\/strong>\u00a018 de fevereiro;<\/li>\n<li style=\"font-style: inherit; font-weight: inherit;\"><strong style=\"font-style: inherit;\">comprova\u00e7\u00e3o das informa\u00e7\u00f5es e eventual processo seletivo pr\u00f3prio das institui\u00e7\u00f5es (segunda chamada):<\/strong>\u00a018 a 28 de fevereiro;<\/li>\n<li style=\"font-style: inherit; font-weight: inherit;\"><strong style=\"font-style: inherit;\">registro no SisProuni e emiss\u00e3o dos termos pelas institui\u00e7\u00f5es (segunda chamada):<\/strong>\u00a018 de fevereiro a 3 de mar\u00e7o.<\/li>\n<\/ul>\n<p><strong style=\"font-style: inherit;\">Fies \u2013<\/strong>\u00a0O estudante tamb\u00e9m pode concorrer a uma vaga no ensino superior pelo Fies. O programa est\u00e1 dividido em duas modalidades: juros zero a quem mais precisa (renda familiar de at\u00e9 tr\u00eas sal\u00e1rios m\u00ednimos por pessoa) e escala de financiamento que varia conforme a renda familiar do candidato.<\/p>\n<ul>\n<li style=\"font-style: inherit; font-weight: inherit;\"><strong style=\"font-style: inherit;\">inscri\u00e7\u00f5es:<\/strong>\u00a05 de fevereiro at\u00e9 as 23h59 de 12 de fevereiro;<\/li>\n<li style=\"font-style: inherit; font-weight: inherit;\"><strong style=\"font-style: inherit;\">divulga\u00e7\u00e3o dos resultados:<\/strong>\u00a026 de fevereiro;<\/li>\n<li style=\"font-style: inherit; font-weight: inherit;\"><strong style=\"font-style: inherit;\">complementa\u00e7\u00e3o da inscri\u00e7\u00e3o no Fies Sele\u00e7\u00e3o pelos candidatos pr\u00e9-selecionados na modalidade Fies:<\/strong>\u00a027 de fevereiro at\u00e9 as 23h59 de 2 de mar\u00e7o;<\/li>\n<li style=\"font-style: inherit; font-weight: inherit;\"><strong style=\"font-style: inherit;\">pr\u00e9-sele\u00e7\u00e3o em lista de espera:<\/strong>\u00a028 de fevereiro at\u00e9 as 23h59 de 31 de mar\u00e7o.<a href=\"https:\/\/uvbbrasil.com.br\/?attachment_id=17421\" rel=\"attachment wp-att-17421\"><img fetchpriority=\"high\" decoding=\"async\" class=\"aligncenter size-full wp-image-17421\" src=\"https:\/\/uvbbrasil.com.br\/wp-content\/uploads\/2020\/01\/download-1.jpg\" alt=\"\" width=\"275\" height=\"183\" \/><\/a>fonte:www.i9treinamentos.com<\/li>\n<\/ul>\n<p>&nbsp;<\/p>\n","protected":false},"excerpt":{"rendered":"<p>Sisu, ProUni e Fies j\u00e1 est\u00e3o com os calend\u00e1rios definidos para 2020; nota do Enem \u00e9 base para inclus\u00e3o nas&#8230;<\/p>\n","protected":false},"author":1,"featured_media":17421,"comment_status":"open","ping_status":"open","sticky":false,"template":"","format":"standard","meta":{"footnotes":""},"categories":[3],"tags":[],"class_list":["post-17420","post","type-post","status-publish","format-standard","has-post-thumbnail","hentry","category-noticias"],"yoast_head":"<!-- This site is optimized with the Yoast SEO plugin v26.7 - https:\/\/yoast.com\/wordpress\/plugins\/seo\/ -->\n<title>Confira o cronograma dos principais programas do MEC para acesso ao ensino superior - UVB Brasil<\/title>\n<meta name=\"robots\" content=\"index, follow, max-snippet:-1, max-image-preview:large, max-video-preview:-1\" \/>\n<link rel=\"canonical\" href=\"https:\/\/uvbbrasil.com.br\/confira-o-cronograma-dos-principais-programas-mec-para-acesso-ao-ensino-superior\/\" \/>\n<meta property=\"og:locale\" content=\"pt_BR\" \/>\n<meta property=\"og:type\" content=\"article\" \/>\n<meta property=\"og:title\" content=\"Confira o cronograma dos principais programas do MEC para acesso ao ensino superior - UVB Brasil\" \/>\n<meta property=\"og:description\" content=\"Sisu, ProUni e Fies j\u00e1 est\u00e3o com os calend\u00e1rios definidos para 2020; nota do Enem \u00e9 base para inclus\u00e3o nas...\" \/>\n<meta property=\"og:url\" content=\"https:\/\/uvbbrasil.com.br\/confira-o-cronograma-dos-principais-programas-mec-para-acesso-ao-ensino-superior\/\" \/>\n<meta property=\"og:site_name\" content=\"UVB Brasil\" \/>\n<meta property=\"article:publisher\" content=\"https:\/\/www.facebook.com\/uvb.vereadoresbrasil\" \/>\n<meta property=\"article:published_time\" content=\"2020-01-17T11:13:34+00:00\" \/>\n<meta property=\"og:image\" content=\"https:\/\/uvbbrasil.com.br\/wp-content\/uploads\/2020\/01\/download-1.jpg\" \/>\n\t<meta property=\"og:image:width\" content=\"275\" \/>\n\t<meta property=\"og:image:height\" content=\"183\" \/>\n\t<meta property=\"og:image:type\" content=\"image\/jpeg\" \/>\n<meta name=\"author\" content=\"adminuvb\" \/>\n<meta name=\"twitter:card\" content=\"summary_large_image\" \/>\n<meta name=\"twitter:label1\" content=\"Escrito por\" \/>\n\t<meta name=\"twitter:data1\" content=\"adminuvb\" \/>\n\t<meta name=\"twitter:label2\" content=\"Est. tempo de leitura\" \/>\n\t<meta name=\"twitter:data2\" content=\"3 minutos\" \/>\n<script type=\"application\/ld+json\" class=\"yoast-schema-graph\">{\"@context\":\"https:\/\/schema.org\",\"@graph\":[{\"@type\":\"Article\",\"@id\":\"https:\/\/uvbbrasil.com.br\/confira-o-cronograma-dos-principais-programas-mec-para-acesso-ao-ensino-superior\/#article\",\"isPartOf\":{\"@id\":\"https:\/\/uvbbrasil.com.br\/confira-o-cronograma-dos-principais-programas-mec-para-acesso-ao-ensino-superior\/\"},\"author\":{\"name\":\"adminuvb\",\"@id\":\"https:\/\/uvbbrasil.com.br\/#\/schema\/person\/17990098446c098f52effddff4f1b272\"},\"headline\":\"Confira o cronograma dos principais programas do MEC para acesso ao ensino superior\",\"datePublished\":\"2020-01-17T11:13:34+00:00\",\"mainEntityOfPage\":{\"@id\":\"https:\/\/uvbbrasil.com.br\/confira-o-cronograma-dos-principais-programas-mec-para-acesso-ao-ensino-superior\/\"},\"wordCount\":516,\"commentCount\":0,\"publisher\":{\"@id\":\"https:\/\/uvbbrasil.com.br\/#organization\"},\"image\":{\"@id\":\"https:\/\/uvbbrasil.com.br\/confira-o-cronograma-dos-principais-programas-mec-para-acesso-ao-ensino-superior\/#primaryimage\"},\"thumbnailUrl\":\"https:\/\/uvbbrasil.com.br\/wp-content\/uploads\/2020\/01\/download-1.jpg\",\"articleSection\":[\"NOT\u00cdCIAS\"],\"inLanguage\":\"pt-BR\",\"potentialAction\":[{\"@type\":\"CommentAction\",\"name\":\"Comment\",\"target\":[\"https:\/\/uvbbrasil.com.br\/confira-o-cronograma-dos-principais-programas-mec-para-acesso-ao-ensino-superior\/#respond\"]}]},{\"@type\":\"WebPage\",\"@id\":\"https:\/\/uvbbrasil.com.br\/confira-o-cronograma-dos-principais-programas-mec-para-acesso-ao-ensino-superior\/\",\"url\":\"https:\/\/uvbbrasil.com.br\/confira-o-cronograma-dos-principais-programas-mec-para-acesso-ao-ensino-superior\/\",\"name\":\"Confira o cronograma dos principais programas do MEC para acesso ao ensino superior - UVB Brasil\",\"isPartOf\":{\"@id\":\"https:\/\/uvbbrasil.com.br\/#website\"},\"primaryImageOfPage\":{\"@id\":\"https:\/\/uvbbrasil.com.br\/confira-o-cronograma-dos-principais-programas-mec-para-acesso-ao-ensino-superior\/#primaryimage\"},\"image\":{\"@id\":\"https:\/\/uvbbrasil.com.br\/confira-o-cronograma-dos-principais-programas-mec-para-acesso-ao-ensino-superior\/#primaryimage\"},\"thumbnailUrl\":\"https:\/\/uvbbrasil.com.br\/wp-content\/uploads\/2020\/01\/download-1.jpg\",\"datePublished\":\"2020-01-17T11:13:34+00:00\",\"breadcrumb\":{\"@id\":\"https:\/\/uvbbrasil.com.br\/confira-o-cronograma-dos-principais-programas-mec-para-acesso-ao-ensino-superior\/#breadcrumb\"},\"inLanguage\":\"pt-BR\",\"potentialAction\":[{\"@type\":\"ReadAction\",\"target\":[\"https:\/\/uvbbrasil.com.br\/confira-o-cronograma-dos-principais-programas-mec-para-acesso-ao-ensino-superior\/\"]}]},{\"@type\":\"ImageObject\",\"inLanguage\":\"pt-BR\",\"@id\":\"https:\/\/uvbbrasil.com.br\/confira-o-cronograma-dos-principais-programas-mec-para-acesso-ao-ensino-superior\/#primaryimage\",\"url\":\"https:\/\/uvbbrasil.com.br\/wp-content\/uploads\/2020\/01\/download-1.jpg\",\"contentUrl\":\"https:\/\/uvbbrasil.com.br\/wp-content\/uploads\/2020\/01\/download-1.jpg\",\"width\":275,\"height\":183},{\"@type\":\"BreadcrumbList\",\"@id\":\"https:\/\/uvbbrasil.com.br\/confira-o-cronograma-dos-principais-programas-mec-para-acesso-ao-ensino-superior\/#breadcrumb\",\"itemListElement\":[{\"@type\":\"ListItem\",\"position\":1,\"name\":\"In\u00edcio\",\"item\":\"https:\/\/uvbbrasil.com.br\/\"},{\"@type\":\"ListItem\",\"position\":2,\"name\":\"Confira o cronograma dos principais programas do MEC para acesso ao ensino superior\"}]},{\"@type\":\"WebSite\",\"@id\":\"https:\/\/uvbbrasil.com.br\/#website\",\"url\":\"https:\/\/uvbbrasil.com.br\/\",\"name\":\"UVB Brasil\",\"description\":\"Uni\u00e3o dos Vereadores do Brasil\",\"publisher\":{\"@id\":\"https:\/\/uvbbrasil.com.br\/#organization\"},\"potentialAction\":[{\"@type\":\"SearchAction\",\"target\":{\"@type\":\"EntryPoint\",\"urlTemplate\":\"https:\/\/uvbbrasil.com.br\/?s={search_term_string}\"},\"query-input\":{\"@type\":\"PropertyValueSpecification\",\"valueRequired\":true,\"valueName\":\"search_term_string\"}}],\"inLanguage\":\"pt-BR\"},{\"@type\":\"Organization\",\"@id\":\"https:\/\/uvbbrasil.com.br\/#organization\",\"name\":\"UVB Brasil\",\"url\":\"https:\/\/uvbbrasil.com.br\/\",\"logo\":{\"@type\":\"ImageObject\",\"inLanguage\":\"pt-BR\",\"@id\":\"https:\/\/uvbbrasil.com.br\/#\/schema\/logo\/image\/\",\"url\":\"https:\/\/uvbbrasil.com.br\/wp-content\/uploads\/2025\/01\/LOGO-UVB-2024-azul-1.jpg\",\"contentUrl\":\"https:\/\/uvbbrasil.com.br\/wp-content\/uploads\/2025\/01\/LOGO-UVB-2024-azul-1.jpg\",\"width\":600,\"height\":211,\"caption\":\"UVB Brasil\"},\"image\":{\"@id\":\"https:\/\/uvbbrasil.com.br\/#\/schema\/logo\/image\/\"},\"sameAs\":[\"https:\/\/www.facebook.com\/uvb.vereadoresbrasil\",\"https:\/\/www.instagram.com\/uvbbrasil\/\",\"https:\/\/www.youtube.com\/channel\/UCIlPQ8Xzw5GHNzosQIg9S5A\"]},{\"@type\":\"Person\",\"@id\":\"https:\/\/uvbbrasil.com.br\/#\/schema\/person\/17990098446c098f52effddff4f1b272\",\"name\":\"adminuvb\",\"image\":{\"@type\":\"ImageObject\",\"inLanguage\":\"pt-BR\",\"@id\":\"https:\/\/uvbbrasil.com.br\/#\/schema\/person\/image\/\",\"url\":\"https:\/\/secure.gravatar.com\/avatar\/1a494ea6f8e2dd1ae526e55b0e9497efdba542491e0620d704cccf63c6f77c45?s=96&d=mm&r=g\",\"contentUrl\":\"https:\/\/secure.gravatar.com\/avatar\/1a494ea6f8e2dd1ae526e55b0e9497efdba542491e0620d704cccf63c6f77c45?s=96&d=mm&r=g\",\"caption\":\"adminuvb\"},\"sameAs\":[\"https:\/\/uvbbrasil.com.br\"],\"url\":\"https:\/\/uvbbrasil.com.br\/author\/adminuvb\/\"}]}<\/script>\n<!-- \/ Yoast SEO plugin. -->","yoast_head_json":{"title":"Confira o cronograma dos principais programas do MEC para acesso ao ensino superior - UVB Brasil","robots":{"index":"index","follow":"follow","max-snippet":"max-snippet:-1","max-image-preview":"max-image-preview:large","max-video-preview":"max-video-preview:-1"},"canonical":"https:\/\/uvbbrasil.com.br\/confira-o-cronograma-dos-principais-programas-mec-para-acesso-ao-ensino-superior\/","og_locale":"pt_BR","og_type":"article","og_title":"Confira o cronograma dos principais programas do MEC para acesso ao ensino superior - UVB Brasil","og_description":"Sisu, ProUni e Fies j\u00e1 est\u00e3o com os calend\u00e1rios definidos para 2020; nota do Enem \u00e9 base para inclus\u00e3o nas...","og_url":"https:\/\/uvbbrasil.com.br\/confira-o-cronograma-dos-principais-programas-mec-para-acesso-ao-ensino-superior\/","og_site_name":"UVB Brasil","article_publisher":"https:\/\/www.facebook.com\/uvb.vereadoresbrasil","article_published_time":"2020-01-17T11:13:34+00:00","og_image":[{"width":275,"height":183,"url":"https:\/\/uvbbrasil.com.br\/wp-content\/uploads\/2020\/01\/download-1.jpg","type":"image\/jpeg"}],"author":"adminuvb","twitter_card":"summary_large_image","twitter_misc":{"Escrito por":"adminuvb","Est. tempo de leitura":"3 minutos"},"schema":{"@context":"https:\/\/schema.org","@graph":[{"@type":"Article","@id":"https:\/\/uvbbrasil.com.br\/confira-o-cronograma-dos-principais-programas-mec-para-acesso-ao-ensino-superior\/#article","isPartOf":{"@id":"https:\/\/uvbbrasil.com.br\/confira-o-cronograma-dos-principais-programas-mec-para-acesso-ao-ensino-superior\/"},"author":{"name":"adminuvb","@id":"https:\/\/uvbbrasil.com.br\/#\/schema\/person\/17990098446c098f52effddff4f1b272"},"headline":"Confira o cronograma dos principais programas do MEC para acesso ao ensino superior","datePublished":"2020-01-17T11:13:34+00:00","mainEntityOfPage":{"@id":"https:\/\/uvbbrasil.com.br\/confira-o-cronograma-dos-principais-programas-mec-para-acesso-ao-ensino-superior\/"},"wordCount":516,"commentCount":0,"publisher":{"@id":"https:\/\/uvbbrasil.com.br\/#organization"},"image":{"@id":"https:\/\/uvbbrasil.com.br\/confira-o-cronograma-dos-principais-programas-mec-para-acesso-ao-ensino-superior\/#primaryimage"},"thumbnailUrl":"https:\/\/uvbbrasil.com.br\/wp-content\/uploads\/2020\/01\/download-1.jpg","articleSection":["NOT\u00cdCIAS"],"inLanguage":"pt-BR","potentialAction":[{"@type":"CommentAction","name":"Comment","target":["https:\/\/uvbbrasil.com.br\/confira-o-cronograma-dos-principais-programas-mec-para-acesso-ao-ensino-superior\/#respond"]}]},{"@type":"WebPage","@id":"https:\/\/uvbbrasil.com.br\/confira-o-cronograma-dos-principais-programas-mec-para-acesso-ao-ensino-superior\/","url":"https:\/\/uvbbrasil.com.br\/confira-o-cronograma-dos-principais-programas-mec-para-acesso-ao-ensino-superior\/","name":"Confira o cronograma dos principais programas do MEC para acesso ao ensino superior - UVB Brasil","isPartOf":{"@id":"https:\/\/uvbbrasil.com.br\/#website"},"primaryImageOfPage":{"@id":"https:\/\/uvbbrasil.com.br\/confira-o-cronograma-dos-principais-programas-mec-para-acesso-ao-ensino-superior\/#primaryimage"},"image":{"@id":"https:\/\/uvbbrasil.com.br\/confira-o-cronograma-dos-principais-programas-mec-para-acesso-ao-ensino-superior\/#primaryimage"},"thumbnailUrl":"https:\/\/uvbbrasil.com.br\/wp-content\/uploads\/2020\/01\/download-1.jpg","datePublished":"2020-01-17T11:13:34+00:00","breadcrumb":{"@id":"https:\/\/uvbbrasil.com.br\/confira-o-cronograma-dos-principais-programas-mec-para-acesso-ao-ensino-superior\/#breadcrumb"},"inLanguage":"pt-BR","potentialAction":[{"@type":"ReadAction","target":["https:\/\/uvbbrasil.com.br\/confira-o-cronograma-dos-principais-programas-mec-para-acesso-ao-ensino-superior\/"]}]},{"@type":"ImageObject","inLanguage":"pt-BR","@id":"https:\/\/uvbbrasil.com.br\/confira-o-cronograma-dos-principais-programas-mec-para-acesso-ao-ensino-superior\/#primaryimage","url":"https:\/\/uvbbrasil.com.br\/wp-content\/uploads\/2020\/01\/download-1.jpg","contentUrl":"https:\/\/uvbbrasil.com.br\/wp-content\/uploads\/2020\/01\/download-1.jpg","width":275,"height":183},{"@type":"BreadcrumbList","@id":"https:\/\/uvbbrasil.com.br\/confira-o-cronograma-dos-principais-programas-mec-para-acesso-ao-ensino-superior\/#breadcrumb","itemListElement":[{"@type":"ListItem","position":1,"name":"In\u00edcio","item":"https:\/\/uvbbrasil.com.br\/"},{"@type":"ListItem","position":2,"name":"Confira o cronograma dos principais programas do MEC para acesso ao ensino superior"}]},{"@type":"WebSite","@id":"https:\/\/uvbbrasil.com.br\/#website","url":"https:\/\/uvbbrasil.com.br\/","name":"UVB Brasil","description":"Uni\u00e3o dos Vereadores do Brasil","publisher":{"@id":"https:\/\/uvbbrasil.com.br\/#organization"},"potentialAction":[{"@type":"SearchAction","target":{"@type":"EntryPoint","urlTemplate":"https:\/\/uvbbrasil.com.br\/?s={search_term_string}"},"query-input":{"@type":"PropertyValueSpecification","valueRequired":true,"valueName":"search_term_string"}}],"inLanguage":"pt-BR"},{"@type":"Organization","@id":"https:\/\/uvbbrasil.com.br\/#organization","name":"UVB Brasil","url":"https:\/\/uvbbrasil.com.br\/","logo":{"@type":"ImageObject","inLanguage":"pt-BR","@id":"https:\/\/uvbbrasil.com.br\/#\/schema\/logo\/image\/","url":"https:\/\/uvbbrasil.com.br\/wp-content\/uploads\/2025\/01\/LOGO-UVB-2024-azul-1.jpg","contentUrl":"https:\/\/uvbbrasil.com.br\/wp-content\/uploads\/2025\/01\/LOGO-UVB-2024-azul-1.jpg","width":600,"height":211,"caption":"UVB Brasil"},"image":{"@id":"https:\/\/uvbbrasil.com.br\/#\/schema\/logo\/image\/"},"sameAs":["https:\/\/www.facebook.com\/uvb.vereadoresbrasil","https:\/\/www.instagram.com\/uvbbrasil\/","https:\/\/www.youtube.com\/channel\/UCIlPQ8Xzw5GHNzosQIg9S5A"]},{"@type":"Person","@id":"https:\/\/uvbbrasil.com.br\/#\/schema\/person\/17990098446c098f52effddff4f1b272","name":"adminuvb","image":{"@type":"ImageObject","inLanguage":"pt-BR","@id":"https:\/\/uvbbrasil.com.br\/#\/schema\/person\/image\/","url":"https:\/\/secure.gravatar.com\/avatar\/1a494ea6f8e2dd1ae526e55b0e9497efdba542491e0620d704cccf63c6f77c45?s=96&d=mm&r=g","contentUrl":"https:\/\/secure.gravatar.com\/avatar\/1a494ea6f8e2dd1ae526e55b0e9497efdba542491e0620d704cccf63c6f77c45?s=96&d=mm&r=g","caption":"adminuvb"},"sameAs":["https:\/\/uvbbrasil.com.br"],"url":"https:\/\/uvbbrasil.com.br\/author\/adminuvb\/"}]}},"_links":{"self":[{"href":"https:\/\/uvbbrasil.com.br\/uvb-json\/wp\/v2\/posts\/17420","targetHints":{"allow":["GET"]}}],"collection":[{"href":"https:\/\/uvbbrasil.com.br\/uvb-json\/wp\/v2\/posts"}],"about":[{"href":"https:\/\/uvbbrasil.com.br\/uvb-json\/wp\/v2\/types\/post"}],"author":[{"embeddable":true,"href":"https:\/\/uvbbrasil.com.br\/uvb-json\/wp\/v2\/users\/1"}],"replies":[{"embeddable":true,"href":"https:\/\/uvbbrasil.com.br\/uvb-json\/wp\/v2\/comments?post=17420"}],"version-history":[{"count":0,"href":"https:\/\/uvbbrasil.com.br\/uvb-json\/wp\/v2\/posts\/17420\/revisions"}],"wp:featuredmedia":[{"embeddable":true,"href":"https:\/\/uvbbrasil.com.br\/uvb-json\/wp\/v2\/media\/17421"}],"wp:attachment":[{"href":"https:\/\/uvbbrasil.com.br\/uvb-json\/wp\/v2\/media?parent=17420"}],"wp:term":[{"taxonomy":"category","embeddable":true,"href":"https:\/\/uvbbrasil.com.br\/uvb-json\/wp\/v2\/categories?post=17420"},{"taxonomy":"post_tag","embeddable":true,"href":"https:\/\/uvbbrasil.com.br\/uvb-json\/wp\/v2\/tags?post=17420"}],"curies":[{"name":"wp","href":"https:\/\/api.w.org\/{rel}","templated":true}]}}