{"id":17404,"date":"2020-01-16T14:50:18","date_gmt":"2020-01-16T17:50:18","guid":{"rendered":"https:\/\/wpsandbox4.pante.com.br\/?p=17404"},"modified":"2020-01-16T14:50:18","modified_gmt":"2020-01-16T17:50:18","slug":"representacao-da-associacao-dos-ministros-e-conselheiros-de-tribunais-de-contas-confirmada-no-encontro-de-legislativos","status":"publish","type":"post","link":"https:\/\/uvbbrasil.com.br\/representacao-da-associacao-dos-ministros-e-conselheiros-de-tribunais-de-contas-confirmada-no-encontro-de-legislativos\/","title":{"rendered":"Conselheira representante da Audicon confirma presen\u00e7a no Encontro de Legislativos em Bras\u00edlia"},"content":{"rendered":"<p style=\"text-align: left;\">A\u00a0participa\u00e7\u00e3o da Associa\u00e7\u00e3o Nacional dos Ministros e Conselheiros Substitutos dos Tribunais de Contas &#8211;\u00a0 Audicon, foi confirmada no Encontro Nacional de Legislativos Municipais, onde apresentar\u00e1 a campanha Contas P\u00fablicas \u00e9 da Nossa Conta.<\/p>\n<p style=\"text-align: left;\">Dr.Helo\u00edsa Helena M. Godinho, Conselheira Substituta do TCE Goias &#8211; Diretora da Atricon e Audicon\u00a0, representar\u00e1 a entidade e sua\u00a0participa\u00e7\u00e3o ser\u00e1 no dia 12 de fevereiro as 10 horas.<\/p>\n<p style=\"text-align: left;\">O Encontro Nacional dos Legislativo Municipais, acontece de 11 a 13 de fevereiro, no Hotel Bras\u00edlia Imperial em Bras\u00edlia\/DF.<\/p>\n<p style=\"text-align: left;\">Contas P\u00fablicas S\u00e3o da Nossa Conta \u00e9 uma Campanha de interesse p\u00fablico criado pela Audicon &#8211; Associa\u00e7\u00e3o dos Ministros e Conselheiros de Tribunais de Contas, visando dar centralidade \u00e0s informa\u00e7\u00f5es de impacto junto ao cidad\u00e3o do sistema de fiscaliza\u00e7\u00e3o de contas p\u00fablicas, assim como ajudar o cidad\u00e3o a estar preparado e formado para saber procedimentos adequados e inadequados no uso dos recursos p\u00fablicos.<\/p>\n<p style=\"text-align: left;\"><a href=\"https:\/\/uvbbrasil.com.br\/?attachment_id=17445\" rel=\"attachment wp-att-17445\"><img fetchpriority=\"high\" decoding=\"async\" class=\"aligncenter size-full wp-image-17445\" src=\"https:\/\/uvbbrasil.com.br\/wp-content\/uploads\/2020\/01\/ag.jpeg\" alt=\"\" width=\"640\" height=\"425\" srcset=\"https:\/\/uvbbrasil.com.br\/wp-content\/uploads\/2020\/01\/ag.jpeg 640w, https:\/\/uvbbrasil.com.br\/wp-content\/uploads\/2020\/01\/ag-300x199.jpeg 300w\" sizes=\"(max-width: 640px) 100vw, 640px\" \/><\/a><\/p>\n<p style=\"text-align: center;\"><strong>Veja a Programa\u00e7\u00e3o do Encontro Nacional de Legislativos Municipais:<\/strong><\/p>\n<p><strong>Dia 11 \u2013 Ter\u00e7a-Feira<\/strong><\/p>\n<p>Das\u00a010h as 12h \u2013 Inscri\u00e7\u00f5es e Credenciamento<\/p>\n<p>12h \u2013 Intervalo para Almo\u00e7o<\/p>\n<p>13h30 \u2013\u00a0\u00a0Abertura Oficial<\/p>\n<p>14h \u2013\u00a0Debate \u2013 Proposta do Pacto Federativo \u2013 Extin\u00e7\u00e3o dos Munic\u00edpios e diminui\u00e7\u00e3o das C\u00e2maras Municipais<\/p>\n<p>Joelson Dias, Advogado, Ex-Ministro do TSE, especialista em Direito Eleitoral e Pol\u00edtico<\/p>\n<p>16h \u2013 A Transpar\u00eancia, Lei da Responsabilidade Fiscal e as Mesas Diretoras<\/p>\n<p><strong>Dia 12 \u2013 Quarta \u2013 Feira\u00a0<\/strong><\/p>\n<p>09h \u2013 O Minist\u00e9rio P\u00fablico de Contas e os principais\u00a0apontamentos\u00a0relativos \u00e0s C\u00e2maras Municipais<\/p>\n<p>Jos\u00e9 Am\u00e9rico da Costa J\u00fanior ,Procurador do MPC-TCM\/GO<br \/>\nDiretor-Adjunto da AMPCON Promotor P\u00fablico, Representante do MP de Contas<\/p>\n<p>10h \u2013 Contas P\u00fablicas \u00e9 da Nossa Conta-<\/p>\n<p>Dr.Helo\u00edsa Helena M. Godinho, Conselheira Substituta do TCE Goias &#8211; Diretora da Atricon e Audicon<\/p>\n<p>12h \u2013 Intervalo para Almo\u00e7o<\/p>\n<p>14h \u2013\u00a0Os Princ\u00edpios da Administra\u00e7\u00e3o P\u00fablica<\/p>\n<p>Dr. Eduardo Requi\u00e3o, advogado especialista em Direito Administrativo \u2013\u00a0Salvador\/BA<\/p>\n<p>16h \u2013\u00a0Fases do\u00a0 Processo Legislativo<\/p>\n<p>Dr. Danilo Falc\u00e3o,\u00a0advogado especialista em Direito Administrativo, Aracaj\u00fa\/SE<\/p>\n<p><strong>Dia 13 \u2013 Quinta \u2013 Feira<\/strong><\/p>\n<p>09h \u2013 A import\u00e2ncia da Comunica\u00e7\u00e3o para a divulga\u00e7\u00e3o das atividades legislativas<\/p>\n<p>10h \u2013\u00a0Par\u00e2metros Constitucionais para a Fixa\u00e7\u00e3o dos Subs\u00eddios dos Agentes Pol\u00edticos Municipais<\/p>\n<p>Dr.\u00a0Danilo Falc\u00e3o, advogado especialista em Direito Administrativo, Aracaj\u00fa\/SE<\/p>\n<p>12h \u2013 Intervalo para Almo\u00e7o<\/p>\n<p>14h \u2013\u00a0As Mesas Diretoras e as Veda\u00e7\u00f5es em Ano Eleitoral<\/p>\n<p>Dr.\u00a0Eduardo Requi\u00e3o, advogado especialista em Direito Administrativo \u2013\u00a0Salvador\/BA<\/p>\n<p>16h \u2013 Palestra Mulheres Poderosas<\/p>\n<p>17h \u2013 Entrega de Certificados<\/p>\n<p><em>*Programa\u00e7\u00e3o sujeita a altera\u00e7\u00f5es sem aviso pr\u00e9vio<\/em><\/p>\n<p><strong>P\u00fablico Alvo:\u00a0<\/strong>Vereadores(as), administradores, assessores, contadores, procuradores, t\u00e9cnicos e servidores de c\u00e2maras.<\/p>\n<p>Maiores informa\u00e7\u00f5es: 51\u00a0995480574 \u2013 Whatsapp \u2013 Fernando uvb@wpsandbox4.pante.com.br \u2013 51 32252029<\/p>\n<p><a href=\"https:\/\/uvbbrasil.com.br\/?attachment_id=17043\" rel=\"attachment wp-att-17043\"><img decoding=\"async\" class=\"aligncenter size-full wp-image-17043\" src=\"https:\/\/uvbbrasil.com.br\/wp-content\/uploads\/2019\/11\/audicon.jpg\" alt=\"\" width=\"345\" height=\"146\" srcset=\"https:\/\/uvbbrasil.com.br\/wp-content\/uploads\/2019\/11\/audicon.jpg 345w, https:\/\/uvbbrasil.com.br\/wp-content\/uploads\/2019\/11\/audicon-300x127.jpg 300w\" sizes=\"(max-width: 345px) 100vw, 345px\" \/><\/a><\/p>\n","protected":false},"excerpt":{"rendered":"<p>A\u00a0participa\u00e7\u00e3o da Associa\u00e7\u00e3o Nacional dos Ministros e Conselheiros Substitutos dos Tribunais de Contas &#8211;\u00a0 Audicon, foi confirmada no Encontro Nacional&#8230;<\/p>\n","protected":false},"author":1,"featured_media":17445,"comment_status":"open","ping_status":"open","sticky":false,"template":"","format":"standard","meta":{"footnotes":""},"categories":[3,4],"tags":[],"class_list":["post-17404","post","type-post","status-publish","format-standard","has-post-thumbnail","hentry","category-noticias","category-home"],"yoast_head":"<!-- This site is optimized with the Yoast SEO plugin v26.7 - https:\/\/yoast.com\/wordpress\/plugins\/seo\/ -->\n<title>Conselheira representante da Audicon confirma presen\u00e7a no Encontro de Legislativos em Bras\u00edlia - UVB Brasil<\/title>\n<meta name=\"robots\" content=\"index, follow, max-snippet:-1, max-image-preview:large, max-video-preview:-1\" \/>\n<link rel=\"canonical\" href=\"https:\/\/uvbbrasil.com.br\/representacao-da-associacao-dos-ministros-e-conselheiros-de-tribunais-de-contas-confirmada-no-encontro-de-legislativos\/\" \/>\n<meta property=\"og:locale\" content=\"pt_BR\" \/>\n<meta property=\"og:type\" content=\"article\" \/>\n<meta property=\"og:title\" content=\"Conselheira representante da Audicon confirma presen\u00e7a no Encontro de Legislativos em Bras\u00edlia - UVB Brasil\" \/>\n<meta property=\"og:description\" content=\"A\u00a0participa\u00e7\u00e3o da Associa\u00e7\u00e3o Nacional dos Ministros e Conselheiros Substitutos dos Tribunais de Contas &#8211;\u00a0 Audicon, foi confirmada no Encontro Nacional...\" \/>\n<meta property=\"og:url\" content=\"https:\/\/uvbbrasil.com.br\/representacao-da-associacao-dos-ministros-e-conselheiros-de-tribunais-de-contas-confirmada-no-encontro-de-legislativos\/\" \/>\n<meta property=\"og:site_name\" content=\"UVB Brasil\" \/>\n<meta property=\"article:publisher\" content=\"https:\/\/www.facebook.com\/uvb.vereadoresbrasil\" \/>\n<meta property=\"article:published_time\" content=\"2020-01-16T17:50:18+00:00\" \/>\n<meta property=\"og:image\" content=\"https:\/\/uvbbrasil.com.br\/wp-content\/uploads\/2020\/01\/ag.jpeg\" \/>\n\t<meta property=\"og:image:width\" content=\"640\" \/>\n\t<meta property=\"og:image:height\" content=\"425\" \/>\n\t<meta property=\"og:image:type\" content=\"image\/jpeg\" \/>\n<meta name=\"author\" content=\"adminuvb\" \/>\n<meta name=\"twitter:card\" content=\"summary_large_image\" \/>\n<meta name=\"twitter:label1\" content=\"Escrito por\" \/>\n\t<meta name=\"twitter:data1\" content=\"adminuvb\" \/>\n\t<meta name=\"twitter:label2\" content=\"Est. tempo de leitura\" \/>\n\t<meta name=\"twitter:data2\" content=\"2 minutos\" \/>\n<script type=\"application\/ld+json\" class=\"yoast-schema-graph\">{\"@context\":\"https:\/\/schema.org\",\"@graph\":[{\"@type\":\"Article\",\"@id\":\"https:\/\/uvbbrasil.com.br\/representacao-da-associacao-dos-ministros-e-conselheiros-de-tribunais-de-contas-confirmada-no-encontro-de-legislativos\/#article\",\"isPartOf\":{\"@id\":\"https:\/\/uvbbrasil.com.br\/representacao-da-associacao-dos-ministros-e-conselheiros-de-tribunais-de-contas-confirmada-no-encontro-de-legislativos\/\"},\"author\":{\"name\":\"adminuvb\",\"@id\":\"https:\/\/uvbbrasil.com.br\/#\/schema\/person\/17990098446c098f52effddff4f1b272\"},\"headline\":\"Conselheira representante da Audicon confirma presen\u00e7a no Encontro de Legislativos em Bras\u00edlia\",\"datePublished\":\"2020-01-16T17:50:18+00:00\",\"mainEntityOfPage\":{\"@id\":\"https:\/\/uvbbrasil.com.br\/representacao-da-associacao-dos-ministros-e-conselheiros-de-tribunais-de-contas-confirmada-no-encontro-de-legislativos\/\"},\"wordCount\":467,\"commentCount\":0,\"publisher\":{\"@id\":\"https:\/\/uvbbrasil.com.br\/#organization\"},\"image\":{\"@id\":\"https:\/\/uvbbrasil.com.br\/representacao-da-associacao-dos-ministros-e-conselheiros-de-tribunais-de-contas-confirmada-no-encontro-de-legislativos\/#primaryimage\"},\"thumbnailUrl\":\"https:\/\/uvbbrasil.com.br\/wp-content\/uploads\/2020\/01\/ag.jpeg\",\"articleSection\":[\"NOT\u00cdCIAS\",\"UVB\"],\"inLanguage\":\"pt-BR\",\"potentialAction\":[{\"@type\":\"CommentAction\",\"name\":\"Comment\",\"target\":[\"https:\/\/uvbbrasil.com.br\/representacao-da-associacao-dos-ministros-e-conselheiros-de-tribunais-de-contas-confirmada-no-encontro-de-legislativos\/#respond\"]}]},{\"@type\":\"WebPage\",\"@id\":\"https:\/\/uvbbrasil.com.br\/representacao-da-associacao-dos-ministros-e-conselheiros-de-tribunais-de-contas-confirmada-no-encontro-de-legislativos\/\",\"url\":\"https:\/\/uvbbrasil.com.br\/representacao-da-associacao-dos-ministros-e-conselheiros-de-tribunais-de-contas-confirmada-no-encontro-de-legislativos\/\",\"name\":\"Conselheira representante da Audicon confirma presen\u00e7a no Encontro de Legislativos em Bras\u00edlia - UVB Brasil\",\"isPartOf\":{\"@id\":\"https:\/\/uvbbrasil.com.br\/#website\"},\"primaryImageOfPage\":{\"@id\":\"https:\/\/uvbbrasil.com.br\/representacao-da-associacao-dos-ministros-e-conselheiros-de-tribunais-de-contas-confirmada-no-encontro-de-legislativos\/#primaryimage\"},\"image\":{\"@id\":\"https:\/\/uvbbrasil.com.br\/representacao-da-associacao-dos-ministros-e-conselheiros-de-tribunais-de-contas-confirmada-no-encontro-de-legislativos\/#primaryimage\"},\"thumbnailUrl\":\"https:\/\/uvbbrasil.com.br\/wp-content\/uploads\/2020\/01\/ag.jpeg\",\"datePublished\":\"2020-01-16T17:50:18+00:00\",\"breadcrumb\":{\"@id\":\"https:\/\/uvbbrasil.com.br\/representacao-da-associacao-dos-ministros-e-conselheiros-de-tribunais-de-contas-confirmada-no-encontro-de-legislativos\/#breadcrumb\"},\"inLanguage\":\"pt-BR\",\"potentialAction\":[{\"@type\":\"ReadAction\",\"target\":[\"https:\/\/uvbbrasil.com.br\/representacao-da-associacao-dos-ministros-e-conselheiros-de-tribunais-de-contas-confirmada-no-encontro-de-legislativos\/\"]}]},{\"@type\":\"ImageObject\",\"inLanguage\":\"pt-BR\",\"@id\":\"https:\/\/uvbbrasil.com.br\/representacao-da-associacao-dos-ministros-e-conselheiros-de-tribunais-de-contas-confirmada-no-encontro-de-legislativos\/#primaryimage\",\"url\":\"https:\/\/uvbbrasil.com.br\/wp-content\/uploads\/2020\/01\/ag.jpeg\",\"contentUrl\":\"https:\/\/uvbbrasil.com.br\/wp-content\/uploads\/2020\/01\/ag.jpeg\",\"width\":640,\"height\":425},{\"@type\":\"BreadcrumbList\",\"@id\":\"https:\/\/uvbbrasil.com.br\/representacao-da-associacao-dos-ministros-e-conselheiros-de-tribunais-de-contas-confirmada-no-encontro-de-legislativos\/#breadcrumb\",\"itemListElement\":[{\"@type\":\"ListItem\",\"position\":1,\"name\":\"In\u00edcio\",\"item\":\"https:\/\/uvbbrasil.com.br\/\"},{\"@type\":\"ListItem\",\"position\":2,\"name\":\"Conselheira representante da Audicon confirma presen\u00e7a no Encontro de Legislativos em Bras\u00edlia\"}]},{\"@type\":\"WebSite\",\"@id\":\"https:\/\/uvbbrasil.com.br\/#website\",\"url\":\"https:\/\/uvbbrasil.com.br\/\",\"name\":\"UVB Brasil\",\"description\":\"Uni\u00e3o dos Vereadores do Brasil\",\"publisher\":{\"@id\":\"https:\/\/uvbbrasil.com.br\/#organization\"},\"potentialAction\":[{\"@type\":\"SearchAction\",\"target\":{\"@type\":\"EntryPoint\",\"urlTemplate\":\"https:\/\/uvbbrasil.com.br\/?s={search_term_string}\"},\"query-input\":{\"@type\":\"PropertyValueSpecification\",\"valueRequired\":true,\"valueName\":\"search_term_string\"}}],\"inLanguage\":\"pt-BR\"},{\"@type\":\"Organization\",\"@id\":\"https:\/\/uvbbrasil.com.br\/#organization\",\"name\":\"UVB Brasil\",\"url\":\"https:\/\/uvbbrasil.com.br\/\",\"logo\":{\"@type\":\"ImageObject\",\"inLanguage\":\"pt-BR\",\"@id\":\"https:\/\/uvbbrasil.com.br\/#\/schema\/logo\/image\/\",\"url\":\"https:\/\/uvbbrasil.com.br\/wp-content\/uploads\/2025\/01\/LOGO-UVB-2024-azul-1.jpg\",\"contentUrl\":\"https:\/\/uvbbrasil.com.br\/wp-content\/uploads\/2025\/01\/LOGO-UVB-2024-azul-1.jpg\",\"width\":600,\"height\":211,\"caption\":\"UVB Brasil\"},\"image\":{\"@id\":\"https:\/\/uvbbrasil.com.br\/#\/schema\/logo\/image\/\"},\"sameAs\":[\"https:\/\/www.facebook.com\/uvb.vereadoresbrasil\",\"https:\/\/www.instagram.com\/uvbbrasil\/\",\"https:\/\/www.youtube.com\/channel\/UCIlPQ8Xzw5GHNzosQIg9S5A\"]},{\"@type\":\"Person\",\"@id\":\"https:\/\/uvbbrasil.com.br\/#\/schema\/person\/17990098446c098f52effddff4f1b272\",\"name\":\"adminuvb\",\"image\":{\"@type\":\"ImageObject\",\"inLanguage\":\"pt-BR\",\"@id\":\"https:\/\/uvbbrasil.com.br\/#\/schema\/person\/image\/\",\"url\":\"https:\/\/secure.gravatar.com\/avatar\/1a494ea6f8e2dd1ae526e55b0e9497efdba542491e0620d704cccf63c6f77c45?s=96&d=mm&r=g\",\"contentUrl\":\"https:\/\/secure.gravatar.com\/avatar\/1a494ea6f8e2dd1ae526e55b0e9497efdba542491e0620d704cccf63c6f77c45?s=96&d=mm&r=g\",\"caption\":\"adminuvb\"},\"sameAs\":[\"https:\/\/uvbbrasil.com.br\"],\"url\":\"https:\/\/uvbbrasil.com.br\/author\/adminuvb\/\"}]}<\/script>\n<!-- \/ Yoast SEO plugin. -->","yoast_head_json":{"title":"Conselheira representante da Audicon confirma presen\u00e7a no Encontro de Legislativos em Bras\u00edlia - UVB Brasil","robots":{"index":"index","follow":"follow","max-snippet":"max-snippet:-1","max-image-preview":"max-image-preview:large","max-video-preview":"max-video-preview:-1"},"canonical":"https:\/\/uvbbrasil.com.br\/representacao-da-associacao-dos-ministros-e-conselheiros-de-tribunais-de-contas-confirmada-no-encontro-de-legislativos\/","og_locale":"pt_BR","og_type":"article","og_title":"Conselheira representante da Audicon confirma presen\u00e7a no Encontro de Legislativos em Bras\u00edlia - UVB Brasil","og_description":"A\u00a0participa\u00e7\u00e3o da Associa\u00e7\u00e3o Nacional dos Ministros e Conselheiros Substitutos dos Tribunais de Contas &#8211;\u00a0 Audicon, foi confirmada no Encontro Nacional...","og_url":"https:\/\/uvbbrasil.com.br\/representacao-da-associacao-dos-ministros-e-conselheiros-de-tribunais-de-contas-confirmada-no-encontro-de-legislativos\/","og_site_name":"UVB Brasil","article_publisher":"https:\/\/www.facebook.com\/uvb.vereadoresbrasil","article_published_time":"2020-01-16T17:50:18+00:00","og_image":[{"width":640,"height":425,"url":"https:\/\/uvbbrasil.com.br\/wp-content\/uploads\/2020\/01\/ag.jpeg","type":"image\/jpeg"}],"author":"adminuvb","twitter_card":"summary_large_image","twitter_misc":{"Escrito por":"adminuvb","Est. tempo de leitura":"2 minutos"},"schema":{"@context":"https:\/\/schema.org","@graph":[{"@type":"Article","@id":"https:\/\/uvbbrasil.com.br\/representacao-da-associacao-dos-ministros-e-conselheiros-de-tribunais-de-contas-confirmada-no-encontro-de-legislativos\/#article","isPartOf":{"@id":"https:\/\/uvbbrasil.com.br\/representacao-da-associacao-dos-ministros-e-conselheiros-de-tribunais-de-contas-confirmada-no-encontro-de-legislativos\/"},"author":{"name":"adminuvb","@id":"https:\/\/uvbbrasil.com.br\/#\/schema\/person\/17990098446c098f52effddff4f1b272"},"headline":"Conselheira representante da Audicon confirma presen\u00e7a no Encontro de Legislativos em Bras\u00edlia","datePublished":"2020-01-16T17:50:18+00:00","mainEntityOfPage":{"@id":"https:\/\/uvbbrasil.com.br\/representacao-da-associacao-dos-ministros-e-conselheiros-de-tribunais-de-contas-confirmada-no-encontro-de-legislativos\/"},"wordCount":467,"commentCount":0,"publisher":{"@id":"https:\/\/uvbbrasil.com.br\/#organization"},"image":{"@id":"https:\/\/uvbbrasil.com.br\/representacao-da-associacao-dos-ministros-e-conselheiros-de-tribunais-de-contas-confirmada-no-encontro-de-legislativos\/#primaryimage"},"thumbnailUrl":"https:\/\/uvbbrasil.com.br\/wp-content\/uploads\/2020\/01\/ag.jpeg","articleSection":["NOT\u00cdCIAS","UVB"],"inLanguage":"pt-BR","potentialAction":[{"@type":"CommentAction","name":"Comment","target":["https:\/\/uvbbrasil.com.br\/representacao-da-associacao-dos-ministros-e-conselheiros-de-tribunais-de-contas-confirmada-no-encontro-de-legislativos\/#respond"]}]},{"@type":"WebPage","@id":"https:\/\/uvbbrasil.com.br\/representacao-da-associacao-dos-ministros-e-conselheiros-de-tribunais-de-contas-confirmada-no-encontro-de-legislativos\/","url":"https:\/\/uvbbrasil.com.br\/representacao-da-associacao-dos-ministros-e-conselheiros-de-tribunais-de-contas-confirmada-no-encontro-de-legislativos\/","name":"Conselheira representante da Audicon confirma presen\u00e7a no Encontro de Legislativos em Bras\u00edlia - UVB Brasil","isPartOf":{"@id":"https:\/\/uvbbrasil.com.br\/#website"},"primaryImageOfPage":{"@id":"https:\/\/uvbbrasil.com.br\/representacao-da-associacao-dos-ministros-e-conselheiros-de-tribunais-de-contas-confirmada-no-encontro-de-legislativos\/#primaryimage"},"image":{"@id":"https:\/\/uvbbrasil.com.br\/representacao-da-associacao-dos-ministros-e-conselheiros-de-tribunais-de-contas-confirmada-no-encontro-de-legislativos\/#primaryimage"},"thumbnailUrl":"https:\/\/uvbbrasil.com.br\/wp-content\/uploads\/2020\/01\/ag.jpeg","datePublished":"2020-01-16T17:50:18+00:00","breadcrumb":{"@id":"https:\/\/uvbbrasil.com.br\/representacao-da-associacao-dos-ministros-e-conselheiros-de-tribunais-de-contas-confirmada-no-encontro-de-legislativos\/#breadcrumb"},"inLanguage":"pt-BR","potentialAction":[{"@type":"ReadAction","target":["https:\/\/uvbbrasil.com.br\/representacao-da-associacao-dos-ministros-e-conselheiros-de-tribunais-de-contas-confirmada-no-encontro-de-legislativos\/"]}]},{"@type":"ImageObject","inLanguage":"pt-BR","@id":"https:\/\/uvbbrasil.com.br\/representacao-da-associacao-dos-ministros-e-conselheiros-de-tribunais-de-contas-confirmada-no-encontro-de-legislativos\/#primaryimage","url":"https:\/\/uvbbrasil.com.br\/wp-content\/uploads\/2020\/01\/ag.jpeg","contentUrl":"https:\/\/uvbbrasil.com.br\/wp-content\/uploads\/2020\/01\/ag.jpeg","width":640,"height":425},{"@type":"BreadcrumbList","@id":"https:\/\/uvbbrasil.com.br\/representacao-da-associacao-dos-ministros-e-conselheiros-de-tribunais-de-contas-confirmada-no-encontro-de-legislativos\/#breadcrumb","itemListElement":[{"@type":"ListItem","position":1,"name":"In\u00edcio","item":"https:\/\/uvbbrasil.com.br\/"},{"@type":"ListItem","position":2,"name":"Conselheira representante da Audicon confirma presen\u00e7a no Encontro de Legislativos em Bras\u00edlia"}]},{"@type":"WebSite","@id":"https:\/\/uvbbrasil.com.br\/#website","url":"https:\/\/uvbbrasil.com.br\/","name":"UVB Brasil","description":"Uni\u00e3o dos Vereadores do Brasil","publisher":{"@id":"https:\/\/uvbbrasil.com.br\/#organization"},"potentialAction":[{"@type":"SearchAction","target":{"@type":"EntryPoint","urlTemplate":"https:\/\/uvbbrasil.com.br\/?s={search_term_string}"},"query-input":{"@type":"PropertyValueSpecification","valueRequired":true,"valueName":"search_term_string"}}],"inLanguage":"pt-BR"},{"@type":"Organization","@id":"https:\/\/uvbbrasil.com.br\/#organization","name":"UVB Brasil","url":"https:\/\/uvbbrasil.com.br\/","logo":{"@type":"ImageObject","inLanguage":"pt-BR","@id":"https:\/\/uvbbrasil.com.br\/#\/schema\/logo\/image\/","url":"https:\/\/uvbbrasil.com.br\/wp-content\/uploads\/2025\/01\/LOGO-UVB-2024-azul-1.jpg","contentUrl":"https:\/\/uvbbrasil.com.br\/wp-content\/uploads\/2025\/01\/LOGO-UVB-2024-azul-1.jpg","width":600,"height":211,"caption":"UVB Brasil"},"image":{"@id":"https:\/\/uvbbrasil.com.br\/#\/schema\/logo\/image\/"},"sameAs":["https:\/\/www.facebook.com\/uvb.vereadoresbrasil","https:\/\/www.instagram.com\/uvbbrasil\/","https:\/\/www.youtube.com\/channel\/UCIlPQ8Xzw5GHNzosQIg9S5A"]},{"@type":"Person","@id":"https:\/\/uvbbrasil.com.br\/#\/schema\/person\/17990098446c098f52effddff4f1b272","name":"adminuvb","image":{"@type":"ImageObject","inLanguage":"pt-BR","@id":"https:\/\/uvbbrasil.com.br\/#\/schema\/person\/image\/","url":"https:\/\/secure.gravatar.com\/avatar\/1a494ea6f8e2dd1ae526e55b0e9497efdba542491e0620d704cccf63c6f77c45?s=96&d=mm&r=g","contentUrl":"https:\/\/secure.gravatar.com\/avatar\/1a494ea6f8e2dd1ae526e55b0e9497efdba542491e0620d704cccf63c6f77c45?s=96&d=mm&r=g","caption":"adminuvb"},"sameAs":["https:\/\/uvbbrasil.com.br"],"url":"https:\/\/uvbbrasil.com.br\/author\/adminuvb\/"}]}},"_links":{"self":[{"href":"https:\/\/uvbbrasil.com.br\/uvb-json\/wp\/v2\/posts\/17404","targetHints":{"allow":["GET"]}}],"collection":[{"href":"https:\/\/uvbbrasil.com.br\/uvb-json\/wp\/v2\/posts"}],"about":[{"href":"https:\/\/uvbbrasil.com.br\/uvb-json\/wp\/v2\/types\/post"}],"author":[{"embeddable":true,"href":"https:\/\/uvbbrasil.com.br\/uvb-json\/wp\/v2\/users\/1"}],"replies":[{"embeddable":true,"href":"https:\/\/uvbbrasil.com.br\/uvb-json\/wp\/v2\/comments?post=17404"}],"version-history":[{"count":0,"href":"https:\/\/uvbbrasil.com.br\/uvb-json\/wp\/v2\/posts\/17404\/revisions"}],"wp:featuredmedia":[{"embeddable":true,"href":"https:\/\/uvbbrasil.com.br\/uvb-json\/wp\/v2\/media\/17445"}],"wp:attachment":[{"href":"https:\/\/uvbbrasil.com.br\/uvb-json\/wp\/v2\/media?parent=17404"}],"wp:term":[{"taxonomy":"category","embeddable":true,"href":"https:\/\/uvbbrasil.com.br\/uvb-json\/wp\/v2\/categories?post=17404"},{"taxonomy":"post_tag","embeddable":true,"href":"https:\/\/uvbbrasil.com.br\/uvb-json\/wp\/v2\/tags?post=17404"}],"curies":[{"name":"wp","href":"https:\/\/api.w.org\/{rel}","templated":true}]}}