{"id":17400,"date":"2020-01-15T17:21:37","date_gmt":"2020-01-15T20:21:37","guid":{"rendered":"https:\/\/wpsandbox4.pante.com.br\/?p=17400"},"modified":"2020-01-15T17:21:37","modified_gmt":"2020-01-15T20:21:37","slug":"advogado-danilo-falcao-esta-confirmado-no-encontro-de-legislativos-que-acontece-de-11-13-de-fevereiro-em-brasilia","status":"publish","type":"post","link":"https:\/\/uvbbrasil.com.br\/advogado-danilo-falcao-esta-confirmado-no-encontro-de-legislativos-que-acontece-de-11-13-de-fevereiro-em-brasilia\/","title":{"rendered":"Advogado Danilo Falc\u00e3o est\u00e1 confirmado no Encontro de Legislativos, que acontece de 11 a 13 de fevereiro em Bras\u00edlia"},"content":{"rendered":"<p>O advogado, autor de livros e especialista em direito administrativo estar\u00e1 em Brasilia\/DF, entre os dias 11 e 13 de fevereiro de 2020, durante o Encontro Nacional de Legislativos Municipais que acontece na capital federal. O encontro dar\u00e1 um aten\u00e7\u00e3o especial aos membros das mesas diretoras das C\u00e2maras Municipais.<\/p>\n<p>Falc\u00e3o apresentar\u00e1 dois temas, o primeiro no dia 12,\u00a0\u00a0Fases do\u00a0 Processo Legislativo e na manh\u00e3 do dia 13 apresentar\u00e1,\u00a0\u00a0Par\u00e2metros Constitucionais para a Fixa\u00e7\u00e3o dos Subs\u00eddios dos Agentes Pol\u00edticos Municipais<\/p>\n<p>Danilo Falc\u00e3o, advogado especialista em Direito Administrativo\/Constitucional e atende nos estados de Sergipe, Pernambuco e Alagoas.<\/p>\n<p style=\"text-align: center;\"><strong>Programa\u00e7\u00e3o do Encontro Nacional de Legislativos Municipais:<\/strong><\/p>\n<p><strong>Dia 11 \u2013 Ter\u00e7a-Feira<\/strong><\/p>\n<p>Das\u00a010h as 12h \u2013 Inscri\u00e7\u00f5es e Credenciamento<\/p>\n<p>12h \u2013 Intervalo para Almo\u00e7o<\/p>\n<p>13h30 \u2013\u00a0\u00a0Abertura Oficial<\/p>\n<p>14h \u2013\u00a0Debate \u2013 Proposta do Pacto Federativo \u2013 Extin\u00e7\u00e3o dos Munic\u00edpios e diminui\u00e7\u00e3o das C\u00e2maras Municipais<\/p>\n<p>Joelson Dias, Advogado, Ex-Ministro do TSE, especialista em Direito Eleitoral e Pol\u00edtico<\/p>\n<p>16h \u2013 A Transpar\u00eancia, Lei da Responsabilidade Fiscal e as Mesas Diretoras<\/p>\n<p><strong>Dia 12 \u2013 Quarta \u2013 Feira\u00a0<\/strong><\/p>\n<p>09h \u2013 O Minist\u00e9rio P\u00fablico de Contas e os principais\u00a0apontamentos\u00a0relativos \u00e0s C\u00e2maras Municipais<\/p>\n<p>Promotor P\u00fablico, Representante do MP de Contas<\/p>\n<p>10h \u2013 Contas P\u00fablicas \u00e9 da Nossa Conta<\/p>\n<p>12h \u2013 Intervalo para Almo\u00e7o<\/p>\n<p>14h \u2013\u00a0Os Princ\u00edpios da Administra\u00e7\u00e3o P\u00fablica<\/p>\n<p>Dr. Eduardo Requi\u00e3o, advogado especialista em Direito Administrativo \u2013\u00a0Salvador\/BA<\/p>\n<p>16h \u2013\u00a0Fases do\u00a0 Processo Legislativo<\/p>\n<p>Dr. Danilo Falc\u00e3o,\u00a0advogado especialista em Direito Administrativo, Aracaj\u00fa\/SE<\/p>\n<p><strong>Dia 13 \u2013 Quinta \u2013 Feira<\/strong><\/p>\n<p>09h \u2013 A import\u00e2ncia da Comunica\u00e7\u00e3o para a divulga\u00e7\u00e3o das atividades legislativas<\/p>\n<p>10h \u2013\u00a0Par\u00e2metros Constitucionais para a Fixa\u00e7\u00e3o dos Subs\u00eddios dos Agentes Pol\u00edticos Municipais<\/p>\n<p>Dr.\u00a0Danilo Falc\u00e3o, advogado especialista em Direito Administrativo, Aracaj\u00fa\/SE<\/p>\n<p>12h \u2013 Intervalo para Almo\u00e7o<\/p>\n<p>14h \u2013\u00a0As Mesas Diretoras e as Veda\u00e7\u00f5es em Ano Eleitoral<\/p>\n<p>Dr.\u00a0Eduardo Requi\u00e3o, advogado especialista em Direito Administrativo \u2013\u00a0Salvador\/BA<\/p>\n<p>16h \u2013 Palestra Mulheres Poderosas<\/p>\n<p>18h \u2013 Entrega de Certificados<\/p>\n<p><em>*Programa\u00e7\u00e3o sujeita a altera\u00e7\u00f5es sem aviso pr\u00e9vio<\/em><\/p>\n<p><strong>P\u00fablico Alvo:\u00a0<\/strong>Vereadores(as), administradores, assessores, contadores, procuradores, t\u00e9cnicos e servidores de c\u00e2maras.<\/p>\n<p>Maiores informa\u00e7\u00f5es: 51\u00a0995480574 \u2013 Whatsapp \u2013 Fernando uvb@wpsandbox4.pante.com.br \u2013 51 32252029<\/p>\n<p><a href=\"https:\/\/uvbbrasil.com.br\/?attachment_id=16819\" rel=\"attachment wp-att-16819\"><img fetchpriority=\"high\" decoding=\"async\" class=\"aligncenter size-full wp-image-16819\" src=\"https:\/\/uvbbrasil.com.br\/wp-content\/uploads\/2019\/11\/danilo-2.jpeg\" alt=\"\" width=\"622\" height=\"1280\" srcset=\"https:\/\/uvbbrasil.com.br\/wp-content\/uploads\/2019\/11\/danilo-2.jpeg 622w, https:\/\/uvbbrasil.com.br\/wp-content\/uploads\/2019\/11\/danilo-2-146x300.jpeg 146w, https:\/\/uvbbrasil.com.br\/wp-content\/uploads\/2019\/11\/danilo-2-498x1024.jpeg 498w\" sizes=\"(max-width: 622px) 100vw, 622px\" \/><\/a><\/p>\n<p style=\"text-align: center;\">Danilo Falc\u00e3o \u00e9 advogado e consultor da UVB<\/p>\n","protected":false},"excerpt":{"rendered":"<p>O advogado, autor de livros e especialista em direito administrativo estar\u00e1 em Brasilia\/DF, entre os dias 11 e 13 de&#8230;<\/p>\n","protected":false},"author":1,"featured_media":15144,"comment_status":"open","ping_status":"open","sticky":false,"template":"","format":"standard","meta":{"footnotes":""},"categories":[3,4],"tags":[],"class_list":["post-17400","post","type-post","status-publish","format-standard","has-post-thumbnail","hentry","category-noticias","category-home"],"yoast_head":"<!-- This site is optimized with the Yoast SEO plugin v26.7 - https:\/\/yoast.com\/wordpress\/plugins\/seo\/ -->\n<title>Advogado Danilo Falc\u00e3o est\u00e1 confirmado no Encontro de Legislativos, que acontece de 11 a 13 de fevereiro em Bras\u00edlia - UVB Brasil<\/title>\n<meta name=\"robots\" content=\"index, follow, max-snippet:-1, max-image-preview:large, max-video-preview:-1\" \/>\n<link rel=\"canonical\" href=\"https:\/\/uvbbrasil.com.br\/advogado-danilo-falcao-esta-confirmado-no-encontro-de-legislativos-que-acontece-de-11-13-de-fevereiro-em-brasilia\/\" \/>\n<meta property=\"og:locale\" content=\"pt_BR\" \/>\n<meta property=\"og:type\" content=\"article\" \/>\n<meta property=\"og:title\" content=\"Advogado Danilo Falc\u00e3o est\u00e1 confirmado no Encontro de Legislativos, que acontece de 11 a 13 de fevereiro em Bras\u00edlia - UVB Brasil\" \/>\n<meta property=\"og:description\" content=\"O advogado, autor de livros e especialista em direito administrativo estar\u00e1 em Brasilia\/DF, entre os dias 11 e 13 de...\" \/>\n<meta property=\"og:url\" content=\"https:\/\/uvbbrasil.com.br\/advogado-danilo-falcao-esta-confirmado-no-encontro-de-legislativos-que-acontece-de-11-13-de-fevereiro-em-brasilia\/\" \/>\n<meta property=\"og:site_name\" content=\"UVB Brasil\" \/>\n<meta property=\"article:publisher\" content=\"https:\/\/www.facebook.com\/uvb.vereadoresbrasil\" \/>\n<meta property=\"article:published_time\" content=\"2020-01-15T20:21:37+00:00\" \/>\n<meta property=\"og:image\" content=\"https:\/\/uvbbrasil.com.br\/wp-content\/uploads\/2019\/07\/danilo-falcao-2.jpeg\" \/>\n\t<meta property=\"og:image:width\" content=\"856\" \/>\n\t<meta property=\"og:image:height\" content=\"1280\" \/>\n\t<meta property=\"og:image:type\" content=\"image\/jpeg\" \/>\n<meta name=\"author\" content=\"adminuvb\" \/>\n<meta name=\"twitter:card\" content=\"summary_large_image\" \/>\n<meta name=\"twitter:label1\" content=\"Escrito por\" \/>\n\t<meta name=\"twitter:data1\" content=\"adminuvb\" \/>\n\t<meta name=\"twitter:label2\" content=\"Est. tempo de leitura\" \/>\n\t<meta name=\"twitter:data2\" content=\"2 minutos\" \/>\n<script type=\"application\/ld+json\" class=\"yoast-schema-graph\">{\"@context\":\"https:\/\/schema.org\",\"@graph\":[{\"@type\":\"Article\",\"@id\":\"https:\/\/uvbbrasil.com.br\/advogado-danilo-falcao-esta-confirmado-no-encontro-de-legislativos-que-acontece-de-11-13-de-fevereiro-em-brasilia\/#article\",\"isPartOf\":{\"@id\":\"https:\/\/uvbbrasil.com.br\/advogado-danilo-falcao-esta-confirmado-no-encontro-de-legislativos-que-acontece-de-11-13-de-fevereiro-em-brasilia\/\"},\"author\":{\"name\":\"adminuvb\",\"@id\":\"https:\/\/uvbbrasil.com.br\/#\/schema\/person\/17990098446c098f52effddff4f1b272\"},\"headline\":\"Advogado Danilo Falc\u00e3o est\u00e1 confirmado no Encontro de Legislativos, que acontece de 11 a 13 de fevereiro em Bras\u00edlia\",\"datePublished\":\"2020-01-15T20:21:37+00:00\",\"mainEntityOfPage\":{\"@id\":\"https:\/\/uvbbrasil.com.br\/advogado-danilo-falcao-esta-confirmado-no-encontro-de-legislativos-que-acontece-de-11-13-de-fevereiro-em-brasilia\/\"},\"wordCount\":389,\"commentCount\":0,\"publisher\":{\"@id\":\"https:\/\/uvbbrasil.com.br\/#organization\"},\"image\":{\"@id\":\"https:\/\/uvbbrasil.com.br\/advogado-danilo-falcao-esta-confirmado-no-encontro-de-legislativos-que-acontece-de-11-13-de-fevereiro-em-brasilia\/#primaryimage\"},\"thumbnailUrl\":\"https:\/\/uvbbrasil.com.br\/wp-content\/uploads\/2019\/07\/danilo-falcao-2.jpeg\",\"articleSection\":[\"NOT\u00cdCIAS\",\"UVB\"],\"inLanguage\":\"pt-BR\",\"potentialAction\":[{\"@type\":\"CommentAction\",\"name\":\"Comment\",\"target\":[\"https:\/\/uvbbrasil.com.br\/advogado-danilo-falcao-esta-confirmado-no-encontro-de-legislativos-que-acontece-de-11-13-de-fevereiro-em-brasilia\/#respond\"]}]},{\"@type\":\"WebPage\",\"@id\":\"https:\/\/uvbbrasil.com.br\/advogado-danilo-falcao-esta-confirmado-no-encontro-de-legislativos-que-acontece-de-11-13-de-fevereiro-em-brasilia\/\",\"url\":\"https:\/\/uvbbrasil.com.br\/advogado-danilo-falcao-esta-confirmado-no-encontro-de-legislativos-que-acontece-de-11-13-de-fevereiro-em-brasilia\/\",\"name\":\"Advogado Danilo Falc\u00e3o est\u00e1 confirmado no Encontro de Legislativos, que acontece de 11 a 13 de fevereiro em Bras\u00edlia - UVB Brasil\",\"isPartOf\":{\"@id\":\"https:\/\/uvbbrasil.com.br\/#website\"},\"primaryImageOfPage\":{\"@id\":\"https:\/\/uvbbrasil.com.br\/advogado-danilo-falcao-esta-confirmado-no-encontro-de-legislativos-que-acontece-de-11-13-de-fevereiro-em-brasilia\/#primaryimage\"},\"image\":{\"@id\":\"https:\/\/uvbbrasil.com.br\/advogado-danilo-falcao-esta-confirmado-no-encontro-de-legislativos-que-acontece-de-11-13-de-fevereiro-em-brasilia\/#primaryimage\"},\"thumbnailUrl\":\"https:\/\/uvbbrasil.com.br\/wp-content\/uploads\/2019\/07\/danilo-falcao-2.jpeg\",\"datePublished\":\"2020-01-15T20:21:37+00:00\",\"breadcrumb\":{\"@id\":\"https:\/\/uvbbrasil.com.br\/advogado-danilo-falcao-esta-confirmado-no-encontro-de-legislativos-que-acontece-de-11-13-de-fevereiro-em-brasilia\/#breadcrumb\"},\"inLanguage\":\"pt-BR\",\"potentialAction\":[{\"@type\":\"ReadAction\",\"target\":[\"https:\/\/uvbbrasil.com.br\/advogado-danilo-falcao-esta-confirmado-no-encontro-de-legislativos-que-acontece-de-11-13-de-fevereiro-em-brasilia\/\"]}]},{\"@type\":\"ImageObject\",\"inLanguage\":\"pt-BR\",\"@id\":\"https:\/\/uvbbrasil.com.br\/advogado-danilo-falcao-esta-confirmado-no-encontro-de-legislativos-que-acontece-de-11-13-de-fevereiro-em-brasilia\/#primaryimage\",\"url\":\"https:\/\/uvbbrasil.com.br\/wp-content\/uploads\/2019\/07\/danilo-falcao-2.jpeg\",\"contentUrl\":\"https:\/\/uvbbrasil.com.br\/wp-content\/uploads\/2019\/07\/danilo-falcao-2.jpeg\",\"width\":856,\"height\":1280},{\"@type\":\"BreadcrumbList\",\"@id\":\"https:\/\/uvbbrasil.com.br\/advogado-danilo-falcao-esta-confirmado-no-encontro-de-legislativos-que-acontece-de-11-13-de-fevereiro-em-brasilia\/#breadcrumb\",\"itemListElement\":[{\"@type\":\"ListItem\",\"position\":1,\"name\":\"In\u00edcio\",\"item\":\"https:\/\/uvbbrasil.com.br\/\"},{\"@type\":\"ListItem\",\"position\":2,\"name\":\"Advogado Danilo Falc\u00e3o est\u00e1 confirmado no Encontro de Legislativos, que acontece de 11 a 13 de fevereiro em Bras\u00edlia\"}]},{\"@type\":\"WebSite\",\"@id\":\"https:\/\/uvbbrasil.com.br\/#website\",\"url\":\"https:\/\/uvbbrasil.com.br\/\",\"name\":\"UVB Brasil\",\"description\":\"Uni\u00e3o dos Vereadores do Brasil\",\"publisher\":{\"@id\":\"https:\/\/uvbbrasil.com.br\/#organization\"},\"potentialAction\":[{\"@type\":\"SearchAction\",\"target\":{\"@type\":\"EntryPoint\",\"urlTemplate\":\"https:\/\/uvbbrasil.com.br\/?s={search_term_string}\"},\"query-input\":{\"@type\":\"PropertyValueSpecification\",\"valueRequired\":true,\"valueName\":\"search_term_string\"}}],\"inLanguage\":\"pt-BR\"},{\"@type\":\"Organization\",\"@id\":\"https:\/\/uvbbrasil.com.br\/#organization\",\"name\":\"UVB Brasil\",\"url\":\"https:\/\/uvbbrasil.com.br\/\",\"logo\":{\"@type\":\"ImageObject\",\"inLanguage\":\"pt-BR\",\"@id\":\"https:\/\/uvbbrasil.com.br\/#\/schema\/logo\/image\/\",\"url\":\"https:\/\/uvbbrasil.com.br\/wp-content\/uploads\/2025\/01\/LOGO-UVB-2024-azul-1.jpg\",\"contentUrl\":\"https:\/\/uvbbrasil.com.br\/wp-content\/uploads\/2025\/01\/LOGO-UVB-2024-azul-1.jpg\",\"width\":600,\"height\":211,\"caption\":\"UVB Brasil\"},\"image\":{\"@id\":\"https:\/\/uvbbrasil.com.br\/#\/schema\/logo\/image\/\"},\"sameAs\":[\"https:\/\/www.facebook.com\/uvb.vereadoresbrasil\",\"https:\/\/www.instagram.com\/uvbbrasil\/\",\"https:\/\/www.youtube.com\/channel\/UCIlPQ8Xzw5GHNzosQIg9S5A\"]},{\"@type\":\"Person\",\"@id\":\"https:\/\/uvbbrasil.com.br\/#\/schema\/person\/17990098446c098f52effddff4f1b272\",\"name\":\"adminuvb\",\"image\":{\"@type\":\"ImageObject\",\"inLanguage\":\"pt-BR\",\"@id\":\"https:\/\/uvbbrasil.com.br\/#\/schema\/person\/image\/\",\"url\":\"https:\/\/secure.gravatar.com\/avatar\/1a494ea6f8e2dd1ae526e55b0e9497efdba542491e0620d704cccf63c6f77c45?s=96&d=mm&r=g\",\"contentUrl\":\"https:\/\/secure.gravatar.com\/avatar\/1a494ea6f8e2dd1ae526e55b0e9497efdba542491e0620d704cccf63c6f77c45?s=96&d=mm&r=g\",\"caption\":\"adminuvb\"},\"sameAs\":[\"https:\/\/uvbbrasil.com.br\"],\"url\":\"https:\/\/uvbbrasil.com.br\/author\/adminuvb\/\"}]}<\/script>\n<!-- \/ Yoast SEO plugin. -->","yoast_head_json":{"title":"Advogado Danilo Falc\u00e3o est\u00e1 confirmado no Encontro de Legislativos, que acontece de 11 a 13 de fevereiro em Bras\u00edlia - UVB Brasil","robots":{"index":"index","follow":"follow","max-snippet":"max-snippet:-1","max-image-preview":"max-image-preview:large","max-video-preview":"max-video-preview:-1"},"canonical":"https:\/\/uvbbrasil.com.br\/advogado-danilo-falcao-esta-confirmado-no-encontro-de-legislativos-que-acontece-de-11-13-de-fevereiro-em-brasilia\/","og_locale":"pt_BR","og_type":"article","og_title":"Advogado Danilo Falc\u00e3o est\u00e1 confirmado no Encontro de Legislativos, que acontece de 11 a 13 de fevereiro em Bras\u00edlia - UVB Brasil","og_description":"O advogado, autor de livros e especialista em direito administrativo estar\u00e1 em Brasilia\/DF, entre os dias 11 e 13 de...","og_url":"https:\/\/uvbbrasil.com.br\/advogado-danilo-falcao-esta-confirmado-no-encontro-de-legislativos-que-acontece-de-11-13-de-fevereiro-em-brasilia\/","og_site_name":"UVB Brasil","article_publisher":"https:\/\/www.facebook.com\/uvb.vereadoresbrasil","article_published_time":"2020-01-15T20:21:37+00:00","og_image":[{"width":856,"height":1280,"url":"https:\/\/uvbbrasil.com.br\/wp-content\/uploads\/2019\/07\/danilo-falcao-2.jpeg","type":"image\/jpeg"}],"author":"adminuvb","twitter_card":"summary_large_image","twitter_misc":{"Escrito por":"adminuvb","Est. tempo de leitura":"2 minutos"},"schema":{"@context":"https:\/\/schema.org","@graph":[{"@type":"Article","@id":"https:\/\/uvbbrasil.com.br\/advogado-danilo-falcao-esta-confirmado-no-encontro-de-legislativos-que-acontece-de-11-13-de-fevereiro-em-brasilia\/#article","isPartOf":{"@id":"https:\/\/uvbbrasil.com.br\/advogado-danilo-falcao-esta-confirmado-no-encontro-de-legislativos-que-acontece-de-11-13-de-fevereiro-em-brasilia\/"},"author":{"name":"adminuvb","@id":"https:\/\/uvbbrasil.com.br\/#\/schema\/person\/17990098446c098f52effddff4f1b272"},"headline":"Advogado Danilo Falc\u00e3o est\u00e1 confirmado no Encontro de Legislativos, que acontece de 11 a 13 de fevereiro em Bras\u00edlia","datePublished":"2020-01-15T20:21:37+00:00","mainEntityOfPage":{"@id":"https:\/\/uvbbrasil.com.br\/advogado-danilo-falcao-esta-confirmado-no-encontro-de-legislativos-que-acontece-de-11-13-de-fevereiro-em-brasilia\/"},"wordCount":389,"commentCount":0,"publisher":{"@id":"https:\/\/uvbbrasil.com.br\/#organization"},"image":{"@id":"https:\/\/uvbbrasil.com.br\/advogado-danilo-falcao-esta-confirmado-no-encontro-de-legislativos-que-acontece-de-11-13-de-fevereiro-em-brasilia\/#primaryimage"},"thumbnailUrl":"https:\/\/uvbbrasil.com.br\/wp-content\/uploads\/2019\/07\/danilo-falcao-2.jpeg","articleSection":["NOT\u00cdCIAS","UVB"],"inLanguage":"pt-BR","potentialAction":[{"@type":"CommentAction","name":"Comment","target":["https:\/\/uvbbrasil.com.br\/advogado-danilo-falcao-esta-confirmado-no-encontro-de-legislativos-que-acontece-de-11-13-de-fevereiro-em-brasilia\/#respond"]}]},{"@type":"WebPage","@id":"https:\/\/uvbbrasil.com.br\/advogado-danilo-falcao-esta-confirmado-no-encontro-de-legislativos-que-acontece-de-11-13-de-fevereiro-em-brasilia\/","url":"https:\/\/uvbbrasil.com.br\/advogado-danilo-falcao-esta-confirmado-no-encontro-de-legislativos-que-acontece-de-11-13-de-fevereiro-em-brasilia\/","name":"Advogado Danilo Falc\u00e3o est\u00e1 confirmado no Encontro de Legislativos, que acontece de 11 a 13 de fevereiro em Bras\u00edlia - UVB Brasil","isPartOf":{"@id":"https:\/\/uvbbrasil.com.br\/#website"},"primaryImageOfPage":{"@id":"https:\/\/uvbbrasil.com.br\/advogado-danilo-falcao-esta-confirmado-no-encontro-de-legislativos-que-acontece-de-11-13-de-fevereiro-em-brasilia\/#primaryimage"},"image":{"@id":"https:\/\/uvbbrasil.com.br\/advogado-danilo-falcao-esta-confirmado-no-encontro-de-legislativos-que-acontece-de-11-13-de-fevereiro-em-brasilia\/#primaryimage"},"thumbnailUrl":"https:\/\/uvbbrasil.com.br\/wp-content\/uploads\/2019\/07\/danilo-falcao-2.jpeg","datePublished":"2020-01-15T20:21:37+00:00","breadcrumb":{"@id":"https:\/\/uvbbrasil.com.br\/advogado-danilo-falcao-esta-confirmado-no-encontro-de-legislativos-que-acontece-de-11-13-de-fevereiro-em-brasilia\/#breadcrumb"},"inLanguage":"pt-BR","potentialAction":[{"@type":"ReadAction","target":["https:\/\/uvbbrasil.com.br\/advogado-danilo-falcao-esta-confirmado-no-encontro-de-legislativos-que-acontece-de-11-13-de-fevereiro-em-brasilia\/"]}]},{"@type":"ImageObject","inLanguage":"pt-BR","@id":"https:\/\/uvbbrasil.com.br\/advogado-danilo-falcao-esta-confirmado-no-encontro-de-legislativos-que-acontece-de-11-13-de-fevereiro-em-brasilia\/#primaryimage","url":"https:\/\/uvbbrasil.com.br\/wp-content\/uploads\/2019\/07\/danilo-falcao-2.jpeg","contentUrl":"https:\/\/uvbbrasil.com.br\/wp-content\/uploads\/2019\/07\/danilo-falcao-2.jpeg","width":856,"height":1280},{"@type":"BreadcrumbList","@id":"https:\/\/uvbbrasil.com.br\/advogado-danilo-falcao-esta-confirmado-no-encontro-de-legislativos-que-acontece-de-11-13-de-fevereiro-em-brasilia\/#breadcrumb","itemListElement":[{"@type":"ListItem","position":1,"name":"In\u00edcio","item":"https:\/\/uvbbrasil.com.br\/"},{"@type":"ListItem","position":2,"name":"Advogado Danilo Falc\u00e3o est\u00e1 confirmado no Encontro de Legislativos, que acontece de 11 a 13 de fevereiro em Bras\u00edlia"}]},{"@type":"WebSite","@id":"https:\/\/uvbbrasil.com.br\/#website","url":"https:\/\/uvbbrasil.com.br\/","name":"UVB Brasil","description":"Uni\u00e3o dos Vereadores do Brasil","publisher":{"@id":"https:\/\/uvbbrasil.com.br\/#organization"},"potentialAction":[{"@type":"SearchAction","target":{"@type":"EntryPoint","urlTemplate":"https:\/\/uvbbrasil.com.br\/?s={search_term_string}"},"query-input":{"@type":"PropertyValueSpecification","valueRequired":true,"valueName":"search_term_string"}}],"inLanguage":"pt-BR"},{"@type":"Organization","@id":"https:\/\/uvbbrasil.com.br\/#organization","name":"UVB Brasil","url":"https:\/\/uvbbrasil.com.br\/","logo":{"@type":"ImageObject","inLanguage":"pt-BR","@id":"https:\/\/uvbbrasil.com.br\/#\/schema\/logo\/image\/","url":"https:\/\/uvbbrasil.com.br\/wp-content\/uploads\/2025\/01\/LOGO-UVB-2024-azul-1.jpg","contentUrl":"https:\/\/uvbbrasil.com.br\/wp-content\/uploads\/2025\/01\/LOGO-UVB-2024-azul-1.jpg","width":600,"height":211,"caption":"UVB Brasil"},"image":{"@id":"https:\/\/uvbbrasil.com.br\/#\/schema\/logo\/image\/"},"sameAs":["https:\/\/www.facebook.com\/uvb.vereadoresbrasil","https:\/\/www.instagram.com\/uvbbrasil\/","https:\/\/www.youtube.com\/channel\/UCIlPQ8Xzw5GHNzosQIg9S5A"]},{"@type":"Person","@id":"https:\/\/uvbbrasil.com.br\/#\/schema\/person\/17990098446c098f52effddff4f1b272","name":"adminuvb","image":{"@type":"ImageObject","inLanguage":"pt-BR","@id":"https:\/\/uvbbrasil.com.br\/#\/schema\/person\/image\/","url":"https:\/\/secure.gravatar.com\/avatar\/1a494ea6f8e2dd1ae526e55b0e9497efdba542491e0620d704cccf63c6f77c45?s=96&d=mm&r=g","contentUrl":"https:\/\/secure.gravatar.com\/avatar\/1a494ea6f8e2dd1ae526e55b0e9497efdba542491e0620d704cccf63c6f77c45?s=96&d=mm&r=g","caption":"adminuvb"},"sameAs":["https:\/\/uvbbrasil.com.br"],"url":"https:\/\/uvbbrasil.com.br\/author\/adminuvb\/"}]}},"_links":{"self":[{"href":"https:\/\/uvbbrasil.com.br\/uvb-json\/wp\/v2\/posts\/17400","targetHints":{"allow":["GET"]}}],"collection":[{"href":"https:\/\/uvbbrasil.com.br\/uvb-json\/wp\/v2\/posts"}],"about":[{"href":"https:\/\/uvbbrasil.com.br\/uvb-json\/wp\/v2\/types\/post"}],"author":[{"embeddable":true,"href":"https:\/\/uvbbrasil.com.br\/uvb-json\/wp\/v2\/users\/1"}],"replies":[{"embeddable":true,"href":"https:\/\/uvbbrasil.com.br\/uvb-json\/wp\/v2\/comments?post=17400"}],"version-history":[{"count":0,"href":"https:\/\/uvbbrasil.com.br\/uvb-json\/wp\/v2\/posts\/17400\/revisions"}],"wp:featuredmedia":[{"embeddable":true,"href":"https:\/\/uvbbrasil.com.br\/uvb-json\/wp\/v2\/media\/15144"}],"wp:attachment":[{"href":"https:\/\/uvbbrasil.com.br\/uvb-json\/wp\/v2\/media?parent=17400"}],"wp:term":[{"taxonomy":"category","embeddable":true,"href":"https:\/\/uvbbrasil.com.br\/uvb-json\/wp\/v2\/categories?post=17400"},{"taxonomy":"post_tag","embeddable":true,"href":"https:\/\/uvbbrasil.com.br\/uvb-json\/wp\/v2\/tags?post=17400"}],"curies":[{"name":"wp","href":"https:\/\/api.w.org\/{rel}","templated":true}]}}