{"id":17394,"date":"2020-01-15T17:02:47","date_gmt":"2020-01-15T20:02:47","guid":{"rendered":"https:\/\/wpsandbox4.pante.com.br\/?p=17394"},"modified":"2020-01-15T17:02:47","modified_gmt":"2020-01-15T20:02:47","slug":"vereadores-aprovam-projeto-que-da-garantia-de-salario-minimo-para-servidores","status":"publish","type":"post","link":"https:\/\/uvbbrasil.com.br\/vereadores-aprovam-projeto-que-da-garantia-de-salario-minimo-para-servidores\/","title":{"rendered":"Vereadores aprovam projeto que d\u00e1 garantia de sal\u00e1rio m\u00ednimo para servidores"},"content":{"rendered":"<p class=\"cm-title\">Ira\u00ed\/RS &#8211; Os vereadores aprovaram nesta quarta-feira, 15, em sess\u00e3o extraordin\u00e1ria, a adequa\u00e7\u00e3o do sal\u00e1rio-base dos servidores municipais que recebem abaixo do sal\u00e1rio m\u00ednimo.<\/p>\n<div class=\"row\">\n<div class=\"col-md-8\">\n<p>O projeto de lei n\u00ba 001\/2020, reajusta os vencimentos desses profissionais de acordo com o sal\u00e1rio m\u00ednimo nacional, conforme estabelecido em nova Medida Provis\u00f3ria. O reajuste foi calculado pelo governo federal que recomp\u00f5e totalmente a infla\u00e7\u00e3o medida pelo \u00cdndice Nacional de Pre\u00e7os ao Mercado (<strong>INPC<\/strong>), que fechou o ano passado em 4,48%.<\/p>\n<p>O projeto agora segue para\u00a0san\u00e7\u00e3o do prefeito Antonio Vilson Bernardi para entrar em vigor, destacando que ter\u00e1 efeito retroativo, contando a partir do dia 1\u00ba de janeiro de 2020. A sess\u00e3o foi presidida pelo verador Gilson Conzatti.<\/p>\n<div class=\"wrapper-dados-noticia\">\n<p>Fernando Sucolotti\/Assessoria de Imprensa CMV Ira\u00ed<\/p>\n<p>&nbsp;<\/p>\n<\/div>\n<\/div>\n<\/div>\n","protected":false},"excerpt":{"rendered":"<p>Ira\u00ed\/RS &#8211; Os vereadores aprovaram nesta quarta-feira, 15, em sess\u00e3o extraordin\u00e1ria, a adequa\u00e7\u00e3o do sal\u00e1rio-base dos servidores municipais que recebem&#8230;<\/p>\n","protected":false},"author":1,"featured_media":17395,"comment_status":"open","ping_status":"open","sticky":false,"template":"","format":"standard","meta":{"footnotes":""},"categories":[3],"tags":[],"class_list":["post-17394","post","type-post","status-publish","format-standard","has-post-thumbnail","hentry","category-noticias"],"yoast_head":"<!-- This site is optimized with the Yoast SEO plugin v26.7 - https:\/\/yoast.com\/wordpress\/plugins\/seo\/ -->\n<title>Vereadores aprovam projeto que d\u00e1 garantia de sal\u00e1rio m\u00ednimo para servidores - UVB Brasil<\/title>\n<meta name=\"robots\" content=\"index, follow, max-snippet:-1, max-image-preview:large, max-video-preview:-1\" \/>\n<link rel=\"canonical\" href=\"https:\/\/uvbbrasil.com.br\/vereadores-aprovam-projeto-que-da-garantia-de-salario-minimo-para-servidores\/\" \/>\n<meta property=\"og:locale\" content=\"pt_BR\" \/>\n<meta property=\"og:type\" content=\"article\" \/>\n<meta property=\"og:title\" content=\"Vereadores aprovam projeto que d\u00e1 garantia de sal\u00e1rio m\u00ednimo para servidores - UVB Brasil\" \/>\n<meta property=\"og:description\" content=\"Ira\u00ed\/RS &#8211; Os vereadores aprovaram nesta quarta-feira, 15, em sess\u00e3o extraordin\u00e1ria, a adequa\u00e7\u00e3o do sal\u00e1rio-base dos servidores municipais que recebem...\" \/>\n<meta property=\"og:url\" content=\"https:\/\/uvbbrasil.com.br\/vereadores-aprovam-projeto-que-da-garantia-de-salario-minimo-para-servidores\/\" \/>\n<meta property=\"og:site_name\" content=\"UVB Brasil\" \/>\n<meta property=\"article:publisher\" content=\"https:\/\/www.facebook.com\/uvb.vereadoresbrasil\" \/>\n<meta property=\"article:published_time\" content=\"2020-01-15T20:02:47+00:00\" \/>\n<meta property=\"og:image\" content=\"https:\/\/uvbbrasil.com.br\/wp-content\/uploads\/2020\/01\/cmv-irai-15012020.jpg\" \/>\n\t<meta property=\"og:image:width\" content=\"650\" \/>\n\t<meta property=\"og:image:height\" content=\"433\" \/>\n\t<meta property=\"og:image:type\" content=\"image\/jpeg\" \/>\n<meta name=\"author\" content=\"adminuvb\" \/>\n<meta name=\"twitter:card\" content=\"summary_large_image\" \/>\n<meta name=\"twitter:label1\" content=\"Escrito por\" \/>\n\t<meta name=\"twitter:data1\" content=\"adminuvb\" \/>\n\t<meta name=\"twitter:label2\" content=\"Est. tempo de leitura\" \/>\n\t<meta name=\"twitter:data2\" content=\"1 minuto\" \/>\n<script type=\"application\/ld+json\" class=\"yoast-schema-graph\">{\"@context\":\"https:\/\/schema.org\",\"@graph\":[{\"@type\":\"Article\",\"@id\":\"https:\/\/uvbbrasil.com.br\/vereadores-aprovam-projeto-que-da-garantia-de-salario-minimo-para-servidores\/#article\",\"isPartOf\":{\"@id\":\"https:\/\/uvbbrasil.com.br\/vereadores-aprovam-projeto-que-da-garantia-de-salario-minimo-para-servidores\/\"},\"author\":{\"name\":\"adminuvb\",\"@id\":\"https:\/\/uvbbrasil.com.br\/#\/schema\/person\/17990098446c098f52effddff4f1b272\"},\"headline\":\"Vereadores aprovam projeto que d\u00e1 garantia de sal\u00e1rio m\u00ednimo para servidores\",\"datePublished\":\"2020-01-15T20:02:47+00:00\",\"mainEntityOfPage\":{\"@id\":\"https:\/\/uvbbrasil.com.br\/vereadores-aprovam-projeto-que-da-garantia-de-salario-minimo-para-servidores\/\"},\"wordCount\":145,\"commentCount\":0,\"publisher\":{\"@id\":\"https:\/\/uvbbrasil.com.br\/#organization\"},\"image\":{\"@id\":\"https:\/\/uvbbrasil.com.br\/vereadores-aprovam-projeto-que-da-garantia-de-salario-minimo-para-servidores\/#primaryimage\"},\"thumbnailUrl\":\"https:\/\/uvbbrasil.com.br\/wp-content\/uploads\/2020\/01\/cmv-irai-15012020.jpg\",\"articleSection\":[\"NOT\u00cdCIAS\"],\"inLanguage\":\"pt-BR\",\"potentialAction\":[{\"@type\":\"CommentAction\",\"name\":\"Comment\",\"target\":[\"https:\/\/uvbbrasil.com.br\/vereadores-aprovam-projeto-que-da-garantia-de-salario-minimo-para-servidores\/#respond\"]}]},{\"@type\":\"WebPage\",\"@id\":\"https:\/\/uvbbrasil.com.br\/vereadores-aprovam-projeto-que-da-garantia-de-salario-minimo-para-servidores\/\",\"url\":\"https:\/\/uvbbrasil.com.br\/vereadores-aprovam-projeto-que-da-garantia-de-salario-minimo-para-servidores\/\",\"name\":\"Vereadores aprovam projeto que d\u00e1 garantia de sal\u00e1rio m\u00ednimo para servidores - UVB Brasil\",\"isPartOf\":{\"@id\":\"https:\/\/uvbbrasil.com.br\/#website\"},\"primaryImageOfPage\":{\"@id\":\"https:\/\/uvbbrasil.com.br\/vereadores-aprovam-projeto-que-da-garantia-de-salario-minimo-para-servidores\/#primaryimage\"},\"image\":{\"@id\":\"https:\/\/uvbbrasil.com.br\/vereadores-aprovam-projeto-que-da-garantia-de-salario-minimo-para-servidores\/#primaryimage\"},\"thumbnailUrl\":\"https:\/\/uvbbrasil.com.br\/wp-content\/uploads\/2020\/01\/cmv-irai-15012020.jpg\",\"datePublished\":\"2020-01-15T20:02:47+00:00\",\"breadcrumb\":{\"@id\":\"https:\/\/uvbbrasil.com.br\/vereadores-aprovam-projeto-que-da-garantia-de-salario-minimo-para-servidores\/#breadcrumb\"},\"inLanguage\":\"pt-BR\",\"potentialAction\":[{\"@type\":\"ReadAction\",\"target\":[\"https:\/\/uvbbrasil.com.br\/vereadores-aprovam-projeto-que-da-garantia-de-salario-minimo-para-servidores\/\"]}]},{\"@type\":\"ImageObject\",\"inLanguage\":\"pt-BR\",\"@id\":\"https:\/\/uvbbrasil.com.br\/vereadores-aprovam-projeto-que-da-garantia-de-salario-minimo-para-servidores\/#primaryimage\",\"url\":\"https:\/\/uvbbrasil.com.br\/wp-content\/uploads\/2020\/01\/cmv-irai-15012020.jpg\",\"contentUrl\":\"https:\/\/uvbbrasil.com.br\/wp-content\/uploads\/2020\/01\/cmv-irai-15012020.jpg\",\"width\":650,\"height\":433},{\"@type\":\"BreadcrumbList\",\"@id\":\"https:\/\/uvbbrasil.com.br\/vereadores-aprovam-projeto-que-da-garantia-de-salario-minimo-para-servidores\/#breadcrumb\",\"itemListElement\":[{\"@type\":\"ListItem\",\"position\":1,\"name\":\"In\u00edcio\",\"item\":\"https:\/\/uvbbrasil.com.br\/\"},{\"@type\":\"ListItem\",\"position\":2,\"name\":\"Vereadores aprovam projeto que d\u00e1 garantia de sal\u00e1rio m\u00ednimo para servidores\"}]},{\"@type\":\"WebSite\",\"@id\":\"https:\/\/uvbbrasil.com.br\/#website\",\"url\":\"https:\/\/uvbbrasil.com.br\/\",\"name\":\"UVB Brasil\",\"description\":\"Uni\u00e3o dos Vereadores do Brasil\",\"publisher\":{\"@id\":\"https:\/\/uvbbrasil.com.br\/#organization\"},\"potentialAction\":[{\"@type\":\"SearchAction\",\"target\":{\"@type\":\"EntryPoint\",\"urlTemplate\":\"https:\/\/uvbbrasil.com.br\/?s={search_term_string}\"},\"query-input\":{\"@type\":\"PropertyValueSpecification\",\"valueRequired\":true,\"valueName\":\"search_term_string\"}}],\"inLanguage\":\"pt-BR\"},{\"@type\":\"Organization\",\"@id\":\"https:\/\/uvbbrasil.com.br\/#organization\",\"name\":\"UVB Brasil\",\"url\":\"https:\/\/uvbbrasil.com.br\/\",\"logo\":{\"@type\":\"ImageObject\",\"inLanguage\":\"pt-BR\",\"@id\":\"https:\/\/uvbbrasil.com.br\/#\/schema\/logo\/image\/\",\"url\":\"https:\/\/uvbbrasil.com.br\/wp-content\/uploads\/2025\/01\/LOGO-UVB-2024-azul-1.jpg\",\"contentUrl\":\"https:\/\/uvbbrasil.com.br\/wp-content\/uploads\/2025\/01\/LOGO-UVB-2024-azul-1.jpg\",\"width\":600,\"height\":211,\"caption\":\"UVB Brasil\"},\"image\":{\"@id\":\"https:\/\/uvbbrasil.com.br\/#\/schema\/logo\/image\/\"},\"sameAs\":[\"https:\/\/www.facebook.com\/uvb.vereadoresbrasil\",\"https:\/\/www.instagram.com\/uvbbrasil\/\",\"https:\/\/www.youtube.com\/channel\/UCIlPQ8Xzw5GHNzosQIg9S5A\"]},{\"@type\":\"Person\",\"@id\":\"https:\/\/uvbbrasil.com.br\/#\/schema\/person\/17990098446c098f52effddff4f1b272\",\"name\":\"adminuvb\",\"image\":{\"@type\":\"ImageObject\",\"inLanguage\":\"pt-BR\",\"@id\":\"https:\/\/uvbbrasil.com.br\/#\/schema\/person\/image\/\",\"url\":\"https:\/\/secure.gravatar.com\/avatar\/1a494ea6f8e2dd1ae526e55b0e9497efdba542491e0620d704cccf63c6f77c45?s=96&d=mm&r=g\",\"contentUrl\":\"https:\/\/secure.gravatar.com\/avatar\/1a494ea6f8e2dd1ae526e55b0e9497efdba542491e0620d704cccf63c6f77c45?s=96&d=mm&r=g\",\"caption\":\"adminuvb\"},\"sameAs\":[\"https:\/\/uvbbrasil.com.br\"],\"url\":\"https:\/\/uvbbrasil.com.br\/author\/adminuvb\/\"}]}<\/script>\n<!-- \/ Yoast SEO plugin. -->","yoast_head_json":{"title":"Vereadores aprovam projeto que d\u00e1 garantia de sal\u00e1rio m\u00ednimo para servidores - UVB Brasil","robots":{"index":"index","follow":"follow","max-snippet":"max-snippet:-1","max-image-preview":"max-image-preview:large","max-video-preview":"max-video-preview:-1"},"canonical":"https:\/\/uvbbrasil.com.br\/vereadores-aprovam-projeto-que-da-garantia-de-salario-minimo-para-servidores\/","og_locale":"pt_BR","og_type":"article","og_title":"Vereadores aprovam projeto que d\u00e1 garantia de sal\u00e1rio m\u00ednimo para servidores - UVB Brasil","og_description":"Ira\u00ed\/RS &#8211; Os vereadores aprovaram nesta quarta-feira, 15, em sess\u00e3o extraordin\u00e1ria, a adequa\u00e7\u00e3o do sal\u00e1rio-base dos servidores municipais que recebem...","og_url":"https:\/\/uvbbrasil.com.br\/vereadores-aprovam-projeto-que-da-garantia-de-salario-minimo-para-servidores\/","og_site_name":"UVB Brasil","article_publisher":"https:\/\/www.facebook.com\/uvb.vereadoresbrasil","article_published_time":"2020-01-15T20:02:47+00:00","og_image":[{"width":650,"height":433,"url":"https:\/\/uvbbrasil.com.br\/wp-content\/uploads\/2020\/01\/cmv-irai-15012020.jpg","type":"image\/jpeg"}],"author":"adminuvb","twitter_card":"summary_large_image","twitter_misc":{"Escrito por":"adminuvb","Est. tempo de leitura":"1 minuto"},"schema":{"@context":"https:\/\/schema.org","@graph":[{"@type":"Article","@id":"https:\/\/uvbbrasil.com.br\/vereadores-aprovam-projeto-que-da-garantia-de-salario-minimo-para-servidores\/#article","isPartOf":{"@id":"https:\/\/uvbbrasil.com.br\/vereadores-aprovam-projeto-que-da-garantia-de-salario-minimo-para-servidores\/"},"author":{"name":"adminuvb","@id":"https:\/\/uvbbrasil.com.br\/#\/schema\/person\/17990098446c098f52effddff4f1b272"},"headline":"Vereadores aprovam projeto que d\u00e1 garantia de sal\u00e1rio m\u00ednimo para servidores","datePublished":"2020-01-15T20:02:47+00:00","mainEntityOfPage":{"@id":"https:\/\/uvbbrasil.com.br\/vereadores-aprovam-projeto-que-da-garantia-de-salario-minimo-para-servidores\/"},"wordCount":145,"commentCount":0,"publisher":{"@id":"https:\/\/uvbbrasil.com.br\/#organization"},"image":{"@id":"https:\/\/uvbbrasil.com.br\/vereadores-aprovam-projeto-que-da-garantia-de-salario-minimo-para-servidores\/#primaryimage"},"thumbnailUrl":"https:\/\/uvbbrasil.com.br\/wp-content\/uploads\/2020\/01\/cmv-irai-15012020.jpg","articleSection":["NOT\u00cdCIAS"],"inLanguage":"pt-BR","potentialAction":[{"@type":"CommentAction","name":"Comment","target":["https:\/\/uvbbrasil.com.br\/vereadores-aprovam-projeto-que-da-garantia-de-salario-minimo-para-servidores\/#respond"]}]},{"@type":"WebPage","@id":"https:\/\/uvbbrasil.com.br\/vereadores-aprovam-projeto-que-da-garantia-de-salario-minimo-para-servidores\/","url":"https:\/\/uvbbrasil.com.br\/vereadores-aprovam-projeto-que-da-garantia-de-salario-minimo-para-servidores\/","name":"Vereadores aprovam projeto que d\u00e1 garantia de sal\u00e1rio m\u00ednimo para servidores - UVB Brasil","isPartOf":{"@id":"https:\/\/uvbbrasil.com.br\/#website"},"primaryImageOfPage":{"@id":"https:\/\/uvbbrasil.com.br\/vereadores-aprovam-projeto-que-da-garantia-de-salario-minimo-para-servidores\/#primaryimage"},"image":{"@id":"https:\/\/uvbbrasil.com.br\/vereadores-aprovam-projeto-que-da-garantia-de-salario-minimo-para-servidores\/#primaryimage"},"thumbnailUrl":"https:\/\/uvbbrasil.com.br\/wp-content\/uploads\/2020\/01\/cmv-irai-15012020.jpg","datePublished":"2020-01-15T20:02:47+00:00","breadcrumb":{"@id":"https:\/\/uvbbrasil.com.br\/vereadores-aprovam-projeto-que-da-garantia-de-salario-minimo-para-servidores\/#breadcrumb"},"inLanguage":"pt-BR","potentialAction":[{"@type":"ReadAction","target":["https:\/\/uvbbrasil.com.br\/vereadores-aprovam-projeto-que-da-garantia-de-salario-minimo-para-servidores\/"]}]},{"@type":"ImageObject","inLanguage":"pt-BR","@id":"https:\/\/uvbbrasil.com.br\/vereadores-aprovam-projeto-que-da-garantia-de-salario-minimo-para-servidores\/#primaryimage","url":"https:\/\/uvbbrasil.com.br\/wp-content\/uploads\/2020\/01\/cmv-irai-15012020.jpg","contentUrl":"https:\/\/uvbbrasil.com.br\/wp-content\/uploads\/2020\/01\/cmv-irai-15012020.jpg","width":650,"height":433},{"@type":"BreadcrumbList","@id":"https:\/\/uvbbrasil.com.br\/vereadores-aprovam-projeto-que-da-garantia-de-salario-minimo-para-servidores\/#breadcrumb","itemListElement":[{"@type":"ListItem","position":1,"name":"In\u00edcio","item":"https:\/\/uvbbrasil.com.br\/"},{"@type":"ListItem","position":2,"name":"Vereadores aprovam projeto que d\u00e1 garantia de sal\u00e1rio m\u00ednimo para servidores"}]},{"@type":"WebSite","@id":"https:\/\/uvbbrasil.com.br\/#website","url":"https:\/\/uvbbrasil.com.br\/","name":"UVB Brasil","description":"Uni\u00e3o dos Vereadores do Brasil","publisher":{"@id":"https:\/\/uvbbrasil.com.br\/#organization"},"potentialAction":[{"@type":"SearchAction","target":{"@type":"EntryPoint","urlTemplate":"https:\/\/uvbbrasil.com.br\/?s={search_term_string}"},"query-input":{"@type":"PropertyValueSpecification","valueRequired":true,"valueName":"search_term_string"}}],"inLanguage":"pt-BR"},{"@type":"Organization","@id":"https:\/\/uvbbrasil.com.br\/#organization","name":"UVB Brasil","url":"https:\/\/uvbbrasil.com.br\/","logo":{"@type":"ImageObject","inLanguage":"pt-BR","@id":"https:\/\/uvbbrasil.com.br\/#\/schema\/logo\/image\/","url":"https:\/\/uvbbrasil.com.br\/wp-content\/uploads\/2025\/01\/LOGO-UVB-2024-azul-1.jpg","contentUrl":"https:\/\/uvbbrasil.com.br\/wp-content\/uploads\/2025\/01\/LOGO-UVB-2024-azul-1.jpg","width":600,"height":211,"caption":"UVB Brasil"},"image":{"@id":"https:\/\/uvbbrasil.com.br\/#\/schema\/logo\/image\/"},"sameAs":["https:\/\/www.facebook.com\/uvb.vereadoresbrasil","https:\/\/www.instagram.com\/uvbbrasil\/","https:\/\/www.youtube.com\/channel\/UCIlPQ8Xzw5GHNzosQIg9S5A"]},{"@type":"Person","@id":"https:\/\/uvbbrasil.com.br\/#\/schema\/person\/17990098446c098f52effddff4f1b272","name":"adminuvb","image":{"@type":"ImageObject","inLanguage":"pt-BR","@id":"https:\/\/uvbbrasil.com.br\/#\/schema\/person\/image\/","url":"https:\/\/secure.gravatar.com\/avatar\/1a494ea6f8e2dd1ae526e55b0e9497efdba542491e0620d704cccf63c6f77c45?s=96&d=mm&r=g","contentUrl":"https:\/\/secure.gravatar.com\/avatar\/1a494ea6f8e2dd1ae526e55b0e9497efdba542491e0620d704cccf63c6f77c45?s=96&d=mm&r=g","caption":"adminuvb"},"sameAs":["https:\/\/uvbbrasil.com.br"],"url":"https:\/\/uvbbrasil.com.br\/author\/adminuvb\/"}]}},"_links":{"self":[{"href":"https:\/\/uvbbrasil.com.br\/uvb-json\/wp\/v2\/posts\/17394","targetHints":{"allow":["GET"]}}],"collection":[{"href":"https:\/\/uvbbrasil.com.br\/uvb-json\/wp\/v2\/posts"}],"about":[{"href":"https:\/\/uvbbrasil.com.br\/uvb-json\/wp\/v2\/types\/post"}],"author":[{"embeddable":true,"href":"https:\/\/uvbbrasil.com.br\/uvb-json\/wp\/v2\/users\/1"}],"replies":[{"embeddable":true,"href":"https:\/\/uvbbrasil.com.br\/uvb-json\/wp\/v2\/comments?post=17394"}],"version-history":[{"count":0,"href":"https:\/\/uvbbrasil.com.br\/uvb-json\/wp\/v2\/posts\/17394\/revisions"}],"wp:featuredmedia":[{"embeddable":true,"href":"https:\/\/uvbbrasil.com.br\/uvb-json\/wp\/v2\/media\/17395"}],"wp:attachment":[{"href":"https:\/\/uvbbrasil.com.br\/uvb-json\/wp\/v2\/media?parent=17394"}],"wp:term":[{"taxonomy":"category","embeddable":true,"href":"https:\/\/uvbbrasil.com.br\/uvb-json\/wp\/v2\/categories?post=17394"},{"taxonomy":"post_tag","embeddable":true,"href":"https:\/\/uvbbrasil.com.br\/uvb-json\/wp\/v2\/tags?post=17394"}],"curies":[{"name":"wp","href":"https:\/\/api.w.org\/{rel}","templated":true}]}}