{"id":17361,"date":"2020-01-04T11:07:54","date_gmt":"2020-01-04T14:07:54","guid":{"rendered":"https:\/\/wpsandbox4.pante.com.br\/?p=17361"},"modified":"2020-01-04T11:07:54","modified_gmt":"2020-01-04T14:07:54","slug":"mec-investe-mais-de-300-milhoes-em-escolas-com-vulnerabilidade-social","status":"publish","type":"post","link":"https:\/\/uvbbrasil.com.br\/mec-investe-mais-de-300-milhoes-em-escolas-com-vulnerabilidade-social\/","title":{"rendered":"MEC investe mais de 300 milh\u00f5es em escolas com vulnerabilidade social."},"content":{"rendered":"<p>\u2013 Garantia de qualidade de vida a estudantes em vulnerabilidade social. Esse \u00e9 o objetivo da parte do Programa Dinheiro Direto na Escola (PDDE) sob o guarda-chuva da Secretaria de Modalidades Especializadas de Educa\u00e7\u00e3o (Semesp) do Minist\u00e9rio da Educa\u00e7\u00e3o (MEC). Neste ano, mais de R$ 300 milh\u00f5es foram destinados para levar \u00e1gua, melhorar a estrutura e a acessibilidade em escolas urbanas e rurais que participam da iniciativa.<\/p>\n<p>Como o pr\u00f3prio nome revela, o programa destina dinheiro diretamente \u00e0s escolas, sem intermedi\u00e1rios. O objetivo da iniciativa \u00e9 dar assist\u00eancia financeira \u00e0s escolas da educa\u00e7\u00e3o b\u00e1sica das redes estaduais, municipais e do Distrito Federal e \u00e0s escolas privadas de educa\u00e7\u00e3o especial mantidas por entidades sem fins lucrativos. Os recursos s\u00e3o investidos em melhoria da infraestrutura f\u00edsica e pedag\u00f3gica, em refor\u00e7o da autogest\u00e3o escolar e em eleva\u00e7\u00e3o dos \u00edndices de desempenho da educa\u00e7\u00e3o b\u00e1sica.<\/p>\n<p>Cabe \u00e0 Semesp tr\u00eas modalidades das chamadas a\u00e7\u00f5es agregadas do PDDE. A primeira repassa dinheiro a escolas com problemas no abastecimento de \u00e1gua. Neste ano, o governo federal, por meio do Fundo Nacional de Desenvolvimento da Educa\u00e7\u00e3o (FNDE), liberou R$ 32,04 milh\u00f5es, dinheiro para atender 1.206 escolas, o que representa cerca de 86 mil alunos.<\/p>\n<p>Direcionado \u00e0s institui\u00e7\u00f5es localizadas em \u00e1reas rurais, o PDDE Campo teve aporte de R$ 203,89 milh\u00f5es. Os recursos v\u00e3o para 19.210 escolas, beneficiando cerca de 2 milh\u00f5es de alunos.<\/p>\n<p>A terceira modalidade visa tornar as escolas mais acess\u00edveis a pessoas com defici\u00eancias f\u00edsicas. Foram investidos R$ 109,2 milh\u00f5es neste ano para atender 4.252.915 estudantes.<\/p>\n<p>Na avalia\u00e7\u00e3o da secret\u00e1ria de Modalidades Especializadas de Educa\u00e7\u00e3o, Ilda Peliz, o programa diminui burocracias ao repassar recursos diretamente para a escola. \u201cA din\u00e2mica da iniciativa agiliza o processo. Al\u00e9m disso, proporciona qualidade de vida e dignidade aos alunos\u201d, frisou.<\/p>\n<p>As escolas s\u00e3o escolhidas pelo MEC com base nas informa\u00e7\u00f5es fornecidas no Censo Escolar, base de dados oficial da educa\u00e7\u00e3o coordenada pelo Instituto Nacional de Estudos e Pesquisas Educacionais An\u00edsio Teixeira (Inep). As institui\u00e7\u00f5es precisam se cadastrar no Sistema do PDDE Interativo e, ap\u00f3s serem escolhidas, devem fazer um plano de a\u00e7\u00e3o em que indiquem quais s\u00e3o melhorias, reparos e reformas necess\u00e1rias.<\/p>\n<p>\u00c9 feita uma an\u00e1lise da viabilidade de cada pedido e, assim, o valor \u00e9 repassado de acordo com o n\u00famero de alunos. Para que as necessidades sejam atendidas, a escola precisa estar regularizada e possuir pr\u00e9dio pr\u00f3prio.<\/p>\n<p>PDDE \u00c1gua na Escola \u2013\u00a0A modalidade prev\u00ea a garantia de abastecimento cont\u00ednuo de \u00e1gua adequada ao consumo. Entre as a\u00e7\u00f5es previstas, est\u00e3o a aquisi\u00e7\u00e3o de equipamentos, instala\u00e7\u00f5es hidr\u00e1ulicas e contrata\u00e7\u00e3o de m\u00e3o de obra voltada \u00e0 constru\u00e7\u00e3o de po\u00e7os, cisternas ou outras formas e meios de abastecimento de \u00e1gua.<\/p>\n<p>PDDE Campo \u2013\u00a0Estes recursos devem ser utilizados na adequa\u00e7\u00e3o e na benfeitoria da estrutura f\u00edsica das escolas rurais, por meio da contrata\u00e7\u00e3o de m\u00e3o de obra para realiza\u00e7\u00e3o de reparos ou pequenas amplia\u00e7\u00f5es e cobertura de outras despesas. A escola pode solicitar, por exemplo, consertos no sistema el\u00e9trico, paredes, portas, cal\u00e7amento e telhado.<\/p>\n<p>PDDE Acessibilidade \u2013\u00a0As escolas participantes utilizam o recurso para tornar mais acess\u00edveis a estrutura f\u00edsica e pedag\u00f3gica da escola. Com o repasse, \u00e9 poss\u00edvel solicitar cadeira de rodas, rampas, sanit\u00e1rios, vias de acesso, corrim\u00e3o, recursos de tecnologia assistida, e sinaliza\u00e7\u00e3o t\u00e1til e sonora, por exemplo.<\/p>\n<p><a href=\"https:\/\/uvbbrasil.com.br\/?attachment_id=17362\" rel=\"attachment wp-att-17362\"><img fetchpriority=\"high\" decoding=\"async\" class=\"aligncenter size-full wp-image-17362\" src=\"https:\/\/uvbbrasil.com.br\/wp-content\/uploads\/2020\/01\/sa.jpg\" alt=\"\" width=\"780\" height=\"450\" srcset=\"https:\/\/uvbbrasil.com.br\/wp-content\/uploads\/2020\/01\/sa.jpg 780w, https:\/\/uvbbrasil.com.br\/wp-content\/uploads\/2020\/01\/sa-300x173.jpg 300w, https:\/\/uvbbrasil.com.br\/wp-content\/uploads\/2020\/01\/sa-768x443.jpg 768w\" sizes=\"(max-width: 780px) 100vw, 780px\" \/><\/a><\/p>\n<p>fonte: www.i9treinamentos.com.br<\/p>\n","protected":false},"excerpt":{"rendered":"<p>\u2013 Garantia de qualidade de vida a estudantes em vulnerabilidade social. Esse \u00e9 o objetivo da parte do Programa Dinheiro&#8230;<\/p>\n","protected":false},"author":1,"featured_media":17362,"comment_status":"open","ping_status":"open","sticky":false,"template":"","format":"standard","meta":{"footnotes":""},"categories":[3],"tags":[],"class_list":["post-17361","post","type-post","status-publish","format-standard","has-post-thumbnail","hentry","category-noticias"],"yoast_head":"<!-- This site is optimized with the Yoast SEO plugin v26.7 - https:\/\/yoast.com\/wordpress\/plugins\/seo\/ -->\n<title>MEC investe mais de 300 milh\u00f5es em escolas com vulnerabilidade social. - UVB Brasil<\/title>\n<meta name=\"robots\" content=\"index, follow, max-snippet:-1, max-image-preview:large, max-video-preview:-1\" \/>\n<link rel=\"canonical\" href=\"https:\/\/uvbbrasil.com.br\/mec-investe-mais-de-300-milhoes-em-escolas-com-vulnerabilidade-social\/\" \/>\n<meta property=\"og:locale\" content=\"pt_BR\" \/>\n<meta property=\"og:type\" content=\"article\" \/>\n<meta property=\"og:title\" content=\"MEC investe mais de 300 milh\u00f5es em escolas com vulnerabilidade social. - UVB Brasil\" \/>\n<meta property=\"og:description\" content=\"\u2013 Garantia de qualidade de vida a estudantes em vulnerabilidade social. Esse \u00e9 o objetivo da parte do Programa Dinheiro...\" \/>\n<meta property=\"og:url\" content=\"https:\/\/uvbbrasil.com.br\/mec-investe-mais-de-300-milhoes-em-escolas-com-vulnerabilidade-social\/\" \/>\n<meta property=\"og:site_name\" content=\"UVB Brasil\" \/>\n<meta property=\"article:publisher\" content=\"https:\/\/www.facebook.com\/uvb.vereadoresbrasil\" \/>\n<meta property=\"article:published_time\" content=\"2020-01-04T14:07:54+00:00\" \/>\n<meta property=\"og:image\" content=\"https:\/\/uvbbrasil.com.br\/wp-content\/uploads\/2020\/01\/sa.jpg\" \/>\n\t<meta property=\"og:image:width\" content=\"780\" \/>\n\t<meta property=\"og:image:height\" content=\"450\" \/>\n\t<meta property=\"og:image:type\" content=\"image\/jpeg\" \/>\n<meta name=\"author\" content=\"adminuvb\" \/>\n<meta name=\"twitter:card\" content=\"summary_large_image\" \/>\n<meta name=\"twitter:label1\" content=\"Escrito por\" \/>\n\t<meta name=\"twitter:data1\" content=\"adminuvb\" \/>\n\t<meta name=\"twitter:label2\" content=\"Est. tempo de leitura\" \/>\n\t<meta name=\"twitter:data2\" content=\"3 minutos\" \/>\n<script type=\"application\/ld+json\" class=\"yoast-schema-graph\">{\"@context\":\"https:\/\/schema.org\",\"@graph\":[{\"@type\":\"Article\",\"@id\":\"https:\/\/uvbbrasil.com.br\/mec-investe-mais-de-300-milhoes-em-escolas-com-vulnerabilidade-social\/#article\",\"isPartOf\":{\"@id\":\"https:\/\/uvbbrasil.com.br\/mec-investe-mais-de-300-milhoes-em-escolas-com-vulnerabilidade-social\/\"},\"author\":{\"name\":\"adminuvb\",\"@id\":\"https:\/\/uvbbrasil.com.br\/#\/schema\/person\/17990098446c098f52effddff4f1b272\"},\"headline\":\"MEC investe mais de 300 milh\u00f5es em escolas com vulnerabilidade social.\",\"datePublished\":\"2020-01-04T14:07:54+00:00\",\"mainEntityOfPage\":{\"@id\":\"https:\/\/uvbbrasil.com.br\/mec-investe-mais-de-300-milhoes-em-escolas-com-vulnerabilidade-social\/\"},\"wordCount\":610,\"commentCount\":0,\"publisher\":{\"@id\":\"https:\/\/uvbbrasil.com.br\/#organization\"},\"image\":{\"@id\":\"https:\/\/uvbbrasil.com.br\/mec-investe-mais-de-300-milhoes-em-escolas-com-vulnerabilidade-social\/#primaryimage\"},\"thumbnailUrl\":\"https:\/\/uvbbrasil.com.br\/wp-content\/uploads\/2020\/01\/sa.jpg\",\"articleSection\":[\"NOT\u00cdCIAS\"],\"inLanguage\":\"pt-BR\",\"potentialAction\":[{\"@type\":\"CommentAction\",\"name\":\"Comment\",\"target\":[\"https:\/\/uvbbrasil.com.br\/mec-investe-mais-de-300-milhoes-em-escolas-com-vulnerabilidade-social\/#respond\"]}]},{\"@type\":\"WebPage\",\"@id\":\"https:\/\/uvbbrasil.com.br\/mec-investe-mais-de-300-milhoes-em-escolas-com-vulnerabilidade-social\/\",\"url\":\"https:\/\/uvbbrasil.com.br\/mec-investe-mais-de-300-milhoes-em-escolas-com-vulnerabilidade-social\/\",\"name\":\"MEC investe mais de 300 milh\u00f5es em escolas com vulnerabilidade social. - UVB Brasil\",\"isPartOf\":{\"@id\":\"https:\/\/uvbbrasil.com.br\/#website\"},\"primaryImageOfPage\":{\"@id\":\"https:\/\/uvbbrasil.com.br\/mec-investe-mais-de-300-milhoes-em-escolas-com-vulnerabilidade-social\/#primaryimage\"},\"image\":{\"@id\":\"https:\/\/uvbbrasil.com.br\/mec-investe-mais-de-300-milhoes-em-escolas-com-vulnerabilidade-social\/#primaryimage\"},\"thumbnailUrl\":\"https:\/\/uvbbrasil.com.br\/wp-content\/uploads\/2020\/01\/sa.jpg\",\"datePublished\":\"2020-01-04T14:07:54+00:00\",\"breadcrumb\":{\"@id\":\"https:\/\/uvbbrasil.com.br\/mec-investe-mais-de-300-milhoes-em-escolas-com-vulnerabilidade-social\/#breadcrumb\"},\"inLanguage\":\"pt-BR\",\"potentialAction\":[{\"@type\":\"ReadAction\",\"target\":[\"https:\/\/uvbbrasil.com.br\/mec-investe-mais-de-300-milhoes-em-escolas-com-vulnerabilidade-social\/\"]}]},{\"@type\":\"ImageObject\",\"inLanguage\":\"pt-BR\",\"@id\":\"https:\/\/uvbbrasil.com.br\/mec-investe-mais-de-300-milhoes-em-escolas-com-vulnerabilidade-social\/#primaryimage\",\"url\":\"https:\/\/uvbbrasil.com.br\/wp-content\/uploads\/2020\/01\/sa.jpg\",\"contentUrl\":\"https:\/\/uvbbrasil.com.br\/wp-content\/uploads\/2020\/01\/sa.jpg\",\"width\":780,\"height\":450},{\"@type\":\"BreadcrumbList\",\"@id\":\"https:\/\/uvbbrasil.com.br\/mec-investe-mais-de-300-milhoes-em-escolas-com-vulnerabilidade-social\/#breadcrumb\",\"itemListElement\":[{\"@type\":\"ListItem\",\"position\":1,\"name\":\"In\u00edcio\",\"item\":\"https:\/\/uvbbrasil.com.br\/\"},{\"@type\":\"ListItem\",\"position\":2,\"name\":\"MEC investe mais de 300 milh\u00f5es em escolas com vulnerabilidade social.\"}]},{\"@type\":\"WebSite\",\"@id\":\"https:\/\/uvbbrasil.com.br\/#website\",\"url\":\"https:\/\/uvbbrasil.com.br\/\",\"name\":\"UVB Brasil\",\"description\":\"Uni\u00e3o dos Vereadores do Brasil\",\"publisher\":{\"@id\":\"https:\/\/uvbbrasil.com.br\/#organization\"},\"potentialAction\":[{\"@type\":\"SearchAction\",\"target\":{\"@type\":\"EntryPoint\",\"urlTemplate\":\"https:\/\/uvbbrasil.com.br\/?s={search_term_string}\"},\"query-input\":{\"@type\":\"PropertyValueSpecification\",\"valueRequired\":true,\"valueName\":\"search_term_string\"}}],\"inLanguage\":\"pt-BR\"},{\"@type\":\"Organization\",\"@id\":\"https:\/\/uvbbrasil.com.br\/#organization\",\"name\":\"UVB Brasil\",\"url\":\"https:\/\/uvbbrasil.com.br\/\",\"logo\":{\"@type\":\"ImageObject\",\"inLanguage\":\"pt-BR\",\"@id\":\"https:\/\/uvbbrasil.com.br\/#\/schema\/logo\/image\/\",\"url\":\"https:\/\/uvbbrasil.com.br\/wp-content\/uploads\/2025\/01\/LOGO-UVB-2024-azul-1.jpg\",\"contentUrl\":\"https:\/\/uvbbrasil.com.br\/wp-content\/uploads\/2025\/01\/LOGO-UVB-2024-azul-1.jpg\",\"width\":600,\"height\":211,\"caption\":\"UVB Brasil\"},\"image\":{\"@id\":\"https:\/\/uvbbrasil.com.br\/#\/schema\/logo\/image\/\"},\"sameAs\":[\"https:\/\/www.facebook.com\/uvb.vereadoresbrasil\",\"https:\/\/www.instagram.com\/uvbbrasil\/\",\"https:\/\/www.youtube.com\/channel\/UCIlPQ8Xzw5GHNzosQIg9S5A\"]},{\"@type\":\"Person\",\"@id\":\"https:\/\/uvbbrasil.com.br\/#\/schema\/person\/17990098446c098f52effddff4f1b272\",\"name\":\"adminuvb\",\"image\":{\"@type\":\"ImageObject\",\"inLanguage\":\"pt-BR\",\"@id\":\"https:\/\/uvbbrasil.com.br\/#\/schema\/person\/image\/\",\"url\":\"https:\/\/secure.gravatar.com\/avatar\/1a494ea6f8e2dd1ae526e55b0e9497efdba542491e0620d704cccf63c6f77c45?s=96&d=mm&r=g\",\"contentUrl\":\"https:\/\/secure.gravatar.com\/avatar\/1a494ea6f8e2dd1ae526e55b0e9497efdba542491e0620d704cccf63c6f77c45?s=96&d=mm&r=g\",\"caption\":\"adminuvb\"},\"sameAs\":[\"https:\/\/uvbbrasil.com.br\"],\"url\":\"https:\/\/uvbbrasil.com.br\/author\/adminuvb\/\"}]}<\/script>\n<!-- \/ Yoast SEO plugin. -->","yoast_head_json":{"title":"MEC investe mais de 300 milh\u00f5es em escolas com vulnerabilidade social. - UVB Brasil","robots":{"index":"index","follow":"follow","max-snippet":"max-snippet:-1","max-image-preview":"max-image-preview:large","max-video-preview":"max-video-preview:-1"},"canonical":"https:\/\/uvbbrasil.com.br\/mec-investe-mais-de-300-milhoes-em-escolas-com-vulnerabilidade-social\/","og_locale":"pt_BR","og_type":"article","og_title":"MEC investe mais de 300 milh\u00f5es em escolas com vulnerabilidade social. - UVB Brasil","og_description":"\u2013 Garantia de qualidade de vida a estudantes em vulnerabilidade social. Esse \u00e9 o objetivo da parte do Programa Dinheiro...","og_url":"https:\/\/uvbbrasil.com.br\/mec-investe-mais-de-300-milhoes-em-escolas-com-vulnerabilidade-social\/","og_site_name":"UVB Brasil","article_publisher":"https:\/\/www.facebook.com\/uvb.vereadoresbrasil","article_published_time":"2020-01-04T14:07:54+00:00","og_image":[{"width":780,"height":450,"url":"https:\/\/uvbbrasil.com.br\/wp-content\/uploads\/2020\/01\/sa.jpg","type":"image\/jpeg"}],"author":"adminuvb","twitter_card":"summary_large_image","twitter_misc":{"Escrito por":"adminuvb","Est. tempo de leitura":"3 minutos"},"schema":{"@context":"https:\/\/schema.org","@graph":[{"@type":"Article","@id":"https:\/\/uvbbrasil.com.br\/mec-investe-mais-de-300-milhoes-em-escolas-com-vulnerabilidade-social\/#article","isPartOf":{"@id":"https:\/\/uvbbrasil.com.br\/mec-investe-mais-de-300-milhoes-em-escolas-com-vulnerabilidade-social\/"},"author":{"name":"adminuvb","@id":"https:\/\/uvbbrasil.com.br\/#\/schema\/person\/17990098446c098f52effddff4f1b272"},"headline":"MEC investe mais de 300 milh\u00f5es em escolas com vulnerabilidade social.","datePublished":"2020-01-04T14:07:54+00:00","mainEntityOfPage":{"@id":"https:\/\/uvbbrasil.com.br\/mec-investe-mais-de-300-milhoes-em-escolas-com-vulnerabilidade-social\/"},"wordCount":610,"commentCount":0,"publisher":{"@id":"https:\/\/uvbbrasil.com.br\/#organization"},"image":{"@id":"https:\/\/uvbbrasil.com.br\/mec-investe-mais-de-300-milhoes-em-escolas-com-vulnerabilidade-social\/#primaryimage"},"thumbnailUrl":"https:\/\/uvbbrasil.com.br\/wp-content\/uploads\/2020\/01\/sa.jpg","articleSection":["NOT\u00cdCIAS"],"inLanguage":"pt-BR","potentialAction":[{"@type":"CommentAction","name":"Comment","target":["https:\/\/uvbbrasil.com.br\/mec-investe-mais-de-300-milhoes-em-escolas-com-vulnerabilidade-social\/#respond"]}]},{"@type":"WebPage","@id":"https:\/\/uvbbrasil.com.br\/mec-investe-mais-de-300-milhoes-em-escolas-com-vulnerabilidade-social\/","url":"https:\/\/uvbbrasil.com.br\/mec-investe-mais-de-300-milhoes-em-escolas-com-vulnerabilidade-social\/","name":"MEC investe mais de 300 milh\u00f5es em escolas com vulnerabilidade social. - UVB Brasil","isPartOf":{"@id":"https:\/\/uvbbrasil.com.br\/#website"},"primaryImageOfPage":{"@id":"https:\/\/uvbbrasil.com.br\/mec-investe-mais-de-300-milhoes-em-escolas-com-vulnerabilidade-social\/#primaryimage"},"image":{"@id":"https:\/\/uvbbrasil.com.br\/mec-investe-mais-de-300-milhoes-em-escolas-com-vulnerabilidade-social\/#primaryimage"},"thumbnailUrl":"https:\/\/uvbbrasil.com.br\/wp-content\/uploads\/2020\/01\/sa.jpg","datePublished":"2020-01-04T14:07:54+00:00","breadcrumb":{"@id":"https:\/\/uvbbrasil.com.br\/mec-investe-mais-de-300-milhoes-em-escolas-com-vulnerabilidade-social\/#breadcrumb"},"inLanguage":"pt-BR","potentialAction":[{"@type":"ReadAction","target":["https:\/\/uvbbrasil.com.br\/mec-investe-mais-de-300-milhoes-em-escolas-com-vulnerabilidade-social\/"]}]},{"@type":"ImageObject","inLanguage":"pt-BR","@id":"https:\/\/uvbbrasil.com.br\/mec-investe-mais-de-300-milhoes-em-escolas-com-vulnerabilidade-social\/#primaryimage","url":"https:\/\/uvbbrasil.com.br\/wp-content\/uploads\/2020\/01\/sa.jpg","contentUrl":"https:\/\/uvbbrasil.com.br\/wp-content\/uploads\/2020\/01\/sa.jpg","width":780,"height":450},{"@type":"BreadcrumbList","@id":"https:\/\/uvbbrasil.com.br\/mec-investe-mais-de-300-milhoes-em-escolas-com-vulnerabilidade-social\/#breadcrumb","itemListElement":[{"@type":"ListItem","position":1,"name":"In\u00edcio","item":"https:\/\/uvbbrasil.com.br\/"},{"@type":"ListItem","position":2,"name":"MEC investe mais de 300 milh\u00f5es em escolas com vulnerabilidade social."}]},{"@type":"WebSite","@id":"https:\/\/uvbbrasil.com.br\/#website","url":"https:\/\/uvbbrasil.com.br\/","name":"UVB Brasil","description":"Uni\u00e3o dos Vereadores do Brasil","publisher":{"@id":"https:\/\/uvbbrasil.com.br\/#organization"},"potentialAction":[{"@type":"SearchAction","target":{"@type":"EntryPoint","urlTemplate":"https:\/\/uvbbrasil.com.br\/?s={search_term_string}"},"query-input":{"@type":"PropertyValueSpecification","valueRequired":true,"valueName":"search_term_string"}}],"inLanguage":"pt-BR"},{"@type":"Organization","@id":"https:\/\/uvbbrasil.com.br\/#organization","name":"UVB Brasil","url":"https:\/\/uvbbrasil.com.br\/","logo":{"@type":"ImageObject","inLanguage":"pt-BR","@id":"https:\/\/uvbbrasil.com.br\/#\/schema\/logo\/image\/","url":"https:\/\/uvbbrasil.com.br\/wp-content\/uploads\/2025\/01\/LOGO-UVB-2024-azul-1.jpg","contentUrl":"https:\/\/uvbbrasil.com.br\/wp-content\/uploads\/2025\/01\/LOGO-UVB-2024-azul-1.jpg","width":600,"height":211,"caption":"UVB Brasil"},"image":{"@id":"https:\/\/uvbbrasil.com.br\/#\/schema\/logo\/image\/"},"sameAs":["https:\/\/www.facebook.com\/uvb.vereadoresbrasil","https:\/\/www.instagram.com\/uvbbrasil\/","https:\/\/www.youtube.com\/channel\/UCIlPQ8Xzw5GHNzosQIg9S5A"]},{"@type":"Person","@id":"https:\/\/uvbbrasil.com.br\/#\/schema\/person\/17990098446c098f52effddff4f1b272","name":"adminuvb","image":{"@type":"ImageObject","inLanguage":"pt-BR","@id":"https:\/\/uvbbrasil.com.br\/#\/schema\/person\/image\/","url":"https:\/\/secure.gravatar.com\/avatar\/1a494ea6f8e2dd1ae526e55b0e9497efdba542491e0620d704cccf63c6f77c45?s=96&d=mm&r=g","contentUrl":"https:\/\/secure.gravatar.com\/avatar\/1a494ea6f8e2dd1ae526e55b0e9497efdba542491e0620d704cccf63c6f77c45?s=96&d=mm&r=g","caption":"adminuvb"},"sameAs":["https:\/\/uvbbrasil.com.br"],"url":"https:\/\/uvbbrasil.com.br\/author\/adminuvb\/"}]}},"_links":{"self":[{"href":"https:\/\/uvbbrasil.com.br\/uvb-json\/wp\/v2\/posts\/17361","targetHints":{"allow":["GET"]}}],"collection":[{"href":"https:\/\/uvbbrasil.com.br\/uvb-json\/wp\/v2\/posts"}],"about":[{"href":"https:\/\/uvbbrasil.com.br\/uvb-json\/wp\/v2\/types\/post"}],"author":[{"embeddable":true,"href":"https:\/\/uvbbrasil.com.br\/uvb-json\/wp\/v2\/users\/1"}],"replies":[{"embeddable":true,"href":"https:\/\/uvbbrasil.com.br\/uvb-json\/wp\/v2\/comments?post=17361"}],"version-history":[{"count":0,"href":"https:\/\/uvbbrasil.com.br\/uvb-json\/wp\/v2\/posts\/17361\/revisions"}],"wp:featuredmedia":[{"embeddable":true,"href":"https:\/\/uvbbrasil.com.br\/uvb-json\/wp\/v2\/media\/17362"}],"wp:attachment":[{"href":"https:\/\/uvbbrasil.com.br\/uvb-json\/wp\/v2\/media?parent=17361"}],"wp:term":[{"taxonomy":"category","embeddable":true,"href":"https:\/\/uvbbrasil.com.br\/uvb-json\/wp\/v2\/categories?post=17361"},{"taxonomy":"post_tag","embeddable":true,"href":"https:\/\/uvbbrasil.com.br\/uvb-json\/wp\/v2\/tags?post=17361"}],"curies":[{"name":"wp","href":"https:\/\/api.w.org\/{rel}","templated":true}]}}