{"id":17348,"date":"2020-01-01T11:10:57","date_gmt":"2020-01-01T14:10:57","guid":{"rendered":"https:\/\/wpsandbox4.pante.com.br\/?p=17348"},"modified":"2020-01-01T11:10:57","modified_gmt":"2020-01-01T14:10:57","slug":"programa-de-alfabetizacao-sera-prioridade-em-2020","status":"publish","type":"post","link":"https:\/\/uvbbrasil.com.br\/programa-de-alfabetizacao-sera-prioridade-em-2020\/","title":{"rendered":"Programa de alfabetiza\u00e7\u00e3o ser\u00e1 prioridade em 2020"},"content":{"rendered":"<p>\u2013 A Pol\u00edtica Nacional de Alfabetiza\u00e7\u00e3o (PNA) tem norteado os trabalhos da mais jovem secretaria do Minist\u00e9rio da Educa\u00e7\u00e3o (MEC), a Secretaria de Alfabetiza\u00e7\u00e3o (Sealf), criada em 2019. Para o secret\u00e1rio da \u00e1rea, Carlos Nadalim, a ideia \u00e9 apresentar mais a\u00e7\u00f5es e programas dessa estrat\u00e9gia em 2020. \u201cA PNA \u00e9 como uma b\u00fassola, uma pol\u00edtica que deve transcender governos\u201d, afirmou.<\/p>\n<p>Segundo Nadalim, a Secretaria de Alfabetiza\u00e7\u00e3o trabalhou arduamente desenhando a\u00e7\u00f5es e programas. \u201cNeste governo, a alfabetiza\u00e7\u00e3o ganhou status de secretaria. Isso \u00e9 extremamente importante, j\u00e1 que a situa\u00e7\u00e3o da alfabetiza\u00e7\u00e3o no Brasil n\u00e3o \u00e9 nada favor\u00e1vel e os indicadores demonstram isso\u201d, disse em entrevista especial \u00e0s equipes do Portal MEC e da TV MEC.<\/p>\n<p>Confira essas e outras perspectivas da Sealf para o ano de 2020 nesta entrevista especial.<\/p>\n<p>Quais ser\u00e3o as principais a\u00e7\u00f5es da Pol\u00edtica Nacional de Alfabetiza\u00e7\u00e3o, em 2020?<\/p>\n<p>A Pol\u00edtica Nacional de Alfabetiza\u00e7\u00e3o \u00e9 um marco na hist\u00f3ria da alfabetiza\u00e7\u00e3o no Brasil. Em 2020, intensificaremos os nossos esfor\u00e7os para continuar proporcionando \u00e0 sociedade a\u00e7\u00f5es e programas que auxiliem professores, pais e, sobretudo, nossas crian\u00e7as, o principal alvo da educa\u00e7\u00e3o. Queremos que as crian\u00e7as n\u00e3o fracassem no per\u00edodo da aquisi\u00e7\u00e3o da leitura e da escrita. Sabemos que o fracasso neste per\u00edodo gera consequ\u00eancias irrevers\u00edveis.<\/p>\n<p>Em 2019, focamos na constru\u00e7\u00e3o da pol\u00edtica e suas diretrizes e um programa para leitura em fam\u00edlia, que \u00e9 de pr\u00e9-alfabetiza\u00e7\u00e3o. Para o pr\u00f3ximo ano, apresentaremos mais desdobramentos:\u00a0 a cria\u00e7\u00e3o de um programa espec\u00edfico de alfabetiza\u00e7\u00e3o. Para n\u00f3s, isso significa uma b\u00fassola que tem um escopo muito amplo e com certeza ser\u00e1 um instrumento muito eficaz contra ao analfabetismo. \u00c9, sem d\u00favida, uma pol\u00edtica que vai transcender governos.<\/p>\n<p>Em 2020, alunos do 4\u00ba ano v\u00e3o passar a ter a capacidade de leitura e compreens\u00e3o de textos avaliadas por um estudo internacional, o Progress in International Reading Literacy Study (PIRLS). Como o senhor avalia essa participa\u00e7\u00e3o?<\/p>\n<p>A primeira a\u00e7\u00e3o de implementa\u00e7\u00e3o do PNA foi a ades\u00e3o ao PIRLS, um importante estudo de avalia\u00e7\u00e3o internacional de leitura. Queremos saber como os alunos do 4\u00ba ano do ensino fundamental est\u00e3o lendo textos. Essa avalia\u00e7\u00e3o \u00e9 fundamental para comparar os nossos alunos com os de outros pa\u00edses. \u00c9 uma avalia\u00e7\u00e3o que leva em considera\u00e7\u00e3o duas finalidades: leitura como experi\u00eancia liter\u00e1ria e a leitura como meio de utilizar e processar informa\u00e7\u00e3o.<\/p>\n<p>Em 2020, no primeiro semestre, os alunos ser\u00e3o submetidos a um pr\u00e9-teste e no segundo semestre ocorrer\u00e1 a avalia\u00e7\u00e3o amostral. Teremos, ent\u00e3o, uma amostra representativa que dar\u00e1 subs\u00eddios para a Secretaria de Alfabetiza\u00e7\u00e3o. No futuro, poderemos aprimorar os instrumentos de implementa\u00e7\u00e3o da Pol\u00edtica<\/p>\n<p>A Sealf tamb\u00e9m lan\u00e7ou o Conta pra Mim, que incentiva a leitura para crian\u00e7as no ambiente familiar. Quais ser\u00e3o as principais a\u00e7\u00f5es no programa no pr\u00f3ximo ano?<\/p>\n<p>O Conta pra Mim \u00e9 um programa que implementa aspectos importantes da PNA porque reconhece a participa\u00e7\u00e3o da fam\u00edlia no processo de alfabetiza\u00e7\u00e3o. Isso n\u00e3o quer dizer que a fam\u00edlia passa a alfabetizar a crian\u00e7a, mas ajuda no processo da pr\u00e9-alfabetiza\u00e7\u00e3o, no projeto de vida dos indiv\u00edduos. Literacia familiar \u00e9 o conjunto de pr\u00e1ticas, experi\u00eancias, relacionadas ao desenvolvimento lingu\u00edstico, \u00e0 literatura, escrita. Pr\u00e1ticas vivenciadas entre pais e filhos no ambiente familiar. Os conhecimentos come\u00e7am em casa e passam para a creche e a pr\u00e9-escola e por toda a vida.<\/p>\n<p>No primeiro semestre de 2020, abriremos o processo de ades\u00e3o para que os entes federados participem, voluntariamente, do programa. Eles receber\u00e3o assist\u00eancia t\u00e9cnica e financeira. Vamos capacitar tutores que conduzir\u00e3o sess\u00f5es de literacia familiar nos espa\u00e7os Conta pra Mim. Nossa expectativa \u00e9 alcan\u00e7ar 1 milh\u00e3o de fam\u00edlias e criar 5 mil cantinhos Conta pra Mim. O or\u00e7amento dispon\u00edvel para o programa \u00e9 de R$ 45 milh\u00f5es.<\/p>\n<p>Em 2020 teremos desdobramentos da Confer\u00eancia Nacional de Alfabetiza\u00e7\u00e3o Baseada em Evid\u00eancias, a Conabe?<\/p>\n<p>A Conabe \u00e9 outra a\u00e7\u00e3o de implementa\u00e7\u00e3o da Pol\u00edtica Nacional de Alfabetiza\u00e7\u00e3o. Ainda no primeiro semestre de 2020, a Sealf apresentar\u00e1 o fruto desses debates, o Relat\u00f3rio Nacional da Alfabetiza\u00e7\u00e3o Baseada em Evid\u00eancias (Renabe). O documento apresentar\u00e1 sugest\u00f5es para as pol\u00edticas nacionais relacionadas \u00e0 alfabetiza\u00e7\u00e3o, com as evid\u00eancias cient\u00edficas mais robustas e atualizadas que nortear\u00e3o as a\u00e7\u00f5es da secretaria de alfabetiza\u00e7\u00e3o.<\/p>\n<p>O que dizer deste primeiro ano de atua\u00e7\u00e3o?<\/p>\n<p>A Secretaria de Alfabetiza\u00e7\u00e3o trabalhou arduamente desenhando a\u00e7\u00f5es e programas. Trouxe minha experi\u00eancia de sala de aula, de coordena\u00e7\u00e3o de escola e os anseios de fam\u00edlias brasileiras que est\u00e3o preocupadas com a alfabetiza\u00e7\u00e3o infantil. Lan\u00e7amos uma pol\u00edtica de Estado com base nas evid\u00eancias cient\u00edficas, conseguimos muito em pouco tempo.<\/p>\n<p>Em 2020, vamos intensificar os trabalhos e apresentar \u00e0 popula\u00e7\u00e3o mais a\u00e7\u00f5es e programas que fortale\u00e7am a alfabetiza\u00e7\u00e3o no Brasil, com o carinho que as crian\u00e7as merecem.<a href=\"https:\/\/uvbbrasil.com.br\/?attachment_id=17349\" rel=\"attachment wp-att-17349\"><img fetchpriority=\"high\" decoding=\"async\" class=\"aligncenter size-full wp-image-17349\" src=\"https:\/\/uvbbrasil.com.br\/wp-content\/uploads\/2020\/01\/educacao-oiwjvvqv56qfc5ue3s74pum416wzkpn69yjyrwudn8.jpeg\" alt=\"\" width=\"780\" height=\"450\" srcset=\"https:\/\/uvbbrasil.com.br\/wp-content\/uploads\/2020\/01\/educacao-oiwjvvqv56qfc5ue3s74pum416wzkpn69yjyrwudn8.jpeg 780w, https:\/\/uvbbrasil.com.br\/wp-content\/uploads\/2020\/01\/educacao-oiwjvvqv56qfc5ue3s74pum416wzkpn69yjyrwudn8-300x173.jpeg 300w, https:\/\/uvbbrasil.com.br\/wp-content\/uploads\/2020\/01\/educacao-oiwjvvqv56qfc5ue3s74pum416wzkpn69yjyrwudn8-768x443.jpeg 768w\" sizes=\"(max-width: 780px) 100vw, 780px\" \/><\/a><\/p>\n<p>fonte:www.i9treinamentos.com.br<\/p>\n","protected":false},"excerpt":{"rendered":"<p>\u2013 A Pol\u00edtica Nacional de Alfabetiza\u00e7\u00e3o (PNA) tem norteado os trabalhos da mais jovem secretaria do Minist\u00e9rio da Educa\u00e7\u00e3o (MEC),&#8230;<\/p>\n","protected":false},"author":1,"featured_media":17349,"comment_status":"open","ping_status":"open","sticky":false,"template":"","format":"standard","meta":{"footnotes":""},"categories":[3],"tags":[],"class_list":["post-17348","post","type-post","status-publish","format-standard","has-post-thumbnail","hentry","category-noticias"],"yoast_head":"<!-- This site is optimized with the Yoast SEO plugin v26.7 - https:\/\/yoast.com\/wordpress\/plugins\/seo\/ -->\n<title>Programa de alfabetiza\u00e7\u00e3o ser\u00e1 prioridade em 2020 - UVB Brasil<\/title>\n<meta name=\"robots\" content=\"index, follow, max-snippet:-1, max-image-preview:large, max-video-preview:-1\" \/>\n<link rel=\"canonical\" href=\"https:\/\/uvbbrasil.com.br\/programa-de-alfabetizacao-sera-prioridade-em-2020\/\" \/>\n<meta property=\"og:locale\" content=\"pt_BR\" \/>\n<meta property=\"og:type\" content=\"article\" \/>\n<meta property=\"og:title\" content=\"Programa de alfabetiza\u00e7\u00e3o ser\u00e1 prioridade em 2020 - UVB Brasil\" \/>\n<meta property=\"og:description\" content=\"\u2013 A Pol\u00edtica Nacional de Alfabetiza\u00e7\u00e3o (PNA) tem norteado os trabalhos da mais jovem secretaria do Minist\u00e9rio da Educa\u00e7\u00e3o (MEC),...\" \/>\n<meta property=\"og:url\" content=\"https:\/\/uvbbrasil.com.br\/programa-de-alfabetizacao-sera-prioridade-em-2020\/\" \/>\n<meta property=\"og:site_name\" content=\"UVB Brasil\" \/>\n<meta property=\"article:publisher\" content=\"https:\/\/www.facebook.com\/uvb.vereadoresbrasil\" \/>\n<meta property=\"article:published_time\" content=\"2020-01-01T14:10:57+00:00\" \/>\n<meta property=\"og:image\" content=\"https:\/\/uvbbrasil.com.br\/wp-content\/uploads\/2020\/01\/educacao-oiwjvvqv56qfc5ue3s74pum416wzkpn69yjyrwudn8.jpeg\" \/>\n\t<meta property=\"og:image:width\" content=\"780\" \/>\n\t<meta property=\"og:image:height\" content=\"450\" \/>\n\t<meta property=\"og:image:type\" content=\"image\/jpeg\" \/>\n<meta name=\"author\" content=\"adminuvb\" \/>\n<meta name=\"twitter:card\" content=\"summary_large_image\" \/>\n<meta name=\"twitter:label1\" content=\"Escrito por\" \/>\n\t<meta name=\"twitter:data1\" content=\"adminuvb\" \/>\n\t<meta name=\"twitter:label2\" content=\"Est. tempo de leitura\" \/>\n\t<meta name=\"twitter:data2\" content=\"4 minutos\" \/>\n<script type=\"application\/ld+json\" class=\"yoast-schema-graph\">{\"@context\":\"https:\/\/schema.org\",\"@graph\":[{\"@type\":\"Article\",\"@id\":\"https:\/\/uvbbrasil.com.br\/programa-de-alfabetizacao-sera-prioridade-em-2020\/#article\",\"isPartOf\":{\"@id\":\"https:\/\/uvbbrasil.com.br\/programa-de-alfabetizacao-sera-prioridade-em-2020\/\"},\"author\":{\"name\":\"adminuvb\",\"@id\":\"https:\/\/uvbbrasil.com.br\/#\/schema\/person\/17990098446c098f52effddff4f1b272\"},\"headline\":\"Programa de alfabetiza\u00e7\u00e3o ser\u00e1 prioridade em 2020\",\"datePublished\":\"2020-01-01T14:10:57+00:00\",\"mainEntityOfPage\":{\"@id\":\"https:\/\/uvbbrasil.com.br\/programa-de-alfabetizacao-sera-prioridade-em-2020\/\"},\"wordCount\":884,\"commentCount\":0,\"publisher\":{\"@id\":\"https:\/\/uvbbrasil.com.br\/#organization\"},\"image\":{\"@id\":\"https:\/\/uvbbrasil.com.br\/programa-de-alfabetizacao-sera-prioridade-em-2020\/#primaryimage\"},\"thumbnailUrl\":\"https:\/\/uvbbrasil.com.br\/wp-content\/uploads\/2020\/01\/educacao-oiwjvvqv56qfc5ue3s74pum416wzkpn69yjyrwudn8.jpeg\",\"articleSection\":[\"NOT\u00cdCIAS\"],\"inLanguage\":\"pt-BR\",\"potentialAction\":[{\"@type\":\"CommentAction\",\"name\":\"Comment\",\"target\":[\"https:\/\/uvbbrasil.com.br\/programa-de-alfabetizacao-sera-prioridade-em-2020\/#respond\"]}]},{\"@type\":\"WebPage\",\"@id\":\"https:\/\/uvbbrasil.com.br\/programa-de-alfabetizacao-sera-prioridade-em-2020\/\",\"url\":\"https:\/\/uvbbrasil.com.br\/programa-de-alfabetizacao-sera-prioridade-em-2020\/\",\"name\":\"Programa de alfabetiza\u00e7\u00e3o ser\u00e1 prioridade em 2020 - UVB Brasil\",\"isPartOf\":{\"@id\":\"https:\/\/uvbbrasil.com.br\/#website\"},\"primaryImageOfPage\":{\"@id\":\"https:\/\/uvbbrasil.com.br\/programa-de-alfabetizacao-sera-prioridade-em-2020\/#primaryimage\"},\"image\":{\"@id\":\"https:\/\/uvbbrasil.com.br\/programa-de-alfabetizacao-sera-prioridade-em-2020\/#primaryimage\"},\"thumbnailUrl\":\"https:\/\/uvbbrasil.com.br\/wp-content\/uploads\/2020\/01\/educacao-oiwjvvqv56qfc5ue3s74pum416wzkpn69yjyrwudn8.jpeg\",\"datePublished\":\"2020-01-01T14:10:57+00:00\",\"breadcrumb\":{\"@id\":\"https:\/\/uvbbrasil.com.br\/programa-de-alfabetizacao-sera-prioridade-em-2020\/#breadcrumb\"},\"inLanguage\":\"pt-BR\",\"potentialAction\":[{\"@type\":\"ReadAction\",\"target\":[\"https:\/\/uvbbrasil.com.br\/programa-de-alfabetizacao-sera-prioridade-em-2020\/\"]}]},{\"@type\":\"ImageObject\",\"inLanguage\":\"pt-BR\",\"@id\":\"https:\/\/uvbbrasil.com.br\/programa-de-alfabetizacao-sera-prioridade-em-2020\/#primaryimage\",\"url\":\"https:\/\/uvbbrasil.com.br\/wp-content\/uploads\/2020\/01\/educacao-oiwjvvqv56qfc5ue3s74pum416wzkpn69yjyrwudn8.jpeg\",\"contentUrl\":\"https:\/\/uvbbrasil.com.br\/wp-content\/uploads\/2020\/01\/educacao-oiwjvvqv56qfc5ue3s74pum416wzkpn69yjyrwudn8.jpeg\",\"width\":780,\"height\":450},{\"@type\":\"BreadcrumbList\",\"@id\":\"https:\/\/uvbbrasil.com.br\/programa-de-alfabetizacao-sera-prioridade-em-2020\/#breadcrumb\",\"itemListElement\":[{\"@type\":\"ListItem\",\"position\":1,\"name\":\"In\u00edcio\",\"item\":\"https:\/\/uvbbrasil.com.br\/\"},{\"@type\":\"ListItem\",\"position\":2,\"name\":\"Programa de alfabetiza\u00e7\u00e3o ser\u00e1 prioridade em 2020\"}]},{\"@type\":\"WebSite\",\"@id\":\"https:\/\/uvbbrasil.com.br\/#website\",\"url\":\"https:\/\/uvbbrasil.com.br\/\",\"name\":\"UVB Brasil\",\"description\":\"Uni\u00e3o dos Vereadores do Brasil\",\"publisher\":{\"@id\":\"https:\/\/uvbbrasil.com.br\/#organization\"},\"potentialAction\":[{\"@type\":\"SearchAction\",\"target\":{\"@type\":\"EntryPoint\",\"urlTemplate\":\"https:\/\/uvbbrasil.com.br\/?s={search_term_string}\"},\"query-input\":{\"@type\":\"PropertyValueSpecification\",\"valueRequired\":true,\"valueName\":\"search_term_string\"}}],\"inLanguage\":\"pt-BR\"},{\"@type\":\"Organization\",\"@id\":\"https:\/\/uvbbrasil.com.br\/#organization\",\"name\":\"UVB Brasil\",\"url\":\"https:\/\/uvbbrasil.com.br\/\",\"logo\":{\"@type\":\"ImageObject\",\"inLanguage\":\"pt-BR\",\"@id\":\"https:\/\/uvbbrasil.com.br\/#\/schema\/logo\/image\/\",\"url\":\"https:\/\/uvbbrasil.com.br\/wp-content\/uploads\/2025\/01\/LOGO-UVB-2024-azul-1.jpg\",\"contentUrl\":\"https:\/\/uvbbrasil.com.br\/wp-content\/uploads\/2025\/01\/LOGO-UVB-2024-azul-1.jpg\",\"width\":600,\"height\":211,\"caption\":\"UVB Brasil\"},\"image\":{\"@id\":\"https:\/\/uvbbrasil.com.br\/#\/schema\/logo\/image\/\"},\"sameAs\":[\"https:\/\/www.facebook.com\/uvb.vereadoresbrasil\",\"https:\/\/www.instagram.com\/uvbbrasil\/\",\"https:\/\/www.youtube.com\/channel\/UCIlPQ8Xzw5GHNzosQIg9S5A\"]},{\"@type\":\"Person\",\"@id\":\"https:\/\/uvbbrasil.com.br\/#\/schema\/person\/17990098446c098f52effddff4f1b272\",\"name\":\"adminuvb\",\"image\":{\"@type\":\"ImageObject\",\"inLanguage\":\"pt-BR\",\"@id\":\"https:\/\/uvbbrasil.com.br\/#\/schema\/person\/image\/\",\"url\":\"https:\/\/secure.gravatar.com\/avatar\/1a494ea6f8e2dd1ae526e55b0e9497efdba542491e0620d704cccf63c6f77c45?s=96&d=mm&r=g\",\"contentUrl\":\"https:\/\/secure.gravatar.com\/avatar\/1a494ea6f8e2dd1ae526e55b0e9497efdba542491e0620d704cccf63c6f77c45?s=96&d=mm&r=g\",\"caption\":\"adminuvb\"},\"sameAs\":[\"https:\/\/uvbbrasil.com.br\"],\"url\":\"https:\/\/uvbbrasil.com.br\/author\/adminuvb\/\"}]}<\/script>\n<!-- \/ Yoast SEO plugin. -->","yoast_head_json":{"title":"Programa de alfabetiza\u00e7\u00e3o ser\u00e1 prioridade em 2020 - UVB Brasil","robots":{"index":"index","follow":"follow","max-snippet":"max-snippet:-1","max-image-preview":"max-image-preview:large","max-video-preview":"max-video-preview:-1"},"canonical":"https:\/\/uvbbrasil.com.br\/programa-de-alfabetizacao-sera-prioridade-em-2020\/","og_locale":"pt_BR","og_type":"article","og_title":"Programa de alfabetiza\u00e7\u00e3o ser\u00e1 prioridade em 2020 - UVB Brasil","og_description":"\u2013 A Pol\u00edtica Nacional de Alfabetiza\u00e7\u00e3o (PNA) tem norteado os trabalhos da mais jovem secretaria do Minist\u00e9rio da Educa\u00e7\u00e3o (MEC),...","og_url":"https:\/\/uvbbrasil.com.br\/programa-de-alfabetizacao-sera-prioridade-em-2020\/","og_site_name":"UVB Brasil","article_publisher":"https:\/\/www.facebook.com\/uvb.vereadoresbrasil","article_published_time":"2020-01-01T14:10:57+00:00","og_image":[{"width":780,"height":450,"url":"https:\/\/uvbbrasil.com.br\/wp-content\/uploads\/2020\/01\/educacao-oiwjvvqv56qfc5ue3s74pum416wzkpn69yjyrwudn8.jpeg","type":"image\/jpeg"}],"author":"adminuvb","twitter_card":"summary_large_image","twitter_misc":{"Escrito por":"adminuvb","Est. tempo de leitura":"4 minutos"},"schema":{"@context":"https:\/\/schema.org","@graph":[{"@type":"Article","@id":"https:\/\/uvbbrasil.com.br\/programa-de-alfabetizacao-sera-prioridade-em-2020\/#article","isPartOf":{"@id":"https:\/\/uvbbrasil.com.br\/programa-de-alfabetizacao-sera-prioridade-em-2020\/"},"author":{"name":"adminuvb","@id":"https:\/\/uvbbrasil.com.br\/#\/schema\/person\/17990098446c098f52effddff4f1b272"},"headline":"Programa de alfabetiza\u00e7\u00e3o ser\u00e1 prioridade em 2020","datePublished":"2020-01-01T14:10:57+00:00","mainEntityOfPage":{"@id":"https:\/\/uvbbrasil.com.br\/programa-de-alfabetizacao-sera-prioridade-em-2020\/"},"wordCount":884,"commentCount":0,"publisher":{"@id":"https:\/\/uvbbrasil.com.br\/#organization"},"image":{"@id":"https:\/\/uvbbrasil.com.br\/programa-de-alfabetizacao-sera-prioridade-em-2020\/#primaryimage"},"thumbnailUrl":"https:\/\/uvbbrasil.com.br\/wp-content\/uploads\/2020\/01\/educacao-oiwjvvqv56qfc5ue3s74pum416wzkpn69yjyrwudn8.jpeg","articleSection":["NOT\u00cdCIAS"],"inLanguage":"pt-BR","potentialAction":[{"@type":"CommentAction","name":"Comment","target":["https:\/\/uvbbrasil.com.br\/programa-de-alfabetizacao-sera-prioridade-em-2020\/#respond"]}]},{"@type":"WebPage","@id":"https:\/\/uvbbrasil.com.br\/programa-de-alfabetizacao-sera-prioridade-em-2020\/","url":"https:\/\/uvbbrasil.com.br\/programa-de-alfabetizacao-sera-prioridade-em-2020\/","name":"Programa de alfabetiza\u00e7\u00e3o ser\u00e1 prioridade em 2020 - UVB Brasil","isPartOf":{"@id":"https:\/\/uvbbrasil.com.br\/#website"},"primaryImageOfPage":{"@id":"https:\/\/uvbbrasil.com.br\/programa-de-alfabetizacao-sera-prioridade-em-2020\/#primaryimage"},"image":{"@id":"https:\/\/uvbbrasil.com.br\/programa-de-alfabetizacao-sera-prioridade-em-2020\/#primaryimage"},"thumbnailUrl":"https:\/\/uvbbrasil.com.br\/wp-content\/uploads\/2020\/01\/educacao-oiwjvvqv56qfc5ue3s74pum416wzkpn69yjyrwudn8.jpeg","datePublished":"2020-01-01T14:10:57+00:00","breadcrumb":{"@id":"https:\/\/uvbbrasil.com.br\/programa-de-alfabetizacao-sera-prioridade-em-2020\/#breadcrumb"},"inLanguage":"pt-BR","potentialAction":[{"@type":"ReadAction","target":["https:\/\/uvbbrasil.com.br\/programa-de-alfabetizacao-sera-prioridade-em-2020\/"]}]},{"@type":"ImageObject","inLanguage":"pt-BR","@id":"https:\/\/uvbbrasil.com.br\/programa-de-alfabetizacao-sera-prioridade-em-2020\/#primaryimage","url":"https:\/\/uvbbrasil.com.br\/wp-content\/uploads\/2020\/01\/educacao-oiwjvvqv56qfc5ue3s74pum416wzkpn69yjyrwudn8.jpeg","contentUrl":"https:\/\/uvbbrasil.com.br\/wp-content\/uploads\/2020\/01\/educacao-oiwjvvqv56qfc5ue3s74pum416wzkpn69yjyrwudn8.jpeg","width":780,"height":450},{"@type":"BreadcrumbList","@id":"https:\/\/uvbbrasil.com.br\/programa-de-alfabetizacao-sera-prioridade-em-2020\/#breadcrumb","itemListElement":[{"@type":"ListItem","position":1,"name":"In\u00edcio","item":"https:\/\/uvbbrasil.com.br\/"},{"@type":"ListItem","position":2,"name":"Programa de alfabetiza\u00e7\u00e3o ser\u00e1 prioridade em 2020"}]},{"@type":"WebSite","@id":"https:\/\/uvbbrasil.com.br\/#website","url":"https:\/\/uvbbrasil.com.br\/","name":"UVB Brasil","description":"Uni\u00e3o dos Vereadores do Brasil","publisher":{"@id":"https:\/\/uvbbrasil.com.br\/#organization"},"potentialAction":[{"@type":"SearchAction","target":{"@type":"EntryPoint","urlTemplate":"https:\/\/uvbbrasil.com.br\/?s={search_term_string}"},"query-input":{"@type":"PropertyValueSpecification","valueRequired":true,"valueName":"search_term_string"}}],"inLanguage":"pt-BR"},{"@type":"Organization","@id":"https:\/\/uvbbrasil.com.br\/#organization","name":"UVB Brasil","url":"https:\/\/uvbbrasil.com.br\/","logo":{"@type":"ImageObject","inLanguage":"pt-BR","@id":"https:\/\/uvbbrasil.com.br\/#\/schema\/logo\/image\/","url":"https:\/\/uvbbrasil.com.br\/wp-content\/uploads\/2025\/01\/LOGO-UVB-2024-azul-1.jpg","contentUrl":"https:\/\/uvbbrasil.com.br\/wp-content\/uploads\/2025\/01\/LOGO-UVB-2024-azul-1.jpg","width":600,"height":211,"caption":"UVB Brasil"},"image":{"@id":"https:\/\/uvbbrasil.com.br\/#\/schema\/logo\/image\/"},"sameAs":["https:\/\/www.facebook.com\/uvb.vereadoresbrasil","https:\/\/www.instagram.com\/uvbbrasil\/","https:\/\/www.youtube.com\/channel\/UCIlPQ8Xzw5GHNzosQIg9S5A"]},{"@type":"Person","@id":"https:\/\/uvbbrasil.com.br\/#\/schema\/person\/17990098446c098f52effddff4f1b272","name":"adminuvb","image":{"@type":"ImageObject","inLanguage":"pt-BR","@id":"https:\/\/uvbbrasil.com.br\/#\/schema\/person\/image\/","url":"https:\/\/secure.gravatar.com\/avatar\/1a494ea6f8e2dd1ae526e55b0e9497efdba542491e0620d704cccf63c6f77c45?s=96&d=mm&r=g","contentUrl":"https:\/\/secure.gravatar.com\/avatar\/1a494ea6f8e2dd1ae526e55b0e9497efdba542491e0620d704cccf63c6f77c45?s=96&d=mm&r=g","caption":"adminuvb"},"sameAs":["https:\/\/uvbbrasil.com.br"],"url":"https:\/\/uvbbrasil.com.br\/author\/adminuvb\/"}]}},"_links":{"self":[{"href":"https:\/\/uvbbrasil.com.br\/uvb-json\/wp\/v2\/posts\/17348","targetHints":{"allow":["GET"]}}],"collection":[{"href":"https:\/\/uvbbrasil.com.br\/uvb-json\/wp\/v2\/posts"}],"about":[{"href":"https:\/\/uvbbrasil.com.br\/uvb-json\/wp\/v2\/types\/post"}],"author":[{"embeddable":true,"href":"https:\/\/uvbbrasil.com.br\/uvb-json\/wp\/v2\/users\/1"}],"replies":[{"embeddable":true,"href":"https:\/\/uvbbrasil.com.br\/uvb-json\/wp\/v2\/comments?post=17348"}],"version-history":[{"count":0,"href":"https:\/\/uvbbrasil.com.br\/uvb-json\/wp\/v2\/posts\/17348\/revisions"}],"wp:featuredmedia":[{"embeddable":true,"href":"https:\/\/uvbbrasil.com.br\/uvb-json\/wp\/v2\/media\/17349"}],"wp:attachment":[{"href":"https:\/\/uvbbrasil.com.br\/uvb-json\/wp\/v2\/media?parent=17348"}],"wp:term":[{"taxonomy":"category","embeddable":true,"href":"https:\/\/uvbbrasil.com.br\/uvb-json\/wp\/v2\/categories?post=17348"},{"taxonomy":"post_tag","embeddable":true,"href":"https:\/\/uvbbrasil.com.br\/uvb-json\/wp\/v2\/tags?post=17348"}],"curies":[{"name":"wp","href":"https:\/\/api.w.org\/{rel}","templated":true}]}}